{"id":96029,"date":"2021-12-04T22:58:50","date_gmt":"2021-12-04T21:58:50","guid":{"rendered":"https:\/\/radioljubuski.ba\/?p=96029"},"modified":"2021-12-04T22:58:50","modified_gmt":"2021-12-04T21:58:50","slug":"turska-u-nikad-tezoj-krizi-lira-doslovno-propala","status":"publish","type":"post","link":"https:\/\/radioljubuski.ba\/index.php\/2021\/12\/04\/turska-u-nikad-tezoj-krizi-lira-doslovno-propala\/","title":{"rendered":"Turska u nikad te\u017eoj krizi, lira doslovno propala"},"content":{"rendered":"\n<p><strong>Zbog te\u0161ke ekonomske krize koja je pogodila Tursku ljudi se doslovno smrzavaju. Otkako su cijene sirovina i energenata eksplodirale, mnogi gra\u0111ani Turske se griju na ugalj ili drva. Jer, zemni plin je u ovom trenutku postao skup, \u010dak i luksuzni resurs, pi\u0161e&nbsp;<a href=\"https:\/\/www.dw.com\/hr\/tvrdoglavi-erdogan-i-kolaps-turske-lire\/a-60003401\" target=\"_blank\" rel=\"noreferrer noopener\">Deutsche Welle<\/a>.<\/strong><\/p>\n\n\n\n<p>Razlog pove\u0107anja cijena na tr\u017ei\u0161tu energenata je kriza tamo\u0161nje valute, a ona traje ve\u0107 tri godine. Visoka inflacija od skoro 20 posto vr\u0161i pritisak na tursku liru.<\/p>\n\n\n\n<p>Turska valuta je ve\u0107 godinama u padu, ali sada skoro svakodnevno njezina vrijednost bilje\u017ei nove minimume. Ove srijede je turska Sredi\u0161nja banka zaustavila negativan razvoj i po prvi put nakon sedam godina intervenirala na tr\u017ei\u0161tu deviza. To je barem za po\u010detak zaustavilo daljnji pad lire \u2013 a tek \u0107e se pokazati koliko su ove mjere odr\u017eive i u\u010dinkovite na du\u017ei rok.<\/p>\n\n\n\n<p><strong>Sredi\u0161nja banka uni\u0161tava liru<\/strong><\/p>\n\n\n\n<p>A to bi bilo itekako va\u017eno za predsjednika Erdogana, s obzirom na to da me\u0111u turskim stanovni\u0161tvom raste nezadovoljstvo \u010dinjenicom da njegova politika ne mo\u017ee kontrolirati turbo-inflaciju i s njom povezane oscilacije cijena.<\/p>\n\n\n\n<p>Rje\u0161enja koja je predlo\u017eila turska vlada, kako u gospodarstvu tako isto i u monetarnoj politici nisu polu\u010dila o\u010dekivani u\u010dinak. Bez obzira na to Sredi\u0161nja banka Turske je sredinom studenog odlu\u010dila smanjiti kamatne stope sa 16 na 15 posto \u2013 u listopadu je kamatna stopa sni\u017eena za dva postotna boda.<\/p>\n\n\n\n<p>Me\u0111utim, prema aktualnoj ekonomskoj teoriji, sni\u017eavanje referentne kamatne stope kako bi se smanjila inflacija nije uobi\u010dajena mjera, jer sredi\u0161nje banke se protiv previsoke inflacije bore upravo suprotnim na\u010dinom \u2013 podizanjem kamatnih stopa. I kako su i predvi\u0111ali mnogi stru\u010dnjaci, lira je nakon ove mjere doslovno propala: na tr\u017ei\u0161tu se znalo pla\u0107ati i vi\u0161e od 14 lira za jedan ameri\u010dki dolar. To u prijevodu zna\u010di pad vrijednosti turske valute za 45% od po\u010detka godine.<\/p>\n\n\n\n<p><strong>Erdogan i dalje tvrdoglav<\/strong><\/p>\n\n\n\n<p>Na te\u010daj valute najvi\u0161e utje\u010de Erdogan, koji je svakako na glasu kao deklarirani protivnik visokih kamata. Turski predsjednik je vi\u0161e puta mijenjao \u010delne ljude Sredi\u0161nje banke \u2013 uvijek kada nisu ispunjavali njegovu monetarnu politiku. Iako je smanjenje kamatnih stopa doprinijelo devalvaciji lire, on se ne odri\u010de svoje mantre \u2013 \u201ekamate su uzrok, a inflacija rezultat\u201d.<\/p>\n\n\n\n<p>Erdogan je to ponovio u utorak (30.11.) na dr\u017eavnoj televiziji TRT: Turska sni\u017eava referentnu kamatnu stopu kako bi potakla investicije, zapo\u0161ljavanje, proizvodnju i gospodarski rast. On je ponovio svoj stav da su visoke kamatne stope utjecale na porast cijena. On se nikako ne \u017eeli distancirati od ovog ekonomskog modela.<\/p>\n\n\n\n<p><strong>\u201cDolari u slamarici\u201d<\/strong><\/p>\n\n\n\n<p>Ekonomski stru\u010dnjak Soner Kuru ukazuje da su se i tr\u017ei\u0161te i ljudi ve\u0107 prilagodili \u010dinjenici da \u0107e se dugoro\u010dno nastaviti sa smanjenjem razine kamata. \u201eLjudi poku\u0161avaju sve i sva\u0161ta kako bi spasili svoj novac od inflacije. Ali, \u010dak i ako \u0161tedi\u0161e kupuju samo zlato, to neizravno dovodi do pove\u0107anja te\u010dajne razlike, jer su tako\u0111er i plemeniti metali vezani za dolar\u201d, obja\u0161njava Kuru.<\/p>\n\n\n\n<p>Kuru smatra da su ljudi u Turskoj jo\u0161 od 2013. suo\u010deni s rastu\u0107om cijenom dolara. Sve vi\u0161e ljudi sada poku\u0161ava osigurati svoju imovinu uz pomo\u0107 deviza, ka\u017ee on: \u201eLjudi \u0107e u budu\u0107nosti sve vi\u0161e spavati na slamarici od dolara\u201d, ka\u017ee Kuru. \u201eNalazimo se u vremenu u kojem \u010dak ljudi, koji nikada nisu poslovali s dolarima, sada u ovoj valuti vide sigurno uto\u010di\u0161te.\u201c<\/p>\n\n\n\n<p><strong>Gospodarski rast po svaku cijenu<\/strong><\/p>\n\n\n\n<p>Osim toga, Erdogan je izjavio da je uvjeren da \u0107e Turska u ovoj godini ostvariti ogroman gospodarski rast. Najmanje za 10 posto bi, ka\u017ee, trebao porasti bruto dru\u0161tveni proizvod. Klju\u010dni pokazatelji za tursku konjunkturu su dosta jaki, naglasio je predsjednik je i dodao da zemlja sada \u010deka na dugoro\u010dne investicije iz inozemstva.<\/p>\n\n\n\n<p>Dok je devalvacija valute problemati\u010dna u zemlji, inozemni investitori ili izvoznici profitiraju od slabe lire. A to se odra\u017eava i na stopi gospodarskog rasta: prema podacima Turskog instituta za statistiku, gospodarstvo te zemlje je u drugom kvartalu 2021. poraslo za 21,7 posto \u2013 to je najvi\u0161a stopa gospodarskog rasta u jednom kvartalu od 1999.<\/p>\n\n\n\n<p>Porast, koji dodu\u0161e ne zavr\u0161ava u nov\u010danicima turskog stanovni\u0161tva. Posebice je nezadovoljstvo izazvao ogroman rast cijena temeljnih \u017eive\u017enih namirnica tijekom posljednjih mjeseci.<\/p>\n\n\n\n<p>\/HMS\/<\/p>\n","protected":false},"excerpt":{"rendered":"<p>Zbog te\u0161ke ekonomske krize koja je pogodila Tursku ljudi se doslovno smrzavaju. Otkako su cijene sirovina i energenata eksplodirale, mnogi gra\u0111ani Turske se griju na ugalj ili drva. Jer, zemni plin je u ovom trenutku postao skup, \u010dak i luksuzni resurs, pi\u0161e&nbsp;Deutsche Welle. Razlog pove\u0107anja cijena na tr\u017ei\u0161tu energenata je kriza tamo\u0161nje valute, a ona [&hellip;]<\/p>\n","protected":false},"author":2,"featured_media":96030,"comment_status":"closed","ping_status":"closed","sticky":false,"template":"","format":"standard","meta":{"h5ap_radio_sources":[],"footnotes":""},"categories":[1],"tags":[],"class_list":["post-96029","post","type-post","status-publish","format-standard","has-post-thumbnail","hentry","category-bihiregija"],"yoast_head":"<!-- This site is optimized with the Yoast SEO plugin v27.4 - https:\/\/yoast.com\/product\/yoast-seo-wordpress\/ -->\n<title>Turska u nikad te\u017eoj krizi, lira doslovno propala - RADIO LJUBU\u0160KI<\/title>\n<meta name=\"robots\" content=\"index, follow, max-snippet:-1, max-image-preview:large, max-video-preview:-1\" \/>\n<link rel=\"canonical\" href=\"https:\/\/radioljubuski.ba\/index.php\/2021\/12\/04\/turska-u-nikad-tezoj-krizi-lira-doslovno-propala\/\" \/>\n<meta property=\"og:locale\" content=\"hr_HR\" \/>\n<meta property=\"og:type\" content=\"article\" \/>\n<meta property=\"og:title\" content=\"Turska u nikad te\u017eoj krizi, lira doslovno propala - RADIO LJUBU\u0160KI\" \/>\n<meta property=\"og:description\" content=\"Zbog te\u0161ke ekonomske krize koja je pogodila Tursku ljudi se doslovno smrzavaju. Otkako su cijene sirovina i energenata eksplodirale, mnogi gra\u0111ani Turske se griju na ugalj ili drva. Jer, zemni plin je u ovom trenutku postao skup, \u010dak i luksuzni resurs, pi\u0161e&nbsp;Deutsche Welle. Razlog pove\u0107anja cijena na tr\u017ei\u0161tu energenata je kriza tamo\u0161nje valute, a ona [&hellip;]\" \/>\n<meta property=\"og:url\" content=\"https:\/\/radioljubuski.ba\/index.php\/2021\/12\/04\/turska-u-nikad-tezoj-krizi-lira-doslovno-propala\/\" \/>\n<meta property=\"og:site_name\" content=\"RADIO LJUBU\u0160KI\" \/>\n<meta property=\"article:publisher\" content=\"https:\/\/www.facebook.com\/Radiio-Ljubuski-1490835324566332\" \/>\n<meta property=\"article:published_time\" content=\"2021-12-04T21:58:50+00:00\" \/>\n<meta property=\"og:image\" content=\"https:\/\/radioljubuski.ba\/wp-content\/uploads\/2021\/12\/erdogan.jpeg\" \/>\n\t<meta property=\"og:image:width\" content=\"940\" \/>\n\t<meta property=\"og:image:height\" content=\"529\" \/>\n\t<meta property=\"og:image:type\" content=\"image\/jpeg\" \/>\n<meta name=\"author\" content=\"Radio Ljubu\u0161ki\" \/>\n<meta name=\"twitter:card\" content=\"summary_large_image\" \/>\n<meta name=\"twitter:creator\" content=\"@radioljubuski\" \/>\n<meta name=\"twitter:site\" content=\"@radioljubuski\" \/>\n<meta name=\"twitter:label1\" content=\"Napisao\/la\" \/>\n\t<meta name=\"twitter:data1\" content=\"Radio Ljubu\u0161ki\" \/>\n\t<meta name=\"twitter:label2\" content=\"Procijenjeno vrijeme \u010ditanja\" \/>\n\t<meta name=\"twitter:data2\" content=\"3 minute\" \/>\n<script type=\"application\/ld+json\" class=\"yoast-schema-graph\">{\"@context\":\"https:\\\/\\\/schema.org\",\"@graph\":[{\"@type\":\"Article\",\"@id\":\"https:\\\/\\\/radioljubuski.ba\\\/index.php\\\/2021\\\/12\\\/04\\\/turska-u-nikad-tezoj-krizi-lira-doslovno-propala\\\/#article\",\"isPartOf\":{\"@id\":\"https:\\\/\\\/radioljubuski.ba\\\/index.php\\\/2021\\\/12\\\/04\\\/turska-u-nikad-tezoj-krizi-lira-doslovno-propala\\\/\"},\"author\":{\"name\":\"Radio Ljubu\u0161ki\",\"@id\":\"https:\\\/\\\/radioljubuski.ba\\\/#\\\/schema\\\/person\\\/19fc700381a780f69665d7956c469e3b\"},\"headline\":\"Turska u nikad te\u017eoj krizi, lira doslovno propala\",\"datePublished\":\"2021-12-04T21:58:50+00:00\",\"mainEntityOfPage\":{\"@id\":\"https:\\\/\\\/radioljubuski.ba\\\/index.php\\\/2021\\\/12\\\/04\\\/turska-u-nikad-tezoj-krizi-lira-doslovno-propala\\\/\"},\"wordCount\":739,\"publisher\":{\"@id\":\"https:\\\/\\\/radioljubuski.ba\\\/#organization\"},\"image\":{\"@id\":\"https:\\\/\\\/radioljubuski.ba\\\/index.php\\\/2021\\\/12\\\/04\\\/turska-u-nikad-tezoj-krizi-lira-doslovno-propala\\\/#primaryimage\"},\"thumbnailUrl\":\"https:\\\/\\\/radioljubuski.ba\\\/wp-content\\\/uploads\\\/2021\\\/12\\\/erdogan.jpeg\",\"articleSection\":[\"BIH i regija\"],\"inLanguage\":\"hr\"},{\"@type\":\"WebPage\",\"@id\":\"https:\\\/\\\/radioljubuski.ba\\\/index.php\\\/2021\\\/12\\\/04\\\/turska-u-nikad-tezoj-krizi-lira-doslovno-propala\\\/\",\"url\":\"https:\\\/\\\/radioljubuski.ba\\\/index.php\\\/2021\\\/12\\\/04\\\/turska-u-nikad-tezoj-krizi-lira-doslovno-propala\\\/\",\"name\":\"Turska u nikad te\u017eoj krizi, lira doslovno propala - RADIO LJUBU\u0160KI\",\"isPartOf\":{\"@id\":\"https:\\\/\\\/radioljubuski.ba\\\/#website\"},\"primaryImageOfPage\":{\"@id\":\"https:\\\/\\\/radioljubuski.ba\\\/index.php\\\/2021\\\/12\\\/04\\\/turska-u-nikad-tezoj-krizi-lira-doslovno-propala\\\/#primaryimage\"},\"image\":{\"@id\":\"https:\\\/\\\/radioljubuski.ba\\\/index.php\\\/2021\\\/12\\\/04\\\/turska-u-nikad-tezoj-krizi-lira-doslovno-propala\\\/#primaryimage\"},\"thumbnailUrl\":\"https:\\\/\\\/radioljubuski.ba\\\/wp-content\\\/uploads\\\/2021\\\/12\\\/erdogan.jpeg\",\"datePublished\":\"2021-12-04T21:58:50+00:00\",\"breadcrumb\":{\"@id\":\"https:\\\/\\\/radioljubuski.ba\\\/index.php\\\/2021\\\/12\\\/04\\\/turska-u-nikad-tezoj-krizi-lira-doslovno-propala\\\/#breadcrumb\"},\"inLanguage\":\"hr\",\"potentialAction\":[{\"@type\":\"ReadAction\",\"target\":[\"https:\\\/\\\/radioljubuski.ba\\\/index.php\\\/2021\\\/12\\\/04\\\/turska-u-nikad-tezoj-krizi-lira-doslovno-propala\\\/\"]}]},{\"@type\":\"ImageObject\",\"inLanguage\":\"hr\",\"@id\":\"https:\\\/\\\/radioljubuski.ba\\\/index.php\\\/2021\\\/12\\\/04\\\/turska-u-nikad-tezoj-krizi-lira-doslovno-propala\\\/#primaryimage\",\"url\":\"https:\\\/\\\/radioljubuski.ba\\\/wp-content\\\/uploads\\\/2021\\\/12\\\/erdogan.jpeg\",\"contentUrl\":\"https:\\\/\\\/radioljubuski.ba\\\/wp-content\\\/uploads\\\/2021\\\/12\\\/erdogan.jpeg\",\"width\":940,\"height\":529},{\"@type\":\"BreadcrumbList\",\"@id\":\"https:\\\/\\\/radioljubuski.ba\\\/index.php\\\/2021\\\/12\\\/04\\\/turska-u-nikad-tezoj-krizi-lira-doslovno-propala\\\/#breadcrumb\",\"itemListElement\":[{\"@type\":\"ListItem\",\"position\":1,\"name\":\"Po\u010detna stranica\",\"item\":\"https:\\\/\\\/radioljubuski.ba\\\/\"},{\"@type\":\"ListItem\",\"position\":2,\"name\":\"Turska u nikad te\u017eoj krizi, lira doslovno propala\"}]},{\"@type\":\"WebSite\",\"@id\":\"https:\\\/\\\/radioljubuski.ba\\\/#website\",\"url\":\"https:\\\/\\\/radioljubuski.ba\\\/\",\"name\":\"Radio Ljubu\u0161ki\",\"description\":\"Sun\u010dana frekvencija Hercegovine\",\"publisher\":{\"@id\":\"https:\\\/\\\/radioljubuski.ba\\\/#organization\"},\"potentialAction\":[{\"@type\":\"SearchAction\",\"target\":{\"@type\":\"EntryPoint\",\"urlTemplate\":\"https:\\\/\\\/radioljubuski.ba\\\/?s={search_term_string}\"},\"query-input\":{\"@type\":\"PropertyValueSpecification\",\"valueRequired\":true,\"valueName\":\"search_term_string\"}}],\"inLanguage\":\"hr\"},{\"@type\":\"Organization\",\"@id\":\"https:\\\/\\\/radioljubuski.ba\\\/#organization\",\"name\":\"Radio Ljubu\u0161ki\",\"url\":\"https:\\\/\\\/radioljubuski.ba\\\/\",\"logo\":{\"@type\":\"ImageObject\",\"inLanguage\":\"hr\",\"@id\":\"https:\\\/\\\/radioljubuski.ba\\\/#\\\/schema\\\/logo\\\/image\\\/\",\"url\":\"https:\\\/\\\/radioljubuski.ba\\\/wp-content\\\/uploads\\\/2021\\\/02\\\/cropped-Radio_Ljubuski_logo1.jpg\",\"contentUrl\":\"https:\\\/\\\/radioljubuski.ba\\\/wp-content\\\/uploads\\\/2021\\\/02\\\/cropped-Radio_Ljubuski_logo1.jpg\",\"width\":512,\"height\":512,\"caption\":\"Radio Ljubu\u0161ki\"},\"image\":{\"@id\":\"https:\\\/\\\/radioljubuski.ba\\\/#\\\/schema\\\/logo\\\/image\\\/\"},\"sameAs\":[\"https:\\\/\\\/www.facebook.com\\\/Radiio-Ljubuski-1490835324566332\",\"https:\\\/\\\/x.com\\\/radioljubuski\",\"https:\\\/\\\/hr.linkedin.com\\\/company\\\/radio-ljubuski\",\"https:\\\/\\\/www.youtube.com\\\/channel\\\/UCHYaeO_n0Db3tjNGudGpXyw\"]},{\"@type\":\"Person\",\"@id\":\"https:\\\/\\\/radioljubuski.ba\\\/#\\\/schema\\\/person\\\/19fc700381a780f69665d7956c469e3b\",\"name\":\"Radio Ljubu\u0161ki\"}]}<\/script>\n<!-- \/ Yoast SEO plugin. -->","yoast_head_json":{"title":"Turska u nikad te\u017eoj krizi, lira doslovno propala - RADIO LJUBU\u0160KI","robots":{"index":"index","follow":"follow","max-snippet":"max-snippet:-1","max-image-preview":"max-image-preview:large","max-video-preview":"max-video-preview:-1"},"canonical":"https:\/\/radioljubuski.ba\/index.php\/2021\/12\/04\/turska-u-nikad-tezoj-krizi-lira-doslovno-propala\/","og_locale":"hr_HR","og_type":"article","og_title":"Turska u nikad te\u017eoj krizi, lira doslovno propala - RADIO LJUBU\u0160KI","og_description":"Zbog te\u0161ke ekonomske krize koja je pogodila Tursku ljudi se doslovno smrzavaju. Otkako su cijene sirovina i energenata eksplodirale, mnogi gra\u0111ani Turske se griju na ugalj ili drva. Jer, zemni plin je u ovom trenutku postao skup, \u010dak i luksuzni resurs, pi\u0161e&nbsp;Deutsche Welle. Razlog pove\u0107anja cijena na tr\u017ei\u0161tu energenata je kriza tamo\u0161nje valute, a ona [&hellip;]","og_url":"https:\/\/radioljubuski.ba\/index.php\/2021\/12\/04\/turska-u-nikad-tezoj-krizi-lira-doslovno-propala\/","og_site_name":"RADIO LJUBU\u0160KI","article_publisher":"https:\/\/www.facebook.com\/Radiio-Ljubuski-1490835324566332","article_published_time":"2021-12-04T21:58:50+00:00","og_image":[{"width":940,"height":529,"url":"https:\/\/radioljubuski.ba\/wp-content\/uploads\/2021\/12\/erdogan.jpeg","type":"image\/jpeg"}],"author":"Radio Ljubu\u0161ki","twitter_card":"summary_large_image","twitter_creator":"@radioljubuski","twitter_site":"@radioljubuski","twitter_misc":{"Napisao\/la":"Radio Ljubu\u0161ki","Procijenjeno vrijeme \u010ditanja":"3 minute"},"schema":{"@context":"https:\/\/schema.org","@graph":[{"@type":"Article","@id":"https:\/\/radioljubuski.ba\/index.php\/2021\/12\/04\/turska-u-nikad-tezoj-krizi-lira-doslovno-propala\/#article","isPartOf":{"@id":"https:\/\/radioljubuski.ba\/index.php\/2021\/12\/04\/turska-u-nikad-tezoj-krizi-lira-doslovno-propala\/"},"author":{"name":"Radio Ljubu\u0161ki","@id":"https:\/\/radioljubuski.ba\/#\/schema\/person\/19fc700381a780f69665d7956c469e3b"},"headline":"Turska u nikad te\u017eoj krizi, lira doslovno propala","datePublished":"2021-12-04T21:58:50+00:00","mainEntityOfPage":{"@id":"https:\/\/radioljubuski.ba\/index.php\/2021\/12\/04\/turska-u-nikad-tezoj-krizi-lira-doslovno-propala\/"},"wordCount":739,"publisher":{"@id":"https:\/\/radioljubuski.ba\/#organization"},"image":{"@id":"https:\/\/radioljubuski.ba\/index.php\/2021\/12\/04\/turska-u-nikad-tezoj-krizi-lira-doslovno-propala\/#primaryimage"},"thumbnailUrl":"https:\/\/radioljubuski.ba\/wp-content\/uploads\/2021\/12\/erdogan.jpeg","articleSection":["BIH i regija"],"inLanguage":"hr"},{"@type":"WebPage","@id":"https:\/\/radioljubuski.ba\/index.php\/2021\/12\/04\/turska-u-nikad-tezoj-krizi-lira-doslovno-propala\/","url":"https:\/\/radioljubuski.ba\/index.php\/2021\/12\/04\/turska-u-nikad-tezoj-krizi-lira-doslovno-propala\/","name":"Turska u nikad te\u017eoj krizi, lira doslovno propala - RADIO LJUBU\u0160KI","isPartOf":{"@id":"https:\/\/radioljubuski.ba\/#website"},"primaryImageOfPage":{"@id":"https:\/\/radioljubuski.ba\/index.php\/2021\/12\/04\/turska-u-nikad-tezoj-krizi-lira-doslovno-propala\/#primaryimage"},"image":{"@id":"https:\/\/radioljubuski.ba\/index.php\/2021\/12\/04\/turska-u-nikad-tezoj-krizi-lira-doslovno-propala\/#primaryimage"},"thumbnailUrl":"https:\/\/radioljubuski.ba\/wp-content\/uploads\/2021\/12\/erdogan.jpeg","datePublished":"2021-12-04T21:58:50+00:00","breadcrumb":{"@id":"https:\/\/radioljubuski.ba\/index.php\/2021\/12\/04\/turska-u-nikad-tezoj-krizi-lira-doslovno-propala\/#breadcrumb"},"inLanguage":"hr","potentialAction":[{"@type":"ReadAction","target":["https:\/\/radioljubuski.ba\/index.php\/2021\/12\/04\/turska-u-nikad-tezoj-krizi-lira-doslovno-propala\/"]}]},{"@type":"ImageObject","inLanguage":"hr","@id":"https:\/\/radioljubuski.ba\/index.php\/2021\/12\/04\/turska-u-nikad-tezoj-krizi-lira-doslovno-propala\/#primaryimage","url":"https:\/\/radioljubuski.ba\/wp-content\/uploads\/2021\/12\/erdogan.jpeg","contentUrl":"https:\/\/radioljubuski.ba\/wp-content\/uploads\/2021\/12\/erdogan.jpeg","width":940,"height":529},{"@type":"BreadcrumbList","@id":"https:\/\/radioljubuski.ba\/index.php\/2021\/12\/04\/turska-u-nikad-tezoj-krizi-lira-doslovno-propala\/#breadcrumb","itemListElement":[{"@type":"ListItem","position":1,"name":"Po\u010detna stranica","item":"https:\/\/radioljubuski.ba\/"},{"@type":"ListItem","position":2,"name":"Turska u nikad te\u017eoj krizi, lira doslovno propala"}]},{"@type":"WebSite","@id":"https:\/\/radioljubuski.ba\/#website","url":"https:\/\/radioljubuski.ba\/","name":"Radio Ljubu\u0161ki","description":"Sun\u010dana frekvencija Hercegovine","publisher":{"@id":"https:\/\/radioljubuski.ba\/#organization"},"potentialAction":[{"@type":"SearchAction","target":{"@type":"EntryPoint","urlTemplate":"https:\/\/radioljubuski.ba\/?s={search_term_string}"},"query-input":{"@type":"PropertyValueSpecification","valueRequired":true,"valueName":"search_term_string"}}],"inLanguage":"hr"},{"@type":"Organization","@id":"https:\/\/radioljubuski.ba\/#organization","name":"Radio Ljubu\u0161ki","url":"https:\/\/radioljubuski.ba\/","logo":{"@type":"ImageObject","inLanguage":"hr","@id":"https:\/\/radioljubuski.ba\/#\/schema\/logo\/image\/","url":"https:\/\/radioljubuski.ba\/wp-content\/uploads\/2021\/02\/cropped-Radio_Ljubuski_logo1.jpg","contentUrl":"https:\/\/radioljubuski.ba\/wp-content\/uploads\/2021\/02\/cropped-Radio_Ljubuski_logo1.jpg","width":512,"height":512,"caption":"Radio Ljubu\u0161ki"},"image":{"@id":"https:\/\/radioljubuski.ba\/#\/schema\/logo\/image\/"},"sameAs":["https:\/\/www.facebook.com\/Radiio-Ljubuski-1490835324566332","https:\/\/x.com\/radioljubuski","https:\/\/hr.linkedin.com\/company\/radio-ljubuski","https:\/\/www.youtube.com\/channel\/UCHYaeO_n0Db3tjNGudGpXyw"]},{"@type":"Person","@id":"https:\/\/radioljubuski.ba\/#\/schema\/person\/19fc700381a780f69665d7956c469e3b","name":"Radio Ljubu\u0161ki"}]}},"_links":{"self":[{"href":"https:\/\/radioljubuski.ba\/index.php\/wp-json\/wp\/v2\/posts\/96029","targetHints":{"allow":["GET"]}}],"collection":[{"href":"https:\/\/radioljubuski.ba\/index.php\/wp-json\/wp\/v2\/posts"}],"about":[{"href":"https:\/\/radioljubuski.ba\/index.php\/wp-json\/wp\/v2\/types\/post"}],"author":[{"embeddable":true,"href":"https:\/\/radioljubuski.ba\/index.php\/wp-json\/wp\/v2\/users\/2"}],"replies":[{"embeddable":true,"href":"https:\/\/radioljubuski.ba\/index.php\/wp-json\/wp\/v2\/comments?post=96029"}],"version-history":[{"count":1,"href":"https:\/\/radioljubuski.ba\/index.php\/wp-json\/wp\/v2\/posts\/96029\/revisions"}],"predecessor-version":[{"id":96031,"href":"https:\/\/radioljubuski.ba\/index.php\/wp-json\/wp\/v2\/posts\/96029\/revisions\/96031"}],"wp:featuredmedia":[{"embeddable":true,"href":"https:\/\/radioljubuski.ba\/index.php\/wp-json\/wp\/v2\/media\/96030"}],"wp:attachment":[{"href":"https:\/\/radioljubuski.ba\/index.php\/wp-json\/wp\/v2\/media?parent=96029"}],"wp:term":[{"taxonomy":"category","embeddable":true,"href":"https:\/\/radioljubuski.ba\/index.php\/wp-json\/wp\/v2\/categories?post=96029"},{"taxonomy":"post_tag","embeddable":true,"href":"https:\/\/radioljubuski.ba\/index.php\/wp-json\/wp\/v2\/tags?post=96029"}],"curies":[{"name":"wp","href":"https:\/\/api.w.org\/{rel}","templated":true}]}}