{"id":96042,"date":"2021-12-05T13:01:01","date_gmt":"2021-12-05T12:01:01","guid":{"rendered":"https:\/\/radioljubuski.ba\/?p=96042"},"modified":"2021-12-05T13:01:02","modified_gmt":"2021-12-05T12:01:02","slug":"u-pedesetoj-godini-zivota-preminuo-poznati-splitski-odvjetnik-jadran-franceschi-bio-je-primjer-pravog-profesionalca-uvijek-posvecen-svom-poslu-obitelji-i-sportu","status":"publish","type":"post","link":"https:\/\/radioljubuski.ba\/index.php\/2021\/12\/05\/u-pedesetoj-godini-zivota-preminuo-poznati-splitski-odvjetnik-jadran-franceschi-bio-je-primjer-pravog-profesionalca-uvijek-posvecen-svom-poslu-obitelji-i-sportu\/","title":{"rendered":"U pedesetoj godini \u017eivota preminuo poznati splitski odvjetnik Jadran Franceschi: bio je primjer pravog profesionalca, uvijek posve\u0107en svom poslu, obitelji i sportu"},"content":{"rendered":"\n<p>U splitskoj je bolnici jutros,&nbsp;oko 6,30 sati, u pedesetoj godini \u017eivota umro poznati splitski odvjetnik&nbsp;<strong>Jadran Franceschi<\/strong>.<\/p>\n\n\n\n<p>Jadran \u0107e ostati upam\u0107en kao sposoban odvjetnik koji se do krajnjih granica posve\u0107ivao svojoj obitelji (supruzi i dvoje djece) i svojim klijentima.<\/p>\n\n\n\n<p>Kao sin poznatog splitskog odvjetni\u010dkog barda, pokojnog&nbsp;<strong>Mirka Franceschija,<\/strong>&nbsp;u po\u010detku karijere je \u010desto uspore\u0111ivan&nbsp;sa svojim ocem kojeg je u karijeri i dostigao. No \u017eivot \u010desto nije pravedan i uzima najbolje i najdra\u017ee ljude, kao \u0161to je bilo na\u0161 Jadran i ne odgovara na pitanja za\u0161to je tako moralo biti i za\u0161to ba\u0161 on.<\/p>\n\n\n\n<p>On koji je uvijek bio primjer kako se odvjetnik treba pona\u0161ati i kako pristojno i moderno izgledati. On koji je svaki svoj trenutak posve\u0107ivao svom usavr\u0161avanju, svojoj obitelji i sportu.<\/p>\n\n\n\n<p>Kako objasniti nama novinarima da ga vi\u0161e ne\u0107emo sretati po sudskim hodnicima i kako zaboraviti njegov polusmije\u0161ak kada bi nam odgovorio: &#8220;Nemojte me ni\u0161ta pitati, istraga je u tijeku&#8221;.<\/p>\n\n\n\n<p>Iza Jadrana ostaje velika praznina u srcima njegove obitelji, prijatelja i klijenata. Njegov ured u Sva\u010di\u0107evoj za mene vi\u0161e nikada ne\u0107e biti isti, jer tamo vi\u0161e nema na\u0161eg Jadrana koji je cijenio novinarsku struku, ali jo\u0161 vi\u0161e svoju profesiju i uvijek je znao izvesti kako da s nama novinarima bude uvjerljiv i informativan, a da ne na\u0161teti svom klijentu.<\/p>\n\n\n\n<p>Savr\u0161eno znanje engleskog jezika&nbsp;donosilo mu je mnoge poznate europske klijente koje je branio kada bi &#8220;zapeli&#8221; sa nekim problemom u Dalmaciji (slu\u010daj saudijskog princa zbog problema sa silovanjem na Hvaru) koji je zavr\u0161io nagodbom za tu\u017eiteljstvom i mnoge druge.<\/p>\n\n\n\n<p>Znam da sam se tada jako naljutio na njega jer mi nije o tome htio zucnuti niti jednu rije\u010d i nitko od novinara ni do danas nije doznao kako je taj slu\u010daj zavr\u0161io. Jadran je bio toliko sposoban da je uvijek plasirao ono \u0161to je on htio, a ne ono \u0161to bi mi novinari \u017eeljeli.<\/p>\n\n\n\n<p>A sada mi sve to izgleda tako banalno i neva\u017eno, jer se vi\u0161e ne\u0107u imati s kim sva\u0111ati i s kim iskreno popri\u010dati.<\/p>\n\n\n\n<p>Iako nije bio nogometni fanatik, odmah me je zvao da mi mo\u017ee srediti intervju sa \u010duvenim nogometnim menad\u017eerom Veliborom D\u017earovskim koji je namjestio na desetine utakmica, a koji je iz Makedonije do\u0161ao posjetiit svoj prijatelja na splitskim Bilicama kojeg je branio ba\u0161 Jadran.<\/p>\n\n\n\n<p>Nije me zaboravio, znaju\u0107i da \u0107e to biti ineresanta pri\u010da za Slobodnu Dalmaciju koju je redovito \u010ditao i po\u0161tovao. Jer Jadran je izazivao i pa\u017enju javnosti i emocije svih oko sebe i taman kad ste pomislili da vas je skroz zaboravio, on vas nazove.<\/p>\n\n\n\n<p>Po\u010divaj Jadrane u miru, a uspomena na tebe ostaje za sva vremena!<\/p>\n\n\n\n<p><strong>PI\u0160E&nbsp;<\/strong>MARKO DIDI\u0106\/slobodnadalmacija.hr<\/p>\n","protected":false},"excerpt":{"rendered":"<p>U splitskoj je bolnici jutros,&nbsp;oko 6,30 sati, u pedesetoj godini \u017eivota umro poznati splitski odvjetnik&nbsp;Jadran Franceschi. Jadran \u0107e ostati upam\u0107en kao sposoban odvjetnik koji se do krajnjih granica posve\u0107ivao svojoj obitelji (supruzi i dvoje djece) i svojim klijentima. Kao sin poznatog splitskog odvjetni\u010dkog barda, pokojnog&nbsp;Mirka Franceschija,&nbsp;u po\u010detku karijere je \u010desto uspore\u0111ivan&nbsp;sa svojim ocem kojeg je [&hellip;]<\/p>\n","protected":false},"author":2,"featured_media":96043,"comment_status":"closed","ping_status":"closed","sticky":false,"template":"","format":"standard","meta":{"h5ap_radio_sources":[],"footnotes":""},"categories":[1],"tags":[],"class_list":["post-96042","post","type-post","status-publish","format-standard","has-post-thumbnail","hentry","category-bihiregija"],"yoast_head":"<!-- This site is optimized with the Yoast SEO plugin v27.4 - https:\/\/yoast.com\/product\/yoast-seo-wordpress\/ -->\n<title>U pedesetoj godini \u017eivota preminuo poznati splitski odvjetnik Jadran Franceschi: bio je primjer pravog profesionalca, uvijek posve\u0107en svom poslu, obitelji i sportu - RADIO LJUBU\u0160KI<\/title>\n<meta name=\"robots\" content=\"index, follow, max-snippet:-1, max-image-preview:large, max-video-preview:-1\" \/>\n<link rel=\"canonical\" href=\"https:\/\/radioljubuski.ba\/index.php\/2021\/12\/05\/u-pedesetoj-godini-zivota-preminuo-poznati-splitski-odvjetnik-jadran-franceschi-bio-je-primjer-pravog-profesionalca-uvijek-posvecen-svom-poslu-obitelji-i-sportu\/\" \/>\n<meta property=\"og:locale\" content=\"hr_HR\" \/>\n<meta property=\"og:type\" content=\"article\" \/>\n<meta property=\"og:title\" content=\"U pedesetoj godini \u017eivota preminuo poznati splitski odvjetnik Jadran Franceschi: bio je primjer pravog profesionalca, uvijek posve\u0107en svom poslu, obitelji i sportu - RADIO LJUBU\u0160KI\" \/>\n<meta property=\"og:description\" content=\"U splitskoj je bolnici jutros,&nbsp;oko 6,30 sati, u pedesetoj godini \u017eivota umro poznati splitski odvjetnik&nbsp;Jadran Franceschi. Jadran \u0107e ostati upam\u0107en kao sposoban odvjetnik koji se do krajnjih granica posve\u0107ivao svojoj obitelji (supruzi i dvoje djece) i svojim klijentima. Kao sin poznatog splitskog odvjetni\u010dkog barda, pokojnog&nbsp;Mirka Franceschija,&nbsp;u po\u010detku karijere je \u010desto uspore\u0111ivan&nbsp;sa svojim ocem kojeg je [&hellip;]\" \/>\n<meta property=\"og:url\" content=\"https:\/\/radioljubuski.ba\/index.php\/2021\/12\/05\/u-pedesetoj-godini-zivota-preminuo-poznati-splitski-odvjetnik-jadran-franceschi-bio-je-primjer-pravog-profesionalca-uvijek-posvecen-svom-poslu-obitelji-i-sportu\/\" \/>\n<meta property=\"og:site_name\" content=\"RADIO LJUBU\u0160KI\" \/>\n<meta property=\"article:publisher\" content=\"https:\/\/www.facebook.com\/Radiio-Ljubuski-1490835324566332\" \/>\n<meta property=\"article:published_time\" content=\"2021-12-05T12:01:01+00:00\" \/>\n<meta property=\"article:modified_time\" content=\"2021-12-05T12:01:02+00:00\" \/>\n<meta property=\"og:image\" content=\"https:\/\/radioljubuski.ba\/wp-content\/uploads\/2021\/12\/o_1353937_1024.jpg\" \/>\n\t<meta property=\"og:image:width\" content=\"1024\" \/>\n\t<meta property=\"og:image:height\" content=\"685\" \/>\n\t<meta property=\"og:image:type\" content=\"image\/jpeg\" \/>\n<meta name=\"author\" content=\"Radio Ljubu\u0161ki\" \/>\n<meta name=\"twitter:card\" content=\"summary_large_image\" \/>\n<meta name=\"twitter:creator\" content=\"@radioljubuski\" \/>\n<meta name=\"twitter:site\" content=\"@radioljubuski\" \/>\n<meta name=\"twitter:label1\" content=\"Napisao\/la\" \/>\n\t<meta name=\"twitter:data1\" content=\"Radio Ljubu\u0161ki\" \/>\n\t<meta name=\"twitter:label2\" content=\"Procijenjeno vrijeme \u010ditanja\" \/>\n\t<meta name=\"twitter:data2\" content=\"2 minute\" \/>\n<script type=\"application\/ld+json\" class=\"yoast-schema-graph\">{\"@context\":\"https:\\\/\\\/schema.org\",\"@graph\":[{\"@type\":\"Article\",\"@id\":\"https:\\\/\\\/radioljubuski.ba\\\/index.php\\\/2021\\\/12\\\/05\\\/u-pedesetoj-godini-zivota-preminuo-poznati-splitski-odvjetnik-jadran-franceschi-bio-je-primjer-pravog-profesionalca-uvijek-posvecen-svom-poslu-obitelji-i-sportu\\\/#article\",\"isPartOf\":{\"@id\":\"https:\\\/\\\/radioljubuski.ba\\\/index.php\\\/2021\\\/12\\\/05\\\/u-pedesetoj-godini-zivota-preminuo-poznati-splitski-odvjetnik-jadran-franceschi-bio-je-primjer-pravog-profesionalca-uvijek-posvecen-svom-poslu-obitelji-i-sportu\\\/\"},\"author\":{\"name\":\"Radio Ljubu\u0161ki\",\"@id\":\"https:\\\/\\\/radioljubuski.ba\\\/#\\\/schema\\\/person\\\/19fc700381a780f69665d7956c469e3b\"},\"headline\":\"U pedesetoj godini \u017eivota preminuo poznati splitski odvjetnik Jadran Franceschi: bio je primjer pravog profesionalca, uvijek posve\u0107en svom poslu, obitelji i sportu\",\"datePublished\":\"2021-12-05T12:01:01+00:00\",\"dateModified\":\"2021-12-05T12:01:02+00:00\",\"mainEntityOfPage\":{\"@id\":\"https:\\\/\\\/radioljubuski.ba\\\/index.php\\\/2021\\\/12\\\/05\\\/u-pedesetoj-godini-zivota-preminuo-poznati-splitski-odvjetnik-jadran-franceschi-bio-je-primjer-pravog-profesionalca-uvijek-posvecen-svom-poslu-obitelji-i-sportu\\\/\"},\"wordCount\":508,\"publisher\":{\"@id\":\"https:\\\/\\\/radioljubuski.ba\\\/#organization\"},\"image\":{\"@id\":\"https:\\\/\\\/radioljubuski.ba\\\/index.php\\\/2021\\\/12\\\/05\\\/u-pedesetoj-godini-zivota-preminuo-poznati-splitski-odvjetnik-jadran-franceschi-bio-je-primjer-pravog-profesionalca-uvijek-posvecen-svom-poslu-obitelji-i-sportu\\\/#primaryimage\"},\"thumbnailUrl\":\"https:\\\/\\\/radioljubuski.ba\\\/wp-content\\\/uploads\\\/2021\\\/12\\\/o_1353937_1024.jpg\",\"articleSection\":[\"BIH i regija\"],\"inLanguage\":\"hr\"},{\"@type\":\"WebPage\",\"@id\":\"https:\\\/\\\/radioljubuski.ba\\\/index.php\\\/2021\\\/12\\\/05\\\/u-pedesetoj-godini-zivota-preminuo-poznati-splitski-odvjetnik-jadran-franceschi-bio-je-primjer-pravog-profesionalca-uvijek-posvecen-svom-poslu-obitelji-i-sportu\\\/\",\"url\":\"https:\\\/\\\/radioljubuski.ba\\\/index.php\\\/2021\\\/12\\\/05\\\/u-pedesetoj-godini-zivota-preminuo-poznati-splitski-odvjetnik-jadran-franceschi-bio-je-primjer-pravog-profesionalca-uvijek-posvecen-svom-poslu-obitelji-i-sportu\\\/\",\"name\":\"U pedesetoj godini \u017eivota preminuo poznati splitski odvjetnik Jadran Franceschi: bio je primjer pravog profesionalca, uvijek posve\u0107en svom poslu, obitelji i sportu - RADIO LJUBU\u0160KI\",\"isPartOf\":{\"@id\":\"https:\\\/\\\/radioljubuski.ba\\\/#website\"},\"primaryImageOfPage\":{\"@id\":\"https:\\\/\\\/radioljubuski.ba\\\/index.php\\\/2021\\\/12\\\/05\\\/u-pedesetoj-godini-zivota-preminuo-poznati-splitski-odvjetnik-jadran-franceschi-bio-je-primjer-pravog-profesionalca-uvijek-posvecen-svom-poslu-obitelji-i-sportu\\\/#primaryimage\"},\"image\":{\"@id\":\"https:\\\/\\\/radioljubuski.ba\\\/index.php\\\/2021\\\/12\\\/05\\\/u-pedesetoj-godini-zivota-preminuo-poznati-splitski-odvjetnik-jadran-franceschi-bio-je-primjer-pravog-profesionalca-uvijek-posvecen-svom-poslu-obitelji-i-sportu\\\/#primaryimage\"},\"thumbnailUrl\":\"https:\\\/\\\/radioljubuski.ba\\\/wp-content\\\/uploads\\\/2021\\\/12\\\/o_1353937_1024.jpg\",\"datePublished\":\"2021-12-05T12:01:01+00:00\",\"dateModified\":\"2021-12-05T12:01:02+00:00\",\"breadcrumb\":{\"@id\":\"https:\\\/\\\/radioljubuski.ba\\\/index.php\\\/2021\\\/12\\\/05\\\/u-pedesetoj-godini-zivota-preminuo-poznati-splitski-odvjetnik-jadran-franceschi-bio-je-primjer-pravog-profesionalca-uvijek-posvecen-svom-poslu-obitelji-i-sportu\\\/#breadcrumb\"},\"inLanguage\":\"hr\",\"potentialAction\":[{\"@type\":\"ReadAction\",\"target\":[\"https:\\\/\\\/radioljubuski.ba\\\/index.php\\\/2021\\\/12\\\/05\\\/u-pedesetoj-godini-zivota-preminuo-poznati-splitski-odvjetnik-jadran-franceschi-bio-je-primjer-pravog-profesionalca-uvijek-posvecen-svom-poslu-obitelji-i-sportu\\\/\"]}]},{\"@type\":\"ImageObject\",\"inLanguage\":\"hr\",\"@id\":\"https:\\\/\\\/radioljubuski.ba\\\/index.php\\\/2021\\\/12\\\/05\\\/u-pedesetoj-godini-zivota-preminuo-poznati-splitski-odvjetnik-jadran-franceschi-bio-je-primjer-pravog-profesionalca-uvijek-posvecen-svom-poslu-obitelji-i-sportu\\\/#primaryimage\",\"url\":\"https:\\\/\\\/radioljubuski.ba\\\/wp-content\\\/uploads\\\/2021\\\/12\\\/o_1353937_1024.jpg\",\"contentUrl\":\"https:\\\/\\\/radioljubuski.ba\\\/wp-content\\\/uploads\\\/2021\\\/12\\\/o_1353937_1024.jpg\",\"width\":1024,\"height\":685},{\"@type\":\"BreadcrumbList\",\"@id\":\"https:\\\/\\\/radioljubuski.ba\\\/index.php\\\/2021\\\/12\\\/05\\\/u-pedesetoj-godini-zivota-preminuo-poznati-splitski-odvjetnik-jadran-franceschi-bio-je-primjer-pravog-profesionalca-uvijek-posvecen-svom-poslu-obitelji-i-sportu\\\/#breadcrumb\",\"itemListElement\":[{\"@type\":\"ListItem\",\"position\":1,\"name\":\"Po\u010detna stranica\",\"item\":\"https:\\\/\\\/radioljubuski.ba\\\/\"},{\"@type\":\"ListItem\",\"position\":2,\"name\":\"U pedesetoj godini \u017eivota preminuo poznati splitski odvjetnik Jadran Franceschi: bio je primjer pravog profesionalca, uvijek posve\u0107en svom poslu, obitelji i sportu\"}]},{\"@type\":\"WebSite\",\"@id\":\"https:\\\/\\\/radioljubuski.ba\\\/#website\",\"url\":\"https:\\\/\\\/radioljubuski.ba\\\/\",\"name\":\"Radio Ljubu\u0161ki\",\"description\":\"Sun\u010dana frekvencija Hercegovine\",\"publisher\":{\"@id\":\"https:\\\/\\\/radioljubuski.ba\\\/#organization\"},\"potentialAction\":[{\"@type\":\"SearchAction\",\"target\":{\"@type\":\"EntryPoint\",\"urlTemplate\":\"https:\\\/\\\/radioljubuski.ba\\\/?s={search_term_string}\"},\"query-input\":{\"@type\":\"PropertyValueSpecification\",\"valueRequired\":true,\"valueName\":\"search_term_string\"}}],\"inLanguage\":\"hr\"},{\"@type\":\"Organization\",\"@id\":\"https:\\\/\\\/radioljubuski.ba\\\/#organization\",\"name\":\"Radio Ljubu\u0161ki\",\"url\":\"https:\\\/\\\/radioljubuski.ba\\\/\",\"logo\":{\"@type\":\"ImageObject\",\"inLanguage\":\"hr\",\"@id\":\"https:\\\/\\\/radioljubuski.ba\\\/#\\\/schema\\\/logo\\\/image\\\/\",\"url\":\"https:\\\/\\\/radioljubuski.ba\\\/wp-content\\\/uploads\\\/2021\\\/02\\\/cropped-Radio_Ljubuski_logo1.jpg\",\"contentUrl\":\"https:\\\/\\\/radioljubuski.ba\\\/wp-content\\\/uploads\\\/2021\\\/02\\\/cropped-Radio_Ljubuski_logo1.jpg\",\"width\":512,\"height\":512,\"caption\":\"Radio Ljubu\u0161ki\"},\"image\":{\"@id\":\"https:\\\/\\\/radioljubuski.ba\\\/#\\\/schema\\\/logo\\\/image\\\/\"},\"sameAs\":[\"https:\\\/\\\/www.facebook.com\\\/Radiio-Ljubuski-1490835324566332\",\"https:\\\/\\\/x.com\\\/radioljubuski\",\"https:\\\/\\\/hr.linkedin.com\\\/company\\\/radio-ljubuski\",\"https:\\\/\\\/www.youtube.com\\\/channel\\\/UCHYaeO_n0Db3tjNGudGpXyw\"]},{\"@type\":\"Person\",\"@id\":\"https:\\\/\\\/radioljubuski.ba\\\/#\\\/schema\\\/person\\\/19fc700381a780f69665d7956c469e3b\",\"name\":\"Radio Ljubu\u0161ki\"}]}<\/script>\n<!-- \/ Yoast SEO plugin. -->","yoast_head_json":{"title":"U pedesetoj godini \u017eivota preminuo poznati splitski odvjetnik Jadran Franceschi: bio je primjer pravog profesionalca, uvijek posve\u0107en svom poslu, obitelji i sportu - RADIO LJUBU\u0160KI","robots":{"index":"index","follow":"follow","max-snippet":"max-snippet:-1","max-image-preview":"max-image-preview:large","max-video-preview":"max-video-preview:-1"},"canonical":"https:\/\/radioljubuski.ba\/index.php\/2021\/12\/05\/u-pedesetoj-godini-zivota-preminuo-poznati-splitski-odvjetnik-jadran-franceschi-bio-je-primjer-pravog-profesionalca-uvijek-posvecen-svom-poslu-obitelji-i-sportu\/","og_locale":"hr_HR","og_type":"article","og_title":"U pedesetoj godini \u017eivota preminuo poznati splitski odvjetnik Jadran Franceschi: bio je primjer pravog profesionalca, uvijek posve\u0107en svom poslu, obitelji i sportu - RADIO LJUBU\u0160KI","og_description":"U splitskoj je bolnici jutros,&nbsp;oko 6,30 sati, u pedesetoj godini \u017eivota umro poznati splitski odvjetnik&nbsp;Jadran Franceschi. Jadran \u0107e ostati upam\u0107en kao sposoban odvjetnik koji se do krajnjih granica posve\u0107ivao svojoj obitelji (supruzi i dvoje djece) i svojim klijentima. Kao sin poznatog splitskog odvjetni\u010dkog barda, pokojnog&nbsp;Mirka Franceschija,&nbsp;u po\u010detku karijere je \u010desto uspore\u0111ivan&nbsp;sa svojim ocem kojeg je [&hellip;]","og_url":"https:\/\/radioljubuski.ba\/index.php\/2021\/12\/05\/u-pedesetoj-godini-zivota-preminuo-poznati-splitski-odvjetnik-jadran-franceschi-bio-je-primjer-pravog-profesionalca-uvijek-posvecen-svom-poslu-obitelji-i-sportu\/","og_site_name":"RADIO LJUBU\u0160KI","article_publisher":"https:\/\/www.facebook.com\/Radiio-Ljubuski-1490835324566332","article_published_time":"2021-12-05T12:01:01+00:00","article_modified_time":"2021-12-05T12:01:02+00:00","og_image":[{"width":1024,"height":685,"url":"https:\/\/radioljubuski.ba\/wp-content\/uploads\/2021\/12\/o_1353937_1024.jpg","type":"image\/jpeg"}],"author":"Radio Ljubu\u0161ki","twitter_card":"summary_large_image","twitter_creator":"@radioljubuski","twitter_site":"@radioljubuski","twitter_misc":{"Napisao\/la":"Radio Ljubu\u0161ki","Procijenjeno vrijeme \u010ditanja":"2 minute"},"schema":{"@context":"https:\/\/schema.org","@graph":[{"@type":"Article","@id":"https:\/\/radioljubuski.ba\/index.php\/2021\/12\/05\/u-pedesetoj-godini-zivota-preminuo-poznati-splitski-odvjetnik-jadran-franceschi-bio-je-primjer-pravog-profesionalca-uvijek-posvecen-svom-poslu-obitelji-i-sportu\/#article","isPartOf":{"@id":"https:\/\/radioljubuski.ba\/index.php\/2021\/12\/05\/u-pedesetoj-godini-zivota-preminuo-poznati-splitski-odvjetnik-jadran-franceschi-bio-je-primjer-pravog-profesionalca-uvijek-posvecen-svom-poslu-obitelji-i-sportu\/"},"author":{"name":"Radio Ljubu\u0161ki","@id":"https:\/\/radioljubuski.ba\/#\/schema\/person\/19fc700381a780f69665d7956c469e3b"},"headline":"U pedesetoj godini \u017eivota preminuo poznati splitski odvjetnik Jadran Franceschi: bio je primjer pravog profesionalca, uvijek posve\u0107en svom poslu, obitelji i sportu","datePublished":"2021-12-05T12:01:01+00:00","dateModified":"2021-12-05T12:01:02+00:00","mainEntityOfPage":{"@id":"https:\/\/radioljubuski.ba\/index.php\/2021\/12\/05\/u-pedesetoj-godini-zivota-preminuo-poznati-splitski-odvjetnik-jadran-franceschi-bio-je-primjer-pravog-profesionalca-uvijek-posvecen-svom-poslu-obitelji-i-sportu\/"},"wordCount":508,"publisher":{"@id":"https:\/\/radioljubuski.ba\/#organization"},"image":{"@id":"https:\/\/radioljubuski.ba\/index.php\/2021\/12\/05\/u-pedesetoj-godini-zivota-preminuo-poznati-splitski-odvjetnik-jadran-franceschi-bio-je-primjer-pravog-profesionalca-uvijek-posvecen-svom-poslu-obitelji-i-sportu\/#primaryimage"},"thumbnailUrl":"https:\/\/radioljubuski.ba\/wp-content\/uploads\/2021\/12\/o_1353937_1024.jpg","articleSection":["BIH i regija"],"inLanguage":"hr"},{"@type":"WebPage","@id":"https:\/\/radioljubuski.ba\/index.php\/2021\/12\/05\/u-pedesetoj-godini-zivota-preminuo-poznati-splitski-odvjetnik-jadran-franceschi-bio-je-primjer-pravog-profesionalca-uvijek-posvecen-svom-poslu-obitelji-i-sportu\/","url":"https:\/\/radioljubuski.ba\/index.php\/2021\/12\/05\/u-pedesetoj-godini-zivota-preminuo-poznati-splitski-odvjetnik-jadran-franceschi-bio-je-primjer-pravog-profesionalca-uvijek-posvecen-svom-poslu-obitelji-i-sportu\/","name":"U pedesetoj godini \u017eivota preminuo poznati splitski odvjetnik Jadran Franceschi: bio je primjer pravog profesionalca, uvijek posve\u0107en svom poslu, obitelji i sportu - RADIO LJUBU\u0160KI","isPartOf":{"@id":"https:\/\/radioljubuski.ba\/#website"},"primaryImageOfPage":{"@id":"https:\/\/radioljubuski.ba\/index.php\/2021\/12\/05\/u-pedesetoj-godini-zivota-preminuo-poznati-splitski-odvjetnik-jadran-franceschi-bio-je-primjer-pravog-profesionalca-uvijek-posvecen-svom-poslu-obitelji-i-sportu\/#primaryimage"},"image":{"@id":"https:\/\/radioljubuski.ba\/index.php\/2021\/12\/05\/u-pedesetoj-godini-zivota-preminuo-poznati-splitski-odvjetnik-jadran-franceschi-bio-je-primjer-pravog-profesionalca-uvijek-posvecen-svom-poslu-obitelji-i-sportu\/#primaryimage"},"thumbnailUrl":"https:\/\/radioljubuski.ba\/wp-content\/uploads\/2021\/12\/o_1353937_1024.jpg","datePublished":"2021-12-05T12:01:01+00:00","dateModified":"2021-12-05T12:01:02+00:00","breadcrumb":{"@id":"https:\/\/radioljubuski.ba\/index.php\/2021\/12\/05\/u-pedesetoj-godini-zivota-preminuo-poznati-splitski-odvjetnik-jadran-franceschi-bio-je-primjer-pravog-profesionalca-uvijek-posvecen-svom-poslu-obitelji-i-sportu\/#breadcrumb"},"inLanguage":"hr","potentialAction":[{"@type":"ReadAction","target":["https:\/\/radioljubuski.ba\/index.php\/2021\/12\/05\/u-pedesetoj-godini-zivota-preminuo-poznati-splitski-odvjetnik-jadran-franceschi-bio-je-primjer-pravog-profesionalca-uvijek-posvecen-svom-poslu-obitelji-i-sportu\/"]}]},{"@type":"ImageObject","inLanguage":"hr","@id":"https:\/\/radioljubuski.ba\/index.php\/2021\/12\/05\/u-pedesetoj-godini-zivota-preminuo-poznati-splitski-odvjetnik-jadran-franceschi-bio-je-primjer-pravog-profesionalca-uvijek-posvecen-svom-poslu-obitelji-i-sportu\/#primaryimage","url":"https:\/\/radioljubuski.ba\/wp-content\/uploads\/2021\/12\/o_1353937_1024.jpg","contentUrl":"https:\/\/radioljubuski.ba\/wp-content\/uploads\/2021\/12\/o_1353937_1024.jpg","width":1024,"height":685},{"@type":"BreadcrumbList","@id":"https:\/\/radioljubuski.ba\/index.php\/2021\/12\/05\/u-pedesetoj-godini-zivota-preminuo-poznati-splitski-odvjetnik-jadran-franceschi-bio-je-primjer-pravog-profesionalca-uvijek-posvecen-svom-poslu-obitelji-i-sportu\/#breadcrumb","itemListElement":[{"@type":"ListItem","position":1,"name":"Po\u010detna stranica","item":"https:\/\/radioljubuski.ba\/"},{"@type":"ListItem","position":2,"name":"U pedesetoj godini \u017eivota preminuo poznati splitski odvjetnik Jadran Franceschi: bio je primjer pravog profesionalca, uvijek posve\u0107en svom poslu, obitelji i sportu"}]},{"@type":"WebSite","@id":"https:\/\/radioljubuski.ba\/#website","url":"https:\/\/radioljubuski.ba\/","name":"Radio Ljubu\u0161ki","description":"Sun\u010dana frekvencija Hercegovine","publisher":{"@id":"https:\/\/radioljubuski.ba\/#organization"},"potentialAction":[{"@type":"SearchAction","target":{"@type":"EntryPoint","urlTemplate":"https:\/\/radioljubuski.ba\/?s={search_term_string}"},"query-input":{"@type":"PropertyValueSpecification","valueRequired":true,"valueName":"search_term_string"}}],"inLanguage":"hr"},{"@type":"Organization","@id":"https:\/\/radioljubuski.ba\/#organization","name":"Radio Ljubu\u0161ki","url":"https:\/\/radioljubuski.ba\/","logo":{"@type":"ImageObject","inLanguage":"hr","@id":"https:\/\/radioljubuski.ba\/#\/schema\/logo\/image\/","url":"https:\/\/radioljubuski.ba\/wp-content\/uploads\/2021\/02\/cropped-Radio_Ljubuski_logo1.jpg","contentUrl":"https:\/\/radioljubuski.ba\/wp-content\/uploads\/2021\/02\/cropped-Radio_Ljubuski_logo1.jpg","width":512,"height":512,"caption":"Radio Ljubu\u0161ki"},"image":{"@id":"https:\/\/radioljubuski.ba\/#\/schema\/logo\/image\/"},"sameAs":["https:\/\/www.facebook.com\/Radiio-Ljubuski-1490835324566332","https:\/\/x.com\/radioljubuski","https:\/\/hr.linkedin.com\/company\/radio-ljubuski","https:\/\/www.youtube.com\/channel\/UCHYaeO_n0Db3tjNGudGpXyw"]},{"@type":"Person","@id":"https:\/\/radioljubuski.ba\/#\/schema\/person\/19fc700381a780f69665d7956c469e3b","name":"Radio Ljubu\u0161ki"}]}},"_links":{"self":[{"href":"https:\/\/radioljubuski.ba\/index.php\/wp-json\/wp\/v2\/posts\/96042","targetHints":{"allow":["GET"]}}],"collection":[{"href":"https:\/\/radioljubuski.ba\/index.php\/wp-json\/wp\/v2\/posts"}],"about":[{"href":"https:\/\/radioljubuski.ba\/index.php\/wp-json\/wp\/v2\/types\/post"}],"author":[{"embeddable":true,"href":"https:\/\/radioljubuski.ba\/index.php\/wp-json\/wp\/v2\/users\/2"}],"replies":[{"embeddable":true,"href":"https:\/\/radioljubuski.ba\/index.php\/wp-json\/wp\/v2\/comments?post=96042"}],"version-history":[{"count":1,"href":"https:\/\/radioljubuski.ba\/index.php\/wp-json\/wp\/v2\/posts\/96042\/revisions"}],"predecessor-version":[{"id":96044,"href":"https:\/\/radioljubuski.ba\/index.php\/wp-json\/wp\/v2\/posts\/96042\/revisions\/96044"}],"wp:featuredmedia":[{"embeddable":true,"href":"https:\/\/radioljubuski.ba\/index.php\/wp-json\/wp\/v2\/media\/96043"}],"wp:attachment":[{"href":"https:\/\/radioljubuski.ba\/index.php\/wp-json\/wp\/v2\/media?parent=96042"}],"wp:term":[{"taxonomy":"category","embeddable":true,"href":"https:\/\/radioljubuski.ba\/index.php\/wp-json\/wp\/v2\/categories?post=96042"},{"taxonomy":"post_tag","embeddable":true,"href":"https:\/\/radioljubuski.ba\/index.php\/wp-json\/wp\/v2\/tags?post=96042"}],"curies":[{"name":"wp","href":"https:\/\/api.w.org\/{rel}","templated":true}]}}