{"id":96069,"date":"2021-12-05T13:19:27","date_gmt":"2021-12-05T12:19:27","guid":{"rendered":"https:\/\/radioljubuski.ba\/?p=96069"},"modified":"2021-12-05T13:19:28","modified_gmt":"2021-12-05T12:19:28","slug":"wijnaldum-u-nadoknadi-donio-bod-parizanima","status":"publish","type":"post","link":"https:\/\/radioljubuski.ba\/index.php\/2021\/12\/05\/wijnaldum-u-nadoknadi-donio-bod-parizanima\/","title":{"rendered":"Wijnaldum u nadoknadi donio bod Pari\u017eanima"},"content":{"rendered":"\n<p><strong>U derbiju Francuske lige Lens i PSG su odigrali 1-1, a Pari\u017eani su se poraza spasili u zadnjim sekundama.<\/strong><\/p>\n\n\n\n<p><strong>Fofana\u00a0<\/strong>je doveo Lens u vodstvo u 62. minuti, a 93. je izjedna\u010dio\u00a0<strong>Wijnaldum<\/strong>. Pari\u017eani su igrali s\u00a0<strong>Messijem<\/strong>, ali bez ozlije\u0111enoga\u00a0<strong>Neymara<\/strong>, dok\u00a0<strong>Mbappe\u00a0<\/strong>nije zapo\u010deo susret ve\u0107 je u\u0161ao u 71. minuti.<\/p>\n\n\n\n<blockquote class=\"twitter-tweet\"><p lang=\"en\" dir=\"ltr\">FULL-TIME \u23f1<a href=\"https:\/\/twitter.com\/PSG_English?ref_src=twsrc%5Etfw\">@PSG_English<\/a> snatch a point in Lens thanks to <a href=\"https:\/\/twitter.com\/GWijnaldum?ref_src=twsrc%5Etfw\">@GWijnaldum<\/a>&#39;s late equaliser <a href=\"https:\/\/twitter.com\/hashtag\/RCLPSG?src=hash&amp;ref_src=twsrc%5Etfw\">#RCLPSG<\/a> <a href=\"https:\/\/t.co\/n57qEBdOFu\">pic.twitter.com\/n57qEBdOFu<\/a><\/p>&mdash; Ligue1 English (@Ligue1_ENG) <a href=\"https:\/\/twitter.com\/Ligue1_ENG\/status\/1467251614989836291?ref_src=twsrc%5Etfw\">December 4, 2021<\/a><\/blockquote> <script async src=\"https:\/\/platform.twitter.com\/widgets.js\" charset=\"utf-8\"><\/script>\n\n\n\n<p>Ranije je prvak Lille slavio kod ku\u0107e protiv Troyesa s 2-1 autogolom&nbsp;<strong>Giraudona&nbsp;<\/strong>pet minuta prije kraja.&nbsp;<strong>Ivo Grbi\u0107<\/strong>&nbsp;je branio vrata Lillea.<br><br>Marseille je kod ku\u0107e izgubio od Bresta (1-2) kojemu je to \u010dak \u0161esta pobjeda u nizu.&nbsp;<strong>Duje \u0106aleta Car<\/strong>&nbsp;je oatao na klupi doma\u0107ih.&nbsp;<\/p>\n\n\n\n<p><strong>Ljestvica:<\/strong><br><br>&nbsp; 1 PSG 17 13 3 1 36 16 42<br>&nbsp; 2 Marseille 16 8 5 3 23 14 29<br>&#8230;&#8230;&#8230;&#8230;&#8230;&#8230;&#8230;&#8230;&#8230;&#8230;&#8230;&#8230;&#8230;&#8230;&#8230;<br>&nbsp; 3 Rennes 16 8 4 4 27 14 28<br>&#8230;&#8230;&#8230;&#8230;&#8230;&#8230;&#8230;&#8230;&#8230;&#8230;&#8230;&#8230;&#8230;&#8230;&#8230;<br>&nbsp; 4 Nice 16 8 4 4 25 12 27<br>&#8230;&#8230;&#8230;&#8230;&#8230;&#8230;&#8230;&#8230;&#8230;&#8230;&#8230;&#8230;&#8230;&#8230;&#8230;<br>&nbsp; 5 Lens 17 7 6 4 30 23 27<br>&nbsp; 6 Brest 17 6 6 5 25 23 24<br>&#8230;&#8230;&#8230;&#8230;&#8230;&#8230;&#8230;&#8230;&#8230;&#8230;&#8230;&#8230;&#8230;&#8230;&#8230;<br>&nbsp; 7 Lille 17 6 6 5 23 24 24<br>&nbsp; 8 Strasbourg 16 6 5 5 31 22 23<br>&nbsp; 9 Monaco 16 6 5 5 23 20 23<br>10 Angers 16 5 7 4 23 21 22<br>11 Montpellier 16 6 4 6 24 23 22<br>12 Lyon 15 6 4 5 23 23 22<br>13 Nantes 16 5 4 7 20 21 19<br>14 Reims 16 4 7 5 18 19 19<br>15 Troyes 17 4 4 9 16 25 16<br>16 Lorient 16 3 6 7 13 25 15<br>17 Clermont 16 3 5 8 19 31 14<br>&#8230;&#8230;&#8230;&#8230;&#8230;&#8230;&#8230;&#8230;&#8230;&#8230;&#8230;&#8230;&#8230;&#8230;&#8230;<br>18 Bordeaux 16 2 7 7 24 37 13<br>&#8230;&#8230;&#8230;&#8230;&#8230;&#8230;&#8230;&#8230;&#8230;&#8230;&#8230;&#8230;&#8230;&#8230;&#8230;<br>19 Metz 16 2 6 8 18 33 12<br>20 Saint-\u00c9tienne 16 2 6 8 17 32 12<\/p>\n\n\n\n<p>Izvor:hrt.hr<\/p>\n","protected":false},"excerpt":{"rendered":"<p>U derbiju Francuske lige Lens i PSG su odigrali 1-1, a Pari\u017eani su se poraza spasili u zadnjim sekundama. Fofana\u00a0je doveo Lens u vodstvo u 62. minuti, a 93. je izjedna\u010dio\u00a0Wijnaldum. Pari\u017eani su igrali s\u00a0Messijem, ali bez ozlije\u0111enoga\u00a0Neymara, dok\u00a0Mbappe\u00a0nije zapo\u010deo susret ve\u0107 je u\u0161ao u 71. minuti. FULL-TIME \u23f1@PSG_English snatch a point in Lens thanks [&hellip;]<\/p>\n","protected":false},"author":2,"featured_media":96070,"comment_status":"closed","ping_status":"closed","sticky":false,"template":"","format":"standard","meta":{"h5ap_radio_sources":[],"footnotes":""},"categories":[7],"tags":[],"class_list":["post-96069","post","type-post","status-publish","format-standard","has-post-thumbnail","hentry","category-sport"],"yoast_head":"<!-- This site is optimized with the Yoast SEO plugin v27.4 - https:\/\/yoast.com\/product\/yoast-seo-wordpress\/ -->\n<title>Wijnaldum u nadoknadi donio bod Pari\u017eanima - RADIO LJUBU\u0160KI<\/title>\n<meta name=\"robots\" content=\"index, follow, max-snippet:-1, max-image-preview:large, max-video-preview:-1\" \/>\n<link rel=\"canonical\" href=\"https:\/\/radioljubuski.ba\/index.php\/2021\/12\/05\/wijnaldum-u-nadoknadi-donio-bod-parizanima\/\" \/>\n<meta property=\"og:locale\" content=\"hr_HR\" \/>\n<meta property=\"og:type\" content=\"article\" \/>\n<meta property=\"og:title\" content=\"Wijnaldum u nadoknadi donio bod Pari\u017eanima - RADIO LJUBU\u0160KI\" \/>\n<meta property=\"og:description\" content=\"U derbiju Francuske lige Lens i PSG su odigrali 1-1, a Pari\u017eani su se poraza spasili u zadnjim sekundama. Fofana\u00a0je doveo Lens u vodstvo u 62. minuti, a 93. je izjedna\u010dio\u00a0Wijnaldum. Pari\u017eani su igrali s\u00a0Messijem, ali bez ozlije\u0111enoga\u00a0Neymara, dok\u00a0Mbappe\u00a0nije zapo\u010deo susret ve\u0107 je u\u0161ao u 71. minuti. FULL-TIME \u23f1@PSG_English snatch a point in Lens thanks [&hellip;]\" \/>\n<meta property=\"og:url\" content=\"https:\/\/radioljubuski.ba\/index.php\/2021\/12\/05\/wijnaldum-u-nadoknadi-donio-bod-parizanima\/\" \/>\n<meta property=\"og:site_name\" content=\"RADIO LJUBU\u0160KI\" \/>\n<meta property=\"article:publisher\" content=\"https:\/\/www.facebook.com\/Radiio-Ljubuski-1490835324566332\" \/>\n<meta property=\"article:published_time\" content=\"2021-12-05T12:19:27+00:00\" \/>\n<meta property=\"article:modified_time\" content=\"2021-12-05T12:19:28+00:00\" \/>\n<meta property=\"og:image\" content=\"https:\/\/radioljubuski.ba\/wp-content\/uploads\/2021\/12\/wijnaldum-20211204224028.jpg\" \/>\n\t<meta property=\"og:image:width\" content=\"2095\" \/>\n\t<meta property=\"og:image:height\" content=\"1418\" \/>\n\t<meta property=\"og:image:type\" content=\"image\/jpeg\" \/>\n<meta name=\"author\" content=\"Radio Ljubu\u0161ki\" \/>\n<meta name=\"twitter:card\" content=\"summary_large_image\" \/>\n<meta name=\"twitter:creator\" content=\"@radioljubuski\" \/>\n<meta name=\"twitter:site\" content=\"@radioljubuski\" \/>\n<meta name=\"twitter:label1\" content=\"Napisao\/la\" \/>\n\t<meta name=\"twitter:data1\" content=\"Radio Ljubu\u0161ki\" \/>\n\t<meta name=\"twitter:label2\" content=\"Procijenjeno vrijeme \u010ditanja\" \/>\n\t<meta name=\"twitter:data2\" content=\"2 minute\" \/>\n<script type=\"application\/ld+json\" class=\"yoast-schema-graph\">{\"@context\":\"https:\\\/\\\/schema.org\",\"@graph\":[{\"@type\":\"Article\",\"@id\":\"https:\\\/\\\/radioljubuski.ba\\\/index.php\\\/2021\\\/12\\\/05\\\/wijnaldum-u-nadoknadi-donio-bod-parizanima\\\/#article\",\"isPartOf\":{\"@id\":\"https:\\\/\\\/radioljubuski.ba\\\/index.php\\\/2021\\\/12\\\/05\\\/wijnaldum-u-nadoknadi-donio-bod-parizanima\\\/\"},\"author\":{\"name\":\"Radio Ljubu\u0161ki\",\"@id\":\"https:\\\/\\\/radioljubuski.ba\\\/#\\\/schema\\\/person\\\/19fc700381a780f69665d7956c469e3b\"},\"headline\":\"Wijnaldum u nadoknadi donio bod Pari\u017eanima\",\"datePublished\":\"2021-12-05T12:19:27+00:00\",\"dateModified\":\"2021-12-05T12:19:28+00:00\",\"mainEntityOfPage\":{\"@id\":\"https:\\\/\\\/radioljubuski.ba\\\/index.php\\\/2021\\\/12\\\/05\\\/wijnaldum-u-nadoknadi-donio-bod-parizanima\\\/\"},\"wordCount\":180,\"publisher\":{\"@id\":\"https:\\\/\\\/radioljubuski.ba\\\/#organization\"},\"image\":{\"@id\":\"https:\\\/\\\/radioljubuski.ba\\\/index.php\\\/2021\\\/12\\\/05\\\/wijnaldum-u-nadoknadi-donio-bod-parizanima\\\/#primaryimage\"},\"thumbnailUrl\":\"https:\\\/\\\/radioljubuski.ba\\\/wp-content\\\/uploads\\\/2021\\\/12\\\/wijnaldum-20211204224028.jpg\",\"articleSection\":[\"\u0160port\"],\"inLanguage\":\"hr\"},{\"@type\":\"WebPage\",\"@id\":\"https:\\\/\\\/radioljubuski.ba\\\/index.php\\\/2021\\\/12\\\/05\\\/wijnaldum-u-nadoknadi-donio-bod-parizanima\\\/\",\"url\":\"https:\\\/\\\/radioljubuski.ba\\\/index.php\\\/2021\\\/12\\\/05\\\/wijnaldum-u-nadoknadi-donio-bod-parizanima\\\/\",\"name\":\"Wijnaldum u nadoknadi donio bod Pari\u017eanima - RADIO LJUBU\u0160KI\",\"isPartOf\":{\"@id\":\"https:\\\/\\\/radioljubuski.ba\\\/#website\"},\"primaryImageOfPage\":{\"@id\":\"https:\\\/\\\/radioljubuski.ba\\\/index.php\\\/2021\\\/12\\\/05\\\/wijnaldum-u-nadoknadi-donio-bod-parizanima\\\/#primaryimage\"},\"image\":{\"@id\":\"https:\\\/\\\/radioljubuski.ba\\\/index.php\\\/2021\\\/12\\\/05\\\/wijnaldum-u-nadoknadi-donio-bod-parizanima\\\/#primaryimage\"},\"thumbnailUrl\":\"https:\\\/\\\/radioljubuski.ba\\\/wp-content\\\/uploads\\\/2021\\\/12\\\/wijnaldum-20211204224028.jpg\",\"datePublished\":\"2021-12-05T12:19:27+00:00\",\"dateModified\":\"2021-12-05T12:19:28+00:00\",\"breadcrumb\":{\"@id\":\"https:\\\/\\\/radioljubuski.ba\\\/index.php\\\/2021\\\/12\\\/05\\\/wijnaldum-u-nadoknadi-donio-bod-parizanima\\\/#breadcrumb\"},\"inLanguage\":\"hr\",\"potentialAction\":[{\"@type\":\"ReadAction\",\"target\":[\"https:\\\/\\\/radioljubuski.ba\\\/index.php\\\/2021\\\/12\\\/05\\\/wijnaldum-u-nadoknadi-donio-bod-parizanima\\\/\"]}]},{\"@type\":\"ImageObject\",\"inLanguage\":\"hr\",\"@id\":\"https:\\\/\\\/radioljubuski.ba\\\/index.php\\\/2021\\\/12\\\/05\\\/wijnaldum-u-nadoknadi-donio-bod-parizanima\\\/#primaryimage\",\"url\":\"https:\\\/\\\/radioljubuski.ba\\\/wp-content\\\/uploads\\\/2021\\\/12\\\/wijnaldum-20211204224028.jpg\",\"contentUrl\":\"https:\\\/\\\/radioljubuski.ba\\\/wp-content\\\/uploads\\\/2021\\\/12\\\/wijnaldum-20211204224028.jpg\",\"width\":2095,\"height\":1418},{\"@type\":\"BreadcrumbList\",\"@id\":\"https:\\\/\\\/radioljubuski.ba\\\/index.php\\\/2021\\\/12\\\/05\\\/wijnaldum-u-nadoknadi-donio-bod-parizanima\\\/#breadcrumb\",\"itemListElement\":[{\"@type\":\"ListItem\",\"position\":1,\"name\":\"Po\u010detna stranica\",\"item\":\"https:\\\/\\\/radioljubuski.ba\\\/\"},{\"@type\":\"ListItem\",\"position\":2,\"name\":\"Wijnaldum u nadoknadi donio bod Pari\u017eanima\"}]},{\"@type\":\"WebSite\",\"@id\":\"https:\\\/\\\/radioljubuski.ba\\\/#website\",\"url\":\"https:\\\/\\\/radioljubuski.ba\\\/\",\"name\":\"Radio Ljubu\u0161ki\",\"description\":\"Sun\u010dana frekvencija Hercegovine\",\"publisher\":{\"@id\":\"https:\\\/\\\/radioljubuski.ba\\\/#organization\"},\"potentialAction\":[{\"@type\":\"SearchAction\",\"target\":{\"@type\":\"EntryPoint\",\"urlTemplate\":\"https:\\\/\\\/radioljubuski.ba\\\/?s={search_term_string}\"},\"query-input\":{\"@type\":\"PropertyValueSpecification\",\"valueRequired\":true,\"valueName\":\"search_term_string\"}}],\"inLanguage\":\"hr\"},{\"@type\":\"Organization\",\"@id\":\"https:\\\/\\\/radioljubuski.ba\\\/#organization\",\"name\":\"Radio Ljubu\u0161ki\",\"url\":\"https:\\\/\\\/radioljubuski.ba\\\/\",\"logo\":{\"@type\":\"ImageObject\",\"inLanguage\":\"hr\",\"@id\":\"https:\\\/\\\/radioljubuski.ba\\\/#\\\/schema\\\/logo\\\/image\\\/\",\"url\":\"https:\\\/\\\/radioljubuski.ba\\\/wp-content\\\/uploads\\\/2021\\\/02\\\/cropped-Radio_Ljubuski_logo1.jpg\",\"contentUrl\":\"https:\\\/\\\/radioljubuski.ba\\\/wp-content\\\/uploads\\\/2021\\\/02\\\/cropped-Radio_Ljubuski_logo1.jpg\",\"width\":512,\"height\":512,\"caption\":\"Radio Ljubu\u0161ki\"},\"image\":{\"@id\":\"https:\\\/\\\/radioljubuski.ba\\\/#\\\/schema\\\/logo\\\/image\\\/\"},\"sameAs\":[\"https:\\\/\\\/www.facebook.com\\\/Radiio-Ljubuski-1490835324566332\",\"https:\\\/\\\/x.com\\\/radioljubuski\",\"https:\\\/\\\/hr.linkedin.com\\\/company\\\/radio-ljubuski\",\"https:\\\/\\\/www.youtube.com\\\/channel\\\/UCHYaeO_n0Db3tjNGudGpXyw\"]},{\"@type\":\"Person\",\"@id\":\"https:\\\/\\\/radioljubuski.ba\\\/#\\\/schema\\\/person\\\/19fc700381a780f69665d7956c469e3b\",\"name\":\"Radio Ljubu\u0161ki\"}]}<\/script>\n<!-- \/ Yoast SEO plugin. -->","yoast_head_json":{"title":"Wijnaldum u nadoknadi donio bod Pari\u017eanima - RADIO LJUBU\u0160KI","robots":{"index":"index","follow":"follow","max-snippet":"max-snippet:-1","max-image-preview":"max-image-preview:large","max-video-preview":"max-video-preview:-1"},"canonical":"https:\/\/radioljubuski.ba\/index.php\/2021\/12\/05\/wijnaldum-u-nadoknadi-donio-bod-parizanima\/","og_locale":"hr_HR","og_type":"article","og_title":"Wijnaldum u nadoknadi donio bod Pari\u017eanima - RADIO LJUBU\u0160KI","og_description":"U derbiju Francuske lige Lens i PSG su odigrali 1-1, a Pari\u017eani su se poraza spasili u zadnjim sekundama. Fofana\u00a0je doveo Lens u vodstvo u 62. minuti, a 93. je izjedna\u010dio\u00a0Wijnaldum. Pari\u017eani su igrali s\u00a0Messijem, ali bez ozlije\u0111enoga\u00a0Neymara, dok\u00a0Mbappe\u00a0nije zapo\u010deo susret ve\u0107 je u\u0161ao u 71. minuti. FULL-TIME \u23f1@PSG_English snatch a point in Lens thanks [&hellip;]","og_url":"https:\/\/radioljubuski.ba\/index.php\/2021\/12\/05\/wijnaldum-u-nadoknadi-donio-bod-parizanima\/","og_site_name":"RADIO LJUBU\u0160KI","article_publisher":"https:\/\/www.facebook.com\/Radiio-Ljubuski-1490835324566332","article_published_time":"2021-12-05T12:19:27+00:00","article_modified_time":"2021-12-05T12:19:28+00:00","og_image":[{"width":2095,"height":1418,"url":"https:\/\/radioljubuski.ba\/wp-content\/uploads\/2021\/12\/wijnaldum-20211204224028.jpg","type":"image\/jpeg"}],"author":"Radio Ljubu\u0161ki","twitter_card":"summary_large_image","twitter_creator":"@radioljubuski","twitter_site":"@radioljubuski","twitter_misc":{"Napisao\/la":"Radio Ljubu\u0161ki","Procijenjeno vrijeme \u010ditanja":"2 minute"},"schema":{"@context":"https:\/\/schema.org","@graph":[{"@type":"Article","@id":"https:\/\/radioljubuski.ba\/index.php\/2021\/12\/05\/wijnaldum-u-nadoknadi-donio-bod-parizanima\/#article","isPartOf":{"@id":"https:\/\/radioljubuski.ba\/index.php\/2021\/12\/05\/wijnaldum-u-nadoknadi-donio-bod-parizanima\/"},"author":{"name":"Radio Ljubu\u0161ki","@id":"https:\/\/radioljubuski.ba\/#\/schema\/person\/19fc700381a780f69665d7956c469e3b"},"headline":"Wijnaldum u nadoknadi donio bod Pari\u017eanima","datePublished":"2021-12-05T12:19:27+00:00","dateModified":"2021-12-05T12:19:28+00:00","mainEntityOfPage":{"@id":"https:\/\/radioljubuski.ba\/index.php\/2021\/12\/05\/wijnaldum-u-nadoknadi-donio-bod-parizanima\/"},"wordCount":180,"publisher":{"@id":"https:\/\/radioljubuski.ba\/#organization"},"image":{"@id":"https:\/\/radioljubuski.ba\/index.php\/2021\/12\/05\/wijnaldum-u-nadoknadi-donio-bod-parizanima\/#primaryimage"},"thumbnailUrl":"https:\/\/radioljubuski.ba\/wp-content\/uploads\/2021\/12\/wijnaldum-20211204224028.jpg","articleSection":["\u0160port"],"inLanguage":"hr"},{"@type":"WebPage","@id":"https:\/\/radioljubuski.ba\/index.php\/2021\/12\/05\/wijnaldum-u-nadoknadi-donio-bod-parizanima\/","url":"https:\/\/radioljubuski.ba\/index.php\/2021\/12\/05\/wijnaldum-u-nadoknadi-donio-bod-parizanima\/","name":"Wijnaldum u nadoknadi donio bod Pari\u017eanima - RADIO LJUBU\u0160KI","isPartOf":{"@id":"https:\/\/radioljubuski.ba\/#website"},"primaryImageOfPage":{"@id":"https:\/\/radioljubuski.ba\/index.php\/2021\/12\/05\/wijnaldum-u-nadoknadi-donio-bod-parizanima\/#primaryimage"},"image":{"@id":"https:\/\/radioljubuski.ba\/index.php\/2021\/12\/05\/wijnaldum-u-nadoknadi-donio-bod-parizanima\/#primaryimage"},"thumbnailUrl":"https:\/\/radioljubuski.ba\/wp-content\/uploads\/2021\/12\/wijnaldum-20211204224028.jpg","datePublished":"2021-12-05T12:19:27+00:00","dateModified":"2021-12-05T12:19:28+00:00","breadcrumb":{"@id":"https:\/\/radioljubuski.ba\/index.php\/2021\/12\/05\/wijnaldum-u-nadoknadi-donio-bod-parizanima\/#breadcrumb"},"inLanguage":"hr","potentialAction":[{"@type":"ReadAction","target":["https:\/\/radioljubuski.ba\/index.php\/2021\/12\/05\/wijnaldum-u-nadoknadi-donio-bod-parizanima\/"]}]},{"@type":"ImageObject","inLanguage":"hr","@id":"https:\/\/radioljubuski.ba\/index.php\/2021\/12\/05\/wijnaldum-u-nadoknadi-donio-bod-parizanima\/#primaryimage","url":"https:\/\/radioljubuski.ba\/wp-content\/uploads\/2021\/12\/wijnaldum-20211204224028.jpg","contentUrl":"https:\/\/radioljubuski.ba\/wp-content\/uploads\/2021\/12\/wijnaldum-20211204224028.jpg","width":2095,"height":1418},{"@type":"BreadcrumbList","@id":"https:\/\/radioljubuski.ba\/index.php\/2021\/12\/05\/wijnaldum-u-nadoknadi-donio-bod-parizanima\/#breadcrumb","itemListElement":[{"@type":"ListItem","position":1,"name":"Po\u010detna stranica","item":"https:\/\/radioljubuski.ba\/"},{"@type":"ListItem","position":2,"name":"Wijnaldum u nadoknadi donio bod Pari\u017eanima"}]},{"@type":"WebSite","@id":"https:\/\/radioljubuski.ba\/#website","url":"https:\/\/radioljubuski.ba\/","name":"Radio Ljubu\u0161ki","description":"Sun\u010dana frekvencija Hercegovine","publisher":{"@id":"https:\/\/radioljubuski.ba\/#organization"},"potentialAction":[{"@type":"SearchAction","target":{"@type":"EntryPoint","urlTemplate":"https:\/\/radioljubuski.ba\/?s={search_term_string}"},"query-input":{"@type":"PropertyValueSpecification","valueRequired":true,"valueName":"search_term_string"}}],"inLanguage":"hr"},{"@type":"Organization","@id":"https:\/\/radioljubuski.ba\/#organization","name":"Radio Ljubu\u0161ki","url":"https:\/\/radioljubuski.ba\/","logo":{"@type":"ImageObject","inLanguage":"hr","@id":"https:\/\/radioljubuski.ba\/#\/schema\/logo\/image\/","url":"https:\/\/radioljubuski.ba\/wp-content\/uploads\/2021\/02\/cropped-Radio_Ljubuski_logo1.jpg","contentUrl":"https:\/\/radioljubuski.ba\/wp-content\/uploads\/2021\/02\/cropped-Radio_Ljubuski_logo1.jpg","width":512,"height":512,"caption":"Radio Ljubu\u0161ki"},"image":{"@id":"https:\/\/radioljubuski.ba\/#\/schema\/logo\/image\/"},"sameAs":["https:\/\/www.facebook.com\/Radiio-Ljubuski-1490835324566332","https:\/\/x.com\/radioljubuski","https:\/\/hr.linkedin.com\/company\/radio-ljubuski","https:\/\/www.youtube.com\/channel\/UCHYaeO_n0Db3tjNGudGpXyw"]},{"@type":"Person","@id":"https:\/\/radioljubuski.ba\/#\/schema\/person\/19fc700381a780f69665d7956c469e3b","name":"Radio Ljubu\u0161ki"}]}},"_links":{"self":[{"href":"https:\/\/radioljubuski.ba\/index.php\/wp-json\/wp\/v2\/posts\/96069","targetHints":{"allow":["GET"]}}],"collection":[{"href":"https:\/\/radioljubuski.ba\/index.php\/wp-json\/wp\/v2\/posts"}],"about":[{"href":"https:\/\/radioljubuski.ba\/index.php\/wp-json\/wp\/v2\/types\/post"}],"author":[{"embeddable":true,"href":"https:\/\/radioljubuski.ba\/index.php\/wp-json\/wp\/v2\/users\/2"}],"replies":[{"embeddable":true,"href":"https:\/\/radioljubuski.ba\/index.php\/wp-json\/wp\/v2\/comments?post=96069"}],"version-history":[{"count":1,"href":"https:\/\/radioljubuski.ba\/index.php\/wp-json\/wp\/v2\/posts\/96069\/revisions"}],"predecessor-version":[{"id":96071,"href":"https:\/\/radioljubuski.ba\/index.php\/wp-json\/wp\/v2\/posts\/96069\/revisions\/96071"}],"wp:featuredmedia":[{"embeddable":true,"href":"https:\/\/radioljubuski.ba\/index.php\/wp-json\/wp\/v2\/media\/96070"}],"wp:attachment":[{"href":"https:\/\/radioljubuski.ba\/index.php\/wp-json\/wp\/v2\/media?parent=96069"}],"wp:term":[{"taxonomy":"category","embeddable":true,"href":"https:\/\/radioljubuski.ba\/index.php\/wp-json\/wp\/v2\/categories?post=96069"},{"taxonomy":"post_tag","embeddable":true,"href":"https:\/\/radioljubuski.ba\/index.php\/wp-json\/wp\/v2\/tags?post=96069"}],"curies":[{"name":"wp","href":"https:\/\/api.w.org\/{rel}","templated":true}]}}