{"id":96078,"date":"2021-12-05T14:59:36","date_gmt":"2021-12-05T13:59:36","guid":{"rendered":"https:\/\/radioljubuski.ba\/?p=96078"},"modified":"2021-12-05T14:59:36","modified_gmt":"2021-12-05T13:59:36","slug":"bozo-ljubic-za-negiranje-zlocina-treba-odgovarati-gradonacelnica-sarajeva","status":"publish","type":"post","link":"https:\/\/radioljubuski.ba\/index.php\/2021\/12\/05\/bozo-ljubic-za-negiranje-zlocina-treba-odgovarati-gradonacelnica-sarajeva\/","title":{"rendered":"Bo\u017eo Ljubi\u0107: Za negiranje zlo\u010dina treba odgovarati gradona\u010delnica Sarajeva"},"content":{"rendered":"\n<p>Predsjednik Glavnog vije\u0107a HNS-a BiH Bo\u017eo Ljubi\u0107 u razgovoru za portal Direktno.hr. kazao je da je u vezi razmatrnaja politi\u010dkih procesa u BiH najopasnija simplifikacija.&nbsp;<\/p>\n\n\n\n<p>&#8211; Jer stvari ne treba shva\u0107ati niti komentirati kako one izgledaju na prvi pogled, posebice ako je taj prvi pogled rezultat medijske i ine manipulacije. Sli\u010dno klasi\u010dnoj fotografiji, fotografiju nastalu kao negativ na fotografskom filmu nu\u017eno je procesuirati kako bi do\u0161li do realne slike. Naravno radi se o percepciji koja je stvorena oko glasovanja hrvatskog kluba na posljednjoj sjednici Doma naroda PS BiH, kada su \u010dlanovi kluba Hrvata glasovali o Zaklju\u010dku da se privremeno suspendira Zakon o izmjenama i dopunama kaznenog zakona, koji je nametnuo biv\u0161i visoki predstavnik Valentin Inzko nekoliko dana prije kraja mandata na kojem je proveo 12 godina. Zakona koji se kolokvijalno naziva i kao &#8216;zakon protiv poricanja genocida &#8211; ukratko je za Direktno objasnio predsjednik Glavnog vije\u0107a HNS-a BiH Bo\u017eo Ljubi\u0107.<\/p>\n\n\n\n<p>Ljubi\u0107 ka\u017ee da se prvo postavlja pitanje za\u0161to je to Inzko napravio ba\u0161 u trenutku napu\u0161tanja mandata a ne prije 10, pet ili dvije godine kada su se masovno poricali ratni zlo\u010dini, kada su osu\u0111eni ratni zlo\u010dinci dobivali odli\u010dja i imenovane institucije prema njima. &#8220;Je li je cilj bio upravo ovo \u0161to se sada doga\u0111a kao blokada institucija i reformi kao reakcija na ovaj Zakon? Je li to bio &#8216;danajski dar&#8217; svom (ne\u017eeljenom?) nasljedniku da bi se zabavio blokadom , umjesto da radi na reformama koje je planirao?&#8221;, upitao je Ljubi\u0107.<\/p>\n\n\n\n<p>&#8211; Bilo kako bilo, ovaj Zakon ne bavi se samo sankcioniranjem poricanja genocida ve\u0107 i sankcioniranjem poricanja svih ratnih zlo\u010dina, slavljenja osu\u0111enih ratnih zlo\u010dinaca itd. Stvorila se percepcija da je ovo zakon isklju\u010divo protiv Srba. Me\u0111utim, ako u\u0111emo u bit ovog Zakona onda bi ve\u0107 danas pored Dodika, koji javno pori\u010de kvalifikaciju zlo\u010din u Srebrenici kao genocid, ve\u0107 bi trebao biti optu\u017een i drugi \u010dlan Predsjedni\u0161tva \u0160efik D\u017eaferovi\u0107 koji je nedavno u Jablanici izjavio da Armija B iH nije \u010dinila zlo\u010dine i to upravo na mjestu gdje je bio logor ABiH i u kojima su kroz torturu pro\u0161li mnogi hrvatski zarobljeni civili i vojnici HVO &#8211; kazao je Bo\u017eo Ljubi\u0107.<\/p>\n\n\n\n<p>Kazao je Ljubi\u0107 da bi trebala ve\u0107 biti optu\u017eena i gradona\u010delnica Sarajeva Benjamina Kari\u0107:<\/p>\n\n\n\n<p>&#8211; Koja je prilikom otvaranja spomenika ubijenim gra\u0111anima srpske nacionalnosti tijekom opsade Sarajeva, koje su po\u010dinili pripadnici 10. brdske brigade na \u010delu s njenim zapovjednikom Mu\u0161anom Topalovi\u0107em Cacom, prvo sprije\u010dila da se na plo\u010du stavi natpis da su tu ubijeni gra\u0111ani srpske nacionalnosti i tko ih je pobio, ve\u0107 je uz to izjavila da slavna ABiH nije \u010dinila zlo\u010dine.&nbsp;<\/p>\n\n\n\n<p>&#8211; \u0160to se ti\u010de odnosa hrvatske politike u BiH prema kvalifikaciji zlo\u010dina u Srebrenici iz prve ruke svjedo\u010dim, kada sam bio \u010dlan Zastupni\u010dkog doma PS BiH (2010.-2014.) i kada je na dnevnom redu bio prijedlog Deklaracije o osudi zlo\u010dina genocida u Srebrenici ja sam, tada kao \u010dlan HDZ 1990, kao i kolege iz HDZ BiH, glasali za usvajanje Deklaracije. Nije usvojena zbog nedostatka entitetske ve\u0107ine iz entiteta RS. Glede glasovanja predstavnika hrvatskog kluba na na\u010din kako su glasovali, ja ne mogu svjedo\u010diti iz prve ruke, ali prema mojim saznanjima ta sjednica Doma naroda je sazvana uz poticaj predstavnika me\u0111unarodne zajednice kako bi se dao doprinos deblokadi rada Parlamenta i glasovalo se o jednom zaklju\u010dku. &#8216;By the way&#8217; nije ni usvojen &#8211; poru\u010dio je Ljubi\u0107.<\/p>\n\n\n\n<p>Kazao je da, koliko on zna, zaklju\u010dak je predvi\u0111ao da se da Vije\u0107u ministara i Parlamentu nekoliko mjeseci vremena da usuglasi i usvoji Zakon koji bi poricanje svih ratnih zlo\u010dina uredio na usugla\u0161en na\u010din.&nbsp;<\/p>\n\n\n\n<p>&#8211; Ovo glasovanje je izazvalo kontroverze pa i osude u javnosti, kao da se glasovalo u prilog poricanja zlo\u010dina genocida u Srebrenici, \u0161to (barem kad je hrvatska strana u pitanju) ne stoji.<\/p>\n\n\n\n<p>Sam \u010covi\u0107, koji je kao predsjedatelj Doma naroda, sjednicu i sazvao, a koji je i kao \u010dlan kluba Hrvata glasovao kako je glasovao, javno ljudski ispri\u010dao onima koje je, mogu\u0107e, ovo glasovanje povrijedilo, a to se nikako ne odnosi samo na \u017ertve jednog naroda uzimaju\u0107i ukupnost Zakona. Hrvati u BiH se godinama suo\u010davaju s negiranjem i neprocesuiranjem zlo\u010dina nad hrvatskim civilima i vojnicima pa se rijetko \u010duju glasovi nekih moralizatora koji se sada zgra\u017eaju nad ovom epizodom &#8211; zaklju\u010dio je Ljubi\u0107 za Direktno.&nbsp;<\/p>\n\n\n\n<p>Izvor:pogled.ba<\/p>\n","protected":false},"excerpt":{"rendered":"<p>Predsjednik Glavnog vije\u0107a HNS-a BiH Bo\u017eo Ljubi\u0107 u razgovoru za portal Direktno.hr. kazao je da je u vezi razmatrnaja politi\u010dkih procesa u BiH najopasnija simplifikacija.&nbsp; &#8211; Jer stvari ne treba shva\u0107ati niti komentirati kako one izgledaju na prvi pogled, posebice ako je taj prvi pogled rezultat medijske i ine manipulacije. Sli\u010dno klasi\u010dnoj fotografiji, fotografiju nastalu [&hellip;]<\/p>\n","protected":false},"author":2,"featured_media":96079,"comment_status":"closed","ping_status":"closed","sticky":false,"template":"","format":"standard","meta":{"h5ap_radio_sources":[],"footnotes":""},"categories":[1],"tags":[],"class_list":["post-96078","post","type-post","status-publish","format-standard","has-post-thumbnail","hentry","category-bihiregija"],"yoast_head":"<!-- This site is optimized with the Yoast SEO plugin v27.4 - https:\/\/yoast.com\/product\/yoast-seo-wordpress\/ -->\n<title>Bo\u017eo Ljubi\u0107: Za negiranje zlo\u010dina treba odgovarati gradona\u010delnica Sarajeva - RADIO LJUBU\u0160KI<\/title>\n<meta name=\"robots\" content=\"index, follow, max-snippet:-1, max-image-preview:large, max-video-preview:-1\" \/>\n<link rel=\"canonical\" href=\"https:\/\/radioljubuski.ba\/index.php\/2021\/12\/05\/bozo-ljubic-za-negiranje-zlocina-treba-odgovarati-gradonacelnica-sarajeva\/\" \/>\n<meta property=\"og:locale\" content=\"hr_HR\" \/>\n<meta property=\"og:type\" content=\"article\" \/>\n<meta property=\"og:title\" content=\"Bo\u017eo Ljubi\u0107: Za negiranje zlo\u010dina treba odgovarati gradona\u010delnica Sarajeva - RADIO LJUBU\u0160KI\" \/>\n<meta property=\"og:description\" content=\"Predsjednik Glavnog vije\u0107a HNS-a BiH Bo\u017eo Ljubi\u0107 u razgovoru za portal Direktno.hr. kazao je da je u vezi razmatrnaja politi\u010dkih procesa u BiH najopasnija simplifikacija.&nbsp; &#8211; Jer stvari ne treba shva\u0107ati niti komentirati kako one izgledaju na prvi pogled, posebice ako je taj prvi pogled rezultat medijske i ine manipulacije. Sli\u010dno klasi\u010dnoj fotografiji, fotografiju nastalu [&hellip;]\" \/>\n<meta property=\"og:url\" content=\"https:\/\/radioljubuski.ba\/index.php\/2021\/12\/05\/bozo-ljubic-za-negiranje-zlocina-treba-odgovarati-gradonacelnica-sarajeva\/\" \/>\n<meta property=\"og:site_name\" content=\"RADIO LJUBU\u0160KI\" \/>\n<meta property=\"article:publisher\" content=\"https:\/\/www.facebook.com\/Radiio-Ljubuski-1490835324566332\" \/>\n<meta property=\"article:published_time\" content=\"2021-12-05T13:59:36+00:00\" \/>\n<meta property=\"og:image\" content=\"https:\/\/radioljubuski.ba\/wp-content\/uploads\/2021\/12\/2-2021-06-03-14-07-16-bozo-ljubic.jpg\" \/>\n\t<meta property=\"og:image:width\" content=\"1000\" \/>\n\t<meta property=\"og:image:height\" content=\"625\" \/>\n\t<meta property=\"og:image:type\" content=\"image\/jpeg\" \/>\n<meta name=\"author\" content=\"Radio Ljubu\u0161ki\" \/>\n<meta name=\"twitter:card\" content=\"summary_large_image\" \/>\n<meta name=\"twitter:creator\" content=\"@radioljubuski\" \/>\n<meta name=\"twitter:site\" content=\"@radioljubuski\" \/>\n<meta name=\"twitter:label1\" content=\"Napisao\/la\" \/>\n\t<meta name=\"twitter:data1\" content=\"Radio Ljubu\u0161ki\" \/>\n\t<meta name=\"twitter:label2\" content=\"Procijenjeno vrijeme \u010ditanja\" \/>\n\t<meta name=\"twitter:data2\" content=\"4 minute\" \/>\n<script type=\"application\/ld+json\" class=\"yoast-schema-graph\">{\"@context\":\"https:\\\/\\\/schema.org\",\"@graph\":[{\"@type\":\"Article\",\"@id\":\"https:\\\/\\\/radioljubuski.ba\\\/index.php\\\/2021\\\/12\\\/05\\\/bozo-ljubic-za-negiranje-zlocina-treba-odgovarati-gradonacelnica-sarajeva\\\/#article\",\"isPartOf\":{\"@id\":\"https:\\\/\\\/radioljubuski.ba\\\/index.php\\\/2021\\\/12\\\/05\\\/bozo-ljubic-za-negiranje-zlocina-treba-odgovarati-gradonacelnica-sarajeva\\\/\"},\"author\":{\"name\":\"Radio Ljubu\u0161ki\",\"@id\":\"https:\\\/\\\/radioljubuski.ba\\\/#\\\/schema\\\/person\\\/19fc700381a780f69665d7956c469e3b\"},\"headline\":\"Bo\u017eo Ljubi\u0107: Za negiranje zlo\u010dina treba odgovarati gradona\u010delnica Sarajeva\",\"datePublished\":\"2021-12-05T13:59:36+00:00\",\"mainEntityOfPage\":{\"@id\":\"https:\\\/\\\/radioljubuski.ba\\\/index.php\\\/2021\\\/12\\\/05\\\/bozo-ljubic-za-negiranje-zlocina-treba-odgovarati-gradonacelnica-sarajeva\\\/\"},\"wordCount\":782,\"publisher\":{\"@id\":\"https:\\\/\\\/radioljubuski.ba\\\/#organization\"},\"image\":{\"@id\":\"https:\\\/\\\/radioljubuski.ba\\\/index.php\\\/2021\\\/12\\\/05\\\/bozo-ljubic-za-negiranje-zlocina-treba-odgovarati-gradonacelnica-sarajeva\\\/#primaryimage\"},\"thumbnailUrl\":\"https:\\\/\\\/radioljubuski.ba\\\/wp-content\\\/uploads\\\/2021\\\/12\\\/2-2021-06-03-14-07-16-bozo-ljubic.jpg\",\"articleSection\":[\"BIH i regija\"],\"inLanguage\":\"hr\"},{\"@type\":\"WebPage\",\"@id\":\"https:\\\/\\\/radioljubuski.ba\\\/index.php\\\/2021\\\/12\\\/05\\\/bozo-ljubic-za-negiranje-zlocina-treba-odgovarati-gradonacelnica-sarajeva\\\/\",\"url\":\"https:\\\/\\\/radioljubuski.ba\\\/index.php\\\/2021\\\/12\\\/05\\\/bozo-ljubic-za-negiranje-zlocina-treba-odgovarati-gradonacelnica-sarajeva\\\/\",\"name\":\"Bo\u017eo Ljubi\u0107: Za negiranje zlo\u010dina treba odgovarati gradona\u010delnica Sarajeva - RADIO LJUBU\u0160KI\",\"isPartOf\":{\"@id\":\"https:\\\/\\\/radioljubuski.ba\\\/#website\"},\"primaryImageOfPage\":{\"@id\":\"https:\\\/\\\/radioljubuski.ba\\\/index.php\\\/2021\\\/12\\\/05\\\/bozo-ljubic-za-negiranje-zlocina-treba-odgovarati-gradonacelnica-sarajeva\\\/#primaryimage\"},\"image\":{\"@id\":\"https:\\\/\\\/radioljubuski.ba\\\/index.php\\\/2021\\\/12\\\/05\\\/bozo-ljubic-za-negiranje-zlocina-treba-odgovarati-gradonacelnica-sarajeva\\\/#primaryimage\"},\"thumbnailUrl\":\"https:\\\/\\\/radioljubuski.ba\\\/wp-content\\\/uploads\\\/2021\\\/12\\\/2-2021-06-03-14-07-16-bozo-ljubic.jpg\",\"datePublished\":\"2021-12-05T13:59:36+00:00\",\"breadcrumb\":{\"@id\":\"https:\\\/\\\/radioljubuski.ba\\\/index.php\\\/2021\\\/12\\\/05\\\/bozo-ljubic-za-negiranje-zlocina-treba-odgovarati-gradonacelnica-sarajeva\\\/#breadcrumb\"},\"inLanguage\":\"hr\",\"potentialAction\":[{\"@type\":\"ReadAction\",\"target\":[\"https:\\\/\\\/radioljubuski.ba\\\/index.php\\\/2021\\\/12\\\/05\\\/bozo-ljubic-za-negiranje-zlocina-treba-odgovarati-gradonacelnica-sarajeva\\\/\"]}]},{\"@type\":\"ImageObject\",\"inLanguage\":\"hr\",\"@id\":\"https:\\\/\\\/radioljubuski.ba\\\/index.php\\\/2021\\\/12\\\/05\\\/bozo-ljubic-za-negiranje-zlocina-treba-odgovarati-gradonacelnica-sarajeva\\\/#primaryimage\",\"url\":\"https:\\\/\\\/radioljubuski.ba\\\/wp-content\\\/uploads\\\/2021\\\/12\\\/2-2021-06-03-14-07-16-bozo-ljubic.jpg\",\"contentUrl\":\"https:\\\/\\\/radioljubuski.ba\\\/wp-content\\\/uploads\\\/2021\\\/12\\\/2-2021-06-03-14-07-16-bozo-ljubic.jpg\",\"width\":1000,\"height\":625},{\"@type\":\"BreadcrumbList\",\"@id\":\"https:\\\/\\\/radioljubuski.ba\\\/index.php\\\/2021\\\/12\\\/05\\\/bozo-ljubic-za-negiranje-zlocina-treba-odgovarati-gradonacelnica-sarajeva\\\/#breadcrumb\",\"itemListElement\":[{\"@type\":\"ListItem\",\"position\":1,\"name\":\"Po\u010detna stranica\",\"item\":\"https:\\\/\\\/radioljubuski.ba\\\/\"},{\"@type\":\"ListItem\",\"position\":2,\"name\":\"Bo\u017eo Ljubi\u0107: Za negiranje zlo\u010dina treba odgovarati gradona\u010delnica Sarajeva\"}]},{\"@type\":\"WebSite\",\"@id\":\"https:\\\/\\\/radioljubuski.ba\\\/#website\",\"url\":\"https:\\\/\\\/radioljubuski.ba\\\/\",\"name\":\"Radio Ljubu\u0161ki\",\"description\":\"Sun\u010dana frekvencija Hercegovine\",\"publisher\":{\"@id\":\"https:\\\/\\\/radioljubuski.ba\\\/#organization\"},\"potentialAction\":[{\"@type\":\"SearchAction\",\"target\":{\"@type\":\"EntryPoint\",\"urlTemplate\":\"https:\\\/\\\/radioljubuski.ba\\\/?s={search_term_string}\"},\"query-input\":{\"@type\":\"PropertyValueSpecification\",\"valueRequired\":true,\"valueName\":\"search_term_string\"}}],\"inLanguage\":\"hr\"},{\"@type\":\"Organization\",\"@id\":\"https:\\\/\\\/radioljubuski.ba\\\/#organization\",\"name\":\"Radio Ljubu\u0161ki\",\"url\":\"https:\\\/\\\/radioljubuski.ba\\\/\",\"logo\":{\"@type\":\"ImageObject\",\"inLanguage\":\"hr\",\"@id\":\"https:\\\/\\\/radioljubuski.ba\\\/#\\\/schema\\\/logo\\\/image\\\/\",\"url\":\"https:\\\/\\\/radioljubuski.ba\\\/wp-content\\\/uploads\\\/2021\\\/02\\\/cropped-Radio_Ljubuski_logo1.jpg\",\"contentUrl\":\"https:\\\/\\\/radioljubuski.ba\\\/wp-content\\\/uploads\\\/2021\\\/02\\\/cropped-Radio_Ljubuski_logo1.jpg\",\"width\":512,\"height\":512,\"caption\":\"Radio Ljubu\u0161ki\"},\"image\":{\"@id\":\"https:\\\/\\\/radioljubuski.ba\\\/#\\\/schema\\\/logo\\\/image\\\/\"},\"sameAs\":[\"https:\\\/\\\/www.facebook.com\\\/Radiio-Ljubuski-1490835324566332\",\"https:\\\/\\\/x.com\\\/radioljubuski\",\"https:\\\/\\\/hr.linkedin.com\\\/company\\\/radio-ljubuski\",\"https:\\\/\\\/www.youtube.com\\\/channel\\\/UCHYaeO_n0Db3tjNGudGpXyw\"]},{\"@type\":\"Person\",\"@id\":\"https:\\\/\\\/radioljubuski.ba\\\/#\\\/schema\\\/person\\\/19fc700381a780f69665d7956c469e3b\",\"name\":\"Radio Ljubu\u0161ki\"}]}<\/script>\n<!-- \/ Yoast SEO plugin. -->","yoast_head_json":{"title":"Bo\u017eo Ljubi\u0107: Za negiranje zlo\u010dina treba odgovarati gradona\u010delnica Sarajeva - RADIO LJUBU\u0160KI","robots":{"index":"index","follow":"follow","max-snippet":"max-snippet:-1","max-image-preview":"max-image-preview:large","max-video-preview":"max-video-preview:-1"},"canonical":"https:\/\/radioljubuski.ba\/index.php\/2021\/12\/05\/bozo-ljubic-za-negiranje-zlocina-treba-odgovarati-gradonacelnica-sarajeva\/","og_locale":"hr_HR","og_type":"article","og_title":"Bo\u017eo Ljubi\u0107: Za negiranje zlo\u010dina treba odgovarati gradona\u010delnica Sarajeva - RADIO LJUBU\u0160KI","og_description":"Predsjednik Glavnog vije\u0107a HNS-a BiH Bo\u017eo Ljubi\u0107 u razgovoru za portal Direktno.hr. kazao je da je u vezi razmatrnaja politi\u010dkih procesa u BiH najopasnija simplifikacija.&nbsp; &#8211; Jer stvari ne treba shva\u0107ati niti komentirati kako one izgledaju na prvi pogled, posebice ako je taj prvi pogled rezultat medijske i ine manipulacije. Sli\u010dno klasi\u010dnoj fotografiji, fotografiju nastalu [&hellip;]","og_url":"https:\/\/radioljubuski.ba\/index.php\/2021\/12\/05\/bozo-ljubic-za-negiranje-zlocina-treba-odgovarati-gradonacelnica-sarajeva\/","og_site_name":"RADIO LJUBU\u0160KI","article_publisher":"https:\/\/www.facebook.com\/Radiio-Ljubuski-1490835324566332","article_published_time":"2021-12-05T13:59:36+00:00","og_image":[{"width":1000,"height":625,"url":"https:\/\/radioljubuski.ba\/wp-content\/uploads\/2021\/12\/2-2021-06-03-14-07-16-bozo-ljubic.jpg","type":"image\/jpeg"}],"author":"Radio Ljubu\u0161ki","twitter_card":"summary_large_image","twitter_creator":"@radioljubuski","twitter_site":"@radioljubuski","twitter_misc":{"Napisao\/la":"Radio Ljubu\u0161ki","Procijenjeno vrijeme \u010ditanja":"4 minute"},"schema":{"@context":"https:\/\/schema.org","@graph":[{"@type":"Article","@id":"https:\/\/radioljubuski.ba\/index.php\/2021\/12\/05\/bozo-ljubic-za-negiranje-zlocina-treba-odgovarati-gradonacelnica-sarajeva\/#article","isPartOf":{"@id":"https:\/\/radioljubuski.ba\/index.php\/2021\/12\/05\/bozo-ljubic-za-negiranje-zlocina-treba-odgovarati-gradonacelnica-sarajeva\/"},"author":{"name":"Radio Ljubu\u0161ki","@id":"https:\/\/radioljubuski.ba\/#\/schema\/person\/19fc700381a780f69665d7956c469e3b"},"headline":"Bo\u017eo Ljubi\u0107: Za negiranje zlo\u010dina treba odgovarati gradona\u010delnica Sarajeva","datePublished":"2021-12-05T13:59:36+00:00","mainEntityOfPage":{"@id":"https:\/\/radioljubuski.ba\/index.php\/2021\/12\/05\/bozo-ljubic-za-negiranje-zlocina-treba-odgovarati-gradonacelnica-sarajeva\/"},"wordCount":782,"publisher":{"@id":"https:\/\/radioljubuski.ba\/#organization"},"image":{"@id":"https:\/\/radioljubuski.ba\/index.php\/2021\/12\/05\/bozo-ljubic-za-negiranje-zlocina-treba-odgovarati-gradonacelnica-sarajeva\/#primaryimage"},"thumbnailUrl":"https:\/\/radioljubuski.ba\/wp-content\/uploads\/2021\/12\/2-2021-06-03-14-07-16-bozo-ljubic.jpg","articleSection":["BIH i regija"],"inLanguage":"hr"},{"@type":"WebPage","@id":"https:\/\/radioljubuski.ba\/index.php\/2021\/12\/05\/bozo-ljubic-za-negiranje-zlocina-treba-odgovarati-gradonacelnica-sarajeva\/","url":"https:\/\/radioljubuski.ba\/index.php\/2021\/12\/05\/bozo-ljubic-za-negiranje-zlocina-treba-odgovarati-gradonacelnica-sarajeva\/","name":"Bo\u017eo Ljubi\u0107: Za negiranje zlo\u010dina treba odgovarati gradona\u010delnica Sarajeva - RADIO LJUBU\u0160KI","isPartOf":{"@id":"https:\/\/radioljubuski.ba\/#website"},"primaryImageOfPage":{"@id":"https:\/\/radioljubuski.ba\/index.php\/2021\/12\/05\/bozo-ljubic-za-negiranje-zlocina-treba-odgovarati-gradonacelnica-sarajeva\/#primaryimage"},"image":{"@id":"https:\/\/radioljubuski.ba\/index.php\/2021\/12\/05\/bozo-ljubic-za-negiranje-zlocina-treba-odgovarati-gradonacelnica-sarajeva\/#primaryimage"},"thumbnailUrl":"https:\/\/radioljubuski.ba\/wp-content\/uploads\/2021\/12\/2-2021-06-03-14-07-16-bozo-ljubic.jpg","datePublished":"2021-12-05T13:59:36+00:00","breadcrumb":{"@id":"https:\/\/radioljubuski.ba\/index.php\/2021\/12\/05\/bozo-ljubic-za-negiranje-zlocina-treba-odgovarati-gradonacelnica-sarajeva\/#breadcrumb"},"inLanguage":"hr","potentialAction":[{"@type":"ReadAction","target":["https:\/\/radioljubuski.ba\/index.php\/2021\/12\/05\/bozo-ljubic-za-negiranje-zlocina-treba-odgovarati-gradonacelnica-sarajeva\/"]}]},{"@type":"ImageObject","inLanguage":"hr","@id":"https:\/\/radioljubuski.ba\/index.php\/2021\/12\/05\/bozo-ljubic-za-negiranje-zlocina-treba-odgovarati-gradonacelnica-sarajeva\/#primaryimage","url":"https:\/\/radioljubuski.ba\/wp-content\/uploads\/2021\/12\/2-2021-06-03-14-07-16-bozo-ljubic.jpg","contentUrl":"https:\/\/radioljubuski.ba\/wp-content\/uploads\/2021\/12\/2-2021-06-03-14-07-16-bozo-ljubic.jpg","width":1000,"height":625},{"@type":"BreadcrumbList","@id":"https:\/\/radioljubuski.ba\/index.php\/2021\/12\/05\/bozo-ljubic-za-negiranje-zlocina-treba-odgovarati-gradonacelnica-sarajeva\/#breadcrumb","itemListElement":[{"@type":"ListItem","position":1,"name":"Po\u010detna stranica","item":"https:\/\/radioljubuski.ba\/"},{"@type":"ListItem","position":2,"name":"Bo\u017eo Ljubi\u0107: Za negiranje zlo\u010dina treba odgovarati gradona\u010delnica Sarajeva"}]},{"@type":"WebSite","@id":"https:\/\/radioljubuski.ba\/#website","url":"https:\/\/radioljubuski.ba\/","name":"Radio Ljubu\u0161ki","description":"Sun\u010dana frekvencija Hercegovine","publisher":{"@id":"https:\/\/radioljubuski.ba\/#organization"},"potentialAction":[{"@type":"SearchAction","target":{"@type":"EntryPoint","urlTemplate":"https:\/\/radioljubuski.ba\/?s={search_term_string}"},"query-input":{"@type":"PropertyValueSpecification","valueRequired":true,"valueName":"search_term_string"}}],"inLanguage":"hr"},{"@type":"Organization","@id":"https:\/\/radioljubuski.ba\/#organization","name":"Radio Ljubu\u0161ki","url":"https:\/\/radioljubuski.ba\/","logo":{"@type":"ImageObject","inLanguage":"hr","@id":"https:\/\/radioljubuski.ba\/#\/schema\/logo\/image\/","url":"https:\/\/radioljubuski.ba\/wp-content\/uploads\/2021\/02\/cropped-Radio_Ljubuski_logo1.jpg","contentUrl":"https:\/\/radioljubuski.ba\/wp-content\/uploads\/2021\/02\/cropped-Radio_Ljubuski_logo1.jpg","width":512,"height":512,"caption":"Radio Ljubu\u0161ki"},"image":{"@id":"https:\/\/radioljubuski.ba\/#\/schema\/logo\/image\/"},"sameAs":["https:\/\/www.facebook.com\/Radiio-Ljubuski-1490835324566332","https:\/\/x.com\/radioljubuski","https:\/\/hr.linkedin.com\/company\/radio-ljubuski","https:\/\/www.youtube.com\/channel\/UCHYaeO_n0Db3tjNGudGpXyw"]},{"@type":"Person","@id":"https:\/\/radioljubuski.ba\/#\/schema\/person\/19fc700381a780f69665d7956c469e3b","name":"Radio Ljubu\u0161ki"}]}},"_links":{"self":[{"href":"https:\/\/radioljubuski.ba\/index.php\/wp-json\/wp\/v2\/posts\/96078","targetHints":{"allow":["GET"]}}],"collection":[{"href":"https:\/\/radioljubuski.ba\/index.php\/wp-json\/wp\/v2\/posts"}],"about":[{"href":"https:\/\/radioljubuski.ba\/index.php\/wp-json\/wp\/v2\/types\/post"}],"author":[{"embeddable":true,"href":"https:\/\/radioljubuski.ba\/index.php\/wp-json\/wp\/v2\/users\/2"}],"replies":[{"embeddable":true,"href":"https:\/\/radioljubuski.ba\/index.php\/wp-json\/wp\/v2\/comments?post=96078"}],"version-history":[{"count":1,"href":"https:\/\/radioljubuski.ba\/index.php\/wp-json\/wp\/v2\/posts\/96078\/revisions"}],"predecessor-version":[{"id":96080,"href":"https:\/\/radioljubuski.ba\/index.php\/wp-json\/wp\/v2\/posts\/96078\/revisions\/96080"}],"wp:featuredmedia":[{"embeddable":true,"href":"https:\/\/radioljubuski.ba\/index.php\/wp-json\/wp\/v2\/media\/96079"}],"wp:attachment":[{"href":"https:\/\/radioljubuski.ba\/index.php\/wp-json\/wp\/v2\/media?parent=96078"}],"wp:term":[{"taxonomy":"category","embeddable":true,"href":"https:\/\/radioljubuski.ba\/index.php\/wp-json\/wp\/v2\/categories?post=96078"},{"taxonomy":"post_tag","embeddable":true,"href":"https:\/\/radioljubuski.ba\/index.php\/wp-json\/wp\/v2\/tags?post=96078"}],"curies":[{"name":"wp","href":"https:\/\/api.w.org\/{rel}","templated":true}]}}