{"id":96095,"date":"2021-12-05T15:05:53","date_gmt":"2021-12-05T14:05:53","guid":{"rendered":"https:\/\/radioljubuski.ba\/?p=96095"},"modified":"2021-12-05T15:05:54","modified_gmt":"2021-12-05T14:05:54","slug":"vucic-nakon-prosvjeda-najavio-izmjene-spornog-zakona-o-eksproprijaciji","status":"publish","type":"post","link":"https:\/\/radioljubuski.ba\/index.php\/2021\/12\/05\/vucic-nakon-prosvjeda-najavio-izmjene-spornog-zakona-o-eksproprijaciji\/","title":{"rendered":"Vu\u010di\u0107 nakon prosvjeda najavio izmjene spornog zakona o eksproprijaciji"},"content":{"rendered":"\n<p>Srbijanski predsjednik u subotu je, nakon prosvjeda i blokada prometnica u kojima ve\u0107 dva vikenda sudjelu tisu\u0107e ljudi diljem Srbije, najavio mogu\u0107nost izmjena spornog zakona o eksproprijaciji po hitnom postupku i njihovo usvajanje do kraja godine.<\/p>\n\n\n\n<p>Ceste u ve\u0107em dijelu Srbije bile su u subotu blokirane dva sata tijekom prosvjeda kojima tisu\u0107e ekolo\u0161kih aktivista, \u010dlanova nevladinih udruga i gra\u0111ana nastoje ishoditi povla\u010denje zakona o eksproprijaciji i o referendumu koje smatraju preduvjetima za ekolo\u0161ki spornu eksploataciju litija na zapadu i sredi\u0161njem dijelu zemlje.<\/p>\n\n\n\n<p>Po izvje\u0161\u0107ima srbijanskih medija, prosvjedi su protekli uglavnom mirno, policije skoro da nije ni bilo za razliku od pro\u0161log vikenda. Zabilje\u017eeni su sporadi\u010dni incidenti i tu\u010dnjave s protivnicima blokade u kojima su ozlije\u0111ene \u010detiri osobe.<\/p>\n\n\n\n<p>Prosvjedi su organizirani drugi vikend zaredom zbog namjera me\u0111unarodne korporacije &#8220;Rio Tinto&#8221; da eksploatira rudu jadarit iz koje se dobija litij, te zbog spornih zakona usvojenih u Skup\u0161tini Srbije &#8211; o referendumu, koji je predsjednik Vu\u010di\u0107 potpisao, i zakona o eksproprijaciji, za koje se tvrdi da su preduvjeti koji \u0107e omogu\u0107iti taj ekolo\u0161ki sporan projekt rudarenja litija.<\/p>\n\n\n\n<p>U vrijeme prosvjeda Vu\u010di\u0107 je posjetio selo Gornje Nedeljice u zapadnoj Srbiji, gdje je planiran projekt eksploatiranja litija, koji prosvjednici smatraju ekolo\u0161kom prijetnjom, i najavio mogu\u0107ne izmjene zakona.<\/p>\n\n\n\n<p>Vu\u010di\u0107, koji do 10. prosinca treba potpisati zakon o eksproprijaciji usvojen u parlamentu koncem studenoga, rekao je kako \u0107e poku\u0161ati ishoditi izmjene spornog zakona, koje bi po hitnoj proceduri srbijanski parlament mogao usvojiti prije Nove godine.<\/p>\n\n\n\n<p>\u201eAko se mo\u017eemo dogovoriti o tim izmjenama s ljudima odavde &#8211; mo\u017eemo, ako ne, da vratimo stari zakon, kao da nema nikakvih izmjena, tako da de facto taj zakon ne bi va\u017eio. Ja se ne mogu igrati s Ustavom, ali ovo \u0161to vam ka\u017eem nema filozofije i bit \u0107e ispunjeno\u201c, rekao je Vu\u010di\u0107 mje\u0161tanima nekoliko sela na podru\u010dju Jadra s kojima je danas razgovarao.<\/p>\n\n\n\n<p>Ustvrdiv\u0161i kako sporni zakon &#8220;nema veze s &#8216;RioTintom'&#8221;, Vu\u010di\u0107 je taj propis ocijenio &#8220;sukladnim&#8221; Ustavu Srbije, te naveo kako &#8220;postoje norme koje bi kritizirao&#8221;, a koje se ti\u010du cijena otkupa zemlji\u0161ta u pojedinim krajevima Srbije koju dr\u017eava treba platiti vlasnicima.<\/p>\n\n\n\n<p>Vu\u010di\u0107 je sugovornicima iz sela s podru\u010dja Jadra i Ma\u010dve obe\u0107ao da \u0107e se razgovarati s &#8220;Rio Tintom&#8221; da se planirani deponiji izmjesti iz doline Jadra i da &#8220;ne mogu ra\u010dunati samo na svoj profit&#8221;, ve\u0107 &#8220;da moraju voditi ra\u010duna o zdravlju ljudi i njihovom opstanku\u201c.<\/p>\n\n\n\n<p>Ameri\u010dki Washington Post izvjestio je da su &#8220;tisu\u0107e ljudi u Beogradu i drugim gradovima Srbije blokirale glavne prometnice i mostove prosvjeduju\u0107i protiv planiranog rudnika litija, unato\u010d upozorenjima policije i kampanji zastra\u0161ivanja koju su vlasti pokrenule protiv demonstranata&#8221;.<\/p>\n\n\n\n<p>Uniformirana policija nije bila vidljiva tijekom dvosatnih prosvjeda koje je list ocijenio kao \u201enajmasovnije demonstracije protiv populisti\u010dke vlasti u Srbiji u posljednjih nekoliko godina\u201c, prenosi Hina.<\/p>\n\n\n\n<p>Izvor:pogled.ba<\/p>\n","protected":false},"excerpt":{"rendered":"<p>Srbijanski predsjednik u subotu je, nakon prosvjeda i blokada prometnica u kojima ve\u0107 dva vikenda sudjelu tisu\u0107e ljudi diljem Srbije, najavio mogu\u0107nost izmjena spornog zakona o eksproprijaciji po hitnom postupku i njihovo usvajanje do kraja godine. Ceste u ve\u0107em dijelu Srbije bile su u subotu blokirane dva sata tijekom prosvjeda kojima tisu\u0107e ekolo\u0161kih aktivista, \u010dlanova [&hellip;]<\/p>\n","protected":false},"author":2,"featured_media":96096,"comment_status":"closed","ping_status":"closed","sticky":false,"template":"","format":"standard","meta":{"h5ap_radio_sources":[],"footnotes":""},"categories":[1],"tags":[],"class_list":["post-96095","post","type-post","status-publish","format-standard","has-post-thumbnail","hentry","category-bihiregija"],"yoast_head":"<!-- This site is optimized with the Yoast SEO plugin v27.4 - https:\/\/yoast.com\/product\/yoast-seo-wordpress\/ -->\n<title>Vu\u010di\u0107 nakon prosvjeda najavio izmjene spornog zakona o eksproprijaciji - RADIO LJUBU\u0160KI<\/title>\n<meta name=\"robots\" content=\"index, follow, max-snippet:-1, max-image-preview:large, max-video-preview:-1\" \/>\n<link rel=\"canonical\" href=\"https:\/\/radioljubuski.ba\/index.php\/2021\/12\/05\/vucic-nakon-prosvjeda-najavio-izmjene-spornog-zakona-o-eksproprijaciji\/\" \/>\n<meta property=\"og:locale\" content=\"hr_HR\" \/>\n<meta property=\"og:type\" content=\"article\" \/>\n<meta property=\"og:title\" content=\"Vu\u010di\u0107 nakon prosvjeda najavio izmjene spornog zakona o eksproprijaciji - RADIO LJUBU\u0160KI\" \/>\n<meta property=\"og:description\" content=\"Srbijanski predsjednik u subotu je, nakon prosvjeda i blokada prometnica u kojima ve\u0107 dva vikenda sudjelu tisu\u0107e ljudi diljem Srbije, najavio mogu\u0107nost izmjena spornog zakona o eksproprijaciji po hitnom postupku i njihovo usvajanje do kraja godine. Ceste u ve\u0107em dijelu Srbije bile su u subotu blokirane dva sata tijekom prosvjeda kojima tisu\u0107e ekolo\u0161kih aktivista, \u010dlanova [&hellip;]\" \/>\n<meta property=\"og:url\" content=\"https:\/\/radioljubuski.ba\/index.php\/2021\/12\/05\/vucic-nakon-prosvjeda-najavio-izmjene-spornog-zakona-o-eksproprijaciji\/\" \/>\n<meta property=\"og:site_name\" content=\"RADIO LJUBU\u0160KI\" \/>\n<meta property=\"article:publisher\" content=\"https:\/\/www.facebook.com\/Radiio-Ljubuski-1490835324566332\" \/>\n<meta property=\"article:published_time\" content=\"2021-12-05T14:05:53+00:00\" \/>\n<meta property=\"article:modified_time\" content=\"2021-12-05T14:05:54+00:00\" \/>\n<meta property=\"og:image\" content=\"https:\/\/radioljubuski.ba\/wp-content\/uploads\/2021\/12\/ddde5da5-1beb-4abe-a321-d523d206bda4.jpg\" \/>\n\t<meta property=\"og:image:width\" content=\"480\" \/>\n\t<meta property=\"og:image:height\" content=\"276\" \/>\n\t<meta property=\"og:image:type\" content=\"image\/jpeg\" \/>\n<meta name=\"author\" content=\"Radio Ljubu\u0161ki\" \/>\n<meta name=\"twitter:card\" content=\"summary_large_image\" \/>\n<meta name=\"twitter:creator\" content=\"@radioljubuski\" \/>\n<meta name=\"twitter:site\" content=\"@radioljubuski\" \/>\n<meta name=\"twitter:label1\" content=\"Napisao\/la\" \/>\n\t<meta name=\"twitter:data1\" content=\"Radio Ljubu\u0161ki\" \/>\n\t<meta name=\"twitter:label2\" content=\"Procijenjeno vrijeme \u010ditanja\" \/>\n\t<meta name=\"twitter:data2\" content=\"2 minute\" \/>\n<script type=\"application\/ld+json\" class=\"yoast-schema-graph\">{\"@context\":\"https:\\\/\\\/schema.org\",\"@graph\":[{\"@type\":\"Article\",\"@id\":\"https:\\\/\\\/radioljubuski.ba\\\/index.php\\\/2021\\\/12\\\/05\\\/vucic-nakon-prosvjeda-najavio-izmjene-spornog-zakona-o-eksproprijaciji\\\/#article\",\"isPartOf\":{\"@id\":\"https:\\\/\\\/radioljubuski.ba\\\/index.php\\\/2021\\\/12\\\/05\\\/vucic-nakon-prosvjeda-najavio-izmjene-spornog-zakona-o-eksproprijaciji\\\/\"},\"author\":{\"name\":\"Radio Ljubu\u0161ki\",\"@id\":\"https:\\\/\\\/radioljubuski.ba\\\/#\\\/schema\\\/person\\\/19fc700381a780f69665d7956c469e3b\"},\"headline\":\"Vu\u010di\u0107 nakon prosvjeda najavio izmjene spornog zakona o eksproprijaciji\",\"datePublished\":\"2021-12-05T14:05:53+00:00\",\"dateModified\":\"2021-12-05T14:05:54+00:00\",\"mainEntityOfPage\":{\"@id\":\"https:\\\/\\\/radioljubuski.ba\\\/index.php\\\/2021\\\/12\\\/05\\\/vucic-nakon-prosvjeda-najavio-izmjene-spornog-zakona-o-eksproprijaciji\\\/\"},\"wordCount\":511,\"publisher\":{\"@id\":\"https:\\\/\\\/radioljubuski.ba\\\/#organization\"},\"image\":{\"@id\":\"https:\\\/\\\/radioljubuski.ba\\\/index.php\\\/2021\\\/12\\\/05\\\/vucic-nakon-prosvjeda-najavio-izmjene-spornog-zakona-o-eksproprijaciji\\\/#primaryimage\"},\"thumbnailUrl\":\"https:\\\/\\\/radioljubuski.ba\\\/wp-content\\\/uploads\\\/2021\\\/12\\\/ddde5da5-1beb-4abe-a321-d523d206bda4.jpg\",\"articleSection\":[\"BIH i regija\"],\"inLanguage\":\"hr\"},{\"@type\":\"WebPage\",\"@id\":\"https:\\\/\\\/radioljubuski.ba\\\/index.php\\\/2021\\\/12\\\/05\\\/vucic-nakon-prosvjeda-najavio-izmjene-spornog-zakona-o-eksproprijaciji\\\/\",\"url\":\"https:\\\/\\\/radioljubuski.ba\\\/index.php\\\/2021\\\/12\\\/05\\\/vucic-nakon-prosvjeda-najavio-izmjene-spornog-zakona-o-eksproprijaciji\\\/\",\"name\":\"Vu\u010di\u0107 nakon prosvjeda najavio izmjene spornog zakona o eksproprijaciji - RADIO LJUBU\u0160KI\",\"isPartOf\":{\"@id\":\"https:\\\/\\\/radioljubuski.ba\\\/#website\"},\"primaryImageOfPage\":{\"@id\":\"https:\\\/\\\/radioljubuski.ba\\\/index.php\\\/2021\\\/12\\\/05\\\/vucic-nakon-prosvjeda-najavio-izmjene-spornog-zakona-o-eksproprijaciji\\\/#primaryimage\"},\"image\":{\"@id\":\"https:\\\/\\\/radioljubuski.ba\\\/index.php\\\/2021\\\/12\\\/05\\\/vucic-nakon-prosvjeda-najavio-izmjene-spornog-zakona-o-eksproprijaciji\\\/#primaryimage\"},\"thumbnailUrl\":\"https:\\\/\\\/radioljubuski.ba\\\/wp-content\\\/uploads\\\/2021\\\/12\\\/ddde5da5-1beb-4abe-a321-d523d206bda4.jpg\",\"datePublished\":\"2021-12-05T14:05:53+00:00\",\"dateModified\":\"2021-12-05T14:05:54+00:00\",\"breadcrumb\":{\"@id\":\"https:\\\/\\\/radioljubuski.ba\\\/index.php\\\/2021\\\/12\\\/05\\\/vucic-nakon-prosvjeda-najavio-izmjene-spornog-zakona-o-eksproprijaciji\\\/#breadcrumb\"},\"inLanguage\":\"hr\",\"potentialAction\":[{\"@type\":\"ReadAction\",\"target\":[\"https:\\\/\\\/radioljubuski.ba\\\/index.php\\\/2021\\\/12\\\/05\\\/vucic-nakon-prosvjeda-najavio-izmjene-spornog-zakona-o-eksproprijaciji\\\/\"]}]},{\"@type\":\"ImageObject\",\"inLanguage\":\"hr\",\"@id\":\"https:\\\/\\\/radioljubuski.ba\\\/index.php\\\/2021\\\/12\\\/05\\\/vucic-nakon-prosvjeda-najavio-izmjene-spornog-zakona-o-eksproprijaciji\\\/#primaryimage\",\"url\":\"https:\\\/\\\/radioljubuski.ba\\\/wp-content\\\/uploads\\\/2021\\\/12\\\/ddde5da5-1beb-4abe-a321-d523d206bda4.jpg\",\"contentUrl\":\"https:\\\/\\\/radioljubuski.ba\\\/wp-content\\\/uploads\\\/2021\\\/12\\\/ddde5da5-1beb-4abe-a321-d523d206bda4.jpg\",\"width\":480,\"height\":276},{\"@type\":\"BreadcrumbList\",\"@id\":\"https:\\\/\\\/radioljubuski.ba\\\/index.php\\\/2021\\\/12\\\/05\\\/vucic-nakon-prosvjeda-najavio-izmjene-spornog-zakona-o-eksproprijaciji\\\/#breadcrumb\",\"itemListElement\":[{\"@type\":\"ListItem\",\"position\":1,\"name\":\"Po\u010detna stranica\",\"item\":\"https:\\\/\\\/radioljubuski.ba\\\/\"},{\"@type\":\"ListItem\",\"position\":2,\"name\":\"Vu\u010di\u0107 nakon prosvjeda najavio izmjene spornog zakona o eksproprijaciji\"}]},{\"@type\":\"WebSite\",\"@id\":\"https:\\\/\\\/radioljubuski.ba\\\/#website\",\"url\":\"https:\\\/\\\/radioljubuski.ba\\\/\",\"name\":\"Radio Ljubu\u0161ki\",\"description\":\"Sun\u010dana frekvencija Hercegovine\",\"publisher\":{\"@id\":\"https:\\\/\\\/radioljubuski.ba\\\/#organization\"},\"potentialAction\":[{\"@type\":\"SearchAction\",\"target\":{\"@type\":\"EntryPoint\",\"urlTemplate\":\"https:\\\/\\\/radioljubuski.ba\\\/?s={search_term_string}\"},\"query-input\":{\"@type\":\"PropertyValueSpecification\",\"valueRequired\":true,\"valueName\":\"search_term_string\"}}],\"inLanguage\":\"hr\"},{\"@type\":\"Organization\",\"@id\":\"https:\\\/\\\/radioljubuski.ba\\\/#organization\",\"name\":\"Radio Ljubu\u0161ki\",\"url\":\"https:\\\/\\\/radioljubuski.ba\\\/\",\"logo\":{\"@type\":\"ImageObject\",\"inLanguage\":\"hr\",\"@id\":\"https:\\\/\\\/radioljubuski.ba\\\/#\\\/schema\\\/logo\\\/image\\\/\",\"url\":\"https:\\\/\\\/radioljubuski.ba\\\/wp-content\\\/uploads\\\/2021\\\/02\\\/cropped-Radio_Ljubuski_logo1.jpg\",\"contentUrl\":\"https:\\\/\\\/radioljubuski.ba\\\/wp-content\\\/uploads\\\/2021\\\/02\\\/cropped-Radio_Ljubuski_logo1.jpg\",\"width\":512,\"height\":512,\"caption\":\"Radio Ljubu\u0161ki\"},\"image\":{\"@id\":\"https:\\\/\\\/radioljubuski.ba\\\/#\\\/schema\\\/logo\\\/image\\\/\"},\"sameAs\":[\"https:\\\/\\\/www.facebook.com\\\/Radiio-Ljubuski-1490835324566332\",\"https:\\\/\\\/x.com\\\/radioljubuski\",\"https:\\\/\\\/hr.linkedin.com\\\/company\\\/radio-ljubuski\",\"https:\\\/\\\/www.youtube.com\\\/channel\\\/UCHYaeO_n0Db3tjNGudGpXyw\"]},{\"@type\":\"Person\",\"@id\":\"https:\\\/\\\/radioljubuski.ba\\\/#\\\/schema\\\/person\\\/19fc700381a780f69665d7956c469e3b\",\"name\":\"Radio Ljubu\u0161ki\"}]}<\/script>\n<!-- \/ Yoast SEO plugin. -->","yoast_head_json":{"title":"Vu\u010di\u0107 nakon prosvjeda najavio izmjene spornog zakona o eksproprijaciji - RADIO LJUBU\u0160KI","robots":{"index":"index","follow":"follow","max-snippet":"max-snippet:-1","max-image-preview":"max-image-preview:large","max-video-preview":"max-video-preview:-1"},"canonical":"https:\/\/radioljubuski.ba\/index.php\/2021\/12\/05\/vucic-nakon-prosvjeda-najavio-izmjene-spornog-zakona-o-eksproprijaciji\/","og_locale":"hr_HR","og_type":"article","og_title":"Vu\u010di\u0107 nakon prosvjeda najavio izmjene spornog zakona o eksproprijaciji - RADIO LJUBU\u0160KI","og_description":"Srbijanski predsjednik u subotu je, nakon prosvjeda i blokada prometnica u kojima ve\u0107 dva vikenda sudjelu tisu\u0107e ljudi diljem Srbije, najavio mogu\u0107nost izmjena spornog zakona o eksproprijaciji po hitnom postupku i njihovo usvajanje do kraja godine. Ceste u ve\u0107em dijelu Srbije bile su u subotu blokirane dva sata tijekom prosvjeda kojima tisu\u0107e ekolo\u0161kih aktivista, \u010dlanova [&hellip;]","og_url":"https:\/\/radioljubuski.ba\/index.php\/2021\/12\/05\/vucic-nakon-prosvjeda-najavio-izmjene-spornog-zakona-o-eksproprijaciji\/","og_site_name":"RADIO LJUBU\u0160KI","article_publisher":"https:\/\/www.facebook.com\/Radiio-Ljubuski-1490835324566332","article_published_time":"2021-12-05T14:05:53+00:00","article_modified_time":"2021-12-05T14:05:54+00:00","og_image":[{"width":480,"height":276,"url":"https:\/\/radioljubuski.ba\/wp-content\/uploads\/2021\/12\/ddde5da5-1beb-4abe-a321-d523d206bda4.jpg","type":"image\/jpeg"}],"author":"Radio Ljubu\u0161ki","twitter_card":"summary_large_image","twitter_creator":"@radioljubuski","twitter_site":"@radioljubuski","twitter_misc":{"Napisao\/la":"Radio Ljubu\u0161ki","Procijenjeno vrijeme \u010ditanja":"2 minute"},"schema":{"@context":"https:\/\/schema.org","@graph":[{"@type":"Article","@id":"https:\/\/radioljubuski.ba\/index.php\/2021\/12\/05\/vucic-nakon-prosvjeda-najavio-izmjene-spornog-zakona-o-eksproprijaciji\/#article","isPartOf":{"@id":"https:\/\/radioljubuski.ba\/index.php\/2021\/12\/05\/vucic-nakon-prosvjeda-najavio-izmjene-spornog-zakona-o-eksproprijaciji\/"},"author":{"name":"Radio Ljubu\u0161ki","@id":"https:\/\/radioljubuski.ba\/#\/schema\/person\/19fc700381a780f69665d7956c469e3b"},"headline":"Vu\u010di\u0107 nakon prosvjeda najavio izmjene spornog zakona o eksproprijaciji","datePublished":"2021-12-05T14:05:53+00:00","dateModified":"2021-12-05T14:05:54+00:00","mainEntityOfPage":{"@id":"https:\/\/radioljubuski.ba\/index.php\/2021\/12\/05\/vucic-nakon-prosvjeda-najavio-izmjene-spornog-zakona-o-eksproprijaciji\/"},"wordCount":511,"publisher":{"@id":"https:\/\/radioljubuski.ba\/#organization"},"image":{"@id":"https:\/\/radioljubuski.ba\/index.php\/2021\/12\/05\/vucic-nakon-prosvjeda-najavio-izmjene-spornog-zakona-o-eksproprijaciji\/#primaryimage"},"thumbnailUrl":"https:\/\/radioljubuski.ba\/wp-content\/uploads\/2021\/12\/ddde5da5-1beb-4abe-a321-d523d206bda4.jpg","articleSection":["BIH i regija"],"inLanguage":"hr"},{"@type":"WebPage","@id":"https:\/\/radioljubuski.ba\/index.php\/2021\/12\/05\/vucic-nakon-prosvjeda-najavio-izmjene-spornog-zakona-o-eksproprijaciji\/","url":"https:\/\/radioljubuski.ba\/index.php\/2021\/12\/05\/vucic-nakon-prosvjeda-najavio-izmjene-spornog-zakona-o-eksproprijaciji\/","name":"Vu\u010di\u0107 nakon prosvjeda najavio izmjene spornog zakona o eksproprijaciji - RADIO LJUBU\u0160KI","isPartOf":{"@id":"https:\/\/radioljubuski.ba\/#website"},"primaryImageOfPage":{"@id":"https:\/\/radioljubuski.ba\/index.php\/2021\/12\/05\/vucic-nakon-prosvjeda-najavio-izmjene-spornog-zakona-o-eksproprijaciji\/#primaryimage"},"image":{"@id":"https:\/\/radioljubuski.ba\/index.php\/2021\/12\/05\/vucic-nakon-prosvjeda-najavio-izmjene-spornog-zakona-o-eksproprijaciji\/#primaryimage"},"thumbnailUrl":"https:\/\/radioljubuski.ba\/wp-content\/uploads\/2021\/12\/ddde5da5-1beb-4abe-a321-d523d206bda4.jpg","datePublished":"2021-12-05T14:05:53+00:00","dateModified":"2021-12-05T14:05:54+00:00","breadcrumb":{"@id":"https:\/\/radioljubuski.ba\/index.php\/2021\/12\/05\/vucic-nakon-prosvjeda-najavio-izmjene-spornog-zakona-o-eksproprijaciji\/#breadcrumb"},"inLanguage":"hr","potentialAction":[{"@type":"ReadAction","target":["https:\/\/radioljubuski.ba\/index.php\/2021\/12\/05\/vucic-nakon-prosvjeda-najavio-izmjene-spornog-zakona-o-eksproprijaciji\/"]}]},{"@type":"ImageObject","inLanguage":"hr","@id":"https:\/\/radioljubuski.ba\/index.php\/2021\/12\/05\/vucic-nakon-prosvjeda-najavio-izmjene-spornog-zakona-o-eksproprijaciji\/#primaryimage","url":"https:\/\/radioljubuski.ba\/wp-content\/uploads\/2021\/12\/ddde5da5-1beb-4abe-a321-d523d206bda4.jpg","contentUrl":"https:\/\/radioljubuski.ba\/wp-content\/uploads\/2021\/12\/ddde5da5-1beb-4abe-a321-d523d206bda4.jpg","width":480,"height":276},{"@type":"BreadcrumbList","@id":"https:\/\/radioljubuski.ba\/index.php\/2021\/12\/05\/vucic-nakon-prosvjeda-najavio-izmjene-spornog-zakona-o-eksproprijaciji\/#breadcrumb","itemListElement":[{"@type":"ListItem","position":1,"name":"Po\u010detna stranica","item":"https:\/\/radioljubuski.ba\/"},{"@type":"ListItem","position":2,"name":"Vu\u010di\u0107 nakon prosvjeda najavio izmjene spornog zakona o eksproprijaciji"}]},{"@type":"WebSite","@id":"https:\/\/radioljubuski.ba\/#website","url":"https:\/\/radioljubuski.ba\/","name":"Radio Ljubu\u0161ki","description":"Sun\u010dana frekvencija Hercegovine","publisher":{"@id":"https:\/\/radioljubuski.ba\/#organization"},"potentialAction":[{"@type":"SearchAction","target":{"@type":"EntryPoint","urlTemplate":"https:\/\/radioljubuski.ba\/?s={search_term_string}"},"query-input":{"@type":"PropertyValueSpecification","valueRequired":true,"valueName":"search_term_string"}}],"inLanguage":"hr"},{"@type":"Organization","@id":"https:\/\/radioljubuski.ba\/#organization","name":"Radio Ljubu\u0161ki","url":"https:\/\/radioljubuski.ba\/","logo":{"@type":"ImageObject","inLanguage":"hr","@id":"https:\/\/radioljubuski.ba\/#\/schema\/logo\/image\/","url":"https:\/\/radioljubuski.ba\/wp-content\/uploads\/2021\/02\/cropped-Radio_Ljubuski_logo1.jpg","contentUrl":"https:\/\/radioljubuski.ba\/wp-content\/uploads\/2021\/02\/cropped-Radio_Ljubuski_logo1.jpg","width":512,"height":512,"caption":"Radio Ljubu\u0161ki"},"image":{"@id":"https:\/\/radioljubuski.ba\/#\/schema\/logo\/image\/"},"sameAs":["https:\/\/www.facebook.com\/Radiio-Ljubuski-1490835324566332","https:\/\/x.com\/radioljubuski","https:\/\/hr.linkedin.com\/company\/radio-ljubuski","https:\/\/www.youtube.com\/channel\/UCHYaeO_n0Db3tjNGudGpXyw"]},{"@type":"Person","@id":"https:\/\/radioljubuski.ba\/#\/schema\/person\/19fc700381a780f69665d7956c469e3b","name":"Radio Ljubu\u0161ki"}]}},"_links":{"self":[{"href":"https:\/\/radioljubuski.ba\/index.php\/wp-json\/wp\/v2\/posts\/96095","targetHints":{"allow":["GET"]}}],"collection":[{"href":"https:\/\/radioljubuski.ba\/index.php\/wp-json\/wp\/v2\/posts"}],"about":[{"href":"https:\/\/radioljubuski.ba\/index.php\/wp-json\/wp\/v2\/types\/post"}],"author":[{"embeddable":true,"href":"https:\/\/radioljubuski.ba\/index.php\/wp-json\/wp\/v2\/users\/2"}],"replies":[{"embeddable":true,"href":"https:\/\/radioljubuski.ba\/index.php\/wp-json\/wp\/v2\/comments?post=96095"}],"version-history":[{"count":1,"href":"https:\/\/radioljubuski.ba\/index.php\/wp-json\/wp\/v2\/posts\/96095\/revisions"}],"predecessor-version":[{"id":96097,"href":"https:\/\/radioljubuski.ba\/index.php\/wp-json\/wp\/v2\/posts\/96095\/revisions\/96097"}],"wp:featuredmedia":[{"embeddable":true,"href":"https:\/\/radioljubuski.ba\/index.php\/wp-json\/wp\/v2\/media\/96096"}],"wp:attachment":[{"href":"https:\/\/radioljubuski.ba\/index.php\/wp-json\/wp\/v2\/media?parent=96095"}],"wp:term":[{"taxonomy":"category","embeddable":true,"href":"https:\/\/radioljubuski.ba\/index.php\/wp-json\/wp\/v2\/categories?post=96095"},{"taxonomy":"post_tag","embeddable":true,"href":"https:\/\/radioljubuski.ba\/index.php\/wp-json\/wp\/v2\/tags?post=96095"}],"curies":[{"name":"wp","href":"https:\/\/api.w.org\/{rel}","templated":true}]}}