{"id":96104,"date":"2021-12-05T15:09:45","date_gmt":"2021-12-05T14:09:45","guid":{"rendered":"https:\/\/radioljubuski.ba\/?p=96104"},"modified":"2021-12-05T15:09:46","modified_gmt":"2021-12-05T14:09:46","slug":"zapalio-golfa-vatra-se-prosirila-na-jos-pet-automobila","status":"publish","type":"post","link":"https:\/\/radioljubuski.ba\/index.php\/2021\/12\/05\/zapalio-golfa-vatra-se-prosirila-na-jos-pet-automobila\/","title":{"rendered":"Zapalio Golfa, vatra se pro\u0161irila na jo\u0161 pet automobila"},"content":{"rendered":"\n<p>\u0160est vozila gorjelo je sino\u0107 na parkingu u sarajevskom naselju Dobrinja, a uhi\u0107ena je osoba S.R. iz Sarajeva koja se se dovodi u vezu sa ovim doga\u0111ajem, priop\u0107eno je iz Ministarstva unutarnjih poslova S\u017d.<\/p>\n\n\n\n<p>\u010cetvrta Policijska uprava je informirana u 23.03 sati da je na parkingu u ulici Bulevar Mimar Sinana izbio po\u017ear na automobilu \u201cGolf 3\u201d koji se potom pro\u0161irio na jo\u0161 pet vozila parkiranih u blizini.<\/p>\n\n\n\n<p>Vatrogasci su vatru ugasili u 23.20 sati. Na vozilima je pri\u010dinjena materijalna \u0161teta, a povrije\u0111enih na svu sre\u0107u nije bilo.<\/p>\n\n\n\n<p>O svemu je informiran de\u017eurni tu\u017eitelj \u017dupanijskog tu\u017eiteljstva S\u017d koji je nalo\u017eio policijski i uvi\u0111aj sudskog vje\u0161taka protupo\u017earne struke.<\/p>\n\n\n\n<p>Zbog ovoga djela je uhi\u0107ena jedna osoba koja je osumnji\u010dena za krivi\u010dno djelo izazivanje op\u0107e opasnosti te je predat u prostorije Jedinice za osiguranje objekata i zadr\u017eavanje osoba li\u0161enih slobode MUP-a S\u017d.<\/p>\n\n\n\n<p>Izvor:pogled.ba<\/p>\n","protected":false},"excerpt":{"rendered":"<p>\u0160est vozila gorjelo je sino\u0107 na parkingu u sarajevskom naselju Dobrinja, a uhi\u0107ena je osoba S.R. iz Sarajeva koja se se dovodi u vezu sa ovim doga\u0111ajem, priop\u0107eno je iz Ministarstva unutarnjih poslova S\u017d. \u010cetvrta Policijska uprava je informirana u 23.03 sati da je na parkingu u ulici Bulevar Mimar Sinana izbio po\u017ear na automobilu [&hellip;]<\/p>\n","protected":false},"author":2,"featured_media":96105,"comment_status":"closed","ping_status":"closed","sticky":false,"template":"","format":"standard","meta":{"h5ap_radio_sources":[],"footnotes":""},"categories":[1],"tags":[],"class_list":["post-96104","post","type-post","status-publish","format-standard","has-post-thumbnail","hentry","category-bihiregija"],"yoast_head":"<!-- This site is optimized with the Yoast SEO plugin v27.4 - https:\/\/yoast.com\/product\/yoast-seo-wordpress\/ -->\n<title>Zapalio Golfa, vatra se pro\u0161irila na jo\u0161 pet automobila - RADIO LJUBU\u0160KI<\/title>\n<meta name=\"robots\" content=\"index, follow, max-snippet:-1, max-image-preview:large, max-video-preview:-1\" \/>\n<link rel=\"canonical\" href=\"https:\/\/radioljubuski.ba\/index.php\/2021\/12\/05\/zapalio-golfa-vatra-se-prosirila-na-jos-pet-automobila\/\" \/>\n<meta property=\"og:locale\" content=\"hr_HR\" \/>\n<meta property=\"og:type\" content=\"article\" \/>\n<meta property=\"og:title\" content=\"Zapalio Golfa, vatra se pro\u0161irila na jo\u0161 pet automobila - RADIO LJUBU\u0160KI\" \/>\n<meta property=\"og:description\" content=\"\u0160est vozila gorjelo je sino\u0107 na parkingu u sarajevskom naselju Dobrinja, a uhi\u0107ena je osoba S.R. iz Sarajeva koja se se dovodi u vezu sa ovim doga\u0111ajem, priop\u0107eno je iz Ministarstva unutarnjih poslova S\u017d. \u010cetvrta Policijska uprava je informirana u 23.03 sati da je na parkingu u ulici Bulevar Mimar Sinana izbio po\u017ear na automobilu [&hellip;]\" \/>\n<meta property=\"og:url\" content=\"https:\/\/radioljubuski.ba\/index.php\/2021\/12\/05\/zapalio-golfa-vatra-se-prosirila-na-jos-pet-automobila\/\" \/>\n<meta property=\"og:site_name\" content=\"RADIO LJUBU\u0160KI\" \/>\n<meta property=\"article:publisher\" content=\"https:\/\/www.facebook.com\/Radiio-Ljubuski-1490835324566332\" \/>\n<meta property=\"article:published_time\" content=\"2021-12-05T14:09:45+00:00\" \/>\n<meta property=\"article:modified_time\" content=\"2021-12-05T14:09:46+00:00\" \/>\n<meta property=\"og:image\" content=\"https:\/\/radioljubuski.ba\/wp-content\/uploads\/2021\/12\/VDjJvtaK_automobil.jpg\" \/>\n\t<meta property=\"og:image:width\" content=\"1000\" \/>\n\t<meta property=\"og:image:height\" content=\"625\" \/>\n\t<meta property=\"og:image:type\" content=\"image\/jpeg\" \/>\n<meta name=\"author\" content=\"Radio Ljubu\u0161ki\" \/>\n<meta name=\"twitter:card\" content=\"summary_large_image\" \/>\n<meta name=\"twitter:creator\" content=\"@radioljubuski\" \/>\n<meta name=\"twitter:site\" content=\"@radioljubuski\" \/>\n<meta name=\"twitter:label1\" content=\"Napisao\/la\" \/>\n\t<meta name=\"twitter:data1\" content=\"Radio Ljubu\u0161ki\" \/>\n\t<meta name=\"twitter:label2\" content=\"Procijenjeno vrijeme \u010ditanja\" \/>\n\t<meta name=\"twitter:data2\" content=\"1 minuta\" \/>\n<script type=\"application\/ld+json\" class=\"yoast-schema-graph\">{\"@context\":\"https:\\\/\\\/schema.org\",\"@graph\":[{\"@type\":\"Article\",\"@id\":\"https:\\\/\\\/radioljubuski.ba\\\/index.php\\\/2021\\\/12\\\/05\\\/zapalio-golfa-vatra-se-prosirila-na-jos-pet-automobila\\\/#article\",\"isPartOf\":{\"@id\":\"https:\\\/\\\/radioljubuski.ba\\\/index.php\\\/2021\\\/12\\\/05\\\/zapalio-golfa-vatra-se-prosirila-na-jos-pet-automobila\\\/\"},\"author\":{\"name\":\"Radio Ljubu\u0161ki\",\"@id\":\"https:\\\/\\\/radioljubuski.ba\\\/#\\\/schema\\\/person\\\/19fc700381a780f69665d7956c469e3b\"},\"headline\":\"Zapalio Golfa, vatra se pro\u0161irila na jo\u0161 pet automobila\",\"datePublished\":\"2021-12-05T14:09:45+00:00\",\"dateModified\":\"2021-12-05T14:09:46+00:00\",\"mainEntityOfPage\":{\"@id\":\"https:\\\/\\\/radioljubuski.ba\\\/index.php\\\/2021\\\/12\\\/05\\\/zapalio-golfa-vatra-se-prosirila-na-jos-pet-automobila\\\/\"},\"wordCount\":171,\"publisher\":{\"@id\":\"https:\\\/\\\/radioljubuski.ba\\\/#organization\"},\"image\":{\"@id\":\"https:\\\/\\\/radioljubuski.ba\\\/index.php\\\/2021\\\/12\\\/05\\\/zapalio-golfa-vatra-se-prosirila-na-jos-pet-automobila\\\/#primaryimage\"},\"thumbnailUrl\":\"https:\\\/\\\/radioljubuski.ba\\\/wp-content\\\/uploads\\\/2021\\\/12\\\/VDjJvtaK_automobil.jpg\",\"articleSection\":[\"BIH i regija\"],\"inLanguage\":\"hr\"},{\"@type\":\"WebPage\",\"@id\":\"https:\\\/\\\/radioljubuski.ba\\\/index.php\\\/2021\\\/12\\\/05\\\/zapalio-golfa-vatra-se-prosirila-na-jos-pet-automobila\\\/\",\"url\":\"https:\\\/\\\/radioljubuski.ba\\\/index.php\\\/2021\\\/12\\\/05\\\/zapalio-golfa-vatra-se-prosirila-na-jos-pet-automobila\\\/\",\"name\":\"Zapalio Golfa, vatra se pro\u0161irila na jo\u0161 pet automobila - RADIO LJUBU\u0160KI\",\"isPartOf\":{\"@id\":\"https:\\\/\\\/radioljubuski.ba\\\/#website\"},\"primaryImageOfPage\":{\"@id\":\"https:\\\/\\\/radioljubuski.ba\\\/index.php\\\/2021\\\/12\\\/05\\\/zapalio-golfa-vatra-se-prosirila-na-jos-pet-automobila\\\/#primaryimage\"},\"image\":{\"@id\":\"https:\\\/\\\/radioljubuski.ba\\\/index.php\\\/2021\\\/12\\\/05\\\/zapalio-golfa-vatra-se-prosirila-na-jos-pet-automobila\\\/#primaryimage\"},\"thumbnailUrl\":\"https:\\\/\\\/radioljubuski.ba\\\/wp-content\\\/uploads\\\/2021\\\/12\\\/VDjJvtaK_automobil.jpg\",\"datePublished\":\"2021-12-05T14:09:45+00:00\",\"dateModified\":\"2021-12-05T14:09:46+00:00\",\"breadcrumb\":{\"@id\":\"https:\\\/\\\/radioljubuski.ba\\\/index.php\\\/2021\\\/12\\\/05\\\/zapalio-golfa-vatra-se-prosirila-na-jos-pet-automobila\\\/#breadcrumb\"},\"inLanguage\":\"hr\",\"potentialAction\":[{\"@type\":\"ReadAction\",\"target\":[\"https:\\\/\\\/radioljubuski.ba\\\/index.php\\\/2021\\\/12\\\/05\\\/zapalio-golfa-vatra-se-prosirila-na-jos-pet-automobila\\\/\"]}]},{\"@type\":\"ImageObject\",\"inLanguage\":\"hr\",\"@id\":\"https:\\\/\\\/radioljubuski.ba\\\/index.php\\\/2021\\\/12\\\/05\\\/zapalio-golfa-vatra-se-prosirila-na-jos-pet-automobila\\\/#primaryimage\",\"url\":\"https:\\\/\\\/radioljubuski.ba\\\/wp-content\\\/uploads\\\/2021\\\/12\\\/VDjJvtaK_automobil.jpg\",\"contentUrl\":\"https:\\\/\\\/radioljubuski.ba\\\/wp-content\\\/uploads\\\/2021\\\/12\\\/VDjJvtaK_automobil.jpg\",\"width\":1000,\"height\":625},{\"@type\":\"BreadcrumbList\",\"@id\":\"https:\\\/\\\/radioljubuski.ba\\\/index.php\\\/2021\\\/12\\\/05\\\/zapalio-golfa-vatra-se-prosirila-na-jos-pet-automobila\\\/#breadcrumb\",\"itemListElement\":[{\"@type\":\"ListItem\",\"position\":1,\"name\":\"Po\u010detna stranica\",\"item\":\"https:\\\/\\\/radioljubuski.ba\\\/\"},{\"@type\":\"ListItem\",\"position\":2,\"name\":\"Zapalio Golfa, vatra se pro\u0161irila na jo\u0161 pet automobila\"}]},{\"@type\":\"WebSite\",\"@id\":\"https:\\\/\\\/radioljubuski.ba\\\/#website\",\"url\":\"https:\\\/\\\/radioljubuski.ba\\\/\",\"name\":\"Radio Ljubu\u0161ki\",\"description\":\"Sun\u010dana frekvencija Hercegovine\",\"publisher\":{\"@id\":\"https:\\\/\\\/radioljubuski.ba\\\/#organization\"},\"potentialAction\":[{\"@type\":\"SearchAction\",\"target\":{\"@type\":\"EntryPoint\",\"urlTemplate\":\"https:\\\/\\\/radioljubuski.ba\\\/?s={search_term_string}\"},\"query-input\":{\"@type\":\"PropertyValueSpecification\",\"valueRequired\":true,\"valueName\":\"search_term_string\"}}],\"inLanguage\":\"hr\"},{\"@type\":\"Organization\",\"@id\":\"https:\\\/\\\/radioljubuski.ba\\\/#organization\",\"name\":\"Radio Ljubu\u0161ki\",\"url\":\"https:\\\/\\\/radioljubuski.ba\\\/\",\"logo\":{\"@type\":\"ImageObject\",\"inLanguage\":\"hr\",\"@id\":\"https:\\\/\\\/radioljubuski.ba\\\/#\\\/schema\\\/logo\\\/image\\\/\",\"url\":\"https:\\\/\\\/radioljubuski.ba\\\/wp-content\\\/uploads\\\/2021\\\/02\\\/cropped-Radio_Ljubuski_logo1.jpg\",\"contentUrl\":\"https:\\\/\\\/radioljubuski.ba\\\/wp-content\\\/uploads\\\/2021\\\/02\\\/cropped-Radio_Ljubuski_logo1.jpg\",\"width\":512,\"height\":512,\"caption\":\"Radio Ljubu\u0161ki\"},\"image\":{\"@id\":\"https:\\\/\\\/radioljubuski.ba\\\/#\\\/schema\\\/logo\\\/image\\\/\"},\"sameAs\":[\"https:\\\/\\\/www.facebook.com\\\/Radiio-Ljubuski-1490835324566332\",\"https:\\\/\\\/x.com\\\/radioljubuski\",\"https:\\\/\\\/hr.linkedin.com\\\/company\\\/radio-ljubuski\",\"https:\\\/\\\/www.youtube.com\\\/channel\\\/UCHYaeO_n0Db3tjNGudGpXyw\"]},{\"@type\":\"Person\",\"@id\":\"https:\\\/\\\/radioljubuski.ba\\\/#\\\/schema\\\/person\\\/19fc700381a780f69665d7956c469e3b\",\"name\":\"Radio Ljubu\u0161ki\"}]}<\/script>\n<!-- \/ Yoast SEO plugin. -->","yoast_head_json":{"title":"Zapalio Golfa, vatra se pro\u0161irila na jo\u0161 pet automobila - RADIO LJUBU\u0160KI","robots":{"index":"index","follow":"follow","max-snippet":"max-snippet:-1","max-image-preview":"max-image-preview:large","max-video-preview":"max-video-preview:-1"},"canonical":"https:\/\/radioljubuski.ba\/index.php\/2021\/12\/05\/zapalio-golfa-vatra-se-prosirila-na-jos-pet-automobila\/","og_locale":"hr_HR","og_type":"article","og_title":"Zapalio Golfa, vatra se pro\u0161irila na jo\u0161 pet automobila - RADIO LJUBU\u0160KI","og_description":"\u0160est vozila gorjelo je sino\u0107 na parkingu u sarajevskom naselju Dobrinja, a uhi\u0107ena je osoba S.R. iz Sarajeva koja se se dovodi u vezu sa ovim doga\u0111ajem, priop\u0107eno je iz Ministarstva unutarnjih poslova S\u017d. \u010cetvrta Policijska uprava je informirana u 23.03 sati da je na parkingu u ulici Bulevar Mimar Sinana izbio po\u017ear na automobilu [&hellip;]","og_url":"https:\/\/radioljubuski.ba\/index.php\/2021\/12\/05\/zapalio-golfa-vatra-se-prosirila-na-jos-pet-automobila\/","og_site_name":"RADIO LJUBU\u0160KI","article_publisher":"https:\/\/www.facebook.com\/Radiio-Ljubuski-1490835324566332","article_published_time":"2021-12-05T14:09:45+00:00","article_modified_time":"2021-12-05T14:09:46+00:00","og_image":[{"width":1000,"height":625,"url":"https:\/\/radioljubuski.ba\/wp-content\/uploads\/2021\/12\/VDjJvtaK_automobil.jpg","type":"image\/jpeg"}],"author":"Radio Ljubu\u0161ki","twitter_card":"summary_large_image","twitter_creator":"@radioljubuski","twitter_site":"@radioljubuski","twitter_misc":{"Napisao\/la":"Radio Ljubu\u0161ki","Procijenjeno vrijeme \u010ditanja":"1 minuta"},"schema":{"@context":"https:\/\/schema.org","@graph":[{"@type":"Article","@id":"https:\/\/radioljubuski.ba\/index.php\/2021\/12\/05\/zapalio-golfa-vatra-se-prosirila-na-jos-pet-automobila\/#article","isPartOf":{"@id":"https:\/\/radioljubuski.ba\/index.php\/2021\/12\/05\/zapalio-golfa-vatra-se-prosirila-na-jos-pet-automobila\/"},"author":{"name":"Radio Ljubu\u0161ki","@id":"https:\/\/radioljubuski.ba\/#\/schema\/person\/19fc700381a780f69665d7956c469e3b"},"headline":"Zapalio Golfa, vatra se pro\u0161irila na jo\u0161 pet automobila","datePublished":"2021-12-05T14:09:45+00:00","dateModified":"2021-12-05T14:09:46+00:00","mainEntityOfPage":{"@id":"https:\/\/radioljubuski.ba\/index.php\/2021\/12\/05\/zapalio-golfa-vatra-se-prosirila-na-jos-pet-automobila\/"},"wordCount":171,"publisher":{"@id":"https:\/\/radioljubuski.ba\/#organization"},"image":{"@id":"https:\/\/radioljubuski.ba\/index.php\/2021\/12\/05\/zapalio-golfa-vatra-se-prosirila-na-jos-pet-automobila\/#primaryimage"},"thumbnailUrl":"https:\/\/radioljubuski.ba\/wp-content\/uploads\/2021\/12\/VDjJvtaK_automobil.jpg","articleSection":["BIH i regija"],"inLanguage":"hr"},{"@type":"WebPage","@id":"https:\/\/radioljubuski.ba\/index.php\/2021\/12\/05\/zapalio-golfa-vatra-se-prosirila-na-jos-pet-automobila\/","url":"https:\/\/radioljubuski.ba\/index.php\/2021\/12\/05\/zapalio-golfa-vatra-se-prosirila-na-jos-pet-automobila\/","name":"Zapalio Golfa, vatra se pro\u0161irila na jo\u0161 pet automobila - RADIO LJUBU\u0160KI","isPartOf":{"@id":"https:\/\/radioljubuski.ba\/#website"},"primaryImageOfPage":{"@id":"https:\/\/radioljubuski.ba\/index.php\/2021\/12\/05\/zapalio-golfa-vatra-se-prosirila-na-jos-pet-automobila\/#primaryimage"},"image":{"@id":"https:\/\/radioljubuski.ba\/index.php\/2021\/12\/05\/zapalio-golfa-vatra-se-prosirila-na-jos-pet-automobila\/#primaryimage"},"thumbnailUrl":"https:\/\/radioljubuski.ba\/wp-content\/uploads\/2021\/12\/VDjJvtaK_automobil.jpg","datePublished":"2021-12-05T14:09:45+00:00","dateModified":"2021-12-05T14:09:46+00:00","breadcrumb":{"@id":"https:\/\/radioljubuski.ba\/index.php\/2021\/12\/05\/zapalio-golfa-vatra-se-prosirila-na-jos-pet-automobila\/#breadcrumb"},"inLanguage":"hr","potentialAction":[{"@type":"ReadAction","target":["https:\/\/radioljubuski.ba\/index.php\/2021\/12\/05\/zapalio-golfa-vatra-se-prosirila-na-jos-pet-automobila\/"]}]},{"@type":"ImageObject","inLanguage":"hr","@id":"https:\/\/radioljubuski.ba\/index.php\/2021\/12\/05\/zapalio-golfa-vatra-se-prosirila-na-jos-pet-automobila\/#primaryimage","url":"https:\/\/radioljubuski.ba\/wp-content\/uploads\/2021\/12\/VDjJvtaK_automobil.jpg","contentUrl":"https:\/\/radioljubuski.ba\/wp-content\/uploads\/2021\/12\/VDjJvtaK_automobil.jpg","width":1000,"height":625},{"@type":"BreadcrumbList","@id":"https:\/\/radioljubuski.ba\/index.php\/2021\/12\/05\/zapalio-golfa-vatra-se-prosirila-na-jos-pet-automobila\/#breadcrumb","itemListElement":[{"@type":"ListItem","position":1,"name":"Po\u010detna stranica","item":"https:\/\/radioljubuski.ba\/"},{"@type":"ListItem","position":2,"name":"Zapalio Golfa, vatra se pro\u0161irila na jo\u0161 pet automobila"}]},{"@type":"WebSite","@id":"https:\/\/radioljubuski.ba\/#website","url":"https:\/\/radioljubuski.ba\/","name":"Radio Ljubu\u0161ki","description":"Sun\u010dana frekvencija Hercegovine","publisher":{"@id":"https:\/\/radioljubuski.ba\/#organization"},"potentialAction":[{"@type":"SearchAction","target":{"@type":"EntryPoint","urlTemplate":"https:\/\/radioljubuski.ba\/?s={search_term_string}"},"query-input":{"@type":"PropertyValueSpecification","valueRequired":true,"valueName":"search_term_string"}}],"inLanguage":"hr"},{"@type":"Organization","@id":"https:\/\/radioljubuski.ba\/#organization","name":"Radio Ljubu\u0161ki","url":"https:\/\/radioljubuski.ba\/","logo":{"@type":"ImageObject","inLanguage":"hr","@id":"https:\/\/radioljubuski.ba\/#\/schema\/logo\/image\/","url":"https:\/\/radioljubuski.ba\/wp-content\/uploads\/2021\/02\/cropped-Radio_Ljubuski_logo1.jpg","contentUrl":"https:\/\/radioljubuski.ba\/wp-content\/uploads\/2021\/02\/cropped-Radio_Ljubuski_logo1.jpg","width":512,"height":512,"caption":"Radio Ljubu\u0161ki"},"image":{"@id":"https:\/\/radioljubuski.ba\/#\/schema\/logo\/image\/"},"sameAs":["https:\/\/www.facebook.com\/Radiio-Ljubuski-1490835324566332","https:\/\/x.com\/radioljubuski","https:\/\/hr.linkedin.com\/company\/radio-ljubuski","https:\/\/www.youtube.com\/channel\/UCHYaeO_n0Db3tjNGudGpXyw"]},{"@type":"Person","@id":"https:\/\/radioljubuski.ba\/#\/schema\/person\/19fc700381a780f69665d7956c469e3b","name":"Radio Ljubu\u0161ki"}]}},"_links":{"self":[{"href":"https:\/\/radioljubuski.ba\/index.php\/wp-json\/wp\/v2\/posts\/96104","targetHints":{"allow":["GET"]}}],"collection":[{"href":"https:\/\/radioljubuski.ba\/index.php\/wp-json\/wp\/v2\/posts"}],"about":[{"href":"https:\/\/radioljubuski.ba\/index.php\/wp-json\/wp\/v2\/types\/post"}],"author":[{"embeddable":true,"href":"https:\/\/radioljubuski.ba\/index.php\/wp-json\/wp\/v2\/users\/2"}],"replies":[{"embeddable":true,"href":"https:\/\/radioljubuski.ba\/index.php\/wp-json\/wp\/v2\/comments?post=96104"}],"version-history":[{"count":1,"href":"https:\/\/radioljubuski.ba\/index.php\/wp-json\/wp\/v2\/posts\/96104\/revisions"}],"predecessor-version":[{"id":96106,"href":"https:\/\/radioljubuski.ba\/index.php\/wp-json\/wp\/v2\/posts\/96104\/revisions\/96106"}],"wp:featuredmedia":[{"embeddable":true,"href":"https:\/\/radioljubuski.ba\/index.php\/wp-json\/wp\/v2\/media\/96105"}],"wp:attachment":[{"href":"https:\/\/radioljubuski.ba\/index.php\/wp-json\/wp\/v2\/media?parent=96104"}],"wp:term":[{"taxonomy":"category","embeddable":true,"href":"https:\/\/radioljubuski.ba\/index.php\/wp-json\/wp\/v2\/categories?post=96104"},{"taxonomy":"post_tag","embeddable":true,"href":"https:\/\/radioljubuski.ba\/index.php\/wp-json\/wp\/v2\/tags?post=96104"}],"curies":[{"name":"wp","href":"https:\/\/api.w.org\/{rel}","templated":true}]}}