{"id":96110,"date":"2021-12-05T15:11:43","date_gmt":"2021-12-05T14:11:43","guid":{"rendered":"https:\/\/radioljubuski.ba\/?p=96110"},"modified":"2021-12-05T15:11:44","modified_gmt":"2021-12-05T14:11:44","slug":"za-bilo-koje-zanimanje-potrebno-lijecnicko-uvjerenje-osim-za-ovo","status":"publish","type":"post","link":"https:\/\/radioljubuski.ba\/index.php\/2021\/12\/05\/za-bilo-koje-zanimanje-potrebno-lijecnicko-uvjerenje-osim-za-ovo\/","title":{"rendered":"Za bilo koje zanimanje potrebno lije\u010dni\u010dko uvjerenje, osim za ovo"},"content":{"rendered":"\n<p>Ako se \u017eelite zaposliti kao trgovac, voza\u010d, novinar, gra\u0111evinski radnik, ako ste vojnik ili policajac, trebat \u0107e vam lije\u010dni\u010dko uvjerenje. Ako \u017eelite raditi u javnoj upravi, tako\u0111er \u0107ete morati na lije\u010dni\u010dki pregled, koji se natje\u010dajima za prijem u radni odnos podrazumijeva. No, ako ste zastupnik, izaslanik, ministar, njegov zamjenik ili pomo\u0107nik \u2013 ni\u0161ta od toga ne morate.<\/p>\n\n\n\n<p>\u201cLica koja nisu obuhva\u0107ena nijednom od ovih kategorija, ne biraju se na natje\u010daju nego se biraju kao rezultat politi\u010dkog procesa, nisu du\u017eni dostaviti lije\u010dni\u010dko uvjerenje po sada\u0161njim zakonima, odnosno za njih se ne vr\u0161i provjera zdravstvene sposobnosti\u201d, rekao je za&nbsp;<a href=\"https:\/\/bhrt.ba\/politi%C4%8Dari-bez-ljekarskih-uvjerenja\" target=\"_blank\" rel=\"noreferrer noopener\">BHRT&nbsp;<\/a>Neven Ak\u0161amija, direktor Agencije za dr\u017eavnu slu\u017ebu BiH<\/p>\n\n\n\n<p>A moralo bi se provjeravati i to strogo, smatra zastupnik SDP-a u Zastupni\u010dkom domu Parlamenta BiH Sa\u0161a Magazinovi\u0107. U Parlament je uputio inicijativu kojom se od Vije\u0107a ministara tra\u017ei zakon kojim bi lije\u010dni\u010dki pregled za imenovane i izabrane funkcionere bio obavezan. Tra\u017eio je i obavezan test na narkotike, ali i provjeru mentalnih sposobnosti.<\/p>\n\n\n\n<p>\u201cDanas ja garantiram da, kada bismo testirali psihofizi\u010dke sposobnosti politi\u010dara, a i kada bi napravili test na narkotike, da bi se politi\u010dka scena zna\u010dajno pro\u010distila. Sprema\u010dica u Parlamentarnoj skup\u0161tini BiH mora pro\u0107i zdravstveni pregled da bi obavljala svoj posao, a da zastupnik i ministar ne mora. Zar to nije nelogi\u010dno?\u201d, pita se Sa\u0161a Magazinovi\u0107, zastupnik SDP-a u ZD PSBiH<\/p>\n\n\n\n<p>Imenovani i izabrani funkcioneri ostvaruju prava iz radnog odnosa, ali u slu\u017ebenom radnom odnosu zapravo i nisu, pa se na njih ne primjenjuju obaveze propisane natje\u010dajima. Oni koji sudjeluju u izbornom procesu smatraju da du\u017enosnike u svakom smislu treba izjedna\u010diti sa drugim gra\u0111anima prilikom zasnivanja radnog odnosa. Ipak\u2026<\/p>\n\n\n\n<p>\u201cBojim se da \u0107e to biti uvedeno, ali da \u0107emo imati istu situaciju jer nije te\u0161ko do\u0107i do lije\u010dni\u010dkog uvjerenja, pa ni do diplome. Kad mo\u017eete tako lako do diploma do\u0107i, do\u0107i \u0107ete.. Ali, treba ipak ne\u0161to uraditi\u201d, isti\u010de Vehid \u0160ehi\u0107, biv\u0161i \u010dlan SIP-a BiH<\/p>\n\n\n\n<p>Ovakva inicijativa postojala je prije nekoliko godina, ali je poku\u0161aj neslavno zavr\u0161io. Magazinovi\u0107ev prijedlog prvo \u0107e pred zastupnike, a ako pro\u0111e, u dalju proceduru.<\/p>\n\n\n\n<p>Izvor:BHRT<\/p>\n","protected":false},"excerpt":{"rendered":"<p>Ako se \u017eelite zaposliti kao trgovac, voza\u010d, novinar, gra\u0111evinski radnik, ako ste vojnik ili policajac, trebat \u0107e vam lije\u010dni\u010dko uvjerenje. Ako \u017eelite raditi u javnoj upravi, tako\u0111er \u0107ete morati na lije\u010dni\u010dki pregled, koji se natje\u010dajima za prijem u radni odnos podrazumijeva. No, ako ste zastupnik, izaslanik, ministar, njegov zamjenik ili pomo\u0107nik \u2013 ni\u0161ta od toga [&hellip;]<\/p>\n","protected":false},"author":2,"featured_media":96111,"comment_status":"closed","ping_status":"closed","sticky":false,"template":"","format":"standard","meta":{"h5ap_radio_sources":[],"footnotes":""},"categories":[1],"tags":[],"class_list":["post-96110","post","type-post","status-publish","format-standard","has-post-thumbnail","hentry","category-bihiregija"],"yoast_head":"<!-- This site is optimized with the Yoast SEO plugin v27.4 - https:\/\/yoast.com\/product\/yoast-seo-wordpress\/ -->\n<title>Za bilo koje zanimanje potrebno lije\u010dni\u010dko uvjerenje, osim za ovo - RADIO LJUBU\u0160KI<\/title>\n<meta name=\"robots\" content=\"index, follow, max-snippet:-1, max-image-preview:large, max-video-preview:-1\" \/>\n<link rel=\"canonical\" href=\"https:\/\/radioljubuski.ba\/index.php\/2021\/12\/05\/za-bilo-koje-zanimanje-potrebno-lijecnicko-uvjerenje-osim-za-ovo\/\" \/>\n<meta property=\"og:locale\" content=\"hr_HR\" \/>\n<meta property=\"og:type\" content=\"article\" \/>\n<meta property=\"og:title\" content=\"Za bilo koje zanimanje potrebno lije\u010dni\u010dko uvjerenje, osim za ovo - RADIO LJUBU\u0160KI\" \/>\n<meta property=\"og:description\" content=\"Ako se \u017eelite zaposliti kao trgovac, voza\u010d, novinar, gra\u0111evinski radnik, ako ste vojnik ili policajac, trebat \u0107e vam lije\u010dni\u010dko uvjerenje. Ako \u017eelite raditi u javnoj upravi, tako\u0111er \u0107ete morati na lije\u010dni\u010dki pregled, koji se natje\u010dajima za prijem u radni odnos podrazumijeva. No, ako ste zastupnik, izaslanik, ministar, njegov zamjenik ili pomo\u0107nik \u2013 ni\u0161ta od toga [&hellip;]\" \/>\n<meta property=\"og:url\" content=\"https:\/\/radioljubuski.ba\/index.php\/2021\/12\/05\/za-bilo-koje-zanimanje-potrebno-lijecnicko-uvjerenje-osim-za-ovo\/\" \/>\n<meta property=\"og:site_name\" content=\"RADIO LJUBU\u0160KI\" \/>\n<meta property=\"article:publisher\" content=\"https:\/\/www.facebook.com\/Radiio-Ljubuski-1490835324566332\" \/>\n<meta property=\"article:published_time\" content=\"2021-12-05T14:11:43+00:00\" \/>\n<meta property=\"article:modified_time\" content=\"2021-12-05T14:11:44+00:00\" \/>\n<meta property=\"og:image\" content=\"https:\/\/radioljubuski.ba\/wp-content\/uploads\/2021\/12\/8-2021-12-05-13-17-11-posao-politicar.jpg\" \/>\n\t<meta property=\"og:image:width\" content=\"1000\" \/>\n\t<meta property=\"og:image:height\" content=\"625\" \/>\n\t<meta property=\"og:image:type\" content=\"image\/jpeg\" \/>\n<meta name=\"author\" content=\"Radio Ljubu\u0161ki\" \/>\n<meta name=\"twitter:card\" content=\"summary_large_image\" \/>\n<meta name=\"twitter:creator\" content=\"@radioljubuski\" \/>\n<meta name=\"twitter:site\" content=\"@radioljubuski\" \/>\n<meta name=\"twitter:label1\" content=\"Napisao\/la\" \/>\n\t<meta name=\"twitter:data1\" content=\"Radio Ljubu\u0161ki\" \/>\n\t<meta name=\"twitter:label2\" content=\"Procijenjeno vrijeme \u010ditanja\" \/>\n\t<meta name=\"twitter:data2\" content=\"2 minute\" \/>\n<script type=\"application\/ld+json\" class=\"yoast-schema-graph\">{\"@context\":\"https:\\\/\\\/schema.org\",\"@graph\":[{\"@type\":\"Article\",\"@id\":\"https:\\\/\\\/radioljubuski.ba\\\/index.php\\\/2021\\\/12\\\/05\\\/za-bilo-koje-zanimanje-potrebno-lijecnicko-uvjerenje-osim-za-ovo\\\/#article\",\"isPartOf\":{\"@id\":\"https:\\\/\\\/radioljubuski.ba\\\/index.php\\\/2021\\\/12\\\/05\\\/za-bilo-koje-zanimanje-potrebno-lijecnicko-uvjerenje-osim-za-ovo\\\/\"},\"author\":{\"name\":\"Radio Ljubu\u0161ki\",\"@id\":\"https:\\\/\\\/radioljubuski.ba\\\/#\\\/schema\\\/person\\\/19fc700381a780f69665d7956c469e3b\"},\"headline\":\"Za bilo koje zanimanje potrebno lije\u010dni\u010dko uvjerenje, osim za ovo\",\"datePublished\":\"2021-12-05T14:11:43+00:00\",\"dateModified\":\"2021-12-05T14:11:44+00:00\",\"mainEntityOfPage\":{\"@id\":\"https:\\\/\\\/radioljubuski.ba\\\/index.php\\\/2021\\\/12\\\/05\\\/za-bilo-koje-zanimanje-potrebno-lijecnicko-uvjerenje-osim-za-ovo\\\/\"},\"wordCount\":406,\"publisher\":{\"@id\":\"https:\\\/\\\/radioljubuski.ba\\\/#organization\"},\"image\":{\"@id\":\"https:\\\/\\\/radioljubuski.ba\\\/index.php\\\/2021\\\/12\\\/05\\\/za-bilo-koje-zanimanje-potrebno-lijecnicko-uvjerenje-osim-za-ovo\\\/#primaryimage\"},\"thumbnailUrl\":\"https:\\\/\\\/radioljubuski.ba\\\/wp-content\\\/uploads\\\/2021\\\/12\\\/8-2021-12-05-13-17-11-posao-politicar.jpg\",\"articleSection\":[\"BIH i regija\"],\"inLanguage\":\"hr\"},{\"@type\":\"WebPage\",\"@id\":\"https:\\\/\\\/radioljubuski.ba\\\/index.php\\\/2021\\\/12\\\/05\\\/za-bilo-koje-zanimanje-potrebno-lijecnicko-uvjerenje-osim-za-ovo\\\/\",\"url\":\"https:\\\/\\\/radioljubuski.ba\\\/index.php\\\/2021\\\/12\\\/05\\\/za-bilo-koje-zanimanje-potrebno-lijecnicko-uvjerenje-osim-za-ovo\\\/\",\"name\":\"Za bilo koje zanimanje potrebno lije\u010dni\u010dko uvjerenje, osim za ovo - RADIO LJUBU\u0160KI\",\"isPartOf\":{\"@id\":\"https:\\\/\\\/radioljubuski.ba\\\/#website\"},\"primaryImageOfPage\":{\"@id\":\"https:\\\/\\\/radioljubuski.ba\\\/index.php\\\/2021\\\/12\\\/05\\\/za-bilo-koje-zanimanje-potrebno-lijecnicko-uvjerenje-osim-za-ovo\\\/#primaryimage\"},\"image\":{\"@id\":\"https:\\\/\\\/radioljubuski.ba\\\/index.php\\\/2021\\\/12\\\/05\\\/za-bilo-koje-zanimanje-potrebno-lijecnicko-uvjerenje-osim-za-ovo\\\/#primaryimage\"},\"thumbnailUrl\":\"https:\\\/\\\/radioljubuski.ba\\\/wp-content\\\/uploads\\\/2021\\\/12\\\/8-2021-12-05-13-17-11-posao-politicar.jpg\",\"datePublished\":\"2021-12-05T14:11:43+00:00\",\"dateModified\":\"2021-12-05T14:11:44+00:00\",\"breadcrumb\":{\"@id\":\"https:\\\/\\\/radioljubuski.ba\\\/index.php\\\/2021\\\/12\\\/05\\\/za-bilo-koje-zanimanje-potrebno-lijecnicko-uvjerenje-osim-za-ovo\\\/#breadcrumb\"},\"inLanguage\":\"hr\",\"potentialAction\":[{\"@type\":\"ReadAction\",\"target\":[\"https:\\\/\\\/radioljubuski.ba\\\/index.php\\\/2021\\\/12\\\/05\\\/za-bilo-koje-zanimanje-potrebno-lijecnicko-uvjerenje-osim-za-ovo\\\/\"]}]},{\"@type\":\"ImageObject\",\"inLanguage\":\"hr\",\"@id\":\"https:\\\/\\\/radioljubuski.ba\\\/index.php\\\/2021\\\/12\\\/05\\\/za-bilo-koje-zanimanje-potrebno-lijecnicko-uvjerenje-osim-za-ovo\\\/#primaryimage\",\"url\":\"https:\\\/\\\/radioljubuski.ba\\\/wp-content\\\/uploads\\\/2021\\\/12\\\/8-2021-12-05-13-17-11-posao-politicar.jpg\",\"contentUrl\":\"https:\\\/\\\/radioljubuski.ba\\\/wp-content\\\/uploads\\\/2021\\\/12\\\/8-2021-12-05-13-17-11-posao-politicar.jpg\",\"width\":1000,\"height\":625},{\"@type\":\"BreadcrumbList\",\"@id\":\"https:\\\/\\\/radioljubuski.ba\\\/index.php\\\/2021\\\/12\\\/05\\\/za-bilo-koje-zanimanje-potrebno-lijecnicko-uvjerenje-osim-za-ovo\\\/#breadcrumb\",\"itemListElement\":[{\"@type\":\"ListItem\",\"position\":1,\"name\":\"Po\u010detna stranica\",\"item\":\"https:\\\/\\\/radioljubuski.ba\\\/\"},{\"@type\":\"ListItem\",\"position\":2,\"name\":\"Za bilo koje zanimanje potrebno lije\u010dni\u010dko uvjerenje, osim za ovo\"}]},{\"@type\":\"WebSite\",\"@id\":\"https:\\\/\\\/radioljubuski.ba\\\/#website\",\"url\":\"https:\\\/\\\/radioljubuski.ba\\\/\",\"name\":\"Radio Ljubu\u0161ki\",\"description\":\"Sun\u010dana frekvencija Hercegovine\",\"publisher\":{\"@id\":\"https:\\\/\\\/radioljubuski.ba\\\/#organization\"},\"potentialAction\":[{\"@type\":\"SearchAction\",\"target\":{\"@type\":\"EntryPoint\",\"urlTemplate\":\"https:\\\/\\\/radioljubuski.ba\\\/?s={search_term_string}\"},\"query-input\":{\"@type\":\"PropertyValueSpecification\",\"valueRequired\":true,\"valueName\":\"search_term_string\"}}],\"inLanguage\":\"hr\"},{\"@type\":\"Organization\",\"@id\":\"https:\\\/\\\/radioljubuski.ba\\\/#organization\",\"name\":\"Radio Ljubu\u0161ki\",\"url\":\"https:\\\/\\\/radioljubuski.ba\\\/\",\"logo\":{\"@type\":\"ImageObject\",\"inLanguage\":\"hr\",\"@id\":\"https:\\\/\\\/radioljubuski.ba\\\/#\\\/schema\\\/logo\\\/image\\\/\",\"url\":\"https:\\\/\\\/radioljubuski.ba\\\/wp-content\\\/uploads\\\/2021\\\/02\\\/cropped-Radio_Ljubuski_logo1.jpg\",\"contentUrl\":\"https:\\\/\\\/radioljubuski.ba\\\/wp-content\\\/uploads\\\/2021\\\/02\\\/cropped-Radio_Ljubuski_logo1.jpg\",\"width\":512,\"height\":512,\"caption\":\"Radio Ljubu\u0161ki\"},\"image\":{\"@id\":\"https:\\\/\\\/radioljubuski.ba\\\/#\\\/schema\\\/logo\\\/image\\\/\"},\"sameAs\":[\"https:\\\/\\\/www.facebook.com\\\/Radiio-Ljubuski-1490835324566332\",\"https:\\\/\\\/x.com\\\/radioljubuski\",\"https:\\\/\\\/hr.linkedin.com\\\/company\\\/radio-ljubuski\",\"https:\\\/\\\/www.youtube.com\\\/channel\\\/UCHYaeO_n0Db3tjNGudGpXyw\"]},{\"@type\":\"Person\",\"@id\":\"https:\\\/\\\/radioljubuski.ba\\\/#\\\/schema\\\/person\\\/19fc700381a780f69665d7956c469e3b\",\"name\":\"Radio Ljubu\u0161ki\"}]}<\/script>\n<!-- \/ Yoast SEO plugin. -->","yoast_head_json":{"title":"Za bilo koje zanimanje potrebno lije\u010dni\u010dko uvjerenje, osim za ovo - RADIO LJUBU\u0160KI","robots":{"index":"index","follow":"follow","max-snippet":"max-snippet:-1","max-image-preview":"max-image-preview:large","max-video-preview":"max-video-preview:-1"},"canonical":"https:\/\/radioljubuski.ba\/index.php\/2021\/12\/05\/za-bilo-koje-zanimanje-potrebno-lijecnicko-uvjerenje-osim-za-ovo\/","og_locale":"hr_HR","og_type":"article","og_title":"Za bilo koje zanimanje potrebno lije\u010dni\u010dko uvjerenje, osim za ovo - RADIO LJUBU\u0160KI","og_description":"Ako se \u017eelite zaposliti kao trgovac, voza\u010d, novinar, gra\u0111evinski radnik, ako ste vojnik ili policajac, trebat \u0107e vam lije\u010dni\u010dko uvjerenje. Ako \u017eelite raditi u javnoj upravi, tako\u0111er \u0107ete morati na lije\u010dni\u010dki pregled, koji se natje\u010dajima za prijem u radni odnos podrazumijeva. No, ako ste zastupnik, izaslanik, ministar, njegov zamjenik ili pomo\u0107nik \u2013 ni\u0161ta od toga [&hellip;]","og_url":"https:\/\/radioljubuski.ba\/index.php\/2021\/12\/05\/za-bilo-koje-zanimanje-potrebno-lijecnicko-uvjerenje-osim-za-ovo\/","og_site_name":"RADIO LJUBU\u0160KI","article_publisher":"https:\/\/www.facebook.com\/Radiio-Ljubuski-1490835324566332","article_published_time":"2021-12-05T14:11:43+00:00","article_modified_time":"2021-12-05T14:11:44+00:00","og_image":[{"width":1000,"height":625,"url":"https:\/\/radioljubuski.ba\/wp-content\/uploads\/2021\/12\/8-2021-12-05-13-17-11-posao-politicar.jpg","type":"image\/jpeg"}],"author":"Radio Ljubu\u0161ki","twitter_card":"summary_large_image","twitter_creator":"@radioljubuski","twitter_site":"@radioljubuski","twitter_misc":{"Napisao\/la":"Radio Ljubu\u0161ki","Procijenjeno vrijeme \u010ditanja":"2 minute"},"schema":{"@context":"https:\/\/schema.org","@graph":[{"@type":"Article","@id":"https:\/\/radioljubuski.ba\/index.php\/2021\/12\/05\/za-bilo-koje-zanimanje-potrebno-lijecnicko-uvjerenje-osim-za-ovo\/#article","isPartOf":{"@id":"https:\/\/radioljubuski.ba\/index.php\/2021\/12\/05\/za-bilo-koje-zanimanje-potrebno-lijecnicko-uvjerenje-osim-za-ovo\/"},"author":{"name":"Radio Ljubu\u0161ki","@id":"https:\/\/radioljubuski.ba\/#\/schema\/person\/19fc700381a780f69665d7956c469e3b"},"headline":"Za bilo koje zanimanje potrebno lije\u010dni\u010dko uvjerenje, osim za ovo","datePublished":"2021-12-05T14:11:43+00:00","dateModified":"2021-12-05T14:11:44+00:00","mainEntityOfPage":{"@id":"https:\/\/radioljubuski.ba\/index.php\/2021\/12\/05\/za-bilo-koje-zanimanje-potrebno-lijecnicko-uvjerenje-osim-za-ovo\/"},"wordCount":406,"publisher":{"@id":"https:\/\/radioljubuski.ba\/#organization"},"image":{"@id":"https:\/\/radioljubuski.ba\/index.php\/2021\/12\/05\/za-bilo-koje-zanimanje-potrebno-lijecnicko-uvjerenje-osim-za-ovo\/#primaryimage"},"thumbnailUrl":"https:\/\/radioljubuski.ba\/wp-content\/uploads\/2021\/12\/8-2021-12-05-13-17-11-posao-politicar.jpg","articleSection":["BIH i regija"],"inLanguage":"hr"},{"@type":"WebPage","@id":"https:\/\/radioljubuski.ba\/index.php\/2021\/12\/05\/za-bilo-koje-zanimanje-potrebno-lijecnicko-uvjerenje-osim-za-ovo\/","url":"https:\/\/radioljubuski.ba\/index.php\/2021\/12\/05\/za-bilo-koje-zanimanje-potrebno-lijecnicko-uvjerenje-osim-za-ovo\/","name":"Za bilo koje zanimanje potrebno lije\u010dni\u010dko uvjerenje, osim za ovo - RADIO LJUBU\u0160KI","isPartOf":{"@id":"https:\/\/radioljubuski.ba\/#website"},"primaryImageOfPage":{"@id":"https:\/\/radioljubuski.ba\/index.php\/2021\/12\/05\/za-bilo-koje-zanimanje-potrebno-lijecnicko-uvjerenje-osim-za-ovo\/#primaryimage"},"image":{"@id":"https:\/\/radioljubuski.ba\/index.php\/2021\/12\/05\/za-bilo-koje-zanimanje-potrebno-lijecnicko-uvjerenje-osim-za-ovo\/#primaryimage"},"thumbnailUrl":"https:\/\/radioljubuski.ba\/wp-content\/uploads\/2021\/12\/8-2021-12-05-13-17-11-posao-politicar.jpg","datePublished":"2021-12-05T14:11:43+00:00","dateModified":"2021-12-05T14:11:44+00:00","breadcrumb":{"@id":"https:\/\/radioljubuski.ba\/index.php\/2021\/12\/05\/za-bilo-koje-zanimanje-potrebno-lijecnicko-uvjerenje-osim-za-ovo\/#breadcrumb"},"inLanguage":"hr","potentialAction":[{"@type":"ReadAction","target":["https:\/\/radioljubuski.ba\/index.php\/2021\/12\/05\/za-bilo-koje-zanimanje-potrebno-lijecnicko-uvjerenje-osim-za-ovo\/"]}]},{"@type":"ImageObject","inLanguage":"hr","@id":"https:\/\/radioljubuski.ba\/index.php\/2021\/12\/05\/za-bilo-koje-zanimanje-potrebno-lijecnicko-uvjerenje-osim-za-ovo\/#primaryimage","url":"https:\/\/radioljubuski.ba\/wp-content\/uploads\/2021\/12\/8-2021-12-05-13-17-11-posao-politicar.jpg","contentUrl":"https:\/\/radioljubuski.ba\/wp-content\/uploads\/2021\/12\/8-2021-12-05-13-17-11-posao-politicar.jpg","width":1000,"height":625},{"@type":"BreadcrumbList","@id":"https:\/\/radioljubuski.ba\/index.php\/2021\/12\/05\/za-bilo-koje-zanimanje-potrebno-lijecnicko-uvjerenje-osim-za-ovo\/#breadcrumb","itemListElement":[{"@type":"ListItem","position":1,"name":"Po\u010detna stranica","item":"https:\/\/radioljubuski.ba\/"},{"@type":"ListItem","position":2,"name":"Za bilo koje zanimanje potrebno lije\u010dni\u010dko uvjerenje, osim za ovo"}]},{"@type":"WebSite","@id":"https:\/\/radioljubuski.ba\/#website","url":"https:\/\/radioljubuski.ba\/","name":"Radio Ljubu\u0161ki","description":"Sun\u010dana frekvencija Hercegovine","publisher":{"@id":"https:\/\/radioljubuski.ba\/#organization"},"potentialAction":[{"@type":"SearchAction","target":{"@type":"EntryPoint","urlTemplate":"https:\/\/radioljubuski.ba\/?s={search_term_string}"},"query-input":{"@type":"PropertyValueSpecification","valueRequired":true,"valueName":"search_term_string"}}],"inLanguage":"hr"},{"@type":"Organization","@id":"https:\/\/radioljubuski.ba\/#organization","name":"Radio Ljubu\u0161ki","url":"https:\/\/radioljubuski.ba\/","logo":{"@type":"ImageObject","inLanguage":"hr","@id":"https:\/\/radioljubuski.ba\/#\/schema\/logo\/image\/","url":"https:\/\/radioljubuski.ba\/wp-content\/uploads\/2021\/02\/cropped-Radio_Ljubuski_logo1.jpg","contentUrl":"https:\/\/radioljubuski.ba\/wp-content\/uploads\/2021\/02\/cropped-Radio_Ljubuski_logo1.jpg","width":512,"height":512,"caption":"Radio Ljubu\u0161ki"},"image":{"@id":"https:\/\/radioljubuski.ba\/#\/schema\/logo\/image\/"},"sameAs":["https:\/\/www.facebook.com\/Radiio-Ljubuski-1490835324566332","https:\/\/x.com\/radioljubuski","https:\/\/hr.linkedin.com\/company\/radio-ljubuski","https:\/\/www.youtube.com\/channel\/UCHYaeO_n0Db3tjNGudGpXyw"]},{"@type":"Person","@id":"https:\/\/radioljubuski.ba\/#\/schema\/person\/19fc700381a780f69665d7956c469e3b","name":"Radio Ljubu\u0161ki"}]}},"_links":{"self":[{"href":"https:\/\/radioljubuski.ba\/index.php\/wp-json\/wp\/v2\/posts\/96110","targetHints":{"allow":["GET"]}}],"collection":[{"href":"https:\/\/radioljubuski.ba\/index.php\/wp-json\/wp\/v2\/posts"}],"about":[{"href":"https:\/\/radioljubuski.ba\/index.php\/wp-json\/wp\/v2\/types\/post"}],"author":[{"embeddable":true,"href":"https:\/\/radioljubuski.ba\/index.php\/wp-json\/wp\/v2\/users\/2"}],"replies":[{"embeddable":true,"href":"https:\/\/radioljubuski.ba\/index.php\/wp-json\/wp\/v2\/comments?post=96110"}],"version-history":[{"count":1,"href":"https:\/\/radioljubuski.ba\/index.php\/wp-json\/wp\/v2\/posts\/96110\/revisions"}],"predecessor-version":[{"id":96112,"href":"https:\/\/radioljubuski.ba\/index.php\/wp-json\/wp\/v2\/posts\/96110\/revisions\/96112"}],"wp:featuredmedia":[{"embeddable":true,"href":"https:\/\/radioljubuski.ba\/index.php\/wp-json\/wp\/v2\/media\/96111"}],"wp:attachment":[{"href":"https:\/\/radioljubuski.ba\/index.php\/wp-json\/wp\/v2\/media?parent=96110"}],"wp:term":[{"taxonomy":"category","embeddable":true,"href":"https:\/\/radioljubuski.ba\/index.php\/wp-json\/wp\/v2\/categories?post=96110"},{"taxonomy":"post_tag","embeddable":true,"href":"https:\/\/radioljubuski.ba\/index.php\/wp-json\/wp\/v2\/tags?post=96110"}],"curies":[{"name":"wp","href":"https:\/\/api.w.org\/{rel}","templated":true}]}}