{"id":96128,"date":"2021-12-05T15:20:21","date_gmt":"2021-12-05T14:20:21","guid":{"rendered":"https:\/\/radioljubuski.ba\/?p=96128"},"modified":"2021-12-05T15:20:22","modified_gmt":"2021-12-05T14:20:22","slug":"5-prosinca-1918-prosinacke-zrtve-jugoslavija-je-pocela-zivjeti-na-grobovima-hrvata","status":"publish","type":"post","link":"https:\/\/radioljubuski.ba\/index.php\/2021\/12\/05\/5-prosinca-1918-prosinacke-zrtve-jugoslavija-je-pocela-zivjeti-na-grobovima-hrvata\/","title":{"rendered":"5. prosinca 1918. Prosina\u010dke \u017ertve \u2013 Jugoslavija je po\u010dela \u017eivjeti na grobovima Hrvata"},"content":{"rendered":"\n<p><strong>Jugoslavija (Kraljevina SHS) je stvorena 1. prosinca 1918., a ve\u0107 \u010detiri dana kasnije na glavnom zagreba\u010dkom trgu bana Jela\u010di\u0107a le\u017eala su tijela pobijenih Hrvata. Srbija je dala navijestiti \u0161to \u0107e nova dr\u017eava Jugoslavija biti za Hrvate \u2013 grobnica i mjesto zatiranja. To i je bila cijelo vrijeme postojanja, a osobito prilikom obnove Jugoslavije 1945. godine kada su partizani po\u010dinili najve\u0107e zlo\u010dine u Europi likvidirav\u0161i u mjesec dana stotine tisu\u0107a ljudi, o \u010demu svjedo\u010de stotine masovnih grobnica.<\/strong><\/p>\n\n\n\n<p><strong>Ta nakazna umjetna tvorevina, Jugoslavija, bila je grobnica Hrvata od 1918. sve do njenog raspada u krvi 1990. godine kada je njena vojska JNA po\u010dinila genocid nad Hrvatima.<\/strong><\/p>\n\n\n\n<p>Naziv Prosina\u010dke \u017ertve 5. prosinca 1918. ozna\u010dava krvavo gu\u0161enje protivnika jugounitarizma po zapovjedi komesara zagreba\u010dke policije Grge An\u0111elinovi\u0107a nad pripadnicima Kraljevskog hrvatskog domobranstva (25. i 53. domobranske pukovnije) i gra\u0111ana Zagreba koji su prosvjedovali na Trgu bana Jela\u010di\u0107a protiv uvla\u010denja Hrvatske u ju\u017enoslavensku dr\u017eavu bez izja\u0161njavanja volje ili davanja suglasnosti hrvatskoga naroda.<\/p>\n\n\n\n<p>Prosvjedi su bili reakcija na proslavu ujedinjenja, koju su jugounitaristi organizirali na Trgu.<\/p>\n\n\n\n<p>To je istodobno ozna\u010davalo kraj tada 50-godi\u0161njeg djelovanja Hrvatskog domobranstva i po\u010detak progona svih protivnika novostvorene kraljevine na \u010delu sa srbijanskim kraljem.<\/p>\n\n\n\n<p>A \u0161to je o svemu zapisao veliki i u Jugoslaviji zabranjivani povjesni\u010dar<strong>&nbsp;dr. Rudolf Horvat<\/strong>:<\/p>\n\n\n\n<p><em>Tako je 1. prosinca 1918. prestala postojati posebna \u00bbdr\u017eava Slovenaca, Hrvata i Srba\u00ab, koja je postala 29. listopada 1918. kad je u nju stupila \u00bbnezavisna dr\u017eava\u00ab Hrvatska (s Dalmacijom, Slavonijom i Rijekom).<\/em><\/p>\n\n\n\n<p><em>U Zagreb je 2. prosinca 1918. na ve\u010der do\u0161la prva vijest, da je sino\u0107 u Beogradu stvorena kraljevina Srba, Hrvata i Slovenaca. Onaj malobrojan svijet, koji je pristajao uz Svetozara Pribi\u0107evi\u0107a, te koji je pod za\u0161titom policije ve\u0107 desetak dana vladao zagreba\u010dkom \u00bbulicom\u00ab, po\u010dne odmah manifestirati po kavanama, gdje se obi\u010dno i sastajao. Manifestacije za novo stvorenu kraljevinu budu prenesene iz kavana, u kazali\u0161te. Sutradan su Pribi\u0107evi\u0107evi ljudi htjeli manifestirati po ulicama, ali ih nije bilo dosta za pristojnu povorku. Zato u jutro provale sveu\u010dili\u0161ni \u0111aci i drugi ljudi u zagreba\u010dke srednje \u0161kole, gdje silom prekinu\u0161e obuku, te gimnazijalce i realce odvedo\u0161e na ulice, da u povorci manifestiraju gradom za novu dr\u017eavu. Ova se manifestacija ponovila 5. prosinca, kada je srednjo\u0161kolska mlade\u017e u povorci po\u0161la u stolnu crkvu, gdje je nadbiskup dr. Ante Bauer odslu\u017eio \u00bbTe Deum\u00ab.<\/em><\/p>\n\n\n\n<p><em>Ljudi, koji su ove manifestacije vodili, ne postupahu nimalo takti\u010dno.&nbsp;<\/em><strong><em>Na ulicama se vrije\u0111alo sve, \u0161to je hrvatskomu narodu milo i sveto.<\/em><\/strong><em>&nbsp;Zagreba\u010dki gra\u0111ani \u0161kripahu zubima, ne mogu\u0107i doli\u010dnim na\u010dinom suzbiti ovu akciju, u kojoj gledahu \u00bbtu\u0111e prste\u00ab i najmljene ljude.<\/em><\/p>\n\n\n\n<p><em>Tako se&nbsp;<\/em><strong><em>bez ikakove potrebe izazivalo Hrvate,<\/em><\/strong><em>&nbsp;da reagiraju na ove manifestacije.&nbsp;<\/em><strong><em>Reakcija je uslijedila jo\u0161 istoga dana (5. prosinca 1918.) poslije podne, kada je ove\u0107i broj hrvatskih vojnika 25. i 53 pukovnije po\u0161ao gradom manifestirati za hrvatsku republiku.<\/em><\/strong><em>&nbsp;Mnogi vojnici bijahu oboru\u017eani.<\/em><\/p>\n\n\n\n<p><em>Za njihovu je namjeru po svojim uhodama doznao dr. Grga An\u0111elinovi\u0107, \u0161ef policije u Zagrebu. On je u neke ku\u0107e na Jela\u010di\u0107evom trgu smjestio oboru\u017eane vojnike (mornare), koji do\u010deka\u0161e vojni\u010dke manifestante. Tako je tamo do\u0161lo do sukoba, u kome su mornari lakoumno iz ma\u0161in\u0161kih pu\u0161aka s prozora 2 ku\u0107a (broj 6 i 21) pucali na vojnike i na prolaznike. Neki vojnici uzvrati\u0161e pucnjavu, ali \u2014 kako bijahu neza\u0161ti\u0107eni na otvorenom trgu \u2014 brzo podlego\u0161e. Slu\u017ebeni je izvje\u0161taj glasio, da je u tome sukobu poginulo 13 ljudi (od toga 9 vojnika), a ranjeno je 17 ljudi (od toga 10 vojnika).&nbsp;<\/em><strong><em>Po gradu se pako govorilo, da je na Jela\u010di\u0107evom trgu nastradalo oko stotinu ljudi.<\/em><\/strong><em>&nbsp;Radi toga krvoproli\u0107a&nbsp;<\/em><strong><em>zavladalo je u Zagrebu neopisivo ogor\u010denje,<\/em><\/strong><em>&nbsp;kojemu ipak nitko nije smio javno dati izra\u017eaja, da ne bude uhap\u0161en.<\/em><\/p>\n\n\n\n<p><em>Novine su morale \u0161utjeti,&nbsp;<\/em><strong><em>da ih ne stigne sudbina prava\u0161koga dnevnika \u00bbHrvatske\u00ab<\/em><\/strong><em>, kojemu je \u0161ef policije&nbsp;<\/em><strong><em>dr. Grga An\u0111elinovi\u0107 4. prosinca 1918. zabranio daljnje izla\u017eenje.<\/em><\/strong><\/p>\n\n\n\n<p><em>Ovim silovitim na\u010dinom nije se dakako moglo Hrvate predobiti za novu dr\u017eavu. Mnogi Hrvati gledahu u \u00bbkraljevini SPIS\u00ab samo nastavak biv\u0161e Austro-Ugarske. \u00bbZbogom na\u0161a 29. listopada 1918. polu\u010dena sloboda!\u00ab govorilo se po Hrvatskoj. To se ne bi dogodilo, da je vlast postupala obzirno i s potrebitim taktom.<\/em><\/p>\n\n\n\n<p><em>Kako je 5. prosinca 1918. do\u0161lo do sukoba na Jela\u010di\u0107evom trgu, o tom&nbsp;<\/em><strong><em>jedan od pobunjenih hrvatskih vojnika<\/em><\/strong><em>&nbsp;iskazuje ovako:<\/em><\/p>\n\n\n\n<p><em>\u00bbU krilu 53. pje\u0161a\u010dke \u2018pukovnije u Zagrebu osnova\u0161e pod\u010dasnici Ivan Pere\u010di\u0107, Dragutin Mort, Rudolf Cecelja, Ivan \u0160imanovi\u0107 i Adolf Svare revolucionarni odbor u cilju, da zaprije\u010de priklju\u010dak Hrvatske Srbiji. Postrojbe 53. pje\u0161a\u010dke pukovnije postroji\u0161e se 5. prosinca 1918. u svojoj vojarni, odakle krenu\u0161e po svoju vjernu bra\u0107u domobrance u vojarnu 25. domobranske pje\u0161a\u010dke pukovnije. Trublja\u010d ove 25. pukovnije zasvira \u00bbZbjeg\u00ab, te se pripravljeni domobranci za \u010das svrsta\u0161e u postrojbe na \u010delu sa svojom pukovnijskom glazbom. Domobrance su pripremili i poveli Petar Cerovski, vodnik Franjo Kova\u010di\u0107 i stari tambur Ivan Colari\u0107.<\/em><\/p>\n\n\n\n<p><em>U uzornom redu stupahu postrojb\u0107 u pravcu Jela\u010di\u0107evog trga uz ogromnu pratnju rodoljubnoga gra\u0111anstva. Na\u0161a je namjera bila proglasiti slobodnu hrvatsku republiku. Uz to se putem izra\u017eavalo veliko narodno ogor\u010denje protiv Srba povicima:<\/em><br><strong><em>\u00bbDolje srpska dinastija! Dolje kralj Petar! Dolje srpski militarizam!\u00ab Podjednako se klicalo slobodnoj Hrvatskoj, Stjepanu Radi\u0107u i hrvatskoj republici.<\/em><\/strong><\/p>\n\n\n\n<p><strong><em>Slavosrbi Pribi\u0107evi\u0107, Drinkovi\u0107 i Grga An\u0111elinovi\u0107<\/em><\/strong><em>&nbsp;nanije\u0161e krvavi dan nama, koji smo jedini imali smjelosti i hrabrosti, da govorimo u ime hrvatskog naroda, pa da oprovrgavamo la\u017ei, spletke i povijesno nasilje, te se suprotstavimo sramoti, koja je nane\u0161ena hrvatskom narodu.<\/em><\/p>\n\n\n\n<p><em>Dok su postrojbe hrvatske vojske u uzornom redu predvodili Ivan Pere\u010di\u0107, Dragutin Mort, Ivan Colari\u0107, Rudolf Cecelja, Petar Cerovski i Franjo Kova\u010di\u0107, u isto su vrijeme slavosrpski razbojnici smjestili te\u0161ke strojne pu\u0161ke na Jela\u010di\u0107evom trgu, i to na ku\u0107ama broj 4 i 6, pa na Gnezdinoj ku\u0107i 1 ) i na t. zv. Elza Fluid domu 2 ), a \u010darkare po okoli\u0161nim ku\u0107ama.<\/em><\/p>\n\n\n\n<p><em>Slavosrpskom strojopu\u0161kom na ku\u0107i broj 4 zapovijedao je sokola\u0161 Miroslav Javand, na ku\u0107i broj 6 sokola\u0161 Marcel Ti\u010dak, a na Gnezdinoj ku\u0107i i na Elza Fluid domu \u017didov Leopold Deutsch i mornari\u010dki \u010dasnik Dragutin Dol\u010dek.<\/em><\/p>\n\n\n\n<p><em>Netom stupismo na Jela\u010di\u0107ev trg, odmah se po nama prosula smrtonosna paljba, te je palo prvih par \u017ertava.&nbsp;<\/em><strong><em>Vo\u0111e nisu napustili vojnike, nego odmah po tradiciji Hrvata hladnokrvno prihvati\u0161e borbu na \u017eivot i smrt,<\/em><\/strong><em>&nbsp;polegav\u0161i uz neza\u0161ti\u0107ene stroj opu\u0161ke.<\/em><\/p>\n\n\n\n<p><em>Prvom je strojopu\u0161kom \u2014 na zaokretu s Jela\u010di\u0107evog trga prema Splavnici (blizina Jela\u0107i\u0107 placa op.)\u2014 zapovijedao vodnik Ivan Pere\u010di\u0107, uz kojega su bili Sentmartoni, Milan Sorman i Rudolf Gregurin. Drugom je strojopu\u0161kom zapovijedao i pod najte\u017eim se okolnostima borio<\/em><br><em>popularni jednogodi\u0161nji desetnik Emil Per\u0161ka, uz kojega su bili Dragutin Mort i vodnik Franjo Kova\u010di\u0107. Oni su do zadnjega \u010dasa pokrivali uzmak preostalih \u017eivih vojnika kod strojnih pu\u0161aka.<\/em><\/p>\n\n\n\n<p><em>Iza toga su nastavili borbu s dobro zaklonjenim i za\u0161ti\u0107enim neprijateljem sve do prvoga sumraka, kada je kona\u010dno \u010ditav bataljun 5. srpskog puka zauzeo postave na Jela\u010di\u0107evom trgu i na Splavnici. Tre\u0107om je strojopu\u0161kom zapovijedao poru\u010dnik Vinko Nem\u010di\u0107, kojemu su pomagali Slavko \u0160\u0107ukanec, Artur Weintraub, Ru\u017ei\u0107 i Gnidicaj dok je \u010detvrtu stroj opu\u0161ku rukovodio Rudolf Cecelja.<\/em><\/p>\n\n\n\n<p><em>Na ku\u0107u broj 4 juri\u0161ali su Janko \u0160e\u0161ok, Ljubo Crni\u0107, Josip Godler, Ferek i Antun Pavlekovi\u0107, koji su brzo zauzeli ovo prvo ubojni\u010dko gnijezdo. Na drugu je neprijateljsku stroj opu\u0161ku (u ku\u0107i broj 6) juri\u0161ao odred vojnika, koji su vodili Matija Vla\u0161i\u0107 i vodnik Ivan \u0160imanovi\u0107. Potpomognuti postrojbama 5. srpskog puka zauze\u0161e slavosrpski pla\u0107enici \u2014 naoru\u017eani bombama i te\u0161kim oru\u017ejem \u2014 razne postave i zasjede.&nbsp;<\/em><strong><em>Tako se svr\u0161ila borba hrvatskih vojnika protiv daleko ja\u010deg neprijatelja.<\/em><\/strong><\/p>\n\n\n\n<p><em>U toj nejednakoj borbi&nbsp;<\/em><strong><em>izgubilo je svoj \u017eivot 14 Hrvata,<\/em><\/strong><em>&nbsp;poimence: Slavko \u0160\u0107ukanec, Sentmartoni, Miroslav Svoboda, Viktor Kolombar, Milo\u0161 Mr\u0161e, Mato Ga\u0161parovi\u0107, Mijo Stani\u010der, Stjepan Jure\u0161a, Josip Lupinski, Ferdo Ver\u0161ec, Nikola Iv\u0161a, Dragutin Kostelac, Andro Martinko i Antun Ta\u0161ner-Juri\u010di\u0107.\u00ab<\/em><\/p>\n\n\n\n<p><em>Izvor: narod.hr<\/em><\/p>\n","protected":false},"excerpt":{"rendered":"<p>Jugoslavija (Kraljevina SHS) je stvorena 1. prosinca 1918., a ve\u0107 \u010detiri dana kasnije na glavnom zagreba\u010dkom trgu bana Jela\u010di\u0107a le\u017eala su tijela pobijenih Hrvata. Srbija je dala navijestiti \u0161to \u0107e nova dr\u017eava Jugoslavija biti za Hrvate \u2013 grobnica i mjesto zatiranja. To i je bila cijelo vrijeme postojanja, a osobito prilikom obnove Jugoslavije 1945. godine [&hellip;]<\/p>\n","protected":false},"author":2,"featured_media":96129,"comment_status":"closed","ping_status":"closed","sticky":false,"template":"","format":"standard","meta":{"h5ap_radio_sources":[],"footnotes":""},"categories":[1],"tags":[],"class_list":["post-96128","post","type-post","status-publish","format-standard","has-post-thumbnail","hentry","category-bihiregija"],"yoast_head":"<!-- This site is optimized with the Yoast SEO plugin v27.4 - https:\/\/yoast.com\/product\/yoast-seo-wordpress\/ -->\n<title>5. prosinca 1918. Prosina\u010dke \u017ertve \u2013 Jugoslavija je po\u010dela \u017eivjeti na grobovima Hrvata - RADIO LJUBU\u0160KI<\/title>\n<meta name=\"robots\" content=\"index, follow, max-snippet:-1, max-image-preview:large, max-video-preview:-1\" \/>\n<link rel=\"canonical\" href=\"https:\/\/radioljubuski.ba\/index.php\/2021\/12\/05\/5-prosinca-1918-prosinacke-zrtve-jugoslavija-je-pocela-zivjeti-na-grobovima-hrvata\/\" \/>\n<meta property=\"og:locale\" content=\"hr_HR\" \/>\n<meta property=\"og:type\" content=\"article\" \/>\n<meta property=\"og:title\" content=\"5. prosinca 1918. Prosina\u010dke \u017ertve \u2013 Jugoslavija je po\u010dela \u017eivjeti na grobovima Hrvata - RADIO LJUBU\u0160KI\" \/>\n<meta property=\"og:description\" content=\"Jugoslavija (Kraljevina SHS) je stvorena 1. prosinca 1918., a ve\u0107 \u010detiri dana kasnije na glavnom zagreba\u010dkom trgu bana Jela\u010di\u0107a le\u017eala su tijela pobijenih Hrvata. Srbija je dala navijestiti \u0161to \u0107e nova dr\u017eava Jugoslavija biti za Hrvate \u2013 grobnica i mjesto zatiranja. To i je bila cijelo vrijeme postojanja, a osobito prilikom obnove Jugoslavije 1945. godine [&hellip;]\" \/>\n<meta property=\"og:url\" content=\"https:\/\/radioljubuski.ba\/index.php\/2021\/12\/05\/5-prosinca-1918-prosinacke-zrtve-jugoslavija-je-pocela-zivjeti-na-grobovima-hrvata\/\" \/>\n<meta property=\"og:site_name\" content=\"RADIO LJUBU\u0160KI\" \/>\n<meta property=\"article:publisher\" content=\"https:\/\/www.facebook.com\/Radiio-Ljubuski-1490835324566332\" \/>\n<meta property=\"article:published_time\" content=\"2021-12-05T14:20:21+00:00\" \/>\n<meta property=\"article:modified_time\" content=\"2021-12-05T14:20:22+00:00\" \/>\n<meta property=\"og:image\" content=\"https:\/\/radioljubuski.ba\/wp-content\/uploads\/2021\/12\/Prosinacke-zrtve.jpg\" \/>\n\t<meta property=\"og:image:width\" content=\"800\" \/>\n\t<meta property=\"og:image:height\" content=\"588\" \/>\n\t<meta property=\"og:image:type\" content=\"image\/jpeg\" \/>\n<meta name=\"author\" content=\"Radio Ljubu\u0161ki\" \/>\n<meta name=\"twitter:card\" content=\"summary_large_image\" \/>\n<meta name=\"twitter:creator\" content=\"@radioljubuski\" \/>\n<meta name=\"twitter:site\" content=\"@radioljubuski\" \/>\n<meta name=\"twitter:label1\" content=\"Napisao\/la\" \/>\n\t<meta name=\"twitter:data1\" content=\"Radio Ljubu\u0161ki\" \/>\n\t<meta name=\"twitter:label2\" content=\"Procijenjeno vrijeme \u010ditanja\" \/>\n\t<meta name=\"twitter:data2\" content=\"6 minuta\" \/>\n<script type=\"application\/ld+json\" class=\"yoast-schema-graph\">{\"@context\":\"https:\\\/\\\/schema.org\",\"@graph\":[{\"@type\":\"Article\",\"@id\":\"https:\\\/\\\/radioljubuski.ba\\\/index.php\\\/2021\\\/12\\\/05\\\/5-prosinca-1918-prosinacke-zrtve-jugoslavija-je-pocela-zivjeti-na-grobovima-hrvata\\\/#article\",\"isPartOf\":{\"@id\":\"https:\\\/\\\/radioljubuski.ba\\\/index.php\\\/2021\\\/12\\\/05\\\/5-prosinca-1918-prosinacke-zrtve-jugoslavija-je-pocela-zivjeti-na-grobovima-hrvata\\\/\"},\"author\":{\"name\":\"Radio Ljubu\u0161ki\",\"@id\":\"https:\\\/\\\/radioljubuski.ba\\\/#\\\/schema\\\/person\\\/19fc700381a780f69665d7956c469e3b\"},\"headline\":\"5. prosinca 1918. Prosina\u010dke \u017ertve \u2013 Jugoslavija je po\u010dela \u017eivjeti na grobovima Hrvata\",\"datePublished\":\"2021-12-05T14:20:21+00:00\",\"dateModified\":\"2021-12-05T14:20:22+00:00\",\"mainEntityOfPage\":{\"@id\":\"https:\\\/\\\/radioljubuski.ba\\\/index.php\\\/2021\\\/12\\\/05\\\/5-prosinca-1918-prosinacke-zrtve-jugoslavija-je-pocela-zivjeti-na-grobovima-hrvata\\\/\"},\"wordCount\":1415,\"publisher\":{\"@id\":\"https:\\\/\\\/radioljubuski.ba\\\/#organization\"},\"image\":{\"@id\":\"https:\\\/\\\/radioljubuski.ba\\\/index.php\\\/2021\\\/12\\\/05\\\/5-prosinca-1918-prosinacke-zrtve-jugoslavija-je-pocela-zivjeti-na-grobovima-hrvata\\\/#primaryimage\"},\"thumbnailUrl\":\"https:\\\/\\\/radioljubuski.ba\\\/wp-content\\\/uploads\\\/2021\\\/12\\\/Prosinacke-zrtve.jpg\",\"articleSection\":[\"BIH i regija\"],\"inLanguage\":\"hr\"},{\"@type\":\"WebPage\",\"@id\":\"https:\\\/\\\/radioljubuski.ba\\\/index.php\\\/2021\\\/12\\\/05\\\/5-prosinca-1918-prosinacke-zrtve-jugoslavija-je-pocela-zivjeti-na-grobovima-hrvata\\\/\",\"url\":\"https:\\\/\\\/radioljubuski.ba\\\/index.php\\\/2021\\\/12\\\/05\\\/5-prosinca-1918-prosinacke-zrtve-jugoslavija-je-pocela-zivjeti-na-grobovima-hrvata\\\/\",\"name\":\"5. prosinca 1918. Prosina\u010dke \u017ertve \u2013 Jugoslavija je po\u010dela \u017eivjeti na grobovima Hrvata - RADIO LJUBU\u0160KI\",\"isPartOf\":{\"@id\":\"https:\\\/\\\/radioljubuski.ba\\\/#website\"},\"primaryImageOfPage\":{\"@id\":\"https:\\\/\\\/radioljubuski.ba\\\/index.php\\\/2021\\\/12\\\/05\\\/5-prosinca-1918-prosinacke-zrtve-jugoslavija-je-pocela-zivjeti-na-grobovima-hrvata\\\/#primaryimage\"},\"image\":{\"@id\":\"https:\\\/\\\/radioljubuski.ba\\\/index.php\\\/2021\\\/12\\\/05\\\/5-prosinca-1918-prosinacke-zrtve-jugoslavija-je-pocela-zivjeti-na-grobovima-hrvata\\\/#primaryimage\"},\"thumbnailUrl\":\"https:\\\/\\\/radioljubuski.ba\\\/wp-content\\\/uploads\\\/2021\\\/12\\\/Prosinacke-zrtve.jpg\",\"datePublished\":\"2021-12-05T14:20:21+00:00\",\"dateModified\":\"2021-12-05T14:20:22+00:00\",\"breadcrumb\":{\"@id\":\"https:\\\/\\\/radioljubuski.ba\\\/index.php\\\/2021\\\/12\\\/05\\\/5-prosinca-1918-prosinacke-zrtve-jugoslavija-je-pocela-zivjeti-na-grobovima-hrvata\\\/#breadcrumb\"},\"inLanguage\":\"hr\",\"potentialAction\":[{\"@type\":\"ReadAction\",\"target\":[\"https:\\\/\\\/radioljubuski.ba\\\/index.php\\\/2021\\\/12\\\/05\\\/5-prosinca-1918-prosinacke-zrtve-jugoslavija-je-pocela-zivjeti-na-grobovima-hrvata\\\/\"]}]},{\"@type\":\"ImageObject\",\"inLanguage\":\"hr\",\"@id\":\"https:\\\/\\\/radioljubuski.ba\\\/index.php\\\/2021\\\/12\\\/05\\\/5-prosinca-1918-prosinacke-zrtve-jugoslavija-je-pocela-zivjeti-na-grobovima-hrvata\\\/#primaryimage\",\"url\":\"https:\\\/\\\/radioljubuski.ba\\\/wp-content\\\/uploads\\\/2021\\\/12\\\/Prosinacke-zrtve.jpg\",\"contentUrl\":\"https:\\\/\\\/radioljubuski.ba\\\/wp-content\\\/uploads\\\/2021\\\/12\\\/Prosinacke-zrtve.jpg\",\"width\":800,\"height\":588},{\"@type\":\"BreadcrumbList\",\"@id\":\"https:\\\/\\\/radioljubuski.ba\\\/index.php\\\/2021\\\/12\\\/05\\\/5-prosinca-1918-prosinacke-zrtve-jugoslavija-je-pocela-zivjeti-na-grobovima-hrvata\\\/#breadcrumb\",\"itemListElement\":[{\"@type\":\"ListItem\",\"position\":1,\"name\":\"Po\u010detna stranica\",\"item\":\"https:\\\/\\\/radioljubuski.ba\\\/\"},{\"@type\":\"ListItem\",\"position\":2,\"name\":\"5. prosinca 1918. Prosina\u010dke \u017ertve \u2013 Jugoslavija je po\u010dela \u017eivjeti na grobovima Hrvata\"}]},{\"@type\":\"WebSite\",\"@id\":\"https:\\\/\\\/radioljubuski.ba\\\/#website\",\"url\":\"https:\\\/\\\/radioljubuski.ba\\\/\",\"name\":\"Radio Ljubu\u0161ki\",\"description\":\"Sun\u010dana frekvencija Hercegovine\",\"publisher\":{\"@id\":\"https:\\\/\\\/radioljubuski.ba\\\/#organization\"},\"potentialAction\":[{\"@type\":\"SearchAction\",\"target\":{\"@type\":\"EntryPoint\",\"urlTemplate\":\"https:\\\/\\\/radioljubuski.ba\\\/?s={search_term_string}\"},\"query-input\":{\"@type\":\"PropertyValueSpecification\",\"valueRequired\":true,\"valueName\":\"search_term_string\"}}],\"inLanguage\":\"hr\"},{\"@type\":\"Organization\",\"@id\":\"https:\\\/\\\/radioljubuski.ba\\\/#organization\",\"name\":\"Radio Ljubu\u0161ki\",\"url\":\"https:\\\/\\\/radioljubuski.ba\\\/\",\"logo\":{\"@type\":\"ImageObject\",\"inLanguage\":\"hr\",\"@id\":\"https:\\\/\\\/radioljubuski.ba\\\/#\\\/schema\\\/logo\\\/image\\\/\",\"url\":\"https:\\\/\\\/radioljubuski.ba\\\/wp-content\\\/uploads\\\/2021\\\/02\\\/cropped-Radio_Ljubuski_logo1.jpg\",\"contentUrl\":\"https:\\\/\\\/radioljubuski.ba\\\/wp-content\\\/uploads\\\/2021\\\/02\\\/cropped-Radio_Ljubuski_logo1.jpg\",\"width\":512,\"height\":512,\"caption\":\"Radio Ljubu\u0161ki\"},\"image\":{\"@id\":\"https:\\\/\\\/radioljubuski.ba\\\/#\\\/schema\\\/logo\\\/image\\\/\"},\"sameAs\":[\"https:\\\/\\\/www.facebook.com\\\/Radiio-Ljubuski-1490835324566332\",\"https:\\\/\\\/x.com\\\/radioljubuski\",\"https:\\\/\\\/hr.linkedin.com\\\/company\\\/radio-ljubuski\",\"https:\\\/\\\/www.youtube.com\\\/channel\\\/UCHYaeO_n0Db3tjNGudGpXyw\"]},{\"@type\":\"Person\",\"@id\":\"https:\\\/\\\/radioljubuski.ba\\\/#\\\/schema\\\/person\\\/19fc700381a780f69665d7956c469e3b\",\"name\":\"Radio Ljubu\u0161ki\"}]}<\/script>\n<!-- \/ Yoast SEO plugin. -->","yoast_head_json":{"title":"5. prosinca 1918. Prosina\u010dke \u017ertve \u2013 Jugoslavija je po\u010dela \u017eivjeti na grobovima Hrvata - RADIO LJUBU\u0160KI","robots":{"index":"index","follow":"follow","max-snippet":"max-snippet:-1","max-image-preview":"max-image-preview:large","max-video-preview":"max-video-preview:-1"},"canonical":"https:\/\/radioljubuski.ba\/index.php\/2021\/12\/05\/5-prosinca-1918-prosinacke-zrtve-jugoslavija-je-pocela-zivjeti-na-grobovima-hrvata\/","og_locale":"hr_HR","og_type":"article","og_title":"5. prosinca 1918. Prosina\u010dke \u017ertve \u2013 Jugoslavija je po\u010dela \u017eivjeti na grobovima Hrvata - RADIO LJUBU\u0160KI","og_description":"Jugoslavija (Kraljevina SHS) je stvorena 1. prosinca 1918., a ve\u0107 \u010detiri dana kasnije na glavnom zagreba\u010dkom trgu bana Jela\u010di\u0107a le\u017eala su tijela pobijenih Hrvata. Srbija je dala navijestiti \u0161to \u0107e nova dr\u017eava Jugoslavija biti za Hrvate \u2013 grobnica i mjesto zatiranja. To i je bila cijelo vrijeme postojanja, a osobito prilikom obnove Jugoslavije 1945. godine [&hellip;]","og_url":"https:\/\/radioljubuski.ba\/index.php\/2021\/12\/05\/5-prosinca-1918-prosinacke-zrtve-jugoslavija-je-pocela-zivjeti-na-grobovima-hrvata\/","og_site_name":"RADIO LJUBU\u0160KI","article_publisher":"https:\/\/www.facebook.com\/Radiio-Ljubuski-1490835324566332","article_published_time":"2021-12-05T14:20:21+00:00","article_modified_time":"2021-12-05T14:20:22+00:00","og_image":[{"width":800,"height":588,"url":"https:\/\/radioljubuski.ba\/wp-content\/uploads\/2021\/12\/Prosinacke-zrtve.jpg","type":"image\/jpeg"}],"author":"Radio Ljubu\u0161ki","twitter_card":"summary_large_image","twitter_creator":"@radioljubuski","twitter_site":"@radioljubuski","twitter_misc":{"Napisao\/la":"Radio Ljubu\u0161ki","Procijenjeno vrijeme \u010ditanja":"6 minuta"},"schema":{"@context":"https:\/\/schema.org","@graph":[{"@type":"Article","@id":"https:\/\/radioljubuski.ba\/index.php\/2021\/12\/05\/5-prosinca-1918-prosinacke-zrtve-jugoslavija-je-pocela-zivjeti-na-grobovima-hrvata\/#article","isPartOf":{"@id":"https:\/\/radioljubuski.ba\/index.php\/2021\/12\/05\/5-prosinca-1918-prosinacke-zrtve-jugoslavija-je-pocela-zivjeti-na-grobovima-hrvata\/"},"author":{"name":"Radio Ljubu\u0161ki","@id":"https:\/\/radioljubuski.ba\/#\/schema\/person\/19fc700381a780f69665d7956c469e3b"},"headline":"5. prosinca 1918. Prosina\u010dke \u017ertve \u2013 Jugoslavija je po\u010dela \u017eivjeti na grobovima Hrvata","datePublished":"2021-12-05T14:20:21+00:00","dateModified":"2021-12-05T14:20:22+00:00","mainEntityOfPage":{"@id":"https:\/\/radioljubuski.ba\/index.php\/2021\/12\/05\/5-prosinca-1918-prosinacke-zrtve-jugoslavija-je-pocela-zivjeti-na-grobovima-hrvata\/"},"wordCount":1415,"publisher":{"@id":"https:\/\/radioljubuski.ba\/#organization"},"image":{"@id":"https:\/\/radioljubuski.ba\/index.php\/2021\/12\/05\/5-prosinca-1918-prosinacke-zrtve-jugoslavija-je-pocela-zivjeti-na-grobovima-hrvata\/#primaryimage"},"thumbnailUrl":"https:\/\/radioljubuski.ba\/wp-content\/uploads\/2021\/12\/Prosinacke-zrtve.jpg","articleSection":["BIH i regija"],"inLanguage":"hr"},{"@type":"WebPage","@id":"https:\/\/radioljubuski.ba\/index.php\/2021\/12\/05\/5-prosinca-1918-prosinacke-zrtve-jugoslavija-je-pocela-zivjeti-na-grobovima-hrvata\/","url":"https:\/\/radioljubuski.ba\/index.php\/2021\/12\/05\/5-prosinca-1918-prosinacke-zrtve-jugoslavija-je-pocela-zivjeti-na-grobovima-hrvata\/","name":"5. prosinca 1918. Prosina\u010dke \u017ertve \u2013 Jugoslavija je po\u010dela \u017eivjeti na grobovima Hrvata - RADIO LJUBU\u0160KI","isPartOf":{"@id":"https:\/\/radioljubuski.ba\/#website"},"primaryImageOfPage":{"@id":"https:\/\/radioljubuski.ba\/index.php\/2021\/12\/05\/5-prosinca-1918-prosinacke-zrtve-jugoslavija-je-pocela-zivjeti-na-grobovima-hrvata\/#primaryimage"},"image":{"@id":"https:\/\/radioljubuski.ba\/index.php\/2021\/12\/05\/5-prosinca-1918-prosinacke-zrtve-jugoslavija-je-pocela-zivjeti-na-grobovima-hrvata\/#primaryimage"},"thumbnailUrl":"https:\/\/radioljubuski.ba\/wp-content\/uploads\/2021\/12\/Prosinacke-zrtve.jpg","datePublished":"2021-12-05T14:20:21+00:00","dateModified":"2021-12-05T14:20:22+00:00","breadcrumb":{"@id":"https:\/\/radioljubuski.ba\/index.php\/2021\/12\/05\/5-prosinca-1918-prosinacke-zrtve-jugoslavija-je-pocela-zivjeti-na-grobovima-hrvata\/#breadcrumb"},"inLanguage":"hr","potentialAction":[{"@type":"ReadAction","target":["https:\/\/radioljubuski.ba\/index.php\/2021\/12\/05\/5-prosinca-1918-prosinacke-zrtve-jugoslavija-je-pocela-zivjeti-na-grobovima-hrvata\/"]}]},{"@type":"ImageObject","inLanguage":"hr","@id":"https:\/\/radioljubuski.ba\/index.php\/2021\/12\/05\/5-prosinca-1918-prosinacke-zrtve-jugoslavija-je-pocela-zivjeti-na-grobovima-hrvata\/#primaryimage","url":"https:\/\/radioljubuski.ba\/wp-content\/uploads\/2021\/12\/Prosinacke-zrtve.jpg","contentUrl":"https:\/\/radioljubuski.ba\/wp-content\/uploads\/2021\/12\/Prosinacke-zrtve.jpg","width":800,"height":588},{"@type":"BreadcrumbList","@id":"https:\/\/radioljubuski.ba\/index.php\/2021\/12\/05\/5-prosinca-1918-prosinacke-zrtve-jugoslavija-je-pocela-zivjeti-na-grobovima-hrvata\/#breadcrumb","itemListElement":[{"@type":"ListItem","position":1,"name":"Po\u010detna stranica","item":"https:\/\/radioljubuski.ba\/"},{"@type":"ListItem","position":2,"name":"5. prosinca 1918. Prosina\u010dke \u017ertve \u2013 Jugoslavija je po\u010dela \u017eivjeti na grobovima Hrvata"}]},{"@type":"WebSite","@id":"https:\/\/radioljubuski.ba\/#website","url":"https:\/\/radioljubuski.ba\/","name":"Radio Ljubu\u0161ki","description":"Sun\u010dana frekvencija Hercegovine","publisher":{"@id":"https:\/\/radioljubuski.ba\/#organization"},"potentialAction":[{"@type":"SearchAction","target":{"@type":"EntryPoint","urlTemplate":"https:\/\/radioljubuski.ba\/?s={search_term_string}"},"query-input":{"@type":"PropertyValueSpecification","valueRequired":true,"valueName":"search_term_string"}}],"inLanguage":"hr"},{"@type":"Organization","@id":"https:\/\/radioljubuski.ba\/#organization","name":"Radio Ljubu\u0161ki","url":"https:\/\/radioljubuski.ba\/","logo":{"@type":"ImageObject","inLanguage":"hr","@id":"https:\/\/radioljubuski.ba\/#\/schema\/logo\/image\/","url":"https:\/\/radioljubuski.ba\/wp-content\/uploads\/2021\/02\/cropped-Radio_Ljubuski_logo1.jpg","contentUrl":"https:\/\/radioljubuski.ba\/wp-content\/uploads\/2021\/02\/cropped-Radio_Ljubuski_logo1.jpg","width":512,"height":512,"caption":"Radio Ljubu\u0161ki"},"image":{"@id":"https:\/\/radioljubuski.ba\/#\/schema\/logo\/image\/"},"sameAs":["https:\/\/www.facebook.com\/Radiio-Ljubuski-1490835324566332","https:\/\/x.com\/radioljubuski","https:\/\/hr.linkedin.com\/company\/radio-ljubuski","https:\/\/www.youtube.com\/channel\/UCHYaeO_n0Db3tjNGudGpXyw"]},{"@type":"Person","@id":"https:\/\/radioljubuski.ba\/#\/schema\/person\/19fc700381a780f69665d7956c469e3b","name":"Radio Ljubu\u0161ki"}]}},"_links":{"self":[{"href":"https:\/\/radioljubuski.ba\/index.php\/wp-json\/wp\/v2\/posts\/96128","targetHints":{"allow":["GET"]}}],"collection":[{"href":"https:\/\/radioljubuski.ba\/index.php\/wp-json\/wp\/v2\/posts"}],"about":[{"href":"https:\/\/radioljubuski.ba\/index.php\/wp-json\/wp\/v2\/types\/post"}],"author":[{"embeddable":true,"href":"https:\/\/radioljubuski.ba\/index.php\/wp-json\/wp\/v2\/users\/2"}],"replies":[{"embeddable":true,"href":"https:\/\/radioljubuski.ba\/index.php\/wp-json\/wp\/v2\/comments?post=96128"}],"version-history":[{"count":1,"href":"https:\/\/radioljubuski.ba\/index.php\/wp-json\/wp\/v2\/posts\/96128\/revisions"}],"predecessor-version":[{"id":96130,"href":"https:\/\/radioljubuski.ba\/index.php\/wp-json\/wp\/v2\/posts\/96128\/revisions\/96130"}],"wp:featuredmedia":[{"embeddable":true,"href":"https:\/\/radioljubuski.ba\/index.php\/wp-json\/wp\/v2\/media\/96129"}],"wp:attachment":[{"href":"https:\/\/radioljubuski.ba\/index.php\/wp-json\/wp\/v2\/media?parent=96128"}],"wp:term":[{"taxonomy":"category","embeddable":true,"href":"https:\/\/radioljubuski.ba\/index.php\/wp-json\/wp\/v2\/categories?post=96128"},{"taxonomy":"post_tag","embeddable":true,"href":"https:\/\/radioljubuski.ba\/index.php\/wp-json\/wp\/v2\/tags?post=96128"}],"curies":[{"name":"wp","href":"https:\/\/api.w.org\/{rel}","templated":true}]}}