{"id":96134,"date":"2021-12-05T15:22:30","date_gmt":"2021-12-05T14:22:30","guid":{"rendered":"https:\/\/radioljubuski.ba\/?p=96134"},"modified":"2021-12-05T15:22:31","modified_gmt":"2021-12-05T14:22:31","slug":"druga-nedjelja-dosasca-znate-li-za-stari-hrvatski-obicaj-djetinjce","status":"publish","type":"post","link":"https:\/\/radioljubuski.ba\/index.php\/2021\/12\/05\/druga-nedjelja-dosasca-znate-li-za-stari-hrvatski-obicaj-djetinjce\/","title":{"rendered":"Druga nedjelja Do\u0161a\u0161\u0107a \u2013 znate li za stari hrvatski obi\u010daj Djetinjce?"},"content":{"rendered":"\n<p><strong>Na dana\u0161nju nedjelju, 5. prosinca, katoli\u010dki puk pali drugu adventsku svije\u0107u. Pro\u0161ao je prvi tjedan i\u0161\u010dekivanja i bdijenja, a ve\u0107 po\u010dinje drugi.&nbsp;Dolazak Kralja je sve bli\u017ee, zato se usklik Do\u0161a\u0161\u0107a poja\u010dava i jo\u0161 ja\u010de zvoni vjernima: \u201cBdijte!\u201c<\/strong><\/p>\n\n\n\n<p>Pokorni\u010dko vrijeme u godini je vrijeme odricanja i \u010dekanja, a Do\u0161a\u0161\u0107e je, uz Korizmu, najva\u017enije pokorni\u010dko vrijeme. A mise, za razliku od korizmenih pokorni\u010dkih misa, su tako sve\u010dane i uzvi\u0161ene! Prepune radosnih pjesama, bogato ukra\u0161enih vijenaca, najljep\u0161e ure\u0111enih crkava i oltara u ljubi\u010dastoj (pokorni\u010dkoj) boji, nadahnutih svetopisamskih tekstova, brojnih zaziva i zahvala sve\u0107enika i naroda.<\/p>\n\n\n\n<p>Odlasci sa ovih pokorni\u010dkih misa odi\u0161u mirom, toplinom, blizinom i neizmjernom rado\u0161\u0107u.<\/p>\n\n\n\n<p>U rano jutro, jo\u0161 dok je mrak i svjetlo se tek nazire, sve odi\u0161e od slavlja i sve slavi!<\/p>\n\n\n\n<p><strong>Prvi,<\/strong>&nbsp;najve\u0107e \u010dudo koje se je ikada dogodilo i ikada \u0107e se zbiti na ovoj planeti:<strong>&nbsp;utjelovljenje i ro\u0111enje Boga \u017eivoga<\/strong>&nbsp;u utrobi ponizne, \u010diste i vjerne slu\u017ebenice Bo\u017eje \u2013 ljubljene nove Eve, bla\u017eene djevice Marije.<strong>&nbsp;I drugi,<\/strong>&nbsp;slavni i veli\u010danstveni&nbsp;<strong>dolazak Sina Bo\u017ejeg na kraju svijeta<\/strong>&nbsp;\u201ena oblacima nebeskim pra\u0107enih trubljom i an\u0111elima Bo\u017ejim\u201c, u dan Suda.<\/p>\n\n\n\n<h3 class=\"wp-block-heading\"><strong>Stari hrvatski obi\u010daj<\/strong><\/h3>\n\n\n\n<p>U dana\u0161njim vremenima kada vrijednost obiteljskog zajedni\u0161tva i me\u0111usobnog podupiranja, iz razli\u010ditih razloga, gubi na svojoj snazi, dobro je prisjetiti se nekada\u0161njih zanimljivih i simboli\u010dnih obi\u010daja 2., 3. i 4. nedjelje do\u0161a\u0161\u0107a, a koji nam mogu biti poticaj u osna\u017eenju obitelji i kao male ku\u0107ne Crkve. Tako se u nekim hrvatskim krajevima, posebno u ju\u017enoj Dalmaciji, isto\u010dnoj Hercegovini ili me\u0111u Bunjevcima obi\u010davalo obilje\u017eavati Djetinjce, Materice i O\u010di\u0107e i to redom u navedene nedjelje. Iako je ponegdje do danas zadr\u017ean taj obi\u010daj, on je vi\u0161e \u010dinjenica o\u017eivljavanja stare tradicije, a znatno manje stvarne \u017eivotne isprepletenosti svakodnevnog \u017eivota s liturgijskom godinom, kako je to bilo nekada.<\/p>\n\n\n\n<p>Svakom od tih dana bio je cilj, uz zna\u010denje ulaska u novu nedjelju do\u0161a\u0161\u0107a i pribli\u017eavanje otajstvu Bo\u017ejeg utjelovljenja, povezati \u010dlanove obitelji kroz smijeh, pozitivno zadirkivanje i darivanje. Na 2. nedjelju do\u0161a\u0161\u0107a, kada su se obilje\u017eavali Djetinjci, roditelji bi u rano jutro, dok se jo\u0161 djeca nisu ustala iz kreveta, ili pak kada bi se svi vratili sa svete Mise, ali u svakom slu\u010daju u onom trenutku kada se ona ne nadaju, konopcima, remenima ili nekim drugim prikladnim sredstvima vezivali svoju djecu i osloba\u0111ali ih tek kada bi im djeca platila otkupninu. Naravno, sve je teklo uz puno smijeha i cjenkanja oko vrijednosti otkupnine.<\/p>\n\n\n\n<p>Djeca su se tako odgajala za odricanje, jer su ih roditelji unaprijed danima i tjednima upozoravali da \u0107e ih vezati, pa su tako morala \u0161tedjeti od svoga d\u017eeparca, prikupljati plodove zemlje, slatki\u0161e i sve drugo \u010dime su na Djetinjce pla\u0107ala svoju otkupninu. Naravno, nakon takvog zadirkivanja i cjenkanja, roditelji bi na\u0161li na\u010dina kako djeci vratiti ono \u010dime su platila svoje oslobo\u0111enje, ali su ih istovremeno time u\u010dili upijanju va\u017enosti obiteljskog zajedni\u0161tva i vrijednosti \u0161tedljivosti i odgovornosti.<\/p>\n\n\n\n<p><em>Izvor: narod.hr<\/em><\/p>\n","protected":false},"excerpt":{"rendered":"<p>Na dana\u0161nju nedjelju, 5. prosinca, katoli\u010dki puk pali drugu adventsku svije\u0107u. Pro\u0161ao je prvi tjedan i\u0161\u010dekivanja i bdijenja, a ve\u0107 po\u010dinje drugi.&nbsp;Dolazak Kralja je sve bli\u017ee, zato se usklik Do\u0161a\u0161\u0107a poja\u010dava i jo\u0161 ja\u010de zvoni vjernima: \u201cBdijte!\u201c Pokorni\u010dko vrijeme u godini je vrijeme odricanja i \u010dekanja, a Do\u0161a\u0161\u0107e je, uz Korizmu, najva\u017enije pokorni\u010dko vrijeme. A [&hellip;]<\/p>\n","protected":false},"author":2,"featured_media":96135,"comment_status":"closed","ping_status":"closed","sticky":false,"template":"","format":"standard","meta":{"h5ap_radio_sources":[],"footnotes":""},"categories":[1],"tags":[],"class_list":["post-96134","post","type-post","status-publish","format-standard","has-post-thumbnail","hentry","category-bihiregija"],"yoast_head":"<!-- This site is optimized with the Yoast SEO plugin v27.4 - https:\/\/yoast.com\/product\/yoast-seo-wordpress\/ -->\n<title>Druga nedjelja Do\u0161a\u0161\u0107a \u2013 znate li za stari hrvatski obi\u010daj Djetinjce? - RADIO LJUBU\u0160KI<\/title>\n<meta name=\"robots\" content=\"index, follow, max-snippet:-1, max-image-preview:large, max-video-preview:-1\" \/>\n<link rel=\"canonical\" href=\"https:\/\/radioljubuski.ba\/index.php\/2021\/12\/05\/druga-nedjelja-dosasca-znate-li-za-stari-hrvatski-obicaj-djetinjce\/\" \/>\n<meta property=\"og:locale\" content=\"hr_HR\" \/>\n<meta property=\"og:type\" content=\"article\" \/>\n<meta property=\"og:title\" content=\"Druga nedjelja Do\u0161a\u0161\u0107a \u2013 znate li za stari hrvatski obi\u010daj Djetinjce? - RADIO LJUBU\u0160KI\" \/>\n<meta property=\"og:description\" content=\"Na dana\u0161nju nedjelju, 5. prosinca, katoli\u010dki puk pali drugu adventsku svije\u0107u. Pro\u0161ao je prvi tjedan i\u0161\u010dekivanja i bdijenja, a ve\u0107 po\u010dinje drugi.&nbsp;Dolazak Kralja je sve bli\u017ee, zato se usklik Do\u0161a\u0161\u0107a poja\u010dava i jo\u0161 ja\u010de zvoni vjernima: \u201cBdijte!\u201c Pokorni\u010dko vrijeme u godini je vrijeme odricanja i \u010dekanja, a Do\u0161a\u0161\u0107e je, uz Korizmu, najva\u017enije pokorni\u010dko vrijeme. A [&hellip;]\" \/>\n<meta property=\"og:url\" content=\"https:\/\/radioljubuski.ba\/index.php\/2021\/12\/05\/druga-nedjelja-dosasca-znate-li-za-stari-hrvatski-obicaj-djetinjce\/\" \/>\n<meta property=\"og:site_name\" content=\"RADIO LJUBU\u0160KI\" \/>\n<meta property=\"article:publisher\" content=\"https:\/\/www.facebook.com\/Radiio-Ljubuski-1490835324566332\" \/>\n<meta property=\"article:published_time\" content=\"2021-12-05T14:22:30+00:00\" \/>\n<meta property=\"article:modified_time\" content=\"2021-12-05T14:22:31+00:00\" \/>\n<meta property=\"og:image\" content=\"https:\/\/radioljubuski.ba\/wp-content\/uploads\/2021\/12\/GettyImages-1286584675-696x464-1.jpg\" \/>\n\t<meta property=\"og:image:width\" content=\"696\" \/>\n\t<meta property=\"og:image:height\" content=\"464\" \/>\n\t<meta property=\"og:image:type\" content=\"image\/jpeg\" \/>\n<meta name=\"author\" content=\"Radio Ljubu\u0161ki\" \/>\n<meta name=\"twitter:card\" content=\"summary_large_image\" \/>\n<meta name=\"twitter:creator\" content=\"@radioljubuski\" \/>\n<meta name=\"twitter:site\" content=\"@radioljubuski\" \/>\n<meta name=\"twitter:label1\" content=\"Napisao\/la\" \/>\n\t<meta name=\"twitter:data1\" content=\"Radio Ljubu\u0161ki\" \/>\n\t<meta name=\"twitter:label2\" content=\"Procijenjeno vrijeme \u010ditanja\" \/>\n\t<meta name=\"twitter:data2\" content=\"3 minute\" \/>\n<script type=\"application\/ld+json\" class=\"yoast-schema-graph\">{\"@context\":\"https:\\\/\\\/schema.org\",\"@graph\":[{\"@type\":\"Article\",\"@id\":\"https:\\\/\\\/radioljubuski.ba\\\/index.php\\\/2021\\\/12\\\/05\\\/druga-nedjelja-dosasca-znate-li-za-stari-hrvatski-obicaj-djetinjce\\\/#article\",\"isPartOf\":{\"@id\":\"https:\\\/\\\/radioljubuski.ba\\\/index.php\\\/2021\\\/12\\\/05\\\/druga-nedjelja-dosasca-znate-li-za-stari-hrvatski-obicaj-djetinjce\\\/\"},\"author\":{\"name\":\"Radio Ljubu\u0161ki\",\"@id\":\"https:\\\/\\\/radioljubuski.ba\\\/#\\\/schema\\\/person\\\/19fc700381a780f69665d7956c469e3b\"},\"headline\":\"Druga nedjelja Do\u0161a\u0161\u0107a \u2013 znate li za stari hrvatski obi\u010daj Djetinjce?\",\"datePublished\":\"2021-12-05T14:22:30+00:00\",\"dateModified\":\"2021-12-05T14:22:31+00:00\",\"mainEntityOfPage\":{\"@id\":\"https:\\\/\\\/radioljubuski.ba\\\/index.php\\\/2021\\\/12\\\/05\\\/druga-nedjelja-dosasca-znate-li-za-stari-hrvatski-obicaj-djetinjce\\\/\"},\"wordCount\":568,\"publisher\":{\"@id\":\"https:\\\/\\\/radioljubuski.ba\\\/#organization\"},\"image\":{\"@id\":\"https:\\\/\\\/radioljubuski.ba\\\/index.php\\\/2021\\\/12\\\/05\\\/druga-nedjelja-dosasca-znate-li-za-stari-hrvatski-obicaj-djetinjce\\\/#primaryimage\"},\"thumbnailUrl\":\"https:\\\/\\\/radioljubuski.ba\\\/wp-content\\\/uploads\\\/2021\\\/12\\\/GettyImages-1286584675-696x464-1.jpg\",\"articleSection\":[\"BIH i regija\"],\"inLanguage\":\"hr\"},{\"@type\":\"WebPage\",\"@id\":\"https:\\\/\\\/radioljubuski.ba\\\/index.php\\\/2021\\\/12\\\/05\\\/druga-nedjelja-dosasca-znate-li-za-stari-hrvatski-obicaj-djetinjce\\\/\",\"url\":\"https:\\\/\\\/radioljubuski.ba\\\/index.php\\\/2021\\\/12\\\/05\\\/druga-nedjelja-dosasca-znate-li-za-stari-hrvatski-obicaj-djetinjce\\\/\",\"name\":\"Druga nedjelja Do\u0161a\u0161\u0107a \u2013 znate li za stari hrvatski obi\u010daj Djetinjce? - RADIO LJUBU\u0160KI\",\"isPartOf\":{\"@id\":\"https:\\\/\\\/radioljubuski.ba\\\/#website\"},\"primaryImageOfPage\":{\"@id\":\"https:\\\/\\\/radioljubuski.ba\\\/index.php\\\/2021\\\/12\\\/05\\\/druga-nedjelja-dosasca-znate-li-za-stari-hrvatski-obicaj-djetinjce\\\/#primaryimage\"},\"image\":{\"@id\":\"https:\\\/\\\/radioljubuski.ba\\\/index.php\\\/2021\\\/12\\\/05\\\/druga-nedjelja-dosasca-znate-li-za-stari-hrvatski-obicaj-djetinjce\\\/#primaryimage\"},\"thumbnailUrl\":\"https:\\\/\\\/radioljubuski.ba\\\/wp-content\\\/uploads\\\/2021\\\/12\\\/GettyImages-1286584675-696x464-1.jpg\",\"datePublished\":\"2021-12-05T14:22:30+00:00\",\"dateModified\":\"2021-12-05T14:22:31+00:00\",\"breadcrumb\":{\"@id\":\"https:\\\/\\\/radioljubuski.ba\\\/index.php\\\/2021\\\/12\\\/05\\\/druga-nedjelja-dosasca-znate-li-za-stari-hrvatski-obicaj-djetinjce\\\/#breadcrumb\"},\"inLanguage\":\"hr\",\"potentialAction\":[{\"@type\":\"ReadAction\",\"target\":[\"https:\\\/\\\/radioljubuski.ba\\\/index.php\\\/2021\\\/12\\\/05\\\/druga-nedjelja-dosasca-znate-li-za-stari-hrvatski-obicaj-djetinjce\\\/\"]}]},{\"@type\":\"ImageObject\",\"inLanguage\":\"hr\",\"@id\":\"https:\\\/\\\/radioljubuski.ba\\\/index.php\\\/2021\\\/12\\\/05\\\/druga-nedjelja-dosasca-znate-li-za-stari-hrvatski-obicaj-djetinjce\\\/#primaryimage\",\"url\":\"https:\\\/\\\/radioljubuski.ba\\\/wp-content\\\/uploads\\\/2021\\\/12\\\/GettyImages-1286584675-696x464-1.jpg\",\"contentUrl\":\"https:\\\/\\\/radioljubuski.ba\\\/wp-content\\\/uploads\\\/2021\\\/12\\\/GettyImages-1286584675-696x464-1.jpg\",\"width\":696,\"height\":464},{\"@type\":\"BreadcrumbList\",\"@id\":\"https:\\\/\\\/radioljubuski.ba\\\/index.php\\\/2021\\\/12\\\/05\\\/druga-nedjelja-dosasca-znate-li-za-stari-hrvatski-obicaj-djetinjce\\\/#breadcrumb\",\"itemListElement\":[{\"@type\":\"ListItem\",\"position\":1,\"name\":\"Po\u010detna stranica\",\"item\":\"https:\\\/\\\/radioljubuski.ba\\\/\"},{\"@type\":\"ListItem\",\"position\":2,\"name\":\"Druga nedjelja Do\u0161a\u0161\u0107a \u2013 znate li za stari hrvatski obi\u010daj Djetinjce?\"}]},{\"@type\":\"WebSite\",\"@id\":\"https:\\\/\\\/radioljubuski.ba\\\/#website\",\"url\":\"https:\\\/\\\/radioljubuski.ba\\\/\",\"name\":\"Radio Ljubu\u0161ki\",\"description\":\"Sun\u010dana frekvencija Hercegovine\",\"publisher\":{\"@id\":\"https:\\\/\\\/radioljubuski.ba\\\/#organization\"},\"potentialAction\":[{\"@type\":\"SearchAction\",\"target\":{\"@type\":\"EntryPoint\",\"urlTemplate\":\"https:\\\/\\\/radioljubuski.ba\\\/?s={search_term_string}\"},\"query-input\":{\"@type\":\"PropertyValueSpecification\",\"valueRequired\":true,\"valueName\":\"search_term_string\"}}],\"inLanguage\":\"hr\"},{\"@type\":\"Organization\",\"@id\":\"https:\\\/\\\/radioljubuski.ba\\\/#organization\",\"name\":\"Radio Ljubu\u0161ki\",\"url\":\"https:\\\/\\\/radioljubuski.ba\\\/\",\"logo\":{\"@type\":\"ImageObject\",\"inLanguage\":\"hr\",\"@id\":\"https:\\\/\\\/radioljubuski.ba\\\/#\\\/schema\\\/logo\\\/image\\\/\",\"url\":\"https:\\\/\\\/radioljubuski.ba\\\/wp-content\\\/uploads\\\/2021\\\/02\\\/cropped-Radio_Ljubuski_logo1.jpg\",\"contentUrl\":\"https:\\\/\\\/radioljubuski.ba\\\/wp-content\\\/uploads\\\/2021\\\/02\\\/cropped-Radio_Ljubuski_logo1.jpg\",\"width\":512,\"height\":512,\"caption\":\"Radio Ljubu\u0161ki\"},\"image\":{\"@id\":\"https:\\\/\\\/radioljubuski.ba\\\/#\\\/schema\\\/logo\\\/image\\\/\"},\"sameAs\":[\"https:\\\/\\\/www.facebook.com\\\/Radiio-Ljubuski-1490835324566332\",\"https:\\\/\\\/x.com\\\/radioljubuski\",\"https:\\\/\\\/hr.linkedin.com\\\/company\\\/radio-ljubuski\",\"https:\\\/\\\/www.youtube.com\\\/channel\\\/UCHYaeO_n0Db3tjNGudGpXyw\"]},{\"@type\":\"Person\",\"@id\":\"https:\\\/\\\/radioljubuski.ba\\\/#\\\/schema\\\/person\\\/19fc700381a780f69665d7956c469e3b\",\"name\":\"Radio Ljubu\u0161ki\"}]}<\/script>\n<!-- \/ Yoast SEO plugin. -->","yoast_head_json":{"title":"Druga nedjelja Do\u0161a\u0161\u0107a \u2013 znate li za stari hrvatski obi\u010daj Djetinjce? - RADIO LJUBU\u0160KI","robots":{"index":"index","follow":"follow","max-snippet":"max-snippet:-1","max-image-preview":"max-image-preview:large","max-video-preview":"max-video-preview:-1"},"canonical":"https:\/\/radioljubuski.ba\/index.php\/2021\/12\/05\/druga-nedjelja-dosasca-znate-li-za-stari-hrvatski-obicaj-djetinjce\/","og_locale":"hr_HR","og_type":"article","og_title":"Druga nedjelja Do\u0161a\u0161\u0107a \u2013 znate li za stari hrvatski obi\u010daj Djetinjce? - RADIO LJUBU\u0160KI","og_description":"Na dana\u0161nju nedjelju, 5. prosinca, katoli\u010dki puk pali drugu adventsku svije\u0107u. Pro\u0161ao je prvi tjedan i\u0161\u010dekivanja i bdijenja, a ve\u0107 po\u010dinje drugi.&nbsp;Dolazak Kralja je sve bli\u017ee, zato se usklik Do\u0161a\u0161\u0107a poja\u010dava i jo\u0161 ja\u010de zvoni vjernima: \u201cBdijte!\u201c Pokorni\u010dko vrijeme u godini je vrijeme odricanja i \u010dekanja, a Do\u0161a\u0161\u0107e je, uz Korizmu, najva\u017enije pokorni\u010dko vrijeme. A [&hellip;]","og_url":"https:\/\/radioljubuski.ba\/index.php\/2021\/12\/05\/druga-nedjelja-dosasca-znate-li-za-stari-hrvatski-obicaj-djetinjce\/","og_site_name":"RADIO LJUBU\u0160KI","article_publisher":"https:\/\/www.facebook.com\/Radiio-Ljubuski-1490835324566332","article_published_time":"2021-12-05T14:22:30+00:00","article_modified_time":"2021-12-05T14:22:31+00:00","og_image":[{"width":696,"height":464,"url":"https:\/\/radioljubuski.ba\/wp-content\/uploads\/2021\/12\/GettyImages-1286584675-696x464-1.jpg","type":"image\/jpeg"}],"author":"Radio Ljubu\u0161ki","twitter_card":"summary_large_image","twitter_creator":"@radioljubuski","twitter_site":"@radioljubuski","twitter_misc":{"Napisao\/la":"Radio Ljubu\u0161ki","Procijenjeno vrijeme \u010ditanja":"3 minute"},"schema":{"@context":"https:\/\/schema.org","@graph":[{"@type":"Article","@id":"https:\/\/radioljubuski.ba\/index.php\/2021\/12\/05\/druga-nedjelja-dosasca-znate-li-za-stari-hrvatski-obicaj-djetinjce\/#article","isPartOf":{"@id":"https:\/\/radioljubuski.ba\/index.php\/2021\/12\/05\/druga-nedjelja-dosasca-znate-li-za-stari-hrvatski-obicaj-djetinjce\/"},"author":{"name":"Radio Ljubu\u0161ki","@id":"https:\/\/radioljubuski.ba\/#\/schema\/person\/19fc700381a780f69665d7956c469e3b"},"headline":"Druga nedjelja Do\u0161a\u0161\u0107a \u2013 znate li za stari hrvatski obi\u010daj Djetinjce?","datePublished":"2021-12-05T14:22:30+00:00","dateModified":"2021-12-05T14:22:31+00:00","mainEntityOfPage":{"@id":"https:\/\/radioljubuski.ba\/index.php\/2021\/12\/05\/druga-nedjelja-dosasca-znate-li-za-stari-hrvatski-obicaj-djetinjce\/"},"wordCount":568,"publisher":{"@id":"https:\/\/radioljubuski.ba\/#organization"},"image":{"@id":"https:\/\/radioljubuski.ba\/index.php\/2021\/12\/05\/druga-nedjelja-dosasca-znate-li-za-stari-hrvatski-obicaj-djetinjce\/#primaryimage"},"thumbnailUrl":"https:\/\/radioljubuski.ba\/wp-content\/uploads\/2021\/12\/GettyImages-1286584675-696x464-1.jpg","articleSection":["BIH i regija"],"inLanguage":"hr"},{"@type":"WebPage","@id":"https:\/\/radioljubuski.ba\/index.php\/2021\/12\/05\/druga-nedjelja-dosasca-znate-li-za-stari-hrvatski-obicaj-djetinjce\/","url":"https:\/\/radioljubuski.ba\/index.php\/2021\/12\/05\/druga-nedjelja-dosasca-znate-li-za-stari-hrvatski-obicaj-djetinjce\/","name":"Druga nedjelja Do\u0161a\u0161\u0107a \u2013 znate li za stari hrvatski obi\u010daj Djetinjce? - RADIO LJUBU\u0160KI","isPartOf":{"@id":"https:\/\/radioljubuski.ba\/#website"},"primaryImageOfPage":{"@id":"https:\/\/radioljubuski.ba\/index.php\/2021\/12\/05\/druga-nedjelja-dosasca-znate-li-za-stari-hrvatski-obicaj-djetinjce\/#primaryimage"},"image":{"@id":"https:\/\/radioljubuski.ba\/index.php\/2021\/12\/05\/druga-nedjelja-dosasca-znate-li-za-stari-hrvatski-obicaj-djetinjce\/#primaryimage"},"thumbnailUrl":"https:\/\/radioljubuski.ba\/wp-content\/uploads\/2021\/12\/GettyImages-1286584675-696x464-1.jpg","datePublished":"2021-12-05T14:22:30+00:00","dateModified":"2021-12-05T14:22:31+00:00","breadcrumb":{"@id":"https:\/\/radioljubuski.ba\/index.php\/2021\/12\/05\/druga-nedjelja-dosasca-znate-li-za-stari-hrvatski-obicaj-djetinjce\/#breadcrumb"},"inLanguage":"hr","potentialAction":[{"@type":"ReadAction","target":["https:\/\/radioljubuski.ba\/index.php\/2021\/12\/05\/druga-nedjelja-dosasca-znate-li-za-stari-hrvatski-obicaj-djetinjce\/"]}]},{"@type":"ImageObject","inLanguage":"hr","@id":"https:\/\/radioljubuski.ba\/index.php\/2021\/12\/05\/druga-nedjelja-dosasca-znate-li-za-stari-hrvatski-obicaj-djetinjce\/#primaryimage","url":"https:\/\/radioljubuski.ba\/wp-content\/uploads\/2021\/12\/GettyImages-1286584675-696x464-1.jpg","contentUrl":"https:\/\/radioljubuski.ba\/wp-content\/uploads\/2021\/12\/GettyImages-1286584675-696x464-1.jpg","width":696,"height":464},{"@type":"BreadcrumbList","@id":"https:\/\/radioljubuski.ba\/index.php\/2021\/12\/05\/druga-nedjelja-dosasca-znate-li-za-stari-hrvatski-obicaj-djetinjce\/#breadcrumb","itemListElement":[{"@type":"ListItem","position":1,"name":"Po\u010detna stranica","item":"https:\/\/radioljubuski.ba\/"},{"@type":"ListItem","position":2,"name":"Druga nedjelja Do\u0161a\u0161\u0107a \u2013 znate li za stari hrvatski obi\u010daj Djetinjce?"}]},{"@type":"WebSite","@id":"https:\/\/radioljubuski.ba\/#website","url":"https:\/\/radioljubuski.ba\/","name":"Radio Ljubu\u0161ki","description":"Sun\u010dana frekvencija Hercegovine","publisher":{"@id":"https:\/\/radioljubuski.ba\/#organization"},"potentialAction":[{"@type":"SearchAction","target":{"@type":"EntryPoint","urlTemplate":"https:\/\/radioljubuski.ba\/?s={search_term_string}"},"query-input":{"@type":"PropertyValueSpecification","valueRequired":true,"valueName":"search_term_string"}}],"inLanguage":"hr"},{"@type":"Organization","@id":"https:\/\/radioljubuski.ba\/#organization","name":"Radio Ljubu\u0161ki","url":"https:\/\/radioljubuski.ba\/","logo":{"@type":"ImageObject","inLanguage":"hr","@id":"https:\/\/radioljubuski.ba\/#\/schema\/logo\/image\/","url":"https:\/\/radioljubuski.ba\/wp-content\/uploads\/2021\/02\/cropped-Radio_Ljubuski_logo1.jpg","contentUrl":"https:\/\/radioljubuski.ba\/wp-content\/uploads\/2021\/02\/cropped-Radio_Ljubuski_logo1.jpg","width":512,"height":512,"caption":"Radio Ljubu\u0161ki"},"image":{"@id":"https:\/\/radioljubuski.ba\/#\/schema\/logo\/image\/"},"sameAs":["https:\/\/www.facebook.com\/Radiio-Ljubuski-1490835324566332","https:\/\/x.com\/radioljubuski","https:\/\/hr.linkedin.com\/company\/radio-ljubuski","https:\/\/www.youtube.com\/channel\/UCHYaeO_n0Db3tjNGudGpXyw"]},{"@type":"Person","@id":"https:\/\/radioljubuski.ba\/#\/schema\/person\/19fc700381a780f69665d7956c469e3b","name":"Radio Ljubu\u0161ki"}]}},"_links":{"self":[{"href":"https:\/\/radioljubuski.ba\/index.php\/wp-json\/wp\/v2\/posts\/96134","targetHints":{"allow":["GET"]}}],"collection":[{"href":"https:\/\/radioljubuski.ba\/index.php\/wp-json\/wp\/v2\/posts"}],"about":[{"href":"https:\/\/radioljubuski.ba\/index.php\/wp-json\/wp\/v2\/types\/post"}],"author":[{"embeddable":true,"href":"https:\/\/radioljubuski.ba\/index.php\/wp-json\/wp\/v2\/users\/2"}],"replies":[{"embeddable":true,"href":"https:\/\/radioljubuski.ba\/index.php\/wp-json\/wp\/v2\/comments?post=96134"}],"version-history":[{"count":1,"href":"https:\/\/radioljubuski.ba\/index.php\/wp-json\/wp\/v2\/posts\/96134\/revisions"}],"predecessor-version":[{"id":96136,"href":"https:\/\/radioljubuski.ba\/index.php\/wp-json\/wp\/v2\/posts\/96134\/revisions\/96136"}],"wp:featuredmedia":[{"embeddable":true,"href":"https:\/\/radioljubuski.ba\/index.php\/wp-json\/wp\/v2\/media\/96135"}],"wp:attachment":[{"href":"https:\/\/radioljubuski.ba\/index.php\/wp-json\/wp\/v2\/media?parent=96134"}],"wp:term":[{"taxonomy":"category","embeddable":true,"href":"https:\/\/radioljubuski.ba\/index.php\/wp-json\/wp\/v2\/categories?post=96134"},{"taxonomy":"post_tag","embeddable":true,"href":"https:\/\/radioljubuski.ba\/index.php\/wp-json\/wp\/v2\/tags?post=96134"}],"curies":[{"name":"wp","href":"https:\/\/api.w.org\/{rel}","templated":true}]}}