{"id":96137,"date":"2021-12-05T15:24:00","date_gmt":"2021-12-05T14:24:00","guid":{"rendered":"https:\/\/radioljubuski.ba\/?p=96137"},"modified":"2021-12-05T15:24:00","modified_gmt":"2021-12-05T14:24:00","slug":"umro-povjesnicar-mladen-ivezic-clan-drustva-za-istrazivanje-trostrukog-logora-jasenovac","status":"publish","type":"post","link":"https:\/\/radioljubuski.ba\/index.php\/2021\/12\/05\/umro-povjesnicar-mladen-ivezic-clan-drustva-za-istrazivanje-trostrukog-logora-jasenovac\/","title":{"rendered":"Umro povjesni\u010dar Mladen Ivezi\u0107, \u010dlan Dru\u0161tva za istra\u017eivanje trostrukog logora Jasenovac"},"content":{"rendered":"\n<p>Prije dva dana, 2. prosinca 2021. umro je hrvatski povjesni\u010dar Mladen Ivezi\u0107, \u010dlan Dru\u0161tva za istra\u017eivanje trostrukog logora Jasenovac.<\/p>\n\n\n\n<p>Od njega se s velikom zahvalno\u0161\u0107u oprostio akademik Josip Pe\u010dari\u0107, u tekstu kojeg, s portala&nbsp;<a href=\"https:\/\/hrvatskonebo.org\/2021\/12\/04\/umro-je-hrvatski-povjesnicar-prof-mr-mladen-ivezic\/\">Hrvatsko nebo<\/a>, prenosimo u nastavku:<\/p>\n\n\n\n<p>\u201cG\u0111a&nbsp;<strong>Gordana Turi\u0107<\/strong>&nbsp;mi je javila tu\u017enu vijest:<\/p>\n\n\n\n<p><em>Po\u0161tovani gospodine akademi\u010de,<\/em><\/p>\n\n\n\n<p><em>&nbsp;S tugom Vas obavje\u0161tavam, da je sino\u0107, 2. prosinca, umro na\u0161 veliki domoljub, povjesnik, jezi\u010dar i filozof,&nbsp;<\/em><strong><em>prof. mr. Mladen Ivezi\u0107<\/em><\/strong><em>. Sprovod \u0107e mu biti u<\/em><strong><em>&nbsp;petak, 10. prosinca u 12:30 sati na Krematoriju<\/em><\/strong><em>, a Sv. Misa zadu\u0161nica u subotu, 11. prosinca u 9 sati u dvorani u dvori\u0161tu Bazilike Srca Isusova u Palmoti\u0107evoj ulici. Neka ga dragi Bog uzme u naru\u010dje, kako je on u naru\u010dju nosio Hrvatsku!<\/em><\/p>\n\n\n\n<p>Da, napustio nas je jo\u0161 jedan velikan hrvatski povjesni\u010dar mr. sc. Mladen Ivezi\u0107, \u010dlan&nbsp;<em><strong>Dru\u0161tva za istra\u017eivanje trostrukog logora Jasenovac<\/strong><\/em>.&nbsp;Na svaki na\u010din su mu onemogu\u0107avali rad i napredovanje oni koji su bili upitni povjesni\u010dari ali podobni vlastima kojima nisu bili u interesu istine o hrvatskoj povijesti, kojima su odgovarale la\u017ei iz jugo-komunisti\u010dke historiografije u cilju dr\u017eanja u pokornosti hrvatskog naroda. Na \u017ealost ista politika se provodi u dana\u0161njoj RH. Dovoljno je pro\u010ditati naslove njegovih knjiga, koje je uglavnom tiskao u vlastitoj nakladi, pa vidjeti za\u0161to je bio nepodoban.<\/p>\n\n\n\n<p>Mladen Ivezi\u0107 rodio se 1957. godine u Zagrebu. Osnovnu \u0161kolu i gimnaziju polazio je i zavr\u0161io u Zagrebu.<\/p>\n\n\n\n<p>Studij povijesti i komparativne knji\u017eevnosti upisao je 1976. godine na zagreba\u010dkome Filozofskome fakultetu, 1977. godine upisao je i psihologiju i filozofiju a diplomirao je 1982. godine. 1984. godine Ivezi\u0107 je upisao poslijediplomski studij iz povijesti a magistrirao je godine i to s obranom teze Dru\u0161tvena uvjetovanost i kulturni utjecaj pu\u010dkih kalendara u sjevernoj Hrvatskoj i Slavoniji od ilirizma do sedamdesetih godina 19. stolje\u0107a. Od 1991. godine bio je \u010dlan Komisije za utvr\u0111ivanje \u017ertava Drugoga svjetskog rata i pora\u0107a Republike Hrvatske. 2002. godine pokrenuo je satiri\u010dno-politi\u010dki \u010dasopis Hrvatski zvekan i bio mu nakladnikom i glavnim urednikom te piscem ve\u0107ine \u010dlanaka. Hrvatski zvekan u kojemu su, izme\u0111u ostalih, sura\u0111ivali Nela Er\u017ei\u0161nik, akademik Josip Pe\u010dari\u0107, prof. dr. Nedjeljko Kujund\u017ei\u0107 i prof. dr. Tomislav Suni\u0107 izlazi u samo \u010detiri broja i gasi se.<\/p>\n\n\n\n<p>Skup\u0161tina Dru\u0161tva za istra\u017eivanje trostrukog logora Jasenovac dodijelila mu je pohvalnicu kao istaknutom istra\u017eiva\u010du jasenova\u010dkog logora zajedno s akademikom Josipom Pe\u010dari\u0107em, prof. dr. sc. Josipom Jur\u010devi\u0107em, dr. sc. o. Vladimirom Horvatom i Vladimirom Mrkocijem.<\/p>\n\n\n\n<p><strong>Djela<\/strong><\/p>\n\n\n\n<p>Hrvatski kalendari, Hrvatski Forum, Zagreb, 1997.<\/p>\n\n\n\n<p>Genocid nad Hrvatima zapovijeda Tito, vl. naklada, Zagreb, 1999.<\/p>\n\n\n\n<p>Titova umjetnost mr\u017enje, vl. naklada, Zagreb, 2001.<\/p>\n\n\n\n<p>Jasenovac \u2013 brojke, vl. naklada, Zagreb, 2003.<\/p>\n\n\n\n<p>Profiterna: I. dio, Marx i Engels, vl. naklada, Zagreb, 2003.<\/p>\n\n\n\n<p>Titov Jasenovac, vl. naklada, Zagreb 2014.<\/p>\n\n\n\n<p>Ratni zlo\u010dinac Tito, vl. naklada, Zagreb 2015.<\/p>\n\n\n\n<p><strong>Neka Svemogu\u0107i Bog, na\u0161em Mladenu podari laku hrvatsku zemlju, koju je toliko volio.\u201d \u2013&nbsp;<\/strong>poru\u010dio je akademik Pe\u010dari\u0107.<\/p>\n\n\n\n<p><em>Izvor: narod.hr<\/em><\/p>\n","protected":false},"excerpt":{"rendered":"<p>Prije dva dana, 2. prosinca 2021. umro je hrvatski povjesni\u010dar Mladen Ivezi\u0107, \u010dlan Dru\u0161tva za istra\u017eivanje trostrukog logora Jasenovac. Od njega se s velikom zahvalno\u0161\u0107u oprostio akademik Josip Pe\u010dari\u0107, u tekstu kojeg, s portala&nbsp;Hrvatsko nebo, prenosimo u nastavku: \u201cG\u0111a&nbsp;Gordana Turi\u0107&nbsp;mi je javila tu\u017enu vijest: Po\u0161tovani gospodine akademi\u010de, &nbsp;S tugom Vas obavje\u0161tavam, da je sino\u0107, 2. [&hellip;]<\/p>\n","protected":false},"author":2,"featured_media":96138,"comment_status":"closed","ping_status":"closed","sticky":false,"template":"","format":"standard","meta":{"h5ap_radio_sources":[],"footnotes":""},"categories":[1],"tags":[],"class_list":["post-96137","post","type-post","status-publish","format-standard","has-post-thumbnail","hentry","category-bihiregija"],"yoast_head":"<!-- This site is optimized with the Yoast SEO plugin v27.4 - https:\/\/yoast.com\/product\/yoast-seo-wordpress\/ -->\n<title>Umro povjesni\u010dar Mladen Ivezi\u0107, \u010dlan Dru\u0161tva za istra\u017eivanje trostrukog logora Jasenovac - RADIO LJUBU\u0160KI<\/title>\n<meta name=\"robots\" content=\"index, follow, max-snippet:-1, max-image-preview:large, max-video-preview:-1\" \/>\n<link rel=\"canonical\" href=\"https:\/\/radioljubuski.ba\/index.php\/2021\/12\/05\/umro-povjesnicar-mladen-ivezic-clan-drustva-za-istrazivanje-trostrukog-logora-jasenovac\/\" \/>\n<meta property=\"og:locale\" content=\"hr_HR\" \/>\n<meta property=\"og:type\" content=\"article\" \/>\n<meta property=\"og:title\" content=\"Umro povjesni\u010dar Mladen Ivezi\u0107, \u010dlan Dru\u0161tva za istra\u017eivanje trostrukog logora Jasenovac - RADIO LJUBU\u0160KI\" \/>\n<meta property=\"og:description\" content=\"Prije dva dana, 2. prosinca 2021. umro je hrvatski povjesni\u010dar Mladen Ivezi\u0107, \u010dlan Dru\u0161tva za istra\u017eivanje trostrukog logora Jasenovac. Od njega se s velikom zahvalno\u0161\u0107u oprostio akademik Josip Pe\u010dari\u0107, u tekstu kojeg, s portala&nbsp;Hrvatsko nebo, prenosimo u nastavku: \u201cG\u0111a&nbsp;Gordana Turi\u0107&nbsp;mi je javila tu\u017enu vijest: Po\u0161tovani gospodine akademi\u010de, &nbsp;S tugom Vas obavje\u0161tavam, da je sino\u0107, 2. [&hellip;]\" \/>\n<meta property=\"og:url\" content=\"https:\/\/radioljubuski.ba\/index.php\/2021\/12\/05\/umro-povjesnicar-mladen-ivezic-clan-drustva-za-istrazivanje-trostrukog-logora-jasenovac\/\" \/>\n<meta property=\"og:site_name\" content=\"RADIO LJUBU\u0160KI\" \/>\n<meta property=\"article:publisher\" content=\"https:\/\/www.facebook.com\/Radiio-Ljubuski-1490835324566332\" \/>\n<meta property=\"article:published_time\" content=\"2021-12-05T14:24:00+00:00\" \/>\n<meta property=\"og:image\" content=\"https:\/\/radioljubuski.ba\/wp-content\/uploads\/2021\/12\/Ivezic.jpg\" \/>\n\t<meta property=\"og:image:width\" content=\"879\" \/>\n\t<meta property=\"og:image:height\" content=\"483\" \/>\n\t<meta property=\"og:image:type\" content=\"image\/jpeg\" \/>\n<meta name=\"author\" content=\"Radio Ljubu\u0161ki\" \/>\n<meta name=\"twitter:card\" content=\"summary_large_image\" \/>\n<meta name=\"twitter:creator\" content=\"@radioljubuski\" \/>\n<meta name=\"twitter:site\" content=\"@radioljubuski\" \/>\n<meta name=\"twitter:label1\" content=\"Napisao\/la\" \/>\n\t<meta name=\"twitter:data1\" content=\"Radio Ljubu\u0161ki\" \/>\n\t<meta name=\"twitter:label2\" content=\"Procijenjeno vrijeme \u010ditanja\" \/>\n\t<meta name=\"twitter:data2\" content=\"3 minute\" \/>\n<script type=\"application\/ld+json\" class=\"yoast-schema-graph\">{\"@context\":\"https:\\\/\\\/schema.org\",\"@graph\":[{\"@type\":\"Article\",\"@id\":\"https:\\\/\\\/radioljubuski.ba\\\/index.php\\\/2021\\\/12\\\/05\\\/umro-povjesnicar-mladen-ivezic-clan-drustva-za-istrazivanje-trostrukog-logora-jasenovac\\\/#article\",\"isPartOf\":{\"@id\":\"https:\\\/\\\/radioljubuski.ba\\\/index.php\\\/2021\\\/12\\\/05\\\/umro-povjesnicar-mladen-ivezic-clan-drustva-za-istrazivanje-trostrukog-logora-jasenovac\\\/\"},\"author\":{\"name\":\"Radio Ljubu\u0161ki\",\"@id\":\"https:\\\/\\\/radioljubuski.ba\\\/#\\\/schema\\\/person\\\/19fc700381a780f69665d7956c469e3b\"},\"headline\":\"Umro povjesni\u010dar Mladen Ivezi\u0107, \u010dlan Dru\u0161tva za istra\u017eivanje trostrukog logora Jasenovac\",\"datePublished\":\"2021-12-05T14:24:00+00:00\",\"mainEntityOfPage\":{\"@id\":\"https:\\\/\\\/radioljubuski.ba\\\/index.php\\\/2021\\\/12\\\/05\\\/umro-povjesnicar-mladen-ivezic-clan-drustva-za-istrazivanje-trostrukog-logora-jasenovac\\\/\"},\"wordCount\":523,\"publisher\":{\"@id\":\"https:\\\/\\\/radioljubuski.ba\\\/#organization\"},\"image\":{\"@id\":\"https:\\\/\\\/radioljubuski.ba\\\/index.php\\\/2021\\\/12\\\/05\\\/umro-povjesnicar-mladen-ivezic-clan-drustva-za-istrazivanje-trostrukog-logora-jasenovac\\\/#primaryimage\"},\"thumbnailUrl\":\"https:\\\/\\\/radioljubuski.ba\\\/wp-content\\\/uploads\\\/2021\\\/12\\\/Ivezic.jpg\",\"articleSection\":[\"BIH i regija\"],\"inLanguage\":\"hr\"},{\"@type\":\"WebPage\",\"@id\":\"https:\\\/\\\/radioljubuski.ba\\\/index.php\\\/2021\\\/12\\\/05\\\/umro-povjesnicar-mladen-ivezic-clan-drustva-za-istrazivanje-trostrukog-logora-jasenovac\\\/\",\"url\":\"https:\\\/\\\/radioljubuski.ba\\\/index.php\\\/2021\\\/12\\\/05\\\/umro-povjesnicar-mladen-ivezic-clan-drustva-za-istrazivanje-trostrukog-logora-jasenovac\\\/\",\"name\":\"Umro povjesni\u010dar Mladen Ivezi\u0107, \u010dlan Dru\u0161tva za istra\u017eivanje trostrukog logora Jasenovac - RADIO LJUBU\u0160KI\",\"isPartOf\":{\"@id\":\"https:\\\/\\\/radioljubuski.ba\\\/#website\"},\"primaryImageOfPage\":{\"@id\":\"https:\\\/\\\/radioljubuski.ba\\\/index.php\\\/2021\\\/12\\\/05\\\/umro-povjesnicar-mladen-ivezic-clan-drustva-za-istrazivanje-trostrukog-logora-jasenovac\\\/#primaryimage\"},\"image\":{\"@id\":\"https:\\\/\\\/radioljubuski.ba\\\/index.php\\\/2021\\\/12\\\/05\\\/umro-povjesnicar-mladen-ivezic-clan-drustva-za-istrazivanje-trostrukog-logora-jasenovac\\\/#primaryimage\"},\"thumbnailUrl\":\"https:\\\/\\\/radioljubuski.ba\\\/wp-content\\\/uploads\\\/2021\\\/12\\\/Ivezic.jpg\",\"datePublished\":\"2021-12-05T14:24:00+00:00\",\"breadcrumb\":{\"@id\":\"https:\\\/\\\/radioljubuski.ba\\\/index.php\\\/2021\\\/12\\\/05\\\/umro-povjesnicar-mladen-ivezic-clan-drustva-za-istrazivanje-trostrukog-logora-jasenovac\\\/#breadcrumb\"},\"inLanguage\":\"hr\",\"potentialAction\":[{\"@type\":\"ReadAction\",\"target\":[\"https:\\\/\\\/radioljubuski.ba\\\/index.php\\\/2021\\\/12\\\/05\\\/umro-povjesnicar-mladen-ivezic-clan-drustva-za-istrazivanje-trostrukog-logora-jasenovac\\\/\"]}]},{\"@type\":\"ImageObject\",\"inLanguage\":\"hr\",\"@id\":\"https:\\\/\\\/radioljubuski.ba\\\/index.php\\\/2021\\\/12\\\/05\\\/umro-povjesnicar-mladen-ivezic-clan-drustva-za-istrazivanje-trostrukog-logora-jasenovac\\\/#primaryimage\",\"url\":\"https:\\\/\\\/radioljubuski.ba\\\/wp-content\\\/uploads\\\/2021\\\/12\\\/Ivezic.jpg\",\"contentUrl\":\"https:\\\/\\\/radioljubuski.ba\\\/wp-content\\\/uploads\\\/2021\\\/12\\\/Ivezic.jpg\",\"width\":879,\"height\":483},{\"@type\":\"BreadcrumbList\",\"@id\":\"https:\\\/\\\/radioljubuski.ba\\\/index.php\\\/2021\\\/12\\\/05\\\/umro-povjesnicar-mladen-ivezic-clan-drustva-za-istrazivanje-trostrukog-logora-jasenovac\\\/#breadcrumb\",\"itemListElement\":[{\"@type\":\"ListItem\",\"position\":1,\"name\":\"Po\u010detna stranica\",\"item\":\"https:\\\/\\\/radioljubuski.ba\\\/\"},{\"@type\":\"ListItem\",\"position\":2,\"name\":\"Umro povjesni\u010dar Mladen Ivezi\u0107, \u010dlan Dru\u0161tva za istra\u017eivanje trostrukog logora Jasenovac\"}]},{\"@type\":\"WebSite\",\"@id\":\"https:\\\/\\\/radioljubuski.ba\\\/#website\",\"url\":\"https:\\\/\\\/radioljubuski.ba\\\/\",\"name\":\"Radio Ljubu\u0161ki\",\"description\":\"Sun\u010dana frekvencija Hercegovine\",\"publisher\":{\"@id\":\"https:\\\/\\\/radioljubuski.ba\\\/#organization\"},\"potentialAction\":[{\"@type\":\"SearchAction\",\"target\":{\"@type\":\"EntryPoint\",\"urlTemplate\":\"https:\\\/\\\/radioljubuski.ba\\\/?s={search_term_string}\"},\"query-input\":{\"@type\":\"PropertyValueSpecification\",\"valueRequired\":true,\"valueName\":\"search_term_string\"}}],\"inLanguage\":\"hr\"},{\"@type\":\"Organization\",\"@id\":\"https:\\\/\\\/radioljubuski.ba\\\/#organization\",\"name\":\"Radio Ljubu\u0161ki\",\"url\":\"https:\\\/\\\/radioljubuski.ba\\\/\",\"logo\":{\"@type\":\"ImageObject\",\"inLanguage\":\"hr\",\"@id\":\"https:\\\/\\\/radioljubuski.ba\\\/#\\\/schema\\\/logo\\\/image\\\/\",\"url\":\"https:\\\/\\\/radioljubuski.ba\\\/wp-content\\\/uploads\\\/2021\\\/02\\\/cropped-Radio_Ljubuski_logo1.jpg\",\"contentUrl\":\"https:\\\/\\\/radioljubuski.ba\\\/wp-content\\\/uploads\\\/2021\\\/02\\\/cropped-Radio_Ljubuski_logo1.jpg\",\"width\":512,\"height\":512,\"caption\":\"Radio Ljubu\u0161ki\"},\"image\":{\"@id\":\"https:\\\/\\\/radioljubuski.ba\\\/#\\\/schema\\\/logo\\\/image\\\/\"},\"sameAs\":[\"https:\\\/\\\/www.facebook.com\\\/Radiio-Ljubuski-1490835324566332\",\"https:\\\/\\\/x.com\\\/radioljubuski\",\"https:\\\/\\\/hr.linkedin.com\\\/company\\\/radio-ljubuski\",\"https:\\\/\\\/www.youtube.com\\\/channel\\\/UCHYaeO_n0Db3tjNGudGpXyw\"]},{\"@type\":\"Person\",\"@id\":\"https:\\\/\\\/radioljubuski.ba\\\/#\\\/schema\\\/person\\\/19fc700381a780f69665d7956c469e3b\",\"name\":\"Radio Ljubu\u0161ki\"}]}<\/script>\n<!-- \/ Yoast SEO plugin. -->","yoast_head_json":{"title":"Umro povjesni\u010dar Mladen Ivezi\u0107, \u010dlan Dru\u0161tva za istra\u017eivanje trostrukog logora Jasenovac - RADIO LJUBU\u0160KI","robots":{"index":"index","follow":"follow","max-snippet":"max-snippet:-1","max-image-preview":"max-image-preview:large","max-video-preview":"max-video-preview:-1"},"canonical":"https:\/\/radioljubuski.ba\/index.php\/2021\/12\/05\/umro-povjesnicar-mladen-ivezic-clan-drustva-za-istrazivanje-trostrukog-logora-jasenovac\/","og_locale":"hr_HR","og_type":"article","og_title":"Umro povjesni\u010dar Mladen Ivezi\u0107, \u010dlan Dru\u0161tva za istra\u017eivanje trostrukog logora Jasenovac - RADIO LJUBU\u0160KI","og_description":"Prije dva dana, 2. prosinca 2021. umro je hrvatski povjesni\u010dar Mladen Ivezi\u0107, \u010dlan Dru\u0161tva za istra\u017eivanje trostrukog logora Jasenovac. Od njega se s velikom zahvalno\u0161\u0107u oprostio akademik Josip Pe\u010dari\u0107, u tekstu kojeg, s portala&nbsp;Hrvatsko nebo, prenosimo u nastavku: \u201cG\u0111a&nbsp;Gordana Turi\u0107&nbsp;mi je javila tu\u017enu vijest: Po\u0161tovani gospodine akademi\u010de, &nbsp;S tugom Vas obavje\u0161tavam, da je sino\u0107, 2. [&hellip;]","og_url":"https:\/\/radioljubuski.ba\/index.php\/2021\/12\/05\/umro-povjesnicar-mladen-ivezic-clan-drustva-za-istrazivanje-trostrukog-logora-jasenovac\/","og_site_name":"RADIO LJUBU\u0160KI","article_publisher":"https:\/\/www.facebook.com\/Radiio-Ljubuski-1490835324566332","article_published_time":"2021-12-05T14:24:00+00:00","og_image":[{"width":879,"height":483,"url":"https:\/\/radioljubuski.ba\/wp-content\/uploads\/2021\/12\/Ivezic.jpg","type":"image\/jpeg"}],"author":"Radio Ljubu\u0161ki","twitter_card":"summary_large_image","twitter_creator":"@radioljubuski","twitter_site":"@radioljubuski","twitter_misc":{"Napisao\/la":"Radio Ljubu\u0161ki","Procijenjeno vrijeme \u010ditanja":"3 minute"},"schema":{"@context":"https:\/\/schema.org","@graph":[{"@type":"Article","@id":"https:\/\/radioljubuski.ba\/index.php\/2021\/12\/05\/umro-povjesnicar-mladen-ivezic-clan-drustva-za-istrazivanje-trostrukog-logora-jasenovac\/#article","isPartOf":{"@id":"https:\/\/radioljubuski.ba\/index.php\/2021\/12\/05\/umro-povjesnicar-mladen-ivezic-clan-drustva-za-istrazivanje-trostrukog-logora-jasenovac\/"},"author":{"name":"Radio Ljubu\u0161ki","@id":"https:\/\/radioljubuski.ba\/#\/schema\/person\/19fc700381a780f69665d7956c469e3b"},"headline":"Umro povjesni\u010dar Mladen Ivezi\u0107, \u010dlan Dru\u0161tva za istra\u017eivanje trostrukog logora Jasenovac","datePublished":"2021-12-05T14:24:00+00:00","mainEntityOfPage":{"@id":"https:\/\/radioljubuski.ba\/index.php\/2021\/12\/05\/umro-povjesnicar-mladen-ivezic-clan-drustva-za-istrazivanje-trostrukog-logora-jasenovac\/"},"wordCount":523,"publisher":{"@id":"https:\/\/radioljubuski.ba\/#organization"},"image":{"@id":"https:\/\/radioljubuski.ba\/index.php\/2021\/12\/05\/umro-povjesnicar-mladen-ivezic-clan-drustva-za-istrazivanje-trostrukog-logora-jasenovac\/#primaryimage"},"thumbnailUrl":"https:\/\/radioljubuski.ba\/wp-content\/uploads\/2021\/12\/Ivezic.jpg","articleSection":["BIH i regija"],"inLanguage":"hr"},{"@type":"WebPage","@id":"https:\/\/radioljubuski.ba\/index.php\/2021\/12\/05\/umro-povjesnicar-mladen-ivezic-clan-drustva-za-istrazivanje-trostrukog-logora-jasenovac\/","url":"https:\/\/radioljubuski.ba\/index.php\/2021\/12\/05\/umro-povjesnicar-mladen-ivezic-clan-drustva-za-istrazivanje-trostrukog-logora-jasenovac\/","name":"Umro povjesni\u010dar Mladen Ivezi\u0107, \u010dlan Dru\u0161tva za istra\u017eivanje trostrukog logora Jasenovac - RADIO LJUBU\u0160KI","isPartOf":{"@id":"https:\/\/radioljubuski.ba\/#website"},"primaryImageOfPage":{"@id":"https:\/\/radioljubuski.ba\/index.php\/2021\/12\/05\/umro-povjesnicar-mladen-ivezic-clan-drustva-za-istrazivanje-trostrukog-logora-jasenovac\/#primaryimage"},"image":{"@id":"https:\/\/radioljubuski.ba\/index.php\/2021\/12\/05\/umro-povjesnicar-mladen-ivezic-clan-drustva-za-istrazivanje-trostrukog-logora-jasenovac\/#primaryimage"},"thumbnailUrl":"https:\/\/radioljubuski.ba\/wp-content\/uploads\/2021\/12\/Ivezic.jpg","datePublished":"2021-12-05T14:24:00+00:00","breadcrumb":{"@id":"https:\/\/radioljubuski.ba\/index.php\/2021\/12\/05\/umro-povjesnicar-mladen-ivezic-clan-drustva-za-istrazivanje-trostrukog-logora-jasenovac\/#breadcrumb"},"inLanguage":"hr","potentialAction":[{"@type":"ReadAction","target":["https:\/\/radioljubuski.ba\/index.php\/2021\/12\/05\/umro-povjesnicar-mladen-ivezic-clan-drustva-za-istrazivanje-trostrukog-logora-jasenovac\/"]}]},{"@type":"ImageObject","inLanguage":"hr","@id":"https:\/\/radioljubuski.ba\/index.php\/2021\/12\/05\/umro-povjesnicar-mladen-ivezic-clan-drustva-za-istrazivanje-trostrukog-logora-jasenovac\/#primaryimage","url":"https:\/\/radioljubuski.ba\/wp-content\/uploads\/2021\/12\/Ivezic.jpg","contentUrl":"https:\/\/radioljubuski.ba\/wp-content\/uploads\/2021\/12\/Ivezic.jpg","width":879,"height":483},{"@type":"BreadcrumbList","@id":"https:\/\/radioljubuski.ba\/index.php\/2021\/12\/05\/umro-povjesnicar-mladen-ivezic-clan-drustva-za-istrazivanje-trostrukog-logora-jasenovac\/#breadcrumb","itemListElement":[{"@type":"ListItem","position":1,"name":"Po\u010detna stranica","item":"https:\/\/radioljubuski.ba\/"},{"@type":"ListItem","position":2,"name":"Umro povjesni\u010dar Mladen Ivezi\u0107, \u010dlan Dru\u0161tva za istra\u017eivanje trostrukog logora Jasenovac"}]},{"@type":"WebSite","@id":"https:\/\/radioljubuski.ba\/#website","url":"https:\/\/radioljubuski.ba\/","name":"Radio Ljubu\u0161ki","description":"Sun\u010dana frekvencija Hercegovine","publisher":{"@id":"https:\/\/radioljubuski.ba\/#organization"},"potentialAction":[{"@type":"SearchAction","target":{"@type":"EntryPoint","urlTemplate":"https:\/\/radioljubuski.ba\/?s={search_term_string}"},"query-input":{"@type":"PropertyValueSpecification","valueRequired":true,"valueName":"search_term_string"}}],"inLanguage":"hr"},{"@type":"Organization","@id":"https:\/\/radioljubuski.ba\/#organization","name":"Radio Ljubu\u0161ki","url":"https:\/\/radioljubuski.ba\/","logo":{"@type":"ImageObject","inLanguage":"hr","@id":"https:\/\/radioljubuski.ba\/#\/schema\/logo\/image\/","url":"https:\/\/radioljubuski.ba\/wp-content\/uploads\/2021\/02\/cropped-Radio_Ljubuski_logo1.jpg","contentUrl":"https:\/\/radioljubuski.ba\/wp-content\/uploads\/2021\/02\/cropped-Radio_Ljubuski_logo1.jpg","width":512,"height":512,"caption":"Radio Ljubu\u0161ki"},"image":{"@id":"https:\/\/radioljubuski.ba\/#\/schema\/logo\/image\/"},"sameAs":["https:\/\/www.facebook.com\/Radiio-Ljubuski-1490835324566332","https:\/\/x.com\/radioljubuski","https:\/\/hr.linkedin.com\/company\/radio-ljubuski","https:\/\/www.youtube.com\/channel\/UCHYaeO_n0Db3tjNGudGpXyw"]},{"@type":"Person","@id":"https:\/\/radioljubuski.ba\/#\/schema\/person\/19fc700381a780f69665d7956c469e3b","name":"Radio Ljubu\u0161ki"}]}},"_links":{"self":[{"href":"https:\/\/radioljubuski.ba\/index.php\/wp-json\/wp\/v2\/posts\/96137","targetHints":{"allow":["GET"]}}],"collection":[{"href":"https:\/\/radioljubuski.ba\/index.php\/wp-json\/wp\/v2\/posts"}],"about":[{"href":"https:\/\/radioljubuski.ba\/index.php\/wp-json\/wp\/v2\/types\/post"}],"author":[{"embeddable":true,"href":"https:\/\/radioljubuski.ba\/index.php\/wp-json\/wp\/v2\/users\/2"}],"replies":[{"embeddable":true,"href":"https:\/\/radioljubuski.ba\/index.php\/wp-json\/wp\/v2\/comments?post=96137"}],"version-history":[{"count":1,"href":"https:\/\/radioljubuski.ba\/index.php\/wp-json\/wp\/v2\/posts\/96137\/revisions"}],"predecessor-version":[{"id":96139,"href":"https:\/\/radioljubuski.ba\/index.php\/wp-json\/wp\/v2\/posts\/96137\/revisions\/96139"}],"wp:featuredmedia":[{"embeddable":true,"href":"https:\/\/radioljubuski.ba\/index.php\/wp-json\/wp\/v2\/media\/96138"}],"wp:attachment":[{"href":"https:\/\/radioljubuski.ba\/index.php\/wp-json\/wp\/v2\/media?parent=96137"}],"wp:term":[{"taxonomy":"category","embeddable":true,"href":"https:\/\/radioljubuski.ba\/index.php\/wp-json\/wp\/v2\/categories?post=96137"},{"taxonomy":"post_tag","embeddable":true,"href":"https:\/\/radioljubuski.ba\/index.php\/wp-json\/wp\/v2\/tags?post=96137"}],"curies":[{"name":"wp","href":"https:\/\/api.w.org\/{rel}","templated":true}]}}