{"id":96170,"date":"2021-12-05T16:09:34","date_gmt":"2021-12-05T15:09:34","guid":{"rendered":"https:\/\/radioljubuski.ba\/?p=96170"},"modified":"2021-12-05T16:09:35","modified_gmt":"2021-12-05T15:09:35","slug":"u-hrvatskoj-2-796-novih-slucajeva-zaraze-preminulo-68-osoba","status":"publish","type":"post","link":"https:\/\/radioljubuski.ba\/index.php\/2021\/12\/05\/u-hrvatskoj-2-796-novih-slucajeva-zaraze-preminulo-68-osoba\/","title":{"rendered":"U Hrvatskoj 2.796 novih slu\u010dajeva zaraze, preminulo 68 osoba"},"content":{"rendered":"\n<p><strong>Pomalo se popravlja epidemiolo\u0161ka slika u Hrvatskoj. Danas imamo 2.796 novozara\u017eenih, \u0161to je 543 manje nego pro\u0161le nedjelje, a i udio pozitvnih me\u0111u testiranima je manji za 3 posto. Preminulo je 68 osoba. U bolnicama se lije\u010di 157 pacijenata manje nego prije tjedan dana &#8211; danas 2.381, od kojih na respiratoru 310 &#8211; 20 manje nego prije tjedan dana.<\/strong><\/p>\n\n\n\n<p><strong>Na Zagreba\u010dkom velesajmu danas se cijepilo 950 osoba, ve\u0107i interes za tre\u0107u dozu\u00a0<\/strong><br><br>U prva \u010detiri dana prosinca prvom se dozom u Hrvatskoj cijepilo vi\u0161e od dvadeset tisu\u0107a ljudi, a ukupno je utro\u0161eno vi\u0161e od 92 tisu\u0107e doza cjepiva. Na Zagreba\u010dkom velesajmu nalazi se HRT-ova reporterka\u00a0<strong>Ru\u017ea I\u0161tuk<\/strong>, koja je za podnevni Dnevnik HTV-a rekla kako se cijepljenje na punktu na Zagreba\u010dkom velesajmu privodi kraju te da je odaziv dobar.\u00a0<br><br>&#8211; Danas je cijepljeno 950 osoba. Interes je podjednak za gotovo sve doze cjepiva, ali je ipak malo ve\u0107i za tre\u0107u dozu, rekla je prim.<strong>\u00a0Mirjana Lana Kosanovi\u0107 Li\u010dina<\/strong>, epidemiologinja iz Nastavnog zavoda za javno zdravstvo &#8220;Dr. Andrija \u0160tampar&#8221;.<br><br>&#8211; Neki gra\u0111ani su se odlu\u010dili na cijepljenje tre\u0107om dozom ba\u0161 zbog nove omikron-varijante koronavirusa. Neki gra\u0111ani dolaze i prije nego \u0161to se tre\u0107a doza mo\u017ee primiti, odnosno prije isteka \u0161est mjeseci od druge doze. Jedino gra\u0111ani koji su imunokompromitirani mogu do\u0107i i ranije po svoju &#8220;booster dozu&#8221;, poru\u010dila je\u00a0Kosanovi\u0107 Li\u010dina te jo\u0161 jednom pozvala sve gra\u0111ane da se do\u0111u cijepiti.\u00a0\u00a0<\/p>\n\n\n\n<div style=\"width: 640px;\" class=\"wp-video\"><video class=\"wp-video-shortcode\" id=\"video-96170-1\" width=\"640\" height=\"360\" preload=\"metadata\" controls=\"controls\"><source type=\"video\/mp4\" src=\"https:\/\/api.hrt.hr\/media\/9b\/35\/tvd1-duplex-velesajam-20211205112223.mp4?_=1\" \/><a href=\"https:\/\/api.hrt.hr\/media\/9b\/35\/tvd1-duplex-velesajam-20211205112223.mp4\">https:\/\/api.hrt.hr\/media\/9b\/35\/tvd1-duplex-velesajam-20211205112223.mp4<\/a><\/video><\/div>\n\n\n\n<p><strong>Umrlo 68 osoba, 2.796 je novih slu\u010dajeva zaraze virusom SARS-CoV-2<br><\/strong><br>U Hrvatskoj je u posljednja 24 sata zabilje\u017eeno 2.796 novih slu\u010dajeva zaraze virusom SARS-CoV-2, a umrlo je 68 ljudi, objavio je u nedjelju nacionalni Sto\u017eer civilne za\u0161tite.<br><br>Broj aktivnih slu\u010dajeva danas je ukupno 29.478, a me\u0111u njima je 2.381 pacijent na bolni\u010dkom lije\u010denju, na respiratoru ih je 310.<br><br>Od 25. velja\u010de 2020., kada je zabilje\u017een prvi slu\u010daj zaraze u Hrvatskoj, do danas ukupno je zabilje\u017eeno 631.037 osoba zara\u017eenih novim koronavirusom, od kojih je 11.218 preminulo, ukupno se oporavila 590.341 osoba od toga 4.598 u posljednja 24 sata.<br><br>U samoizolaciji je trenuta\u010dno 25.841 osoba.<br><br>Do danas je ukupno testirano 3.509.545 osoba, od toga 8.277 u posljednja 24 sata.<br><br>Zaklju\u010dno s 4. prosincem 2021. utro\u0161eno je 4.245.741 doza cjepiva, a cijepljeno je 54,38% ukupnog stanovni\u0161tva, odnosno 64,87% odraslog stanovni\u0161tva. Na dan 4. prosinca 2021. utro\u0161ene su 20.703 doze cjepiva, a od toga je 3.743 osoba cijepljeno prvom dozom.<br><br>Zaklju\u010dno s 4.prosincem 2021. 2.206.995 osoba cijepljeno je barem jednom dozom, a od njih je cijepljenje zavr\u0161eno za 1.979.003 osoba (1.800.004 osoba cijepljeno dvjema dozama te 178.999 osoba cijepljeno cjepivom Jannsen), \u0161to \u010dini 58,40% odraslog stanovni\u0161tva.<\/p>\n\n\n\n<blockquote class=\"twitter-tweet\"><p lang=\"und\" dir=\"ltr\">U posljednja 24 sata zabilje\u017eeno je 2.796 novih slu\u010dajeva zaraze virusom SARS-CoV-2 te je broj aktivnih slu\u010dajeva u Hrvatskoj danas ukupno 29.478. Me\u0111u njima je 2.381 pacijent na bolni\u010dkom lije\u010denju, od toga je na respiratoru 310 pacijenata. Preminulo je 68 osoba.<\/p>&mdash; Koronavirus.hr (@koronavirus_hr) <a href=\"https:\/\/twitter.com\/koronavirus_hr\/status\/1467439354897391619?ref_src=twsrc%5Etfw\">December 5, 2021<\/a><\/blockquote> <script async src=\"https:\/\/platform.twitter.com\/widgets.js\" charset=\"utf-8\"><\/script>\n\n\n\n<p>Omikron-varijanta koronavirusa vjerojatno se ve\u0107 pojavila u Hrvatskoj, a potvrda se \u010deka sutra, kada \u0107e biti poznati rezultati analize uzoraka dvoje zara\u017eenih.<\/p>\n\n\n\n<p>Sljede\u0107i tjedan po\u010dinje i pilot-projekt Ministarstva zdravstva &#8211; testirat \u0107e se i cijepljeni zdravstveni radnici kako bi se otkrilo koliko je zara\u017eenih me\u0111u njima.<br><br>U KBC-u Zagreb ve\u0107 testiraju i cijepljene i necijepljene.&nbsp;<\/p>\n\n\n\n<p><strong>Podaci po \u017eupanijama:<\/strong><strong><br><br>\u25cf&nbsp;<\/strong>U&nbsp;<strong>Krapinsko-zagorskoj \u017eupaniji<\/strong>&nbsp;103 su novozara\u017eene osobe, preminula je jedna osoba<br><strong>\u25cf&nbsp;<\/strong>U&nbsp;<strong>Vukovarsko-srijemskoj \u017eupaniji<\/strong>&nbsp;61 je nova pozitivna osoba na COVID-19, preminula jedna osoba&nbsp;<br>\u25cf U&nbsp;<strong>Gradu Zagrebu<\/strong>&nbsp;je u protekla 24 sata od Covida-19 oboljelo 788 osoba, umrlo je 18 ljudi&nbsp;<br><strong>\u25cf&nbsp;<\/strong>U&nbsp;<strong>Splitsko-dalmatinskoj \u017eupaniji<\/strong>&nbsp;je u posljednja 24 sata 228 novozara\u017eenih koronavirusom, a pet je osoba umrlo<br><strong>\u25cf&nbsp;<\/strong>U&nbsp;<strong>Dubrova\u010dko-neretvanskoj \u017eupaniji<\/strong>&nbsp;zabilje\u017eeno je 45 novih slu\u010dajeva zaraze koronavirusom&nbsp;<br>\u25cf U&nbsp;<strong>Viroviti\u010dko-podravskoj \u017eupaniji&nbsp;<\/strong>2 su novozara\u017ee osobe, preminulo je 2 ljudi<br>\u25cf U<strong>&nbsp;Zadarskoj \u017eupaniji<\/strong>&nbsp;100 je novih slu\u010dajeva, 2 su osobe preminule<br>\u25cf U&nbsp;<strong>Me\u0111imurskoj \u017eupaniji&nbsp;<\/strong>132 su novozara\u017eena, 2 su osobe preminule<br>\u25cf U&nbsp;<strong>Karlova\u010dkoj \u017eupaniji<\/strong>&nbsp;64 su nova slu\u010daja, preminule su 2 osobe<\/p>\n\n\n\n<p>\u25cf U&nbsp;<strong>Koprivni\u010dko-kri\u017eeva\u010dkoj \u017eupaniji&nbsp;<\/strong>44 su novozara\u017eena, preminule 2 osobe<br>\u25cf U<strong>&nbsp;\u0160ibensko-kninskoj \u017eupaniji&nbsp;<\/strong>14 je novih slu\u010dajeva zaraze, preminula jedna osoba<br>\u25cf U&nbsp;<strong>Primorsko-goranskoj \u017eupaniji&nbsp;<\/strong>241 je novooboljela osoba, 5 osoba preminulo<br>\u25cf U&nbsp;<strong>Sisa\u010dko-moslava\u010dkoj \u017eupaniji&nbsp;<\/strong>29 je novozara\u017eenih<br>\u25cf U&nbsp;<strong>Bjelovarsko-bilogorskoj \u017eupaniji&nbsp;<\/strong>59 je novih slu\u010dajeva<\/p>\n\n\n\n<p>\u25cf U&nbsp;<strong>Zagreba\u010dkoj \u017eupaniji&nbsp;<\/strong>497 je novozara\u017eenih<br>\u25cf U&nbsp;<strong>Osje\u010dko-baranjskoj \u017eupaniji&nbsp;<\/strong>152 su pozitivna nalaza, preminulo je 10 osoba&nbsp;<br>\u25cf U&nbsp;<strong>Istarskoj \u017eupaniji<\/strong>&nbsp;64 su nova slu\u010daja, 3 su osobe preminule<br>\u25cf U&nbsp;<strong>Po\u017ee\u0161ko-slavonskoj \u017eupaniji&nbsp;<\/strong>22 su nova slu\u010daja zaraze koronavirusom<br>\u25cf U&nbsp;<strong>Vara\u017edinskoj \u017eupanij<\/strong>i 122 su novozara\u017eena, preminulo 7 osoba&nbsp;&nbsp;<\/p>\n\n\n\n<p>Izvor:hrt.hr<\/p>\n","protected":false},"excerpt":{"rendered":"<p>Pomalo se popravlja epidemiolo\u0161ka slika u Hrvatskoj. Danas imamo 2.796 novozara\u017eenih, \u0161to je 543 manje nego pro\u0161le nedjelje, a i udio pozitvnih me\u0111u testiranima je manji za 3 posto. Preminulo je 68 osoba. U bolnicama se lije\u010di 157 pacijenata manje nego prije tjedan dana &#8211; danas 2.381, od kojih na respiratoru 310 &#8211; 20 manje [&hellip;]<\/p>\n","protected":false},"author":2,"featured_media":72026,"comment_status":"closed","ping_status":"closed","sticky":false,"template":"","format":"standard","meta":{"h5ap_radio_sources":[],"footnotes":""},"categories":[1],"tags":[],"class_list":["post-96170","post","type-post","status-publish","format-standard","has-post-thumbnail","hentry","category-bihiregija"],"yoast_head":"<!-- This site is optimized with the Yoast SEO plugin v27.5 - https:\/\/yoast.com\/product\/yoast-seo-wordpress\/ -->\n<title>U Hrvatskoj 2.796 novih slu\u010dajeva zaraze, preminulo 68 osoba - RADIO LJUBU\u0160KI<\/title>\n<meta name=\"robots\" content=\"index, follow, max-snippet:-1, max-image-preview:large, max-video-preview:-1\" \/>\n<link rel=\"canonical\" href=\"https:\/\/radioljubuski.ba\/index.php\/2021\/12\/05\/u-hrvatskoj-2-796-novih-slucajeva-zaraze-preminulo-68-osoba\/\" \/>\n<meta property=\"og:locale\" content=\"hr_HR\" \/>\n<meta property=\"og:type\" content=\"article\" \/>\n<meta property=\"og:title\" content=\"U Hrvatskoj 2.796 novih slu\u010dajeva zaraze, preminulo 68 osoba - RADIO LJUBU\u0160KI\" \/>\n<meta property=\"og:description\" content=\"Pomalo se popravlja epidemiolo\u0161ka slika u Hrvatskoj. Danas imamo 2.796 novozara\u017eenih, \u0161to je 543 manje nego pro\u0161le nedjelje, a i udio pozitvnih me\u0111u testiranima je manji za 3 posto. Preminulo je 68 osoba. U bolnicama se lije\u010di 157 pacijenata manje nego prije tjedan dana &#8211; danas 2.381, od kojih na respiratoru 310 &#8211; 20 manje [&hellip;]\" \/>\n<meta property=\"og:url\" content=\"https:\/\/radioljubuski.ba\/index.php\/2021\/12\/05\/u-hrvatskoj-2-796-novih-slucajeva-zaraze-preminulo-68-osoba\/\" \/>\n<meta property=\"og:site_name\" content=\"RADIO LJUBU\u0160KI\" \/>\n<meta property=\"article:publisher\" content=\"https:\/\/www.facebook.com\/Radiio-Ljubuski-1490835324566332\" \/>\n<meta property=\"article:published_time\" content=\"2021-12-05T15:09:34+00:00\" \/>\n<meta property=\"article:modified_time\" content=\"2021-12-05T15:09:35+00:00\" \/>\n<meta property=\"og:image\" content=\"https:\/\/radioljubuski.ba\/wp-content\/uploads\/2021\/10\/2-2021-06-03-13-41-00-koronavirus-lijecnici.jpg\" \/>\n\t<meta property=\"og:image:width\" content=\"1000\" \/>\n\t<meta property=\"og:image:height\" content=\"625\" \/>\n\t<meta property=\"og:image:type\" content=\"image\/jpeg\" \/>\n<meta name=\"author\" content=\"Radio Ljubu\u0161ki\" \/>\n<meta name=\"twitter:card\" content=\"summary_large_image\" \/>\n<meta name=\"twitter:creator\" content=\"@radioljubuski\" \/>\n<meta name=\"twitter:site\" content=\"@radioljubuski\" \/>\n<meta name=\"twitter:label1\" content=\"Napisao\/la\" \/>\n\t<meta name=\"twitter:data1\" content=\"Radio Ljubu\u0161ki\" \/>\n\t<meta name=\"twitter:label2\" content=\"Procijenjeno vrijeme \u010ditanja\" \/>\n\t<meta name=\"twitter:data2\" content=\"4 minute\" \/>\n<script type=\"application\/ld+json\" class=\"yoast-schema-graph\">{\"@context\":\"https:\\\/\\\/schema.org\",\"@graph\":[{\"@type\":\"Article\",\"@id\":\"https:\\\/\\\/radioljubuski.ba\\\/index.php\\\/2021\\\/12\\\/05\\\/u-hrvatskoj-2-796-novih-slucajeva-zaraze-preminulo-68-osoba\\\/#article\",\"isPartOf\":{\"@id\":\"https:\\\/\\\/radioljubuski.ba\\\/index.php\\\/2021\\\/12\\\/05\\\/u-hrvatskoj-2-796-novih-slucajeva-zaraze-preminulo-68-osoba\\\/\"},\"author\":{\"name\":\"Radio Ljubu\u0161ki\",\"@id\":\"https:\\\/\\\/radioljubuski.ba\\\/#\\\/schema\\\/person\\\/19fc700381a780f69665d7956c469e3b\"},\"headline\":\"U Hrvatskoj 2.796 novih slu\u010dajeva zaraze, preminulo 68 osoba\",\"datePublished\":\"2021-12-05T15:09:34+00:00\",\"dateModified\":\"2021-12-05T15:09:35+00:00\",\"mainEntityOfPage\":{\"@id\":\"https:\\\/\\\/radioljubuski.ba\\\/index.php\\\/2021\\\/12\\\/05\\\/u-hrvatskoj-2-796-novih-slucajeva-zaraze-preminulo-68-osoba\\\/\"},\"wordCount\":808,\"publisher\":{\"@id\":\"https:\\\/\\\/radioljubuski.ba\\\/#organization\"},\"image\":{\"@id\":\"https:\\\/\\\/radioljubuski.ba\\\/index.php\\\/2021\\\/12\\\/05\\\/u-hrvatskoj-2-796-novih-slucajeva-zaraze-preminulo-68-osoba\\\/#primaryimage\"},\"thumbnailUrl\":\"https:\\\/\\\/radioljubuski.ba\\\/wp-content\\\/uploads\\\/2021\\\/10\\\/2-2021-06-03-13-41-00-koronavirus-lijecnici.jpg\",\"articleSection\":[\"BIH i regija\"],\"inLanguage\":\"hr\"},{\"@type\":\"WebPage\",\"@id\":\"https:\\\/\\\/radioljubuski.ba\\\/index.php\\\/2021\\\/12\\\/05\\\/u-hrvatskoj-2-796-novih-slucajeva-zaraze-preminulo-68-osoba\\\/\",\"url\":\"https:\\\/\\\/radioljubuski.ba\\\/index.php\\\/2021\\\/12\\\/05\\\/u-hrvatskoj-2-796-novih-slucajeva-zaraze-preminulo-68-osoba\\\/\",\"name\":\"U Hrvatskoj 2.796 novih slu\u010dajeva zaraze, preminulo 68 osoba - RADIO LJUBU\u0160KI\",\"isPartOf\":{\"@id\":\"https:\\\/\\\/radioljubuski.ba\\\/#website\"},\"primaryImageOfPage\":{\"@id\":\"https:\\\/\\\/radioljubuski.ba\\\/index.php\\\/2021\\\/12\\\/05\\\/u-hrvatskoj-2-796-novih-slucajeva-zaraze-preminulo-68-osoba\\\/#primaryimage\"},\"image\":{\"@id\":\"https:\\\/\\\/radioljubuski.ba\\\/index.php\\\/2021\\\/12\\\/05\\\/u-hrvatskoj-2-796-novih-slucajeva-zaraze-preminulo-68-osoba\\\/#primaryimage\"},\"thumbnailUrl\":\"https:\\\/\\\/radioljubuski.ba\\\/wp-content\\\/uploads\\\/2021\\\/10\\\/2-2021-06-03-13-41-00-koronavirus-lijecnici.jpg\",\"datePublished\":\"2021-12-05T15:09:34+00:00\",\"dateModified\":\"2021-12-05T15:09:35+00:00\",\"breadcrumb\":{\"@id\":\"https:\\\/\\\/radioljubuski.ba\\\/index.php\\\/2021\\\/12\\\/05\\\/u-hrvatskoj-2-796-novih-slucajeva-zaraze-preminulo-68-osoba\\\/#breadcrumb\"},\"inLanguage\":\"hr\",\"potentialAction\":[{\"@type\":\"ReadAction\",\"target\":[\"https:\\\/\\\/radioljubuski.ba\\\/index.php\\\/2021\\\/12\\\/05\\\/u-hrvatskoj-2-796-novih-slucajeva-zaraze-preminulo-68-osoba\\\/\"]}]},{\"@type\":\"ImageObject\",\"inLanguage\":\"hr\",\"@id\":\"https:\\\/\\\/radioljubuski.ba\\\/index.php\\\/2021\\\/12\\\/05\\\/u-hrvatskoj-2-796-novih-slucajeva-zaraze-preminulo-68-osoba\\\/#primaryimage\",\"url\":\"https:\\\/\\\/radioljubuski.ba\\\/wp-content\\\/uploads\\\/2021\\\/10\\\/2-2021-06-03-13-41-00-koronavirus-lijecnici.jpg\",\"contentUrl\":\"https:\\\/\\\/radioljubuski.ba\\\/wp-content\\\/uploads\\\/2021\\\/10\\\/2-2021-06-03-13-41-00-koronavirus-lijecnici.jpg\",\"width\":1000,\"height\":625},{\"@type\":\"BreadcrumbList\",\"@id\":\"https:\\\/\\\/radioljubuski.ba\\\/index.php\\\/2021\\\/12\\\/05\\\/u-hrvatskoj-2-796-novih-slucajeva-zaraze-preminulo-68-osoba\\\/#breadcrumb\",\"itemListElement\":[{\"@type\":\"ListItem\",\"position\":1,\"name\":\"Po\u010detna stranica\",\"item\":\"https:\\\/\\\/radioljubuski.ba\\\/\"},{\"@type\":\"ListItem\",\"position\":2,\"name\":\"U Hrvatskoj 2.796 novih slu\u010dajeva zaraze, preminulo 68 osoba\"}]},{\"@type\":\"WebSite\",\"@id\":\"https:\\\/\\\/radioljubuski.ba\\\/#website\",\"url\":\"https:\\\/\\\/radioljubuski.ba\\\/\",\"name\":\"Radio Ljubu\u0161ki\",\"description\":\"Sun\u010dana frekvencija Hercegovine\",\"publisher\":{\"@id\":\"https:\\\/\\\/radioljubuski.ba\\\/#organization\"},\"potentialAction\":[{\"@type\":\"SearchAction\",\"target\":{\"@type\":\"EntryPoint\",\"urlTemplate\":\"https:\\\/\\\/radioljubuski.ba\\\/?s={search_term_string}\"},\"query-input\":{\"@type\":\"PropertyValueSpecification\",\"valueRequired\":true,\"valueName\":\"search_term_string\"}}],\"inLanguage\":\"hr\"},{\"@type\":\"Organization\",\"@id\":\"https:\\\/\\\/radioljubuski.ba\\\/#organization\",\"name\":\"Radio Ljubu\u0161ki\",\"url\":\"https:\\\/\\\/radioljubuski.ba\\\/\",\"logo\":{\"@type\":\"ImageObject\",\"inLanguage\":\"hr\",\"@id\":\"https:\\\/\\\/radioljubuski.ba\\\/#\\\/schema\\\/logo\\\/image\\\/\",\"url\":\"https:\\\/\\\/radioljubuski.ba\\\/wp-content\\\/uploads\\\/2021\\\/02\\\/cropped-Radio_Ljubuski_logo1.jpg\",\"contentUrl\":\"https:\\\/\\\/radioljubuski.ba\\\/wp-content\\\/uploads\\\/2021\\\/02\\\/cropped-Radio_Ljubuski_logo1.jpg\",\"width\":512,\"height\":512,\"caption\":\"Radio Ljubu\u0161ki\"},\"image\":{\"@id\":\"https:\\\/\\\/radioljubuski.ba\\\/#\\\/schema\\\/logo\\\/image\\\/\"},\"sameAs\":[\"https:\\\/\\\/www.facebook.com\\\/Radiio-Ljubuski-1490835324566332\",\"https:\\\/\\\/x.com\\\/radioljubuski\",\"https:\\\/\\\/hr.linkedin.com\\\/company\\\/radio-ljubuski\",\"https:\\\/\\\/www.youtube.com\\\/channel\\\/UCHYaeO_n0Db3tjNGudGpXyw\"]},{\"@type\":\"Person\",\"@id\":\"https:\\\/\\\/radioljubuski.ba\\\/#\\\/schema\\\/person\\\/19fc700381a780f69665d7956c469e3b\",\"name\":\"Radio Ljubu\u0161ki\"}]}<\/script>\n<!-- \/ Yoast SEO plugin. -->","yoast_head_json":{"title":"U Hrvatskoj 2.796 novih slu\u010dajeva zaraze, preminulo 68 osoba - RADIO LJUBU\u0160KI","robots":{"index":"index","follow":"follow","max-snippet":"max-snippet:-1","max-image-preview":"max-image-preview:large","max-video-preview":"max-video-preview:-1"},"canonical":"https:\/\/radioljubuski.ba\/index.php\/2021\/12\/05\/u-hrvatskoj-2-796-novih-slucajeva-zaraze-preminulo-68-osoba\/","og_locale":"hr_HR","og_type":"article","og_title":"U Hrvatskoj 2.796 novih slu\u010dajeva zaraze, preminulo 68 osoba - RADIO LJUBU\u0160KI","og_description":"Pomalo se popravlja epidemiolo\u0161ka slika u Hrvatskoj. Danas imamo 2.796 novozara\u017eenih, \u0161to je 543 manje nego pro\u0161le nedjelje, a i udio pozitvnih me\u0111u testiranima je manji za 3 posto. Preminulo je 68 osoba. U bolnicama se lije\u010di 157 pacijenata manje nego prije tjedan dana &#8211; danas 2.381, od kojih na respiratoru 310 &#8211; 20 manje [&hellip;]","og_url":"https:\/\/radioljubuski.ba\/index.php\/2021\/12\/05\/u-hrvatskoj-2-796-novih-slucajeva-zaraze-preminulo-68-osoba\/","og_site_name":"RADIO LJUBU\u0160KI","article_publisher":"https:\/\/www.facebook.com\/Radiio-Ljubuski-1490835324566332","article_published_time":"2021-12-05T15:09:34+00:00","article_modified_time":"2021-12-05T15:09:35+00:00","og_image":[{"width":1000,"height":625,"url":"https:\/\/radioljubuski.ba\/wp-content\/uploads\/2021\/10\/2-2021-06-03-13-41-00-koronavirus-lijecnici.jpg","type":"image\/jpeg"}],"author":"Radio Ljubu\u0161ki","twitter_card":"summary_large_image","twitter_creator":"@radioljubuski","twitter_site":"@radioljubuski","twitter_misc":{"Napisao\/la":"Radio Ljubu\u0161ki","Procijenjeno vrijeme \u010ditanja":"4 minute"},"schema":{"@context":"https:\/\/schema.org","@graph":[{"@type":"Article","@id":"https:\/\/radioljubuski.ba\/index.php\/2021\/12\/05\/u-hrvatskoj-2-796-novih-slucajeva-zaraze-preminulo-68-osoba\/#article","isPartOf":{"@id":"https:\/\/radioljubuski.ba\/index.php\/2021\/12\/05\/u-hrvatskoj-2-796-novih-slucajeva-zaraze-preminulo-68-osoba\/"},"author":{"name":"Radio Ljubu\u0161ki","@id":"https:\/\/radioljubuski.ba\/#\/schema\/person\/19fc700381a780f69665d7956c469e3b"},"headline":"U Hrvatskoj 2.796 novih slu\u010dajeva zaraze, preminulo 68 osoba","datePublished":"2021-12-05T15:09:34+00:00","dateModified":"2021-12-05T15:09:35+00:00","mainEntityOfPage":{"@id":"https:\/\/radioljubuski.ba\/index.php\/2021\/12\/05\/u-hrvatskoj-2-796-novih-slucajeva-zaraze-preminulo-68-osoba\/"},"wordCount":808,"publisher":{"@id":"https:\/\/radioljubuski.ba\/#organization"},"image":{"@id":"https:\/\/radioljubuski.ba\/index.php\/2021\/12\/05\/u-hrvatskoj-2-796-novih-slucajeva-zaraze-preminulo-68-osoba\/#primaryimage"},"thumbnailUrl":"https:\/\/radioljubuski.ba\/wp-content\/uploads\/2021\/10\/2-2021-06-03-13-41-00-koronavirus-lijecnici.jpg","articleSection":["BIH i regija"],"inLanguage":"hr"},{"@type":"WebPage","@id":"https:\/\/radioljubuski.ba\/index.php\/2021\/12\/05\/u-hrvatskoj-2-796-novih-slucajeva-zaraze-preminulo-68-osoba\/","url":"https:\/\/radioljubuski.ba\/index.php\/2021\/12\/05\/u-hrvatskoj-2-796-novih-slucajeva-zaraze-preminulo-68-osoba\/","name":"U Hrvatskoj 2.796 novih slu\u010dajeva zaraze, preminulo 68 osoba - RADIO LJUBU\u0160KI","isPartOf":{"@id":"https:\/\/radioljubuski.ba\/#website"},"primaryImageOfPage":{"@id":"https:\/\/radioljubuski.ba\/index.php\/2021\/12\/05\/u-hrvatskoj-2-796-novih-slucajeva-zaraze-preminulo-68-osoba\/#primaryimage"},"image":{"@id":"https:\/\/radioljubuski.ba\/index.php\/2021\/12\/05\/u-hrvatskoj-2-796-novih-slucajeva-zaraze-preminulo-68-osoba\/#primaryimage"},"thumbnailUrl":"https:\/\/radioljubuski.ba\/wp-content\/uploads\/2021\/10\/2-2021-06-03-13-41-00-koronavirus-lijecnici.jpg","datePublished":"2021-12-05T15:09:34+00:00","dateModified":"2021-12-05T15:09:35+00:00","breadcrumb":{"@id":"https:\/\/radioljubuski.ba\/index.php\/2021\/12\/05\/u-hrvatskoj-2-796-novih-slucajeva-zaraze-preminulo-68-osoba\/#breadcrumb"},"inLanguage":"hr","potentialAction":[{"@type":"ReadAction","target":["https:\/\/radioljubuski.ba\/index.php\/2021\/12\/05\/u-hrvatskoj-2-796-novih-slucajeva-zaraze-preminulo-68-osoba\/"]}]},{"@type":"ImageObject","inLanguage":"hr","@id":"https:\/\/radioljubuski.ba\/index.php\/2021\/12\/05\/u-hrvatskoj-2-796-novih-slucajeva-zaraze-preminulo-68-osoba\/#primaryimage","url":"https:\/\/radioljubuski.ba\/wp-content\/uploads\/2021\/10\/2-2021-06-03-13-41-00-koronavirus-lijecnici.jpg","contentUrl":"https:\/\/radioljubuski.ba\/wp-content\/uploads\/2021\/10\/2-2021-06-03-13-41-00-koronavirus-lijecnici.jpg","width":1000,"height":625},{"@type":"BreadcrumbList","@id":"https:\/\/radioljubuski.ba\/index.php\/2021\/12\/05\/u-hrvatskoj-2-796-novih-slucajeva-zaraze-preminulo-68-osoba\/#breadcrumb","itemListElement":[{"@type":"ListItem","position":1,"name":"Po\u010detna stranica","item":"https:\/\/radioljubuski.ba\/"},{"@type":"ListItem","position":2,"name":"U Hrvatskoj 2.796 novih slu\u010dajeva zaraze, preminulo 68 osoba"}]},{"@type":"WebSite","@id":"https:\/\/radioljubuski.ba\/#website","url":"https:\/\/radioljubuski.ba\/","name":"Radio Ljubu\u0161ki","description":"Sun\u010dana frekvencija Hercegovine","publisher":{"@id":"https:\/\/radioljubuski.ba\/#organization"},"potentialAction":[{"@type":"SearchAction","target":{"@type":"EntryPoint","urlTemplate":"https:\/\/radioljubuski.ba\/?s={search_term_string}"},"query-input":{"@type":"PropertyValueSpecification","valueRequired":true,"valueName":"search_term_string"}}],"inLanguage":"hr"},{"@type":"Organization","@id":"https:\/\/radioljubuski.ba\/#organization","name":"Radio Ljubu\u0161ki","url":"https:\/\/radioljubuski.ba\/","logo":{"@type":"ImageObject","inLanguage":"hr","@id":"https:\/\/radioljubuski.ba\/#\/schema\/logo\/image\/","url":"https:\/\/radioljubuski.ba\/wp-content\/uploads\/2021\/02\/cropped-Radio_Ljubuski_logo1.jpg","contentUrl":"https:\/\/radioljubuski.ba\/wp-content\/uploads\/2021\/02\/cropped-Radio_Ljubuski_logo1.jpg","width":512,"height":512,"caption":"Radio Ljubu\u0161ki"},"image":{"@id":"https:\/\/radioljubuski.ba\/#\/schema\/logo\/image\/"},"sameAs":["https:\/\/www.facebook.com\/Radiio-Ljubuski-1490835324566332","https:\/\/x.com\/radioljubuski","https:\/\/hr.linkedin.com\/company\/radio-ljubuski","https:\/\/www.youtube.com\/channel\/UCHYaeO_n0Db3tjNGudGpXyw"]},{"@type":"Person","@id":"https:\/\/radioljubuski.ba\/#\/schema\/person\/19fc700381a780f69665d7956c469e3b","name":"Radio Ljubu\u0161ki"}]}},"_links":{"self":[{"href":"https:\/\/radioljubuski.ba\/index.php\/wp-json\/wp\/v2\/posts\/96170","targetHints":{"allow":["GET"]}}],"collection":[{"href":"https:\/\/radioljubuski.ba\/index.php\/wp-json\/wp\/v2\/posts"}],"about":[{"href":"https:\/\/radioljubuski.ba\/index.php\/wp-json\/wp\/v2\/types\/post"}],"author":[{"embeddable":true,"href":"https:\/\/radioljubuski.ba\/index.php\/wp-json\/wp\/v2\/users\/2"}],"replies":[{"embeddable":true,"href":"https:\/\/radioljubuski.ba\/index.php\/wp-json\/wp\/v2\/comments?post=96170"}],"version-history":[{"count":1,"href":"https:\/\/radioljubuski.ba\/index.php\/wp-json\/wp\/v2\/posts\/96170\/revisions"}],"predecessor-version":[{"id":96171,"href":"https:\/\/radioljubuski.ba\/index.php\/wp-json\/wp\/v2\/posts\/96170\/revisions\/96171"}],"wp:featuredmedia":[{"embeddable":true,"href":"https:\/\/radioljubuski.ba\/index.php\/wp-json\/wp\/v2\/media\/72026"}],"wp:attachment":[{"href":"https:\/\/radioljubuski.ba\/index.php\/wp-json\/wp\/v2\/media?parent=96170"}],"wp:term":[{"taxonomy":"category","embeddable":true,"href":"https:\/\/radioljubuski.ba\/index.php\/wp-json\/wp\/v2\/categories?post=96170"},{"taxonomy":"post_tag","embeddable":true,"href":"https:\/\/radioljubuski.ba\/index.php\/wp-json\/wp\/v2\/tags?post=96170"}],"curies":[{"name":"wp","href":"https:\/\/api.w.org\/{rel}","templated":true}]}}