{"id":96172,"date":"2021-12-05T16:13:01","date_gmt":"2021-12-05T15:13:01","guid":{"rendered":"https:\/\/radioljubuski.ba\/?p=96172"},"modified":"2021-12-05T16:13:03","modified_gmt":"2021-12-05T15:13:03","slug":"markt-dobrota-je-u-nama-i-kad-je-dijelimo-ona-raste","status":"publish","type":"post","link":"https:\/\/radioljubuski.ba\/index.php\/2021\/12\/05\/markt-dobrota-je-u-nama-i-kad-je-dijelimo-ona-raste\/","title":{"rendered":"Markt: Dobrota je u nama i kad je dijelimo, ona raste"},"content":{"rendered":"\n<p><strong>Pribli\u017eava se godi\u0161njica katastrofalnog potresa na Banovini. U sje\u0107anju na te te\u0161ke dane svakako su ostali volonteri koji su odmah prisko\u010dili u pomo\u0107 stradalom stanovni\u0161tvu, a poma\u017eu i dalje. Me\u0111unarodni dan volontera Hrvatski Crveni kri\u017e obilje\u017eava upravo u Glini.<\/strong><\/p>\n\n\n\n<p>\u00a0&#8211; Volonteri i na dana\u0161nji dan rade i nesebi\u010dno poma\u017eu drugima. Tako su ovdje u Glini obi\u0161li kontejnersko naselje te su onima koji su ovdje smje\u0161teni nakon potresa podijelili grijalice i lopate da se pripreme za zimu, javila je u podnevnom Dnevniku novinarka HTV-a<strong>\u00a0Dajana \u0160o\u0161i\u0107<\/strong>.<br><br>&#8211; Prije toga odr\u017eano je adventsko dru\u017eenje za volontere koji su pomagali nakon potresa te su im podijeljene zahvalnice. Oni naravno kroz mre\u017eu Crvenog kri\u017ea i dalje ovdje rade i nesebi\u010dno poma\u017eu. Ovogodi\u0161nje obilje\u017eavanje posebno je va\u017eno s obzirom na epidemiju COVID-a i na potres jer su upravo volonteri ti koji su podnijeli golem teret, rekla je \u0160o\u0161i\u0107.<br><br>&#8211; Nesebi\u010dnost i pomaganje isplati se jer poma\u017eu\u0107i drugima oplemenjujete sebe &#8211; poruka je s dana\u0161njeg susreta, zavr\u0161ila je javljanje iz Gline novinarka HTV-a.\u00a0<\/p>\n\n\n\n<div style=\"width: 640px;\" class=\"wp-video\"><video class=\"wp-video-shortcode\" id=\"video-96172-1\" width=\"640\" height=\"360\" preload=\"metadata\" controls=\"controls\"><source type=\"video\/mp4\" src=\"https:\/\/api.hrt.hr\/media\/2f\/b2\/tvd1-duplex-glina-20211205112318.mp4?_=1\" \/><a href=\"https:\/\/api.hrt.hr\/media\/2f\/b2\/tvd1-duplex-glina-20211205112318.mp4\">https:\/\/api.hrt.hr\/media\/2f\/b2\/tvd1-duplex-glina-20211205112318.mp4<\/a><\/video><\/div>\n\n\n\n<p>&#8211; Mislim da smo mnogim ljudima napravili promjenu u njihovim \u017eivotima i pomogli im u stvarno te\u0161koj situaciji. Vjerujem da \u0107e se ljudi s vrlo dobrim sje\u0107anjima prisje\u0107ati tih dana kad smo bili tamo i pomagali ljudima u vrlo te\u0161koj situaciji, rekao je volonter\u00a0<strong>Danijel Jambrek<\/strong>.<br><br>&#8211; Nadam se da \u0107e i ostali mladi ljudi, a i neki stariji koji se jo\u0161 nisu &#8220;ubacili&#8221; u volontiranje poku\u0161ati dati \u0161ansu volontiranju i vidjeti da se puno mo\u017ee pomo\u0107i na takav na\u010din drugim ljudima, isti\u010de volonter\u00a0<strong>Jan Basta<\/strong>.<br><br>&#8211; Nisu oni samo pru\u017eali pomo\u0107, oni su i dali jedan sna\u017ean impuls solidarnosti u dru\u0161tvu. Mislim da je u dana\u0161nje doba strahovito va\u017eno da podsjetimo jedni druge kako je dobrota u nama i kad je dijelimo, ona raste, poru\u010dio je<strong>\u00a0Robert Markt<\/strong>, izvr\u0161ni predsjednik Hrvatskog Crvenog kri\u017ea.<\/p>\n\n\n\n<div style=\"width: 640px;\" class=\"wp-video\"><video class=\"wp-video-shortcode\" id=\"video-96172-2\" width=\"640\" height=\"360\" preload=\"metadata\" controls=\"controls\"><source type=\"video\/mp4\" src=\"https:\/\/api.hrt.hr\/media\/7f\/9d\/pd-051221-tonvolonteri-20211205101912.mp4?_=2\" \/><a href=\"https:\/\/api.hrt.hr\/media\/7f\/9d\/pd-051221-tonvolonteri-20211205101912.mp4\">https:\/\/api.hrt.hr\/media\/7f\/9d\/pd-051221-tonvolonteri-20211205101912.mp4<\/a><\/video><\/div>\n\n\n\n<p>Na obilje\u017eavanju se okupilo stotinu volontera Crvenog kri\u017ea s podru\u010dja Sisa\u010dko-moslava\u010dke \u017eupanije koji ve\u0107 gotovo godinu dana poma\u017eu stanovni\u0161tvu stradalom u potresu, iako su i sami stradali.<br><br>Svima njima predane su zahvalnice i simboli\u010dni darovi.<\/p>\n\n\n\n<p>Izvor:hrt.hr<\/p>\n","protected":false},"excerpt":{"rendered":"<p>Pribli\u017eava se godi\u0161njica katastrofalnog potresa na Banovini. U sje\u0107anju na te te\u0161ke dane svakako su ostali volonteri koji su odmah prisko\u010dili u pomo\u0107 stradalom stanovni\u0161tvu, a poma\u017eu i dalje. Me\u0111unarodni dan volontera Hrvatski Crveni kri\u017e obilje\u017eava upravo u Glini. \u00a0&#8211; Volonteri i na dana\u0161nji dan rade i nesebi\u010dno poma\u017eu drugima. Tako su ovdje u Glini [&hellip;]<\/p>\n","protected":false},"author":2,"featured_media":96173,"comment_status":"closed","ping_status":"closed","sticky":false,"template":"","format":"standard","meta":{"h5ap_radio_sources":[],"footnotes":""},"categories":[1],"tags":[],"class_list":["post-96172","post","type-post","status-publish","format-standard","has-post-thumbnail","hentry","category-bihiregija"],"yoast_head":"<!-- This site is optimized with the Yoast SEO plugin v27.4 - https:\/\/yoast.com\/product\/yoast-seo-wordpress\/ -->\n<title>Markt: Dobrota je u nama i kad je dijelimo, ona raste - RADIO LJUBU\u0160KI<\/title>\n<meta name=\"robots\" content=\"index, follow, max-snippet:-1, max-image-preview:large, max-video-preview:-1\" \/>\n<link rel=\"canonical\" href=\"https:\/\/radioljubuski.ba\/index.php\/2021\/12\/05\/markt-dobrota-je-u-nama-i-kad-je-dijelimo-ona-raste\/\" \/>\n<meta property=\"og:locale\" content=\"hr_HR\" \/>\n<meta property=\"og:type\" content=\"article\" \/>\n<meta property=\"og:title\" content=\"Markt: Dobrota je u nama i kad je dijelimo, ona raste - RADIO LJUBU\u0160KI\" \/>\n<meta property=\"og:description\" content=\"Pribli\u017eava se godi\u0161njica katastrofalnog potresa na Banovini. U sje\u0107anju na te te\u0161ke dane svakako su ostali volonteri koji su odmah prisko\u010dili u pomo\u0107 stradalom stanovni\u0161tvu, a poma\u017eu i dalje. Me\u0111unarodni dan volontera Hrvatski Crveni kri\u017e obilje\u017eava upravo u Glini. \u00a0&#8211; Volonteri i na dana\u0161nji dan rade i nesebi\u010dno poma\u017eu drugima. Tako su ovdje u Glini [&hellip;]\" \/>\n<meta property=\"og:url\" content=\"https:\/\/radioljubuski.ba\/index.php\/2021\/12\/05\/markt-dobrota-je-u-nama-i-kad-je-dijelimo-ona-raste\/\" \/>\n<meta property=\"og:site_name\" content=\"RADIO LJUBU\u0160KI\" \/>\n<meta property=\"article:publisher\" content=\"https:\/\/www.facebook.com\/Radiio-Ljubuski-1490835324566332\" \/>\n<meta property=\"article:published_time\" content=\"2021-12-05T15:13:01+00:00\" \/>\n<meta property=\"article:modified_time\" content=\"2021-12-05T15:13:03+00:00\" \/>\n<meta property=\"og:image\" content=\"https:\/\/radioljubuski.ba\/wp-content\/uploads\/2021\/12\/11-1.png\" \/>\n\t<meta property=\"og:image:width\" content=\"741\" \/>\n\t<meta property=\"og:image:height\" content=\"437\" \/>\n\t<meta property=\"og:image:type\" content=\"image\/png\" \/>\n<meta name=\"author\" content=\"Radio Ljubu\u0161ki\" \/>\n<meta name=\"twitter:card\" content=\"summary_large_image\" \/>\n<meta name=\"twitter:creator\" content=\"@radioljubuski\" \/>\n<meta name=\"twitter:site\" content=\"@radioljubuski\" \/>\n<meta name=\"twitter:label1\" content=\"Napisao\/la\" \/>\n\t<meta name=\"twitter:data1\" content=\"Radio Ljubu\u0161ki\" \/>\n\t<meta name=\"twitter:label2\" content=\"Procijenjeno vrijeme \u010ditanja\" \/>\n\t<meta name=\"twitter:data2\" content=\"2 minute\" \/>\n<script type=\"application\/ld+json\" class=\"yoast-schema-graph\">{\"@context\":\"https:\\\/\\\/schema.org\",\"@graph\":[{\"@type\":\"Article\",\"@id\":\"https:\\\/\\\/radioljubuski.ba\\\/index.php\\\/2021\\\/12\\\/05\\\/markt-dobrota-je-u-nama-i-kad-je-dijelimo-ona-raste\\\/#article\",\"isPartOf\":{\"@id\":\"https:\\\/\\\/radioljubuski.ba\\\/index.php\\\/2021\\\/12\\\/05\\\/markt-dobrota-je-u-nama-i-kad-je-dijelimo-ona-raste\\\/\"},\"author\":{\"name\":\"Radio Ljubu\u0161ki\",\"@id\":\"https:\\\/\\\/radioljubuski.ba\\\/#\\\/schema\\\/person\\\/19fc700381a780f69665d7956c469e3b\"},\"headline\":\"Markt: Dobrota je u nama i kad je dijelimo, ona raste\",\"datePublished\":\"2021-12-05T15:13:01+00:00\",\"dateModified\":\"2021-12-05T15:13:03+00:00\",\"mainEntityOfPage\":{\"@id\":\"https:\\\/\\\/radioljubuski.ba\\\/index.php\\\/2021\\\/12\\\/05\\\/markt-dobrota-je-u-nama-i-kad-je-dijelimo-ona-raste\\\/\"},\"wordCount\":425,\"publisher\":{\"@id\":\"https:\\\/\\\/radioljubuski.ba\\\/#organization\"},\"image\":{\"@id\":\"https:\\\/\\\/radioljubuski.ba\\\/index.php\\\/2021\\\/12\\\/05\\\/markt-dobrota-je-u-nama-i-kad-je-dijelimo-ona-raste\\\/#primaryimage\"},\"thumbnailUrl\":\"https:\\\/\\\/radioljubuski.ba\\\/wp-content\\\/uploads\\\/2021\\\/12\\\/11-1.png\",\"articleSection\":[\"BIH i regija\"],\"inLanguage\":\"hr\"},{\"@type\":\"WebPage\",\"@id\":\"https:\\\/\\\/radioljubuski.ba\\\/index.php\\\/2021\\\/12\\\/05\\\/markt-dobrota-je-u-nama-i-kad-je-dijelimo-ona-raste\\\/\",\"url\":\"https:\\\/\\\/radioljubuski.ba\\\/index.php\\\/2021\\\/12\\\/05\\\/markt-dobrota-je-u-nama-i-kad-je-dijelimo-ona-raste\\\/\",\"name\":\"Markt: Dobrota je u nama i kad je dijelimo, ona raste - RADIO LJUBU\u0160KI\",\"isPartOf\":{\"@id\":\"https:\\\/\\\/radioljubuski.ba\\\/#website\"},\"primaryImageOfPage\":{\"@id\":\"https:\\\/\\\/radioljubuski.ba\\\/index.php\\\/2021\\\/12\\\/05\\\/markt-dobrota-je-u-nama-i-kad-je-dijelimo-ona-raste\\\/#primaryimage\"},\"image\":{\"@id\":\"https:\\\/\\\/radioljubuski.ba\\\/index.php\\\/2021\\\/12\\\/05\\\/markt-dobrota-je-u-nama-i-kad-je-dijelimo-ona-raste\\\/#primaryimage\"},\"thumbnailUrl\":\"https:\\\/\\\/radioljubuski.ba\\\/wp-content\\\/uploads\\\/2021\\\/12\\\/11-1.png\",\"datePublished\":\"2021-12-05T15:13:01+00:00\",\"dateModified\":\"2021-12-05T15:13:03+00:00\",\"breadcrumb\":{\"@id\":\"https:\\\/\\\/radioljubuski.ba\\\/index.php\\\/2021\\\/12\\\/05\\\/markt-dobrota-je-u-nama-i-kad-je-dijelimo-ona-raste\\\/#breadcrumb\"},\"inLanguage\":\"hr\",\"potentialAction\":[{\"@type\":\"ReadAction\",\"target\":[\"https:\\\/\\\/radioljubuski.ba\\\/index.php\\\/2021\\\/12\\\/05\\\/markt-dobrota-je-u-nama-i-kad-je-dijelimo-ona-raste\\\/\"]}]},{\"@type\":\"ImageObject\",\"inLanguage\":\"hr\",\"@id\":\"https:\\\/\\\/radioljubuski.ba\\\/index.php\\\/2021\\\/12\\\/05\\\/markt-dobrota-je-u-nama-i-kad-je-dijelimo-ona-raste\\\/#primaryimage\",\"url\":\"https:\\\/\\\/radioljubuski.ba\\\/wp-content\\\/uploads\\\/2021\\\/12\\\/11-1.png\",\"contentUrl\":\"https:\\\/\\\/radioljubuski.ba\\\/wp-content\\\/uploads\\\/2021\\\/12\\\/11-1.png\",\"width\":741,\"height\":437},{\"@type\":\"BreadcrumbList\",\"@id\":\"https:\\\/\\\/radioljubuski.ba\\\/index.php\\\/2021\\\/12\\\/05\\\/markt-dobrota-je-u-nama-i-kad-je-dijelimo-ona-raste\\\/#breadcrumb\",\"itemListElement\":[{\"@type\":\"ListItem\",\"position\":1,\"name\":\"Po\u010detna stranica\",\"item\":\"https:\\\/\\\/radioljubuski.ba\\\/\"},{\"@type\":\"ListItem\",\"position\":2,\"name\":\"Markt: Dobrota je u nama i kad je dijelimo, ona raste\"}]},{\"@type\":\"WebSite\",\"@id\":\"https:\\\/\\\/radioljubuski.ba\\\/#website\",\"url\":\"https:\\\/\\\/radioljubuski.ba\\\/\",\"name\":\"Radio Ljubu\u0161ki\",\"description\":\"Sun\u010dana frekvencija Hercegovine\",\"publisher\":{\"@id\":\"https:\\\/\\\/radioljubuski.ba\\\/#organization\"},\"potentialAction\":[{\"@type\":\"SearchAction\",\"target\":{\"@type\":\"EntryPoint\",\"urlTemplate\":\"https:\\\/\\\/radioljubuski.ba\\\/?s={search_term_string}\"},\"query-input\":{\"@type\":\"PropertyValueSpecification\",\"valueRequired\":true,\"valueName\":\"search_term_string\"}}],\"inLanguage\":\"hr\"},{\"@type\":\"Organization\",\"@id\":\"https:\\\/\\\/radioljubuski.ba\\\/#organization\",\"name\":\"Radio Ljubu\u0161ki\",\"url\":\"https:\\\/\\\/radioljubuski.ba\\\/\",\"logo\":{\"@type\":\"ImageObject\",\"inLanguage\":\"hr\",\"@id\":\"https:\\\/\\\/radioljubuski.ba\\\/#\\\/schema\\\/logo\\\/image\\\/\",\"url\":\"https:\\\/\\\/radioljubuski.ba\\\/wp-content\\\/uploads\\\/2021\\\/02\\\/cropped-Radio_Ljubuski_logo1.jpg\",\"contentUrl\":\"https:\\\/\\\/radioljubuski.ba\\\/wp-content\\\/uploads\\\/2021\\\/02\\\/cropped-Radio_Ljubuski_logo1.jpg\",\"width\":512,\"height\":512,\"caption\":\"Radio Ljubu\u0161ki\"},\"image\":{\"@id\":\"https:\\\/\\\/radioljubuski.ba\\\/#\\\/schema\\\/logo\\\/image\\\/\"},\"sameAs\":[\"https:\\\/\\\/www.facebook.com\\\/Radiio-Ljubuski-1490835324566332\",\"https:\\\/\\\/x.com\\\/radioljubuski\",\"https:\\\/\\\/hr.linkedin.com\\\/company\\\/radio-ljubuski\",\"https:\\\/\\\/www.youtube.com\\\/channel\\\/UCHYaeO_n0Db3tjNGudGpXyw\"]},{\"@type\":\"Person\",\"@id\":\"https:\\\/\\\/radioljubuski.ba\\\/#\\\/schema\\\/person\\\/19fc700381a780f69665d7956c469e3b\",\"name\":\"Radio Ljubu\u0161ki\"}]}<\/script>\n<!-- \/ Yoast SEO plugin. -->","yoast_head_json":{"title":"Markt: Dobrota je u nama i kad je dijelimo, ona raste - RADIO LJUBU\u0160KI","robots":{"index":"index","follow":"follow","max-snippet":"max-snippet:-1","max-image-preview":"max-image-preview:large","max-video-preview":"max-video-preview:-1"},"canonical":"https:\/\/radioljubuski.ba\/index.php\/2021\/12\/05\/markt-dobrota-je-u-nama-i-kad-je-dijelimo-ona-raste\/","og_locale":"hr_HR","og_type":"article","og_title":"Markt: Dobrota je u nama i kad je dijelimo, ona raste - RADIO LJUBU\u0160KI","og_description":"Pribli\u017eava se godi\u0161njica katastrofalnog potresa na Banovini. U sje\u0107anju na te te\u0161ke dane svakako su ostali volonteri koji su odmah prisko\u010dili u pomo\u0107 stradalom stanovni\u0161tvu, a poma\u017eu i dalje. Me\u0111unarodni dan volontera Hrvatski Crveni kri\u017e obilje\u017eava upravo u Glini. \u00a0&#8211; Volonteri i na dana\u0161nji dan rade i nesebi\u010dno poma\u017eu drugima. Tako su ovdje u Glini [&hellip;]","og_url":"https:\/\/radioljubuski.ba\/index.php\/2021\/12\/05\/markt-dobrota-je-u-nama-i-kad-je-dijelimo-ona-raste\/","og_site_name":"RADIO LJUBU\u0160KI","article_publisher":"https:\/\/www.facebook.com\/Radiio-Ljubuski-1490835324566332","article_published_time":"2021-12-05T15:13:01+00:00","article_modified_time":"2021-12-05T15:13:03+00:00","og_image":[{"width":741,"height":437,"url":"https:\/\/radioljubuski.ba\/wp-content\/uploads\/2021\/12\/11-1.png","type":"image\/png"}],"author":"Radio Ljubu\u0161ki","twitter_card":"summary_large_image","twitter_creator":"@radioljubuski","twitter_site":"@radioljubuski","twitter_misc":{"Napisao\/la":"Radio Ljubu\u0161ki","Procijenjeno vrijeme \u010ditanja":"2 minute"},"schema":{"@context":"https:\/\/schema.org","@graph":[{"@type":"Article","@id":"https:\/\/radioljubuski.ba\/index.php\/2021\/12\/05\/markt-dobrota-je-u-nama-i-kad-je-dijelimo-ona-raste\/#article","isPartOf":{"@id":"https:\/\/radioljubuski.ba\/index.php\/2021\/12\/05\/markt-dobrota-je-u-nama-i-kad-je-dijelimo-ona-raste\/"},"author":{"name":"Radio Ljubu\u0161ki","@id":"https:\/\/radioljubuski.ba\/#\/schema\/person\/19fc700381a780f69665d7956c469e3b"},"headline":"Markt: Dobrota je u nama i kad je dijelimo, ona raste","datePublished":"2021-12-05T15:13:01+00:00","dateModified":"2021-12-05T15:13:03+00:00","mainEntityOfPage":{"@id":"https:\/\/radioljubuski.ba\/index.php\/2021\/12\/05\/markt-dobrota-je-u-nama-i-kad-je-dijelimo-ona-raste\/"},"wordCount":425,"publisher":{"@id":"https:\/\/radioljubuski.ba\/#organization"},"image":{"@id":"https:\/\/radioljubuski.ba\/index.php\/2021\/12\/05\/markt-dobrota-je-u-nama-i-kad-je-dijelimo-ona-raste\/#primaryimage"},"thumbnailUrl":"https:\/\/radioljubuski.ba\/wp-content\/uploads\/2021\/12\/11-1.png","articleSection":["BIH i regija"],"inLanguage":"hr"},{"@type":"WebPage","@id":"https:\/\/radioljubuski.ba\/index.php\/2021\/12\/05\/markt-dobrota-je-u-nama-i-kad-je-dijelimo-ona-raste\/","url":"https:\/\/radioljubuski.ba\/index.php\/2021\/12\/05\/markt-dobrota-je-u-nama-i-kad-je-dijelimo-ona-raste\/","name":"Markt: Dobrota je u nama i kad je dijelimo, ona raste - RADIO LJUBU\u0160KI","isPartOf":{"@id":"https:\/\/radioljubuski.ba\/#website"},"primaryImageOfPage":{"@id":"https:\/\/radioljubuski.ba\/index.php\/2021\/12\/05\/markt-dobrota-je-u-nama-i-kad-je-dijelimo-ona-raste\/#primaryimage"},"image":{"@id":"https:\/\/radioljubuski.ba\/index.php\/2021\/12\/05\/markt-dobrota-je-u-nama-i-kad-je-dijelimo-ona-raste\/#primaryimage"},"thumbnailUrl":"https:\/\/radioljubuski.ba\/wp-content\/uploads\/2021\/12\/11-1.png","datePublished":"2021-12-05T15:13:01+00:00","dateModified":"2021-12-05T15:13:03+00:00","breadcrumb":{"@id":"https:\/\/radioljubuski.ba\/index.php\/2021\/12\/05\/markt-dobrota-je-u-nama-i-kad-je-dijelimo-ona-raste\/#breadcrumb"},"inLanguage":"hr","potentialAction":[{"@type":"ReadAction","target":["https:\/\/radioljubuski.ba\/index.php\/2021\/12\/05\/markt-dobrota-je-u-nama-i-kad-je-dijelimo-ona-raste\/"]}]},{"@type":"ImageObject","inLanguage":"hr","@id":"https:\/\/radioljubuski.ba\/index.php\/2021\/12\/05\/markt-dobrota-je-u-nama-i-kad-je-dijelimo-ona-raste\/#primaryimage","url":"https:\/\/radioljubuski.ba\/wp-content\/uploads\/2021\/12\/11-1.png","contentUrl":"https:\/\/radioljubuski.ba\/wp-content\/uploads\/2021\/12\/11-1.png","width":741,"height":437},{"@type":"BreadcrumbList","@id":"https:\/\/radioljubuski.ba\/index.php\/2021\/12\/05\/markt-dobrota-je-u-nama-i-kad-je-dijelimo-ona-raste\/#breadcrumb","itemListElement":[{"@type":"ListItem","position":1,"name":"Po\u010detna stranica","item":"https:\/\/radioljubuski.ba\/"},{"@type":"ListItem","position":2,"name":"Markt: Dobrota je u nama i kad je dijelimo, ona raste"}]},{"@type":"WebSite","@id":"https:\/\/radioljubuski.ba\/#website","url":"https:\/\/radioljubuski.ba\/","name":"Radio Ljubu\u0161ki","description":"Sun\u010dana frekvencija Hercegovine","publisher":{"@id":"https:\/\/radioljubuski.ba\/#organization"},"potentialAction":[{"@type":"SearchAction","target":{"@type":"EntryPoint","urlTemplate":"https:\/\/radioljubuski.ba\/?s={search_term_string}"},"query-input":{"@type":"PropertyValueSpecification","valueRequired":true,"valueName":"search_term_string"}}],"inLanguage":"hr"},{"@type":"Organization","@id":"https:\/\/radioljubuski.ba\/#organization","name":"Radio Ljubu\u0161ki","url":"https:\/\/radioljubuski.ba\/","logo":{"@type":"ImageObject","inLanguage":"hr","@id":"https:\/\/radioljubuski.ba\/#\/schema\/logo\/image\/","url":"https:\/\/radioljubuski.ba\/wp-content\/uploads\/2021\/02\/cropped-Radio_Ljubuski_logo1.jpg","contentUrl":"https:\/\/radioljubuski.ba\/wp-content\/uploads\/2021\/02\/cropped-Radio_Ljubuski_logo1.jpg","width":512,"height":512,"caption":"Radio Ljubu\u0161ki"},"image":{"@id":"https:\/\/radioljubuski.ba\/#\/schema\/logo\/image\/"},"sameAs":["https:\/\/www.facebook.com\/Radiio-Ljubuski-1490835324566332","https:\/\/x.com\/radioljubuski","https:\/\/hr.linkedin.com\/company\/radio-ljubuski","https:\/\/www.youtube.com\/channel\/UCHYaeO_n0Db3tjNGudGpXyw"]},{"@type":"Person","@id":"https:\/\/radioljubuski.ba\/#\/schema\/person\/19fc700381a780f69665d7956c469e3b","name":"Radio Ljubu\u0161ki"}]}},"_links":{"self":[{"href":"https:\/\/radioljubuski.ba\/index.php\/wp-json\/wp\/v2\/posts\/96172","targetHints":{"allow":["GET"]}}],"collection":[{"href":"https:\/\/radioljubuski.ba\/index.php\/wp-json\/wp\/v2\/posts"}],"about":[{"href":"https:\/\/radioljubuski.ba\/index.php\/wp-json\/wp\/v2\/types\/post"}],"author":[{"embeddable":true,"href":"https:\/\/radioljubuski.ba\/index.php\/wp-json\/wp\/v2\/users\/2"}],"replies":[{"embeddable":true,"href":"https:\/\/radioljubuski.ba\/index.php\/wp-json\/wp\/v2\/comments?post=96172"}],"version-history":[{"count":1,"href":"https:\/\/radioljubuski.ba\/index.php\/wp-json\/wp\/v2\/posts\/96172\/revisions"}],"predecessor-version":[{"id":96174,"href":"https:\/\/radioljubuski.ba\/index.php\/wp-json\/wp\/v2\/posts\/96172\/revisions\/96174"}],"wp:featuredmedia":[{"embeddable":true,"href":"https:\/\/radioljubuski.ba\/index.php\/wp-json\/wp\/v2\/media\/96173"}],"wp:attachment":[{"href":"https:\/\/radioljubuski.ba\/index.php\/wp-json\/wp\/v2\/media?parent=96172"}],"wp:term":[{"taxonomy":"category","embeddable":true,"href":"https:\/\/radioljubuski.ba\/index.php\/wp-json\/wp\/v2\/categories?post=96172"},{"taxonomy":"post_tag","embeddable":true,"href":"https:\/\/radioljubuski.ba\/index.php\/wp-json\/wp\/v2\/tags?post=96172"}],"curies":[{"name":"wp","href":"https:\/\/api.w.org\/{rel}","templated":true}]}}