{"id":96175,"date":"2021-12-05T16:14:12","date_gmt":"2021-12-05T15:14:12","guid":{"rendered":"https:\/\/radioljubuski.ba\/?p=96175"},"modified":"2021-12-05T16:14:13","modified_gmt":"2021-12-05T15:14:13","slug":"obiljezena-30-godisnjica-pogibije-16-pripadnika-106-brigade-u-sumi-rosinjaci","status":"publish","type":"post","link":"https:\/\/radioljubuski.ba\/index.php\/2021\/12\/05\/obiljezena-30-godisnjica-pogibije-16-pripadnika-106-brigade-u-sumi-rosinjaci\/","title":{"rendered":"Obilje\u017eena 30. godi\u0161njica pogibije 16 pripadnika 106. brigade u \u0161umi Rosinja\u010di"},"content":{"rendered":"\n<p><strong>5. prosinca 1991. jedan je od najte\u017eih i najtu\u017enijih datuma u povijesti Osijeka. Tog dana u herojskoj obrani grada poginulo je 28 pripadnika osje\u010dke 106. brigade. Paljenjem svije\u0107a i polaganjem vijenaca na spomen-obilje\u017eje obilje\u017eena je i 30. godi\u0161njica pogibije 16 pripadnika brigade u \u0161umi Rosinja\u010di.&nbsp;<\/strong><\/p>\n\n\n\n<p>Oni su zaustavili napredovanje neprijatelja i omogu\u0107ili konsolidaciju obrane na drugim prilazima Osijeku. JNA i \u010detnici sveop\u0107im napadom na sve prve crte obrane grada poku\u0161ali su osvojiti Osijek, ali to im nije uspjelo zahvaljuju\u0107i hrabrosti hrvatskih branitelja.<br><br>&#8211; \u017drtvom koju su oni podnjeli su omogu\u0107ili tog dana da Osijek ostane nepokoreni grad. Po svim prvim crtama je bio sveop\u0107i napad, bilo je puno poginulih, ali Osijek se uspio oduprijeti, ostao je slobodan hrvatski grad, rekao je<strong>&nbsp;Goran Radi\u010devi\u0107<\/strong>, 106. brigada Hrvatske vojske.<\/p>\n\n\n\n<p>Izvor:hrt.hr<\/p>\n","protected":false},"excerpt":{"rendered":"<p>5. prosinca 1991. jedan je od najte\u017eih i najtu\u017enijih datuma u povijesti Osijeka. Tog dana u herojskoj obrani grada poginulo je 28 pripadnika osje\u010dke 106. brigade. Paljenjem svije\u0107a i polaganjem vijenaca na spomen-obilje\u017eje obilje\u017eena je i 30. godi\u0161njica pogibije 16 pripadnika brigade u \u0161umi Rosinja\u010di.&nbsp; Oni su zaustavili napredovanje neprijatelja i omogu\u0107ili konsolidaciju obrane na [&hellip;]<\/p>\n","protected":false},"author":2,"featured_media":96176,"comment_status":"closed","ping_status":"closed","sticky":false,"template":"","format":"standard","meta":{"h5ap_radio_sources":[],"footnotes":""},"categories":[1],"tags":[],"class_list":["post-96175","post","type-post","status-publish","format-standard","has-post-thumbnail","hentry","category-bihiregija"],"yoast_head":"<!-- This site is optimized with the Yoast SEO plugin v27.4 - https:\/\/yoast.com\/product\/yoast-seo-wordpress\/ -->\n<title>Obilje\u017eena 30. godi\u0161njica pogibije 16 pripadnika 106. brigade u \u0161umi Rosinja\u010di - RADIO LJUBU\u0160KI<\/title>\n<meta name=\"robots\" content=\"index, follow, max-snippet:-1, max-image-preview:large, max-video-preview:-1\" \/>\n<link rel=\"canonical\" href=\"https:\/\/radioljubuski.ba\/index.php\/2021\/12\/05\/obiljezena-30-godisnjica-pogibije-16-pripadnika-106-brigade-u-sumi-rosinjaci\/\" \/>\n<meta property=\"og:locale\" content=\"hr_HR\" \/>\n<meta property=\"og:type\" content=\"article\" \/>\n<meta property=\"og:title\" content=\"Obilje\u017eena 30. godi\u0161njica pogibije 16 pripadnika 106. brigade u \u0161umi Rosinja\u010di - RADIO LJUBU\u0160KI\" \/>\n<meta property=\"og:description\" content=\"5. prosinca 1991. jedan je od najte\u017eih i najtu\u017enijih datuma u povijesti Osijeka. Tog dana u herojskoj obrani grada poginulo je 28 pripadnika osje\u010dke 106. brigade. Paljenjem svije\u0107a i polaganjem vijenaca na spomen-obilje\u017eje obilje\u017eena je i 30. godi\u0161njica pogibije 16 pripadnika brigade u \u0161umi Rosinja\u010di.&nbsp; Oni su zaustavili napredovanje neprijatelja i omogu\u0107ili konsolidaciju obrane na [&hellip;]\" \/>\n<meta property=\"og:url\" content=\"https:\/\/radioljubuski.ba\/index.php\/2021\/12\/05\/obiljezena-30-godisnjica-pogibije-16-pripadnika-106-brigade-u-sumi-rosinjaci\/\" \/>\n<meta property=\"og:site_name\" content=\"RADIO LJUBU\u0160KI\" \/>\n<meta property=\"article:publisher\" content=\"https:\/\/www.facebook.com\/Radiio-Ljubuski-1490835324566332\" \/>\n<meta property=\"article:published_time\" content=\"2021-12-05T15:14:12+00:00\" \/>\n<meta property=\"article:modified_time\" content=\"2021-12-05T15:14:13+00:00\" \/>\n<meta property=\"og:image\" content=\"https:\/\/radioljubuski.ba\/wp-content\/uploads\/2021\/12\/najava-rosinja-a-frame-783-20211205104357.jpg\" \/>\n\t<meta property=\"og:image:width\" content=\"1920\" \/>\n\t<meta property=\"og:image:height\" content=\"1080\" \/>\n\t<meta property=\"og:image:type\" content=\"image\/jpeg\" \/>\n<meta name=\"author\" content=\"Radio Ljubu\u0161ki\" \/>\n<meta name=\"twitter:card\" content=\"summary_large_image\" \/>\n<meta name=\"twitter:creator\" content=\"@radioljubuski\" \/>\n<meta name=\"twitter:site\" content=\"@radioljubuski\" \/>\n<meta name=\"twitter:label1\" content=\"Napisao\/la\" \/>\n\t<meta name=\"twitter:data1\" content=\"Radio Ljubu\u0161ki\" \/>\n\t<meta name=\"twitter:label2\" content=\"Procijenjeno vrijeme \u010ditanja\" \/>\n\t<meta name=\"twitter:data2\" content=\"1 minuta\" \/>\n<script type=\"application\/ld+json\" class=\"yoast-schema-graph\">{\"@context\":\"https:\\\/\\\/schema.org\",\"@graph\":[{\"@type\":\"Article\",\"@id\":\"https:\\\/\\\/radioljubuski.ba\\\/index.php\\\/2021\\\/12\\\/05\\\/obiljezena-30-godisnjica-pogibije-16-pripadnika-106-brigade-u-sumi-rosinjaci\\\/#article\",\"isPartOf\":{\"@id\":\"https:\\\/\\\/radioljubuski.ba\\\/index.php\\\/2021\\\/12\\\/05\\\/obiljezena-30-godisnjica-pogibije-16-pripadnika-106-brigade-u-sumi-rosinjaci\\\/\"},\"author\":{\"name\":\"Radio Ljubu\u0161ki\",\"@id\":\"https:\\\/\\\/radioljubuski.ba\\\/#\\\/schema\\\/person\\\/19fc700381a780f69665d7956c469e3b\"},\"headline\":\"Obilje\u017eena 30. godi\u0161njica pogibije 16 pripadnika 106. brigade u \u0161umi Rosinja\u010di\",\"datePublished\":\"2021-12-05T15:14:12+00:00\",\"dateModified\":\"2021-12-05T15:14:13+00:00\",\"mainEntityOfPage\":{\"@id\":\"https:\\\/\\\/radioljubuski.ba\\\/index.php\\\/2021\\\/12\\\/05\\\/obiljezena-30-godisnjica-pogibije-16-pripadnika-106-brigade-u-sumi-rosinjaci\\\/\"},\"wordCount\":151,\"publisher\":{\"@id\":\"https:\\\/\\\/radioljubuski.ba\\\/#organization\"},\"image\":{\"@id\":\"https:\\\/\\\/radioljubuski.ba\\\/index.php\\\/2021\\\/12\\\/05\\\/obiljezena-30-godisnjica-pogibije-16-pripadnika-106-brigade-u-sumi-rosinjaci\\\/#primaryimage\"},\"thumbnailUrl\":\"https:\\\/\\\/radioljubuski.ba\\\/wp-content\\\/uploads\\\/2021\\\/12\\\/najava-rosinja-a-frame-783-20211205104357.jpg\",\"articleSection\":[\"BIH i regija\"],\"inLanguage\":\"hr\"},{\"@type\":\"WebPage\",\"@id\":\"https:\\\/\\\/radioljubuski.ba\\\/index.php\\\/2021\\\/12\\\/05\\\/obiljezena-30-godisnjica-pogibije-16-pripadnika-106-brigade-u-sumi-rosinjaci\\\/\",\"url\":\"https:\\\/\\\/radioljubuski.ba\\\/index.php\\\/2021\\\/12\\\/05\\\/obiljezena-30-godisnjica-pogibije-16-pripadnika-106-brigade-u-sumi-rosinjaci\\\/\",\"name\":\"Obilje\u017eena 30. godi\u0161njica pogibije 16 pripadnika 106. brigade u \u0161umi Rosinja\u010di - RADIO LJUBU\u0160KI\",\"isPartOf\":{\"@id\":\"https:\\\/\\\/radioljubuski.ba\\\/#website\"},\"primaryImageOfPage\":{\"@id\":\"https:\\\/\\\/radioljubuski.ba\\\/index.php\\\/2021\\\/12\\\/05\\\/obiljezena-30-godisnjica-pogibije-16-pripadnika-106-brigade-u-sumi-rosinjaci\\\/#primaryimage\"},\"image\":{\"@id\":\"https:\\\/\\\/radioljubuski.ba\\\/index.php\\\/2021\\\/12\\\/05\\\/obiljezena-30-godisnjica-pogibije-16-pripadnika-106-brigade-u-sumi-rosinjaci\\\/#primaryimage\"},\"thumbnailUrl\":\"https:\\\/\\\/radioljubuski.ba\\\/wp-content\\\/uploads\\\/2021\\\/12\\\/najava-rosinja-a-frame-783-20211205104357.jpg\",\"datePublished\":\"2021-12-05T15:14:12+00:00\",\"dateModified\":\"2021-12-05T15:14:13+00:00\",\"breadcrumb\":{\"@id\":\"https:\\\/\\\/radioljubuski.ba\\\/index.php\\\/2021\\\/12\\\/05\\\/obiljezena-30-godisnjica-pogibije-16-pripadnika-106-brigade-u-sumi-rosinjaci\\\/#breadcrumb\"},\"inLanguage\":\"hr\",\"potentialAction\":[{\"@type\":\"ReadAction\",\"target\":[\"https:\\\/\\\/radioljubuski.ba\\\/index.php\\\/2021\\\/12\\\/05\\\/obiljezena-30-godisnjica-pogibije-16-pripadnika-106-brigade-u-sumi-rosinjaci\\\/\"]}]},{\"@type\":\"ImageObject\",\"inLanguage\":\"hr\",\"@id\":\"https:\\\/\\\/radioljubuski.ba\\\/index.php\\\/2021\\\/12\\\/05\\\/obiljezena-30-godisnjica-pogibije-16-pripadnika-106-brigade-u-sumi-rosinjaci\\\/#primaryimage\",\"url\":\"https:\\\/\\\/radioljubuski.ba\\\/wp-content\\\/uploads\\\/2021\\\/12\\\/najava-rosinja-a-frame-783-20211205104357.jpg\",\"contentUrl\":\"https:\\\/\\\/radioljubuski.ba\\\/wp-content\\\/uploads\\\/2021\\\/12\\\/najava-rosinja-a-frame-783-20211205104357.jpg\",\"width\":1920,\"height\":1080},{\"@type\":\"BreadcrumbList\",\"@id\":\"https:\\\/\\\/radioljubuski.ba\\\/index.php\\\/2021\\\/12\\\/05\\\/obiljezena-30-godisnjica-pogibije-16-pripadnika-106-brigade-u-sumi-rosinjaci\\\/#breadcrumb\",\"itemListElement\":[{\"@type\":\"ListItem\",\"position\":1,\"name\":\"Po\u010detna stranica\",\"item\":\"https:\\\/\\\/radioljubuski.ba\\\/\"},{\"@type\":\"ListItem\",\"position\":2,\"name\":\"Obilje\u017eena 30. godi\u0161njica pogibije 16 pripadnika 106. brigade u \u0161umi Rosinja\u010di\"}]},{\"@type\":\"WebSite\",\"@id\":\"https:\\\/\\\/radioljubuski.ba\\\/#website\",\"url\":\"https:\\\/\\\/radioljubuski.ba\\\/\",\"name\":\"Radio Ljubu\u0161ki\",\"description\":\"Sun\u010dana frekvencija Hercegovine\",\"publisher\":{\"@id\":\"https:\\\/\\\/radioljubuski.ba\\\/#organization\"},\"potentialAction\":[{\"@type\":\"SearchAction\",\"target\":{\"@type\":\"EntryPoint\",\"urlTemplate\":\"https:\\\/\\\/radioljubuski.ba\\\/?s={search_term_string}\"},\"query-input\":{\"@type\":\"PropertyValueSpecification\",\"valueRequired\":true,\"valueName\":\"search_term_string\"}}],\"inLanguage\":\"hr\"},{\"@type\":\"Organization\",\"@id\":\"https:\\\/\\\/radioljubuski.ba\\\/#organization\",\"name\":\"Radio Ljubu\u0161ki\",\"url\":\"https:\\\/\\\/radioljubuski.ba\\\/\",\"logo\":{\"@type\":\"ImageObject\",\"inLanguage\":\"hr\",\"@id\":\"https:\\\/\\\/radioljubuski.ba\\\/#\\\/schema\\\/logo\\\/image\\\/\",\"url\":\"https:\\\/\\\/radioljubuski.ba\\\/wp-content\\\/uploads\\\/2021\\\/02\\\/cropped-Radio_Ljubuski_logo1.jpg\",\"contentUrl\":\"https:\\\/\\\/radioljubuski.ba\\\/wp-content\\\/uploads\\\/2021\\\/02\\\/cropped-Radio_Ljubuski_logo1.jpg\",\"width\":512,\"height\":512,\"caption\":\"Radio Ljubu\u0161ki\"},\"image\":{\"@id\":\"https:\\\/\\\/radioljubuski.ba\\\/#\\\/schema\\\/logo\\\/image\\\/\"},\"sameAs\":[\"https:\\\/\\\/www.facebook.com\\\/Radiio-Ljubuski-1490835324566332\",\"https:\\\/\\\/x.com\\\/radioljubuski\",\"https:\\\/\\\/hr.linkedin.com\\\/company\\\/radio-ljubuski\",\"https:\\\/\\\/www.youtube.com\\\/channel\\\/UCHYaeO_n0Db3tjNGudGpXyw\"]},{\"@type\":\"Person\",\"@id\":\"https:\\\/\\\/radioljubuski.ba\\\/#\\\/schema\\\/person\\\/19fc700381a780f69665d7956c469e3b\",\"name\":\"Radio Ljubu\u0161ki\"}]}<\/script>\n<!-- \/ Yoast SEO plugin. -->","yoast_head_json":{"title":"Obilje\u017eena 30. godi\u0161njica pogibije 16 pripadnika 106. brigade u \u0161umi Rosinja\u010di - RADIO LJUBU\u0160KI","robots":{"index":"index","follow":"follow","max-snippet":"max-snippet:-1","max-image-preview":"max-image-preview:large","max-video-preview":"max-video-preview:-1"},"canonical":"https:\/\/radioljubuski.ba\/index.php\/2021\/12\/05\/obiljezena-30-godisnjica-pogibije-16-pripadnika-106-brigade-u-sumi-rosinjaci\/","og_locale":"hr_HR","og_type":"article","og_title":"Obilje\u017eena 30. godi\u0161njica pogibije 16 pripadnika 106. brigade u \u0161umi Rosinja\u010di - RADIO LJUBU\u0160KI","og_description":"5. prosinca 1991. jedan je od najte\u017eih i najtu\u017enijih datuma u povijesti Osijeka. Tog dana u herojskoj obrani grada poginulo je 28 pripadnika osje\u010dke 106. brigade. Paljenjem svije\u0107a i polaganjem vijenaca na spomen-obilje\u017eje obilje\u017eena je i 30. godi\u0161njica pogibije 16 pripadnika brigade u \u0161umi Rosinja\u010di.&nbsp; Oni su zaustavili napredovanje neprijatelja i omogu\u0107ili konsolidaciju obrane na [&hellip;]","og_url":"https:\/\/radioljubuski.ba\/index.php\/2021\/12\/05\/obiljezena-30-godisnjica-pogibije-16-pripadnika-106-brigade-u-sumi-rosinjaci\/","og_site_name":"RADIO LJUBU\u0160KI","article_publisher":"https:\/\/www.facebook.com\/Radiio-Ljubuski-1490835324566332","article_published_time":"2021-12-05T15:14:12+00:00","article_modified_time":"2021-12-05T15:14:13+00:00","og_image":[{"width":1920,"height":1080,"url":"https:\/\/radioljubuski.ba\/wp-content\/uploads\/2021\/12\/najava-rosinja-a-frame-783-20211205104357.jpg","type":"image\/jpeg"}],"author":"Radio Ljubu\u0161ki","twitter_card":"summary_large_image","twitter_creator":"@radioljubuski","twitter_site":"@radioljubuski","twitter_misc":{"Napisao\/la":"Radio Ljubu\u0161ki","Procijenjeno vrijeme \u010ditanja":"1 minuta"},"schema":{"@context":"https:\/\/schema.org","@graph":[{"@type":"Article","@id":"https:\/\/radioljubuski.ba\/index.php\/2021\/12\/05\/obiljezena-30-godisnjica-pogibije-16-pripadnika-106-brigade-u-sumi-rosinjaci\/#article","isPartOf":{"@id":"https:\/\/radioljubuski.ba\/index.php\/2021\/12\/05\/obiljezena-30-godisnjica-pogibije-16-pripadnika-106-brigade-u-sumi-rosinjaci\/"},"author":{"name":"Radio Ljubu\u0161ki","@id":"https:\/\/radioljubuski.ba\/#\/schema\/person\/19fc700381a780f69665d7956c469e3b"},"headline":"Obilje\u017eena 30. godi\u0161njica pogibije 16 pripadnika 106. brigade u \u0161umi Rosinja\u010di","datePublished":"2021-12-05T15:14:12+00:00","dateModified":"2021-12-05T15:14:13+00:00","mainEntityOfPage":{"@id":"https:\/\/radioljubuski.ba\/index.php\/2021\/12\/05\/obiljezena-30-godisnjica-pogibije-16-pripadnika-106-brigade-u-sumi-rosinjaci\/"},"wordCount":151,"publisher":{"@id":"https:\/\/radioljubuski.ba\/#organization"},"image":{"@id":"https:\/\/radioljubuski.ba\/index.php\/2021\/12\/05\/obiljezena-30-godisnjica-pogibije-16-pripadnika-106-brigade-u-sumi-rosinjaci\/#primaryimage"},"thumbnailUrl":"https:\/\/radioljubuski.ba\/wp-content\/uploads\/2021\/12\/najava-rosinja-a-frame-783-20211205104357.jpg","articleSection":["BIH i regija"],"inLanguage":"hr"},{"@type":"WebPage","@id":"https:\/\/radioljubuski.ba\/index.php\/2021\/12\/05\/obiljezena-30-godisnjica-pogibije-16-pripadnika-106-brigade-u-sumi-rosinjaci\/","url":"https:\/\/radioljubuski.ba\/index.php\/2021\/12\/05\/obiljezena-30-godisnjica-pogibije-16-pripadnika-106-brigade-u-sumi-rosinjaci\/","name":"Obilje\u017eena 30. godi\u0161njica pogibije 16 pripadnika 106. brigade u \u0161umi Rosinja\u010di - RADIO LJUBU\u0160KI","isPartOf":{"@id":"https:\/\/radioljubuski.ba\/#website"},"primaryImageOfPage":{"@id":"https:\/\/radioljubuski.ba\/index.php\/2021\/12\/05\/obiljezena-30-godisnjica-pogibije-16-pripadnika-106-brigade-u-sumi-rosinjaci\/#primaryimage"},"image":{"@id":"https:\/\/radioljubuski.ba\/index.php\/2021\/12\/05\/obiljezena-30-godisnjica-pogibije-16-pripadnika-106-brigade-u-sumi-rosinjaci\/#primaryimage"},"thumbnailUrl":"https:\/\/radioljubuski.ba\/wp-content\/uploads\/2021\/12\/najava-rosinja-a-frame-783-20211205104357.jpg","datePublished":"2021-12-05T15:14:12+00:00","dateModified":"2021-12-05T15:14:13+00:00","breadcrumb":{"@id":"https:\/\/radioljubuski.ba\/index.php\/2021\/12\/05\/obiljezena-30-godisnjica-pogibije-16-pripadnika-106-brigade-u-sumi-rosinjaci\/#breadcrumb"},"inLanguage":"hr","potentialAction":[{"@type":"ReadAction","target":["https:\/\/radioljubuski.ba\/index.php\/2021\/12\/05\/obiljezena-30-godisnjica-pogibije-16-pripadnika-106-brigade-u-sumi-rosinjaci\/"]}]},{"@type":"ImageObject","inLanguage":"hr","@id":"https:\/\/radioljubuski.ba\/index.php\/2021\/12\/05\/obiljezena-30-godisnjica-pogibije-16-pripadnika-106-brigade-u-sumi-rosinjaci\/#primaryimage","url":"https:\/\/radioljubuski.ba\/wp-content\/uploads\/2021\/12\/najava-rosinja-a-frame-783-20211205104357.jpg","contentUrl":"https:\/\/radioljubuski.ba\/wp-content\/uploads\/2021\/12\/najava-rosinja-a-frame-783-20211205104357.jpg","width":1920,"height":1080},{"@type":"BreadcrumbList","@id":"https:\/\/radioljubuski.ba\/index.php\/2021\/12\/05\/obiljezena-30-godisnjica-pogibije-16-pripadnika-106-brigade-u-sumi-rosinjaci\/#breadcrumb","itemListElement":[{"@type":"ListItem","position":1,"name":"Po\u010detna stranica","item":"https:\/\/radioljubuski.ba\/"},{"@type":"ListItem","position":2,"name":"Obilje\u017eena 30. godi\u0161njica pogibije 16 pripadnika 106. brigade u \u0161umi Rosinja\u010di"}]},{"@type":"WebSite","@id":"https:\/\/radioljubuski.ba\/#website","url":"https:\/\/radioljubuski.ba\/","name":"Radio Ljubu\u0161ki","description":"Sun\u010dana frekvencija Hercegovine","publisher":{"@id":"https:\/\/radioljubuski.ba\/#organization"},"potentialAction":[{"@type":"SearchAction","target":{"@type":"EntryPoint","urlTemplate":"https:\/\/radioljubuski.ba\/?s={search_term_string}"},"query-input":{"@type":"PropertyValueSpecification","valueRequired":true,"valueName":"search_term_string"}}],"inLanguage":"hr"},{"@type":"Organization","@id":"https:\/\/radioljubuski.ba\/#organization","name":"Radio Ljubu\u0161ki","url":"https:\/\/radioljubuski.ba\/","logo":{"@type":"ImageObject","inLanguage":"hr","@id":"https:\/\/radioljubuski.ba\/#\/schema\/logo\/image\/","url":"https:\/\/radioljubuski.ba\/wp-content\/uploads\/2021\/02\/cropped-Radio_Ljubuski_logo1.jpg","contentUrl":"https:\/\/radioljubuski.ba\/wp-content\/uploads\/2021\/02\/cropped-Radio_Ljubuski_logo1.jpg","width":512,"height":512,"caption":"Radio Ljubu\u0161ki"},"image":{"@id":"https:\/\/radioljubuski.ba\/#\/schema\/logo\/image\/"},"sameAs":["https:\/\/www.facebook.com\/Radiio-Ljubuski-1490835324566332","https:\/\/x.com\/radioljubuski","https:\/\/hr.linkedin.com\/company\/radio-ljubuski","https:\/\/www.youtube.com\/channel\/UCHYaeO_n0Db3tjNGudGpXyw"]},{"@type":"Person","@id":"https:\/\/radioljubuski.ba\/#\/schema\/person\/19fc700381a780f69665d7956c469e3b","name":"Radio Ljubu\u0161ki"}]}},"_links":{"self":[{"href":"https:\/\/radioljubuski.ba\/index.php\/wp-json\/wp\/v2\/posts\/96175","targetHints":{"allow":["GET"]}}],"collection":[{"href":"https:\/\/radioljubuski.ba\/index.php\/wp-json\/wp\/v2\/posts"}],"about":[{"href":"https:\/\/radioljubuski.ba\/index.php\/wp-json\/wp\/v2\/types\/post"}],"author":[{"embeddable":true,"href":"https:\/\/radioljubuski.ba\/index.php\/wp-json\/wp\/v2\/users\/2"}],"replies":[{"embeddable":true,"href":"https:\/\/radioljubuski.ba\/index.php\/wp-json\/wp\/v2\/comments?post=96175"}],"version-history":[{"count":1,"href":"https:\/\/radioljubuski.ba\/index.php\/wp-json\/wp\/v2\/posts\/96175\/revisions"}],"predecessor-version":[{"id":96177,"href":"https:\/\/radioljubuski.ba\/index.php\/wp-json\/wp\/v2\/posts\/96175\/revisions\/96177"}],"wp:featuredmedia":[{"embeddable":true,"href":"https:\/\/radioljubuski.ba\/index.php\/wp-json\/wp\/v2\/media\/96176"}],"wp:attachment":[{"href":"https:\/\/radioljubuski.ba\/index.php\/wp-json\/wp\/v2\/media?parent=96175"}],"wp:term":[{"taxonomy":"category","embeddable":true,"href":"https:\/\/radioljubuski.ba\/index.php\/wp-json\/wp\/v2\/categories?post=96175"},{"taxonomy":"post_tag","embeddable":true,"href":"https:\/\/radioljubuski.ba\/index.php\/wp-json\/wp\/v2\/tags?post=96175"}],"curies":[{"name":"wp","href":"https:\/\/api.w.org\/{rel}","templated":true}]}}