{"id":96183,"date":"2021-12-05T16:18:01","date_gmt":"2021-12-05T15:18:01","guid":{"rendered":"https:\/\/radioljubuski.ba\/?p=96183"},"modified":"2021-12-05T16:18:01","modified_gmt":"2021-12-05T15:18:01","slug":"turkovic-i-ramic-se-predstavljaju-kao-drzavni-duznosnici-i-regrutiraju-bosnjacku-dijasporu-po-americi","status":"publish","type":"post","link":"https:\/\/radioljubuski.ba\/index.php\/2021\/12\/05\/turkovic-i-ramic-se-predstavljaju-kao-drzavni-duznosnici-i-regrutiraju-bosnjacku-dijasporu-po-americi\/","title":{"rendered":"Turkovi\u0107 i Rami\u0107 se predstavljaju kao dr\u017eavni du\u017enosnici i regrutiraju bo\u0161nja\u010dku dijasporu po Americi"},"content":{"rendered":"\n<p>Zamjenica predsjedavaju\u0107eg Vije\u0107a ministara i ministrica vanjskih poslova Bisera Turkovi\u0107, federalni ministar raseljenih osoba i izbjeglica Edin Rami\u0107 i muftija za Sjevernu Ameriku Sabahudin-ef. \u0106eman nazo\u010dili su manifestaciji &#8220;Domovino, uz tebe smo&#8221; u Atlanti.<\/p>\n\n\n\n<p>Kulturno \u2013 vjerskom programu u Atlanti nazo\u010dio je i zna\u010dajan broj bh. dijaspore u Sjedinjenim Ameri\u010dkim Dr\u017eavama.<\/p>\n\n\n\n<p>Rami\u0107 je upoznao prisutne o stanju u domovini, te ukazao na va\u017enost uklju\u010divanja bh. dijaspore u trenutno stanje u Bosni i Hercegovini.<\/p>\n\n\n\n<p>Istaknuo je i zna\u010dajnu ulogu mladih ljudi koji su zavr\u0161ili \u0161kolovanje i zapo\u010deli svoj radni vijek u ameri\u010dkim institucijama.<\/p>\n\n\n\n<p>Govornica je bila prekrivena ratnom zastavom Armije BIH, pa je valjda normalno zaklju\u010diti kako se radilo o doga\u0111aju samo za bo\u0161nja\u010dku dijasporu. Ali to povla\u010di za sobom nekoliko pitanja.&nbsp;<\/p>\n\n\n\n<p>Kao prvo, je li novi poku\u0161aj regrutacije bh. dijaspore samo iz reda bo\u0161nja\u010dkog naroda pla\u0107en dr\u017eavnim novcima? To\u010dnije, za\u0161to se u izvje\u0161taju spominju slu\u017ebene du\u017enosti Rami\u0107a i njegove kolegice iz SDA kada je jasno kako se radi o putovanju koje nema veze sa slu\u017ebenim du\u017enostima?<\/p>\n\n\n\n<p>Druga stvar koja se name\u0107e jest stav da je Bosna i Hercegovina samo domovina Bo\u0161njaka. Iako i druga dva naroda ovu zemlju smatraju svojom, o\u010dito kako jedan narod smatra da samo on im pravo na BIH.&nbsp;<\/p>\n\n\n\n<p>I kao tre\u0107e, bilo bi zanimljivo \u010duti od predstavnika me\u0111unarodne zajednice \u0161to oni misle o regrutiranju bo\u0161nja\u010dke dijaspore koje je po\u010delo onoga trenutka kada su Izetbegovi\u0107 i unitaristi\u010dko Sarajevo shvatili da Izborni zakon ne\u0107e biti promijenjen onako kako su oni zamislili.&nbsp;<\/p>\n\n\n\n<p>Odgovore na ova pitanja \u0107emo potra\u017eiti u idu\u0107im danima.<\/p>\n\n\n\n<p>Izvor:pogled.ba<\/p>\n","protected":false},"excerpt":{"rendered":"<p>Zamjenica predsjedavaju\u0107eg Vije\u0107a ministara i ministrica vanjskih poslova Bisera Turkovi\u0107, federalni ministar raseljenih osoba i izbjeglica Edin Rami\u0107 i muftija za Sjevernu Ameriku Sabahudin-ef. \u0106eman nazo\u010dili su manifestaciji &#8220;Domovino, uz tebe smo&#8221; u Atlanti. Kulturno \u2013 vjerskom programu u Atlanti nazo\u010dio je i zna\u010dajan broj bh. dijaspore u Sjedinjenim Ameri\u010dkim Dr\u017eavama. Rami\u0107 je upoznao prisutne [&hellip;]<\/p>\n","protected":false},"author":2,"featured_media":96184,"comment_status":"closed","ping_status":"closed","sticky":false,"template":"","format":"standard","meta":{"h5ap_radio_sources":[],"footnotes":""},"categories":[1],"tags":[],"class_list":["post-96183","post","type-post","status-publish","format-standard","has-post-thumbnail","hentry","category-bihiregija"],"yoast_head":"<!-- This site is optimized with the Yoast SEO plugin v27.4 - https:\/\/yoast.com\/product\/yoast-seo-wordpress\/ -->\n<title>Turkovi\u0107 i Rami\u0107 se predstavljaju kao dr\u017eavni du\u017enosnici i regrutiraju bo\u0161nja\u010dku dijasporu po Americi - RADIO LJUBU\u0160KI<\/title>\n<meta name=\"robots\" content=\"index, follow, max-snippet:-1, max-image-preview:large, max-video-preview:-1\" \/>\n<link rel=\"canonical\" href=\"https:\/\/radioljubuski.ba\/index.php\/2021\/12\/05\/turkovic-i-ramic-se-predstavljaju-kao-drzavni-duznosnici-i-regrutiraju-bosnjacku-dijasporu-po-americi\/\" \/>\n<meta property=\"og:locale\" content=\"hr_HR\" \/>\n<meta property=\"og:type\" content=\"article\" \/>\n<meta property=\"og:title\" content=\"Turkovi\u0107 i Rami\u0107 se predstavljaju kao dr\u017eavni du\u017enosnici i regrutiraju bo\u0161nja\u010dku dijasporu po Americi - RADIO LJUBU\u0160KI\" \/>\n<meta property=\"og:description\" content=\"Zamjenica predsjedavaju\u0107eg Vije\u0107a ministara i ministrica vanjskih poslova Bisera Turkovi\u0107, federalni ministar raseljenih osoba i izbjeglica Edin Rami\u0107 i muftija za Sjevernu Ameriku Sabahudin-ef. \u0106eman nazo\u010dili su manifestaciji &#8220;Domovino, uz tebe smo&#8221; u Atlanti. Kulturno \u2013 vjerskom programu u Atlanti nazo\u010dio je i zna\u010dajan broj bh. dijaspore u Sjedinjenim Ameri\u010dkim Dr\u017eavama. Rami\u0107 je upoznao prisutne [&hellip;]\" \/>\n<meta property=\"og:url\" content=\"https:\/\/radioljubuski.ba\/index.php\/2021\/12\/05\/turkovic-i-ramic-se-predstavljaju-kao-drzavni-duznosnici-i-regrutiraju-bosnjacku-dijasporu-po-americi\/\" \/>\n<meta property=\"og:site_name\" content=\"RADIO LJUBU\u0160KI\" \/>\n<meta property=\"article:publisher\" content=\"https:\/\/www.facebook.com\/Radiio-Ljubuski-1490835324566332\" \/>\n<meta property=\"article:published_time\" content=\"2021-12-05T15:18:01+00:00\" \/>\n<meta property=\"og:image\" content=\"https:\/\/radioljubuski.ba\/wp-content\/uploads\/2021\/12\/2-2021-12-05-11-25-53-ramic.jpg\" \/>\n\t<meta property=\"og:image:width\" content=\"1000\" \/>\n\t<meta property=\"og:image:height\" content=\"625\" \/>\n\t<meta property=\"og:image:type\" content=\"image\/jpeg\" \/>\n<meta name=\"author\" content=\"Radio Ljubu\u0161ki\" \/>\n<meta name=\"twitter:card\" content=\"summary_large_image\" \/>\n<meta name=\"twitter:creator\" content=\"@radioljubuski\" \/>\n<meta name=\"twitter:site\" content=\"@radioljubuski\" \/>\n<meta name=\"twitter:label1\" content=\"Napisao\/la\" \/>\n\t<meta name=\"twitter:data1\" content=\"Radio Ljubu\u0161ki\" \/>\n\t<meta name=\"twitter:label2\" content=\"Procijenjeno vrijeme \u010ditanja\" \/>\n\t<meta name=\"twitter:data2\" content=\"2 minute\" \/>\n<script type=\"application\/ld+json\" class=\"yoast-schema-graph\">{\"@context\":\"https:\\\/\\\/schema.org\",\"@graph\":[{\"@type\":\"Article\",\"@id\":\"https:\\\/\\\/radioljubuski.ba\\\/index.php\\\/2021\\\/12\\\/05\\\/turkovic-i-ramic-se-predstavljaju-kao-drzavni-duznosnici-i-regrutiraju-bosnjacku-dijasporu-po-americi\\\/#article\",\"isPartOf\":{\"@id\":\"https:\\\/\\\/radioljubuski.ba\\\/index.php\\\/2021\\\/12\\\/05\\\/turkovic-i-ramic-se-predstavljaju-kao-drzavni-duznosnici-i-regrutiraju-bosnjacku-dijasporu-po-americi\\\/\"},\"author\":{\"name\":\"Radio Ljubu\u0161ki\",\"@id\":\"https:\\\/\\\/radioljubuski.ba\\\/#\\\/schema\\\/person\\\/19fc700381a780f69665d7956c469e3b\"},\"headline\":\"Turkovi\u0107 i Rami\u0107 se predstavljaju kao dr\u017eavni du\u017enosnici i regrutiraju bo\u0161nja\u010dku dijasporu po Americi\",\"datePublished\":\"2021-12-05T15:18:01+00:00\",\"mainEntityOfPage\":{\"@id\":\"https:\\\/\\\/radioljubuski.ba\\\/index.php\\\/2021\\\/12\\\/05\\\/turkovic-i-ramic-se-predstavljaju-kao-drzavni-duznosnici-i-regrutiraju-bosnjacku-dijasporu-po-americi\\\/\"},\"wordCount\":318,\"publisher\":{\"@id\":\"https:\\\/\\\/radioljubuski.ba\\\/#organization\"},\"image\":{\"@id\":\"https:\\\/\\\/radioljubuski.ba\\\/index.php\\\/2021\\\/12\\\/05\\\/turkovic-i-ramic-se-predstavljaju-kao-drzavni-duznosnici-i-regrutiraju-bosnjacku-dijasporu-po-americi\\\/#primaryimage\"},\"thumbnailUrl\":\"https:\\\/\\\/radioljubuski.ba\\\/wp-content\\\/uploads\\\/2021\\\/12\\\/2-2021-12-05-11-25-53-ramic.jpg\",\"articleSection\":[\"BIH i regija\"],\"inLanguage\":\"hr\"},{\"@type\":\"WebPage\",\"@id\":\"https:\\\/\\\/radioljubuski.ba\\\/index.php\\\/2021\\\/12\\\/05\\\/turkovic-i-ramic-se-predstavljaju-kao-drzavni-duznosnici-i-regrutiraju-bosnjacku-dijasporu-po-americi\\\/\",\"url\":\"https:\\\/\\\/radioljubuski.ba\\\/index.php\\\/2021\\\/12\\\/05\\\/turkovic-i-ramic-se-predstavljaju-kao-drzavni-duznosnici-i-regrutiraju-bosnjacku-dijasporu-po-americi\\\/\",\"name\":\"Turkovi\u0107 i Rami\u0107 se predstavljaju kao dr\u017eavni du\u017enosnici i regrutiraju bo\u0161nja\u010dku dijasporu po Americi - RADIO LJUBU\u0160KI\",\"isPartOf\":{\"@id\":\"https:\\\/\\\/radioljubuski.ba\\\/#website\"},\"primaryImageOfPage\":{\"@id\":\"https:\\\/\\\/radioljubuski.ba\\\/index.php\\\/2021\\\/12\\\/05\\\/turkovic-i-ramic-se-predstavljaju-kao-drzavni-duznosnici-i-regrutiraju-bosnjacku-dijasporu-po-americi\\\/#primaryimage\"},\"image\":{\"@id\":\"https:\\\/\\\/radioljubuski.ba\\\/index.php\\\/2021\\\/12\\\/05\\\/turkovic-i-ramic-se-predstavljaju-kao-drzavni-duznosnici-i-regrutiraju-bosnjacku-dijasporu-po-americi\\\/#primaryimage\"},\"thumbnailUrl\":\"https:\\\/\\\/radioljubuski.ba\\\/wp-content\\\/uploads\\\/2021\\\/12\\\/2-2021-12-05-11-25-53-ramic.jpg\",\"datePublished\":\"2021-12-05T15:18:01+00:00\",\"breadcrumb\":{\"@id\":\"https:\\\/\\\/radioljubuski.ba\\\/index.php\\\/2021\\\/12\\\/05\\\/turkovic-i-ramic-se-predstavljaju-kao-drzavni-duznosnici-i-regrutiraju-bosnjacku-dijasporu-po-americi\\\/#breadcrumb\"},\"inLanguage\":\"hr\",\"potentialAction\":[{\"@type\":\"ReadAction\",\"target\":[\"https:\\\/\\\/radioljubuski.ba\\\/index.php\\\/2021\\\/12\\\/05\\\/turkovic-i-ramic-se-predstavljaju-kao-drzavni-duznosnici-i-regrutiraju-bosnjacku-dijasporu-po-americi\\\/\"]}]},{\"@type\":\"ImageObject\",\"inLanguage\":\"hr\",\"@id\":\"https:\\\/\\\/radioljubuski.ba\\\/index.php\\\/2021\\\/12\\\/05\\\/turkovic-i-ramic-se-predstavljaju-kao-drzavni-duznosnici-i-regrutiraju-bosnjacku-dijasporu-po-americi\\\/#primaryimage\",\"url\":\"https:\\\/\\\/radioljubuski.ba\\\/wp-content\\\/uploads\\\/2021\\\/12\\\/2-2021-12-05-11-25-53-ramic.jpg\",\"contentUrl\":\"https:\\\/\\\/radioljubuski.ba\\\/wp-content\\\/uploads\\\/2021\\\/12\\\/2-2021-12-05-11-25-53-ramic.jpg\",\"width\":1000,\"height\":625},{\"@type\":\"BreadcrumbList\",\"@id\":\"https:\\\/\\\/radioljubuski.ba\\\/index.php\\\/2021\\\/12\\\/05\\\/turkovic-i-ramic-se-predstavljaju-kao-drzavni-duznosnici-i-regrutiraju-bosnjacku-dijasporu-po-americi\\\/#breadcrumb\",\"itemListElement\":[{\"@type\":\"ListItem\",\"position\":1,\"name\":\"Po\u010detna stranica\",\"item\":\"https:\\\/\\\/radioljubuski.ba\\\/\"},{\"@type\":\"ListItem\",\"position\":2,\"name\":\"Turkovi\u0107 i Rami\u0107 se predstavljaju kao dr\u017eavni du\u017enosnici i regrutiraju bo\u0161nja\u010dku dijasporu po Americi\"}]},{\"@type\":\"WebSite\",\"@id\":\"https:\\\/\\\/radioljubuski.ba\\\/#website\",\"url\":\"https:\\\/\\\/radioljubuski.ba\\\/\",\"name\":\"Radio Ljubu\u0161ki\",\"description\":\"Sun\u010dana frekvencija Hercegovine\",\"publisher\":{\"@id\":\"https:\\\/\\\/radioljubuski.ba\\\/#organization\"},\"potentialAction\":[{\"@type\":\"SearchAction\",\"target\":{\"@type\":\"EntryPoint\",\"urlTemplate\":\"https:\\\/\\\/radioljubuski.ba\\\/?s={search_term_string}\"},\"query-input\":{\"@type\":\"PropertyValueSpecification\",\"valueRequired\":true,\"valueName\":\"search_term_string\"}}],\"inLanguage\":\"hr\"},{\"@type\":\"Organization\",\"@id\":\"https:\\\/\\\/radioljubuski.ba\\\/#organization\",\"name\":\"Radio Ljubu\u0161ki\",\"url\":\"https:\\\/\\\/radioljubuski.ba\\\/\",\"logo\":{\"@type\":\"ImageObject\",\"inLanguage\":\"hr\",\"@id\":\"https:\\\/\\\/radioljubuski.ba\\\/#\\\/schema\\\/logo\\\/image\\\/\",\"url\":\"https:\\\/\\\/radioljubuski.ba\\\/wp-content\\\/uploads\\\/2021\\\/02\\\/cropped-Radio_Ljubuski_logo1.jpg\",\"contentUrl\":\"https:\\\/\\\/radioljubuski.ba\\\/wp-content\\\/uploads\\\/2021\\\/02\\\/cropped-Radio_Ljubuski_logo1.jpg\",\"width\":512,\"height\":512,\"caption\":\"Radio Ljubu\u0161ki\"},\"image\":{\"@id\":\"https:\\\/\\\/radioljubuski.ba\\\/#\\\/schema\\\/logo\\\/image\\\/\"},\"sameAs\":[\"https:\\\/\\\/www.facebook.com\\\/Radiio-Ljubuski-1490835324566332\",\"https:\\\/\\\/x.com\\\/radioljubuski\",\"https:\\\/\\\/hr.linkedin.com\\\/company\\\/radio-ljubuski\",\"https:\\\/\\\/www.youtube.com\\\/channel\\\/UCHYaeO_n0Db3tjNGudGpXyw\"]},{\"@type\":\"Person\",\"@id\":\"https:\\\/\\\/radioljubuski.ba\\\/#\\\/schema\\\/person\\\/19fc700381a780f69665d7956c469e3b\",\"name\":\"Radio Ljubu\u0161ki\"}]}<\/script>\n<!-- \/ Yoast SEO plugin. -->","yoast_head_json":{"title":"Turkovi\u0107 i Rami\u0107 se predstavljaju kao dr\u017eavni du\u017enosnici i regrutiraju bo\u0161nja\u010dku dijasporu po Americi - RADIO LJUBU\u0160KI","robots":{"index":"index","follow":"follow","max-snippet":"max-snippet:-1","max-image-preview":"max-image-preview:large","max-video-preview":"max-video-preview:-1"},"canonical":"https:\/\/radioljubuski.ba\/index.php\/2021\/12\/05\/turkovic-i-ramic-se-predstavljaju-kao-drzavni-duznosnici-i-regrutiraju-bosnjacku-dijasporu-po-americi\/","og_locale":"hr_HR","og_type":"article","og_title":"Turkovi\u0107 i Rami\u0107 se predstavljaju kao dr\u017eavni du\u017enosnici i regrutiraju bo\u0161nja\u010dku dijasporu po Americi - RADIO LJUBU\u0160KI","og_description":"Zamjenica predsjedavaju\u0107eg Vije\u0107a ministara i ministrica vanjskih poslova Bisera Turkovi\u0107, federalni ministar raseljenih osoba i izbjeglica Edin Rami\u0107 i muftija za Sjevernu Ameriku Sabahudin-ef. \u0106eman nazo\u010dili su manifestaciji &#8220;Domovino, uz tebe smo&#8221; u Atlanti. Kulturno \u2013 vjerskom programu u Atlanti nazo\u010dio je i zna\u010dajan broj bh. dijaspore u Sjedinjenim Ameri\u010dkim Dr\u017eavama. Rami\u0107 je upoznao prisutne [&hellip;]","og_url":"https:\/\/radioljubuski.ba\/index.php\/2021\/12\/05\/turkovic-i-ramic-se-predstavljaju-kao-drzavni-duznosnici-i-regrutiraju-bosnjacku-dijasporu-po-americi\/","og_site_name":"RADIO LJUBU\u0160KI","article_publisher":"https:\/\/www.facebook.com\/Radiio-Ljubuski-1490835324566332","article_published_time":"2021-12-05T15:18:01+00:00","og_image":[{"width":1000,"height":625,"url":"https:\/\/radioljubuski.ba\/wp-content\/uploads\/2021\/12\/2-2021-12-05-11-25-53-ramic.jpg","type":"image\/jpeg"}],"author":"Radio Ljubu\u0161ki","twitter_card":"summary_large_image","twitter_creator":"@radioljubuski","twitter_site":"@radioljubuski","twitter_misc":{"Napisao\/la":"Radio Ljubu\u0161ki","Procijenjeno vrijeme \u010ditanja":"2 minute"},"schema":{"@context":"https:\/\/schema.org","@graph":[{"@type":"Article","@id":"https:\/\/radioljubuski.ba\/index.php\/2021\/12\/05\/turkovic-i-ramic-se-predstavljaju-kao-drzavni-duznosnici-i-regrutiraju-bosnjacku-dijasporu-po-americi\/#article","isPartOf":{"@id":"https:\/\/radioljubuski.ba\/index.php\/2021\/12\/05\/turkovic-i-ramic-se-predstavljaju-kao-drzavni-duznosnici-i-regrutiraju-bosnjacku-dijasporu-po-americi\/"},"author":{"name":"Radio Ljubu\u0161ki","@id":"https:\/\/radioljubuski.ba\/#\/schema\/person\/19fc700381a780f69665d7956c469e3b"},"headline":"Turkovi\u0107 i Rami\u0107 se predstavljaju kao dr\u017eavni du\u017enosnici i regrutiraju bo\u0161nja\u010dku dijasporu po Americi","datePublished":"2021-12-05T15:18:01+00:00","mainEntityOfPage":{"@id":"https:\/\/radioljubuski.ba\/index.php\/2021\/12\/05\/turkovic-i-ramic-se-predstavljaju-kao-drzavni-duznosnici-i-regrutiraju-bosnjacku-dijasporu-po-americi\/"},"wordCount":318,"publisher":{"@id":"https:\/\/radioljubuski.ba\/#organization"},"image":{"@id":"https:\/\/radioljubuski.ba\/index.php\/2021\/12\/05\/turkovic-i-ramic-se-predstavljaju-kao-drzavni-duznosnici-i-regrutiraju-bosnjacku-dijasporu-po-americi\/#primaryimage"},"thumbnailUrl":"https:\/\/radioljubuski.ba\/wp-content\/uploads\/2021\/12\/2-2021-12-05-11-25-53-ramic.jpg","articleSection":["BIH i regija"],"inLanguage":"hr"},{"@type":"WebPage","@id":"https:\/\/radioljubuski.ba\/index.php\/2021\/12\/05\/turkovic-i-ramic-se-predstavljaju-kao-drzavni-duznosnici-i-regrutiraju-bosnjacku-dijasporu-po-americi\/","url":"https:\/\/radioljubuski.ba\/index.php\/2021\/12\/05\/turkovic-i-ramic-se-predstavljaju-kao-drzavni-duznosnici-i-regrutiraju-bosnjacku-dijasporu-po-americi\/","name":"Turkovi\u0107 i Rami\u0107 se predstavljaju kao dr\u017eavni du\u017enosnici i regrutiraju bo\u0161nja\u010dku dijasporu po Americi - RADIO LJUBU\u0160KI","isPartOf":{"@id":"https:\/\/radioljubuski.ba\/#website"},"primaryImageOfPage":{"@id":"https:\/\/radioljubuski.ba\/index.php\/2021\/12\/05\/turkovic-i-ramic-se-predstavljaju-kao-drzavni-duznosnici-i-regrutiraju-bosnjacku-dijasporu-po-americi\/#primaryimage"},"image":{"@id":"https:\/\/radioljubuski.ba\/index.php\/2021\/12\/05\/turkovic-i-ramic-se-predstavljaju-kao-drzavni-duznosnici-i-regrutiraju-bosnjacku-dijasporu-po-americi\/#primaryimage"},"thumbnailUrl":"https:\/\/radioljubuski.ba\/wp-content\/uploads\/2021\/12\/2-2021-12-05-11-25-53-ramic.jpg","datePublished":"2021-12-05T15:18:01+00:00","breadcrumb":{"@id":"https:\/\/radioljubuski.ba\/index.php\/2021\/12\/05\/turkovic-i-ramic-se-predstavljaju-kao-drzavni-duznosnici-i-regrutiraju-bosnjacku-dijasporu-po-americi\/#breadcrumb"},"inLanguage":"hr","potentialAction":[{"@type":"ReadAction","target":["https:\/\/radioljubuski.ba\/index.php\/2021\/12\/05\/turkovic-i-ramic-se-predstavljaju-kao-drzavni-duznosnici-i-regrutiraju-bosnjacku-dijasporu-po-americi\/"]}]},{"@type":"ImageObject","inLanguage":"hr","@id":"https:\/\/radioljubuski.ba\/index.php\/2021\/12\/05\/turkovic-i-ramic-se-predstavljaju-kao-drzavni-duznosnici-i-regrutiraju-bosnjacku-dijasporu-po-americi\/#primaryimage","url":"https:\/\/radioljubuski.ba\/wp-content\/uploads\/2021\/12\/2-2021-12-05-11-25-53-ramic.jpg","contentUrl":"https:\/\/radioljubuski.ba\/wp-content\/uploads\/2021\/12\/2-2021-12-05-11-25-53-ramic.jpg","width":1000,"height":625},{"@type":"BreadcrumbList","@id":"https:\/\/radioljubuski.ba\/index.php\/2021\/12\/05\/turkovic-i-ramic-se-predstavljaju-kao-drzavni-duznosnici-i-regrutiraju-bosnjacku-dijasporu-po-americi\/#breadcrumb","itemListElement":[{"@type":"ListItem","position":1,"name":"Po\u010detna stranica","item":"https:\/\/radioljubuski.ba\/"},{"@type":"ListItem","position":2,"name":"Turkovi\u0107 i Rami\u0107 se predstavljaju kao dr\u017eavni du\u017enosnici i regrutiraju bo\u0161nja\u010dku dijasporu po Americi"}]},{"@type":"WebSite","@id":"https:\/\/radioljubuski.ba\/#website","url":"https:\/\/radioljubuski.ba\/","name":"Radio Ljubu\u0161ki","description":"Sun\u010dana frekvencija Hercegovine","publisher":{"@id":"https:\/\/radioljubuski.ba\/#organization"},"potentialAction":[{"@type":"SearchAction","target":{"@type":"EntryPoint","urlTemplate":"https:\/\/radioljubuski.ba\/?s={search_term_string}"},"query-input":{"@type":"PropertyValueSpecification","valueRequired":true,"valueName":"search_term_string"}}],"inLanguage":"hr"},{"@type":"Organization","@id":"https:\/\/radioljubuski.ba\/#organization","name":"Radio Ljubu\u0161ki","url":"https:\/\/radioljubuski.ba\/","logo":{"@type":"ImageObject","inLanguage":"hr","@id":"https:\/\/radioljubuski.ba\/#\/schema\/logo\/image\/","url":"https:\/\/radioljubuski.ba\/wp-content\/uploads\/2021\/02\/cropped-Radio_Ljubuski_logo1.jpg","contentUrl":"https:\/\/radioljubuski.ba\/wp-content\/uploads\/2021\/02\/cropped-Radio_Ljubuski_logo1.jpg","width":512,"height":512,"caption":"Radio Ljubu\u0161ki"},"image":{"@id":"https:\/\/radioljubuski.ba\/#\/schema\/logo\/image\/"},"sameAs":["https:\/\/www.facebook.com\/Radiio-Ljubuski-1490835324566332","https:\/\/x.com\/radioljubuski","https:\/\/hr.linkedin.com\/company\/radio-ljubuski","https:\/\/www.youtube.com\/channel\/UCHYaeO_n0Db3tjNGudGpXyw"]},{"@type":"Person","@id":"https:\/\/radioljubuski.ba\/#\/schema\/person\/19fc700381a780f69665d7956c469e3b","name":"Radio Ljubu\u0161ki"}]}},"_links":{"self":[{"href":"https:\/\/radioljubuski.ba\/index.php\/wp-json\/wp\/v2\/posts\/96183","targetHints":{"allow":["GET"]}}],"collection":[{"href":"https:\/\/radioljubuski.ba\/index.php\/wp-json\/wp\/v2\/posts"}],"about":[{"href":"https:\/\/radioljubuski.ba\/index.php\/wp-json\/wp\/v2\/types\/post"}],"author":[{"embeddable":true,"href":"https:\/\/radioljubuski.ba\/index.php\/wp-json\/wp\/v2\/users\/2"}],"replies":[{"embeddable":true,"href":"https:\/\/radioljubuski.ba\/index.php\/wp-json\/wp\/v2\/comments?post=96183"}],"version-history":[{"count":1,"href":"https:\/\/radioljubuski.ba\/index.php\/wp-json\/wp\/v2\/posts\/96183\/revisions"}],"predecessor-version":[{"id":96185,"href":"https:\/\/radioljubuski.ba\/index.php\/wp-json\/wp\/v2\/posts\/96183\/revisions\/96185"}],"wp:featuredmedia":[{"embeddable":true,"href":"https:\/\/radioljubuski.ba\/index.php\/wp-json\/wp\/v2\/media\/96184"}],"wp:attachment":[{"href":"https:\/\/radioljubuski.ba\/index.php\/wp-json\/wp\/v2\/media?parent=96183"}],"wp:term":[{"taxonomy":"category","embeddable":true,"href":"https:\/\/radioljubuski.ba\/index.php\/wp-json\/wp\/v2\/categories?post=96183"},{"taxonomy":"post_tag","embeddable":true,"href":"https:\/\/radioljubuski.ba\/index.php\/wp-json\/wp\/v2\/tags?post=96183"}],"curies":[{"name":"wp","href":"https:\/\/api.w.org\/{rel}","templated":true}]}}