{"id":96210,"date":"2021-12-05T16:33:29","date_gmt":"2021-12-05T15:33:29","guid":{"rendered":"https:\/\/radioljubuski.ba\/?p=96210"},"modified":"2021-12-05T16:33:31","modified_gmt":"2021-12-05T15:33:31","slug":"rukometasice-izvidaca-deklasirale-zrinjski-u-mostaru","status":"publish","type":"post","link":"https:\/\/radioljubuski.ba\/index.php\/2021\/12\/05\/rukometasice-izvidaca-deklasirale-zrinjski-u-mostaru\/","title":{"rendered":"Rukometa\u0161ice Izvi\u0111a\u010da deklasirale Zrinjski u Mostaru"},"content":{"rendered":"\n<p>Sino\u0107 su u Mostaru u dvorani na Bijelom brijegu u utakmici posljednjeg kola jesenjeg dijela prvenstva rukometa\u0161ice \u017dRK Izvi\u0111a\u010d uvjerljivo savladale rukometa\u0161ice mostarskog Zrinjskog rezultatom 33:21. Doma\u0107e rukometa\u0161ice su povele 2:0, ali \u201eSkautice\u201c, predvo\u0111ene Mateom \u0160umelj, vrlo brzo preokre\u0107u rezultat u svoju korist. Na odmor se oti\u0161lo pri rezultatu 10:17.<\/p>\n\n\n\n<p>U drugom dijelu, doma\u0107e rukometa\u0161ice su se u jednom trenutku primakle na \u010detiri pogotka zaostatka (17:21), ali vi\u0161e od toga nisu mogle. Nakon toga, \u201eSkautice\u201c ubacuju u brzinu vi\u0161e, pove\u0107avaju prednost koju kontroliranom igrom odr\u017eavaju do kraja susreta.<\/p>\n\n\n\n<p>Najefikasnija u redovima Izvi\u0111a\u010da bila je&nbsp;<strong>Matea \u0160umelj<\/strong>&nbsp;s jedanaest pogodaka, \u010detiri je postigla&nbsp;<strong>Elena Cipeti\u0107<\/strong>, a po tri&nbsp;<strong>Melisa Leri\u0107<\/strong>,&nbsp;<strong>Iva Grbavac<\/strong>,&nbsp;<strong>Matea Nosi\u0107<\/strong>&nbsp;i&nbsp;<strong>Ana Petrovi\u0107<\/strong>.<\/p>\n\n\n\n<p><strong>Nejra Pintur<\/strong>\u00a0s deset te<strong>\u00a0Ivana Rozi\u0107<\/strong>\u00a0s tri pogotka bile su najefikasnije u redovima doma\u0107ih rukometa\u0161ica.<\/p>\n\n\n\n<figure class=\"wp-block-image\"><img decoding=\"async\" src=\"http:\/\/izvidjac.com\/wp-content\/uploads\/2021\/12\/Zrinjski-ZRK-Izvidac-3-1024x683.jpg\" alt=\"\"\/><\/figure>\n\n\n\n<p>Premijer liga BiH, sezona 2021\/2022 , 10. kolo.<br>Mostar, 04.12.2021. u 20:00 sati.<\/p>\n\n\n\n<p><strong>H\u017dRK Zrinjski \u2013 \u017dRK Izvi\u0111a\u010d Central osiguranje 21:33 (10:17)<\/strong><\/p>\n\n\n\n<p>Mostar, Sportska dvorana \u201eBijeli brijeg\u201c, gledatelja 50.<br>Suci: Ajla i Naida \u0106ati\u0107 (Sarajevo).<br>Nadzornik: Haris Bradari\u0107 (Maglaj)<\/p>\n\n\n\n<p><strong>H\u017dRK Zrinjski<\/strong>: Sofi\u0107, Rozi\u0107 3, M. Kolobari\u0107, Pintul 10, Mi\u0161ura, Teskered\u017ei\u0107 2, Glibo, Raji\u0107, E. Bla\u017eevi\u0107 1, Rado\u0161 2, Marojevi\u0107, P. Kolobari\u0107 1, A. Bla\u017eevi\u0107, Deli\u0107, \u010cajdin, Radi\u0107.<br>Trener: Ivana Mlaki\u0107.<\/p>\n\n\n\n<p><strong>\u017dRK Izvi\u0111a\u010d CO<\/strong>: Petrovi\u0107, Martina \u0160umelj, Matea \u0160umelj 11, Stamatovi\u0107 2, Milo\u0161, Leri\u0107 3, Grbavac 3, Nosi\u0107 3, Prskalo 2, A. Petrovi\u0107 3, Cipeti\u0107 4, Boras, Vistorop 1, Brki\u0107.<br>Trener: Josipa Petrovi\u0107.<\/p>\n\n\n\n<p>Isklju\u010denja: Zrinjski 6 minuta, Izvi\u0111a\u010d CO 10 minuta.<br>Sedmerci: Zrinjski 8\/5, Izvi\u0111a\u010d CO 0\/0.<\/p>\n\n\n\n<figure class=\"wp-block-image\"><img decoding=\"async\" src=\"http:\/\/izvidjac.com\/wp-content\/uploads\/2021\/12\/Zrinjski-ZRK-Izvidac-4-1024x683.jpg\" alt=\"\"\/><\/figure>\n\n\n\n<p>Izvor:izvidjac.com<\/p>\n\n\n\n<p><strong>foto:hercegovina.in<\/strong><\/p>\n","protected":false},"excerpt":{"rendered":"<p>Sino\u0107 su u Mostaru u dvorani na Bijelom brijegu u utakmici posljednjeg kola jesenjeg dijela prvenstva rukometa\u0161ice \u017dRK Izvi\u0111a\u010d uvjerljivo savladale rukometa\u0161ice mostarskog Zrinjskog rezultatom 33:21. Doma\u0107e rukometa\u0161ice su povele 2:0, ali \u201eSkautice\u201c, predvo\u0111ene Mateom \u0160umelj, vrlo brzo preokre\u0107u rezultat u svoju korist. Na odmor se oti\u0161lo pri rezultatu 10:17. U drugom dijelu, doma\u0107e rukometa\u0161ice [&hellip;]<\/p>\n","protected":false},"author":2,"featured_media":96211,"comment_status":"closed","ping_status":"closed","sticky":false,"template":"","format":"standard","meta":{"h5ap_radio_sources":[],"footnotes":""},"categories":[3],"tags":[],"class_list":["post-96210","post","type-post","status-publish","format-standard","has-post-thumbnail","hentry","category-ljubuski"],"yoast_head":"<!-- This site is optimized with the Yoast SEO plugin v27.5 - https:\/\/yoast.com\/product\/yoast-seo-wordpress\/ -->\n<title>Rukometa\u0161ice Izvi\u0111a\u010da deklasirale Zrinjski u Mostaru - RADIO LJUBU\u0160KI<\/title>\n<meta name=\"robots\" content=\"index, follow, max-snippet:-1, max-image-preview:large, max-video-preview:-1\" \/>\n<link rel=\"canonical\" href=\"https:\/\/radioljubuski.ba\/index.php\/2021\/12\/05\/rukometasice-izvidaca-deklasirale-zrinjski-u-mostaru\/\" \/>\n<meta property=\"og:locale\" content=\"hr_HR\" \/>\n<meta property=\"og:type\" content=\"article\" \/>\n<meta property=\"og:title\" content=\"Rukometa\u0161ice Izvi\u0111a\u010da deklasirale Zrinjski u Mostaru - RADIO LJUBU\u0160KI\" \/>\n<meta property=\"og:description\" content=\"Sino\u0107 su u Mostaru u dvorani na Bijelom brijegu u utakmici posljednjeg kola jesenjeg dijela prvenstva rukometa\u0161ice \u017dRK Izvi\u0111a\u010d uvjerljivo savladale rukometa\u0161ice mostarskog Zrinjskog rezultatom 33:21. Doma\u0107e rukometa\u0161ice su povele 2:0, ali \u201eSkautice\u201c, predvo\u0111ene Mateom \u0160umelj, vrlo brzo preokre\u0107u rezultat u svoju korist. Na odmor se oti\u0161lo pri rezultatu 10:17. U drugom dijelu, doma\u0107e rukometa\u0161ice [&hellip;]\" \/>\n<meta property=\"og:url\" content=\"https:\/\/radioljubuski.ba\/index.php\/2021\/12\/05\/rukometasice-izvidaca-deklasirale-zrinjski-u-mostaru\/\" \/>\n<meta property=\"og:site_name\" content=\"RADIO LJUBU\u0160KI\" \/>\n<meta property=\"article:publisher\" content=\"https:\/\/www.facebook.com\/Radiio-Ljubuski-1490835324566332\" \/>\n<meta property=\"article:published_time\" content=\"2021-12-05T15:33:29+00:00\" \/>\n<meta property=\"article:modified_time\" content=\"2021-12-05T15:33:31+00:00\" \/>\n<meta property=\"og:image\" content=\"https:\/\/radioljubuski.ba\/wp-content\/uploads\/2021\/12\/Zrinjski-ZRK-Izvidac-2-1024x683-1.jpg\" \/>\n\t<meta property=\"og:image:width\" content=\"1024\" \/>\n\t<meta property=\"og:image:height\" content=\"683\" \/>\n\t<meta property=\"og:image:type\" content=\"image\/jpeg\" \/>\n<meta name=\"author\" content=\"Radio Ljubu\u0161ki\" \/>\n<meta name=\"twitter:card\" content=\"summary_large_image\" \/>\n<meta name=\"twitter:creator\" content=\"@radioljubuski\" \/>\n<meta name=\"twitter:site\" content=\"@radioljubuski\" \/>\n<meta name=\"twitter:label1\" content=\"Napisao\/la\" \/>\n\t<meta name=\"twitter:data1\" content=\"Radio Ljubu\u0161ki\" \/>\n\t<meta name=\"twitter:label2\" content=\"Procijenjeno vrijeme \u010ditanja\" \/>\n\t<meta name=\"twitter:data2\" content=\"2 minute\" \/>\n<script type=\"application\/ld+json\" class=\"yoast-schema-graph\">{\"@context\":\"https:\\\/\\\/schema.org\",\"@graph\":[{\"@type\":\"Article\",\"@id\":\"https:\\\/\\\/radioljubuski.ba\\\/index.php\\\/2021\\\/12\\\/05\\\/rukometasice-izvidaca-deklasirale-zrinjski-u-mostaru\\\/#article\",\"isPartOf\":{\"@id\":\"https:\\\/\\\/radioljubuski.ba\\\/index.php\\\/2021\\\/12\\\/05\\\/rukometasice-izvidaca-deklasirale-zrinjski-u-mostaru\\\/\"},\"author\":{\"name\":\"Radio Ljubu\u0161ki\",\"@id\":\"https:\\\/\\\/radioljubuski.ba\\\/#\\\/schema\\\/person\\\/19fc700381a780f69665d7956c469e3b\"},\"headline\":\"Rukometa\u0161ice Izvi\u0111a\u010da deklasirale Zrinjski u Mostaru\",\"datePublished\":\"2021-12-05T15:33:29+00:00\",\"dateModified\":\"2021-12-05T15:33:31+00:00\",\"mainEntityOfPage\":{\"@id\":\"https:\\\/\\\/radioljubuski.ba\\\/index.php\\\/2021\\\/12\\\/05\\\/rukometasice-izvidaca-deklasirale-zrinjski-u-mostaru\\\/\"},\"wordCount\":269,\"publisher\":{\"@id\":\"https:\\\/\\\/radioljubuski.ba\\\/#organization\"},\"image\":{\"@id\":\"https:\\\/\\\/radioljubuski.ba\\\/index.php\\\/2021\\\/12\\\/05\\\/rukometasice-izvidaca-deklasirale-zrinjski-u-mostaru\\\/#primaryimage\"},\"thumbnailUrl\":\"https:\\\/\\\/radioljubuski.ba\\\/wp-content\\\/uploads\\\/2021\\\/12\\\/Zrinjski-ZRK-Izvidac-2-1024x683-1.jpg\",\"articleSection\":[\"Ljubu\u0161ki\"],\"inLanguage\":\"hr\"},{\"@type\":\"WebPage\",\"@id\":\"https:\\\/\\\/radioljubuski.ba\\\/index.php\\\/2021\\\/12\\\/05\\\/rukometasice-izvidaca-deklasirale-zrinjski-u-mostaru\\\/\",\"url\":\"https:\\\/\\\/radioljubuski.ba\\\/index.php\\\/2021\\\/12\\\/05\\\/rukometasice-izvidaca-deklasirale-zrinjski-u-mostaru\\\/\",\"name\":\"Rukometa\u0161ice Izvi\u0111a\u010da deklasirale Zrinjski u Mostaru - RADIO LJUBU\u0160KI\",\"isPartOf\":{\"@id\":\"https:\\\/\\\/radioljubuski.ba\\\/#website\"},\"primaryImageOfPage\":{\"@id\":\"https:\\\/\\\/radioljubuski.ba\\\/index.php\\\/2021\\\/12\\\/05\\\/rukometasice-izvidaca-deklasirale-zrinjski-u-mostaru\\\/#primaryimage\"},\"image\":{\"@id\":\"https:\\\/\\\/radioljubuski.ba\\\/index.php\\\/2021\\\/12\\\/05\\\/rukometasice-izvidaca-deklasirale-zrinjski-u-mostaru\\\/#primaryimage\"},\"thumbnailUrl\":\"https:\\\/\\\/radioljubuski.ba\\\/wp-content\\\/uploads\\\/2021\\\/12\\\/Zrinjski-ZRK-Izvidac-2-1024x683-1.jpg\",\"datePublished\":\"2021-12-05T15:33:29+00:00\",\"dateModified\":\"2021-12-05T15:33:31+00:00\",\"breadcrumb\":{\"@id\":\"https:\\\/\\\/radioljubuski.ba\\\/index.php\\\/2021\\\/12\\\/05\\\/rukometasice-izvidaca-deklasirale-zrinjski-u-mostaru\\\/#breadcrumb\"},\"inLanguage\":\"hr\",\"potentialAction\":[{\"@type\":\"ReadAction\",\"target\":[\"https:\\\/\\\/radioljubuski.ba\\\/index.php\\\/2021\\\/12\\\/05\\\/rukometasice-izvidaca-deklasirale-zrinjski-u-mostaru\\\/\"]}]},{\"@type\":\"ImageObject\",\"inLanguage\":\"hr\",\"@id\":\"https:\\\/\\\/radioljubuski.ba\\\/index.php\\\/2021\\\/12\\\/05\\\/rukometasice-izvidaca-deklasirale-zrinjski-u-mostaru\\\/#primaryimage\",\"url\":\"https:\\\/\\\/radioljubuski.ba\\\/wp-content\\\/uploads\\\/2021\\\/12\\\/Zrinjski-ZRK-Izvidac-2-1024x683-1.jpg\",\"contentUrl\":\"https:\\\/\\\/radioljubuski.ba\\\/wp-content\\\/uploads\\\/2021\\\/12\\\/Zrinjski-ZRK-Izvidac-2-1024x683-1.jpg\",\"width\":1024,\"height\":683},{\"@type\":\"BreadcrumbList\",\"@id\":\"https:\\\/\\\/radioljubuski.ba\\\/index.php\\\/2021\\\/12\\\/05\\\/rukometasice-izvidaca-deklasirale-zrinjski-u-mostaru\\\/#breadcrumb\",\"itemListElement\":[{\"@type\":\"ListItem\",\"position\":1,\"name\":\"Po\u010detna stranica\",\"item\":\"https:\\\/\\\/radioljubuski.ba\\\/\"},{\"@type\":\"ListItem\",\"position\":2,\"name\":\"Rukometa\u0161ice Izvi\u0111a\u010da deklasirale Zrinjski u Mostaru\"}]},{\"@type\":\"WebSite\",\"@id\":\"https:\\\/\\\/radioljubuski.ba\\\/#website\",\"url\":\"https:\\\/\\\/radioljubuski.ba\\\/\",\"name\":\"Radio Ljubu\u0161ki\",\"description\":\"Sun\u010dana frekvencija Hercegovine\",\"publisher\":{\"@id\":\"https:\\\/\\\/radioljubuski.ba\\\/#organization\"},\"potentialAction\":[{\"@type\":\"SearchAction\",\"target\":{\"@type\":\"EntryPoint\",\"urlTemplate\":\"https:\\\/\\\/radioljubuski.ba\\\/?s={search_term_string}\"},\"query-input\":{\"@type\":\"PropertyValueSpecification\",\"valueRequired\":true,\"valueName\":\"search_term_string\"}}],\"inLanguage\":\"hr\"},{\"@type\":\"Organization\",\"@id\":\"https:\\\/\\\/radioljubuski.ba\\\/#organization\",\"name\":\"Radio Ljubu\u0161ki\",\"url\":\"https:\\\/\\\/radioljubuski.ba\\\/\",\"logo\":{\"@type\":\"ImageObject\",\"inLanguage\":\"hr\",\"@id\":\"https:\\\/\\\/radioljubuski.ba\\\/#\\\/schema\\\/logo\\\/image\\\/\",\"url\":\"https:\\\/\\\/radioljubuski.ba\\\/wp-content\\\/uploads\\\/2021\\\/02\\\/cropped-Radio_Ljubuski_logo1.jpg\",\"contentUrl\":\"https:\\\/\\\/radioljubuski.ba\\\/wp-content\\\/uploads\\\/2021\\\/02\\\/cropped-Radio_Ljubuski_logo1.jpg\",\"width\":512,\"height\":512,\"caption\":\"Radio Ljubu\u0161ki\"},\"image\":{\"@id\":\"https:\\\/\\\/radioljubuski.ba\\\/#\\\/schema\\\/logo\\\/image\\\/\"},\"sameAs\":[\"https:\\\/\\\/www.facebook.com\\\/Radiio-Ljubuski-1490835324566332\",\"https:\\\/\\\/x.com\\\/radioljubuski\",\"https:\\\/\\\/hr.linkedin.com\\\/company\\\/radio-ljubuski\",\"https:\\\/\\\/www.youtube.com\\\/channel\\\/UCHYaeO_n0Db3tjNGudGpXyw\"]},{\"@type\":\"Person\",\"@id\":\"https:\\\/\\\/radioljubuski.ba\\\/#\\\/schema\\\/person\\\/19fc700381a780f69665d7956c469e3b\",\"name\":\"Radio Ljubu\u0161ki\"}]}<\/script>\n<!-- \/ Yoast SEO plugin. -->","yoast_head_json":{"title":"Rukometa\u0161ice Izvi\u0111a\u010da deklasirale Zrinjski u Mostaru - RADIO LJUBU\u0160KI","robots":{"index":"index","follow":"follow","max-snippet":"max-snippet:-1","max-image-preview":"max-image-preview:large","max-video-preview":"max-video-preview:-1"},"canonical":"https:\/\/radioljubuski.ba\/index.php\/2021\/12\/05\/rukometasice-izvidaca-deklasirale-zrinjski-u-mostaru\/","og_locale":"hr_HR","og_type":"article","og_title":"Rukometa\u0161ice Izvi\u0111a\u010da deklasirale Zrinjski u Mostaru - RADIO LJUBU\u0160KI","og_description":"Sino\u0107 su u Mostaru u dvorani na Bijelom brijegu u utakmici posljednjeg kola jesenjeg dijela prvenstva rukometa\u0161ice \u017dRK Izvi\u0111a\u010d uvjerljivo savladale rukometa\u0161ice mostarskog Zrinjskog rezultatom 33:21. Doma\u0107e rukometa\u0161ice su povele 2:0, ali \u201eSkautice\u201c, predvo\u0111ene Mateom \u0160umelj, vrlo brzo preokre\u0107u rezultat u svoju korist. Na odmor se oti\u0161lo pri rezultatu 10:17. U drugom dijelu, doma\u0107e rukometa\u0161ice [&hellip;]","og_url":"https:\/\/radioljubuski.ba\/index.php\/2021\/12\/05\/rukometasice-izvidaca-deklasirale-zrinjski-u-mostaru\/","og_site_name":"RADIO LJUBU\u0160KI","article_publisher":"https:\/\/www.facebook.com\/Radiio-Ljubuski-1490835324566332","article_published_time":"2021-12-05T15:33:29+00:00","article_modified_time":"2021-12-05T15:33:31+00:00","og_image":[{"width":1024,"height":683,"url":"https:\/\/radioljubuski.ba\/wp-content\/uploads\/2021\/12\/Zrinjski-ZRK-Izvidac-2-1024x683-1.jpg","type":"image\/jpeg"}],"author":"Radio Ljubu\u0161ki","twitter_card":"summary_large_image","twitter_creator":"@radioljubuski","twitter_site":"@radioljubuski","twitter_misc":{"Napisao\/la":"Radio Ljubu\u0161ki","Procijenjeno vrijeme \u010ditanja":"2 minute"},"schema":{"@context":"https:\/\/schema.org","@graph":[{"@type":"Article","@id":"https:\/\/radioljubuski.ba\/index.php\/2021\/12\/05\/rukometasice-izvidaca-deklasirale-zrinjski-u-mostaru\/#article","isPartOf":{"@id":"https:\/\/radioljubuski.ba\/index.php\/2021\/12\/05\/rukometasice-izvidaca-deklasirale-zrinjski-u-mostaru\/"},"author":{"name":"Radio Ljubu\u0161ki","@id":"https:\/\/radioljubuski.ba\/#\/schema\/person\/19fc700381a780f69665d7956c469e3b"},"headline":"Rukometa\u0161ice Izvi\u0111a\u010da deklasirale Zrinjski u Mostaru","datePublished":"2021-12-05T15:33:29+00:00","dateModified":"2021-12-05T15:33:31+00:00","mainEntityOfPage":{"@id":"https:\/\/radioljubuski.ba\/index.php\/2021\/12\/05\/rukometasice-izvidaca-deklasirale-zrinjski-u-mostaru\/"},"wordCount":269,"publisher":{"@id":"https:\/\/radioljubuski.ba\/#organization"},"image":{"@id":"https:\/\/radioljubuski.ba\/index.php\/2021\/12\/05\/rukometasice-izvidaca-deklasirale-zrinjski-u-mostaru\/#primaryimage"},"thumbnailUrl":"https:\/\/radioljubuski.ba\/wp-content\/uploads\/2021\/12\/Zrinjski-ZRK-Izvidac-2-1024x683-1.jpg","articleSection":["Ljubu\u0161ki"],"inLanguage":"hr"},{"@type":"WebPage","@id":"https:\/\/radioljubuski.ba\/index.php\/2021\/12\/05\/rukometasice-izvidaca-deklasirale-zrinjski-u-mostaru\/","url":"https:\/\/radioljubuski.ba\/index.php\/2021\/12\/05\/rukometasice-izvidaca-deklasirale-zrinjski-u-mostaru\/","name":"Rukometa\u0161ice Izvi\u0111a\u010da deklasirale Zrinjski u Mostaru - RADIO LJUBU\u0160KI","isPartOf":{"@id":"https:\/\/radioljubuski.ba\/#website"},"primaryImageOfPage":{"@id":"https:\/\/radioljubuski.ba\/index.php\/2021\/12\/05\/rukometasice-izvidaca-deklasirale-zrinjski-u-mostaru\/#primaryimage"},"image":{"@id":"https:\/\/radioljubuski.ba\/index.php\/2021\/12\/05\/rukometasice-izvidaca-deklasirale-zrinjski-u-mostaru\/#primaryimage"},"thumbnailUrl":"https:\/\/radioljubuski.ba\/wp-content\/uploads\/2021\/12\/Zrinjski-ZRK-Izvidac-2-1024x683-1.jpg","datePublished":"2021-12-05T15:33:29+00:00","dateModified":"2021-12-05T15:33:31+00:00","breadcrumb":{"@id":"https:\/\/radioljubuski.ba\/index.php\/2021\/12\/05\/rukometasice-izvidaca-deklasirale-zrinjski-u-mostaru\/#breadcrumb"},"inLanguage":"hr","potentialAction":[{"@type":"ReadAction","target":["https:\/\/radioljubuski.ba\/index.php\/2021\/12\/05\/rukometasice-izvidaca-deklasirale-zrinjski-u-mostaru\/"]}]},{"@type":"ImageObject","inLanguage":"hr","@id":"https:\/\/radioljubuski.ba\/index.php\/2021\/12\/05\/rukometasice-izvidaca-deklasirale-zrinjski-u-mostaru\/#primaryimage","url":"https:\/\/radioljubuski.ba\/wp-content\/uploads\/2021\/12\/Zrinjski-ZRK-Izvidac-2-1024x683-1.jpg","contentUrl":"https:\/\/radioljubuski.ba\/wp-content\/uploads\/2021\/12\/Zrinjski-ZRK-Izvidac-2-1024x683-1.jpg","width":1024,"height":683},{"@type":"BreadcrumbList","@id":"https:\/\/radioljubuski.ba\/index.php\/2021\/12\/05\/rukometasice-izvidaca-deklasirale-zrinjski-u-mostaru\/#breadcrumb","itemListElement":[{"@type":"ListItem","position":1,"name":"Po\u010detna stranica","item":"https:\/\/radioljubuski.ba\/"},{"@type":"ListItem","position":2,"name":"Rukometa\u0161ice Izvi\u0111a\u010da deklasirale Zrinjski u Mostaru"}]},{"@type":"WebSite","@id":"https:\/\/radioljubuski.ba\/#website","url":"https:\/\/radioljubuski.ba\/","name":"Radio Ljubu\u0161ki","description":"Sun\u010dana frekvencija Hercegovine","publisher":{"@id":"https:\/\/radioljubuski.ba\/#organization"},"potentialAction":[{"@type":"SearchAction","target":{"@type":"EntryPoint","urlTemplate":"https:\/\/radioljubuski.ba\/?s={search_term_string}"},"query-input":{"@type":"PropertyValueSpecification","valueRequired":true,"valueName":"search_term_string"}}],"inLanguage":"hr"},{"@type":"Organization","@id":"https:\/\/radioljubuski.ba\/#organization","name":"Radio Ljubu\u0161ki","url":"https:\/\/radioljubuski.ba\/","logo":{"@type":"ImageObject","inLanguage":"hr","@id":"https:\/\/radioljubuski.ba\/#\/schema\/logo\/image\/","url":"https:\/\/radioljubuski.ba\/wp-content\/uploads\/2021\/02\/cropped-Radio_Ljubuski_logo1.jpg","contentUrl":"https:\/\/radioljubuski.ba\/wp-content\/uploads\/2021\/02\/cropped-Radio_Ljubuski_logo1.jpg","width":512,"height":512,"caption":"Radio Ljubu\u0161ki"},"image":{"@id":"https:\/\/radioljubuski.ba\/#\/schema\/logo\/image\/"},"sameAs":["https:\/\/www.facebook.com\/Radiio-Ljubuski-1490835324566332","https:\/\/x.com\/radioljubuski","https:\/\/hr.linkedin.com\/company\/radio-ljubuski","https:\/\/www.youtube.com\/channel\/UCHYaeO_n0Db3tjNGudGpXyw"]},{"@type":"Person","@id":"https:\/\/radioljubuski.ba\/#\/schema\/person\/19fc700381a780f69665d7956c469e3b","name":"Radio Ljubu\u0161ki"}]}},"_links":{"self":[{"href":"https:\/\/radioljubuski.ba\/index.php\/wp-json\/wp\/v2\/posts\/96210","targetHints":{"allow":["GET"]}}],"collection":[{"href":"https:\/\/radioljubuski.ba\/index.php\/wp-json\/wp\/v2\/posts"}],"about":[{"href":"https:\/\/radioljubuski.ba\/index.php\/wp-json\/wp\/v2\/types\/post"}],"author":[{"embeddable":true,"href":"https:\/\/radioljubuski.ba\/index.php\/wp-json\/wp\/v2\/users\/2"}],"replies":[{"embeddable":true,"href":"https:\/\/radioljubuski.ba\/index.php\/wp-json\/wp\/v2\/comments?post=96210"}],"version-history":[{"count":1,"href":"https:\/\/radioljubuski.ba\/index.php\/wp-json\/wp\/v2\/posts\/96210\/revisions"}],"predecessor-version":[{"id":96212,"href":"https:\/\/radioljubuski.ba\/index.php\/wp-json\/wp\/v2\/posts\/96210\/revisions\/96212"}],"wp:featuredmedia":[{"embeddable":true,"href":"https:\/\/radioljubuski.ba\/index.php\/wp-json\/wp\/v2\/media\/96211"}],"wp:attachment":[{"href":"https:\/\/radioljubuski.ba\/index.php\/wp-json\/wp\/v2\/media?parent=96210"}],"wp:term":[{"taxonomy":"category","embeddable":true,"href":"https:\/\/radioljubuski.ba\/index.php\/wp-json\/wp\/v2\/categories?post=96210"},{"taxonomy":"post_tag","embeddable":true,"href":"https:\/\/radioljubuski.ba\/index.php\/wp-json\/wp\/v2\/tags?post=96210"}],"curies":[{"name":"wp","href":"https:\/\/api.w.org\/{rel}","templated":true}]}}