{"id":96220,"date":"2021-12-05T20:23:09","date_gmt":"2021-12-05T19:23:09","guid":{"rendered":"https:\/\/radioljubuski.ba\/?p=96220"},"modified":"2021-12-05T20:23:10","modified_gmt":"2021-12-05T19:23:10","slug":"nije-dobro-kad-kocijom-upravljaju-konji-umjesto-kocijasa","status":"publish","type":"post","link":"https:\/\/radioljubuski.ba\/index.php\/2021\/12\/05\/nije-dobro-kad-kocijom-upravljaju-konji-umjesto-kocijasa\/","title":{"rendered":"Nije dobro kad ko\u010dijom upravljaju \u201ekonji umjesto ko\u010dija\u0161a\u201c"},"content":{"rendered":"\n<p><strong>Zadovoljenje hrvatskih interesa u BiH otvorilo bi novo poglavlje u odnosima Bo\u0161njaka i Hrvata, ali isto tako Hrvatske i Bosne i Hercegovine, te na taj na\u010din vjerojatno utjecalo i na same Srbe da shvate kako nema ni\u0161ta od \u201esrpskoga sveta\u201c.<\/strong><\/p>\n\n\n\n<p><strong>Pi\u0161e:&nbsp;<\/strong><em><strong>dr. fra Luka Markovi\u0107<\/strong><\/em><strong>,&nbsp;<a href=\"https:\/\/www.nedjelja.ba\/hr\/komentari\/bogoslovlje-u-praksi\/nije-dobro-kad-kocijom-upravljaju-konji-umjesto-kocijasa\/23300\">Katoli\u010dki tjednik<\/a><\/strong><\/p>\n\n\n\n<p>Doga\u0111anja oko Cetinja, politi\u010dke igre oko Kosova, kao i poku\u0161aj uvla\u010denja Republike Srpske u \u201esrpski svet\u201c, upu\u0107uju na to da se u Srbiji ni poslije odlaska Milo\u0161evi\u0107a nije promijenilo gotovo ni\u0161ta.<\/p>\n\n\n\n<p>Ono \u0161to jo\u0161 vi\u0161e zabrinjava jest ve\u0107a odanost Srba Aleksandru Vu\u010di\u0107u nego \u0161to je bila Slobodanu Milo\u0161evi\u0107u; \u010dovjeku koji je bio desna ruka deklariranim \u010detnicima \u0160e\u0161elju i Nikoli\u0107u. Opozicija u Srbiji je mrtva. Ostalo je ne\u0161to razboritih intelektualaca koji upozoravaju na opasnost koja se krije u govoru o \u201esrpskom svetu\u201c i sve ve\u0107em udaljavanju Srbije od Europske unije. Strah izaziva i \u010dinjenica da je Dodikova opozicija u Republici Srpskoj jo\u0161 i sklonija \u201esrpskom svetu\u201c nego on sam.<\/p>\n\n\n\n<p><strong>Bo\u0161nja\u010dki nacionalizam<\/strong><\/p>\n\n\n\n<p>Na\u017ealost, i kod Bo\u0161njaka se doga\u0111aju velika previranja koja se kre\u0107u sve ja\u010de prema opasnom nacionalizmu kojega se poku\u0161ava prikriti pri\u010dom o gra\u0111anskoj dr\u017eavi.<\/p>\n\n\n\n<p>Kao da dr\u017eava ne mo\u017ee biti etni\u010dka i gra\u0111anska. Zar to nisu \u0160vicarska i Belgija?<\/p>\n\n\n\n<p>O\u010dito je da neki od bo\u0161nja\u010dkih politi\u010dara misle kako je do\u0161ao pravi trenutak za obra\u010dun s Hrvatima koji ne tra\u017ee ni\u0161ta drugo nego zakon po kojem bi mogli birati svoje politi\u010dke predstavnike.<\/p>\n\n\n\n<p>Ono \u0161to pri tome zabrinjava jest sve ja\u010da podr\u0161ka gra\u0111anskom modelu ure\u0111enja BiH i od onih koji potajno sanjaju o potpunoj dominaciji Bo\u0161njaka, ali dugoro\u010dno gledano i islama.<\/p>\n\n\n\n<p>U tom kontekstu treba promatrati i sve ja\u010di odmak pojedinih bo\u0161nja\u010dkih, islamski orijentiranih intelektualaca, od Izetbegovi\u0107a i SDA. Uvjerenje kako Izetbegovi\u0107 i SDA nisu sposobni ostvariti one maksimalne ciljeve bo\u0161nja\u010dke politike, otvorilo je vrata neprincipijelnoj koaliciji ideolo\u0161kih protivnika unutar bo\u0161nja\u010dkoga naroda.<\/p>\n\n\n\n<p>Dok Bo\u0161njaci skloni nekada\u0161njoj komunisti\u010dkoj ideologiji, u zajedni\u0161tvu s malobrojnim hrvatskim i srpskim istomi\u0161ljenicima, prote\u017eiraju gra\u0111ansku dr\u017eavu svjesni da \u0107e u slu\u010daju ure\u0111enja BiH na etni\u010dkim i gra\u0111anskim principima biti potisnuti u politi\u010dku bezna\u010dajnost, preferiraju oni lukaviji, bliski svijetu islama, opciju gra\u0111anskoga ure\u0111enja uvjereni kako \u0107e za 20-ak godina u potpunosti zagospodariti prostorom BiH.<\/p>\n\n\n\n<p>Ukoliko Izetbegovi\u0107, koji ne krije da mu je stalo do ja\u010deg utjecaja islama na dru\u0161tvena zbivanja u BiH, izgubi upliv na bo\u0161nja\u010dko bira\u010dko tijelo, pridru\u017eit \u0107e se i sam pristalicama gra\u0111anske dr\u017eave. Naravno, ne\u0107e to biti njegov iskreni politi\u010dki smjer, nego odraz straha da ne bude u potpunosti potisnut iz bo\u0161nja\u010dkoga politi\u010dkoga \u017eivota.<\/p>\n\n\n\n<p>Zanimljivo je da bo\u0161nja\u010dki unitaristi, svejedno koje orijentacije \u2013 titoisti\u010dke ili islamske \u2013 reagiraju gotovo isto kao Milorad Dodik tra\u017ee\u0107i za svoje nekorektne ciljeve podr\u0161ku strane politike. Ali kad se poka\u017ee da ova razmi\u0161lja ne\u0161to druga\u010dije o demokraciji i ure\u0111enju BiH nego oni, otvaraju paljbu protiv njih iz svih raspolo\u017eivih medijski oru\u017eja.<\/p>\n\n\n\n<p><strong>Otkud strah od Hrvata?<\/strong><\/p>\n\n\n\n<p>Dodiku se ne treba \u010duditi, jer i previ\u0161e je ovisan o Vu\u010di\u0107u, koji ga bez ikakvih problema mo\u017ee sutra zamijeniti nekim drugim, \u010dak i gorim, iz opozicije.<\/p>\n\n\n\n<p>\u010cuditi se treba onima koji su zahtijevali izborne jedinice u Mostaru u kojem su Hrvati ve\u0107ina, a danas odbijaju po svaku cijenu hrvatske zahtjeve za izbornom jedinicom u BiH, koja bi rije\u0161ila sve nesporazume izme\u0111u Hrvata i Bo\u0161njaka.<\/p>\n\n\n\n<p>Otkuda strah od ravnopravnosti Hrvata u Federaciji? Vjerojatno le\u017ei u tome \u0161to bi se u tom slu\u010daju Bo\u0161njaci svih ideolo\u0161kih orijentacija morali suo\u010diti sami sa sobom. Uostalom, kako bi se to mogao posti\u0107i dugoro\u010dni sporazum izme\u0111u onih koji jo\u0161 uvijek veli\u010daju, u liku Josipa Broza, od demokratskog svijeta osu\u0111enu komunisti\u010dku ideologiju, i onih koji govore o gra\u0111anskoj dr\u017eavi misle\u0107i dalekose\u017eno na islamsku?<\/p>\n\n\n\n<p>Upravo jedni i drugi zbog nedemokratskih stavova nemaju pravo rje\u0161avati me\u0111usobne probleme preko le\u0111a hrvatskoga naroda. To nije dobro za Hrvate, ali, dugoro\u010dno gledano, ni za Bo\u0161njake.<\/p>\n\n\n\n<p>Na taj na\u010din se gura sve ja\u010de hrvatski narod prema Srbima. Zadovoljenje hrvatskih interesa u BiH otvorilo bi novo poglavlje u odnosima Bo\u0161njaka i Hrvata, ali isto tako Hrvatske i Bosne i Hercegovine, te na taj na\u010din vjerojatno utjecalo i na same Srbe da shvate kako nema ni\u0161ta od \u201esrpskoga sveta\u201c. Podsjetilo bi ih na one godine kada su Bo\u0161njaci i Hrvati, nakon du\u017eeg vrludanja i obostranih zabluda, zajedni\u0161tvom sprije\u010dili pripajanje Republike Srpske Srbiji i deblokirali Biha\u0107. Uostalom BiH je opstala zahvaljuju\u0107i izlasku Hrvata na referendum. Da su se bo\u0161nja\u010dki politi\u010dari prije referenduma pona\u0161ali kako to \u010dine danas, malo bi Hrvata iza\u0161lo na referendum i glasovalo za opstanak BiH.<\/p>\n\n\n\n<p><strong>Otvaranje vrata za \u201esrpski svet\u201c<\/strong><\/p>\n\n\n\n<p>Svojevremeno su kru\u017eile pri\u010de da su Hrvate i Bo\u0161njake zavadile poneke zapadne tajne slu\u017ebe, bliske srpskoj politici. Mogu\u0107e je i to. Nije za isklju\u010diti da i danas netko krivo usmjerava Bo\u0161njake protiv hrvatskih demokratskih zahtjeva kako bi ih zavadio, te na taj na\u010din otvorio vrata za \u201esrpski svet\u201c. Mo\u017eda ih ima i me\u0111u onima u BiH koji se zauzimaju za \u010distu gra\u0111ansku dr\u017eavu, dokidanje \u017eupanija i Dom naroda, iako znaju da je tako ne\u0161to mirnim putem nemogu\u0107e.<\/p>\n\n\n\n<p>Uostalom, nije normalno da se istom \u017eestinom udara po Hrvatima kao i Srbima kad se zna da ovi prvi ne tra\u017ee nikakvu podjelu BiH, nego samo funkcioniranje demokratskih mehanizama koji bi za\u0161titili svoja nacionalna i gra\u0111anska prava. Prigovor kako bi hrvatska izborna jedinica mogla postati federalnom isto je toliko uvjerljiv ili neuvjerljiv kao i tvrdnja kako Bo\u0161njaci \u017eele dokinuti Dom naroda, \u017eupanije i birati Hrvatima \u010dlana predsjedni\u0161tva kako bi jednoga dana mogli u potpunosti ovladati polovicom BiH.<\/p>\n\n\n\n<p><strong>Ima li mudrih Bo\u0161njaka?<\/strong><\/p>\n\n\n\n<p>Nekada\u0161nji \u010dlan predsjedni\u0161tva propale Jugoslavije Bogi\u0107 Bogi\u0107evi\u0107 re\u010de nedavno u intervju kako u BiH nije vi\u0161e realno govoriti o jednoj dr\u017eavi, naciji i politici. Ostaje upitnim, ako je tako, za\u0161to Bo\u0161njaci nasjedaju na pri\u010de ljudi koji tra\u017ee po svaku cijenu realizaciju onoga \u0161to je nemogu\u0107e.<\/p>\n\n\n\n<p>Zar je mogu\u0107e da u ovom trenutku me\u0111u Bo\u0161njacima nema dovoljno mudrih koji bi shvatili da se zbog pogrje\u0161aka mo\u017ee izgubiti i ono \u0161to je mogu\u0107e? A to su mir, su\u017eivot i cjelovitost BiH. Okrenu li se doista i Hrvati protiv cjelovite BiH, ne znam kako \u0107e opstati. Neki od \u201eprevi\u0161e mudrih\u201c Bo\u0161njaka, koji svojom utopijom podsje\u0107aju na Srbe u Jugoslaviji, pozivaju na referendum. Gospoda zaboravlja da o budu\u0107nosti BiH referendumom \u2013 ako ga bude \u2013 ne\u0107e ovaj put odlu\u010divati samo svi gra\u0111ani, nego i etni\u010dke grupe. Puno se toga promijenilo u svijetu, ali i u samoj BiH.<\/p>\n\n\n\n<p><strong>Zlo mo\u017ee obuzeti i obi\u010dnoga \u010dovjeka<\/strong><\/p>\n\n\n\n<p>Bilo bi dobro da se sve tri etni\u010dke grupe uozbilje i potra\u017ee pravedno rje\u0161enje. Dobro bi bilo ozbiljno shvatiti rije\u010di spomenutoga Bogi\u0107evi\u0107a da se treba bojati onih dana u kojima \u0107e BiH do\u017eivjeti odlazak veleposlanstva i prestanak slijetanja stranih zrakoplova.<\/p>\n\n\n\n<p>\u010covjek vjerojatno misli na to kako bi zlo destrukcije moglo ponovno zaigrati svoje kolo. Kako ka\u017ee Hannah Arendt, u takvim vremenima zlo mo\u017ee obuzeti i obi\u010dnoga \u010dovjeka, u\u010diniti od njega zlo\u010dinca. Zar nam o tome ne\u0161to ne govore i pro\u0161li sukobi u kojima su doju\u010dera\u0161nji prijatelji postali neprijatelji, ljudi mira pristalice rata i razaranja. Tamo gdje razum izgubi kontrolu, caruju emocije. Emocije mogu biti jako pozitivne, ali samo tada, rekao bi Freud, kad je razum ko\u010dija\u0161. U konkretnom slu\u010daju to i ne bi bilo toliko opasno kad BiH ne bi bila zemlja puna provalija. Upravo bi to trebao biti razlog za politi\u010dare da se slu\u017ee rije\u010dima istine. Utoliko bi se s obzirom na silna lobiranja svih politi\u010dkih opcija u BiH moglo re\u0107i s libanonskim filozofom i knji\u017eevnikom Mikhailom Naimyem da nije toliko va\u017eno, ako se \u017eeli posti\u0107i mir u BiH, do \u010diji \u0107e u\u0161iju do\u0107i rije\u010di politi\u010dara, nego jesu li njihove rije\u010di istinski vjesnici mira i slobode za sve narode i gra\u0111ane BiH. Naime, onaj tko ne \u017eeli iskreni mir i slobodu u BiH, bez obzira koga pridobio za saveznika rije\u010dima la\u017ei, nije samo protiv drugoga, nego i protiv sebe. Dugotrajni mir se ne mo\u017ee temeljiti na la\u017ei nepravdi. Zar se to najbolje ne pokazuje u slu\u010daju Daytona?<\/p>\n\n\n\n<p>\/HMS\/<\/p>\n","protected":false},"excerpt":{"rendered":"<p>Zadovoljenje hrvatskih interesa u BiH otvorilo bi novo poglavlje u odnosima Bo\u0161njaka i Hrvata, ali isto tako Hrvatske i Bosne i Hercegovine, te na taj na\u010din vjerojatno utjecalo i na same Srbe da shvate kako nema ni\u0161ta od \u201esrpskoga sveta\u201c. Pi\u0161e:&nbsp;dr. fra Luka Markovi\u0107,&nbsp;Katoli\u010dki tjednik Doga\u0111anja oko Cetinja, politi\u010dke igre oko Kosova, kao i poku\u0161aj [&hellip;]<\/p>\n","protected":false},"author":2,"featured_media":96221,"comment_status":"closed","ping_status":"closed","sticky":false,"template":"","format":"standard","meta":{"h5ap_radio_sources":[],"footnotes":""},"categories":[1],"tags":[],"class_list":["post-96220","post","type-post","status-publish","format-standard","has-post-thumbnail","hentry","category-bihiregija"],"yoast_head":"<!-- This site is optimized with the Yoast SEO plugin v27.4 - https:\/\/yoast.com\/product\/yoast-seo-wordpress\/ -->\n<title>Nije dobro kad ko\u010dijom upravljaju \u201ekonji umjesto ko\u010dija\u0161a\u201c - RADIO LJUBU\u0160KI<\/title>\n<meta name=\"robots\" content=\"index, follow, max-snippet:-1, max-image-preview:large, max-video-preview:-1\" \/>\n<link rel=\"canonical\" href=\"https:\/\/radioljubuski.ba\/index.php\/2021\/12\/05\/nije-dobro-kad-kocijom-upravljaju-konji-umjesto-kocijasa\/\" \/>\n<meta property=\"og:locale\" content=\"hr_HR\" \/>\n<meta property=\"og:type\" content=\"article\" \/>\n<meta property=\"og:title\" content=\"Nije dobro kad ko\u010dijom upravljaju \u201ekonji umjesto ko\u010dija\u0161a\u201c - RADIO LJUBU\u0160KI\" \/>\n<meta property=\"og:description\" content=\"Zadovoljenje hrvatskih interesa u BiH otvorilo bi novo poglavlje u odnosima Bo\u0161njaka i Hrvata, ali isto tako Hrvatske i Bosne i Hercegovine, te na taj na\u010din vjerojatno utjecalo i na same Srbe da shvate kako nema ni\u0161ta od \u201esrpskoga sveta\u201c. Pi\u0161e:&nbsp;dr. fra Luka Markovi\u0107,&nbsp;Katoli\u010dki tjednik Doga\u0111anja oko Cetinja, politi\u010dke igre oko Kosova, kao i poku\u0161aj [&hellip;]\" \/>\n<meta property=\"og:url\" content=\"https:\/\/radioljubuski.ba\/index.php\/2021\/12\/05\/nije-dobro-kad-kocijom-upravljaju-konji-umjesto-kocijasa\/\" \/>\n<meta property=\"og:site_name\" content=\"RADIO LJUBU\u0160KI\" \/>\n<meta property=\"article:publisher\" content=\"https:\/\/www.facebook.com\/Radiio-Ljubuski-1490835324566332\" \/>\n<meta property=\"article:published_time\" content=\"2021-12-05T19:23:09+00:00\" \/>\n<meta property=\"article:modified_time\" content=\"2021-12-05T19:23:10+00:00\" \/>\n<meta property=\"og:image\" content=\"https:\/\/radioljubuski.ba\/wp-content\/uploads\/2021\/12\/bih-konji-i-kocija.jpg\" \/>\n\t<meta property=\"og:image:width\" content=\"1024\" \/>\n\t<meta property=\"og:image:height\" content=\"760\" \/>\n\t<meta property=\"og:image:type\" content=\"image\/jpeg\" \/>\n<meta name=\"author\" content=\"Radio Ljubu\u0161ki\" \/>\n<meta name=\"twitter:card\" content=\"summary_large_image\" \/>\n<meta name=\"twitter:creator\" content=\"@radioljubuski\" \/>\n<meta name=\"twitter:site\" content=\"@radioljubuski\" \/>\n<meta name=\"twitter:label1\" content=\"Napisao\/la\" \/>\n\t<meta name=\"twitter:data1\" content=\"Radio Ljubu\u0161ki\" \/>\n\t<meta name=\"twitter:label2\" content=\"Procijenjeno vrijeme \u010ditanja\" \/>\n\t<meta name=\"twitter:data2\" content=\"6 minuta\" \/>\n<script type=\"application\/ld+json\" class=\"yoast-schema-graph\">{\"@context\":\"https:\\\/\\\/schema.org\",\"@graph\":[{\"@type\":\"Article\",\"@id\":\"https:\\\/\\\/radioljubuski.ba\\\/index.php\\\/2021\\\/12\\\/05\\\/nije-dobro-kad-kocijom-upravljaju-konji-umjesto-kocijasa\\\/#article\",\"isPartOf\":{\"@id\":\"https:\\\/\\\/radioljubuski.ba\\\/index.php\\\/2021\\\/12\\\/05\\\/nije-dobro-kad-kocijom-upravljaju-konji-umjesto-kocijasa\\\/\"},\"author\":{\"name\":\"Radio Ljubu\u0161ki\",\"@id\":\"https:\\\/\\\/radioljubuski.ba\\\/#\\\/schema\\\/person\\\/19fc700381a780f69665d7956c469e3b\"},\"headline\":\"Nije dobro kad ko\u010dijom upravljaju \u201ekonji umjesto ko\u010dija\u0161a\u201c\",\"datePublished\":\"2021-12-05T19:23:09+00:00\",\"dateModified\":\"2021-12-05T19:23:10+00:00\",\"mainEntityOfPage\":{\"@id\":\"https:\\\/\\\/radioljubuski.ba\\\/index.php\\\/2021\\\/12\\\/05\\\/nije-dobro-kad-kocijom-upravljaju-konji-umjesto-kocijasa\\\/\"},\"wordCount\":1525,\"publisher\":{\"@id\":\"https:\\\/\\\/radioljubuski.ba\\\/#organization\"},\"image\":{\"@id\":\"https:\\\/\\\/radioljubuski.ba\\\/index.php\\\/2021\\\/12\\\/05\\\/nije-dobro-kad-kocijom-upravljaju-konji-umjesto-kocijasa\\\/#primaryimage\"},\"thumbnailUrl\":\"https:\\\/\\\/radioljubuski.ba\\\/wp-content\\\/uploads\\\/2021\\\/12\\\/bih-konji-i-kocija.jpg\",\"articleSection\":[\"BIH i regija\"],\"inLanguage\":\"hr\"},{\"@type\":\"WebPage\",\"@id\":\"https:\\\/\\\/radioljubuski.ba\\\/index.php\\\/2021\\\/12\\\/05\\\/nije-dobro-kad-kocijom-upravljaju-konji-umjesto-kocijasa\\\/\",\"url\":\"https:\\\/\\\/radioljubuski.ba\\\/index.php\\\/2021\\\/12\\\/05\\\/nije-dobro-kad-kocijom-upravljaju-konji-umjesto-kocijasa\\\/\",\"name\":\"Nije dobro kad ko\u010dijom upravljaju \u201ekonji umjesto ko\u010dija\u0161a\u201c - RADIO LJUBU\u0160KI\",\"isPartOf\":{\"@id\":\"https:\\\/\\\/radioljubuski.ba\\\/#website\"},\"primaryImageOfPage\":{\"@id\":\"https:\\\/\\\/radioljubuski.ba\\\/index.php\\\/2021\\\/12\\\/05\\\/nije-dobro-kad-kocijom-upravljaju-konji-umjesto-kocijasa\\\/#primaryimage\"},\"image\":{\"@id\":\"https:\\\/\\\/radioljubuski.ba\\\/index.php\\\/2021\\\/12\\\/05\\\/nije-dobro-kad-kocijom-upravljaju-konji-umjesto-kocijasa\\\/#primaryimage\"},\"thumbnailUrl\":\"https:\\\/\\\/radioljubuski.ba\\\/wp-content\\\/uploads\\\/2021\\\/12\\\/bih-konji-i-kocija.jpg\",\"datePublished\":\"2021-12-05T19:23:09+00:00\",\"dateModified\":\"2021-12-05T19:23:10+00:00\",\"breadcrumb\":{\"@id\":\"https:\\\/\\\/radioljubuski.ba\\\/index.php\\\/2021\\\/12\\\/05\\\/nije-dobro-kad-kocijom-upravljaju-konji-umjesto-kocijasa\\\/#breadcrumb\"},\"inLanguage\":\"hr\",\"potentialAction\":[{\"@type\":\"ReadAction\",\"target\":[\"https:\\\/\\\/radioljubuski.ba\\\/index.php\\\/2021\\\/12\\\/05\\\/nije-dobro-kad-kocijom-upravljaju-konji-umjesto-kocijasa\\\/\"]}]},{\"@type\":\"ImageObject\",\"inLanguage\":\"hr\",\"@id\":\"https:\\\/\\\/radioljubuski.ba\\\/index.php\\\/2021\\\/12\\\/05\\\/nije-dobro-kad-kocijom-upravljaju-konji-umjesto-kocijasa\\\/#primaryimage\",\"url\":\"https:\\\/\\\/radioljubuski.ba\\\/wp-content\\\/uploads\\\/2021\\\/12\\\/bih-konji-i-kocija.jpg\",\"contentUrl\":\"https:\\\/\\\/radioljubuski.ba\\\/wp-content\\\/uploads\\\/2021\\\/12\\\/bih-konji-i-kocija.jpg\",\"width\":1024,\"height\":760},{\"@type\":\"BreadcrumbList\",\"@id\":\"https:\\\/\\\/radioljubuski.ba\\\/index.php\\\/2021\\\/12\\\/05\\\/nije-dobro-kad-kocijom-upravljaju-konji-umjesto-kocijasa\\\/#breadcrumb\",\"itemListElement\":[{\"@type\":\"ListItem\",\"position\":1,\"name\":\"Po\u010detna stranica\",\"item\":\"https:\\\/\\\/radioljubuski.ba\\\/\"},{\"@type\":\"ListItem\",\"position\":2,\"name\":\"Nije dobro kad ko\u010dijom upravljaju \u201ekonji umjesto ko\u010dija\u0161a\u201c\"}]},{\"@type\":\"WebSite\",\"@id\":\"https:\\\/\\\/radioljubuski.ba\\\/#website\",\"url\":\"https:\\\/\\\/radioljubuski.ba\\\/\",\"name\":\"Radio Ljubu\u0161ki\",\"description\":\"Sun\u010dana frekvencija Hercegovine\",\"publisher\":{\"@id\":\"https:\\\/\\\/radioljubuski.ba\\\/#organization\"},\"potentialAction\":[{\"@type\":\"SearchAction\",\"target\":{\"@type\":\"EntryPoint\",\"urlTemplate\":\"https:\\\/\\\/radioljubuski.ba\\\/?s={search_term_string}\"},\"query-input\":{\"@type\":\"PropertyValueSpecification\",\"valueRequired\":true,\"valueName\":\"search_term_string\"}}],\"inLanguage\":\"hr\"},{\"@type\":\"Organization\",\"@id\":\"https:\\\/\\\/radioljubuski.ba\\\/#organization\",\"name\":\"Radio Ljubu\u0161ki\",\"url\":\"https:\\\/\\\/radioljubuski.ba\\\/\",\"logo\":{\"@type\":\"ImageObject\",\"inLanguage\":\"hr\",\"@id\":\"https:\\\/\\\/radioljubuski.ba\\\/#\\\/schema\\\/logo\\\/image\\\/\",\"url\":\"https:\\\/\\\/radioljubuski.ba\\\/wp-content\\\/uploads\\\/2021\\\/02\\\/cropped-Radio_Ljubuski_logo1.jpg\",\"contentUrl\":\"https:\\\/\\\/radioljubuski.ba\\\/wp-content\\\/uploads\\\/2021\\\/02\\\/cropped-Radio_Ljubuski_logo1.jpg\",\"width\":512,\"height\":512,\"caption\":\"Radio Ljubu\u0161ki\"},\"image\":{\"@id\":\"https:\\\/\\\/radioljubuski.ba\\\/#\\\/schema\\\/logo\\\/image\\\/\"},\"sameAs\":[\"https:\\\/\\\/www.facebook.com\\\/Radiio-Ljubuski-1490835324566332\",\"https:\\\/\\\/x.com\\\/radioljubuski\",\"https:\\\/\\\/hr.linkedin.com\\\/company\\\/radio-ljubuski\",\"https:\\\/\\\/www.youtube.com\\\/channel\\\/UCHYaeO_n0Db3tjNGudGpXyw\"]},{\"@type\":\"Person\",\"@id\":\"https:\\\/\\\/radioljubuski.ba\\\/#\\\/schema\\\/person\\\/19fc700381a780f69665d7956c469e3b\",\"name\":\"Radio Ljubu\u0161ki\"}]}<\/script>\n<!-- \/ Yoast SEO plugin. -->","yoast_head_json":{"title":"Nije dobro kad ko\u010dijom upravljaju \u201ekonji umjesto ko\u010dija\u0161a\u201c - RADIO LJUBU\u0160KI","robots":{"index":"index","follow":"follow","max-snippet":"max-snippet:-1","max-image-preview":"max-image-preview:large","max-video-preview":"max-video-preview:-1"},"canonical":"https:\/\/radioljubuski.ba\/index.php\/2021\/12\/05\/nije-dobro-kad-kocijom-upravljaju-konji-umjesto-kocijasa\/","og_locale":"hr_HR","og_type":"article","og_title":"Nije dobro kad ko\u010dijom upravljaju \u201ekonji umjesto ko\u010dija\u0161a\u201c - RADIO LJUBU\u0160KI","og_description":"Zadovoljenje hrvatskih interesa u BiH otvorilo bi novo poglavlje u odnosima Bo\u0161njaka i Hrvata, ali isto tako Hrvatske i Bosne i Hercegovine, te na taj na\u010din vjerojatno utjecalo i na same Srbe da shvate kako nema ni\u0161ta od \u201esrpskoga sveta\u201c. Pi\u0161e:&nbsp;dr. fra Luka Markovi\u0107,&nbsp;Katoli\u010dki tjednik Doga\u0111anja oko Cetinja, politi\u010dke igre oko Kosova, kao i poku\u0161aj [&hellip;]","og_url":"https:\/\/radioljubuski.ba\/index.php\/2021\/12\/05\/nije-dobro-kad-kocijom-upravljaju-konji-umjesto-kocijasa\/","og_site_name":"RADIO LJUBU\u0160KI","article_publisher":"https:\/\/www.facebook.com\/Radiio-Ljubuski-1490835324566332","article_published_time":"2021-12-05T19:23:09+00:00","article_modified_time":"2021-12-05T19:23:10+00:00","og_image":[{"width":1024,"height":760,"url":"https:\/\/radioljubuski.ba\/wp-content\/uploads\/2021\/12\/bih-konji-i-kocija.jpg","type":"image\/jpeg"}],"author":"Radio Ljubu\u0161ki","twitter_card":"summary_large_image","twitter_creator":"@radioljubuski","twitter_site":"@radioljubuski","twitter_misc":{"Napisao\/la":"Radio Ljubu\u0161ki","Procijenjeno vrijeme \u010ditanja":"6 minuta"},"schema":{"@context":"https:\/\/schema.org","@graph":[{"@type":"Article","@id":"https:\/\/radioljubuski.ba\/index.php\/2021\/12\/05\/nije-dobro-kad-kocijom-upravljaju-konji-umjesto-kocijasa\/#article","isPartOf":{"@id":"https:\/\/radioljubuski.ba\/index.php\/2021\/12\/05\/nije-dobro-kad-kocijom-upravljaju-konji-umjesto-kocijasa\/"},"author":{"name":"Radio Ljubu\u0161ki","@id":"https:\/\/radioljubuski.ba\/#\/schema\/person\/19fc700381a780f69665d7956c469e3b"},"headline":"Nije dobro kad ko\u010dijom upravljaju \u201ekonji umjesto ko\u010dija\u0161a\u201c","datePublished":"2021-12-05T19:23:09+00:00","dateModified":"2021-12-05T19:23:10+00:00","mainEntityOfPage":{"@id":"https:\/\/radioljubuski.ba\/index.php\/2021\/12\/05\/nije-dobro-kad-kocijom-upravljaju-konji-umjesto-kocijasa\/"},"wordCount":1525,"publisher":{"@id":"https:\/\/radioljubuski.ba\/#organization"},"image":{"@id":"https:\/\/radioljubuski.ba\/index.php\/2021\/12\/05\/nije-dobro-kad-kocijom-upravljaju-konji-umjesto-kocijasa\/#primaryimage"},"thumbnailUrl":"https:\/\/radioljubuski.ba\/wp-content\/uploads\/2021\/12\/bih-konji-i-kocija.jpg","articleSection":["BIH i regija"],"inLanguage":"hr"},{"@type":"WebPage","@id":"https:\/\/radioljubuski.ba\/index.php\/2021\/12\/05\/nije-dobro-kad-kocijom-upravljaju-konji-umjesto-kocijasa\/","url":"https:\/\/radioljubuski.ba\/index.php\/2021\/12\/05\/nije-dobro-kad-kocijom-upravljaju-konji-umjesto-kocijasa\/","name":"Nije dobro kad ko\u010dijom upravljaju \u201ekonji umjesto ko\u010dija\u0161a\u201c - RADIO LJUBU\u0160KI","isPartOf":{"@id":"https:\/\/radioljubuski.ba\/#website"},"primaryImageOfPage":{"@id":"https:\/\/radioljubuski.ba\/index.php\/2021\/12\/05\/nije-dobro-kad-kocijom-upravljaju-konji-umjesto-kocijasa\/#primaryimage"},"image":{"@id":"https:\/\/radioljubuski.ba\/index.php\/2021\/12\/05\/nije-dobro-kad-kocijom-upravljaju-konji-umjesto-kocijasa\/#primaryimage"},"thumbnailUrl":"https:\/\/radioljubuski.ba\/wp-content\/uploads\/2021\/12\/bih-konji-i-kocija.jpg","datePublished":"2021-12-05T19:23:09+00:00","dateModified":"2021-12-05T19:23:10+00:00","breadcrumb":{"@id":"https:\/\/radioljubuski.ba\/index.php\/2021\/12\/05\/nije-dobro-kad-kocijom-upravljaju-konji-umjesto-kocijasa\/#breadcrumb"},"inLanguage":"hr","potentialAction":[{"@type":"ReadAction","target":["https:\/\/radioljubuski.ba\/index.php\/2021\/12\/05\/nije-dobro-kad-kocijom-upravljaju-konji-umjesto-kocijasa\/"]}]},{"@type":"ImageObject","inLanguage":"hr","@id":"https:\/\/radioljubuski.ba\/index.php\/2021\/12\/05\/nije-dobro-kad-kocijom-upravljaju-konji-umjesto-kocijasa\/#primaryimage","url":"https:\/\/radioljubuski.ba\/wp-content\/uploads\/2021\/12\/bih-konji-i-kocija.jpg","contentUrl":"https:\/\/radioljubuski.ba\/wp-content\/uploads\/2021\/12\/bih-konji-i-kocija.jpg","width":1024,"height":760},{"@type":"BreadcrumbList","@id":"https:\/\/radioljubuski.ba\/index.php\/2021\/12\/05\/nije-dobro-kad-kocijom-upravljaju-konji-umjesto-kocijasa\/#breadcrumb","itemListElement":[{"@type":"ListItem","position":1,"name":"Po\u010detna stranica","item":"https:\/\/radioljubuski.ba\/"},{"@type":"ListItem","position":2,"name":"Nije dobro kad ko\u010dijom upravljaju \u201ekonji umjesto ko\u010dija\u0161a\u201c"}]},{"@type":"WebSite","@id":"https:\/\/radioljubuski.ba\/#website","url":"https:\/\/radioljubuski.ba\/","name":"Radio Ljubu\u0161ki","description":"Sun\u010dana frekvencija Hercegovine","publisher":{"@id":"https:\/\/radioljubuski.ba\/#organization"},"potentialAction":[{"@type":"SearchAction","target":{"@type":"EntryPoint","urlTemplate":"https:\/\/radioljubuski.ba\/?s={search_term_string}"},"query-input":{"@type":"PropertyValueSpecification","valueRequired":true,"valueName":"search_term_string"}}],"inLanguage":"hr"},{"@type":"Organization","@id":"https:\/\/radioljubuski.ba\/#organization","name":"Radio Ljubu\u0161ki","url":"https:\/\/radioljubuski.ba\/","logo":{"@type":"ImageObject","inLanguage":"hr","@id":"https:\/\/radioljubuski.ba\/#\/schema\/logo\/image\/","url":"https:\/\/radioljubuski.ba\/wp-content\/uploads\/2021\/02\/cropped-Radio_Ljubuski_logo1.jpg","contentUrl":"https:\/\/radioljubuski.ba\/wp-content\/uploads\/2021\/02\/cropped-Radio_Ljubuski_logo1.jpg","width":512,"height":512,"caption":"Radio Ljubu\u0161ki"},"image":{"@id":"https:\/\/radioljubuski.ba\/#\/schema\/logo\/image\/"},"sameAs":["https:\/\/www.facebook.com\/Radiio-Ljubuski-1490835324566332","https:\/\/x.com\/radioljubuski","https:\/\/hr.linkedin.com\/company\/radio-ljubuski","https:\/\/www.youtube.com\/channel\/UCHYaeO_n0Db3tjNGudGpXyw"]},{"@type":"Person","@id":"https:\/\/radioljubuski.ba\/#\/schema\/person\/19fc700381a780f69665d7956c469e3b","name":"Radio Ljubu\u0161ki"}]}},"_links":{"self":[{"href":"https:\/\/radioljubuski.ba\/index.php\/wp-json\/wp\/v2\/posts\/96220","targetHints":{"allow":["GET"]}}],"collection":[{"href":"https:\/\/radioljubuski.ba\/index.php\/wp-json\/wp\/v2\/posts"}],"about":[{"href":"https:\/\/radioljubuski.ba\/index.php\/wp-json\/wp\/v2\/types\/post"}],"author":[{"embeddable":true,"href":"https:\/\/radioljubuski.ba\/index.php\/wp-json\/wp\/v2\/users\/2"}],"replies":[{"embeddable":true,"href":"https:\/\/radioljubuski.ba\/index.php\/wp-json\/wp\/v2\/comments?post=96220"}],"version-history":[{"count":1,"href":"https:\/\/radioljubuski.ba\/index.php\/wp-json\/wp\/v2\/posts\/96220\/revisions"}],"predecessor-version":[{"id":96222,"href":"https:\/\/radioljubuski.ba\/index.php\/wp-json\/wp\/v2\/posts\/96220\/revisions\/96222"}],"wp:featuredmedia":[{"embeddable":true,"href":"https:\/\/radioljubuski.ba\/index.php\/wp-json\/wp\/v2\/media\/96221"}],"wp:attachment":[{"href":"https:\/\/radioljubuski.ba\/index.php\/wp-json\/wp\/v2\/media?parent=96220"}],"wp:term":[{"taxonomy":"category","embeddable":true,"href":"https:\/\/radioljubuski.ba\/index.php\/wp-json\/wp\/v2\/categories?post=96220"},{"taxonomy":"post_tag","embeddable":true,"href":"https:\/\/radioljubuski.ba\/index.php\/wp-json\/wp\/v2\/tags?post=96220"}],"curies":[{"name":"wp","href":"https:\/\/api.w.org\/{rel}","templated":true}]}}