{"id":96230,"date":"2021-12-05T20:30:08","date_gmt":"2021-12-05T19:30:08","guid":{"rendered":"https:\/\/radioljubuski.ba\/?p=96230"},"modified":"2021-12-05T20:30:09","modified_gmt":"2021-12-05T19:30:09","slug":"izetbegovic-stranci-vrse-pritiske-na-mene-zele-da-hrvati-biraju-svog-predstavnika-u-predsjednistvo-bih","status":"publish","type":"post","link":"https:\/\/radioljubuski.ba\/index.php\/2021\/12\/05\/izetbegovic-stranci-vrse-pritiske-na-mene-zele-da-hrvati-biraju-svog-predstavnika-u-predsjednistvo-bih\/","title":{"rendered":"Izetbegovi\u0107: Stranci vr\u0161e pritiske na mene, \u017eele da Hrvati biraju svog predstavnika u Predsjedni\u0161tvo BiH"},"content":{"rendered":"\n<p><strong>Predsjednik SDA Bakir Izetbegovi\u0107 dao je intervju za MTV Igman u kojem je kazao kako su pregovori ovoga tjedna o izmjenama Izbornog zakona bili naporni, ali i kako su stranci do\u0161li kako poku\u0161ali popraviti hrvatsko-bo\u0161nja\u010dke odnose.<\/strong><\/p>\n\n\n\n<p>Izetbegovi\u0107 je stava kako su diplomati iz EU pristigle s ciljem da pomognu Bosni i Hercegovin.<\/p>\n\n\n\n<p>\u201cDo\u0161li su da nam pomognu da se ova situacija rije\u0161i, da se ovo \u0161to rade Dodik smiri, da prestane, da prona\u0111e se rje\u0161enje izme\u0111u Hrvata i Bo\u0161njaka, da se ti odnosi poprave. Da se izna\u0111e rje\u0161enje za implementaciju presuda Europskog suda za ljudska prava, presuda Ustavnog suda u Bosni i Hercegovini, da se naprave potrebne izmjene Ustava izbornog zakona i da Bosna i Hercegovina krene naprijed\u201d.<\/p>\n\n\n\n<iframe loading=\"lazy\" title=\"BAKIR IZETBEGOVI\u0106 O PRITISCIMA,PALMERU I 150 GODINA STAROM PLANU O VELIKOJ SRBIJI -\" width=\"640\" height=\"360\" src=\"https:\/\/www.youtube.com\/embed\/f3urme0NL4A?start=2&#038;feature=oembed\" frameborder=\"0\" allow=\"accelerometer; autoplay; clipboard-write; encrypted-media; gyroscope; picture-in-picture; web-share\" referrerpolicy=\"strict-origin-when-cross-origin\" allowfullscreen><\/iframe>\n\n\n\n<p>Kako isti\u010de, na razgovore su do\u0161li sa znanjima koja su im pripremili njihovi suradnici o ranijim pregovorima.<\/p>\n\n\n\n<p>\u201cImali su i oni svojih tu ideja, ali smo se dogovorili da ne\u0107emo izlaziti s tim detaljima da se smanjuje \u0161ansa. Dakle, da ja sad govorim \u0161to i kako je kazao \u010covi\u0107, \u0161to sam ja, \u0161to su oni. Naravno, ne\u0161to od toga \u0107u kazati, ali do u detalje ne\u0107u i\u0107i. Ljudi su se zaista trudili da se ne\u0161to napravi i da se neki pomak uradi, prije svega na odnosu Hrvata i Bo\u0161njaka onako kako oni to vide, ka\u017ee Izetbegovi\u0107.<\/p>\n\n\n\n<p>Koliko sam ja shvatio njih (strance), rekao je Izetbegovi\u0107, oni koji su im davali instrukcije kada su krenuli iz State Departmenta i Europske komisije, iz daljine slika je otprilike ova: U \u010demu je problem? Za\u0161to ti Bo\u0161njaci i Hrvati nisu zajedno? Kad su mogli usred rata napraviti Washingtonski sporazum i suprotstaviti se agresiji, za\u0161to ne mogu sada? Onda ide pojednostavljeni odgovori: Bo\u0161njaci biraju i sebi i Hrvatima \u010dlana Predsjedni\u0161tva BiH. Je li to mogu\u0107e? Jeste! Je li to govore brojevi? Jeste! Idite uvjerite SDA da to ne radi, da puste Hrvatima da izaberu koga god ho\u0107e, to je sad glavni problem ostalo je sve manje bitno, fokusirajte se na to i onda je i\u0161ao pritisak upravo takav.<\/p>\n\n\n\n<p>\u201cNaravno, u samoj Europi ima desni\u010dara koje utjecajni HDZ mo\u017ee da izvitopere sliku na na\u010din da Bo\u0161njaci rade ovakvu stvar, da manipuliraju sa Srebrenicom da koriste tu pri\u010du, da pri\u010daju kako su izginuli u ratu a sad ih ima najvi\u0161e u BiH. Poslije svega i to lije\u017ee na neke u\u0161i islamofoba. Vrlo lako je takve stvari prodati Europi. Tako da mislim da jeste bila prisutna jedna dimenzija pristranog odnosa: \u2018Prisilimo Bo\u0161njake da ne poku\u0161avaju dominirati, neka puste Hrvatima da izaberu svoga pa \u0107e se stvari smiriti\u2019, mislim da je to bio takav pristup.\u201d<\/p>\n\n\n\n<p>Govore\u0107i o pritiscima priznaje da ih je imao, ali da to nisu uspjeli nikako provesti u djelo s obzirom na njegovo iskustvo u politici.<\/p>\n\n\n\n<p>\u201cKrenulo je se u smjeru da se paralelno rje\u0161avaju izbor \u010dlana Predsjedni\u0161tva i Dom naroda (FBIH). HDZ u Domu naroda bira kao sa \u0161vedskog stola. Sedam godina ve\u0107 stoje neke strategije. Vrlo bitne stvari. Zastupni\u010dki dom do\u0111e kao pripremno tijelo, a onda manjina u parlamentu ka\u017ee ovo ho\u0107u, ovo ne\u0107u. Mi to moramo rije\u0161iti. Ili \u0107e biti oboje rije\u0161eno ili ne\u0107e biti ni\u0161ta rije\u0161eno\u201d.<\/p>\n\n\n\n<p>Rekao je kako stranci poku\u0161avaju rasporediti pritisak na sve tri strane.<\/p>\n\n\n\n<p>\u201cNajmanje na \u010covi\u0107a jer on predstavlja najmanji korpus. Dodik te\u0161ke pritiske trpi pa i uvijene prijetnje. Nama ide pritisak \u2013 je li vi shva\u0107ate da ste najodgovorniji, stabilnost, nestabilnost, kud to sve mo\u017ee odvesti\u2026 Stavljaju vam na du\u0161u pritisak da ste vi onaj koji \u0107e biti kriv ako se ne postigne sporazum ili ako se ne daj bo\u017ee krene u konflikte\u201d.<\/p>\n\n\n\n<p>\/HMS\/<\/p>\n","protected":false},"excerpt":{"rendered":"<p>Predsjednik SDA Bakir Izetbegovi\u0107 dao je intervju za MTV Igman u kojem je kazao kako su pregovori ovoga tjedna o izmjenama Izbornog zakona bili naporni, ali i kako su stranci do\u0161li kako poku\u0161ali popraviti hrvatsko-bo\u0161nja\u010dke odnose. Izetbegovi\u0107 je stava kako su diplomati iz EU pristigle s ciljem da pomognu Bosni i Hercegovin. \u201cDo\u0161li su da [&hellip;]<\/p>\n","protected":false},"author":2,"featured_media":0,"comment_status":"closed","ping_status":"closed","sticky":false,"template":"","format":"standard","meta":{"h5ap_radio_sources":[],"footnotes":""},"categories":[1],"tags":[],"class_list":["post-96230","post","type-post","status-publish","format-standard","hentry","category-bihiregija"],"yoast_head":"<!-- This site is optimized with the Yoast SEO plugin v27.4 - https:\/\/yoast.com\/product\/yoast-seo-wordpress\/ -->\n<title>Izetbegovi\u0107: Stranci vr\u0161e pritiske na mene, \u017eele da Hrvati biraju svog predstavnika u Predsjedni\u0161tvo BiH - RADIO LJUBU\u0160KI<\/title>\n<meta name=\"robots\" content=\"index, follow, max-snippet:-1, max-image-preview:large, max-video-preview:-1\" \/>\n<link rel=\"canonical\" href=\"https:\/\/radioljubuski.ba\/index.php\/2021\/12\/05\/izetbegovic-stranci-vrse-pritiske-na-mene-zele-da-hrvati-biraju-svog-predstavnika-u-predsjednistvo-bih\/\" \/>\n<meta property=\"og:locale\" content=\"hr_HR\" \/>\n<meta property=\"og:type\" content=\"article\" \/>\n<meta property=\"og:title\" content=\"Izetbegovi\u0107: Stranci vr\u0161e pritiske na mene, \u017eele da Hrvati biraju svog predstavnika u Predsjedni\u0161tvo BiH - RADIO LJUBU\u0160KI\" \/>\n<meta property=\"og:description\" content=\"Predsjednik SDA Bakir Izetbegovi\u0107 dao je intervju za MTV Igman u kojem je kazao kako su pregovori ovoga tjedna o izmjenama Izbornog zakona bili naporni, ali i kako su stranci do\u0161li kako poku\u0161ali popraviti hrvatsko-bo\u0161nja\u010dke odnose. Izetbegovi\u0107 je stava kako su diplomati iz EU pristigle s ciljem da pomognu Bosni i Hercegovin. \u201cDo\u0161li su da [&hellip;]\" \/>\n<meta property=\"og:url\" content=\"https:\/\/radioljubuski.ba\/index.php\/2021\/12\/05\/izetbegovic-stranci-vrse-pritiske-na-mene-zele-da-hrvati-biraju-svog-predstavnika-u-predsjednistvo-bih\/\" \/>\n<meta property=\"og:site_name\" content=\"RADIO LJUBU\u0160KI\" \/>\n<meta property=\"article:publisher\" content=\"https:\/\/www.facebook.com\/Radiio-Ljubuski-1490835324566332\" \/>\n<meta property=\"article:published_time\" content=\"2021-12-05T19:30:08+00:00\" \/>\n<meta property=\"article:modified_time\" content=\"2021-12-05T19:30:09+00:00\" \/>\n<meta property=\"og:image\" content=\"https:\/\/radioljubuski.ba\/wp-content\/uploads\/2021\/12\/bakir.png\" \/>\n\t<meta property=\"og:image:width\" content=\"1172\" \/>\n\t<meta property=\"og:image:height\" content=\"615\" \/>\n\t<meta property=\"og:image:type\" content=\"image\/png\" \/>\n<meta name=\"author\" content=\"Radio Ljubu\u0161ki\" \/>\n<meta name=\"twitter:card\" content=\"summary_large_image\" \/>\n<meta name=\"twitter:creator\" content=\"@radioljubuski\" \/>\n<meta name=\"twitter:site\" content=\"@radioljubuski\" \/>\n<meta name=\"twitter:label1\" content=\"Napisao\/la\" \/>\n\t<meta name=\"twitter:data1\" content=\"Radio Ljubu\u0161ki\" \/>\n\t<meta name=\"twitter:label2\" content=\"Procijenjeno vrijeme \u010ditanja\" \/>\n\t<meta name=\"twitter:data2\" content=\"3 minute\" \/>\n<script type=\"application\/ld+json\" class=\"yoast-schema-graph\">{\"@context\":\"https:\\\/\\\/schema.org\",\"@graph\":[{\"@type\":\"Article\",\"@id\":\"https:\\\/\\\/radioljubuski.ba\\\/index.php\\\/2021\\\/12\\\/05\\\/izetbegovic-stranci-vrse-pritiske-na-mene-zele-da-hrvati-biraju-svog-predstavnika-u-predsjednistvo-bih\\\/#article\",\"isPartOf\":{\"@id\":\"https:\\\/\\\/radioljubuski.ba\\\/index.php\\\/2021\\\/12\\\/05\\\/izetbegovic-stranci-vrse-pritiske-na-mene-zele-da-hrvati-biraju-svog-predstavnika-u-predsjednistvo-bih\\\/\"},\"author\":{\"name\":\"Radio Ljubu\u0161ki\",\"@id\":\"https:\\\/\\\/radioljubuski.ba\\\/#\\\/schema\\\/person\\\/19fc700381a780f69665d7956c469e3b\"},\"headline\":\"Izetbegovi\u0107: Stranci vr\u0161e pritiske na mene, \u017eele da Hrvati biraju svog predstavnika u Predsjedni\u0161tvo BiH\",\"datePublished\":\"2021-12-05T19:30:08+00:00\",\"dateModified\":\"2021-12-05T19:30:09+00:00\",\"mainEntityOfPage\":{\"@id\":\"https:\\\/\\\/radioljubuski.ba\\\/index.php\\\/2021\\\/12\\\/05\\\/izetbegovic-stranci-vrse-pritiske-na-mene-zele-da-hrvati-biraju-svog-predstavnika-u-predsjednistvo-bih\\\/\"},\"wordCount\":673,\"publisher\":{\"@id\":\"https:\\\/\\\/radioljubuski.ba\\\/#organization\"},\"articleSection\":[\"BIH i regija\"],\"inLanguage\":\"hr\"},{\"@type\":\"WebPage\",\"@id\":\"https:\\\/\\\/radioljubuski.ba\\\/index.php\\\/2021\\\/12\\\/05\\\/izetbegovic-stranci-vrse-pritiske-na-mene-zele-da-hrvati-biraju-svog-predstavnika-u-predsjednistvo-bih\\\/\",\"url\":\"https:\\\/\\\/radioljubuski.ba\\\/index.php\\\/2021\\\/12\\\/05\\\/izetbegovic-stranci-vrse-pritiske-na-mene-zele-da-hrvati-biraju-svog-predstavnika-u-predsjednistvo-bih\\\/\",\"name\":\"Izetbegovi\u0107: Stranci vr\u0161e pritiske na mene, \u017eele da Hrvati biraju svog predstavnika u Predsjedni\u0161tvo BiH - RADIO LJUBU\u0160KI\",\"isPartOf\":{\"@id\":\"https:\\\/\\\/radioljubuski.ba\\\/#website\"},\"datePublished\":\"2021-12-05T19:30:08+00:00\",\"dateModified\":\"2021-12-05T19:30:09+00:00\",\"breadcrumb\":{\"@id\":\"https:\\\/\\\/radioljubuski.ba\\\/index.php\\\/2021\\\/12\\\/05\\\/izetbegovic-stranci-vrse-pritiske-na-mene-zele-da-hrvati-biraju-svog-predstavnika-u-predsjednistvo-bih\\\/#breadcrumb\"},\"inLanguage\":\"hr\",\"potentialAction\":[{\"@type\":\"ReadAction\",\"target\":[\"https:\\\/\\\/radioljubuski.ba\\\/index.php\\\/2021\\\/12\\\/05\\\/izetbegovic-stranci-vrse-pritiske-na-mene-zele-da-hrvati-biraju-svog-predstavnika-u-predsjednistvo-bih\\\/\"]}]},{\"@type\":\"BreadcrumbList\",\"@id\":\"https:\\\/\\\/radioljubuski.ba\\\/index.php\\\/2021\\\/12\\\/05\\\/izetbegovic-stranci-vrse-pritiske-na-mene-zele-da-hrvati-biraju-svog-predstavnika-u-predsjednistvo-bih\\\/#breadcrumb\",\"itemListElement\":[{\"@type\":\"ListItem\",\"position\":1,\"name\":\"Po\u010detna stranica\",\"item\":\"https:\\\/\\\/radioljubuski.ba\\\/\"},{\"@type\":\"ListItem\",\"position\":2,\"name\":\"Izetbegovi\u0107: Stranci vr\u0161e pritiske na mene, \u017eele da Hrvati biraju svog predstavnika u Predsjedni\u0161tvo BiH\"}]},{\"@type\":\"WebSite\",\"@id\":\"https:\\\/\\\/radioljubuski.ba\\\/#website\",\"url\":\"https:\\\/\\\/radioljubuski.ba\\\/\",\"name\":\"Radio Ljubu\u0161ki\",\"description\":\"Sun\u010dana frekvencija Hercegovine\",\"publisher\":{\"@id\":\"https:\\\/\\\/radioljubuski.ba\\\/#organization\"},\"potentialAction\":[{\"@type\":\"SearchAction\",\"target\":{\"@type\":\"EntryPoint\",\"urlTemplate\":\"https:\\\/\\\/radioljubuski.ba\\\/?s={search_term_string}\"},\"query-input\":{\"@type\":\"PropertyValueSpecification\",\"valueRequired\":true,\"valueName\":\"search_term_string\"}}],\"inLanguage\":\"hr\"},{\"@type\":\"Organization\",\"@id\":\"https:\\\/\\\/radioljubuski.ba\\\/#organization\",\"name\":\"Radio Ljubu\u0161ki\",\"url\":\"https:\\\/\\\/radioljubuski.ba\\\/\",\"logo\":{\"@type\":\"ImageObject\",\"inLanguage\":\"hr\",\"@id\":\"https:\\\/\\\/radioljubuski.ba\\\/#\\\/schema\\\/logo\\\/image\\\/\",\"url\":\"https:\\\/\\\/radioljubuski.ba\\\/wp-content\\\/uploads\\\/2021\\\/02\\\/cropped-Radio_Ljubuski_logo1.jpg\",\"contentUrl\":\"https:\\\/\\\/radioljubuski.ba\\\/wp-content\\\/uploads\\\/2021\\\/02\\\/cropped-Radio_Ljubuski_logo1.jpg\",\"width\":512,\"height\":512,\"caption\":\"Radio Ljubu\u0161ki\"},\"image\":{\"@id\":\"https:\\\/\\\/radioljubuski.ba\\\/#\\\/schema\\\/logo\\\/image\\\/\"},\"sameAs\":[\"https:\\\/\\\/www.facebook.com\\\/Radiio-Ljubuski-1490835324566332\",\"https:\\\/\\\/x.com\\\/radioljubuski\",\"https:\\\/\\\/hr.linkedin.com\\\/company\\\/radio-ljubuski\",\"https:\\\/\\\/www.youtube.com\\\/channel\\\/UCHYaeO_n0Db3tjNGudGpXyw\"]},{\"@type\":\"Person\",\"@id\":\"https:\\\/\\\/radioljubuski.ba\\\/#\\\/schema\\\/person\\\/19fc700381a780f69665d7956c469e3b\",\"name\":\"Radio Ljubu\u0161ki\"}]}<\/script>\n<!-- \/ Yoast SEO plugin. -->","yoast_head_json":{"title":"Izetbegovi\u0107: Stranci vr\u0161e pritiske na mene, \u017eele da Hrvati biraju svog predstavnika u Predsjedni\u0161tvo BiH - RADIO LJUBU\u0160KI","robots":{"index":"index","follow":"follow","max-snippet":"max-snippet:-1","max-image-preview":"max-image-preview:large","max-video-preview":"max-video-preview:-1"},"canonical":"https:\/\/radioljubuski.ba\/index.php\/2021\/12\/05\/izetbegovic-stranci-vrse-pritiske-na-mene-zele-da-hrvati-biraju-svog-predstavnika-u-predsjednistvo-bih\/","og_locale":"hr_HR","og_type":"article","og_title":"Izetbegovi\u0107: Stranci vr\u0161e pritiske na mene, \u017eele da Hrvati biraju svog predstavnika u Predsjedni\u0161tvo BiH - RADIO LJUBU\u0160KI","og_description":"Predsjednik SDA Bakir Izetbegovi\u0107 dao je intervju za MTV Igman u kojem je kazao kako su pregovori ovoga tjedna o izmjenama Izbornog zakona bili naporni, ali i kako su stranci do\u0161li kako poku\u0161ali popraviti hrvatsko-bo\u0161nja\u010dke odnose. Izetbegovi\u0107 je stava kako su diplomati iz EU pristigle s ciljem da pomognu Bosni i Hercegovin. \u201cDo\u0161li su da [&hellip;]","og_url":"https:\/\/radioljubuski.ba\/index.php\/2021\/12\/05\/izetbegovic-stranci-vrse-pritiske-na-mene-zele-da-hrvati-biraju-svog-predstavnika-u-predsjednistvo-bih\/","og_site_name":"RADIO LJUBU\u0160KI","article_publisher":"https:\/\/www.facebook.com\/Radiio-Ljubuski-1490835324566332","article_published_time":"2021-12-05T19:30:08+00:00","article_modified_time":"2021-12-05T19:30:09+00:00","og_image":[{"width":1172,"height":615,"url":"https:\/\/radioljubuski.ba\/wp-content\/uploads\/2021\/12\/bakir.png","type":"image\/png"}],"author":"Radio Ljubu\u0161ki","twitter_card":"summary_large_image","twitter_creator":"@radioljubuski","twitter_site":"@radioljubuski","twitter_misc":{"Napisao\/la":"Radio Ljubu\u0161ki","Procijenjeno vrijeme \u010ditanja":"3 minute"},"schema":{"@context":"https:\/\/schema.org","@graph":[{"@type":"Article","@id":"https:\/\/radioljubuski.ba\/index.php\/2021\/12\/05\/izetbegovic-stranci-vrse-pritiske-na-mene-zele-da-hrvati-biraju-svog-predstavnika-u-predsjednistvo-bih\/#article","isPartOf":{"@id":"https:\/\/radioljubuski.ba\/index.php\/2021\/12\/05\/izetbegovic-stranci-vrse-pritiske-na-mene-zele-da-hrvati-biraju-svog-predstavnika-u-predsjednistvo-bih\/"},"author":{"name":"Radio Ljubu\u0161ki","@id":"https:\/\/radioljubuski.ba\/#\/schema\/person\/19fc700381a780f69665d7956c469e3b"},"headline":"Izetbegovi\u0107: Stranci vr\u0161e pritiske na mene, \u017eele da Hrvati biraju svog predstavnika u Predsjedni\u0161tvo BiH","datePublished":"2021-12-05T19:30:08+00:00","dateModified":"2021-12-05T19:30:09+00:00","mainEntityOfPage":{"@id":"https:\/\/radioljubuski.ba\/index.php\/2021\/12\/05\/izetbegovic-stranci-vrse-pritiske-na-mene-zele-da-hrvati-biraju-svog-predstavnika-u-predsjednistvo-bih\/"},"wordCount":673,"publisher":{"@id":"https:\/\/radioljubuski.ba\/#organization"},"articleSection":["BIH i regija"],"inLanguage":"hr"},{"@type":"WebPage","@id":"https:\/\/radioljubuski.ba\/index.php\/2021\/12\/05\/izetbegovic-stranci-vrse-pritiske-na-mene-zele-da-hrvati-biraju-svog-predstavnika-u-predsjednistvo-bih\/","url":"https:\/\/radioljubuski.ba\/index.php\/2021\/12\/05\/izetbegovic-stranci-vrse-pritiske-na-mene-zele-da-hrvati-biraju-svog-predstavnika-u-predsjednistvo-bih\/","name":"Izetbegovi\u0107: Stranci vr\u0161e pritiske na mene, \u017eele da Hrvati biraju svog predstavnika u Predsjedni\u0161tvo BiH - RADIO LJUBU\u0160KI","isPartOf":{"@id":"https:\/\/radioljubuski.ba\/#website"},"datePublished":"2021-12-05T19:30:08+00:00","dateModified":"2021-12-05T19:30:09+00:00","breadcrumb":{"@id":"https:\/\/radioljubuski.ba\/index.php\/2021\/12\/05\/izetbegovic-stranci-vrse-pritiske-na-mene-zele-da-hrvati-biraju-svog-predstavnika-u-predsjednistvo-bih\/#breadcrumb"},"inLanguage":"hr","potentialAction":[{"@type":"ReadAction","target":["https:\/\/radioljubuski.ba\/index.php\/2021\/12\/05\/izetbegovic-stranci-vrse-pritiske-na-mene-zele-da-hrvati-biraju-svog-predstavnika-u-predsjednistvo-bih\/"]}]},{"@type":"BreadcrumbList","@id":"https:\/\/radioljubuski.ba\/index.php\/2021\/12\/05\/izetbegovic-stranci-vrse-pritiske-na-mene-zele-da-hrvati-biraju-svog-predstavnika-u-predsjednistvo-bih\/#breadcrumb","itemListElement":[{"@type":"ListItem","position":1,"name":"Po\u010detna stranica","item":"https:\/\/radioljubuski.ba\/"},{"@type":"ListItem","position":2,"name":"Izetbegovi\u0107: Stranci vr\u0161e pritiske na mene, \u017eele da Hrvati biraju svog predstavnika u Predsjedni\u0161tvo BiH"}]},{"@type":"WebSite","@id":"https:\/\/radioljubuski.ba\/#website","url":"https:\/\/radioljubuski.ba\/","name":"Radio Ljubu\u0161ki","description":"Sun\u010dana frekvencija Hercegovine","publisher":{"@id":"https:\/\/radioljubuski.ba\/#organization"},"potentialAction":[{"@type":"SearchAction","target":{"@type":"EntryPoint","urlTemplate":"https:\/\/radioljubuski.ba\/?s={search_term_string}"},"query-input":{"@type":"PropertyValueSpecification","valueRequired":true,"valueName":"search_term_string"}}],"inLanguage":"hr"},{"@type":"Organization","@id":"https:\/\/radioljubuski.ba\/#organization","name":"Radio Ljubu\u0161ki","url":"https:\/\/radioljubuski.ba\/","logo":{"@type":"ImageObject","inLanguage":"hr","@id":"https:\/\/radioljubuski.ba\/#\/schema\/logo\/image\/","url":"https:\/\/radioljubuski.ba\/wp-content\/uploads\/2021\/02\/cropped-Radio_Ljubuski_logo1.jpg","contentUrl":"https:\/\/radioljubuski.ba\/wp-content\/uploads\/2021\/02\/cropped-Radio_Ljubuski_logo1.jpg","width":512,"height":512,"caption":"Radio Ljubu\u0161ki"},"image":{"@id":"https:\/\/radioljubuski.ba\/#\/schema\/logo\/image\/"},"sameAs":["https:\/\/www.facebook.com\/Radiio-Ljubuski-1490835324566332","https:\/\/x.com\/radioljubuski","https:\/\/hr.linkedin.com\/company\/radio-ljubuski","https:\/\/www.youtube.com\/channel\/UCHYaeO_n0Db3tjNGudGpXyw"]},{"@type":"Person","@id":"https:\/\/radioljubuski.ba\/#\/schema\/person\/19fc700381a780f69665d7956c469e3b","name":"Radio Ljubu\u0161ki"}]}},"_links":{"self":[{"href":"https:\/\/radioljubuski.ba\/index.php\/wp-json\/wp\/v2\/posts\/96230","targetHints":{"allow":["GET"]}}],"collection":[{"href":"https:\/\/radioljubuski.ba\/index.php\/wp-json\/wp\/v2\/posts"}],"about":[{"href":"https:\/\/radioljubuski.ba\/index.php\/wp-json\/wp\/v2\/types\/post"}],"author":[{"embeddable":true,"href":"https:\/\/radioljubuski.ba\/index.php\/wp-json\/wp\/v2\/users\/2"}],"replies":[{"embeddable":true,"href":"https:\/\/radioljubuski.ba\/index.php\/wp-json\/wp\/v2\/comments?post=96230"}],"version-history":[{"count":1,"href":"https:\/\/radioljubuski.ba\/index.php\/wp-json\/wp\/v2\/posts\/96230\/revisions"}],"predecessor-version":[{"id":96232,"href":"https:\/\/radioljubuski.ba\/index.php\/wp-json\/wp\/v2\/posts\/96230\/revisions\/96232"}],"wp:attachment":[{"href":"https:\/\/radioljubuski.ba\/index.php\/wp-json\/wp\/v2\/media?parent=96230"}],"wp:term":[{"taxonomy":"category","embeddable":true,"href":"https:\/\/radioljubuski.ba\/index.php\/wp-json\/wp\/v2\/categories?post=96230"},{"taxonomy":"post_tag","embeddable":true,"href":"https:\/\/radioljubuski.ba\/index.php\/wp-json\/wp\/v2\/tags?post=96230"}],"curies":[{"name":"wp","href":"https:\/\/api.w.org\/{rel}","templated":true}]}}