{"id":96253,"date":"2021-12-05T21:49:11","date_gmt":"2021-12-05T20:49:11","guid":{"rendered":"https:\/\/radioljubuski.ba\/?p=96253"},"modified":"2021-12-05T21:49:13","modified_gmt":"2021-12-05T20:49:13","slug":"nova-godina-nova-poskupljenja-za-bh-gradane","status":"publish","type":"post","link":"https:\/\/radioljubuski.ba\/index.php\/2021\/12\/05\/nova-godina-nova-poskupljenja-za-bh-gradane\/","title":{"rendered":"Nova godina \u2013 nova poskupljenja za bh. gra\u0111ane"},"content":{"rendered":"\n<p>Dok se politi\u010dari prepucavaju, \u017eivotni tro\u0161kovi u BiH sve su ve\u0107i. Svjedo\u010dimo brojnim poskupljenjima, a sve vi\u0161e ljudi mo\u017ee svojom pla\u0107om samo podmiriti osnovne \u017eivotne potrebe. Takav trend, \u010dini se, nastavlja se i u narednoj godini.<\/p>\n\n\n\n<p>Samo je u ratu bilo gore. Sve se manje kupuje\u201d \u2013 pri\u010da za&nbsp;<a href=\"https:\/\/ba.n1info.com\/vijesti\/nova-godina-nova-poskupljenja-za-bh-gradjane\/\" target=\"_blank\" rel=\"noreferrer noopener\">N1&nbsp;<\/a>Nermina, prodava\u010dica cvije\u0107a. 30 godina se bavi ovim poslom. Sada \u017eivimo, smatra ona, u najte\u017eoj poslijeratnoj godini.<\/p>\n\n\n\n<p>\u2018Vjerujte svi gledaju\u2026 ka\u017eu \u201dsamo da pogledam\u201d. Nema svijet para, nema svijet da jede, te\u0161ko je. Pla\u0107e su male, nisu redovne\u2026 Kako Vi \u017eivite od prodaje cvije\u0107a? Te\u0161ko\u2026 ja sam penzioner, radim dodatnu djelatnost. Bude dana ne mogu za stola zaraditi\u2026 12 maraka je zakup stola na pijaci\u201d.<\/p>\n\n\n\n<p>Cijene pak neumoljivo rastu. Skuplje je sve; od hrane, odje\u0107e, prijevoza, pi\u0107a\u2026 cijene na godi\u0161njem nivou vi\u0161e za 4,3%.<\/p>\n\n\n\n<p>\u201cNarod kupuje po jedno\u2026 da mo\u017ee\u0161 da mu prepolovi\u0161 jedan paradajz&#8230; Nemaju ljudi\u2026<\/p>\n\n\n\n<p>Koliko Vam je kilogram paradajza? 4 KM.<\/p>\n\n\n\n<p>A koliko je bilo pro\u0161le godine? 3 KM.<\/p>\n\n\n\n<p>Cijene su skuplje, nego do sada\u2026 sve je poraslo pa i to\u2026 a standard ostao isti\u201c, isti\u010de prodava\u010dica povr\u0107a za N1.<\/p>\n\n\n\n<p>Zbog toga su mnogi primorani zara\u0111ivati na crno. Gra\u0111ani nerijetko odlu\u010duju da kupuju polovnu robu. Gu\u017eva na pijaci.<\/p>\n\n\n\n<p>\u201cJa vi\u0161e ne znam koliko \u0161to ko\u0161ta\u2026 ponese\u0161 novac\u2026 bilo gdje\u2026 na pijacu, granap itd. Kupi\u0161 koliko ima\u0161 jer je svaki dan druga cijena. Stalno raste? Pa normalno\u2026 ne mo\u017ee\u0161 ti vi\u0161e kao prije &#8211; ponese\u0161 20 KM i smisli\u0161 \u0161to \u0107e\u0161 kupiti. Sada 20 KM recimo ni\u0161ta ne zna\u010di, kupi\u0161 pavlaku, djeci lizalo i eto\u201c.<\/p>\n\n\n\n<p>Skuplji su i automobili, a enorman je i rast cijena nekretnina. S novom godinom, dolaze i nova poskupljenja &#8211; naftni derivati, plin, elektri\u010dna energija, rast nenamjenskih kredita, pove\u0107ane su usluge mikrokreditnih organizacija&#8230;<\/p>\n\n\n\n<p>Izvor:N1<\/p>\n","protected":false},"excerpt":{"rendered":"<p>Dok se politi\u010dari prepucavaju, \u017eivotni tro\u0161kovi u BiH sve su ve\u0107i. Svjedo\u010dimo brojnim poskupljenjima, a sve vi\u0161e ljudi mo\u017ee svojom pla\u0107om samo podmiriti osnovne \u017eivotne potrebe. Takav trend, \u010dini se, nastavlja se i u narednoj godini. Samo je u ratu bilo gore. Sve se manje kupuje\u201d \u2013 pri\u010da za&nbsp;N1&nbsp;Nermina, prodava\u010dica cvije\u0107a. 30 godina se bavi [&hellip;]<\/p>\n","protected":false},"author":2,"featured_media":56789,"comment_status":"closed","ping_status":"closed","sticky":false,"template":"","format":"standard","meta":{"h5ap_radio_sources":[],"footnotes":""},"categories":[1],"tags":[],"class_list":["post-96253","post","type-post","status-publish","format-standard","has-post-thumbnail","hentry","category-bihiregija"],"yoast_head":"<!-- This site is optimized with the Yoast SEO plugin v27.4 - https:\/\/yoast.com\/product\/yoast-seo-wordpress\/ -->\n<title>Nova godina \u2013 nova poskupljenja za bh. gra\u0111ane - RADIO LJUBU\u0160KI<\/title>\n<meta name=\"robots\" content=\"index, follow, max-snippet:-1, max-image-preview:large, max-video-preview:-1\" \/>\n<link rel=\"canonical\" href=\"https:\/\/radioljubuski.ba\/index.php\/2021\/12\/05\/nova-godina-nova-poskupljenja-za-bh-gradane\/\" \/>\n<meta property=\"og:locale\" content=\"hr_HR\" \/>\n<meta property=\"og:type\" content=\"article\" \/>\n<meta property=\"og:title\" content=\"Nova godina \u2013 nova poskupljenja za bh. gra\u0111ane - RADIO LJUBU\u0160KI\" \/>\n<meta property=\"og:description\" content=\"Dok se politi\u010dari prepucavaju, \u017eivotni tro\u0161kovi u BiH sve su ve\u0107i. Svjedo\u010dimo brojnim poskupljenjima, a sve vi\u0161e ljudi mo\u017ee svojom pla\u0107om samo podmiriti osnovne \u017eivotne potrebe. Takav trend, \u010dini se, nastavlja se i u narednoj godini. Samo je u ratu bilo gore. Sve se manje kupuje\u201d \u2013 pri\u010da za&nbsp;N1&nbsp;Nermina, prodava\u010dica cvije\u0107a. 30 godina se bavi [&hellip;]\" \/>\n<meta property=\"og:url\" content=\"https:\/\/radioljubuski.ba\/index.php\/2021\/12\/05\/nova-godina-nova-poskupljenja-za-bh-gradane\/\" \/>\n<meta property=\"og:site_name\" content=\"RADIO LJUBU\u0160KI\" \/>\n<meta property=\"article:publisher\" content=\"https:\/\/www.facebook.com\/Radiio-Ljubuski-1490835324566332\" \/>\n<meta property=\"article:published_time\" content=\"2021-12-05T20:49:11+00:00\" \/>\n<meta property=\"article:modified_time\" content=\"2021-12-05T20:49:13+00:00\" \/>\n<meta property=\"og:image\" content=\"https:\/\/radioljubuski.ba\/wp-content\/uploads\/2021\/08\/prodavnica.jpg\" \/>\n\t<meta property=\"og:image:width\" content=\"1000\" \/>\n\t<meta property=\"og:image:height\" content=\"625\" \/>\n\t<meta property=\"og:image:type\" content=\"image\/jpeg\" \/>\n<meta name=\"author\" content=\"Radio Ljubu\u0161ki\" \/>\n<meta name=\"twitter:card\" content=\"summary_large_image\" \/>\n<meta name=\"twitter:creator\" content=\"@radioljubuski\" \/>\n<meta name=\"twitter:site\" content=\"@radioljubuski\" \/>\n<meta name=\"twitter:label1\" content=\"Napisao\/la\" \/>\n\t<meta name=\"twitter:data1\" content=\"Radio Ljubu\u0161ki\" \/>\n\t<meta name=\"twitter:label2\" content=\"Procijenjeno vrijeme \u010ditanja\" \/>\n\t<meta name=\"twitter:data2\" content=\"2 minute\" \/>\n<script type=\"application\/ld+json\" class=\"yoast-schema-graph\">{\"@context\":\"https:\\\/\\\/schema.org\",\"@graph\":[{\"@type\":\"Article\",\"@id\":\"https:\\\/\\\/radioljubuski.ba\\\/index.php\\\/2021\\\/12\\\/05\\\/nova-godina-nova-poskupljenja-za-bh-gradane\\\/#article\",\"isPartOf\":{\"@id\":\"https:\\\/\\\/radioljubuski.ba\\\/index.php\\\/2021\\\/12\\\/05\\\/nova-godina-nova-poskupljenja-za-bh-gradane\\\/\"},\"author\":{\"name\":\"Radio Ljubu\u0161ki\",\"@id\":\"https:\\\/\\\/radioljubuski.ba\\\/#\\\/schema\\\/person\\\/19fc700381a780f69665d7956c469e3b\"},\"headline\":\"Nova godina \u2013 nova poskupljenja za bh. gra\u0111ane\",\"datePublished\":\"2021-12-05T20:49:11+00:00\",\"dateModified\":\"2021-12-05T20:49:13+00:00\",\"mainEntityOfPage\":{\"@id\":\"https:\\\/\\\/radioljubuski.ba\\\/index.php\\\/2021\\\/12\\\/05\\\/nova-godina-nova-poskupljenja-za-bh-gradane\\\/\"},\"wordCount\":330,\"publisher\":{\"@id\":\"https:\\\/\\\/radioljubuski.ba\\\/#organization\"},\"image\":{\"@id\":\"https:\\\/\\\/radioljubuski.ba\\\/index.php\\\/2021\\\/12\\\/05\\\/nova-godina-nova-poskupljenja-za-bh-gradane\\\/#primaryimage\"},\"thumbnailUrl\":\"https:\\\/\\\/radioljubuski.ba\\\/wp-content\\\/uploads\\\/2021\\\/08\\\/prodavnica.jpg\",\"articleSection\":[\"BIH i regija\"],\"inLanguage\":\"hr\"},{\"@type\":\"WebPage\",\"@id\":\"https:\\\/\\\/radioljubuski.ba\\\/index.php\\\/2021\\\/12\\\/05\\\/nova-godina-nova-poskupljenja-za-bh-gradane\\\/\",\"url\":\"https:\\\/\\\/radioljubuski.ba\\\/index.php\\\/2021\\\/12\\\/05\\\/nova-godina-nova-poskupljenja-za-bh-gradane\\\/\",\"name\":\"Nova godina \u2013 nova poskupljenja za bh. gra\u0111ane - RADIO LJUBU\u0160KI\",\"isPartOf\":{\"@id\":\"https:\\\/\\\/radioljubuski.ba\\\/#website\"},\"primaryImageOfPage\":{\"@id\":\"https:\\\/\\\/radioljubuski.ba\\\/index.php\\\/2021\\\/12\\\/05\\\/nova-godina-nova-poskupljenja-za-bh-gradane\\\/#primaryimage\"},\"image\":{\"@id\":\"https:\\\/\\\/radioljubuski.ba\\\/index.php\\\/2021\\\/12\\\/05\\\/nova-godina-nova-poskupljenja-za-bh-gradane\\\/#primaryimage\"},\"thumbnailUrl\":\"https:\\\/\\\/radioljubuski.ba\\\/wp-content\\\/uploads\\\/2021\\\/08\\\/prodavnica.jpg\",\"datePublished\":\"2021-12-05T20:49:11+00:00\",\"dateModified\":\"2021-12-05T20:49:13+00:00\",\"breadcrumb\":{\"@id\":\"https:\\\/\\\/radioljubuski.ba\\\/index.php\\\/2021\\\/12\\\/05\\\/nova-godina-nova-poskupljenja-za-bh-gradane\\\/#breadcrumb\"},\"inLanguage\":\"hr\",\"potentialAction\":[{\"@type\":\"ReadAction\",\"target\":[\"https:\\\/\\\/radioljubuski.ba\\\/index.php\\\/2021\\\/12\\\/05\\\/nova-godina-nova-poskupljenja-za-bh-gradane\\\/\"]}]},{\"@type\":\"ImageObject\",\"inLanguage\":\"hr\",\"@id\":\"https:\\\/\\\/radioljubuski.ba\\\/index.php\\\/2021\\\/12\\\/05\\\/nova-godina-nova-poskupljenja-za-bh-gradane\\\/#primaryimage\",\"url\":\"https:\\\/\\\/radioljubuski.ba\\\/wp-content\\\/uploads\\\/2021\\\/08\\\/prodavnica.jpg\",\"contentUrl\":\"https:\\\/\\\/radioljubuski.ba\\\/wp-content\\\/uploads\\\/2021\\\/08\\\/prodavnica.jpg\",\"width\":1000,\"height\":625},{\"@type\":\"BreadcrumbList\",\"@id\":\"https:\\\/\\\/radioljubuski.ba\\\/index.php\\\/2021\\\/12\\\/05\\\/nova-godina-nova-poskupljenja-za-bh-gradane\\\/#breadcrumb\",\"itemListElement\":[{\"@type\":\"ListItem\",\"position\":1,\"name\":\"Po\u010detna stranica\",\"item\":\"https:\\\/\\\/radioljubuski.ba\\\/\"},{\"@type\":\"ListItem\",\"position\":2,\"name\":\"Nova godina \u2013 nova poskupljenja za bh. gra\u0111ane\"}]},{\"@type\":\"WebSite\",\"@id\":\"https:\\\/\\\/radioljubuski.ba\\\/#website\",\"url\":\"https:\\\/\\\/radioljubuski.ba\\\/\",\"name\":\"Radio Ljubu\u0161ki\",\"description\":\"Sun\u010dana frekvencija Hercegovine\",\"publisher\":{\"@id\":\"https:\\\/\\\/radioljubuski.ba\\\/#organization\"},\"potentialAction\":[{\"@type\":\"SearchAction\",\"target\":{\"@type\":\"EntryPoint\",\"urlTemplate\":\"https:\\\/\\\/radioljubuski.ba\\\/?s={search_term_string}\"},\"query-input\":{\"@type\":\"PropertyValueSpecification\",\"valueRequired\":true,\"valueName\":\"search_term_string\"}}],\"inLanguage\":\"hr\"},{\"@type\":\"Organization\",\"@id\":\"https:\\\/\\\/radioljubuski.ba\\\/#organization\",\"name\":\"Radio Ljubu\u0161ki\",\"url\":\"https:\\\/\\\/radioljubuski.ba\\\/\",\"logo\":{\"@type\":\"ImageObject\",\"inLanguage\":\"hr\",\"@id\":\"https:\\\/\\\/radioljubuski.ba\\\/#\\\/schema\\\/logo\\\/image\\\/\",\"url\":\"https:\\\/\\\/radioljubuski.ba\\\/wp-content\\\/uploads\\\/2021\\\/02\\\/cropped-Radio_Ljubuski_logo1.jpg\",\"contentUrl\":\"https:\\\/\\\/radioljubuski.ba\\\/wp-content\\\/uploads\\\/2021\\\/02\\\/cropped-Radio_Ljubuski_logo1.jpg\",\"width\":512,\"height\":512,\"caption\":\"Radio Ljubu\u0161ki\"},\"image\":{\"@id\":\"https:\\\/\\\/radioljubuski.ba\\\/#\\\/schema\\\/logo\\\/image\\\/\"},\"sameAs\":[\"https:\\\/\\\/www.facebook.com\\\/Radiio-Ljubuski-1490835324566332\",\"https:\\\/\\\/x.com\\\/radioljubuski\",\"https:\\\/\\\/hr.linkedin.com\\\/company\\\/radio-ljubuski\",\"https:\\\/\\\/www.youtube.com\\\/channel\\\/UCHYaeO_n0Db3tjNGudGpXyw\"]},{\"@type\":\"Person\",\"@id\":\"https:\\\/\\\/radioljubuski.ba\\\/#\\\/schema\\\/person\\\/19fc700381a780f69665d7956c469e3b\",\"name\":\"Radio Ljubu\u0161ki\"}]}<\/script>\n<!-- \/ Yoast SEO plugin. -->","yoast_head_json":{"title":"Nova godina \u2013 nova poskupljenja za bh. gra\u0111ane - RADIO LJUBU\u0160KI","robots":{"index":"index","follow":"follow","max-snippet":"max-snippet:-1","max-image-preview":"max-image-preview:large","max-video-preview":"max-video-preview:-1"},"canonical":"https:\/\/radioljubuski.ba\/index.php\/2021\/12\/05\/nova-godina-nova-poskupljenja-za-bh-gradane\/","og_locale":"hr_HR","og_type":"article","og_title":"Nova godina \u2013 nova poskupljenja za bh. gra\u0111ane - RADIO LJUBU\u0160KI","og_description":"Dok se politi\u010dari prepucavaju, \u017eivotni tro\u0161kovi u BiH sve su ve\u0107i. Svjedo\u010dimo brojnim poskupljenjima, a sve vi\u0161e ljudi mo\u017ee svojom pla\u0107om samo podmiriti osnovne \u017eivotne potrebe. Takav trend, \u010dini se, nastavlja se i u narednoj godini. Samo je u ratu bilo gore. Sve se manje kupuje\u201d \u2013 pri\u010da za&nbsp;N1&nbsp;Nermina, prodava\u010dica cvije\u0107a. 30 godina se bavi [&hellip;]","og_url":"https:\/\/radioljubuski.ba\/index.php\/2021\/12\/05\/nova-godina-nova-poskupljenja-za-bh-gradane\/","og_site_name":"RADIO LJUBU\u0160KI","article_publisher":"https:\/\/www.facebook.com\/Radiio-Ljubuski-1490835324566332","article_published_time":"2021-12-05T20:49:11+00:00","article_modified_time":"2021-12-05T20:49:13+00:00","og_image":[{"width":1000,"height":625,"url":"https:\/\/radioljubuski.ba\/wp-content\/uploads\/2021\/08\/prodavnica.jpg","type":"image\/jpeg"}],"author":"Radio Ljubu\u0161ki","twitter_card":"summary_large_image","twitter_creator":"@radioljubuski","twitter_site":"@radioljubuski","twitter_misc":{"Napisao\/la":"Radio Ljubu\u0161ki","Procijenjeno vrijeme \u010ditanja":"2 minute"},"schema":{"@context":"https:\/\/schema.org","@graph":[{"@type":"Article","@id":"https:\/\/radioljubuski.ba\/index.php\/2021\/12\/05\/nova-godina-nova-poskupljenja-za-bh-gradane\/#article","isPartOf":{"@id":"https:\/\/radioljubuski.ba\/index.php\/2021\/12\/05\/nova-godina-nova-poskupljenja-za-bh-gradane\/"},"author":{"name":"Radio Ljubu\u0161ki","@id":"https:\/\/radioljubuski.ba\/#\/schema\/person\/19fc700381a780f69665d7956c469e3b"},"headline":"Nova godina \u2013 nova poskupljenja za bh. gra\u0111ane","datePublished":"2021-12-05T20:49:11+00:00","dateModified":"2021-12-05T20:49:13+00:00","mainEntityOfPage":{"@id":"https:\/\/radioljubuski.ba\/index.php\/2021\/12\/05\/nova-godina-nova-poskupljenja-za-bh-gradane\/"},"wordCount":330,"publisher":{"@id":"https:\/\/radioljubuski.ba\/#organization"},"image":{"@id":"https:\/\/radioljubuski.ba\/index.php\/2021\/12\/05\/nova-godina-nova-poskupljenja-za-bh-gradane\/#primaryimage"},"thumbnailUrl":"https:\/\/radioljubuski.ba\/wp-content\/uploads\/2021\/08\/prodavnica.jpg","articleSection":["BIH i regija"],"inLanguage":"hr"},{"@type":"WebPage","@id":"https:\/\/radioljubuski.ba\/index.php\/2021\/12\/05\/nova-godina-nova-poskupljenja-za-bh-gradane\/","url":"https:\/\/radioljubuski.ba\/index.php\/2021\/12\/05\/nova-godina-nova-poskupljenja-za-bh-gradane\/","name":"Nova godina \u2013 nova poskupljenja za bh. gra\u0111ane - RADIO LJUBU\u0160KI","isPartOf":{"@id":"https:\/\/radioljubuski.ba\/#website"},"primaryImageOfPage":{"@id":"https:\/\/radioljubuski.ba\/index.php\/2021\/12\/05\/nova-godina-nova-poskupljenja-za-bh-gradane\/#primaryimage"},"image":{"@id":"https:\/\/radioljubuski.ba\/index.php\/2021\/12\/05\/nova-godina-nova-poskupljenja-za-bh-gradane\/#primaryimage"},"thumbnailUrl":"https:\/\/radioljubuski.ba\/wp-content\/uploads\/2021\/08\/prodavnica.jpg","datePublished":"2021-12-05T20:49:11+00:00","dateModified":"2021-12-05T20:49:13+00:00","breadcrumb":{"@id":"https:\/\/radioljubuski.ba\/index.php\/2021\/12\/05\/nova-godina-nova-poskupljenja-za-bh-gradane\/#breadcrumb"},"inLanguage":"hr","potentialAction":[{"@type":"ReadAction","target":["https:\/\/radioljubuski.ba\/index.php\/2021\/12\/05\/nova-godina-nova-poskupljenja-za-bh-gradane\/"]}]},{"@type":"ImageObject","inLanguage":"hr","@id":"https:\/\/radioljubuski.ba\/index.php\/2021\/12\/05\/nova-godina-nova-poskupljenja-za-bh-gradane\/#primaryimage","url":"https:\/\/radioljubuski.ba\/wp-content\/uploads\/2021\/08\/prodavnica.jpg","contentUrl":"https:\/\/radioljubuski.ba\/wp-content\/uploads\/2021\/08\/prodavnica.jpg","width":1000,"height":625},{"@type":"BreadcrumbList","@id":"https:\/\/radioljubuski.ba\/index.php\/2021\/12\/05\/nova-godina-nova-poskupljenja-za-bh-gradane\/#breadcrumb","itemListElement":[{"@type":"ListItem","position":1,"name":"Po\u010detna stranica","item":"https:\/\/radioljubuski.ba\/"},{"@type":"ListItem","position":2,"name":"Nova godina \u2013 nova poskupljenja za bh. gra\u0111ane"}]},{"@type":"WebSite","@id":"https:\/\/radioljubuski.ba\/#website","url":"https:\/\/radioljubuski.ba\/","name":"Radio Ljubu\u0161ki","description":"Sun\u010dana frekvencija Hercegovine","publisher":{"@id":"https:\/\/radioljubuski.ba\/#organization"},"potentialAction":[{"@type":"SearchAction","target":{"@type":"EntryPoint","urlTemplate":"https:\/\/radioljubuski.ba\/?s={search_term_string}"},"query-input":{"@type":"PropertyValueSpecification","valueRequired":true,"valueName":"search_term_string"}}],"inLanguage":"hr"},{"@type":"Organization","@id":"https:\/\/radioljubuski.ba\/#organization","name":"Radio Ljubu\u0161ki","url":"https:\/\/radioljubuski.ba\/","logo":{"@type":"ImageObject","inLanguage":"hr","@id":"https:\/\/radioljubuski.ba\/#\/schema\/logo\/image\/","url":"https:\/\/radioljubuski.ba\/wp-content\/uploads\/2021\/02\/cropped-Radio_Ljubuski_logo1.jpg","contentUrl":"https:\/\/radioljubuski.ba\/wp-content\/uploads\/2021\/02\/cropped-Radio_Ljubuski_logo1.jpg","width":512,"height":512,"caption":"Radio Ljubu\u0161ki"},"image":{"@id":"https:\/\/radioljubuski.ba\/#\/schema\/logo\/image\/"},"sameAs":["https:\/\/www.facebook.com\/Radiio-Ljubuski-1490835324566332","https:\/\/x.com\/radioljubuski","https:\/\/hr.linkedin.com\/company\/radio-ljubuski","https:\/\/www.youtube.com\/channel\/UCHYaeO_n0Db3tjNGudGpXyw"]},{"@type":"Person","@id":"https:\/\/radioljubuski.ba\/#\/schema\/person\/19fc700381a780f69665d7956c469e3b","name":"Radio Ljubu\u0161ki"}]}},"_links":{"self":[{"href":"https:\/\/radioljubuski.ba\/index.php\/wp-json\/wp\/v2\/posts\/96253","targetHints":{"allow":["GET"]}}],"collection":[{"href":"https:\/\/radioljubuski.ba\/index.php\/wp-json\/wp\/v2\/posts"}],"about":[{"href":"https:\/\/radioljubuski.ba\/index.php\/wp-json\/wp\/v2\/types\/post"}],"author":[{"embeddable":true,"href":"https:\/\/radioljubuski.ba\/index.php\/wp-json\/wp\/v2\/users\/2"}],"replies":[{"embeddable":true,"href":"https:\/\/radioljubuski.ba\/index.php\/wp-json\/wp\/v2\/comments?post=96253"}],"version-history":[{"count":1,"href":"https:\/\/radioljubuski.ba\/index.php\/wp-json\/wp\/v2\/posts\/96253\/revisions"}],"predecessor-version":[{"id":96254,"href":"https:\/\/radioljubuski.ba\/index.php\/wp-json\/wp\/v2\/posts\/96253\/revisions\/96254"}],"wp:featuredmedia":[{"embeddable":true,"href":"https:\/\/radioljubuski.ba\/index.php\/wp-json\/wp\/v2\/media\/56789"}],"wp:attachment":[{"href":"https:\/\/radioljubuski.ba\/index.php\/wp-json\/wp\/v2\/media?parent=96253"}],"wp:term":[{"taxonomy":"category","embeddable":true,"href":"https:\/\/radioljubuski.ba\/index.php\/wp-json\/wp\/v2\/categories?post=96253"},{"taxonomy":"post_tag","embeddable":true,"href":"https:\/\/radioljubuski.ba\/index.php\/wp-json\/wp\/v2\/tags?post=96253"}],"curies":[{"name":"wp","href":"https:\/\/api.w.org\/{rel}","templated":true}]}}