{"id":96264,"date":"2021-12-05T22:21:38","date_gmt":"2021-12-05T21:21:38","guid":{"rendered":"https:\/\/radioljubuski.ba\/?p=96264"},"modified":"2021-12-05T22:21:39","modified_gmt":"2021-12-05T21:21:39","slug":"fauci-stizu-prvi-ohrabrujuci-znakovi-u-pogledu-ozbiljnosti-zaraze-omikronom","status":"publish","type":"post","link":"https:\/\/radioljubuski.ba\/index.php\/2021\/12\/05\/fauci-stizu-prvi-ohrabrujuci-znakovi-u-pogledu-ozbiljnosti-zaraze-omikronom\/","title":{"rendered":"Fauci: Sti\u017eu prvi ohrabruju\u0107i znakovi u pogledu ozbiljnosti zaraze omikronom"},"content":{"rendered":"\n<p>Iz Ju\u017enoafri\u010dke Republike sti\u017eu prvi &#8220;pomalo ohrabruju\u0107i znakovi&#8221; kada je posrijedi ozbiljnost slu\u010dajeva zaraze varijantom omikron, rekao je u nedjelju savjetnik Bijele ku\u0107e za zdravstvenu krizu dr. Anthony Fauci, upozoriv\u0161i da su to ipak tek preliminarni podaci.<\/p>\n\n\n\n<p>\u201cJasno je da se u Ju\u017enoafri\u010dkoj Republici omikron \u0161iri\u201d, rekao je u intervjuu za CNN, aludiraju\u0107i na \u201cvertikalnu\u201d krivulju koja se odnosi na broj novih slu\u010dajeva zaraze u toj zemlji.<\/p>\n\n\n\n<p>\u201cNo zasad, premda je prerano donositi bilo kakve \u010dvrste zaklju\u010dke, ne \u010dini se da omikron predstavlja visok stupanj zabrinutosti kad je rije\u010d o obolijevanju. Zasad su znakovi koji se odnose na te\u017einu bolesti pomalo ohrabruju\u0107i\u201d, ponovio je.<\/p>\n\n\n\n<p>No zdravstveni stru\u010dnjaci posljednjih dana isti\u010du da je stanovni\u0161tvo Ju\u017enoafri\u010dke Republike vrlo mlado te da se tek u narednim tjednima mogu o\u010dekivati \u200b\u200bozbiljniji slu\u010dajevi bolesti.<\/p>\n\n\n\n<p>U tijeku su laboratorijske studije \u010dija je svrha ustanoviti je li i u kojoj je mjeri prenosiva nova varijanta koronavirusa te u kojoj je mjeri sposobna zaobi\u0107i imunitet ste\u010den nakon prve infekcije ili cijepljenja i mo\u017ee li prouzro\u010diti te\u017ee oblike bolesti.<\/p>\n\n\n\n<p>\u201cMislim da postoji realan rizik da \u0107emo svjedo\u010diti smanjenju u\u010dinkovitosti cjepiva\u201d, rekao je u nedjelju ABC-ju Stephen Hoge, direktor Moderne, \u0161to je prije njega kazao i izvr\u0161ni direktori tvrtke St\u00e9phane Bancel.<\/p>\n\n\n\n<p>\u201cJedino \u0161to u ovom trenutku ne znam je u kolikoj \u0107e mjeri ta u\u010dinkovitost biti smanjena. Ho\u0107e li to biti kao u slu\u010daju delte, varijante koronavirusa protiv koje su cjepiva ipak ostala djelotvorna, ili \u0107e smanjenje u\u010dinkovitosti iznositi 50 posto, \u0161to bi zna\u010dilo da ih moramo nadograditi\u201d, rekao je.<\/p>\n\n\n\n<p>Moderna je, poput ostalih farmaceutskih tvrtki, uklju\u010duju\u0107i i Pfizer, ve\u0107 po\u010dela raditi na prilagodbi postoje\u0107eg cjepiva ako to bude potrebno.<\/p>\n\n\n\n<p>Omikron je, otkad je prvi put otkriven u Ju\u017enoafri\u010dkoj Republici, dosad potvr\u0111en u najmanje 15 ameri\u010dkih saveznih dr\u017eava i oko 40 zemalja svijeta.<\/p>\n\n\n\n<p>Sjedinjene Dr\u017eave su na tjedan dana zatvorile svoju granicu s ovom dr\u017eavom, ali i s jo\u0161 sedam zemalja ju\u017ene Afrike.<\/p>\n\n\n\n<p>Fauci je u nedjelju rekao kako se nada da \u0107e ova zabrana biti ukinuta \u201cu razumnom roku\u201d.<\/p>\n\n\n\n<p>Izvor:pogled.ba<\/p>\n","protected":false},"excerpt":{"rendered":"<p>Iz Ju\u017enoafri\u010dke Republike sti\u017eu prvi &#8220;pomalo ohrabruju\u0107i znakovi&#8221; kada je posrijedi ozbiljnost slu\u010dajeva zaraze varijantom omikron, rekao je u nedjelju savjetnik Bijele ku\u0107e za zdravstvenu krizu dr. Anthony Fauci, upozoriv\u0161i da su to ipak tek preliminarni podaci. \u201cJasno je da se u Ju\u017enoafri\u010dkoj Republici omikron \u0161iri\u201d, rekao je u intervjuu za CNN, aludiraju\u0107i na \u201cvertikalnu\u201d [&hellip;]<\/p>\n","protected":false},"author":2,"featured_media":96265,"comment_status":"closed","ping_status":"closed","sticky":false,"template":"","format":"standard","meta":{"h5ap_radio_sources":[],"footnotes":""},"categories":[1],"tags":[],"class_list":["post-96264","post","type-post","status-publish","format-standard","has-post-thumbnail","hentry","category-bihiregija"],"yoast_head":"<!-- This site is optimized with the Yoast SEO plugin v27.4 - https:\/\/yoast.com\/product\/yoast-seo-wordpress\/ -->\n<title>Fauci: Sti\u017eu prvi ohrabruju\u0107i znakovi u pogledu ozbiljnosti zaraze omikronom - RADIO LJUBU\u0160KI<\/title>\n<meta name=\"robots\" content=\"index, follow, max-snippet:-1, max-image-preview:large, max-video-preview:-1\" \/>\n<link rel=\"canonical\" href=\"https:\/\/radioljubuski.ba\/index.php\/2021\/12\/05\/fauci-stizu-prvi-ohrabrujuci-znakovi-u-pogledu-ozbiljnosti-zaraze-omikronom\/\" \/>\n<meta property=\"og:locale\" content=\"hr_HR\" \/>\n<meta property=\"og:type\" content=\"article\" \/>\n<meta property=\"og:title\" content=\"Fauci: Sti\u017eu prvi ohrabruju\u0107i znakovi u pogledu ozbiljnosti zaraze omikronom - RADIO LJUBU\u0160KI\" \/>\n<meta property=\"og:description\" content=\"Iz Ju\u017enoafri\u010dke Republike sti\u017eu prvi &#8220;pomalo ohrabruju\u0107i znakovi&#8221; kada je posrijedi ozbiljnost slu\u010dajeva zaraze varijantom omikron, rekao je u nedjelju savjetnik Bijele ku\u0107e za zdravstvenu krizu dr. Anthony Fauci, upozoriv\u0161i da su to ipak tek preliminarni podaci. \u201cJasno je da se u Ju\u017enoafri\u010dkoj Republici omikron \u0161iri\u201d, rekao je u intervjuu za CNN, aludiraju\u0107i na \u201cvertikalnu\u201d [&hellip;]\" \/>\n<meta property=\"og:url\" content=\"https:\/\/radioljubuski.ba\/index.php\/2021\/12\/05\/fauci-stizu-prvi-ohrabrujuci-znakovi-u-pogledu-ozbiljnosti-zaraze-omikronom\/\" \/>\n<meta property=\"og:site_name\" content=\"RADIO LJUBU\u0160KI\" \/>\n<meta property=\"article:publisher\" content=\"https:\/\/www.facebook.com\/Radiio-Ljubuski-1490835324566332\" \/>\n<meta property=\"article:published_time\" content=\"2021-12-05T21:21:38+00:00\" \/>\n<meta property=\"article:modified_time\" content=\"2021-12-05T21:21:39+00:00\" \/>\n<meta property=\"og:image\" content=\"https:\/\/radioljubuski.ba\/wp-content\/uploads\/2021\/12\/9-2021-03-14-18-41-00-fauci123.jpg\" \/>\n\t<meta property=\"og:image:width\" content=\"1000\" \/>\n\t<meta property=\"og:image:height\" content=\"625\" \/>\n\t<meta property=\"og:image:type\" content=\"image\/jpeg\" \/>\n<meta name=\"author\" content=\"Radio Ljubu\u0161ki\" \/>\n<meta name=\"twitter:card\" content=\"summary_large_image\" \/>\n<meta name=\"twitter:creator\" content=\"@radioljubuski\" \/>\n<meta name=\"twitter:site\" content=\"@radioljubuski\" \/>\n<meta name=\"twitter:label1\" content=\"Napisao\/la\" \/>\n\t<meta name=\"twitter:data1\" content=\"Radio Ljubu\u0161ki\" \/>\n\t<meta name=\"twitter:label2\" content=\"Procijenjeno vrijeme \u010ditanja\" \/>\n\t<meta name=\"twitter:data2\" content=\"2 minute\" \/>\n<script type=\"application\/ld+json\" class=\"yoast-schema-graph\">{\"@context\":\"https:\\\/\\\/schema.org\",\"@graph\":[{\"@type\":\"Article\",\"@id\":\"https:\\\/\\\/radioljubuski.ba\\\/index.php\\\/2021\\\/12\\\/05\\\/fauci-stizu-prvi-ohrabrujuci-znakovi-u-pogledu-ozbiljnosti-zaraze-omikronom\\\/#article\",\"isPartOf\":{\"@id\":\"https:\\\/\\\/radioljubuski.ba\\\/index.php\\\/2021\\\/12\\\/05\\\/fauci-stizu-prvi-ohrabrujuci-znakovi-u-pogledu-ozbiljnosti-zaraze-omikronom\\\/\"},\"author\":{\"name\":\"Radio Ljubu\u0161ki\",\"@id\":\"https:\\\/\\\/radioljubuski.ba\\\/#\\\/schema\\\/person\\\/19fc700381a780f69665d7956c469e3b\"},\"headline\":\"Fauci: Sti\u017eu prvi ohrabruju\u0107i znakovi u pogledu ozbiljnosti zaraze omikronom\",\"datePublished\":\"2021-12-05T21:21:38+00:00\",\"dateModified\":\"2021-12-05T21:21:39+00:00\",\"mainEntityOfPage\":{\"@id\":\"https:\\\/\\\/radioljubuski.ba\\\/index.php\\\/2021\\\/12\\\/05\\\/fauci-stizu-prvi-ohrabrujuci-znakovi-u-pogledu-ozbiljnosti-zaraze-omikronom\\\/\"},\"wordCount\":389,\"publisher\":{\"@id\":\"https:\\\/\\\/radioljubuski.ba\\\/#organization\"},\"image\":{\"@id\":\"https:\\\/\\\/radioljubuski.ba\\\/index.php\\\/2021\\\/12\\\/05\\\/fauci-stizu-prvi-ohrabrujuci-znakovi-u-pogledu-ozbiljnosti-zaraze-omikronom\\\/#primaryimage\"},\"thumbnailUrl\":\"https:\\\/\\\/radioljubuski.ba\\\/wp-content\\\/uploads\\\/2021\\\/12\\\/9-2021-03-14-18-41-00-fauci123.jpg\",\"articleSection\":[\"BIH i regija\"],\"inLanguage\":\"hr\"},{\"@type\":\"WebPage\",\"@id\":\"https:\\\/\\\/radioljubuski.ba\\\/index.php\\\/2021\\\/12\\\/05\\\/fauci-stizu-prvi-ohrabrujuci-znakovi-u-pogledu-ozbiljnosti-zaraze-omikronom\\\/\",\"url\":\"https:\\\/\\\/radioljubuski.ba\\\/index.php\\\/2021\\\/12\\\/05\\\/fauci-stizu-prvi-ohrabrujuci-znakovi-u-pogledu-ozbiljnosti-zaraze-omikronom\\\/\",\"name\":\"Fauci: Sti\u017eu prvi ohrabruju\u0107i znakovi u pogledu ozbiljnosti zaraze omikronom - RADIO LJUBU\u0160KI\",\"isPartOf\":{\"@id\":\"https:\\\/\\\/radioljubuski.ba\\\/#website\"},\"primaryImageOfPage\":{\"@id\":\"https:\\\/\\\/radioljubuski.ba\\\/index.php\\\/2021\\\/12\\\/05\\\/fauci-stizu-prvi-ohrabrujuci-znakovi-u-pogledu-ozbiljnosti-zaraze-omikronom\\\/#primaryimage\"},\"image\":{\"@id\":\"https:\\\/\\\/radioljubuski.ba\\\/index.php\\\/2021\\\/12\\\/05\\\/fauci-stizu-prvi-ohrabrujuci-znakovi-u-pogledu-ozbiljnosti-zaraze-omikronom\\\/#primaryimage\"},\"thumbnailUrl\":\"https:\\\/\\\/radioljubuski.ba\\\/wp-content\\\/uploads\\\/2021\\\/12\\\/9-2021-03-14-18-41-00-fauci123.jpg\",\"datePublished\":\"2021-12-05T21:21:38+00:00\",\"dateModified\":\"2021-12-05T21:21:39+00:00\",\"breadcrumb\":{\"@id\":\"https:\\\/\\\/radioljubuski.ba\\\/index.php\\\/2021\\\/12\\\/05\\\/fauci-stizu-prvi-ohrabrujuci-znakovi-u-pogledu-ozbiljnosti-zaraze-omikronom\\\/#breadcrumb\"},\"inLanguage\":\"hr\",\"potentialAction\":[{\"@type\":\"ReadAction\",\"target\":[\"https:\\\/\\\/radioljubuski.ba\\\/index.php\\\/2021\\\/12\\\/05\\\/fauci-stizu-prvi-ohrabrujuci-znakovi-u-pogledu-ozbiljnosti-zaraze-omikronom\\\/\"]}]},{\"@type\":\"ImageObject\",\"inLanguage\":\"hr\",\"@id\":\"https:\\\/\\\/radioljubuski.ba\\\/index.php\\\/2021\\\/12\\\/05\\\/fauci-stizu-prvi-ohrabrujuci-znakovi-u-pogledu-ozbiljnosti-zaraze-omikronom\\\/#primaryimage\",\"url\":\"https:\\\/\\\/radioljubuski.ba\\\/wp-content\\\/uploads\\\/2021\\\/12\\\/9-2021-03-14-18-41-00-fauci123.jpg\",\"contentUrl\":\"https:\\\/\\\/radioljubuski.ba\\\/wp-content\\\/uploads\\\/2021\\\/12\\\/9-2021-03-14-18-41-00-fauci123.jpg\",\"width\":1000,\"height\":625},{\"@type\":\"BreadcrumbList\",\"@id\":\"https:\\\/\\\/radioljubuski.ba\\\/index.php\\\/2021\\\/12\\\/05\\\/fauci-stizu-prvi-ohrabrujuci-znakovi-u-pogledu-ozbiljnosti-zaraze-omikronom\\\/#breadcrumb\",\"itemListElement\":[{\"@type\":\"ListItem\",\"position\":1,\"name\":\"Po\u010detna stranica\",\"item\":\"https:\\\/\\\/radioljubuski.ba\\\/\"},{\"@type\":\"ListItem\",\"position\":2,\"name\":\"Fauci: Sti\u017eu prvi ohrabruju\u0107i znakovi u pogledu ozbiljnosti zaraze omikronom\"}]},{\"@type\":\"WebSite\",\"@id\":\"https:\\\/\\\/radioljubuski.ba\\\/#website\",\"url\":\"https:\\\/\\\/radioljubuski.ba\\\/\",\"name\":\"Radio Ljubu\u0161ki\",\"description\":\"Sun\u010dana frekvencija Hercegovine\",\"publisher\":{\"@id\":\"https:\\\/\\\/radioljubuski.ba\\\/#organization\"},\"potentialAction\":[{\"@type\":\"SearchAction\",\"target\":{\"@type\":\"EntryPoint\",\"urlTemplate\":\"https:\\\/\\\/radioljubuski.ba\\\/?s={search_term_string}\"},\"query-input\":{\"@type\":\"PropertyValueSpecification\",\"valueRequired\":true,\"valueName\":\"search_term_string\"}}],\"inLanguage\":\"hr\"},{\"@type\":\"Organization\",\"@id\":\"https:\\\/\\\/radioljubuski.ba\\\/#organization\",\"name\":\"Radio Ljubu\u0161ki\",\"url\":\"https:\\\/\\\/radioljubuski.ba\\\/\",\"logo\":{\"@type\":\"ImageObject\",\"inLanguage\":\"hr\",\"@id\":\"https:\\\/\\\/radioljubuski.ba\\\/#\\\/schema\\\/logo\\\/image\\\/\",\"url\":\"https:\\\/\\\/radioljubuski.ba\\\/wp-content\\\/uploads\\\/2021\\\/02\\\/cropped-Radio_Ljubuski_logo1.jpg\",\"contentUrl\":\"https:\\\/\\\/radioljubuski.ba\\\/wp-content\\\/uploads\\\/2021\\\/02\\\/cropped-Radio_Ljubuski_logo1.jpg\",\"width\":512,\"height\":512,\"caption\":\"Radio Ljubu\u0161ki\"},\"image\":{\"@id\":\"https:\\\/\\\/radioljubuski.ba\\\/#\\\/schema\\\/logo\\\/image\\\/\"},\"sameAs\":[\"https:\\\/\\\/www.facebook.com\\\/Radiio-Ljubuski-1490835324566332\",\"https:\\\/\\\/x.com\\\/radioljubuski\",\"https:\\\/\\\/hr.linkedin.com\\\/company\\\/radio-ljubuski\",\"https:\\\/\\\/www.youtube.com\\\/channel\\\/UCHYaeO_n0Db3tjNGudGpXyw\"]},{\"@type\":\"Person\",\"@id\":\"https:\\\/\\\/radioljubuski.ba\\\/#\\\/schema\\\/person\\\/19fc700381a780f69665d7956c469e3b\",\"name\":\"Radio Ljubu\u0161ki\"}]}<\/script>\n<!-- \/ Yoast SEO plugin. -->","yoast_head_json":{"title":"Fauci: Sti\u017eu prvi ohrabruju\u0107i znakovi u pogledu ozbiljnosti zaraze omikronom - RADIO LJUBU\u0160KI","robots":{"index":"index","follow":"follow","max-snippet":"max-snippet:-1","max-image-preview":"max-image-preview:large","max-video-preview":"max-video-preview:-1"},"canonical":"https:\/\/radioljubuski.ba\/index.php\/2021\/12\/05\/fauci-stizu-prvi-ohrabrujuci-znakovi-u-pogledu-ozbiljnosti-zaraze-omikronom\/","og_locale":"hr_HR","og_type":"article","og_title":"Fauci: Sti\u017eu prvi ohrabruju\u0107i znakovi u pogledu ozbiljnosti zaraze omikronom - RADIO LJUBU\u0160KI","og_description":"Iz Ju\u017enoafri\u010dke Republike sti\u017eu prvi &#8220;pomalo ohrabruju\u0107i znakovi&#8221; kada je posrijedi ozbiljnost slu\u010dajeva zaraze varijantom omikron, rekao je u nedjelju savjetnik Bijele ku\u0107e za zdravstvenu krizu dr. Anthony Fauci, upozoriv\u0161i da su to ipak tek preliminarni podaci. \u201cJasno je da se u Ju\u017enoafri\u010dkoj Republici omikron \u0161iri\u201d, rekao je u intervjuu za CNN, aludiraju\u0107i na \u201cvertikalnu\u201d [&hellip;]","og_url":"https:\/\/radioljubuski.ba\/index.php\/2021\/12\/05\/fauci-stizu-prvi-ohrabrujuci-znakovi-u-pogledu-ozbiljnosti-zaraze-omikronom\/","og_site_name":"RADIO LJUBU\u0160KI","article_publisher":"https:\/\/www.facebook.com\/Radiio-Ljubuski-1490835324566332","article_published_time":"2021-12-05T21:21:38+00:00","article_modified_time":"2021-12-05T21:21:39+00:00","og_image":[{"width":1000,"height":625,"url":"https:\/\/radioljubuski.ba\/wp-content\/uploads\/2021\/12\/9-2021-03-14-18-41-00-fauci123.jpg","type":"image\/jpeg"}],"author":"Radio Ljubu\u0161ki","twitter_card":"summary_large_image","twitter_creator":"@radioljubuski","twitter_site":"@radioljubuski","twitter_misc":{"Napisao\/la":"Radio Ljubu\u0161ki","Procijenjeno vrijeme \u010ditanja":"2 minute"},"schema":{"@context":"https:\/\/schema.org","@graph":[{"@type":"Article","@id":"https:\/\/radioljubuski.ba\/index.php\/2021\/12\/05\/fauci-stizu-prvi-ohrabrujuci-znakovi-u-pogledu-ozbiljnosti-zaraze-omikronom\/#article","isPartOf":{"@id":"https:\/\/radioljubuski.ba\/index.php\/2021\/12\/05\/fauci-stizu-prvi-ohrabrujuci-znakovi-u-pogledu-ozbiljnosti-zaraze-omikronom\/"},"author":{"name":"Radio Ljubu\u0161ki","@id":"https:\/\/radioljubuski.ba\/#\/schema\/person\/19fc700381a780f69665d7956c469e3b"},"headline":"Fauci: Sti\u017eu prvi ohrabruju\u0107i znakovi u pogledu ozbiljnosti zaraze omikronom","datePublished":"2021-12-05T21:21:38+00:00","dateModified":"2021-12-05T21:21:39+00:00","mainEntityOfPage":{"@id":"https:\/\/radioljubuski.ba\/index.php\/2021\/12\/05\/fauci-stizu-prvi-ohrabrujuci-znakovi-u-pogledu-ozbiljnosti-zaraze-omikronom\/"},"wordCount":389,"publisher":{"@id":"https:\/\/radioljubuski.ba\/#organization"},"image":{"@id":"https:\/\/radioljubuski.ba\/index.php\/2021\/12\/05\/fauci-stizu-prvi-ohrabrujuci-znakovi-u-pogledu-ozbiljnosti-zaraze-omikronom\/#primaryimage"},"thumbnailUrl":"https:\/\/radioljubuski.ba\/wp-content\/uploads\/2021\/12\/9-2021-03-14-18-41-00-fauci123.jpg","articleSection":["BIH i regija"],"inLanguage":"hr"},{"@type":"WebPage","@id":"https:\/\/radioljubuski.ba\/index.php\/2021\/12\/05\/fauci-stizu-prvi-ohrabrujuci-znakovi-u-pogledu-ozbiljnosti-zaraze-omikronom\/","url":"https:\/\/radioljubuski.ba\/index.php\/2021\/12\/05\/fauci-stizu-prvi-ohrabrujuci-znakovi-u-pogledu-ozbiljnosti-zaraze-omikronom\/","name":"Fauci: Sti\u017eu prvi ohrabruju\u0107i znakovi u pogledu ozbiljnosti zaraze omikronom - RADIO LJUBU\u0160KI","isPartOf":{"@id":"https:\/\/radioljubuski.ba\/#website"},"primaryImageOfPage":{"@id":"https:\/\/radioljubuski.ba\/index.php\/2021\/12\/05\/fauci-stizu-prvi-ohrabrujuci-znakovi-u-pogledu-ozbiljnosti-zaraze-omikronom\/#primaryimage"},"image":{"@id":"https:\/\/radioljubuski.ba\/index.php\/2021\/12\/05\/fauci-stizu-prvi-ohrabrujuci-znakovi-u-pogledu-ozbiljnosti-zaraze-omikronom\/#primaryimage"},"thumbnailUrl":"https:\/\/radioljubuski.ba\/wp-content\/uploads\/2021\/12\/9-2021-03-14-18-41-00-fauci123.jpg","datePublished":"2021-12-05T21:21:38+00:00","dateModified":"2021-12-05T21:21:39+00:00","breadcrumb":{"@id":"https:\/\/radioljubuski.ba\/index.php\/2021\/12\/05\/fauci-stizu-prvi-ohrabrujuci-znakovi-u-pogledu-ozbiljnosti-zaraze-omikronom\/#breadcrumb"},"inLanguage":"hr","potentialAction":[{"@type":"ReadAction","target":["https:\/\/radioljubuski.ba\/index.php\/2021\/12\/05\/fauci-stizu-prvi-ohrabrujuci-znakovi-u-pogledu-ozbiljnosti-zaraze-omikronom\/"]}]},{"@type":"ImageObject","inLanguage":"hr","@id":"https:\/\/radioljubuski.ba\/index.php\/2021\/12\/05\/fauci-stizu-prvi-ohrabrujuci-znakovi-u-pogledu-ozbiljnosti-zaraze-omikronom\/#primaryimage","url":"https:\/\/radioljubuski.ba\/wp-content\/uploads\/2021\/12\/9-2021-03-14-18-41-00-fauci123.jpg","contentUrl":"https:\/\/radioljubuski.ba\/wp-content\/uploads\/2021\/12\/9-2021-03-14-18-41-00-fauci123.jpg","width":1000,"height":625},{"@type":"BreadcrumbList","@id":"https:\/\/radioljubuski.ba\/index.php\/2021\/12\/05\/fauci-stizu-prvi-ohrabrujuci-znakovi-u-pogledu-ozbiljnosti-zaraze-omikronom\/#breadcrumb","itemListElement":[{"@type":"ListItem","position":1,"name":"Po\u010detna stranica","item":"https:\/\/radioljubuski.ba\/"},{"@type":"ListItem","position":2,"name":"Fauci: Sti\u017eu prvi ohrabruju\u0107i znakovi u pogledu ozbiljnosti zaraze omikronom"}]},{"@type":"WebSite","@id":"https:\/\/radioljubuski.ba\/#website","url":"https:\/\/radioljubuski.ba\/","name":"Radio Ljubu\u0161ki","description":"Sun\u010dana frekvencija Hercegovine","publisher":{"@id":"https:\/\/radioljubuski.ba\/#organization"},"potentialAction":[{"@type":"SearchAction","target":{"@type":"EntryPoint","urlTemplate":"https:\/\/radioljubuski.ba\/?s={search_term_string}"},"query-input":{"@type":"PropertyValueSpecification","valueRequired":true,"valueName":"search_term_string"}}],"inLanguage":"hr"},{"@type":"Organization","@id":"https:\/\/radioljubuski.ba\/#organization","name":"Radio Ljubu\u0161ki","url":"https:\/\/radioljubuski.ba\/","logo":{"@type":"ImageObject","inLanguage":"hr","@id":"https:\/\/radioljubuski.ba\/#\/schema\/logo\/image\/","url":"https:\/\/radioljubuski.ba\/wp-content\/uploads\/2021\/02\/cropped-Radio_Ljubuski_logo1.jpg","contentUrl":"https:\/\/radioljubuski.ba\/wp-content\/uploads\/2021\/02\/cropped-Radio_Ljubuski_logo1.jpg","width":512,"height":512,"caption":"Radio Ljubu\u0161ki"},"image":{"@id":"https:\/\/radioljubuski.ba\/#\/schema\/logo\/image\/"},"sameAs":["https:\/\/www.facebook.com\/Radiio-Ljubuski-1490835324566332","https:\/\/x.com\/radioljubuski","https:\/\/hr.linkedin.com\/company\/radio-ljubuski","https:\/\/www.youtube.com\/channel\/UCHYaeO_n0Db3tjNGudGpXyw"]},{"@type":"Person","@id":"https:\/\/radioljubuski.ba\/#\/schema\/person\/19fc700381a780f69665d7956c469e3b","name":"Radio Ljubu\u0161ki"}]}},"_links":{"self":[{"href":"https:\/\/radioljubuski.ba\/index.php\/wp-json\/wp\/v2\/posts\/96264","targetHints":{"allow":["GET"]}}],"collection":[{"href":"https:\/\/radioljubuski.ba\/index.php\/wp-json\/wp\/v2\/posts"}],"about":[{"href":"https:\/\/radioljubuski.ba\/index.php\/wp-json\/wp\/v2\/types\/post"}],"author":[{"embeddable":true,"href":"https:\/\/radioljubuski.ba\/index.php\/wp-json\/wp\/v2\/users\/2"}],"replies":[{"embeddable":true,"href":"https:\/\/radioljubuski.ba\/index.php\/wp-json\/wp\/v2\/comments?post=96264"}],"version-history":[{"count":1,"href":"https:\/\/radioljubuski.ba\/index.php\/wp-json\/wp\/v2\/posts\/96264\/revisions"}],"predecessor-version":[{"id":96266,"href":"https:\/\/radioljubuski.ba\/index.php\/wp-json\/wp\/v2\/posts\/96264\/revisions\/96266"}],"wp:featuredmedia":[{"embeddable":true,"href":"https:\/\/radioljubuski.ba\/index.php\/wp-json\/wp\/v2\/media\/96265"}],"wp:attachment":[{"href":"https:\/\/radioljubuski.ba\/index.php\/wp-json\/wp\/v2\/media?parent=96264"}],"wp:term":[{"taxonomy":"category","embeddable":true,"href":"https:\/\/radioljubuski.ba\/index.php\/wp-json\/wp\/v2\/categories?post=96264"},{"taxonomy":"post_tag","embeddable":true,"href":"https:\/\/radioljubuski.ba\/index.php\/wp-json\/wp\/v2\/tags?post=96264"}],"curies":[{"name":"wp","href":"https:\/\/api.w.org\/{rel}","templated":true}]}}