{"id":96281,"date":"2021-12-05T23:17:00","date_gmt":"2021-12-05T22:17:00","guid":{"rendered":"https:\/\/radioljubuski.ba\/?p=96281"},"modified":"2021-12-05T23:17:01","modified_gmt":"2021-12-05T22:17:01","slug":"inspekcija-zatvorila-popularni-sarajevski-klub-vlasnici-ogorceni-nocni-zivot-nastavite-u-drugom-gradu-samo-kod-nas-ima-epidemije","status":"publish","type":"post","link":"https:\/\/radioljubuski.ba\/index.php\/2021\/12\/05\/inspekcija-zatvorila-popularni-sarajevski-klub-vlasnici-ogorceni-nocni-zivot-nastavite-u-drugom-gradu-samo-kod-nas-ima-epidemije\/","title":{"rendered":"Inspekcija zatvorila popularni sarajevski klub, vlasnici ogor\u010deni: No\u0107ni \u017eivot nastavite u drugom gradu, samo kod nas ima epidemije"},"content":{"rendered":"\n<p>Uprava za inspekcijske poslove \u017dupanije Sarajevo (\u017dS) zatvorila je ovog vikenda tri sarajevska no\u0107na kluba.<\/p>\n\n\n\n<p>\u017dupanijski sanitarni i tr\u017ei\u0161no-turisti\u010dki inspektori su nakon nadzora ugostiteljskih objekata na podru\u010dju \u017dupanije Sarajevo zabilje\u017eili &#8220;grubo gr\u0161enje higijensko-epidemiolo\u0161kih mjera&#8217; i zbog toga na 48 sati zatvorila objekte Tropics i Taverna, dok je objekat &#8216;Sloga&#8217; zatvoren na osam dana.<\/p>\n\n\n\n<p>U tom objektu u momentu nadzora protekle no\u0107i zate\u010deno je oko 500 posjetitelja i bez po\u0161tivanja ostalih higijesnko-epidemiolo\u0161kih mjera, uz napomenu da je pro\u0161log mjeseca objekat zatvoren na 48 sati, tako\u0111er radi nedozviljenog broja posjetitelja&nbsp; kojih je tada bilo vi\u0161e od 300, prenose sarajevski mediji.<\/p>\n\n\n\n<p>Iz kluba su se danas oglasili na Facebooku i potvrdili da ne\u0107e raditi do 13. prosinca uz poruku:<\/p>\n\n\n\n<p>&#8220;Po\u0161tovani gosti, ne\u0107emo raditi narednih sedam dana zbog odluke inspekcije u &#8216;Dr\u017eavi Sarajevo&#8217;. No\u0107ni \u017eivot mo\u017eete nastaviti u bilo kojem drugom gradu jer tamo nema epidemije, nego samo kod nas. Nastavljamo 13. decembra&#8221;.<\/p>\n\n\n\n<p>Iz inspekcije dodaju da su zbog utvr\u0111enih nepravilnosti tokom proteklog vikenda, osim tri mjere privremene zabrane rada, inspektori djelovali i izdavanjem \u0161est prekr\u0161ajnih naloga u ukupnom iznosu od 14 000 KM, od \u010dega su dva prekr\u0161ajna naloga izre\u010dena radi nepo\u0161tivanja propisa iz nadle\u017enosti tr\u017ei\u0161no-turisti\u010dke inspekcije, a \u010detiri radi nepo\u0161tivanja higijensko-epidemiolo\u0161kih mjera.<\/p>\n\n\n\n<p>Zbog potencijalne opasnosti od \u0161irenja epidemije covid-19 poja\u010dani inspekcijski nadzori \u0107e biti nastavljeni i u predstoje\u0107em periodu, posebno u ugostiteljskim objektima, a shodno Zaklju\u010dku Vlade \u017dS od kolovoza ove godine.<\/p>\n\n\n\n<p>Izvor:pogled.ba<\/p>\n","protected":false},"excerpt":{"rendered":"<p>Uprava za inspekcijske poslove \u017dupanije Sarajevo (\u017dS) zatvorila je ovog vikenda tri sarajevska no\u0107na kluba. \u017dupanijski sanitarni i tr\u017ei\u0161no-turisti\u010dki inspektori su nakon nadzora ugostiteljskih objekata na podru\u010dju \u017dupanije Sarajevo zabilje\u017eili &#8220;grubo gr\u0161enje higijensko-epidemiolo\u0161kih mjera&#8217; i zbog toga na 48 sati zatvorila objekte Tropics i Taverna, dok je objekat &#8216;Sloga&#8217; zatvoren na osam dana. U tom [&hellip;]<\/p>\n","protected":false},"author":2,"featured_media":96282,"comment_status":"closed","ping_status":"closed","sticky":false,"template":"","format":"standard","meta":{"h5ap_radio_sources":[],"footnotes":""},"categories":[1],"tags":[],"class_list":["post-96281","post","type-post","status-publish","format-standard","has-post-thumbnail","hentry","category-bihiregija"],"yoast_head":"<!-- This site is optimized with the Yoast SEO plugin v27.5 - https:\/\/yoast.com\/product\/yoast-seo-wordpress\/ -->\n<title>Inspekcija zatvorila popularni sarajevski klub, vlasnici ogor\u010deni: No\u0107ni \u017eivot nastavite u drugom gradu, samo kod nas ima epidemije - RADIO LJUBU\u0160KI<\/title>\n<meta name=\"robots\" content=\"index, follow, max-snippet:-1, max-image-preview:large, max-video-preview:-1\" \/>\n<link rel=\"canonical\" href=\"https:\/\/radioljubuski.ba\/index.php\/2021\/12\/05\/inspekcija-zatvorila-popularni-sarajevski-klub-vlasnici-ogorceni-nocni-zivot-nastavite-u-drugom-gradu-samo-kod-nas-ima-epidemije\/\" \/>\n<meta property=\"og:locale\" content=\"hr_HR\" \/>\n<meta property=\"og:type\" content=\"article\" \/>\n<meta property=\"og:title\" content=\"Inspekcija zatvorila popularni sarajevski klub, vlasnici ogor\u010deni: No\u0107ni \u017eivot nastavite u drugom gradu, samo kod nas ima epidemije - RADIO LJUBU\u0160KI\" \/>\n<meta property=\"og:description\" content=\"Uprava za inspekcijske poslove \u017dupanije Sarajevo (\u017dS) zatvorila je ovog vikenda tri sarajevska no\u0107na kluba. \u017dupanijski sanitarni i tr\u017ei\u0161no-turisti\u010dki inspektori su nakon nadzora ugostiteljskih objekata na podru\u010dju \u017dupanije Sarajevo zabilje\u017eili &#8220;grubo gr\u0161enje higijensko-epidemiolo\u0161kih mjera&#8217; i zbog toga na 48 sati zatvorila objekte Tropics i Taverna, dok je objekat &#8216;Sloga&#8217; zatvoren na osam dana. U tom [&hellip;]\" \/>\n<meta property=\"og:url\" content=\"https:\/\/radioljubuski.ba\/index.php\/2021\/12\/05\/inspekcija-zatvorila-popularni-sarajevski-klub-vlasnici-ogorceni-nocni-zivot-nastavite-u-drugom-gradu-samo-kod-nas-ima-epidemije\/\" \/>\n<meta property=\"og:site_name\" content=\"RADIO LJUBU\u0160KI\" \/>\n<meta property=\"article:publisher\" content=\"https:\/\/www.facebook.com\/Radiio-Ljubuski-1490835324566332\" \/>\n<meta property=\"article:published_time\" content=\"2021-12-05T22:17:00+00:00\" \/>\n<meta property=\"article:modified_time\" content=\"2021-12-05T22:17:01+00:00\" \/>\n<meta property=\"og:image\" content=\"https:\/\/radioljubuski.ba\/wp-content\/uploads\/2021\/12\/8-2021-12-05-17-30-08-SLOGA-klub.jpg\" \/>\n\t<meta property=\"og:image:width\" content=\"1000\" \/>\n\t<meta property=\"og:image:height\" content=\"625\" \/>\n\t<meta property=\"og:image:type\" content=\"image\/jpeg\" \/>\n<meta name=\"author\" content=\"Radio Ljubu\u0161ki\" \/>\n<meta name=\"twitter:card\" content=\"summary_large_image\" \/>\n<meta name=\"twitter:creator\" content=\"@radioljubuski\" \/>\n<meta name=\"twitter:site\" content=\"@radioljubuski\" \/>\n<meta name=\"twitter:label1\" content=\"Napisao\/la\" \/>\n\t<meta name=\"twitter:data1\" content=\"Radio Ljubu\u0161ki\" \/>\n\t<meta name=\"twitter:label2\" content=\"Procijenjeno vrijeme \u010ditanja\" \/>\n\t<meta name=\"twitter:data2\" content=\"2 minute\" \/>\n<script type=\"application\/ld+json\" class=\"yoast-schema-graph\">{\"@context\":\"https:\\\/\\\/schema.org\",\"@graph\":[{\"@type\":\"Article\",\"@id\":\"https:\\\/\\\/radioljubuski.ba\\\/index.php\\\/2021\\\/12\\\/05\\\/inspekcija-zatvorila-popularni-sarajevski-klub-vlasnici-ogorceni-nocni-zivot-nastavite-u-drugom-gradu-samo-kod-nas-ima-epidemije\\\/#article\",\"isPartOf\":{\"@id\":\"https:\\\/\\\/radioljubuski.ba\\\/index.php\\\/2021\\\/12\\\/05\\\/inspekcija-zatvorila-popularni-sarajevski-klub-vlasnici-ogorceni-nocni-zivot-nastavite-u-drugom-gradu-samo-kod-nas-ima-epidemije\\\/\"},\"author\":{\"name\":\"Radio Ljubu\u0161ki\",\"@id\":\"https:\\\/\\\/radioljubuski.ba\\\/#\\\/schema\\\/person\\\/19fc700381a780f69665d7956c469e3b\"},\"headline\":\"Inspekcija zatvorila popularni sarajevski klub, vlasnici ogor\u010deni: No\u0107ni \u017eivot nastavite u drugom gradu, samo kod nas ima epidemije\",\"datePublished\":\"2021-12-05T22:17:00+00:00\",\"dateModified\":\"2021-12-05T22:17:01+00:00\",\"mainEntityOfPage\":{\"@id\":\"https:\\\/\\\/radioljubuski.ba\\\/index.php\\\/2021\\\/12\\\/05\\\/inspekcija-zatvorila-popularni-sarajevski-klub-vlasnici-ogorceni-nocni-zivot-nastavite-u-drugom-gradu-samo-kod-nas-ima-epidemije\\\/\"},\"wordCount\":281,\"publisher\":{\"@id\":\"https:\\\/\\\/radioljubuski.ba\\\/#organization\"},\"image\":{\"@id\":\"https:\\\/\\\/radioljubuski.ba\\\/index.php\\\/2021\\\/12\\\/05\\\/inspekcija-zatvorila-popularni-sarajevski-klub-vlasnici-ogorceni-nocni-zivot-nastavite-u-drugom-gradu-samo-kod-nas-ima-epidemije\\\/#primaryimage\"},\"thumbnailUrl\":\"https:\\\/\\\/radioljubuski.ba\\\/wp-content\\\/uploads\\\/2021\\\/12\\\/8-2021-12-05-17-30-08-SLOGA-klub.jpg\",\"articleSection\":[\"BIH i regija\"],\"inLanguage\":\"hr\"},{\"@type\":\"WebPage\",\"@id\":\"https:\\\/\\\/radioljubuski.ba\\\/index.php\\\/2021\\\/12\\\/05\\\/inspekcija-zatvorila-popularni-sarajevski-klub-vlasnici-ogorceni-nocni-zivot-nastavite-u-drugom-gradu-samo-kod-nas-ima-epidemije\\\/\",\"url\":\"https:\\\/\\\/radioljubuski.ba\\\/index.php\\\/2021\\\/12\\\/05\\\/inspekcija-zatvorila-popularni-sarajevski-klub-vlasnici-ogorceni-nocni-zivot-nastavite-u-drugom-gradu-samo-kod-nas-ima-epidemije\\\/\",\"name\":\"Inspekcija zatvorila popularni sarajevski klub, vlasnici ogor\u010deni: No\u0107ni \u017eivot nastavite u drugom gradu, samo kod nas ima epidemije - RADIO LJUBU\u0160KI\",\"isPartOf\":{\"@id\":\"https:\\\/\\\/radioljubuski.ba\\\/#website\"},\"primaryImageOfPage\":{\"@id\":\"https:\\\/\\\/radioljubuski.ba\\\/index.php\\\/2021\\\/12\\\/05\\\/inspekcija-zatvorila-popularni-sarajevski-klub-vlasnici-ogorceni-nocni-zivot-nastavite-u-drugom-gradu-samo-kod-nas-ima-epidemije\\\/#primaryimage\"},\"image\":{\"@id\":\"https:\\\/\\\/radioljubuski.ba\\\/index.php\\\/2021\\\/12\\\/05\\\/inspekcija-zatvorila-popularni-sarajevski-klub-vlasnici-ogorceni-nocni-zivot-nastavite-u-drugom-gradu-samo-kod-nas-ima-epidemije\\\/#primaryimage\"},\"thumbnailUrl\":\"https:\\\/\\\/radioljubuski.ba\\\/wp-content\\\/uploads\\\/2021\\\/12\\\/8-2021-12-05-17-30-08-SLOGA-klub.jpg\",\"datePublished\":\"2021-12-05T22:17:00+00:00\",\"dateModified\":\"2021-12-05T22:17:01+00:00\",\"breadcrumb\":{\"@id\":\"https:\\\/\\\/radioljubuski.ba\\\/index.php\\\/2021\\\/12\\\/05\\\/inspekcija-zatvorila-popularni-sarajevski-klub-vlasnici-ogorceni-nocni-zivot-nastavite-u-drugom-gradu-samo-kod-nas-ima-epidemije\\\/#breadcrumb\"},\"inLanguage\":\"hr\",\"potentialAction\":[{\"@type\":\"ReadAction\",\"target\":[\"https:\\\/\\\/radioljubuski.ba\\\/index.php\\\/2021\\\/12\\\/05\\\/inspekcija-zatvorila-popularni-sarajevski-klub-vlasnici-ogorceni-nocni-zivot-nastavite-u-drugom-gradu-samo-kod-nas-ima-epidemije\\\/\"]}]},{\"@type\":\"ImageObject\",\"inLanguage\":\"hr\",\"@id\":\"https:\\\/\\\/radioljubuski.ba\\\/index.php\\\/2021\\\/12\\\/05\\\/inspekcija-zatvorila-popularni-sarajevski-klub-vlasnici-ogorceni-nocni-zivot-nastavite-u-drugom-gradu-samo-kod-nas-ima-epidemije\\\/#primaryimage\",\"url\":\"https:\\\/\\\/radioljubuski.ba\\\/wp-content\\\/uploads\\\/2021\\\/12\\\/8-2021-12-05-17-30-08-SLOGA-klub.jpg\",\"contentUrl\":\"https:\\\/\\\/radioljubuski.ba\\\/wp-content\\\/uploads\\\/2021\\\/12\\\/8-2021-12-05-17-30-08-SLOGA-klub.jpg\",\"width\":1000,\"height\":625},{\"@type\":\"BreadcrumbList\",\"@id\":\"https:\\\/\\\/radioljubuski.ba\\\/index.php\\\/2021\\\/12\\\/05\\\/inspekcija-zatvorila-popularni-sarajevski-klub-vlasnici-ogorceni-nocni-zivot-nastavite-u-drugom-gradu-samo-kod-nas-ima-epidemije\\\/#breadcrumb\",\"itemListElement\":[{\"@type\":\"ListItem\",\"position\":1,\"name\":\"Po\u010detna stranica\",\"item\":\"https:\\\/\\\/radioljubuski.ba\\\/\"},{\"@type\":\"ListItem\",\"position\":2,\"name\":\"Inspekcija zatvorila popularni sarajevski klub, vlasnici ogor\u010deni: No\u0107ni \u017eivot nastavite u drugom gradu, samo kod nas ima epidemije\"}]},{\"@type\":\"WebSite\",\"@id\":\"https:\\\/\\\/radioljubuski.ba\\\/#website\",\"url\":\"https:\\\/\\\/radioljubuski.ba\\\/\",\"name\":\"Radio Ljubu\u0161ki\",\"description\":\"Sun\u010dana frekvencija Hercegovine\",\"publisher\":{\"@id\":\"https:\\\/\\\/radioljubuski.ba\\\/#organization\"},\"potentialAction\":[{\"@type\":\"SearchAction\",\"target\":{\"@type\":\"EntryPoint\",\"urlTemplate\":\"https:\\\/\\\/radioljubuski.ba\\\/?s={search_term_string}\"},\"query-input\":{\"@type\":\"PropertyValueSpecification\",\"valueRequired\":true,\"valueName\":\"search_term_string\"}}],\"inLanguage\":\"hr\"},{\"@type\":\"Organization\",\"@id\":\"https:\\\/\\\/radioljubuski.ba\\\/#organization\",\"name\":\"Radio Ljubu\u0161ki\",\"url\":\"https:\\\/\\\/radioljubuski.ba\\\/\",\"logo\":{\"@type\":\"ImageObject\",\"inLanguage\":\"hr\",\"@id\":\"https:\\\/\\\/radioljubuski.ba\\\/#\\\/schema\\\/logo\\\/image\\\/\",\"url\":\"https:\\\/\\\/radioljubuski.ba\\\/wp-content\\\/uploads\\\/2021\\\/02\\\/cropped-Radio_Ljubuski_logo1.jpg\",\"contentUrl\":\"https:\\\/\\\/radioljubuski.ba\\\/wp-content\\\/uploads\\\/2021\\\/02\\\/cropped-Radio_Ljubuski_logo1.jpg\",\"width\":512,\"height\":512,\"caption\":\"Radio Ljubu\u0161ki\"},\"image\":{\"@id\":\"https:\\\/\\\/radioljubuski.ba\\\/#\\\/schema\\\/logo\\\/image\\\/\"},\"sameAs\":[\"https:\\\/\\\/www.facebook.com\\\/Radiio-Ljubuski-1490835324566332\",\"https:\\\/\\\/x.com\\\/radioljubuski\",\"https:\\\/\\\/hr.linkedin.com\\\/company\\\/radio-ljubuski\",\"https:\\\/\\\/www.youtube.com\\\/channel\\\/UCHYaeO_n0Db3tjNGudGpXyw\"]},{\"@type\":\"Person\",\"@id\":\"https:\\\/\\\/radioljubuski.ba\\\/#\\\/schema\\\/person\\\/19fc700381a780f69665d7956c469e3b\",\"name\":\"Radio Ljubu\u0161ki\"}]}<\/script>\n<!-- \/ Yoast SEO plugin. -->","yoast_head_json":{"title":"Inspekcija zatvorila popularni sarajevski klub, vlasnici ogor\u010deni: No\u0107ni \u017eivot nastavite u drugom gradu, samo kod nas ima epidemije - RADIO LJUBU\u0160KI","robots":{"index":"index","follow":"follow","max-snippet":"max-snippet:-1","max-image-preview":"max-image-preview:large","max-video-preview":"max-video-preview:-1"},"canonical":"https:\/\/radioljubuski.ba\/index.php\/2021\/12\/05\/inspekcija-zatvorila-popularni-sarajevski-klub-vlasnici-ogorceni-nocni-zivot-nastavite-u-drugom-gradu-samo-kod-nas-ima-epidemije\/","og_locale":"hr_HR","og_type":"article","og_title":"Inspekcija zatvorila popularni sarajevski klub, vlasnici ogor\u010deni: No\u0107ni \u017eivot nastavite u drugom gradu, samo kod nas ima epidemije - RADIO LJUBU\u0160KI","og_description":"Uprava za inspekcijske poslove \u017dupanije Sarajevo (\u017dS) zatvorila je ovog vikenda tri sarajevska no\u0107na kluba. \u017dupanijski sanitarni i tr\u017ei\u0161no-turisti\u010dki inspektori su nakon nadzora ugostiteljskih objekata na podru\u010dju \u017dupanije Sarajevo zabilje\u017eili &#8220;grubo gr\u0161enje higijensko-epidemiolo\u0161kih mjera&#8217; i zbog toga na 48 sati zatvorila objekte Tropics i Taverna, dok je objekat &#8216;Sloga&#8217; zatvoren na osam dana. U tom [&hellip;]","og_url":"https:\/\/radioljubuski.ba\/index.php\/2021\/12\/05\/inspekcija-zatvorila-popularni-sarajevski-klub-vlasnici-ogorceni-nocni-zivot-nastavite-u-drugom-gradu-samo-kod-nas-ima-epidemije\/","og_site_name":"RADIO LJUBU\u0160KI","article_publisher":"https:\/\/www.facebook.com\/Radiio-Ljubuski-1490835324566332","article_published_time":"2021-12-05T22:17:00+00:00","article_modified_time":"2021-12-05T22:17:01+00:00","og_image":[{"width":1000,"height":625,"url":"https:\/\/radioljubuski.ba\/wp-content\/uploads\/2021\/12\/8-2021-12-05-17-30-08-SLOGA-klub.jpg","type":"image\/jpeg"}],"author":"Radio Ljubu\u0161ki","twitter_card":"summary_large_image","twitter_creator":"@radioljubuski","twitter_site":"@radioljubuski","twitter_misc":{"Napisao\/la":"Radio Ljubu\u0161ki","Procijenjeno vrijeme \u010ditanja":"2 minute"},"schema":{"@context":"https:\/\/schema.org","@graph":[{"@type":"Article","@id":"https:\/\/radioljubuski.ba\/index.php\/2021\/12\/05\/inspekcija-zatvorila-popularni-sarajevski-klub-vlasnici-ogorceni-nocni-zivot-nastavite-u-drugom-gradu-samo-kod-nas-ima-epidemije\/#article","isPartOf":{"@id":"https:\/\/radioljubuski.ba\/index.php\/2021\/12\/05\/inspekcija-zatvorila-popularni-sarajevski-klub-vlasnici-ogorceni-nocni-zivot-nastavite-u-drugom-gradu-samo-kod-nas-ima-epidemije\/"},"author":{"name":"Radio Ljubu\u0161ki","@id":"https:\/\/radioljubuski.ba\/#\/schema\/person\/19fc700381a780f69665d7956c469e3b"},"headline":"Inspekcija zatvorila popularni sarajevski klub, vlasnici ogor\u010deni: No\u0107ni \u017eivot nastavite u drugom gradu, samo kod nas ima epidemije","datePublished":"2021-12-05T22:17:00+00:00","dateModified":"2021-12-05T22:17:01+00:00","mainEntityOfPage":{"@id":"https:\/\/radioljubuski.ba\/index.php\/2021\/12\/05\/inspekcija-zatvorila-popularni-sarajevski-klub-vlasnici-ogorceni-nocni-zivot-nastavite-u-drugom-gradu-samo-kod-nas-ima-epidemije\/"},"wordCount":281,"publisher":{"@id":"https:\/\/radioljubuski.ba\/#organization"},"image":{"@id":"https:\/\/radioljubuski.ba\/index.php\/2021\/12\/05\/inspekcija-zatvorila-popularni-sarajevski-klub-vlasnici-ogorceni-nocni-zivot-nastavite-u-drugom-gradu-samo-kod-nas-ima-epidemije\/#primaryimage"},"thumbnailUrl":"https:\/\/radioljubuski.ba\/wp-content\/uploads\/2021\/12\/8-2021-12-05-17-30-08-SLOGA-klub.jpg","articleSection":["BIH i regija"],"inLanguage":"hr"},{"@type":"WebPage","@id":"https:\/\/radioljubuski.ba\/index.php\/2021\/12\/05\/inspekcija-zatvorila-popularni-sarajevski-klub-vlasnici-ogorceni-nocni-zivot-nastavite-u-drugom-gradu-samo-kod-nas-ima-epidemije\/","url":"https:\/\/radioljubuski.ba\/index.php\/2021\/12\/05\/inspekcija-zatvorila-popularni-sarajevski-klub-vlasnici-ogorceni-nocni-zivot-nastavite-u-drugom-gradu-samo-kod-nas-ima-epidemije\/","name":"Inspekcija zatvorila popularni sarajevski klub, vlasnici ogor\u010deni: No\u0107ni \u017eivot nastavite u drugom gradu, samo kod nas ima epidemije - RADIO LJUBU\u0160KI","isPartOf":{"@id":"https:\/\/radioljubuski.ba\/#website"},"primaryImageOfPage":{"@id":"https:\/\/radioljubuski.ba\/index.php\/2021\/12\/05\/inspekcija-zatvorila-popularni-sarajevski-klub-vlasnici-ogorceni-nocni-zivot-nastavite-u-drugom-gradu-samo-kod-nas-ima-epidemije\/#primaryimage"},"image":{"@id":"https:\/\/radioljubuski.ba\/index.php\/2021\/12\/05\/inspekcija-zatvorila-popularni-sarajevski-klub-vlasnici-ogorceni-nocni-zivot-nastavite-u-drugom-gradu-samo-kod-nas-ima-epidemije\/#primaryimage"},"thumbnailUrl":"https:\/\/radioljubuski.ba\/wp-content\/uploads\/2021\/12\/8-2021-12-05-17-30-08-SLOGA-klub.jpg","datePublished":"2021-12-05T22:17:00+00:00","dateModified":"2021-12-05T22:17:01+00:00","breadcrumb":{"@id":"https:\/\/radioljubuski.ba\/index.php\/2021\/12\/05\/inspekcija-zatvorila-popularni-sarajevski-klub-vlasnici-ogorceni-nocni-zivot-nastavite-u-drugom-gradu-samo-kod-nas-ima-epidemije\/#breadcrumb"},"inLanguage":"hr","potentialAction":[{"@type":"ReadAction","target":["https:\/\/radioljubuski.ba\/index.php\/2021\/12\/05\/inspekcija-zatvorila-popularni-sarajevski-klub-vlasnici-ogorceni-nocni-zivot-nastavite-u-drugom-gradu-samo-kod-nas-ima-epidemije\/"]}]},{"@type":"ImageObject","inLanguage":"hr","@id":"https:\/\/radioljubuski.ba\/index.php\/2021\/12\/05\/inspekcija-zatvorila-popularni-sarajevski-klub-vlasnici-ogorceni-nocni-zivot-nastavite-u-drugom-gradu-samo-kod-nas-ima-epidemije\/#primaryimage","url":"https:\/\/radioljubuski.ba\/wp-content\/uploads\/2021\/12\/8-2021-12-05-17-30-08-SLOGA-klub.jpg","contentUrl":"https:\/\/radioljubuski.ba\/wp-content\/uploads\/2021\/12\/8-2021-12-05-17-30-08-SLOGA-klub.jpg","width":1000,"height":625},{"@type":"BreadcrumbList","@id":"https:\/\/radioljubuski.ba\/index.php\/2021\/12\/05\/inspekcija-zatvorila-popularni-sarajevski-klub-vlasnici-ogorceni-nocni-zivot-nastavite-u-drugom-gradu-samo-kod-nas-ima-epidemije\/#breadcrumb","itemListElement":[{"@type":"ListItem","position":1,"name":"Po\u010detna stranica","item":"https:\/\/radioljubuski.ba\/"},{"@type":"ListItem","position":2,"name":"Inspekcija zatvorila popularni sarajevski klub, vlasnici ogor\u010deni: No\u0107ni \u017eivot nastavite u drugom gradu, samo kod nas ima epidemije"}]},{"@type":"WebSite","@id":"https:\/\/radioljubuski.ba\/#website","url":"https:\/\/radioljubuski.ba\/","name":"Radio Ljubu\u0161ki","description":"Sun\u010dana frekvencija Hercegovine","publisher":{"@id":"https:\/\/radioljubuski.ba\/#organization"},"potentialAction":[{"@type":"SearchAction","target":{"@type":"EntryPoint","urlTemplate":"https:\/\/radioljubuski.ba\/?s={search_term_string}"},"query-input":{"@type":"PropertyValueSpecification","valueRequired":true,"valueName":"search_term_string"}}],"inLanguage":"hr"},{"@type":"Organization","@id":"https:\/\/radioljubuski.ba\/#organization","name":"Radio Ljubu\u0161ki","url":"https:\/\/radioljubuski.ba\/","logo":{"@type":"ImageObject","inLanguage":"hr","@id":"https:\/\/radioljubuski.ba\/#\/schema\/logo\/image\/","url":"https:\/\/radioljubuski.ba\/wp-content\/uploads\/2021\/02\/cropped-Radio_Ljubuski_logo1.jpg","contentUrl":"https:\/\/radioljubuski.ba\/wp-content\/uploads\/2021\/02\/cropped-Radio_Ljubuski_logo1.jpg","width":512,"height":512,"caption":"Radio Ljubu\u0161ki"},"image":{"@id":"https:\/\/radioljubuski.ba\/#\/schema\/logo\/image\/"},"sameAs":["https:\/\/www.facebook.com\/Radiio-Ljubuski-1490835324566332","https:\/\/x.com\/radioljubuski","https:\/\/hr.linkedin.com\/company\/radio-ljubuski","https:\/\/www.youtube.com\/channel\/UCHYaeO_n0Db3tjNGudGpXyw"]},{"@type":"Person","@id":"https:\/\/radioljubuski.ba\/#\/schema\/person\/19fc700381a780f69665d7956c469e3b","name":"Radio Ljubu\u0161ki"}]}},"_links":{"self":[{"href":"https:\/\/radioljubuski.ba\/index.php\/wp-json\/wp\/v2\/posts\/96281","targetHints":{"allow":["GET"]}}],"collection":[{"href":"https:\/\/radioljubuski.ba\/index.php\/wp-json\/wp\/v2\/posts"}],"about":[{"href":"https:\/\/radioljubuski.ba\/index.php\/wp-json\/wp\/v2\/types\/post"}],"author":[{"embeddable":true,"href":"https:\/\/radioljubuski.ba\/index.php\/wp-json\/wp\/v2\/users\/2"}],"replies":[{"embeddable":true,"href":"https:\/\/radioljubuski.ba\/index.php\/wp-json\/wp\/v2\/comments?post=96281"}],"version-history":[{"count":1,"href":"https:\/\/radioljubuski.ba\/index.php\/wp-json\/wp\/v2\/posts\/96281\/revisions"}],"predecessor-version":[{"id":96283,"href":"https:\/\/radioljubuski.ba\/index.php\/wp-json\/wp\/v2\/posts\/96281\/revisions\/96283"}],"wp:featuredmedia":[{"embeddable":true,"href":"https:\/\/radioljubuski.ba\/index.php\/wp-json\/wp\/v2\/media\/96282"}],"wp:attachment":[{"href":"https:\/\/radioljubuski.ba\/index.php\/wp-json\/wp\/v2\/media?parent=96281"}],"wp:term":[{"taxonomy":"category","embeddable":true,"href":"https:\/\/radioljubuski.ba\/index.php\/wp-json\/wp\/v2\/categories?post=96281"},{"taxonomy":"post_tag","embeddable":true,"href":"https:\/\/radioljubuski.ba\/index.php\/wp-json\/wp\/v2\/tags?post=96281"}],"curies":[{"name":"wp","href":"https:\/\/api.w.org\/{rel}","templated":true}]}}