{"id":96290,"date":"2021-12-05T23:22:10","date_gmt":"2021-12-05T22:22:10","guid":{"rendered":"https:\/\/radioljubuski.ba\/?p=96290"},"modified":"2021-12-05T23:22:11","modified_gmt":"2021-12-05T22:22:11","slug":"zeljka-vucko-i-monika-planinic-najbolje-volonterke-u-2021-godini","status":"publish","type":"post","link":"https:\/\/radioljubuski.ba\/index.php\/2021\/12\/05\/zeljka-vucko-i-monika-planinic-najbolje-volonterke-u-2021-godini\/","title":{"rendered":"\u017deljka Vu\u010dko i Monika Planini\u0107 najbolje volonterke u 2021. godini"},"content":{"rendered":"\n<p>U sklopu obilje\u017eavanja Me\u0111unarodnog dana volontera, humanitarna udruga \u201efra Mladen Hrka\u0107\u201c je, ve\u0107 tradicionalno, objavila imena dobitnika nagrade \u201eGordana Jeli\u0107\u201c za najbolje volontere u Republici Hrvatskoj i Bosni i Hercegovini za 2021. godinu.&nbsp;<\/p>\n\n\n\n<p>Najbolja volonterka u Republici Hrvatskoj je \u017deljka Vu\u010dko, dok je najbolja volonterka u Bosni i Hercegovini Monika Planini\u0107.<\/p>\n\n\n\n<p>\u201eOva radosna vijest me zatekla tijekom jednog od mojih rijetkih slobodnih vikenda, dok sam sa svojom obitelji za obiteljskim ru\u010dkom palila svije\u0107u ljubavi povodom druge nedjelje Do\u0161a\u0161\u0107a. Nakon \u0161to sam zavr\u0161ila razgovor i rekla im razlog svojih suza svi smo se izgrlili i isplakali. Svi oni znaju \u0161to meni zna\u010di ova, kao i svaka druga, nagrada. Ovo nije moja nagrada, ovo je nagrada svakog onog Pal\u010dica koji se danas bori za svoj \u017eivot. Svakog onoga koji se za \u017eivot izborio i svakog onog koji \u0107e se ikada boriti. Danas na ovaj blagdan ljubavi jo\u0161 jednom nagradom slavim sve njihove borbe i sve njihove pobjede, znaju\u0107i da \u0107u dok hodam i di\u0161em za njih \u010diniti sve \u0161to mogu i znam. Time na neki na\u010din vra\u0107am sve ono \u0161to danas imam u svojoj djeci, nakon svih borbi koje su iza nas. Hvala od srca svima na nominacijama i hvala \u0161to ste od svih ljudi koji se daju \u010dine\u0107i dobro izabrali ba\u0161 mene.\u201c izjavila je \u017deljka Vu\u010dko (50), dobitnica nagrade \u201eGordana Jeli\u0107\u201c za najbolju volonterku u Republici Hrvatskoj.\u00a0<\/p>\n\n\n\n<figure class=\"wp-block-image\"><img decoding=\"async\" src=\"https:\/\/storage.pogled.ba\/images\/f9af\/cbd1\/218976\/original\/8-2021-12-05-19-29-58-%C5%BDeljka-Vu%C4%8Dko_najbolja-volonterka-u-RH_3.jpg\" alt=\"8-2021-12-05-19-29-58-\u017deljka-Vu\u010dko_najbolja-volonterka-u-RH_3.jpg\"\/><\/figure>\n\n\n\n<p>\u017deljka je preko 30 godina oslonac, uto\u010di\u0161ta i podr\u0161ka majkama i obiteljima prijevremeno ro\u0111ene djece, a njena osobna borba je bila samo dodatna motivacija i razlog za<\/p>\n\n\n\n<p>Ova laboratorijska tehni\u010darka iz Klinike za \u017eenske bolesti i porode KBC-a Zagreb i majka \u010detvero djece, od kojih je troje ro\u0111eno prije termina, je vi\u0161e od 12 godina predsjednica Kluba roditelja nedono\u0161\u010dadi &#8220;PAL\u010cI\u0106I&#8221;.<\/p>\n\n\n\n<p>Svo svoje slobodno vrijeme je posve\u0107ena senzibiliziranju i upoznavanju javnosti s problemima i izazovima s kojima se suo\u010davaju maleni hrabri borci Pal\u010di\u0107i. Upravo zahvaljuju\u0107i njenoj ustrajnosti ta djeca imaju zavidan tretman za vrijeme intenzivnog lije\u010denja. Iza nje su brojne uspje\u0161ne humanitarne akcije zahvaljuju\u0107i kojima su sva rodili\u0161ta diljem Hrvatske, uklju\u010duju\u0107i i najmanja, dobila adekvatnu i neophodnu opremu za skrb i lije\u010denje nedono\u0161\u010dadi. Akcija u kojoj je ostavila neizbrisiv trag kao voditelj iste, a na koju nitko nije bio imun, je bila takore\u0107i povijesna akcija koja se izrodila nakon razornog potresa u o\u017eujku 2020. godine \u2013 \u201eVratimo Pal\u010di\u0107e u Petrovu\u201c.<\/p>\n\n\n\n<figure class=\"wp-block-image\"><img decoding=\"async\" src=\"https:\/\/storage.pogled.ba\/images\/3bc3\/33e6\/218977\/original\/8-2021-12-05-19-29-58-%C5%BDeljka-Vu%C4%8Dko_najbolja-volonterka-u-RH_1.jpg\" alt=\"8-2021-12-05-19-29-58-\u017deljka-Vu\u010dko_najbolja-volonterka-u-RH_1.jpg\"\/><\/figure>\n\n\n\n<p>U rekordnom roku su prikupljena financijska sredstva dostatna za najsuvremeniju opremu, kojom su omogu\u0107eni daleko bolji uvjeti rada i funkcioniranja nego prije, a \u0161to je u kona\u010dnici u zavidno kratkom roku vratilo Pal\u010di\u0107e u Petrovu.<\/p>\n\n\n\n<p>Za \u017deljku isti\u010du da je rije\u010d o iznimno kvalitetnoj, jakoj i \u010dvrstoj osobi \u010diji \u017ear i entuzijazam u borbi za bolje sutra su zarazni. Iznimno skromna kad je pitanje preuzimanja zasluga, a borbena kad je vrijeme za prikupljanje donacija. Svog pokojnog oca smatra najve\u0107im \u017eivotnim uzorom koji je ostavio trag dobro\u010dinstva daju\u0107i beskrajnu ljubav svima koje je susretao na svom putu.<\/p>\n\n\n\n<p>Kao dobitnica nagrade \u201eGordana Jeli\u0107\u201c za volonterku godine 2021. u Bosni i Hercegovini ostat \u0107e upam\u0107ena Monika Planini\u0107 (32).\u00a0<\/p>\n\n\n\n<figure class=\"wp-block-image\"><img decoding=\"async\" src=\"https:\/\/storage.pogled.ba\/images\/a4d0\/12b0\/218980\/original\/8-2021-12-05-19-30-11-Monika-Planini%C4%87_najbolja-volonterka-u-BiH_3.jpg\" alt=\"8-2021-12-05-19-30-11-Monika-Planini\u0107_najbolja-volonterka-u-BiH_3.jpg\"\/><\/figure>\n\n\n\n<p>\u201eZaista ne znam kojim rije\u010dima izraziti koliko me iznenadio dana\u0161nji poziv. Nisam znala da su me nominirali, pa mo\u017eete zamisliti koliko me zatekla vijest da je Povjerenstvo za dodjelu nagrade izabralo ba\u0161 mene. Svaki volonterski rad proizlazi iz ljubavi prema bli\u017enjemu i jedina nagrada svima nama je osmijeh drugoga. Hvala puno svim \u010dlanovima Povjerenstva i mojoj udruzi \u201eSusret\u201c koja je odlu\u010dila nominirati mene. A ja i dalje, kao \u0161to je Majka Terezija jednom rekla, \u017eelim biti samo kapljica u kojoj \u0107e se zrcaliti Bo\u017eja ljubav\u201c, istaknula je Monika Planini\u0107, najbolja volonterka u Bosni i Hercegovini.&nbsp;<\/p>\n\n\n\n<p>Vi\u0161e od 10 godina, Monika redovno i kontinuirano sudjeluje u organizaciji i provedbi volonterskih aktivnosti u udruzi \u201eSusret\u201c iz \u010citluka u kojoj je svojoj vedrinom, toplinom i marljivo\u0161\u0107u osvojila srca djece s te\u0161ko\u0107ama u razvoju kao i \u010dlanova njihovih obitelji.<\/p>\n\n\n\n<p>Sve te godine je istovremeno posve\u0107ena i brizi za najranjivije i najmanje u Domu za djecu bez roditeljskog staranja &#8220;Ivan Pavao II.\u201c u \u010citluku koja za njih redovno organizira odlaske u radionicu i dru\u017eenja s drugom djecom s ciljem sprje\u010davanja socijalne isklju\u010denosti. Ne postoji aktivnost u kojoj nije dala svoj obol \u2013 od kreativnih radionica, prijevoza korisnika, prikupljanja materijalnih dobara, organizacije dru\u017eenja, ku\u0107nih posjeta i razgovora do organizacije izleta i dru\u017eenja. Tijekom 2021. godine, kad je i dalje bilo jednako izazovno odr\u017eavati i provoditi volonterske aktivnosti, &nbsp;volontirala je 384 sata.<\/p>\n\n\n\n<p>Ve\u0107 kao mlada studentica je po\u010dela iskazivati veliku brigu i suosje\u0107anje za osobe u potrebi, a posebno najranjivije i najmla\u0111e pripadnike dru\u0161tva u kojem \u017eivi i djeluje. Svaki novi susret s korisnicima joj je motivacija da &nbsp;svaki sljede\u0107i susret s korisnicima bude jo\u0161 kvalitetniji i sadr\u017eajniji. Kao svoje uzore isti\u010de Sv. Ivana Pavla II. i Majku Tereziju jer su dokazali da se djelima ljubavi mogu micati planine i mijenjati svijet. Sudjeluje na svakom dru\u0161tvenom doga\u0111aju \u010diji cilj je doprinijeti kvaliteti \u017eivota pripadnika ranjivih skupina dru\u0161tva, a opisuju ju vedru, strpljivu, veselu i marljivu osobu koja iz svakog izvla\u010di ono najbolje.&nbsp;<\/p>\n\n\n\n<p>Odluku je donijelo Povjerenstvo za dodjelu nagrade koje \u010dini 5 \u010dlanova, redom: Matea Panduri\u0107, tajnica humanitarne udruge \u201efra Mladen Hrka\u0107\u201c i voditeljica Slu\u017ebe za financije, administraciju i projekte; Radmila Ga\u0161par, dugogodi\u0161nja ravnateljica Centra za socijalni rad \u0160iroki Brijeg i prijateljica pokojne Gordane Jeli\u0107; Marijana Bra\u0161, cijenjena psihijatrica i profesorica na Medicinskom fakultetu u Zagrebu te jedna od vode\u0107ih ljudi u Zagreba\u010dkom institutu za kulturu zdravlja koja vi\u0161e od 10 godina aktivno sudjeluje u promicanju palijativne medicine, medicinske etike i komunikacijskih vje\u0161tina; Marinko \u0160u\u0161ak, potpredsjednik katoli\u010dke udruge \u201eKap dobrote\u201c iz Zagreba, dragovoljac Domovinskog rata te veliki humanitarac posve\u0107en osobama koje se ne mogu brinuti za sebe u njihovoj svakodnevnoj borbi za pre\u017eivljavanje; Josipa Gali\u0107, ravnateljica U\u010deni\u010dkog doma Marija Jambri\u0161ak u Zagrebu i dobitnica nagrade \u201eGordana Jeli\u0107\u201c za najboljeg volontera za 2019. godinu u Republici Hrvatskoj.<\/p>\n\n\n\n<p>\u010clanovi Povjerenstva za dodjelu nagrade su istaknuli da su imali te\u017eak posao jer su sve prijave bile iznimno kvalitetne, a svaki predlo\u017eeni kandidat dokaz da su volja i \u017eelja za \u010dinjenjem dobrih djela sna\u017enija od bilo kakvog ograni\u010denja s kojima se suo\u010davamo nepune 2 godine.<\/p>\n\n\n\n<p>\u201eProfesorica Gordana Jeli\u0107 je ostavila neizbrisiv trag ljubavi prema bli\u017enjemu u zajednici u kojoj je \u017eivjela i djelovala. Jednako tako, ovogodi\u0161nje dobitnice svojim svakodnevnim djelovanjem i stilom \u017eivota dokazuju da put koji su odabrale nije lagan, ali da nisu mogle ostati slijepe i nijeme na probleme s kojima se suo\u010davaju najranjiviji \u010dlanovi na\u0161eg dru\u0161tva. One su shvatile koliko malo treba da bi nekome \u017eivot usmjerili nabolje, pa se iskreno nadam da \u0107e njihove pri\u010de potaknuti i neke od vas da dio svog slobodnog vremena odvojite kako bi osobama u potrebi pru\u017eili ruku i podarili osmijeh\u201c, izjavio je Ivan Soldo, predsjednik humanitarne udruge \u201efra Mladen Hrka\u0107\u201c.&nbsp;<\/p>\n\n\n\n<p>Javnost \u0107e biti pravovremeno obavije\u0161tena o datumu i mjestu odr\u017eavanja dodjele nagrade \u201eGordana Jeli\u0107\u201c dobitnicama ovog vrijednog volonterskog priznanja za 2021. godinu, sukladno epidemiolo\u0161kim mjerama i preporukama.<\/p>\n\n\n\n<p>Za izgled statue nagrade \u201eGordana Jeli\u0107\u201c zaslu\u017ena je akademska grafi\u010darka i profesorica likovne kulture Iva Zeljko Pe\u0161orda.&nbsp;<br><br><strong>Vi\u0161e o nagradi Gordana Jeli\u0107<\/strong><\/p>\n\n\n\n<p>Humanitarna udruga \u201efra Mladen Hrka\u0107\u201c na godi\u0161njoj razini dodjeljuje nagradu \u201cGordana Jeli\u0107\u201d istaknutim pojedincima iz Republike Hrvatske i Bosne i Hercegovine za sudjelovanje u organizaciji i provedbi volonterskih aktivnosti \u010dime zna\u010dajno doprinose pobolj\u0161anju kvalitete \u017eivota korisnika ili op\u0107oj dobrobiti zajednice, aktivnom uklju\u010divanju gra\u0111ana u dru\u0161tveno odgovorna doga\u0111anja te u kona\u010dnici razvoju humanijeg i solidarnijeg dru\u0161tva.<\/p>\n\n\n\n<p>Nagrada nosi ime \u201cGordana Jeli\u0107\u201d u \u010dast preminule profesorice psihologije i pedagogije iz \u0160irokog Brijega \u010diji volonterski doprinos i anga\u017eman u radu humanitarne udruge \u201efra Mladen Hrka\u0107\u201c je nemjerljiv. Profesorica Gordana Jeli\u0107 je bila inicijator i za\u010detnik provedbe modela pomo\u0107i putem trajnog naloga \u2013 jednog od najva\u017enijih modela pomo\u0107i koji je danas temelj opstojnosti, rada i djelovanja humanitarne udruge \u201efra Mladen Hrka\u0107\u201c.<\/p>\n\n\n\n<p>Izvor:pogled.ba<\/p>\n","protected":false},"excerpt":{"rendered":"<p>U sklopu obilje\u017eavanja Me\u0111unarodnog dana volontera, humanitarna udruga \u201efra Mladen Hrka\u0107\u201c je, ve\u0107 tradicionalno, objavila imena dobitnika nagrade \u201eGordana Jeli\u0107\u201c za najbolje volontere u Republici Hrvatskoj i Bosni i Hercegovini za 2021. godinu.&nbsp; Najbolja volonterka u Republici Hrvatskoj je \u017deljka Vu\u010dko, dok je najbolja volonterka u Bosni i Hercegovini Monika Planini\u0107. \u201eOva radosna vijest me [&hellip;]<\/p>\n","protected":false},"author":2,"featured_media":96291,"comment_status":"closed","ping_status":"closed","sticky":false,"template":"","format":"standard","meta":{"h5ap_radio_sources":[],"footnotes":""},"categories":[1],"tags":[],"class_list":["post-96290","post","type-post","status-publish","format-standard","has-post-thumbnail","hentry","category-bihiregija"],"yoast_head":"<!-- This site is optimized with the Yoast SEO plugin v27.4 - https:\/\/yoast.com\/product\/yoast-seo-wordpress\/ -->\n<title>\u017deljka Vu\u010dko i Monika Planini\u0107 najbolje volonterke u 2021. godini - RADIO LJUBU\u0160KI<\/title>\n<meta name=\"robots\" content=\"index, follow, max-snippet:-1, max-image-preview:large, max-video-preview:-1\" \/>\n<link rel=\"canonical\" href=\"https:\/\/radioljubuski.ba\/index.php\/2021\/12\/05\/zeljka-vucko-i-monika-planinic-najbolje-volonterke-u-2021-godini\/\" \/>\n<meta property=\"og:locale\" content=\"hr_HR\" \/>\n<meta property=\"og:type\" content=\"article\" \/>\n<meta property=\"og:title\" content=\"\u017deljka Vu\u010dko i Monika Planini\u0107 najbolje volonterke u 2021. godini - RADIO LJUBU\u0160KI\" \/>\n<meta property=\"og:description\" content=\"U sklopu obilje\u017eavanja Me\u0111unarodnog dana volontera, humanitarna udruga \u201efra Mladen Hrka\u0107\u201c je, ve\u0107 tradicionalno, objavila imena dobitnika nagrade \u201eGordana Jeli\u0107\u201c za najbolje volontere u Republici Hrvatskoj i Bosni i Hercegovini za 2021. godinu.&nbsp; Najbolja volonterka u Republici Hrvatskoj je \u017deljka Vu\u010dko, dok je najbolja volonterka u Bosni i Hercegovini Monika Planini\u0107. \u201eOva radosna vijest me [&hellip;]\" \/>\n<meta property=\"og:url\" content=\"https:\/\/radioljubuski.ba\/index.php\/2021\/12\/05\/zeljka-vucko-i-monika-planinic-najbolje-volonterke-u-2021-godini\/\" \/>\n<meta property=\"og:site_name\" content=\"RADIO LJUBU\u0160KI\" \/>\n<meta property=\"article:publisher\" content=\"https:\/\/www.facebook.com\/Radiio-Ljubuski-1490835324566332\" \/>\n<meta property=\"article:published_time\" content=\"2021-12-05T22:22:10+00:00\" \/>\n<meta property=\"article:modified_time\" content=\"2021-12-05T22:22:11+00:00\" \/>\n<meta property=\"og:image\" content=\"https:\/\/radioljubuski.ba\/wp-content\/uploads\/2021\/12\/8-2021-12-05-19-29-58-Monika-Planinic_najbolja-volonterka-u-BiH_1.jpg\" \/>\n\t<meta property=\"og:image:width\" content=\"1000\" \/>\n\t<meta property=\"og:image:height\" content=\"625\" \/>\n\t<meta property=\"og:image:type\" content=\"image\/jpeg\" \/>\n<meta name=\"author\" content=\"Radio Ljubu\u0161ki\" \/>\n<meta name=\"twitter:card\" content=\"summary_large_image\" \/>\n<meta name=\"twitter:creator\" content=\"@radioljubuski\" \/>\n<meta name=\"twitter:site\" content=\"@radioljubuski\" \/>\n<meta name=\"twitter:label1\" content=\"Napisao\/la\" \/>\n\t<meta name=\"twitter:data1\" content=\"Radio Ljubu\u0161ki\" \/>\n\t<meta name=\"twitter:label2\" content=\"Procijenjeno vrijeme \u010ditanja\" \/>\n\t<meta name=\"twitter:data2\" content=\"7 minuta\" \/>\n<script type=\"application\/ld+json\" class=\"yoast-schema-graph\">{\"@context\":\"https:\\\/\\\/schema.org\",\"@graph\":[{\"@type\":\"Article\",\"@id\":\"https:\\\/\\\/radioljubuski.ba\\\/index.php\\\/2021\\\/12\\\/05\\\/zeljka-vucko-i-monika-planinic-najbolje-volonterke-u-2021-godini\\\/#article\",\"isPartOf\":{\"@id\":\"https:\\\/\\\/radioljubuski.ba\\\/index.php\\\/2021\\\/12\\\/05\\\/zeljka-vucko-i-monika-planinic-najbolje-volonterke-u-2021-godini\\\/\"},\"author\":{\"name\":\"Radio Ljubu\u0161ki\",\"@id\":\"https:\\\/\\\/radioljubuski.ba\\\/#\\\/schema\\\/person\\\/19fc700381a780f69665d7956c469e3b\"},\"headline\":\"\u017deljka Vu\u010dko i Monika Planini\u0107 najbolje volonterke u 2021. godini\",\"datePublished\":\"2021-12-05T22:22:10+00:00\",\"dateModified\":\"2021-12-05T22:22:11+00:00\",\"mainEntityOfPage\":{\"@id\":\"https:\\\/\\\/radioljubuski.ba\\\/index.php\\\/2021\\\/12\\\/05\\\/zeljka-vucko-i-monika-planinic-najbolje-volonterke-u-2021-godini\\\/\"},\"wordCount\":1406,\"publisher\":{\"@id\":\"https:\\\/\\\/radioljubuski.ba\\\/#organization\"},\"image\":{\"@id\":\"https:\\\/\\\/radioljubuski.ba\\\/index.php\\\/2021\\\/12\\\/05\\\/zeljka-vucko-i-monika-planinic-najbolje-volonterke-u-2021-godini\\\/#primaryimage\"},\"thumbnailUrl\":\"https:\\\/\\\/radioljubuski.ba\\\/wp-content\\\/uploads\\\/2021\\\/12\\\/8-2021-12-05-19-29-58-Monika-Planinic_najbolja-volonterka-u-BiH_1.jpg\",\"articleSection\":[\"BIH i regija\"],\"inLanguage\":\"hr\"},{\"@type\":\"WebPage\",\"@id\":\"https:\\\/\\\/radioljubuski.ba\\\/index.php\\\/2021\\\/12\\\/05\\\/zeljka-vucko-i-monika-planinic-najbolje-volonterke-u-2021-godini\\\/\",\"url\":\"https:\\\/\\\/radioljubuski.ba\\\/index.php\\\/2021\\\/12\\\/05\\\/zeljka-vucko-i-monika-planinic-najbolje-volonterke-u-2021-godini\\\/\",\"name\":\"\u017deljka Vu\u010dko i Monika Planini\u0107 najbolje volonterke u 2021. godini - RADIO LJUBU\u0160KI\",\"isPartOf\":{\"@id\":\"https:\\\/\\\/radioljubuski.ba\\\/#website\"},\"primaryImageOfPage\":{\"@id\":\"https:\\\/\\\/radioljubuski.ba\\\/index.php\\\/2021\\\/12\\\/05\\\/zeljka-vucko-i-monika-planinic-najbolje-volonterke-u-2021-godini\\\/#primaryimage\"},\"image\":{\"@id\":\"https:\\\/\\\/radioljubuski.ba\\\/index.php\\\/2021\\\/12\\\/05\\\/zeljka-vucko-i-monika-planinic-najbolje-volonterke-u-2021-godini\\\/#primaryimage\"},\"thumbnailUrl\":\"https:\\\/\\\/radioljubuski.ba\\\/wp-content\\\/uploads\\\/2021\\\/12\\\/8-2021-12-05-19-29-58-Monika-Planinic_najbolja-volonterka-u-BiH_1.jpg\",\"datePublished\":\"2021-12-05T22:22:10+00:00\",\"dateModified\":\"2021-12-05T22:22:11+00:00\",\"breadcrumb\":{\"@id\":\"https:\\\/\\\/radioljubuski.ba\\\/index.php\\\/2021\\\/12\\\/05\\\/zeljka-vucko-i-monika-planinic-najbolje-volonterke-u-2021-godini\\\/#breadcrumb\"},\"inLanguage\":\"hr\",\"potentialAction\":[{\"@type\":\"ReadAction\",\"target\":[\"https:\\\/\\\/radioljubuski.ba\\\/index.php\\\/2021\\\/12\\\/05\\\/zeljka-vucko-i-monika-planinic-najbolje-volonterke-u-2021-godini\\\/\"]}]},{\"@type\":\"ImageObject\",\"inLanguage\":\"hr\",\"@id\":\"https:\\\/\\\/radioljubuski.ba\\\/index.php\\\/2021\\\/12\\\/05\\\/zeljka-vucko-i-monika-planinic-najbolje-volonterke-u-2021-godini\\\/#primaryimage\",\"url\":\"https:\\\/\\\/radioljubuski.ba\\\/wp-content\\\/uploads\\\/2021\\\/12\\\/8-2021-12-05-19-29-58-Monika-Planinic_najbolja-volonterka-u-BiH_1.jpg\",\"contentUrl\":\"https:\\\/\\\/radioljubuski.ba\\\/wp-content\\\/uploads\\\/2021\\\/12\\\/8-2021-12-05-19-29-58-Monika-Planinic_najbolja-volonterka-u-BiH_1.jpg\",\"width\":1000,\"height\":625},{\"@type\":\"BreadcrumbList\",\"@id\":\"https:\\\/\\\/radioljubuski.ba\\\/index.php\\\/2021\\\/12\\\/05\\\/zeljka-vucko-i-monika-planinic-najbolje-volonterke-u-2021-godini\\\/#breadcrumb\",\"itemListElement\":[{\"@type\":\"ListItem\",\"position\":1,\"name\":\"Po\u010detna stranica\",\"item\":\"https:\\\/\\\/radioljubuski.ba\\\/\"},{\"@type\":\"ListItem\",\"position\":2,\"name\":\"\u017deljka Vu\u010dko i Monika Planini\u0107 najbolje volonterke u 2021. godini\"}]},{\"@type\":\"WebSite\",\"@id\":\"https:\\\/\\\/radioljubuski.ba\\\/#website\",\"url\":\"https:\\\/\\\/radioljubuski.ba\\\/\",\"name\":\"Radio Ljubu\u0161ki\",\"description\":\"Sun\u010dana frekvencija Hercegovine\",\"publisher\":{\"@id\":\"https:\\\/\\\/radioljubuski.ba\\\/#organization\"},\"potentialAction\":[{\"@type\":\"SearchAction\",\"target\":{\"@type\":\"EntryPoint\",\"urlTemplate\":\"https:\\\/\\\/radioljubuski.ba\\\/?s={search_term_string}\"},\"query-input\":{\"@type\":\"PropertyValueSpecification\",\"valueRequired\":true,\"valueName\":\"search_term_string\"}}],\"inLanguage\":\"hr\"},{\"@type\":\"Organization\",\"@id\":\"https:\\\/\\\/radioljubuski.ba\\\/#organization\",\"name\":\"Radio Ljubu\u0161ki\",\"url\":\"https:\\\/\\\/radioljubuski.ba\\\/\",\"logo\":{\"@type\":\"ImageObject\",\"inLanguage\":\"hr\",\"@id\":\"https:\\\/\\\/radioljubuski.ba\\\/#\\\/schema\\\/logo\\\/image\\\/\",\"url\":\"https:\\\/\\\/radioljubuski.ba\\\/wp-content\\\/uploads\\\/2021\\\/02\\\/cropped-Radio_Ljubuski_logo1.jpg\",\"contentUrl\":\"https:\\\/\\\/radioljubuski.ba\\\/wp-content\\\/uploads\\\/2021\\\/02\\\/cropped-Radio_Ljubuski_logo1.jpg\",\"width\":512,\"height\":512,\"caption\":\"Radio Ljubu\u0161ki\"},\"image\":{\"@id\":\"https:\\\/\\\/radioljubuski.ba\\\/#\\\/schema\\\/logo\\\/image\\\/\"},\"sameAs\":[\"https:\\\/\\\/www.facebook.com\\\/Radiio-Ljubuski-1490835324566332\",\"https:\\\/\\\/x.com\\\/radioljubuski\",\"https:\\\/\\\/hr.linkedin.com\\\/company\\\/radio-ljubuski\",\"https:\\\/\\\/www.youtube.com\\\/channel\\\/UCHYaeO_n0Db3tjNGudGpXyw\"]},{\"@type\":\"Person\",\"@id\":\"https:\\\/\\\/radioljubuski.ba\\\/#\\\/schema\\\/person\\\/19fc700381a780f69665d7956c469e3b\",\"name\":\"Radio Ljubu\u0161ki\"}]}<\/script>\n<!-- \/ Yoast SEO plugin. -->","yoast_head_json":{"title":"\u017deljka Vu\u010dko i Monika Planini\u0107 najbolje volonterke u 2021. godini - RADIO LJUBU\u0160KI","robots":{"index":"index","follow":"follow","max-snippet":"max-snippet:-1","max-image-preview":"max-image-preview:large","max-video-preview":"max-video-preview:-1"},"canonical":"https:\/\/radioljubuski.ba\/index.php\/2021\/12\/05\/zeljka-vucko-i-monika-planinic-najbolje-volonterke-u-2021-godini\/","og_locale":"hr_HR","og_type":"article","og_title":"\u017deljka Vu\u010dko i Monika Planini\u0107 najbolje volonterke u 2021. godini - RADIO LJUBU\u0160KI","og_description":"U sklopu obilje\u017eavanja Me\u0111unarodnog dana volontera, humanitarna udruga \u201efra Mladen Hrka\u0107\u201c je, ve\u0107 tradicionalno, objavila imena dobitnika nagrade \u201eGordana Jeli\u0107\u201c za najbolje volontere u Republici Hrvatskoj i Bosni i Hercegovini za 2021. godinu.&nbsp; Najbolja volonterka u Republici Hrvatskoj je \u017deljka Vu\u010dko, dok je najbolja volonterka u Bosni i Hercegovini Monika Planini\u0107. \u201eOva radosna vijest me [&hellip;]","og_url":"https:\/\/radioljubuski.ba\/index.php\/2021\/12\/05\/zeljka-vucko-i-monika-planinic-najbolje-volonterke-u-2021-godini\/","og_site_name":"RADIO LJUBU\u0160KI","article_publisher":"https:\/\/www.facebook.com\/Radiio-Ljubuski-1490835324566332","article_published_time":"2021-12-05T22:22:10+00:00","article_modified_time":"2021-12-05T22:22:11+00:00","og_image":[{"width":1000,"height":625,"url":"https:\/\/radioljubuski.ba\/wp-content\/uploads\/2021\/12\/8-2021-12-05-19-29-58-Monika-Planinic_najbolja-volonterka-u-BiH_1.jpg","type":"image\/jpeg"}],"author":"Radio Ljubu\u0161ki","twitter_card":"summary_large_image","twitter_creator":"@radioljubuski","twitter_site":"@radioljubuski","twitter_misc":{"Napisao\/la":"Radio Ljubu\u0161ki","Procijenjeno vrijeme \u010ditanja":"7 minuta"},"schema":{"@context":"https:\/\/schema.org","@graph":[{"@type":"Article","@id":"https:\/\/radioljubuski.ba\/index.php\/2021\/12\/05\/zeljka-vucko-i-monika-planinic-najbolje-volonterke-u-2021-godini\/#article","isPartOf":{"@id":"https:\/\/radioljubuski.ba\/index.php\/2021\/12\/05\/zeljka-vucko-i-monika-planinic-najbolje-volonterke-u-2021-godini\/"},"author":{"name":"Radio Ljubu\u0161ki","@id":"https:\/\/radioljubuski.ba\/#\/schema\/person\/19fc700381a780f69665d7956c469e3b"},"headline":"\u017deljka Vu\u010dko i Monika Planini\u0107 najbolje volonterke u 2021. godini","datePublished":"2021-12-05T22:22:10+00:00","dateModified":"2021-12-05T22:22:11+00:00","mainEntityOfPage":{"@id":"https:\/\/radioljubuski.ba\/index.php\/2021\/12\/05\/zeljka-vucko-i-monika-planinic-najbolje-volonterke-u-2021-godini\/"},"wordCount":1406,"publisher":{"@id":"https:\/\/radioljubuski.ba\/#organization"},"image":{"@id":"https:\/\/radioljubuski.ba\/index.php\/2021\/12\/05\/zeljka-vucko-i-monika-planinic-najbolje-volonterke-u-2021-godini\/#primaryimage"},"thumbnailUrl":"https:\/\/radioljubuski.ba\/wp-content\/uploads\/2021\/12\/8-2021-12-05-19-29-58-Monika-Planinic_najbolja-volonterka-u-BiH_1.jpg","articleSection":["BIH i regija"],"inLanguage":"hr"},{"@type":"WebPage","@id":"https:\/\/radioljubuski.ba\/index.php\/2021\/12\/05\/zeljka-vucko-i-monika-planinic-najbolje-volonterke-u-2021-godini\/","url":"https:\/\/radioljubuski.ba\/index.php\/2021\/12\/05\/zeljka-vucko-i-monika-planinic-najbolje-volonterke-u-2021-godini\/","name":"\u017deljka Vu\u010dko i Monika Planini\u0107 najbolje volonterke u 2021. godini - RADIO LJUBU\u0160KI","isPartOf":{"@id":"https:\/\/radioljubuski.ba\/#website"},"primaryImageOfPage":{"@id":"https:\/\/radioljubuski.ba\/index.php\/2021\/12\/05\/zeljka-vucko-i-monika-planinic-najbolje-volonterke-u-2021-godini\/#primaryimage"},"image":{"@id":"https:\/\/radioljubuski.ba\/index.php\/2021\/12\/05\/zeljka-vucko-i-monika-planinic-najbolje-volonterke-u-2021-godini\/#primaryimage"},"thumbnailUrl":"https:\/\/radioljubuski.ba\/wp-content\/uploads\/2021\/12\/8-2021-12-05-19-29-58-Monika-Planinic_najbolja-volonterka-u-BiH_1.jpg","datePublished":"2021-12-05T22:22:10+00:00","dateModified":"2021-12-05T22:22:11+00:00","breadcrumb":{"@id":"https:\/\/radioljubuski.ba\/index.php\/2021\/12\/05\/zeljka-vucko-i-monika-planinic-najbolje-volonterke-u-2021-godini\/#breadcrumb"},"inLanguage":"hr","potentialAction":[{"@type":"ReadAction","target":["https:\/\/radioljubuski.ba\/index.php\/2021\/12\/05\/zeljka-vucko-i-monika-planinic-najbolje-volonterke-u-2021-godini\/"]}]},{"@type":"ImageObject","inLanguage":"hr","@id":"https:\/\/radioljubuski.ba\/index.php\/2021\/12\/05\/zeljka-vucko-i-monika-planinic-najbolje-volonterke-u-2021-godini\/#primaryimage","url":"https:\/\/radioljubuski.ba\/wp-content\/uploads\/2021\/12\/8-2021-12-05-19-29-58-Monika-Planinic_najbolja-volonterka-u-BiH_1.jpg","contentUrl":"https:\/\/radioljubuski.ba\/wp-content\/uploads\/2021\/12\/8-2021-12-05-19-29-58-Monika-Planinic_najbolja-volonterka-u-BiH_1.jpg","width":1000,"height":625},{"@type":"BreadcrumbList","@id":"https:\/\/radioljubuski.ba\/index.php\/2021\/12\/05\/zeljka-vucko-i-monika-planinic-najbolje-volonterke-u-2021-godini\/#breadcrumb","itemListElement":[{"@type":"ListItem","position":1,"name":"Po\u010detna stranica","item":"https:\/\/radioljubuski.ba\/"},{"@type":"ListItem","position":2,"name":"\u017deljka Vu\u010dko i Monika Planini\u0107 najbolje volonterke u 2021. godini"}]},{"@type":"WebSite","@id":"https:\/\/radioljubuski.ba\/#website","url":"https:\/\/radioljubuski.ba\/","name":"Radio Ljubu\u0161ki","description":"Sun\u010dana frekvencija Hercegovine","publisher":{"@id":"https:\/\/radioljubuski.ba\/#organization"},"potentialAction":[{"@type":"SearchAction","target":{"@type":"EntryPoint","urlTemplate":"https:\/\/radioljubuski.ba\/?s={search_term_string}"},"query-input":{"@type":"PropertyValueSpecification","valueRequired":true,"valueName":"search_term_string"}}],"inLanguage":"hr"},{"@type":"Organization","@id":"https:\/\/radioljubuski.ba\/#organization","name":"Radio Ljubu\u0161ki","url":"https:\/\/radioljubuski.ba\/","logo":{"@type":"ImageObject","inLanguage":"hr","@id":"https:\/\/radioljubuski.ba\/#\/schema\/logo\/image\/","url":"https:\/\/radioljubuski.ba\/wp-content\/uploads\/2021\/02\/cropped-Radio_Ljubuski_logo1.jpg","contentUrl":"https:\/\/radioljubuski.ba\/wp-content\/uploads\/2021\/02\/cropped-Radio_Ljubuski_logo1.jpg","width":512,"height":512,"caption":"Radio Ljubu\u0161ki"},"image":{"@id":"https:\/\/radioljubuski.ba\/#\/schema\/logo\/image\/"},"sameAs":["https:\/\/www.facebook.com\/Radiio-Ljubuski-1490835324566332","https:\/\/x.com\/radioljubuski","https:\/\/hr.linkedin.com\/company\/radio-ljubuski","https:\/\/www.youtube.com\/channel\/UCHYaeO_n0Db3tjNGudGpXyw"]},{"@type":"Person","@id":"https:\/\/radioljubuski.ba\/#\/schema\/person\/19fc700381a780f69665d7956c469e3b","name":"Radio Ljubu\u0161ki"}]}},"_links":{"self":[{"href":"https:\/\/radioljubuski.ba\/index.php\/wp-json\/wp\/v2\/posts\/96290","targetHints":{"allow":["GET"]}}],"collection":[{"href":"https:\/\/radioljubuski.ba\/index.php\/wp-json\/wp\/v2\/posts"}],"about":[{"href":"https:\/\/radioljubuski.ba\/index.php\/wp-json\/wp\/v2\/types\/post"}],"author":[{"embeddable":true,"href":"https:\/\/radioljubuski.ba\/index.php\/wp-json\/wp\/v2\/users\/2"}],"replies":[{"embeddable":true,"href":"https:\/\/radioljubuski.ba\/index.php\/wp-json\/wp\/v2\/comments?post=96290"}],"version-history":[{"count":1,"href":"https:\/\/radioljubuski.ba\/index.php\/wp-json\/wp\/v2\/posts\/96290\/revisions"}],"predecessor-version":[{"id":96292,"href":"https:\/\/radioljubuski.ba\/index.php\/wp-json\/wp\/v2\/posts\/96290\/revisions\/96292"}],"wp:featuredmedia":[{"embeddable":true,"href":"https:\/\/radioljubuski.ba\/index.php\/wp-json\/wp\/v2\/media\/96291"}],"wp:attachment":[{"href":"https:\/\/radioljubuski.ba\/index.php\/wp-json\/wp\/v2\/media?parent=96290"}],"wp:term":[{"taxonomy":"category","embeddable":true,"href":"https:\/\/radioljubuski.ba\/index.php\/wp-json\/wp\/v2\/categories?post=96290"},{"taxonomy":"post_tag","embeddable":true,"href":"https:\/\/radioljubuski.ba\/index.php\/wp-json\/wp\/v2\/tags?post=96290"}],"curies":[{"name":"wp","href":"https:\/\/api.w.org\/{rel}","templated":true}]}}