{"id":96296,"date":"2021-12-05T23:56:30","date_gmt":"2021-12-05T22:56:30","guid":{"rendered":"https:\/\/radioljubuski.ba\/?p=96296"},"modified":"2021-12-05T23:56:32","modified_gmt":"2021-12-05T22:56:32","slug":"u-bolnici-zbog-korone-zavrsile-tri-bebe-najmladi-pacijent-na-intenzivnoj-ima-23-godine-iako-u-hrvatskoj-biljezimo-mali-pad-stanje-na-zaraznoj-je-zabrinjavajuce","status":"publish","type":"post","link":"https:\/\/radioljubuski.ba\/index.php\/2021\/12\/05\/u-bolnici-zbog-korone-zavrsile-tri-bebe-najmladi-pacijent-na-intenzivnoj-ima-23-godine-iako-u-hrvatskoj-biljezimo-mali-pad-stanje-na-zaraznoj-je-zabrinjavajuce\/","title":{"rendered":"U bolnici zbog korone zavr\u0161ile tri bebe, najmla\u0111i pacijent na intenzivnoj ima 23 godine: iako u Hrvatskoj bilje\u017eimo mali pad, stanje na Zaraznoj je zabrinjavaju\u0107e"},"content":{"rendered":"\n<p>Klinika za zarazne bolesti &#8220;Dr. Fran Mihaljevi\u0107&#8221; u \u017eari\u0161tu je borbe protiv epidemije ve\u0107 gotovo dvije godine. Kapaciteti su popunjeni, a osje\u0107aju tek mali predah. Popu\u0161ta pritisak na hitni prijem, a dnevno hospitaliziraju 15-ak oboljelih od COVID-a.<\/p>\n\n\n\n<p>Infektologinja&nbsp;<strong>Jelena Budimir Mihali\u0107<\/strong>&nbsp;iz Klinike za infektivne bolesti &#8220;Dr. Fran Mihaljevi\u0107&#8221; kazala je za&nbsp;<a href=\"https:\/\/www.jutarnji.hr\/vijesti\/hrvatska\/u-zaraznoj-zbog-korone-zavrsile-i-tri-bebe-najmladi-pacijent-na-intenzivnoj-ima-23-godine-15129207\" target=\"_blank\" rel=\"noreferrer noopener\"><strong>Dnevnik HTV-a<\/strong><\/a>&nbsp;da je tek neznatno manji pritisak na hitni prijem, ali na odjelima su te\u0161ki do izrazito te\u0161ki pacijenti.<\/p>\n\n\n\n<p>&#8211; To dovodi do potencijalnog prelijevanja u jedinice intenzivnog lije\u010denja koja je u na\u0161oj ustanovi gotovo u potpunosti ispunjena, rekla je Jelena Budimir Mihali\u0107.<\/p>\n\n\n\n<p>Na odjelima za konzervativno, hladno lije\u010denje, nalaze se osobe od oko 40 godina do visoke \u017eivotne dobi, 80 i vi\u0161e, no zabrinjava raspon dobi u jedinici intenzivnog lije\u010denja. Najmla\u0111i pacijent star je 23 godine.<\/p>\n\n\n\n<p>&#8211; Hospitalizirano je troje djece dojena\u010dke dobi, najmla\u0111e je staro mjesec dana, a pri\u010da ide iz pozitivne epidemiolo\u0161ke situacije kod ku\u0107e, rekla je.<\/p>\n\n\n\n<p>Boji se da \u0107e zdravstveni sustav jo\u0161 neko vrijeme morati nositi teret visokih brojeva proteklih dana i tjedana.<\/p>\n\n\n\n<p>Klinika \u0107e sudjelovati u pilot projektu Ministarstva zdravstva, testirat \u0107e i cijepljenje zdravstvene djelatnike.<\/p>\n\n\n\n<p>Budimir Mihali\u0107 iznijela je primjer iz vlastitog iskustva, nagla\u0161avaju\u0107i va\u017enost tre\u0107e doze cjepiva.<\/p>\n\n\n\n<p>Ka\u017ee da joj je mla\u0111e dijete \u0161kolske dobi bilo bolesno, oko tri tjedna nakon prijema njene tre\u0107e doze, a ona se testirala, PCR je bio negativan i nije imala simptoma.<\/p>\n\n\n\n<p>Kona\u010dni rezultati o slu\u010dajevima omikrona u Hrvatskoj bit \u0107e poznati sutra iza 11 sati, a zatim slijedi slu\u017ebeno izvje\u0161\u0107e, potvr\u0111eno je iz HZJZ-a za&nbsp;<a href=\"https:\/\/www.jutarnji.hr\/vijesti\/hrvatska\/u-zaraznoj-zbog-korone-zavrsile-i-tri-bebe-najmladi-pacijent-na-intenzivnoj-ima-23-godine-15129207\" target=\"_blank\" rel=\"noreferrer noopener\"><strong>HRT<\/strong><\/a>.<\/p>\n\n\n\n<p><strong>PI\u0160E&nbsp;<\/strong>PSD<\/p>\n","protected":false},"excerpt":{"rendered":"<p>Klinika za zarazne bolesti &#8220;Dr. Fran Mihaljevi\u0107&#8221; u \u017eari\u0161tu je borbe protiv epidemije ve\u0107 gotovo dvije godine. Kapaciteti su popunjeni, a osje\u0107aju tek mali predah. Popu\u0161ta pritisak na hitni prijem, a dnevno hospitaliziraju 15-ak oboljelih od COVID-a. Infektologinja&nbsp;Jelena Budimir Mihali\u0107&nbsp;iz Klinike za infektivne bolesti &#8220;Dr. Fran Mihaljevi\u0107&#8221; kazala je za&nbsp;Dnevnik HTV-a&nbsp;da je tek neznatno manji [&hellip;]<\/p>\n","protected":false},"author":2,"featured_media":96297,"comment_status":"closed","ping_status":"closed","sticky":false,"template":"","format":"standard","meta":{"h5ap_radio_sources":[],"footnotes":""},"categories":[1],"tags":[],"class_list":["post-96296","post","type-post","status-publish","format-standard","has-post-thumbnail","hentry","category-bihiregija"],"yoast_head":"<!-- This site is optimized with the Yoast SEO plugin v27.4 - https:\/\/yoast.com\/product\/yoast-seo-wordpress\/ -->\n<title>U bolnici zbog korone zavr\u0161ile tri bebe, najmla\u0111i pacijent na intenzivnoj ima 23 godine: iako u Hrvatskoj bilje\u017eimo mali pad, stanje na Zaraznoj je zabrinjavaju\u0107e - RADIO LJUBU\u0160KI<\/title>\n<meta name=\"robots\" content=\"index, follow, max-snippet:-1, max-image-preview:large, max-video-preview:-1\" \/>\n<link rel=\"canonical\" href=\"https:\/\/radioljubuski.ba\/index.php\/2021\/12\/05\/u-bolnici-zbog-korone-zavrsile-tri-bebe-najmladi-pacijent-na-intenzivnoj-ima-23-godine-iako-u-hrvatskoj-biljezimo-mali-pad-stanje-na-zaraznoj-je-zabrinjavajuce\/\" \/>\n<meta property=\"og:locale\" content=\"hr_HR\" \/>\n<meta property=\"og:type\" content=\"article\" \/>\n<meta property=\"og:title\" content=\"U bolnici zbog korone zavr\u0161ile tri bebe, najmla\u0111i pacijent na intenzivnoj ima 23 godine: iako u Hrvatskoj bilje\u017eimo mali pad, stanje na Zaraznoj je zabrinjavaju\u0107e - RADIO LJUBU\u0160KI\" \/>\n<meta property=\"og:description\" content=\"Klinika za zarazne bolesti &#8220;Dr. Fran Mihaljevi\u0107&#8221; u \u017eari\u0161tu je borbe protiv epidemije ve\u0107 gotovo dvije godine. Kapaciteti su popunjeni, a osje\u0107aju tek mali predah. Popu\u0161ta pritisak na hitni prijem, a dnevno hospitaliziraju 15-ak oboljelih od COVID-a. Infektologinja&nbsp;Jelena Budimir Mihali\u0107&nbsp;iz Klinike za infektivne bolesti &#8220;Dr. Fran Mihaljevi\u0107&#8221; kazala je za&nbsp;Dnevnik HTV-a&nbsp;da je tek neznatno manji [&hellip;]\" \/>\n<meta property=\"og:url\" content=\"https:\/\/radioljubuski.ba\/index.php\/2021\/12\/05\/u-bolnici-zbog-korone-zavrsile-tri-bebe-najmladi-pacijent-na-intenzivnoj-ima-23-godine-iako-u-hrvatskoj-biljezimo-mali-pad-stanje-na-zaraznoj-je-zabrinjavajuce\/\" \/>\n<meta property=\"og:site_name\" content=\"RADIO LJUBU\u0160KI\" \/>\n<meta property=\"article:publisher\" content=\"https:\/\/www.facebook.com\/Radiio-Ljubuski-1490835324566332\" \/>\n<meta property=\"article:published_time\" content=\"2021-12-05T22:56:30+00:00\" \/>\n<meta property=\"article:modified_time\" content=\"2021-12-05T22:56:32+00:00\" \/>\n<meta property=\"og:image\" content=\"https:\/\/radioljubuski.ba\/wp-content\/uploads\/2021\/12\/o_20206916_1024.jpg\" \/>\n\t<meta property=\"og:image:width\" content=\"1024\" \/>\n\t<meta property=\"og:image:height\" content=\"703\" \/>\n\t<meta property=\"og:image:type\" content=\"image\/jpeg\" \/>\n<meta name=\"author\" content=\"Radio Ljubu\u0161ki\" \/>\n<meta name=\"twitter:card\" content=\"summary_large_image\" \/>\n<meta name=\"twitter:creator\" content=\"@radioljubuski\" \/>\n<meta name=\"twitter:site\" content=\"@radioljubuski\" \/>\n<meta name=\"twitter:label1\" content=\"Napisao\/la\" \/>\n\t<meta name=\"twitter:data1\" content=\"Radio Ljubu\u0161ki\" \/>\n\t<meta name=\"twitter:label2\" content=\"Procijenjeno vrijeme \u010ditanja\" \/>\n\t<meta name=\"twitter:data2\" content=\"2 minute\" \/>\n<script type=\"application\/ld+json\" class=\"yoast-schema-graph\">{\"@context\":\"https:\\\/\\\/schema.org\",\"@graph\":[{\"@type\":\"Article\",\"@id\":\"https:\\\/\\\/radioljubuski.ba\\\/index.php\\\/2021\\\/12\\\/05\\\/u-bolnici-zbog-korone-zavrsile-tri-bebe-najmladi-pacijent-na-intenzivnoj-ima-23-godine-iako-u-hrvatskoj-biljezimo-mali-pad-stanje-na-zaraznoj-je-zabrinjavajuce\\\/#article\",\"isPartOf\":{\"@id\":\"https:\\\/\\\/radioljubuski.ba\\\/index.php\\\/2021\\\/12\\\/05\\\/u-bolnici-zbog-korone-zavrsile-tri-bebe-najmladi-pacijent-na-intenzivnoj-ima-23-godine-iako-u-hrvatskoj-biljezimo-mali-pad-stanje-na-zaraznoj-je-zabrinjavajuce\\\/\"},\"author\":{\"name\":\"Radio Ljubu\u0161ki\",\"@id\":\"https:\\\/\\\/radioljubuski.ba\\\/#\\\/schema\\\/person\\\/19fc700381a780f69665d7956c469e3b\"},\"headline\":\"U bolnici zbog korone zavr\u0161ile tri bebe, najmla\u0111i pacijent na intenzivnoj ima 23 godine: iako u Hrvatskoj bilje\u017eimo mali pad, stanje na Zaraznoj je zabrinjavaju\u0107e\",\"datePublished\":\"2021-12-05T22:56:30+00:00\",\"dateModified\":\"2021-12-05T22:56:32+00:00\",\"mainEntityOfPage\":{\"@id\":\"https:\\\/\\\/radioljubuski.ba\\\/index.php\\\/2021\\\/12\\\/05\\\/u-bolnici-zbog-korone-zavrsile-tri-bebe-najmladi-pacijent-na-intenzivnoj-ima-23-godine-iako-u-hrvatskoj-biljezimo-mali-pad-stanje-na-zaraznoj-je-zabrinjavajuce\\\/\"},\"wordCount\":314,\"publisher\":{\"@id\":\"https:\\\/\\\/radioljubuski.ba\\\/#organization\"},\"image\":{\"@id\":\"https:\\\/\\\/radioljubuski.ba\\\/index.php\\\/2021\\\/12\\\/05\\\/u-bolnici-zbog-korone-zavrsile-tri-bebe-najmladi-pacijent-na-intenzivnoj-ima-23-godine-iako-u-hrvatskoj-biljezimo-mali-pad-stanje-na-zaraznoj-je-zabrinjavajuce\\\/#primaryimage\"},\"thumbnailUrl\":\"https:\\\/\\\/radioljubuski.ba\\\/wp-content\\\/uploads\\\/2021\\\/12\\\/o_20206916_1024.jpg\",\"articleSection\":[\"BIH i regija\"],\"inLanguage\":\"hr\"},{\"@type\":\"WebPage\",\"@id\":\"https:\\\/\\\/radioljubuski.ba\\\/index.php\\\/2021\\\/12\\\/05\\\/u-bolnici-zbog-korone-zavrsile-tri-bebe-najmladi-pacijent-na-intenzivnoj-ima-23-godine-iako-u-hrvatskoj-biljezimo-mali-pad-stanje-na-zaraznoj-je-zabrinjavajuce\\\/\",\"url\":\"https:\\\/\\\/radioljubuski.ba\\\/index.php\\\/2021\\\/12\\\/05\\\/u-bolnici-zbog-korone-zavrsile-tri-bebe-najmladi-pacijent-na-intenzivnoj-ima-23-godine-iako-u-hrvatskoj-biljezimo-mali-pad-stanje-na-zaraznoj-je-zabrinjavajuce\\\/\",\"name\":\"U bolnici zbog korone zavr\u0161ile tri bebe, najmla\u0111i pacijent na intenzivnoj ima 23 godine: iako u Hrvatskoj bilje\u017eimo mali pad, stanje na Zaraznoj je zabrinjavaju\u0107e - RADIO LJUBU\u0160KI\",\"isPartOf\":{\"@id\":\"https:\\\/\\\/radioljubuski.ba\\\/#website\"},\"primaryImageOfPage\":{\"@id\":\"https:\\\/\\\/radioljubuski.ba\\\/index.php\\\/2021\\\/12\\\/05\\\/u-bolnici-zbog-korone-zavrsile-tri-bebe-najmladi-pacijent-na-intenzivnoj-ima-23-godine-iako-u-hrvatskoj-biljezimo-mali-pad-stanje-na-zaraznoj-je-zabrinjavajuce\\\/#primaryimage\"},\"image\":{\"@id\":\"https:\\\/\\\/radioljubuski.ba\\\/index.php\\\/2021\\\/12\\\/05\\\/u-bolnici-zbog-korone-zavrsile-tri-bebe-najmladi-pacijent-na-intenzivnoj-ima-23-godine-iako-u-hrvatskoj-biljezimo-mali-pad-stanje-na-zaraznoj-je-zabrinjavajuce\\\/#primaryimage\"},\"thumbnailUrl\":\"https:\\\/\\\/radioljubuski.ba\\\/wp-content\\\/uploads\\\/2021\\\/12\\\/o_20206916_1024.jpg\",\"datePublished\":\"2021-12-05T22:56:30+00:00\",\"dateModified\":\"2021-12-05T22:56:32+00:00\",\"breadcrumb\":{\"@id\":\"https:\\\/\\\/radioljubuski.ba\\\/index.php\\\/2021\\\/12\\\/05\\\/u-bolnici-zbog-korone-zavrsile-tri-bebe-najmladi-pacijent-na-intenzivnoj-ima-23-godine-iako-u-hrvatskoj-biljezimo-mali-pad-stanje-na-zaraznoj-je-zabrinjavajuce\\\/#breadcrumb\"},\"inLanguage\":\"hr\",\"potentialAction\":[{\"@type\":\"ReadAction\",\"target\":[\"https:\\\/\\\/radioljubuski.ba\\\/index.php\\\/2021\\\/12\\\/05\\\/u-bolnici-zbog-korone-zavrsile-tri-bebe-najmladi-pacijent-na-intenzivnoj-ima-23-godine-iako-u-hrvatskoj-biljezimo-mali-pad-stanje-na-zaraznoj-je-zabrinjavajuce\\\/\"]}]},{\"@type\":\"ImageObject\",\"inLanguage\":\"hr\",\"@id\":\"https:\\\/\\\/radioljubuski.ba\\\/index.php\\\/2021\\\/12\\\/05\\\/u-bolnici-zbog-korone-zavrsile-tri-bebe-najmladi-pacijent-na-intenzivnoj-ima-23-godine-iako-u-hrvatskoj-biljezimo-mali-pad-stanje-na-zaraznoj-je-zabrinjavajuce\\\/#primaryimage\",\"url\":\"https:\\\/\\\/radioljubuski.ba\\\/wp-content\\\/uploads\\\/2021\\\/12\\\/o_20206916_1024.jpg\",\"contentUrl\":\"https:\\\/\\\/radioljubuski.ba\\\/wp-content\\\/uploads\\\/2021\\\/12\\\/o_20206916_1024.jpg\",\"width\":1024,\"height\":703},{\"@type\":\"BreadcrumbList\",\"@id\":\"https:\\\/\\\/radioljubuski.ba\\\/index.php\\\/2021\\\/12\\\/05\\\/u-bolnici-zbog-korone-zavrsile-tri-bebe-najmladi-pacijent-na-intenzivnoj-ima-23-godine-iako-u-hrvatskoj-biljezimo-mali-pad-stanje-na-zaraznoj-je-zabrinjavajuce\\\/#breadcrumb\",\"itemListElement\":[{\"@type\":\"ListItem\",\"position\":1,\"name\":\"Po\u010detna stranica\",\"item\":\"https:\\\/\\\/radioljubuski.ba\\\/\"},{\"@type\":\"ListItem\",\"position\":2,\"name\":\"U bolnici zbog korone zavr\u0161ile tri bebe, najmla\u0111i pacijent na intenzivnoj ima 23 godine: iako u Hrvatskoj bilje\u017eimo mali pad, stanje na Zaraznoj je zabrinjavaju\u0107e\"}]},{\"@type\":\"WebSite\",\"@id\":\"https:\\\/\\\/radioljubuski.ba\\\/#website\",\"url\":\"https:\\\/\\\/radioljubuski.ba\\\/\",\"name\":\"Radio Ljubu\u0161ki\",\"description\":\"Sun\u010dana frekvencija Hercegovine\",\"publisher\":{\"@id\":\"https:\\\/\\\/radioljubuski.ba\\\/#organization\"},\"potentialAction\":[{\"@type\":\"SearchAction\",\"target\":{\"@type\":\"EntryPoint\",\"urlTemplate\":\"https:\\\/\\\/radioljubuski.ba\\\/?s={search_term_string}\"},\"query-input\":{\"@type\":\"PropertyValueSpecification\",\"valueRequired\":true,\"valueName\":\"search_term_string\"}}],\"inLanguage\":\"hr\"},{\"@type\":\"Organization\",\"@id\":\"https:\\\/\\\/radioljubuski.ba\\\/#organization\",\"name\":\"Radio Ljubu\u0161ki\",\"url\":\"https:\\\/\\\/radioljubuski.ba\\\/\",\"logo\":{\"@type\":\"ImageObject\",\"inLanguage\":\"hr\",\"@id\":\"https:\\\/\\\/radioljubuski.ba\\\/#\\\/schema\\\/logo\\\/image\\\/\",\"url\":\"https:\\\/\\\/radioljubuski.ba\\\/wp-content\\\/uploads\\\/2021\\\/02\\\/cropped-Radio_Ljubuski_logo1.jpg\",\"contentUrl\":\"https:\\\/\\\/radioljubuski.ba\\\/wp-content\\\/uploads\\\/2021\\\/02\\\/cropped-Radio_Ljubuski_logo1.jpg\",\"width\":512,\"height\":512,\"caption\":\"Radio Ljubu\u0161ki\"},\"image\":{\"@id\":\"https:\\\/\\\/radioljubuski.ba\\\/#\\\/schema\\\/logo\\\/image\\\/\"},\"sameAs\":[\"https:\\\/\\\/www.facebook.com\\\/Radiio-Ljubuski-1490835324566332\",\"https:\\\/\\\/x.com\\\/radioljubuski\",\"https:\\\/\\\/hr.linkedin.com\\\/company\\\/radio-ljubuski\",\"https:\\\/\\\/www.youtube.com\\\/channel\\\/UCHYaeO_n0Db3tjNGudGpXyw\"]},{\"@type\":\"Person\",\"@id\":\"https:\\\/\\\/radioljubuski.ba\\\/#\\\/schema\\\/person\\\/19fc700381a780f69665d7956c469e3b\",\"name\":\"Radio Ljubu\u0161ki\"}]}<\/script>\n<!-- \/ Yoast SEO plugin. -->","yoast_head_json":{"title":"U bolnici zbog korone zavr\u0161ile tri bebe, najmla\u0111i pacijent na intenzivnoj ima 23 godine: iako u Hrvatskoj bilje\u017eimo mali pad, stanje na Zaraznoj je zabrinjavaju\u0107e - RADIO LJUBU\u0160KI","robots":{"index":"index","follow":"follow","max-snippet":"max-snippet:-1","max-image-preview":"max-image-preview:large","max-video-preview":"max-video-preview:-1"},"canonical":"https:\/\/radioljubuski.ba\/index.php\/2021\/12\/05\/u-bolnici-zbog-korone-zavrsile-tri-bebe-najmladi-pacijent-na-intenzivnoj-ima-23-godine-iako-u-hrvatskoj-biljezimo-mali-pad-stanje-na-zaraznoj-je-zabrinjavajuce\/","og_locale":"hr_HR","og_type":"article","og_title":"U bolnici zbog korone zavr\u0161ile tri bebe, najmla\u0111i pacijent na intenzivnoj ima 23 godine: iako u Hrvatskoj bilje\u017eimo mali pad, stanje na Zaraznoj je zabrinjavaju\u0107e - RADIO LJUBU\u0160KI","og_description":"Klinika za zarazne bolesti &#8220;Dr. Fran Mihaljevi\u0107&#8221; u \u017eari\u0161tu je borbe protiv epidemije ve\u0107 gotovo dvije godine. Kapaciteti su popunjeni, a osje\u0107aju tek mali predah. Popu\u0161ta pritisak na hitni prijem, a dnevno hospitaliziraju 15-ak oboljelih od COVID-a. Infektologinja&nbsp;Jelena Budimir Mihali\u0107&nbsp;iz Klinike za infektivne bolesti &#8220;Dr. Fran Mihaljevi\u0107&#8221; kazala je za&nbsp;Dnevnik HTV-a&nbsp;da je tek neznatno manji [&hellip;]","og_url":"https:\/\/radioljubuski.ba\/index.php\/2021\/12\/05\/u-bolnici-zbog-korone-zavrsile-tri-bebe-najmladi-pacijent-na-intenzivnoj-ima-23-godine-iako-u-hrvatskoj-biljezimo-mali-pad-stanje-na-zaraznoj-je-zabrinjavajuce\/","og_site_name":"RADIO LJUBU\u0160KI","article_publisher":"https:\/\/www.facebook.com\/Radiio-Ljubuski-1490835324566332","article_published_time":"2021-12-05T22:56:30+00:00","article_modified_time":"2021-12-05T22:56:32+00:00","og_image":[{"width":1024,"height":703,"url":"https:\/\/radioljubuski.ba\/wp-content\/uploads\/2021\/12\/o_20206916_1024.jpg","type":"image\/jpeg"}],"author":"Radio Ljubu\u0161ki","twitter_card":"summary_large_image","twitter_creator":"@radioljubuski","twitter_site":"@radioljubuski","twitter_misc":{"Napisao\/la":"Radio Ljubu\u0161ki","Procijenjeno vrijeme \u010ditanja":"2 minute"},"schema":{"@context":"https:\/\/schema.org","@graph":[{"@type":"Article","@id":"https:\/\/radioljubuski.ba\/index.php\/2021\/12\/05\/u-bolnici-zbog-korone-zavrsile-tri-bebe-najmladi-pacijent-na-intenzivnoj-ima-23-godine-iako-u-hrvatskoj-biljezimo-mali-pad-stanje-na-zaraznoj-je-zabrinjavajuce\/#article","isPartOf":{"@id":"https:\/\/radioljubuski.ba\/index.php\/2021\/12\/05\/u-bolnici-zbog-korone-zavrsile-tri-bebe-najmladi-pacijent-na-intenzivnoj-ima-23-godine-iako-u-hrvatskoj-biljezimo-mali-pad-stanje-na-zaraznoj-je-zabrinjavajuce\/"},"author":{"name":"Radio Ljubu\u0161ki","@id":"https:\/\/radioljubuski.ba\/#\/schema\/person\/19fc700381a780f69665d7956c469e3b"},"headline":"U bolnici zbog korone zavr\u0161ile tri bebe, najmla\u0111i pacijent na intenzivnoj ima 23 godine: iako u Hrvatskoj bilje\u017eimo mali pad, stanje na Zaraznoj je zabrinjavaju\u0107e","datePublished":"2021-12-05T22:56:30+00:00","dateModified":"2021-12-05T22:56:32+00:00","mainEntityOfPage":{"@id":"https:\/\/radioljubuski.ba\/index.php\/2021\/12\/05\/u-bolnici-zbog-korone-zavrsile-tri-bebe-najmladi-pacijent-na-intenzivnoj-ima-23-godine-iako-u-hrvatskoj-biljezimo-mali-pad-stanje-na-zaraznoj-je-zabrinjavajuce\/"},"wordCount":314,"publisher":{"@id":"https:\/\/radioljubuski.ba\/#organization"},"image":{"@id":"https:\/\/radioljubuski.ba\/index.php\/2021\/12\/05\/u-bolnici-zbog-korone-zavrsile-tri-bebe-najmladi-pacijent-na-intenzivnoj-ima-23-godine-iako-u-hrvatskoj-biljezimo-mali-pad-stanje-na-zaraznoj-je-zabrinjavajuce\/#primaryimage"},"thumbnailUrl":"https:\/\/radioljubuski.ba\/wp-content\/uploads\/2021\/12\/o_20206916_1024.jpg","articleSection":["BIH i regija"],"inLanguage":"hr"},{"@type":"WebPage","@id":"https:\/\/radioljubuski.ba\/index.php\/2021\/12\/05\/u-bolnici-zbog-korone-zavrsile-tri-bebe-najmladi-pacijent-na-intenzivnoj-ima-23-godine-iako-u-hrvatskoj-biljezimo-mali-pad-stanje-na-zaraznoj-je-zabrinjavajuce\/","url":"https:\/\/radioljubuski.ba\/index.php\/2021\/12\/05\/u-bolnici-zbog-korone-zavrsile-tri-bebe-najmladi-pacijent-na-intenzivnoj-ima-23-godine-iako-u-hrvatskoj-biljezimo-mali-pad-stanje-na-zaraznoj-je-zabrinjavajuce\/","name":"U bolnici zbog korone zavr\u0161ile tri bebe, najmla\u0111i pacijent na intenzivnoj ima 23 godine: iako u Hrvatskoj bilje\u017eimo mali pad, stanje na Zaraznoj je zabrinjavaju\u0107e - RADIO LJUBU\u0160KI","isPartOf":{"@id":"https:\/\/radioljubuski.ba\/#website"},"primaryImageOfPage":{"@id":"https:\/\/radioljubuski.ba\/index.php\/2021\/12\/05\/u-bolnici-zbog-korone-zavrsile-tri-bebe-najmladi-pacijent-na-intenzivnoj-ima-23-godine-iako-u-hrvatskoj-biljezimo-mali-pad-stanje-na-zaraznoj-je-zabrinjavajuce\/#primaryimage"},"image":{"@id":"https:\/\/radioljubuski.ba\/index.php\/2021\/12\/05\/u-bolnici-zbog-korone-zavrsile-tri-bebe-najmladi-pacijent-na-intenzivnoj-ima-23-godine-iako-u-hrvatskoj-biljezimo-mali-pad-stanje-na-zaraznoj-je-zabrinjavajuce\/#primaryimage"},"thumbnailUrl":"https:\/\/radioljubuski.ba\/wp-content\/uploads\/2021\/12\/o_20206916_1024.jpg","datePublished":"2021-12-05T22:56:30+00:00","dateModified":"2021-12-05T22:56:32+00:00","breadcrumb":{"@id":"https:\/\/radioljubuski.ba\/index.php\/2021\/12\/05\/u-bolnici-zbog-korone-zavrsile-tri-bebe-najmladi-pacijent-na-intenzivnoj-ima-23-godine-iako-u-hrvatskoj-biljezimo-mali-pad-stanje-na-zaraznoj-je-zabrinjavajuce\/#breadcrumb"},"inLanguage":"hr","potentialAction":[{"@type":"ReadAction","target":["https:\/\/radioljubuski.ba\/index.php\/2021\/12\/05\/u-bolnici-zbog-korone-zavrsile-tri-bebe-najmladi-pacijent-na-intenzivnoj-ima-23-godine-iako-u-hrvatskoj-biljezimo-mali-pad-stanje-na-zaraznoj-je-zabrinjavajuce\/"]}]},{"@type":"ImageObject","inLanguage":"hr","@id":"https:\/\/radioljubuski.ba\/index.php\/2021\/12\/05\/u-bolnici-zbog-korone-zavrsile-tri-bebe-najmladi-pacijent-na-intenzivnoj-ima-23-godine-iako-u-hrvatskoj-biljezimo-mali-pad-stanje-na-zaraznoj-je-zabrinjavajuce\/#primaryimage","url":"https:\/\/radioljubuski.ba\/wp-content\/uploads\/2021\/12\/o_20206916_1024.jpg","contentUrl":"https:\/\/radioljubuski.ba\/wp-content\/uploads\/2021\/12\/o_20206916_1024.jpg","width":1024,"height":703},{"@type":"BreadcrumbList","@id":"https:\/\/radioljubuski.ba\/index.php\/2021\/12\/05\/u-bolnici-zbog-korone-zavrsile-tri-bebe-najmladi-pacijent-na-intenzivnoj-ima-23-godine-iako-u-hrvatskoj-biljezimo-mali-pad-stanje-na-zaraznoj-je-zabrinjavajuce\/#breadcrumb","itemListElement":[{"@type":"ListItem","position":1,"name":"Po\u010detna stranica","item":"https:\/\/radioljubuski.ba\/"},{"@type":"ListItem","position":2,"name":"U bolnici zbog korone zavr\u0161ile tri bebe, najmla\u0111i pacijent na intenzivnoj ima 23 godine: iako u Hrvatskoj bilje\u017eimo mali pad, stanje na Zaraznoj je zabrinjavaju\u0107e"}]},{"@type":"WebSite","@id":"https:\/\/radioljubuski.ba\/#website","url":"https:\/\/radioljubuski.ba\/","name":"Radio Ljubu\u0161ki","description":"Sun\u010dana frekvencija Hercegovine","publisher":{"@id":"https:\/\/radioljubuski.ba\/#organization"},"potentialAction":[{"@type":"SearchAction","target":{"@type":"EntryPoint","urlTemplate":"https:\/\/radioljubuski.ba\/?s={search_term_string}"},"query-input":{"@type":"PropertyValueSpecification","valueRequired":true,"valueName":"search_term_string"}}],"inLanguage":"hr"},{"@type":"Organization","@id":"https:\/\/radioljubuski.ba\/#organization","name":"Radio Ljubu\u0161ki","url":"https:\/\/radioljubuski.ba\/","logo":{"@type":"ImageObject","inLanguage":"hr","@id":"https:\/\/radioljubuski.ba\/#\/schema\/logo\/image\/","url":"https:\/\/radioljubuski.ba\/wp-content\/uploads\/2021\/02\/cropped-Radio_Ljubuski_logo1.jpg","contentUrl":"https:\/\/radioljubuski.ba\/wp-content\/uploads\/2021\/02\/cropped-Radio_Ljubuski_logo1.jpg","width":512,"height":512,"caption":"Radio Ljubu\u0161ki"},"image":{"@id":"https:\/\/radioljubuski.ba\/#\/schema\/logo\/image\/"},"sameAs":["https:\/\/www.facebook.com\/Radiio-Ljubuski-1490835324566332","https:\/\/x.com\/radioljubuski","https:\/\/hr.linkedin.com\/company\/radio-ljubuski","https:\/\/www.youtube.com\/channel\/UCHYaeO_n0Db3tjNGudGpXyw"]},{"@type":"Person","@id":"https:\/\/radioljubuski.ba\/#\/schema\/person\/19fc700381a780f69665d7956c469e3b","name":"Radio Ljubu\u0161ki"}]}},"_links":{"self":[{"href":"https:\/\/radioljubuski.ba\/index.php\/wp-json\/wp\/v2\/posts\/96296","targetHints":{"allow":["GET"]}}],"collection":[{"href":"https:\/\/radioljubuski.ba\/index.php\/wp-json\/wp\/v2\/posts"}],"about":[{"href":"https:\/\/radioljubuski.ba\/index.php\/wp-json\/wp\/v2\/types\/post"}],"author":[{"embeddable":true,"href":"https:\/\/radioljubuski.ba\/index.php\/wp-json\/wp\/v2\/users\/2"}],"replies":[{"embeddable":true,"href":"https:\/\/radioljubuski.ba\/index.php\/wp-json\/wp\/v2\/comments?post=96296"}],"version-history":[{"count":1,"href":"https:\/\/radioljubuski.ba\/index.php\/wp-json\/wp\/v2\/posts\/96296\/revisions"}],"predecessor-version":[{"id":96298,"href":"https:\/\/radioljubuski.ba\/index.php\/wp-json\/wp\/v2\/posts\/96296\/revisions\/96298"}],"wp:featuredmedia":[{"embeddable":true,"href":"https:\/\/radioljubuski.ba\/index.php\/wp-json\/wp\/v2\/media\/96297"}],"wp:attachment":[{"href":"https:\/\/radioljubuski.ba\/index.php\/wp-json\/wp\/v2\/media?parent=96296"}],"wp:term":[{"taxonomy":"category","embeddable":true,"href":"https:\/\/radioljubuski.ba\/index.php\/wp-json\/wp\/v2\/categories?post=96296"},{"taxonomy":"post_tag","embeddable":true,"href":"https:\/\/radioljubuski.ba\/index.php\/wp-json\/wp\/v2\/tags?post=96296"}],"curies":[{"name":"wp","href":"https:\/\/api.w.org\/{rel}","templated":true}]}}