{"id":96299,"date":"2021-12-06T00:01:01","date_gmt":"2021-12-05T23:01:01","guid":{"rendered":"https:\/\/radioljubuski.ba\/?p=96299"},"modified":"2021-12-07T00:32:42","modified_gmt":"2021-12-06T23:32:42","slug":"zasto-bi-bruxellesko-komesarko-ukinulo-bozic-komunisticki-je-totalitarizam-ubijao-narod-ovaj-suvremeni-ubija-slobodu-i-razlicitost","status":"publish","type":"post","link":"https:\/\/radioljubuski.ba\/index.php\/2021\/12\/06\/zasto-bi-bruxellesko-komesarko-ukinulo-bozic-komunisticki-je-totalitarizam-ubijao-narod-ovaj-suvremeni-ubija-slobodu-i-razlicitost\/","title":{"rendered":"Za\u0161to bi bruxellesko komesarko ukinulo Bo\u017ei\u0107? Komunisti\u010dki je totalitarizam ubijao narod, ovaj suvremeni ubija slobodu i razli\u010ditost"},"content":{"rendered":"\n<p>Europska komesarica za jednakost&nbsp;<strong>Helena Dalli<\/strong>&nbsp;vratila me sa svojim smjernicama o uklju\u010divoj komunikaciji u doba komunizma, kada Bo\u017ei\u0107 u na\u0161em slu\u017ebenom javnom prostoru \u2013 nije postojao. Misle\u0107i umjesto nas, Partija ga je protjerala u ilegalu jo\u0161 u ranim danima svoje vladavine. Dodu\u0161e, ne u ime uklju\u010divosti, ve\u0107 u ime ideolo\u0161ko-politi\u010dke ispravnosti. Ili u \u0161irem kontekstu \u2013 u ime naroda.<\/p>\n\n\n\n<p>Skrbe\u0107i se za na\u0161u politi\u010dku ispravnost dou\u0161nici re\u017eima u bo\u017ei\u0107no su vrijeme poja\u010dano nadzirali tko ide u crkvu, tko na Bo\u017ei\u0107 ne \u0161alje djecu u \u0161kolu (to je ve\u0107 bila ozbiljna pobuna), tko jo\u0161 nije zaboravio bo\u017ei\u0107ne pjesme\u2026 Izvjesnu pomutnju u tu partijski kontroliranu &#8220;idilu&#8221;, unosili su povratnici s pe\u010dalbe u zapadnoj Europi, koji su ba\u0161 za Bo\u017ei\u0107 masovno dolazili ku\u0107i. No tada\u0161nji partijski komesari dosjeti\u0161e se kako taj uvezeni, diverzantski Bo\u017ei\u0107 prigodno zamaskirati. I vrijeme izme\u0111u Badnjaka i Sveta tri kralja, u slobodnoj Europi tada poznato kao bo\u017ei\u0107ni blagdani, oni prigodno prozva\u0161e \u2013 novogodi\u0161nji praznici. Tako bi na\u0161i &#8220;gastarbajteri&#8221; krenuli iz M\u00fcnchena uo\u010di Bo\u017ei\u0107a, na granici na \u0160entilju (pomisao na granicu na Bregani tada je tako\u0111er bila zatvora vrijedan verbalni delikt) u\u0161li bi u re\u017eim jugoslavenskih novogodi\u0161njih praznika, ostavili kod ku\u0107e milijune njema\u010dkih maraka na kojima se u svojim posljednjim desetlje\u0107ima odr\u017eavao bolesni re\u017eim, pripazili da ne zapjevaju kod ku\u0107e ne\u0161to partijski nepodobno, kako bi se poslije Sveta tri kralja mogli vratiti &#8220;arbajtati&#8221; u slobodnu Europu.<\/p>\n\n\n\n<p>A onda nam se, nakon formalnog sloma komunizma, vratio Bo\u017ei\u0107, sa svim svojim konzumeristi\u010dkim skretanjima, ali \u010dinilo se \u2013 neupitan. Pa tko bi tada pomislio da \u0107e nekoj komesarici (Heleni Dalli), koja izvr\u0161ava direktive svoje \u0161efice (Ursula von der Leyen), koja pak samo provodi neoliberalne globalisti\u010dke politike, pasti na pamet komesarskim smjernicama iz Bruxellesa, ukinuti Bo\u017ei\u0107 u Europi?!<\/p>\n\n\n\n<h2 class=\"wp-block-heading\">SPORNI I &#8216;BLAGDANI&#8217;<\/h2>\n\n\n\n<p>U doba kada smo mi u komunisti\u010dkom dijelu Europe imali oktroirane &#8220;novogodi\u0161nje praznike&#8221;, bruxelle\u200bski sredi\u0161nji trg Grand Place, slovio je kao najljep\u0161e ure\u0111eni europski trg u adventsko vrijeme, na kojem bi poznati belgijski cvje\u0107ari svake godine pokazivali svoje majstorstvo aran\u017eiranja. Politi\u010dki o\u010devi i utemeljitelji dana\u0161nje Europske unije \u2013 Schuman, Adenauer i De Gasperi \u2013 bili su politi\u010dki demokr\u0161\u0107ani i prakti\u010dni vjernici. A danas, preporu\u010duje komesarica Dalli iz Bruxellesa, trebalo bi u Europi izbjegavati spomen Bo\u017ei\u0107a, jer se &#8220;podrazumijeva da su svi kr\u0161\u0107ani&#8221;. (Po \u010demu se to &#8220;podrazumijeva&#8221;?) No, po komesarici, &#8220;stresan&#8221; je ve\u0107 i termin &#8220;blagdansko vrijeme&#8221;, jer &#8220;ne slave svi kr\u0161\u0107ani Bo\u017ei\u0107, i ne slave ga na iste datume&#8221;. (Ne znam je li komesarica \u010dula za gregorijanski i julijanski kalendar?) U ime inkluzivnosti, komesarica preporu\u010duje da roditelji (valjda u budu\u0107nosti roditelji 1, 2, 3, 4, 5\u2026) izbjegavaju djeci davati kr\u0161\u0107anska imena poput Maria i John (Marija i Ivan), ve\u0107 preporu\u010duje inkluzivna imena poput Malika i Julio, koja zvu\u010de kao &#8220;internacionalni par&#8221;. (Komunisti\u010dki su komesari recimo umjesto Ante i Marija preferirali &#8220;internacionalno&#8221; Gvozden i Sovjetka.) Umjesto &#8220;dame i gospodo&#8221;, komesarica preporu\u010duje &#8220;rodno neutralno&#8221; obra\u0107anje skupu sa \u2013 &#8220;po\u0161tovani kolegiju&#8221;. Preporu\u010duje i da se ljudima obra\u0107amo njihovim prezimenima, jer njihova imena (jo\u0161 uvijek) nisu rodno neutralna. Slijede\u0107i njezine preporuke, vjerojatno bi i komesaricu trebalo osloviti sa \u2013 ovo po\u0161tovano komesarko (srednji rod).<\/p>\n\n\n\n<p>No da komesarko Dalli u svojim smjernicama za uklju\u010divu komunikaciju nije tako izravno izbacilo Bo\u017ei\u0107 iz javno preporu\u010dljive i politi\u010dki korektne komunikacije, ostalo bi u uspavanoj Europi i dalje neosvije\u0161teno, koliko je Schumanova, Adenauerova i De Gasperijeva Europa ve\u0107 oteta i zarobljena od aktivista ideologija koje su joj u korijenima bile strane, koji uvode novu vrstu diktature, zamaskirani u propovjednike slobode izbora i jednakosti. Ostalo bi neprimije\u0107eno koliko taj novi totalitarizam modelski podsje\u0107a na svojeg komunisti\u010dkog prethodnika. Komunisti\u010dki je totalitarizam u ime naroda ubijao i porobljavao narod, ovaj suvremeni u ime razli\u010ditosti i slobode izbora ubija i porobljava slobodu i razli\u010ditost. Komunisti\u010dki je totalitarizam branio svoju vlast izolacijom prema neporobljenom svijetu i progonom unutarnjih neprijatelja, ovaj suvremeni otvara europska vrata trojanskom konju (migracije) i uni\u0161tava europske kr\u0161\u0107anske korijene. Zajedni\u010dko im je da nastoje potpuno kontrolirati ljude i pod\u010diniti ih svojoj dogmi.<\/p>\n\n\n\n<p>Sretna je okolnost u tom programiranom vrijednosnom i identitetskom razaranju Europe, da je ovo komesarko Dalli dovoljno isklju\u010divo pa je progonom Bo\u017ei\u0107a iz uklju\u010dive europske komunikacije razbudila europsku javnost, izazvala zgra\u017eanje &#8220;Europe zdravog razuma&#8221;, za koju pledira biv\u0161i predsjednik Europskog parlamenta Antonio Tajani. To \u0161to je ovo komesarko prinu\u0111eno revidirati svoje smjernice ne zna\u010di da je odustalo od plana. Zato je va\u017eno da &#8220;Europa zdravog razuma&#8221; ne podcjenjuje komesarka, da ostane budna. Jer komesarko nije neko marginalko. Ono je neslu\u017ebeno europsko ministro, s nakanom da postane slu\u017ebeno. A njegove smjernice \u2013 europski zakoni. Koje \u0107e kontrolirati novi higijeni\u010dari uklju\u010divoga javnoga govora.<\/p>\n\n\n\n<p>Pi\u0161e: Vi\u0161nja Stare\u0161ina\/slobodnadalmacija.hr<\/p>\n","protected":false},"excerpt":{"rendered":"<p>Europska komesarica za jednakost&nbsp;Helena Dalli&nbsp;vratila me sa svojim smjernicama o uklju\u010divoj komunikaciji u doba komunizma, kada Bo\u017ei\u0107 u na\u0161em slu\u017ebenom javnom prostoru \u2013 nije postojao. Misle\u0107i umjesto nas, Partija ga je protjerala u ilegalu jo\u0161 u ranim danima svoje vladavine. Dodu\u0161e, ne u ime uklju\u010divosti, ve\u0107 u ime ideolo\u0161ko-politi\u010dke ispravnosti. Ili u \u0161irem kontekstu \u2013 [&hellip;]<\/p>\n","protected":false},"author":2,"featured_media":29544,"comment_status":"closed","ping_status":"closed","sticky":false,"template":"","format":"standard","meta":{"h5ap_radio_sources":[],"footnotes":""},"categories":[1],"tags":[],"class_list":["post-96299","post","type-post","status-publish","format-standard","has-post-thumbnail","hentry","category-bihiregija"],"yoast_head":"<!-- This site is optimized with the Yoast SEO plugin v27.4 - https:\/\/yoast.com\/product\/yoast-seo-wordpress\/ -->\n<title>Za\u0161to bi bruxellesko komesarko ukinulo Bo\u017ei\u0107? Komunisti\u010dki je totalitarizam ubijao narod, ovaj suvremeni ubija slobodu i razli\u010ditost - RADIO LJUBU\u0160KI<\/title>\n<meta name=\"robots\" content=\"index, follow, max-snippet:-1, max-image-preview:large, max-video-preview:-1\" \/>\n<link rel=\"canonical\" href=\"https:\/\/radioljubuski.ba\/index.php\/2021\/12\/06\/zasto-bi-bruxellesko-komesarko-ukinulo-bozic-komunisticki-je-totalitarizam-ubijao-narod-ovaj-suvremeni-ubija-slobodu-i-razlicitost\/\" \/>\n<meta property=\"og:locale\" content=\"hr_HR\" \/>\n<meta property=\"og:type\" content=\"article\" \/>\n<meta property=\"og:title\" content=\"Za\u0161to bi bruxellesko komesarko ukinulo Bo\u017ei\u0107? Komunisti\u010dki je totalitarizam ubijao narod, ovaj suvremeni ubija slobodu i razli\u010ditost - RADIO LJUBU\u0160KI\" \/>\n<meta property=\"og:description\" content=\"Europska komesarica za jednakost&nbsp;Helena Dalli&nbsp;vratila me sa svojim smjernicama o uklju\u010divoj komunikaciji u doba komunizma, kada Bo\u017ei\u0107 u na\u0161em slu\u017ebenom javnom prostoru \u2013 nije postojao. Misle\u0107i umjesto nas, Partija ga je protjerala u ilegalu jo\u0161 u ranim danima svoje vladavine. Dodu\u0161e, ne u ime uklju\u010divosti, ve\u0107 u ime ideolo\u0161ko-politi\u010dke ispravnosti. Ili u \u0161irem kontekstu \u2013 [&hellip;]\" \/>\n<meta property=\"og:url\" content=\"https:\/\/radioljubuski.ba\/index.php\/2021\/12\/06\/zasto-bi-bruxellesko-komesarko-ukinulo-bozic-komunisticki-je-totalitarizam-ubijao-narod-ovaj-suvremeni-ubija-slobodu-i-razlicitost\/\" \/>\n<meta property=\"og:site_name\" content=\"RADIO LJUBU\u0160KI\" \/>\n<meta property=\"article:publisher\" content=\"https:\/\/www.facebook.com\/Radiio-Ljubuski-1490835324566332\" \/>\n<meta property=\"article:published_time\" content=\"2021-12-05T23:01:01+00:00\" \/>\n<meta property=\"article:modified_time\" content=\"2021-12-06T23:32:42+00:00\" \/>\n<meta property=\"og:image\" content=\"https:\/\/radioljubuski.ba\/wp-content\/uploads\/2021\/06\/visnja-staresina-735-735x400-1.jpg\" \/>\n\t<meta property=\"og:image:width\" content=\"735\" \/>\n\t<meta property=\"og:image:height\" content=\"400\" \/>\n\t<meta property=\"og:image:type\" content=\"image\/jpeg\" \/>\n<meta name=\"author\" content=\"Radio Ljubu\u0161ki\" \/>\n<meta name=\"twitter:card\" content=\"summary_large_image\" \/>\n<meta name=\"twitter:creator\" content=\"@radioljubuski\" \/>\n<meta name=\"twitter:site\" content=\"@radioljubuski\" \/>\n<meta name=\"twitter:label1\" content=\"Napisao\/la\" \/>\n\t<meta name=\"twitter:data1\" content=\"Radio Ljubu\u0161ki\" \/>\n\t<meta name=\"twitter:label2\" content=\"Procijenjeno vrijeme \u010ditanja\" \/>\n\t<meta name=\"twitter:data2\" content=\"4 minute\" \/>\n<script type=\"application\/ld+json\" class=\"yoast-schema-graph\">{\"@context\":\"https:\\\/\\\/schema.org\",\"@graph\":[{\"@type\":\"Article\",\"@id\":\"https:\\\/\\\/radioljubuski.ba\\\/index.php\\\/2021\\\/12\\\/06\\\/zasto-bi-bruxellesko-komesarko-ukinulo-bozic-komunisticki-je-totalitarizam-ubijao-narod-ovaj-suvremeni-ubija-slobodu-i-razlicitost\\\/#article\",\"isPartOf\":{\"@id\":\"https:\\\/\\\/radioljubuski.ba\\\/index.php\\\/2021\\\/12\\\/06\\\/zasto-bi-bruxellesko-komesarko-ukinulo-bozic-komunisticki-je-totalitarizam-ubijao-narod-ovaj-suvremeni-ubija-slobodu-i-razlicitost\\\/\"},\"author\":{\"name\":\"Radio Ljubu\u0161ki\",\"@id\":\"https:\\\/\\\/radioljubuski.ba\\\/#\\\/schema\\\/person\\\/19fc700381a780f69665d7956c469e3b\"},\"headline\":\"Za\u0161to bi bruxellesko komesarko ukinulo Bo\u017ei\u0107? Komunisti\u010dki je totalitarizam ubijao narod, ovaj suvremeni ubija slobodu i razli\u010ditost\",\"datePublished\":\"2021-12-05T23:01:01+00:00\",\"dateModified\":\"2021-12-06T23:32:42+00:00\",\"mainEntityOfPage\":{\"@id\":\"https:\\\/\\\/radioljubuski.ba\\\/index.php\\\/2021\\\/12\\\/06\\\/zasto-bi-bruxellesko-komesarko-ukinulo-bozic-komunisticki-je-totalitarizam-ubijao-narod-ovaj-suvremeni-ubija-slobodu-i-razlicitost\\\/\"},\"wordCount\":882,\"publisher\":{\"@id\":\"https:\\\/\\\/radioljubuski.ba\\\/#organization\"},\"image\":{\"@id\":\"https:\\\/\\\/radioljubuski.ba\\\/index.php\\\/2021\\\/12\\\/06\\\/zasto-bi-bruxellesko-komesarko-ukinulo-bozic-komunisticki-je-totalitarizam-ubijao-narod-ovaj-suvremeni-ubija-slobodu-i-razlicitost\\\/#primaryimage\"},\"thumbnailUrl\":\"https:\\\/\\\/radioljubuski.ba\\\/wp-content\\\/uploads\\\/2021\\\/06\\\/visnja-staresina-735-735x400-1.jpg\",\"articleSection\":[\"BIH i regija\"],\"inLanguage\":\"hr\"},{\"@type\":\"WebPage\",\"@id\":\"https:\\\/\\\/radioljubuski.ba\\\/index.php\\\/2021\\\/12\\\/06\\\/zasto-bi-bruxellesko-komesarko-ukinulo-bozic-komunisticki-je-totalitarizam-ubijao-narod-ovaj-suvremeni-ubija-slobodu-i-razlicitost\\\/\",\"url\":\"https:\\\/\\\/radioljubuski.ba\\\/index.php\\\/2021\\\/12\\\/06\\\/zasto-bi-bruxellesko-komesarko-ukinulo-bozic-komunisticki-je-totalitarizam-ubijao-narod-ovaj-suvremeni-ubija-slobodu-i-razlicitost\\\/\",\"name\":\"Za\u0161to bi bruxellesko komesarko ukinulo Bo\u017ei\u0107? Komunisti\u010dki je totalitarizam ubijao narod, ovaj suvremeni ubija slobodu i razli\u010ditost - RADIO LJUBU\u0160KI\",\"isPartOf\":{\"@id\":\"https:\\\/\\\/radioljubuski.ba\\\/#website\"},\"primaryImageOfPage\":{\"@id\":\"https:\\\/\\\/radioljubuski.ba\\\/index.php\\\/2021\\\/12\\\/06\\\/zasto-bi-bruxellesko-komesarko-ukinulo-bozic-komunisticki-je-totalitarizam-ubijao-narod-ovaj-suvremeni-ubija-slobodu-i-razlicitost\\\/#primaryimage\"},\"image\":{\"@id\":\"https:\\\/\\\/radioljubuski.ba\\\/index.php\\\/2021\\\/12\\\/06\\\/zasto-bi-bruxellesko-komesarko-ukinulo-bozic-komunisticki-je-totalitarizam-ubijao-narod-ovaj-suvremeni-ubija-slobodu-i-razlicitost\\\/#primaryimage\"},\"thumbnailUrl\":\"https:\\\/\\\/radioljubuski.ba\\\/wp-content\\\/uploads\\\/2021\\\/06\\\/visnja-staresina-735-735x400-1.jpg\",\"datePublished\":\"2021-12-05T23:01:01+00:00\",\"dateModified\":\"2021-12-06T23:32:42+00:00\",\"breadcrumb\":{\"@id\":\"https:\\\/\\\/radioljubuski.ba\\\/index.php\\\/2021\\\/12\\\/06\\\/zasto-bi-bruxellesko-komesarko-ukinulo-bozic-komunisticki-je-totalitarizam-ubijao-narod-ovaj-suvremeni-ubija-slobodu-i-razlicitost\\\/#breadcrumb\"},\"inLanguage\":\"hr\",\"potentialAction\":[{\"@type\":\"ReadAction\",\"target\":[\"https:\\\/\\\/radioljubuski.ba\\\/index.php\\\/2021\\\/12\\\/06\\\/zasto-bi-bruxellesko-komesarko-ukinulo-bozic-komunisticki-je-totalitarizam-ubijao-narod-ovaj-suvremeni-ubija-slobodu-i-razlicitost\\\/\"]}]},{\"@type\":\"ImageObject\",\"inLanguage\":\"hr\",\"@id\":\"https:\\\/\\\/radioljubuski.ba\\\/index.php\\\/2021\\\/12\\\/06\\\/zasto-bi-bruxellesko-komesarko-ukinulo-bozic-komunisticki-je-totalitarizam-ubijao-narod-ovaj-suvremeni-ubija-slobodu-i-razlicitost\\\/#primaryimage\",\"url\":\"https:\\\/\\\/radioljubuski.ba\\\/wp-content\\\/uploads\\\/2021\\\/06\\\/visnja-staresina-735-735x400-1.jpg\",\"contentUrl\":\"https:\\\/\\\/radioljubuski.ba\\\/wp-content\\\/uploads\\\/2021\\\/06\\\/visnja-staresina-735-735x400-1.jpg\",\"width\":735,\"height\":400},{\"@type\":\"BreadcrumbList\",\"@id\":\"https:\\\/\\\/radioljubuski.ba\\\/index.php\\\/2021\\\/12\\\/06\\\/zasto-bi-bruxellesko-komesarko-ukinulo-bozic-komunisticki-je-totalitarizam-ubijao-narod-ovaj-suvremeni-ubija-slobodu-i-razlicitost\\\/#breadcrumb\",\"itemListElement\":[{\"@type\":\"ListItem\",\"position\":1,\"name\":\"Po\u010detna stranica\",\"item\":\"https:\\\/\\\/radioljubuski.ba\\\/\"},{\"@type\":\"ListItem\",\"position\":2,\"name\":\"Za\u0161to bi bruxellesko komesarko ukinulo Bo\u017ei\u0107? Komunisti\u010dki je totalitarizam ubijao narod, ovaj suvremeni ubija slobodu i razli\u010ditost\"}]},{\"@type\":\"WebSite\",\"@id\":\"https:\\\/\\\/radioljubuski.ba\\\/#website\",\"url\":\"https:\\\/\\\/radioljubuski.ba\\\/\",\"name\":\"Radio Ljubu\u0161ki\",\"description\":\"Sun\u010dana frekvencija Hercegovine\",\"publisher\":{\"@id\":\"https:\\\/\\\/radioljubuski.ba\\\/#organization\"},\"potentialAction\":[{\"@type\":\"SearchAction\",\"target\":{\"@type\":\"EntryPoint\",\"urlTemplate\":\"https:\\\/\\\/radioljubuski.ba\\\/?s={search_term_string}\"},\"query-input\":{\"@type\":\"PropertyValueSpecification\",\"valueRequired\":true,\"valueName\":\"search_term_string\"}}],\"inLanguage\":\"hr\"},{\"@type\":\"Organization\",\"@id\":\"https:\\\/\\\/radioljubuski.ba\\\/#organization\",\"name\":\"Radio Ljubu\u0161ki\",\"url\":\"https:\\\/\\\/radioljubuski.ba\\\/\",\"logo\":{\"@type\":\"ImageObject\",\"inLanguage\":\"hr\",\"@id\":\"https:\\\/\\\/radioljubuski.ba\\\/#\\\/schema\\\/logo\\\/image\\\/\",\"url\":\"https:\\\/\\\/radioljubuski.ba\\\/wp-content\\\/uploads\\\/2021\\\/02\\\/cropped-Radio_Ljubuski_logo1.jpg\",\"contentUrl\":\"https:\\\/\\\/radioljubuski.ba\\\/wp-content\\\/uploads\\\/2021\\\/02\\\/cropped-Radio_Ljubuski_logo1.jpg\",\"width\":512,\"height\":512,\"caption\":\"Radio Ljubu\u0161ki\"},\"image\":{\"@id\":\"https:\\\/\\\/radioljubuski.ba\\\/#\\\/schema\\\/logo\\\/image\\\/\"},\"sameAs\":[\"https:\\\/\\\/www.facebook.com\\\/Radiio-Ljubuski-1490835324566332\",\"https:\\\/\\\/x.com\\\/radioljubuski\",\"https:\\\/\\\/hr.linkedin.com\\\/company\\\/radio-ljubuski\",\"https:\\\/\\\/www.youtube.com\\\/channel\\\/UCHYaeO_n0Db3tjNGudGpXyw\"]},{\"@type\":\"Person\",\"@id\":\"https:\\\/\\\/radioljubuski.ba\\\/#\\\/schema\\\/person\\\/19fc700381a780f69665d7956c469e3b\",\"name\":\"Radio Ljubu\u0161ki\"}]}<\/script>\n<!-- \/ Yoast SEO plugin. -->","yoast_head_json":{"title":"Za\u0161to bi bruxellesko komesarko ukinulo Bo\u017ei\u0107? Komunisti\u010dki je totalitarizam ubijao narod, ovaj suvremeni ubija slobodu i razli\u010ditost - RADIO LJUBU\u0160KI","robots":{"index":"index","follow":"follow","max-snippet":"max-snippet:-1","max-image-preview":"max-image-preview:large","max-video-preview":"max-video-preview:-1"},"canonical":"https:\/\/radioljubuski.ba\/index.php\/2021\/12\/06\/zasto-bi-bruxellesko-komesarko-ukinulo-bozic-komunisticki-je-totalitarizam-ubijao-narod-ovaj-suvremeni-ubija-slobodu-i-razlicitost\/","og_locale":"hr_HR","og_type":"article","og_title":"Za\u0161to bi bruxellesko komesarko ukinulo Bo\u017ei\u0107? Komunisti\u010dki je totalitarizam ubijao narod, ovaj suvremeni ubija slobodu i razli\u010ditost - RADIO LJUBU\u0160KI","og_description":"Europska komesarica za jednakost&nbsp;Helena Dalli&nbsp;vratila me sa svojim smjernicama o uklju\u010divoj komunikaciji u doba komunizma, kada Bo\u017ei\u0107 u na\u0161em slu\u017ebenom javnom prostoru \u2013 nije postojao. Misle\u0107i umjesto nas, Partija ga je protjerala u ilegalu jo\u0161 u ranim danima svoje vladavine. Dodu\u0161e, ne u ime uklju\u010divosti, ve\u0107 u ime ideolo\u0161ko-politi\u010dke ispravnosti. Ili u \u0161irem kontekstu \u2013 [&hellip;]","og_url":"https:\/\/radioljubuski.ba\/index.php\/2021\/12\/06\/zasto-bi-bruxellesko-komesarko-ukinulo-bozic-komunisticki-je-totalitarizam-ubijao-narod-ovaj-suvremeni-ubija-slobodu-i-razlicitost\/","og_site_name":"RADIO LJUBU\u0160KI","article_publisher":"https:\/\/www.facebook.com\/Radiio-Ljubuski-1490835324566332","article_published_time":"2021-12-05T23:01:01+00:00","article_modified_time":"2021-12-06T23:32:42+00:00","og_image":[{"width":735,"height":400,"url":"https:\/\/radioljubuski.ba\/wp-content\/uploads\/2021\/06\/visnja-staresina-735-735x400-1.jpg","type":"image\/jpeg"}],"author":"Radio Ljubu\u0161ki","twitter_card":"summary_large_image","twitter_creator":"@radioljubuski","twitter_site":"@radioljubuski","twitter_misc":{"Napisao\/la":"Radio Ljubu\u0161ki","Procijenjeno vrijeme \u010ditanja":"4 minute"},"schema":{"@context":"https:\/\/schema.org","@graph":[{"@type":"Article","@id":"https:\/\/radioljubuski.ba\/index.php\/2021\/12\/06\/zasto-bi-bruxellesko-komesarko-ukinulo-bozic-komunisticki-je-totalitarizam-ubijao-narod-ovaj-suvremeni-ubija-slobodu-i-razlicitost\/#article","isPartOf":{"@id":"https:\/\/radioljubuski.ba\/index.php\/2021\/12\/06\/zasto-bi-bruxellesko-komesarko-ukinulo-bozic-komunisticki-je-totalitarizam-ubijao-narod-ovaj-suvremeni-ubija-slobodu-i-razlicitost\/"},"author":{"name":"Radio Ljubu\u0161ki","@id":"https:\/\/radioljubuski.ba\/#\/schema\/person\/19fc700381a780f69665d7956c469e3b"},"headline":"Za\u0161to bi bruxellesko komesarko ukinulo Bo\u017ei\u0107? Komunisti\u010dki je totalitarizam ubijao narod, ovaj suvremeni ubija slobodu i razli\u010ditost","datePublished":"2021-12-05T23:01:01+00:00","dateModified":"2021-12-06T23:32:42+00:00","mainEntityOfPage":{"@id":"https:\/\/radioljubuski.ba\/index.php\/2021\/12\/06\/zasto-bi-bruxellesko-komesarko-ukinulo-bozic-komunisticki-je-totalitarizam-ubijao-narod-ovaj-suvremeni-ubija-slobodu-i-razlicitost\/"},"wordCount":882,"publisher":{"@id":"https:\/\/radioljubuski.ba\/#organization"},"image":{"@id":"https:\/\/radioljubuski.ba\/index.php\/2021\/12\/06\/zasto-bi-bruxellesko-komesarko-ukinulo-bozic-komunisticki-je-totalitarizam-ubijao-narod-ovaj-suvremeni-ubija-slobodu-i-razlicitost\/#primaryimage"},"thumbnailUrl":"https:\/\/radioljubuski.ba\/wp-content\/uploads\/2021\/06\/visnja-staresina-735-735x400-1.jpg","articleSection":["BIH i regija"],"inLanguage":"hr"},{"@type":"WebPage","@id":"https:\/\/radioljubuski.ba\/index.php\/2021\/12\/06\/zasto-bi-bruxellesko-komesarko-ukinulo-bozic-komunisticki-je-totalitarizam-ubijao-narod-ovaj-suvremeni-ubija-slobodu-i-razlicitost\/","url":"https:\/\/radioljubuski.ba\/index.php\/2021\/12\/06\/zasto-bi-bruxellesko-komesarko-ukinulo-bozic-komunisticki-je-totalitarizam-ubijao-narod-ovaj-suvremeni-ubija-slobodu-i-razlicitost\/","name":"Za\u0161to bi bruxellesko komesarko ukinulo Bo\u017ei\u0107? Komunisti\u010dki je totalitarizam ubijao narod, ovaj suvremeni ubija slobodu i razli\u010ditost - RADIO LJUBU\u0160KI","isPartOf":{"@id":"https:\/\/radioljubuski.ba\/#website"},"primaryImageOfPage":{"@id":"https:\/\/radioljubuski.ba\/index.php\/2021\/12\/06\/zasto-bi-bruxellesko-komesarko-ukinulo-bozic-komunisticki-je-totalitarizam-ubijao-narod-ovaj-suvremeni-ubija-slobodu-i-razlicitost\/#primaryimage"},"image":{"@id":"https:\/\/radioljubuski.ba\/index.php\/2021\/12\/06\/zasto-bi-bruxellesko-komesarko-ukinulo-bozic-komunisticki-je-totalitarizam-ubijao-narod-ovaj-suvremeni-ubija-slobodu-i-razlicitost\/#primaryimage"},"thumbnailUrl":"https:\/\/radioljubuski.ba\/wp-content\/uploads\/2021\/06\/visnja-staresina-735-735x400-1.jpg","datePublished":"2021-12-05T23:01:01+00:00","dateModified":"2021-12-06T23:32:42+00:00","breadcrumb":{"@id":"https:\/\/radioljubuski.ba\/index.php\/2021\/12\/06\/zasto-bi-bruxellesko-komesarko-ukinulo-bozic-komunisticki-je-totalitarizam-ubijao-narod-ovaj-suvremeni-ubija-slobodu-i-razlicitost\/#breadcrumb"},"inLanguage":"hr","potentialAction":[{"@type":"ReadAction","target":["https:\/\/radioljubuski.ba\/index.php\/2021\/12\/06\/zasto-bi-bruxellesko-komesarko-ukinulo-bozic-komunisticki-je-totalitarizam-ubijao-narod-ovaj-suvremeni-ubija-slobodu-i-razlicitost\/"]}]},{"@type":"ImageObject","inLanguage":"hr","@id":"https:\/\/radioljubuski.ba\/index.php\/2021\/12\/06\/zasto-bi-bruxellesko-komesarko-ukinulo-bozic-komunisticki-je-totalitarizam-ubijao-narod-ovaj-suvremeni-ubija-slobodu-i-razlicitost\/#primaryimage","url":"https:\/\/radioljubuski.ba\/wp-content\/uploads\/2021\/06\/visnja-staresina-735-735x400-1.jpg","contentUrl":"https:\/\/radioljubuski.ba\/wp-content\/uploads\/2021\/06\/visnja-staresina-735-735x400-1.jpg","width":735,"height":400},{"@type":"BreadcrumbList","@id":"https:\/\/radioljubuski.ba\/index.php\/2021\/12\/06\/zasto-bi-bruxellesko-komesarko-ukinulo-bozic-komunisticki-je-totalitarizam-ubijao-narod-ovaj-suvremeni-ubija-slobodu-i-razlicitost\/#breadcrumb","itemListElement":[{"@type":"ListItem","position":1,"name":"Po\u010detna stranica","item":"https:\/\/radioljubuski.ba\/"},{"@type":"ListItem","position":2,"name":"Za\u0161to bi bruxellesko komesarko ukinulo Bo\u017ei\u0107? Komunisti\u010dki je totalitarizam ubijao narod, ovaj suvremeni ubija slobodu i razli\u010ditost"}]},{"@type":"WebSite","@id":"https:\/\/radioljubuski.ba\/#website","url":"https:\/\/radioljubuski.ba\/","name":"Radio Ljubu\u0161ki","description":"Sun\u010dana frekvencija Hercegovine","publisher":{"@id":"https:\/\/radioljubuski.ba\/#organization"},"potentialAction":[{"@type":"SearchAction","target":{"@type":"EntryPoint","urlTemplate":"https:\/\/radioljubuski.ba\/?s={search_term_string}"},"query-input":{"@type":"PropertyValueSpecification","valueRequired":true,"valueName":"search_term_string"}}],"inLanguage":"hr"},{"@type":"Organization","@id":"https:\/\/radioljubuski.ba\/#organization","name":"Radio Ljubu\u0161ki","url":"https:\/\/radioljubuski.ba\/","logo":{"@type":"ImageObject","inLanguage":"hr","@id":"https:\/\/radioljubuski.ba\/#\/schema\/logo\/image\/","url":"https:\/\/radioljubuski.ba\/wp-content\/uploads\/2021\/02\/cropped-Radio_Ljubuski_logo1.jpg","contentUrl":"https:\/\/radioljubuski.ba\/wp-content\/uploads\/2021\/02\/cropped-Radio_Ljubuski_logo1.jpg","width":512,"height":512,"caption":"Radio Ljubu\u0161ki"},"image":{"@id":"https:\/\/radioljubuski.ba\/#\/schema\/logo\/image\/"},"sameAs":["https:\/\/www.facebook.com\/Radiio-Ljubuski-1490835324566332","https:\/\/x.com\/radioljubuski","https:\/\/hr.linkedin.com\/company\/radio-ljubuski","https:\/\/www.youtube.com\/channel\/UCHYaeO_n0Db3tjNGudGpXyw"]},{"@type":"Person","@id":"https:\/\/radioljubuski.ba\/#\/schema\/person\/19fc700381a780f69665d7956c469e3b","name":"Radio Ljubu\u0161ki"}]}},"_links":{"self":[{"href":"https:\/\/radioljubuski.ba\/index.php\/wp-json\/wp\/v2\/posts\/96299","targetHints":{"allow":["GET"]}}],"collection":[{"href":"https:\/\/radioljubuski.ba\/index.php\/wp-json\/wp\/v2\/posts"}],"about":[{"href":"https:\/\/radioljubuski.ba\/index.php\/wp-json\/wp\/v2\/types\/post"}],"author":[{"embeddable":true,"href":"https:\/\/radioljubuski.ba\/index.php\/wp-json\/wp\/v2\/users\/2"}],"replies":[{"embeddable":true,"href":"https:\/\/radioljubuski.ba\/index.php\/wp-json\/wp\/v2\/comments?post=96299"}],"version-history":[{"count":1,"href":"https:\/\/radioljubuski.ba\/index.php\/wp-json\/wp\/v2\/posts\/96299\/revisions"}],"predecessor-version":[{"id":96300,"href":"https:\/\/radioljubuski.ba\/index.php\/wp-json\/wp\/v2\/posts\/96299\/revisions\/96300"}],"wp:featuredmedia":[{"embeddable":true,"href":"https:\/\/radioljubuski.ba\/index.php\/wp-json\/wp\/v2\/media\/29544"}],"wp:attachment":[{"href":"https:\/\/radioljubuski.ba\/index.php\/wp-json\/wp\/v2\/media?parent=96299"}],"wp:term":[{"taxonomy":"category","embeddable":true,"href":"https:\/\/radioljubuski.ba\/index.php\/wp-json\/wp\/v2\/categories?post=96299"},{"taxonomy":"post_tag","embeddable":true,"href":"https:\/\/radioljubuski.ba\/index.php\/wp-json\/wp\/v2\/tags?post=96299"}],"curies":[{"name":"wp","href":"https:\/\/api.w.org\/{rel}","templated":true}]}}