{"id":96301,"date":"2021-12-06T00:02:55","date_gmt":"2021-12-05T23:02:55","guid":{"rendered":"https:\/\/radioljubuski.ba\/?p=96301"},"modified":"2021-12-06T00:02:56","modified_gmt":"2021-12-05T23:02:56","slug":"cetvero-mladih-ozlijedeno-u-teskoj-nesreci-u-starigradu-kada-su-s-vozilom-sletjeli-s-ceste-i-zabili-se-u-ogradu-vozac-pobjegao-policija-mu-je-brzo-usla-u-trag","status":"publish","type":"post","link":"https:\/\/radioljubuski.ba\/index.php\/2021\/12\/06\/cetvero-mladih-ozlijedeno-u-teskoj-nesreci-u-starigradu-kada-su-s-vozilom-sletjeli-s-ceste-i-zabili-se-u-ogradu-vozac-pobjegao-policija-mu-je-brzo-usla-u-trag\/","title":{"rendered":"\u010cetvero mladih ozlije\u0111eno u te\u0161koj nesre\u0107i u Starigradu kada su s vozilom sletjeli s ceste i zabili se u ogradu. Voza\u010d pobjegao, policija mu je brzo u\u0161la u trag"},"content":{"rendered":"\n<p>Jutros&nbsp;oko 3 sata u Starigradu u Starogradskoj ulici 24-godi\u0161nji voza\u010d upravljao je osobnim automobilom VW koprivni\u010dke registarske oznake te je sletio izvan kolnika, nakon \u010dega je vozilom udario u banderu i ogradu. Voza\u010d je napustio mjesto doga\u0111aja te je naknadno prona\u0111en &#8211; pi\u0161e&nbsp;<a href=\"https:\/\/www.index.hr\/vijesti\/clanak\/cetvero-mladih-ozlijedjeno-u-teskoj-nesreci-vozac-pobjegao-brzo-su-ga-nasli\/2323331.aspx\">Index.hr<\/a>.<\/p>\n\n\n\n<p>U prometnoj nesre\u0107i 24-godi\u0161nji voza\u010d, 17-godi\u0161nji putnik, 23-godi\u0161nja i 18-godi\u0161nja putnice&nbsp;u automobilu su ozlije\u0111eni, a kvalifikacija ozljeda bit \u0107e poznata po zaprimanju lije\u010dni\u010dke dokumentacije.<\/p>\n\n\n\n<p>Policijski slu\u017ebenici provode kriminalisti\u010dko istra\u017eivanje.<\/p>\n\n\n\n<p><strong>PI\u0160E&nbsp;<\/strong>PSD<\/p>\n","protected":false},"excerpt":{"rendered":"<p>Jutros&nbsp;oko 3 sata u Starigradu u Starogradskoj ulici 24-godi\u0161nji voza\u010d upravljao je osobnim automobilom VW koprivni\u010dke registarske oznake te je sletio izvan kolnika, nakon \u010dega je vozilom udario u banderu i ogradu. Voza\u010d je napustio mjesto doga\u0111aja te je naknadno prona\u0111en &#8211; pi\u0161e&nbsp;Index.hr. U prometnoj nesre\u0107i 24-godi\u0161nji voza\u010d, 17-godi\u0161nji putnik, 23-godi\u0161nja i 18-godi\u0161nja putnice&nbsp;u automobilu [&hellip;]<\/p>\n","protected":false},"author":2,"featured_media":96302,"comment_status":"closed","ping_status":"closed","sticky":false,"template":"","format":"standard","meta":{"h5ap_radio_sources":[],"footnotes":""},"categories":[1],"tags":[],"class_list":["post-96301","post","type-post","status-publish","format-standard","has-post-thumbnail","hentry","category-bihiregija"],"yoast_head":"<!-- This site is optimized with the Yoast SEO plugin v27.4 - https:\/\/yoast.com\/product\/yoast-seo-wordpress\/ -->\n<title>\u010cetvero mladih ozlije\u0111eno u te\u0161koj nesre\u0107i u Starigradu kada su s vozilom sletjeli s ceste i zabili se u ogradu. Voza\u010d pobjegao, policija mu je brzo u\u0161la u trag - RADIO LJUBU\u0160KI<\/title>\n<meta name=\"robots\" content=\"index, follow, max-snippet:-1, max-image-preview:large, max-video-preview:-1\" \/>\n<link rel=\"canonical\" href=\"https:\/\/radioljubuski.ba\/index.php\/2021\/12\/06\/cetvero-mladih-ozlijedeno-u-teskoj-nesreci-u-starigradu-kada-su-s-vozilom-sletjeli-s-ceste-i-zabili-se-u-ogradu-vozac-pobjegao-policija-mu-je-brzo-usla-u-trag\/\" \/>\n<meta property=\"og:locale\" content=\"hr_HR\" \/>\n<meta property=\"og:type\" content=\"article\" \/>\n<meta property=\"og:title\" content=\"\u010cetvero mladih ozlije\u0111eno u te\u0161koj nesre\u0107i u Starigradu kada su s vozilom sletjeli s ceste i zabili se u ogradu. Voza\u010d pobjegao, policija mu je brzo u\u0161la u trag - RADIO LJUBU\u0160KI\" \/>\n<meta property=\"og:description\" content=\"Jutros&nbsp;oko 3 sata u Starigradu u Starogradskoj ulici 24-godi\u0161nji voza\u010d upravljao je osobnim automobilom VW koprivni\u010dke registarske oznake te je sletio izvan kolnika, nakon \u010dega je vozilom udario u banderu i ogradu. Voza\u010d je napustio mjesto doga\u0111aja te je naknadno prona\u0111en &#8211; pi\u0161e&nbsp;Index.hr. U prometnoj nesre\u0107i 24-godi\u0161nji voza\u010d, 17-godi\u0161nji putnik, 23-godi\u0161nja i 18-godi\u0161nja putnice&nbsp;u automobilu [&hellip;]\" \/>\n<meta property=\"og:url\" content=\"https:\/\/radioljubuski.ba\/index.php\/2021\/12\/06\/cetvero-mladih-ozlijedeno-u-teskoj-nesreci-u-starigradu-kada-su-s-vozilom-sletjeli-s-ceste-i-zabili-se-u-ogradu-vozac-pobjegao-policija-mu-je-brzo-usla-u-trag\/\" \/>\n<meta property=\"og:site_name\" content=\"RADIO LJUBU\u0160KI\" \/>\n<meta property=\"article:publisher\" content=\"https:\/\/www.facebook.com\/Radiio-Ljubuski-1490835324566332\" \/>\n<meta property=\"article:published_time\" content=\"2021-12-05T23:02:55+00:00\" \/>\n<meta property=\"article:modified_time\" content=\"2021-12-05T23:02:56+00:00\" \/>\n<meta property=\"og:image\" content=\"https:\/\/radioljubuski.ba\/wp-content\/uploads\/2021\/12\/o_20168050_1024.jpg\" \/>\n\t<meta property=\"og:image:width\" content=\"1024\" \/>\n\t<meta property=\"og:image:height\" content=\"682\" \/>\n\t<meta property=\"og:image:type\" content=\"image\/jpeg\" \/>\n<meta name=\"author\" content=\"Radio Ljubu\u0161ki\" \/>\n<meta name=\"twitter:card\" content=\"summary_large_image\" \/>\n<meta name=\"twitter:creator\" content=\"@radioljubuski\" \/>\n<meta name=\"twitter:site\" content=\"@radioljubuski\" \/>\n<meta name=\"twitter:label1\" content=\"Napisao\/la\" \/>\n\t<meta name=\"twitter:data1\" content=\"Radio Ljubu\u0161ki\" \/>\n\t<meta name=\"twitter:label2\" content=\"Procijenjeno vrijeme \u010ditanja\" \/>\n\t<meta name=\"twitter:data2\" content=\"1 minuta\" \/>\n<script type=\"application\/ld+json\" class=\"yoast-schema-graph\">{\"@context\":\"https:\\\/\\\/schema.org\",\"@graph\":[{\"@type\":\"Article\",\"@id\":\"https:\\\/\\\/radioljubuski.ba\\\/index.php\\\/2021\\\/12\\\/06\\\/cetvero-mladih-ozlijedeno-u-teskoj-nesreci-u-starigradu-kada-su-s-vozilom-sletjeli-s-ceste-i-zabili-se-u-ogradu-vozac-pobjegao-policija-mu-je-brzo-usla-u-trag\\\/#article\",\"isPartOf\":{\"@id\":\"https:\\\/\\\/radioljubuski.ba\\\/index.php\\\/2021\\\/12\\\/06\\\/cetvero-mladih-ozlijedeno-u-teskoj-nesreci-u-starigradu-kada-su-s-vozilom-sletjeli-s-ceste-i-zabili-se-u-ogradu-vozac-pobjegao-policija-mu-je-brzo-usla-u-trag\\\/\"},\"author\":{\"name\":\"Radio Ljubu\u0161ki\",\"@id\":\"https:\\\/\\\/radioljubuski.ba\\\/#\\\/schema\\\/person\\\/19fc700381a780f69665d7956c469e3b\"},\"headline\":\"\u010cetvero mladih ozlije\u0111eno u te\u0161koj nesre\u0107i u Starigradu kada su s vozilom sletjeli s ceste i zabili se u ogradu. Voza\u010d pobjegao, policija mu je brzo u\u0161la u trag\",\"datePublished\":\"2021-12-05T23:02:55+00:00\",\"dateModified\":\"2021-12-05T23:02:56+00:00\",\"mainEntityOfPage\":{\"@id\":\"https:\\\/\\\/radioljubuski.ba\\\/index.php\\\/2021\\\/12\\\/06\\\/cetvero-mladih-ozlijedeno-u-teskoj-nesreci-u-starigradu-kada-su-s-vozilom-sletjeli-s-ceste-i-zabili-se-u-ogradu-vozac-pobjegao-policija-mu-je-brzo-usla-u-trag\\\/\"},\"wordCount\":131,\"publisher\":{\"@id\":\"https:\\\/\\\/radioljubuski.ba\\\/#organization\"},\"image\":{\"@id\":\"https:\\\/\\\/radioljubuski.ba\\\/index.php\\\/2021\\\/12\\\/06\\\/cetvero-mladih-ozlijedeno-u-teskoj-nesreci-u-starigradu-kada-su-s-vozilom-sletjeli-s-ceste-i-zabili-se-u-ogradu-vozac-pobjegao-policija-mu-je-brzo-usla-u-trag\\\/#primaryimage\"},\"thumbnailUrl\":\"https:\\\/\\\/radioljubuski.ba\\\/wp-content\\\/uploads\\\/2021\\\/12\\\/o_20168050_1024.jpg\",\"articleSection\":[\"BIH i regija\"],\"inLanguage\":\"hr\"},{\"@type\":\"WebPage\",\"@id\":\"https:\\\/\\\/radioljubuski.ba\\\/index.php\\\/2021\\\/12\\\/06\\\/cetvero-mladih-ozlijedeno-u-teskoj-nesreci-u-starigradu-kada-su-s-vozilom-sletjeli-s-ceste-i-zabili-se-u-ogradu-vozac-pobjegao-policija-mu-je-brzo-usla-u-trag\\\/\",\"url\":\"https:\\\/\\\/radioljubuski.ba\\\/index.php\\\/2021\\\/12\\\/06\\\/cetvero-mladih-ozlijedeno-u-teskoj-nesreci-u-starigradu-kada-su-s-vozilom-sletjeli-s-ceste-i-zabili-se-u-ogradu-vozac-pobjegao-policija-mu-je-brzo-usla-u-trag\\\/\",\"name\":\"\u010cetvero mladih ozlije\u0111eno u te\u0161koj nesre\u0107i u Starigradu kada su s vozilom sletjeli s ceste i zabili se u ogradu. Voza\u010d pobjegao, policija mu je brzo u\u0161la u trag - RADIO LJUBU\u0160KI\",\"isPartOf\":{\"@id\":\"https:\\\/\\\/radioljubuski.ba\\\/#website\"},\"primaryImageOfPage\":{\"@id\":\"https:\\\/\\\/radioljubuski.ba\\\/index.php\\\/2021\\\/12\\\/06\\\/cetvero-mladih-ozlijedeno-u-teskoj-nesreci-u-starigradu-kada-su-s-vozilom-sletjeli-s-ceste-i-zabili-se-u-ogradu-vozac-pobjegao-policija-mu-je-brzo-usla-u-trag\\\/#primaryimage\"},\"image\":{\"@id\":\"https:\\\/\\\/radioljubuski.ba\\\/index.php\\\/2021\\\/12\\\/06\\\/cetvero-mladih-ozlijedeno-u-teskoj-nesreci-u-starigradu-kada-su-s-vozilom-sletjeli-s-ceste-i-zabili-se-u-ogradu-vozac-pobjegao-policija-mu-je-brzo-usla-u-trag\\\/#primaryimage\"},\"thumbnailUrl\":\"https:\\\/\\\/radioljubuski.ba\\\/wp-content\\\/uploads\\\/2021\\\/12\\\/o_20168050_1024.jpg\",\"datePublished\":\"2021-12-05T23:02:55+00:00\",\"dateModified\":\"2021-12-05T23:02:56+00:00\",\"breadcrumb\":{\"@id\":\"https:\\\/\\\/radioljubuski.ba\\\/index.php\\\/2021\\\/12\\\/06\\\/cetvero-mladih-ozlijedeno-u-teskoj-nesreci-u-starigradu-kada-su-s-vozilom-sletjeli-s-ceste-i-zabili-se-u-ogradu-vozac-pobjegao-policija-mu-je-brzo-usla-u-trag\\\/#breadcrumb\"},\"inLanguage\":\"hr\",\"potentialAction\":[{\"@type\":\"ReadAction\",\"target\":[\"https:\\\/\\\/radioljubuski.ba\\\/index.php\\\/2021\\\/12\\\/06\\\/cetvero-mladih-ozlijedeno-u-teskoj-nesreci-u-starigradu-kada-su-s-vozilom-sletjeli-s-ceste-i-zabili-se-u-ogradu-vozac-pobjegao-policija-mu-je-brzo-usla-u-trag\\\/\"]}]},{\"@type\":\"ImageObject\",\"inLanguage\":\"hr\",\"@id\":\"https:\\\/\\\/radioljubuski.ba\\\/index.php\\\/2021\\\/12\\\/06\\\/cetvero-mladih-ozlijedeno-u-teskoj-nesreci-u-starigradu-kada-su-s-vozilom-sletjeli-s-ceste-i-zabili-se-u-ogradu-vozac-pobjegao-policija-mu-je-brzo-usla-u-trag\\\/#primaryimage\",\"url\":\"https:\\\/\\\/radioljubuski.ba\\\/wp-content\\\/uploads\\\/2021\\\/12\\\/o_20168050_1024.jpg\",\"contentUrl\":\"https:\\\/\\\/radioljubuski.ba\\\/wp-content\\\/uploads\\\/2021\\\/12\\\/o_20168050_1024.jpg\",\"width\":1024,\"height\":682},{\"@type\":\"BreadcrumbList\",\"@id\":\"https:\\\/\\\/radioljubuski.ba\\\/index.php\\\/2021\\\/12\\\/06\\\/cetvero-mladih-ozlijedeno-u-teskoj-nesreci-u-starigradu-kada-su-s-vozilom-sletjeli-s-ceste-i-zabili-se-u-ogradu-vozac-pobjegao-policija-mu-je-brzo-usla-u-trag\\\/#breadcrumb\",\"itemListElement\":[{\"@type\":\"ListItem\",\"position\":1,\"name\":\"Po\u010detna stranica\",\"item\":\"https:\\\/\\\/radioljubuski.ba\\\/\"},{\"@type\":\"ListItem\",\"position\":2,\"name\":\"\u010cetvero mladih ozlije\u0111eno u te\u0161koj nesre\u0107i u Starigradu kada su s vozilom sletjeli s ceste i zabili se u ogradu. Voza\u010d pobjegao, policija mu je brzo u\u0161la u trag\"}]},{\"@type\":\"WebSite\",\"@id\":\"https:\\\/\\\/radioljubuski.ba\\\/#website\",\"url\":\"https:\\\/\\\/radioljubuski.ba\\\/\",\"name\":\"Radio Ljubu\u0161ki\",\"description\":\"Sun\u010dana frekvencija Hercegovine\",\"publisher\":{\"@id\":\"https:\\\/\\\/radioljubuski.ba\\\/#organization\"},\"potentialAction\":[{\"@type\":\"SearchAction\",\"target\":{\"@type\":\"EntryPoint\",\"urlTemplate\":\"https:\\\/\\\/radioljubuski.ba\\\/?s={search_term_string}\"},\"query-input\":{\"@type\":\"PropertyValueSpecification\",\"valueRequired\":true,\"valueName\":\"search_term_string\"}}],\"inLanguage\":\"hr\"},{\"@type\":\"Organization\",\"@id\":\"https:\\\/\\\/radioljubuski.ba\\\/#organization\",\"name\":\"Radio Ljubu\u0161ki\",\"url\":\"https:\\\/\\\/radioljubuski.ba\\\/\",\"logo\":{\"@type\":\"ImageObject\",\"inLanguage\":\"hr\",\"@id\":\"https:\\\/\\\/radioljubuski.ba\\\/#\\\/schema\\\/logo\\\/image\\\/\",\"url\":\"https:\\\/\\\/radioljubuski.ba\\\/wp-content\\\/uploads\\\/2021\\\/02\\\/cropped-Radio_Ljubuski_logo1.jpg\",\"contentUrl\":\"https:\\\/\\\/radioljubuski.ba\\\/wp-content\\\/uploads\\\/2021\\\/02\\\/cropped-Radio_Ljubuski_logo1.jpg\",\"width\":512,\"height\":512,\"caption\":\"Radio Ljubu\u0161ki\"},\"image\":{\"@id\":\"https:\\\/\\\/radioljubuski.ba\\\/#\\\/schema\\\/logo\\\/image\\\/\"},\"sameAs\":[\"https:\\\/\\\/www.facebook.com\\\/Radiio-Ljubuski-1490835324566332\",\"https:\\\/\\\/x.com\\\/radioljubuski\",\"https:\\\/\\\/hr.linkedin.com\\\/company\\\/radio-ljubuski\",\"https:\\\/\\\/www.youtube.com\\\/channel\\\/UCHYaeO_n0Db3tjNGudGpXyw\"]},{\"@type\":\"Person\",\"@id\":\"https:\\\/\\\/radioljubuski.ba\\\/#\\\/schema\\\/person\\\/19fc700381a780f69665d7956c469e3b\",\"name\":\"Radio Ljubu\u0161ki\"}]}<\/script>\n<!-- \/ Yoast SEO plugin. -->","yoast_head_json":{"title":"\u010cetvero mladih ozlije\u0111eno u te\u0161koj nesre\u0107i u Starigradu kada su s vozilom sletjeli s ceste i zabili se u ogradu. Voza\u010d pobjegao, policija mu je brzo u\u0161la u trag - RADIO LJUBU\u0160KI","robots":{"index":"index","follow":"follow","max-snippet":"max-snippet:-1","max-image-preview":"max-image-preview:large","max-video-preview":"max-video-preview:-1"},"canonical":"https:\/\/radioljubuski.ba\/index.php\/2021\/12\/06\/cetvero-mladih-ozlijedeno-u-teskoj-nesreci-u-starigradu-kada-su-s-vozilom-sletjeli-s-ceste-i-zabili-se-u-ogradu-vozac-pobjegao-policija-mu-je-brzo-usla-u-trag\/","og_locale":"hr_HR","og_type":"article","og_title":"\u010cetvero mladih ozlije\u0111eno u te\u0161koj nesre\u0107i u Starigradu kada su s vozilom sletjeli s ceste i zabili se u ogradu. Voza\u010d pobjegao, policija mu je brzo u\u0161la u trag - RADIO LJUBU\u0160KI","og_description":"Jutros&nbsp;oko 3 sata u Starigradu u Starogradskoj ulici 24-godi\u0161nji voza\u010d upravljao je osobnim automobilom VW koprivni\u010dke registarske oznake te je sletio izvan kolnika, nakon \u010dega je vozilom udario u banderu i ogradu. Voza\u010d je napustio mjesto doga\u0111aja te je naknadno prona\u0111en &#8211; pi\u0161e&nbsp;Index.hr. U prometnoj nesre\u0107i 24-godi\u0161nji voza\u010d, 17-godi\u0161nji putnik, 23-godi\u0161nja i 18-godi\u0161nja putnice&nbsp;u automobilu [&hellip;]","og_url":"https:\/\/radioljubuski.ba\/index.php\/2021\/12\/06\/cetvero-mladih-ozlijedeno-u-teskoj-nesreci-u-starigradu-kada-su-s-vozilom-sletjeli-s-ceste-i-zabili-se-u-ogradu-vozac-pobjegao-policija-mu-je-brzo-usla-u-trag\/","og_site_name":"RADIO LJUBU\u0160KI","article_publisher":"https:\/\/www.facebook.com\/Radiio-Ljubuski-1490835324566332","article_published_time":"2021-12-05T23:02:55+00:00","article_modified_time":"2021-12-05T23:02:56+00:00","og_image":[{"width":1024,"height":682,"url":"https:\/\/radioljubuski.ba\/wp-content\/uploads\/2021\/12\/o_20168050_1024.jpg","type":"image\/jpeg"}],"author":"Radio Ljubu\u0161ki","twitter_card":"summary_large_image","twitter_creator":"@radioljubuski","twitter_site":"@radioljubuski","twitter_misc":{"Napisao\/la":"Radio Ljubu\u0161ki","Procijenjeno vrijeme \u010ditanja":"1 minuta"},"schema":{"@context":"https:\/\/schema.org","@graph":[{"@type":"Article","@id":"https:\/\/radioljubuski.ba\/index.php\/2021\/12\/06\/cetvero-mladih-ozlijedeno-u-teskoj-nesreci-u-starigradu-kada-su-s-vozilom-sletjeli-s-ceste-i-zabili-se-u-ogradu-vozac-pobjegao-policija-mu-je-brzo-usla-u-trag\/#article","isPartOf":{"@id":"https:\/\/radioljubuski.ba\/index.php\/2021\/12\/06\/cetvero-mladih-ozlijedeno-u-teskoj-nesreci-u-starigradu-kada-su-s-vozilom-sletjeli-s-ceste-i-zabili-se-u-ogradu-vozac-pobjegao-policija-mu-je-brzo-usla-u-trag\/"},"author":{"name":"Radio Ljubu\u0161ki","@id":"https:\/\/radioljubuski.ba\/#\/schema\/person\/19fc700381a780f69665d7956c469e3b"},"headline":"\u010cetvero mladih ozlije\u0111eno u te\u0161koj nesre\u0107i u Starigradu kada su s vozilom sletjeli s ceste i zabili se u ogradu. Voza\u010d pobjegao, policija mu je brzo u\u0161la u trag","datePublished":"2021-12-05T23:02:55+00:00","dateModified":"2021-12-05T23:02:56+00:00","mainEntityOfPage":{"@id":"https:\/\/radioljubuski.ba\/index.php\/2021\/12\/06\/cetvero-mladih-ozlijedeno-u-teskoj-nesreci-u-starigradu-kada-su-s-vozilom-sletjeli-s-ceste-i-zabili-se-u-ogradu-vozac-pobjegao-policija-mu-je-brzo-usla-u-trag\/"},"wordCount":131,"publisher":{"@id":"https:\/\/radioljubuski.ba\/#organization"},"image":{"@id":"https:\/\/radioljubuski.ba\/index.php\/2021\/12\/06\/cetvero-mladih-ozlijedeno-u-teskoj-nesreci-u-starigradu-kada-su-s-vozilom-sletjeli-s-ceste-i-zabili-se-u-ogradu-vozac-pobjegao-policija-mu-je-brzo-usla-u-trag\/#primaryimage"},"thumbnailUrl":"https:\/\/radioljubuski.ba\/wp-content\/uploads\/2021\/12\/o_20168050_1024.jpg","articleSection":["BIH i regija"],"inLanguage":"hr"},{"@type":"WebPage","@id":"https:\/\/radioljubuski.ba\/index.php\/2021\/12\/06\/cetvero-mladih-ozlijedeno-u-teskoj-nesreci-u-starigradu-kada-su-s-vozilom-sletjeli-s-ceste-i-zabili-se-u-ogradu-vozac-pobjegao-policija-mu-je-brzo-usla-u-trag\/","url":"https:\/\/radioljubuski.ba\/index.php\/2021\/12\/06\/cetvero-mladih-ozlijedeno-u-teskoj-nesreci-u-starigradu-kada-su-s-vozilom-sletjeli-s-ceste-i-zabili-se-u-ogradu-vozac-pobjegao-policija-mu-je-brzo-usla-u-trag\/","name":"\u010cetvero mladih ozlije\u0111eno u te\u0161koj nesre\u0107i u Starigradu kada su s vozilom sletjeli s ceste i zabili se u ogradu. Voza\u010d pobjegao, policija mu je brzo u\u0161la u trag - RADIO LJUBU\u0160KI","isPartOf":{"@id":"https:\/\/radioljubuski.ba\/#website"},"primaryImageOfPage":{"@id":"https:\/\/radioljubuski.ba\/index.php\/2021\/12\/06\/cetvero-mladih-ozlijedeno-u-teskoj-nesreci-u-starigradu-kada-su-s-vozilom-sletjeli-s-ceste-i-zabili-se-u-ogradu-vozac-pobjegao-policija-mu-je-brzo-usla-u-trag\/#primaryimage"},"image":{"@id":"https:\/\/radioljubuski.ba\/index.php\/2021\/12\/06\/cetvero-mladih-ozlijedeno-u-teskoj-nesreci-u-starigradu-kada-su-s-vozilom-sletjeli-s-ceste-i-zabili-se-u-ogradu-vozac-pobjegao-policija-mu-je-brzo-usla-u-trag\/#primaryimage"},"thumbnailUrl":"https:\/\/radioljubuski.ba\/wp-content\/uploads\/2021\/12\/o_20168050_1024.jpg","datePublished":"2021-12-05T23:02:55+00:00","dateModified":"2021-12-05T23:02:56+00:00","breadcrumb":{"@id":"https:\/\/radioljubuski.ba\/index.php\/2021\/12\/06\/cetvero-mladih-ozlijedeno-u-teskoj-nesreci-u-starigradu-kada-su-s-vozilom-sletjeli-s-ceste-i-zabili-se-u-ogradu-vozac-pobjegao-policija-mu-je-brzo-usla-u-trag\/#breadcrumb"},"inLanguage":"hr","potentialAction":[{"@type":"ReadAction","target":["https:\/\/radioljubuski.ba\/index.php\/2021\/12\/06\/cetvero-mladih-ozlijedeno-u-teskoj-nesreci-u-starigradu-kada-su-s-vozilom-sletjeli-s-ceste-i-zabili-se-u-ogradu-vozac-pobjegao-policija-mu-je-brzo-usla-u-trag\/"]}]},{"@type":"ImageObject","inLanguage":"hr","@id":"https:\/\/radioljubuski.ba\/index.php\/2021\/12\/06\/cetvero-mladih-ozlijedeno-u-teskoj-nesreci-u-starigradu-kada-su-s-vozilom-sletjeli-s-ceste-i-zabili-se-u-ogradu-vozac-pobjegao-policija-mu-je-brzo-usla-u-trag\/#primaryimage","url":"https:\/\/radioljubuski.ba\/wp-content\/uploads\/2021\/12\/o_20168050_1024.jpg","contentUrl":"https:\/\/radioljubuski.ba\/wp-content\/uploads\/2021\/12\/o_20168050_1024.jpg","width":1024,"height":682},{"@type":"BreadcrumbList","@id":"https:\/\/radioljubuski.ba\/index.php\/2021\/12\/06\/cetvero-mladih-ozlijedeno-u-teskoj-nesreci-u-starigradu-kada-su-s-vozilom-sletjeli-s-ceste-i-zabili-se-u-ogradu-vozac-pobjegao-policija-mu-je-brzo-usla-u-trag\/#breadcrumb","itemListElement":[{"@type":"ListItem","position":1,"name":"Po\u010detna stranica","item":"https:\/\/radioljubuski.ba\/"},{"@type":"ListItem","position":2,"name":"\u010cetvero mladih ozlije\u0111eno u te\u0161koj nesre\u0107i u Starigradu kada su s vozilom sletjeli s ceste i zabili se u ogradu. Voza\u010d pobjegao, policija mu je brzo u\u0161la u trag"}]},{"@type":"WebSite","@id":"https:\/\/radioljubuski.ba\/#website","url":"https:\/\/radioljubuski.ba\/","name":"Radio Ljubu\u0161ki","description":"Sun\u010dana frekvencija Hercegovine","publisher":{"@id":"https:\/\/radioljubuski.ba\/#organization"},"potentialAction":[{"@type":"SearchAction","target":{"@type":"EntryPoint","urlTemplate":"https:\/\/radioljubuski.ba\/?s={search_term_string}"},"query-input":{"@type":"PropertyValueSpecification","valueRequired":true,"valueName":"search_term_string"}}],"inLanguage":"hr"},{"@type":"Organization","@id":"https:\/\/radioljubuski.ba\/#organization","name":"Radio Ljubu\u0161ki","url":"https:\/\/radioljubuski.ba\/","logo":{"@type":"ImageObject","inLanguage":"hr","@id":"https:\/\/radioljubuski.ba\/#\/schema\/logo\/image\/","url":"https:\/\/radioljubuski.ba\/wp-content\/uploads\/2021\/02\/cropped-Radio_Ljubuski_logo1.jpg","contentUrl":"https:\/\/radioljubuski.ba\/wp-content\/uploads\/2021\/02\/cropped-Radio_Ljubuski_logo1.jpg","width":512,"height":512,"caption":"Radio Ljubu\u0161ki"},"image":{"@id":"https:\/\/radioljubuski.ba\/#\/schema\/logo\/image\/"},"sameAs":["https:\/\/www.facebook.com\/Radiio-Ljubuski-1490835324566332","https:\/\/x.com\/radioljubuski","https:\/\/hr.linkedin.com\/company\/radio-ljubuski","https:\/\/www.youtube.com\/channel\/UCHYaeO_n0Db3tjNGudGpXyw"]},{"@type":"Person","@id":"https:\/\/radioljubuski.ba\/#\/schema\/person\/19fc700381a780f69665d7956c469e3b","name":"Radio Ljubu\u0161ki"}]}},"_links":{"self":[{"href":"https:\/\/radioljubuski.ba\/index.php\/wp-json\/wp\/v2\/posts\/96301","targetHints":{"allow":["GET"]}}],"collection":[{"href":"https:\/\/radioljubuski.ba\/index.php\/wp-json\/wp\/v2\/posts"}],"about":[{"href":"https:\/\/radioljubuski.ba\/index.php\/wp-json\/wp\/v2\/types\/post"}],"author":[{"embeddable":true,"href":"https:\/\/radioljubuski.ba\/index.php\/wp-json\/wp\/v2\/users\/2"}],"replies":[{"embeddable":true,"href":"https:\/\/radioljubuski.ba\/index.php\/wp-json\/wp\/v2\/comments?post=96301"}],"version-history":[{"count":1,"href":"https:\/\/radioljubuski.ba\/index.php\/wp-json\/wp\/v2\/posts\/96301\/revisions"}],"predecessor-version":[{"id":96303,"href":"https:\/\/radioljubuski.ba\/index.php\/wp-json\/wp\/v2\/posts\/96301\/revisions\/96303"}],"wp:featuredmedia":[{"embeddable":true,"href":"https:\/\/radioljubuski.ba\/index.php\/wp-json\/wp\/v2\/media\/96302"}],"wp:attachment":[{"href":"https:\/\/radioljubuski.ba\/index.php\/wp-json\/wp\/v2\/media?parent=96301"}],"wp:term":[{"taxonomy":"category","embeddable":true,"href":"https:\/\/radioljubuski.ba\/index.php\/wp-json\/wp\/v2\/categories?post=96301"},{"taxonomy":"post_tag","embeddable":true,"href":"https:\/\/radioljubuski.ba\/index.php\/wp-json\/wp\/v2\/tags?post=96301"}],"curies":[{"name":"wp","href":"https:\/\/api.w.org\/{rel}","templated":true}]}}