{"id":96304,"date":"2021-12-06T00:04:37","date_gmt":"2021-12-05T23:04:37","guid":{"rendered":"https:\/\/radioljubuski.ba\/?p=96304"},"modified":"2021-12-06T00:04:38","modified_gmt":"2021-12-05T23:04:38","slug":"cnn-dao-otkaz-svojoj-najvecoj-zvijezdi-najurili-voditelja-jer-je-savjetovao-skandaloznog-brata-kako-ce-se-nositi-s-optuzbama-iz-perspektive-odnosa-s-javnoscu","status":"publish","type":"post","link":"https:\/\/radioljubuski.ba\/index.php\/2021\/12\/06\/cnn-dao-otkaz-svojoj-najvecoj-zvijezdi-najurili-voditelja-jer-je-savjetovao-skandaloznog-brata-kako-ce-se-nositi-s-optuzbama-iz-perspektive-odnosa-s-javnoscu\/","title":{"rendered":"CNN dao otkaz svojoj najve\u0107oj zvijezdi: Najurili voditelja jer je savjetovao skandaloznog brata kako \u0107e se nositi s optu\u017ebama iz perspektive odnosa s javno\u0161\u0107u"},"content":{"rendered":"\n<p>CNN je priop\u0107io u subotu da je otpustio voditelja&nbsp;<strong>Chrisa Cuoma<\/strong>, a nakon &#8220;dodatnih informacija&#8221; o njegovim nastojanjima da pomogne svom bratu, biv\u0161em guverneru New Yorka&nbsp;<strong>Andrewu Cuomu<\/strong>, da odgovori na optu\u017ebe za seksualno nedoli\u010dno pona\u0161anje.<br><br>Cuomo, koji je vodio najgledaniju informativnu emisiju CNN-a u udarnom terminu, suspendiran je u utorak. U svibnju je priznao da je prekr\u0161io neka pravila ku\u0107e savjetuju\u0107i brata kako se nositi s optu\u017ebama iz perspektive odnosa s javno\u0161\u0107u.<br><br>Andrew Cuomo (63) bio je prisiljen odstupiti s mjesta guvernera u kolovozu, nakon vi\u0161estrukih optu\u017ebi za seksualno nedoli\u010dno pona\u0161anje. Pritom je negirao svoju odgovornost.<br><br>&#8220;Chris Cuomo suspendiran je ranije ovog tjedna, a uslijed daljnje procjene novih informacija koje su iza\u0161le na vidjelo o njegovoj umije\u0161anosti u obranu svog brata&#8221;, objavila je medijska ku\u0107a u subotu, ne daju\u0107i vi\u0161e pojedinosti o kojim je to informacijama rije\u010d.<br><br>Dodali su da su konzultirali cijenjenu odvjetni\u010dku tvrtku i raskinuli radni odnos s Cuomom.<br><br>Cuomo je prvotno suspendiran nakon \u0161to je njujor\u0161ka dr\u017eavna odvjetnica&nbsp;<strong>Letitia James<\/strong>&nbsp;pokazala tekstualne i druge poruke u kojima je poku\u0161ao koristiti vlastite izvore u medijima kako bi saznao informacije o bratovom slu\u010daju i \u017eenama uklju\u010denim u njega.<br><br>Kako pi\u0161e Reuters, u&nbsp;novinarstvu se kr\u0161enjem etike smatra kori\u0161tenje vlastitog polo\u017eaja za zagovaranje osobnog cilja ili provo\u0111enje istrage iz osobnih razloga.<br><br>&#8220;Ovo nije na\u010din na koji sam \u017eelio da zavr\u0161i moja karijera na CNN-u, no ve\u0107 sam vam rekao za\u0161to i kako sam pomogao bratu&#8221;, napisao je razo\u010darani 51-godi\u0161nji Cuomo na Twitteru.<\/p>\n\n\n\n<p><strong>PI\u0160E&nbsp;<\/strong>HINA\/PSD<\/p>\n","protected":false},"excerpt":{"rendered":"<p>CNN je priop\u0107io u subotu da je otpustio voditelja&nbsp;Chrisa Cuoma, a nakon &#8220;dodatnih informacija&#8221; o njegovim nastojanjima da pomogne svom bratu, biv\u0161em guverneru New Yorka&nbsp;Andrewu Cuomu, da odgovori na optu\u017ebe za seksualno nedoli\u010dno pona\u0161anje. Cuomo, koji je vodio najgledaniju informativnu emisiju CNN-a u udarnom terminu, suspendiran je u utorak. U svibnju je priznao da je [&hellip;]<\/p>\n","protected":false},"author":2,"featured_media":96305,"comment_status":"closed","ping_status":"closed","sticky":false,"template":"","format":"standard","meta":{"h5ap_radio_sources":[],"footnotes":""},"categories":[1],"tags":[],"class_list":["post-96304","post","type-post","status-publish","format-standard","has-post-thumbnail","hentry","category-bihiregija"],"yoast_head":"<!-- This site is optimized with the Yoast SEO plugin v27.4 - https:\/\/yoast.com\/product\/yoast-seo-wordpress\/ -->\n<title>CNN dao otkaz svojoj najve\u0107oj zvijezdi: Najurili voditelja jer je savjetovao skandaloznog brata kako \u0107e se nositi s optu\u017ebama iz perspektive odnosa s javno\u0161\u0107u - RADIO LJUBU\u0160KI<\/title>\n<meta name=\"robots\" content=\"index, follow, max-snippet:-1, max-image-preview:large, max-video-preview:-1\" \/>\n<link rel=\"canonical\" href=\"https:\/\/radioljubuski.ba\/index.php\/2021\/12\/06\/cnn-dao-otkaz-svojoj-najvecoj-zvijezdi-najurili-voditelja-jer-je-savjetovao-skandaloznog-brata-kako-ce-se-nositi-s-optuzbama-iz-perspektive-odnosa-s-javnoscu\/\" \/>\n<meta property=\"og:locale\" content=\"hr_HR\" \/>\n<meta property=\"og:type\" content=\"article\" \/>\n<meta property=\"og:title\" content=\"CNN dao otkaz svojoj najve\u0107oj zvijezdi: Najurili voditelja jer je savjetovao skandaloznog brata kako \u0107e se nositi s optu\u017ebama iz perspektive odnosa s javno\u0161\u0107u - RADIO LJUBU\u0160KI\" \/>\n<meta property=\"og:description\" content=\"CNN je priop\u0107io u subotu da je otpustio voditelja&nbsp;Chrisa Cuoma, a nakon &#8220;dodatnih informacija&#8221; o njegovim nastojanjima da pomogne svom bratu, biv\u0161em guverneru New Yorka&nbsp;Andrewu Cuomu, da odgovori na optu\u017ebe za seksualno nedoli\u010dno pona\u0161anje. Cuomo, koji je vodio najgledaniju informativnu emisiju CNN-a u udarnom terminu, suspendiran je u utorak. U svibnju je priznao da je [&hellip;]\" \/>\n<meta property=\"og:url\" content=\"https:\/\/radioljubuski.ba\/index.php\/2021\/12\/06\/cnn-dao-otkaz-svojoj-najvecoj-zvijezdi-najurili-voditelja-jer-je-savjetovao-skandaloznog-brata-kako-ce-se-nositi-s-optuzbama-iz-perspektive-odnosa-s-javnoscu\/\" \/>\n<meta property=\"og:site_name\" content=\"RADIO LJUBU\u0160KI\" \/>\n<meta property=\"article:publisher\" content=\"https:\/\/www.facebook.com\/Radiio-Ljubuski-1490835324566332\" \/>\n<meta property=\"article:published_time\" content=\"2021-12-05T23:04:37+00:00\" \/>\n<meta property=\"article:modified_time\" content=\"2021-12-05T23:04:38+00:00\" \/>\n<meta property=\"og:image\" content=\"https:\/\/radioljubuski.ba\/wp-content\/uploads\/2021\/12\/o_20226540_1024.jpg\" \/>\n\t<meta property=\"og:image:width\" content=\"1024\" \/>\n\t<meta property=\"og:image:height\" content=\"739\" \/>\n\t<meta property=\"og:image:type\" content=\"image\/jpeg\" \/>\n<meta name=\"author\" content=\"Radio Ljubu\u0161ki\" \/>\n<meta name=\"twitter:card\" content=\"summary_large_image\" \/>\n<meta name=\"twitter:creator\" content=\"@radioljubuski\" \/>\n<meta name=\"twitter:site\" content=\"@radioljubuski\" \/>\n<meta name=\"twitter:label1\" content=\"Napisao\/la\" \/>\n\t<meta name=\"twitter:data1\" content=\"Radio Ljubu\u0161ki\" \/>\n\t<meta name=\"twitter:label2\" content=\"Procijenjeno vrijeme \u010ditanja\" \/>\n\t<meta name=\"twitter:data2\" content=\"2 minute\" \/>\n<script type=\"application\/ld+json\" class=\"yoast-schema-graph\">{\"@context\":\"https:\\\/\\\/schema.org\",\"@graph\":[{\"@type\":\"Article\",\"@id\":\"https:\\\/\\\/radioljubuski.ba\\\/index.php\\\/2021\\\/12\\\/06\\\/cnn-dao-otkaz-svojoj-najvecoj-zvijezdi-najurili-voditelja-jer-je-savjetovao-skandaloznog-brata-kako-ce-se-nositi-s-optuzbama-iz-perspektive-odnosa-s-javnoscu\\\/#article\",\"isPartOf\":{\"@id\":\"https:\\\/\\\/radioljubuski.ba\\\/index.php\\\/2021\\\/12\\\/06\\\/cnn-dao-otkaz-svojoj-najvecoj-zvijezdi-najurili-voditelja-jer-je-savjetovao-skandaloznog-brata-kako-ce-se-nositi-s-optuzbama-iz-perspektive-odnosa-s-javnoscu\\\/\"},\"author\":{\"name\":\"Radio Ljubu\u0161ki\",\"@id\":\"https:\\\/\\\/radioljubuski.ba\\\/#\\\/schema\\\/person\\\/19fc700381a780f69665d7956c469e3b\"},\"headline\":\"CNN dao otkaz svojoj najve\u0107oj zvijezdi: Najurili voditelja jer je savjetovao skandaloznog brata kako \u0107e se nositi s optu\u017ebama iz perspektive odnosa s javno\u0161\u0107u\",\"datePublished\":\"2021-12-05T23:04:37+00:00\",\"dateModified\":\"2021-12-05T23:04:38+00:00\",\"mainEntityOfPage\":{\"@id\":\"https:\\\/\\\/radioljubuski.ba\\\/index.php\\\/2021\\\/12\\\/06\\\/cnn-dao-otkaz-svojoj-najvecoj-zvijezdi-najurili-voditelja-jer-je-savjetovao-skandaloznog-brata-kako-ce-se-nositi-s-optuzbama-iz-perspektive-odnosa-s-javnoscu\\\/\"},\"wordCount\":314,\"publisher\":{\"@id\":\"https:\\\/\\\/radioljubuski.ba\\\/#organization\"},\"image\":{\"@id\":\"https:\\\/\\\/radioljubuski.ba\\\/index.php\\\/2021\\\/12\\\/06\\\/cnn-dao-otkaz-svojoj-najvecoj-zvijezdi-najurili-voditelja-jer-je-savjetovao-skandaloznog-brata-kako-ce-se-nositi-s-optuzbama-iz-perspektive-odnosa-s-javnoscu\\\/#primaryimage\"},\"thumbnailUrl\":\"https:\\\/\\\/radioljubuski.ba\\\/wp-content\\\/uploads\\\/2021\\\/12\\\/o_20226540_1024.jpg\",\"articleSection\":[\"BIH i regija\"],\"inLanguage\":\"hr\"},{\"@type\":\"WebPage\",\"@id\":\"https:\\\/\\\/radioljubuski.ba\\\/index.php\\\/2021\\\/12\\\/06\\\/cnn-dao-otkaz-svojoj-najvecoj-zvijezdi-najurili-voditelja-jer-je-savjetovao-skandaloznog-brata-kako-ce-se-nositi-s-optuzbama-iz-perspektive-odnosa-s-javnoscu\\\/\",\"url\":\"https:\\\/\\\/radioljubuski.ba\\\/index.php\\\/2021\\\/12\\\/06\\\/cnn-dao-otkaz-svojoj-najvecoj-zvijezdi-najurili-voditelja-jer-je-savjetovao-skandaloznog-brata-kako-ce-se-nositi-s-optuzbama-iz-perspektive-odnosa-s-javnoscu\\\/\",\"name\":\"CNN dao otkaz svojoj najve\u0107oj zvijezdi: Najurili voditelja jer je savjetovao skandaloznog brata kako \u0107e se nositi s optu\u017ebama iz perspektive odnosa s javno\u0161\u0107u - RADIO LJUBU\u0160KI\",\"isPartOf\":{\"@id\":\"https:\\\/\\\/radioljubuski.ba\\\/#website\"},\"primaryImageOfPage\":{\"@id\":\"https:\\\/\\\/radioljubuski.ba\\\/index.php\\\/2021\\\/12\\\/06\\\/cnn-dao-otkaz-svojoj-najvecoj-zvijezdi-najurili-voditelja-jer-je-savjetovao-skandaloznog-brata-kako-ce-se-nositi-s-optuzbama-iz-perspektive-odnosa-s-javnoscu\\\/#primaryimage\"},\"image\":{\"@id\":\"https:\\\/\\\/radioljubuski.ba\\\/index.php\\\/2021\\\/12\\\/06\\\/cnn-dao-otkaz-svojoj-najvecoj-zvijezdi-najurili-voditelja-jer-je-savjetovao-skandaloznog-brata-kako-ce-se-nositi-s-optuzbama-iz-perspektive-odnosa-s-javnoscu\\\/#primaryimage\"},\"thumbnailUrl\":\"https:\\\/\\\/radioljubuski.ba\\\/wp-content\\\/uploads\\\/2021\\\/12\\\/o_20226540_1024.jpg\",\"datePublished\":\"2021-12-05T23:04:37+00:00\",\"dateModified\":\"2021-12-05T23:04:38+00:00\",\"breadcrumb\":{\"@id\":\"https:\\\/\\\/radioljubuski.ba\\\/index.php\\\/2021\\\/12\\\/06\\\/cnn-dao-otkaz-svojoj-najvecoj-zvijezdi-najurili-voditelja-jer-je-savjetovao-skandaloznog-brata-kako-ce-se-nositi-s-optuzbama-iz-perspektive-odnosa-s-javnoscu\\\/#breadcrumb\"},\"inLanguage\":\"hr\",\"potentialAction\":[{\"@type\":\"ReadAction\",\"target\":[\"https:\\\/\\\/radioljubuski.ba\\\/index.php\\\/2021\\\/12\\\/06\\\/cnn-dao-otkaz-svojoj-najvecoj-zvijezdi-najurili-voditelja-jer-je-savjetovao-skandaloznog-brata-kako-ce-se-nositi-s-optuzbama-iz-perspektive-odnosa-s-javnoscu\\\/\"]}]},{\"@type\":\"ImageObject\",\"inLanguage\":\"hr\",\"@id\":\"https:\\\/\\\/radioljubuski.ba\\\/index.php\\\/2021\\\/12\\\/06\\\/cnn-dao-otkaz-svojoj-najvecoj-zvijezdi-najurili-voditelja-jer-je-savjetovao-skandaloznog-brata-kako-ce-se-nositi-s-optuzbama-iz-perspektive-odnosa-s-javnoscu\\\/#primaryimage\",\"url\":\"https:\\\/\\\/radioljubuski.ba\\\/wp-content\\\/uploads\\\/2021\\\/12\\\/o_20226540_1024.jpg\",\"contentUrl\":\"https:\\\/\\\/radioljubuski.ba\\\/wp-content\\\/uploads\\\/2021\\\/12\\\/o_20226540_1024.jpg\",\"width\":1024,\"height\":739},{\"@type\":\"BreadcrumbList\",\"@id\":\"https:\\\/\\\/radioljubuski.ba\\\/index.php\\\/2021\\\/12\\\/06\\\/cnn-dao-otkaz-svojoj-najvecoj-zvijezdi-najurili-voditelja-jer-je-savjetovao-skandaloznog-brata-kako-ce-se-nositi-s-optuzbama-iz-perspektive-odnosa-s-javnoscu\\\/#breadcrumb\",\"itemListElement\":[{\"@type\":\"ListItem\",\"position\":1,\"name\":\"Po\u010detna stranica\",\"item\":\"https:\\\/\\\/radioljubuski.ba\\\/\"},{\"@type\":\"ListItem\",\"position\":2,\"name\":\"CNN dao otkaz svojoj najve\u0107oj zvijezdi: Najurili voditelja jer je savjetovao skandaloznog brata kako \u0107e se nositi s optu\u017ebama iz perspektive odnosa s javno\u0161\u0107u\"}]},{\"@type\":\"WebSite\",\"@id\":\"https:\\\/\\\/radioljubuski.ba\\\/#website\",\"url\":\"https:\\\/\\\/radioljubuski.ba\\\/\",\"name\":\"Radio Ljubu\u0161ki\",\"description\":\"Sun\u010dana frekvencija Hercegovine\",\"publisher\":{\"@id\":\"https:\\\/\\\/radioljubuski.ba\\\/#organization\"},\"potentialAction\":[{\"@type\":\"SearchAction\",\"target\":{\"@type\":\"EntryPoint\",\"urlTemplate\":\"https:\\\/\\\/radioljubuski.ba\\\/?s={search_term_string}\"},\"query-input\":{\"@type\":\"PropertyValueSpecification\",\"valueRequired\":true,\"valueName\":\"search_term_string\"}}],\"inLanguage\":\"hr\"},{\"@type\":\"Organization\",\"@id\":\"https:\\\/\\\/radioljubuski.ba\\\/#organization\",\"name\":\"Radio Ljubu\u0161ki\",\"url\":\"https:\\\/\\\/radioljubuski.ba\\\/\",\"logo\":{\"@type\":\"ImageObject\",\"inLanguage\":\"hr\",\"@id\":\"https:\\\/\\\/radioljubuski.ba\\\/#\\\/schema\\\/logo\\\/image\\\/\",\"url\":\"https:\\\/\\\/radioljubuski.ba\\\/wp-content\\\/uploads\\\/2021\\\/02\\\/cropped-Radio_Ljubuski_logo1.jpg\",\"contentUrl\":\"https:\\\/\\\/radioljubuski.ba\\\/wp-content\\\/uploads\\\/2021\\\/02\\\/cropped-Radio_Ljubuski_logo1.jpg\",\"width\":512,\"height\":512,\"caption\":\"Radio Ljubu\u0161ki\"},\"image\":{\"@id\":\"https:\\\/\\\/radioljubuski.ba\\\/#\\\/schema\\\/logo\\\/image\\\/\"},\"sameAs\":[\"https:\\\/\\\/www.facebook.com\\\/Radiio-Ljubuski-1490835324566332\",\"https:\\\/\\\/x.com\\\/radioljubuski\",\"https:\\\/\\\/hr.linkedin.com\\\/company\\\/radio-ljubuski\",\"https:\\\/\\\/www.youtube.com\\\/channel\\\/UCHYaeO_n0Db3tjNGudGpXyw\"]},{\"@type\":\"Person\",\"@id\":\"https:\\\/\\\/radioljubuski.ba\\\/#\\\/schema\\\/person\\\/19fc700381a780f69665d7956c469e3b\",\"name\":\"Radio Ljubu\u0161ki\"}]}<\/script>\n<!-- \/ Yoast SEO plugin. -->","yoast_head_json":{"title":"CNN dao otkaz svojoj najve\u0107oj zvijezdi: Najurili voditelja jer je savjetovao skandaloznog brata kako \u0107e se nositi s optu\u017ebama iz perspektive odnosa s javno\u0161\u0107u - RADIO LJUBU\u0160KI","robots":{"index":"index","follow":"follow","max-snippet":"max-snippet:-1","max-image-preview":"max-image-preview:large","max-video-preview":"max-video-preview:-1"},"canonical":"https:\/\/radioljubuski.ba\/index.php\/2021\/12\/06\/cnn-dao-otkaz-svojoj-najvecoj-zvijezdi-najurili-voditelja-jer-je-savjetovao-skandaloznog-brata-kako-ce-se-nositi-s-optuzbama-iz-perspektive-odnosa-s-javnoscu\/","og_locale":"hr_HR","og_type":"article","og_title":"CNN dao otkaz svojoj najve\u0107oj zvijezdi: Najurili voditelja jer je savjetovao skandaloznog brata kako \u0107e se nositi s optu\u017ebama iz perspektive odnosa s javno\u0161\u0107u - RADIO LJUBU\u0160KI","og_description":"CNN je priop\u0107io u subotu da je otpustio voditelja&nbsp;Chrisa Cuoma, a nakon &#8220;dodatnih informacija&#8221; o njegovim nastojanjima da pomogne svom bratu, biv\u0161em guverneru New Yorka&nbsp;Andrewu Cuomu, da odgovori na optu\u017ebe za seksualno nedoli\u010dno pona\u0161anje. Cuomo, koji je vodio najgledaniju informativnu emisiju CNN-a u udarnom terminu, suspendiran je u utorak. U svibnju je priznao da je [&hellip;]","og_url":"https:\/\/radioljubuski.ba\/index.php\/2021\/12\/06\/cnn-dao-otkaz-svojoj-najvecoj-zvijezdi-najurili-voditelja-jer-je-savjetovao-skandaloznog-brata-kako-ce-se-nositi-s-optuzbama-iz-perspektive-odnosa-s-javnoscu\/","og_site_name":"RADIO LJUBU\u0160KI","article_publisher":"https:\/\/www.facebook.com\/Radiio-Ljubuski-1490835324566332","article_published_time":"2021-12-05T23:04:37+00:00","article_modified_time":"2021-12-05T23:04:38+00:00","og_image":[{"width":1024,"height":739,"url":"https:\/\/radioljubuski.ba\/wp-content\/uploads\/2021\/12\/o_20226540_1024.jpg","type":"image\/jpeg"}],"author":"Radio Ljubu\u0161ki","twitter_card":"summary_large_image","twitter_creator":"@radioljubuski","twitter_site":"@radioljubuski","twitter_misc":{"Napisao\/la":"Radio Ljubu\u0161ki","Procijenjeno vrijeme \u010ditanja":"2 minute"},"schema":{"@context":"https:\/\/schema.org","@graph":[{"@type":"Article","@id":"https:\/\/radioljubuski.ba\/index.php\/2021\/12\/06\/cnn-dao-otkaz-svojoj-najvecoj-zvijezdi-najurili-voditelja-jer-je-savjetovao-skandaloznog-brata-kako-ce-se-nositi-s-optuzbama-iz-perspektive-odnosa-s-javnoscu\/#article","isPartOf":{"@id":"https:\/\/radioljubuski.ba\/index.php\/2021\/12\/06\/cnn-dao-otkaz-svojoj-najvecoj-zvijezdi-najurili-voditelja-jer-je-savjetovao-skandaloznog-brata-kako-ce-se-nositi-s-optuzbama-iz-perspektive-odnosa-s-javnoscu\/"},"author":{"name":"Radio Ljubu\u0161ki","@id":"https:\/\/radioljubuski.ba\/#\/schema\/person\/19fc700381a780f69665d7956c469e3b"},"headline":"CNN dao otkaz svojoj najve\u0107oj zvijezdi: Najurili voditelja jer je savjetovao skandaloznog brata kako \u0107e se nositi s optu\u017ebama iz perspektive odnosa s javno\u0161\u0107u","datePublished":"2021-12-05T23:04:37+00:00","dateModified":"2021-12-05T23:04:38+00:00","mainEntityOfPage":{"@id":"https:\/\/radioljubuski.ba\/index.php\/2021\/12\/06\/cnn-dao-otkaz-svojoj-najvecoj-zvijezdi-najurili-voditelja-jer-je-savjetovao-skandaloznog-brata-kako-ce-se-nositi-s-optuzbama-iz-perspektive-odnosa-s-javnoscu\/"},"wordCount":314,"publisher":{"@id":"https:\/\/radioljubuski.ba\/#organization"},"image":{"@id":"https:\/\/radioljubuski.ba\/index.php\/2021\/12\/06\/cnn-dao-otkaz-svojoj-najvecoj-zvijezdi-najurili-voditelja-jer-je-savjetovao-skandaloznog-brata-kako-ce-se-nositi-s-optuzbama-iz-perspektive-odnosa-s-javnoscu\/#primaryimage"},"thumbnailUrl":"https:\/\/radioljubuski.ba\/wp-content\/uploads\/2021\/12\/o_20226540_1024.jpg","articleSection":["BIH i regija"],"inLanguage":"hr"},{"@type":"WebPage","@id":"https:\/\/radioljubuski.ba\/index.php\/2021\/12\/06\/cnn-dao-otkaz-svojoj-najvecoj-zvijezdi-najurili-voditelja-jer-je-savjetovao-skandaloznog-brata-kako-ce-se-nositi-s-optuzbama-iz-perspektive-odnosa-s-javnoscu\/","url":"https:\/\/radioljubuski.ba\/index.php\/2021\/12\/06\/cnn-dao-otkaz-svojoj-najvecoj-zvijezdi-najurili-voditelja-jer-je-savjetovao-skandaloznog-brata-kako-ce-se-nositi-s-optuzbama-iz-perspektive-odnosa-s-javnoscu\/","name":"CNN dao otkaz svojoj najve\u0107oj zvijezdi: Najurili voditelja jer je savjetovao skandaloznog brata kako \u0107e se nositi s optu\u017ebama iz perspektive odnosa s javno\u0161\u0107u - RADIO LJUBU\u0160KI","isPartOf":{"@id":"https:\/\/radioljubuski.ba\/#website"},"primaryImageOfPage":{"@id":"https:\/\/radioljubuski.ba\/index.php\/2021\/12\/06\/cnn-dao-otkaz-svojoj-najvecoj-zvijezdi-najurili-voditelja-jer-je-savjetovao-skandaloznog-brata-kako-ce-se-nositi-s-optuzbama-iz-perspektive-odnosa-s-javnoscu\/#primaryimage"},"image":{"@id":"https:\/\/radioljubuski.ba\/index.php\/2021\/12\/06\/cnn-dao-otkaz-svojoj-najvecoj-zvijezdi-najurili-voditelja-jer-je-savjetovao-skandaloznog-brata-kako-ce-se-nositi-s-optuzbama-iz-perspektive-odnosa-s-javnoscu\/#primaryimage"},"thumbnailUrl":"https:\/\/radioljubuski.ba\/wp-content\/uploads\/2021\/12\/o_20226540_1024.jpg","datePublished":"2021-12-05T23:04:37+00:00","dateModified":"2021-12-05T23:04:38+00:00","breadcrumb":{"@id":"https:\/\/radioljubuski.ba\/index.php\/2021\/12\/06\/cnn-dao-otkaz-svojoj-najvecoj-zvijezdi-najurili-voditelja-jer-je-savjetovao-skandaloznog-brata-kako-ce-se-nositi-s-optuzbama-iz-perspektive-odnosa-s-javnoscu\/#breadcrumb"},"inLanguage":"hr","potentialAction":[{"@type":"ReadAction","target":["https:\/\/radioljubuski.ba\/index.php\/2021\/12\/06\/cnn-dao-otkaz-svojoj-najvecoj-zvijezdi-najurili-voditelja-jer-je-savjetovao-skandaloznog-brata-kako-ce-se-nositi-s-optuzbama-iz-perspektive-odnosa-s-javnoscu\/"]}]},{"@type":"ImageObject","inLanguage":"hr","@id":"https:\/\/radioljubuski.ba\/index.php\/2021\/12\/06\/cnn-dao-otkaz-svojoj-najvecoj-zvijezdi-najurili-voditelja-jer-je-savjetovao-skandaloznog-brata-kako-ce-se-nositi-s-optuzbama-iz-perspektive-odnosa-s-javnoscu\/#primaryimage","url":"https:\/\/radioljubuski.ba\/wp-content\/uploads\/2021\/12\/o_20226540_1024.jpg","contentUrl":"https:\/\/radioljubuski.ba\/wp-content\/uploads\/2021\/12\/o_20226540_1024.jpg","width":1024,"height":739},{"@type":"BreadcrumbList","@id":"https:\/\/radioljubuski.ba\/index.php\/2021\/12\/06\/cnn-dao-otkaz-svojoj-najvecoj-zvijezdi-najurili-voditelja-jer-je-savjetovao-skandaloznog-brata-kako-ce-se-nositi-s-optuzbama-iz-perspektive-odnosa-s-javnoscu\/#breadcrumb","itemListElement":[{"@type":"ListItem","position":1,"name":"Po\u010detna stranica","item":"https:\/\/radioljubuski.ba\/"},{"@type":"ListItem","position":2,"name":"CNN dao otkaz svojoj najve\u0107oj zvijezdi: Najurili voditelja jer je savjetovao skandaloznog brata kako \u0107e se nositi s optu\u017ebama iz perspektive odnosa s javno\u0161\u0107u"}]},{"@type":"WebSite","@id":"https:\/\/radioljubuski.ba\/#website","url":"https:\/\/radioljubuski.ba\/","name":"Radio Ljubu\u0161ki","description":"Sun\u010dana frekvencija Hercegovine","publisher":{"@id":"https:\/\/radioljubuski.ba\/#organization"},"potentialAction":[{"@type":"SearchAction","target":{"@type":"EntryPoint","urlTemplate":"https:\/\/radioljubuski.ba\/?s={search_term_string}"},"query-input":{"@type":"PropertyValueSpecification","valueRequired":true,"valueName":"search_term_string"}}],"inLanguage":"hr"},{"@type":"Organization","@id":"https:\/\/radioljubuski.ba\/#organization","name":"Radio Ljubu\u0161ki","url":"https:\/\/radioljubuski.ba\/","logo":{"@type":"ImageObject","inLanguage":"hr","@id":"https:\/\/radioljubuski.ba\/#\/schema\/logo\/image\/","url":"https:\/\/radioljubuski.ba\/wp-content\/uploads\/2021\/02\/cropped-Radio_Ljubuski_logo1.jpg","contentUrl":"https:\/\/radioljubuski.ba\/wp-content\/uploads\/2021\/02\/cropped-Radio_Ljubuski_logo1.jpg","width":512,"height":512,"caption":"Radio Ljubu\u0161ki"},"image":{"@id":"https:\/\/radioljubuski.ba\/#\/schema\/logo\/image\/"},"sameAs":["https:\/\/www.facebook.com\/Radiio-Ljubuski-1490835324566332","https:\/\/x.com\/radioljubuski","https:\/\/hr.linkedin.com\/company\/radio-ljubuski","https:\/\/www.youtube.com\/channel\/UCHYaeO_n0Db3tjNGudGpXyw"]},{"@type":"Person","@id":"https:\/\/radioljubuski.ba\/#\/schema\/person\/19fc700381a780f69665d7956c469e3b","name":"Radio Ljubu\u0161ki"}]}},"_links":{"self":[{"href":"https:\/\/radioljubuski.ba\/index.php\/wp-json\/wp\/v2\/posts\/96304","targetHints":{"allow":["GET"]}}],"collection":[{"href":"https:\/\/radioljubuski.ba\/index.php\/wp-json\/wp\/v2\/posts"}],"about":[{"href":"https:\/\/radioljubuski.ba\/index.php\/wp-json\/wp\/v2\/types\/post"}],"author":[{"embeddable":true,"href":"https:\/\/radioljubuski.ba\/index.php\/wp-json\/wp\/v2\/users\/2"}],"replies":[{"embeddable":true,"href":"https:\/\/radioljubuski.ba\/index.php\/wp-json\/wp\/v2\/comments?post=96304"}],"version-history":[{"count":1,"href":"https:\/\/radioljubuski.ba\/index.php\/wp-json\/wp\/v2\/posts\/96304\/revisions"}],"predecessor-version":[{"id":96306,"href":"https:\/\/radioljubuski.ba\/index.php\/wp-json\/wp\/v2\/posts\/96304\/revisions\/96306"}],"wp:featuredmedia":[{"embeddable":true,"href":"https:\/\/radioljubuski.ba\/index.php\/wp-json\/wp\/v2\/media\/96305"}],"wp:attachment":[{"href":"https:\/\/radioljubuski.ba\/index.php\/wp-json\/wp\/v2\/media?parent=96304"}],"wp:term":[{"taxonomy":"category","embeddable":true,"href":"https:\/\/radioljubuski.ba\/index.php\/wp-json\/wp\/v2\/categories?post=96304"},{"taxonomy":"post_tag","embeddable":true,"href":"https:\/\/radioljubuski.ba\/index.php\/wp-json\/wp\/v2\/tags?post=96304"}],"curies":[{"name":"wp","href":"https:\/\/api.w.org\/{rel}","templated":true}]}}