{"id":96307,"date":"2021-12-06T00:07:02","date_gmt":"2021-12-05T23:07:02","guid":{"rendered":"https:\/\/radioljubuski.ba\/?p=96307"},"modified":"2021-12-06T00:07:03","modified_gmt":"2021-12-05T23:07:03","slug":"kaufland-ogradom-visokom-dva-metra-odvojio-cijepljene-od-necijepljenih-oni-bez-covid-putovnice-mogu-kupiti-samo-osnovne-potrepstine","status":"publish","type":"post","link":"https:\/\/radioljubuski.ba\/index.php\/2021\/12\/06\/kaufland-ogradom-visokom-dva-metra-odvojio-cijepljene-od-necijepljenih-oni-bez-covid-putovnice-mogu-kupiti-samo-osnovne-potrepstine\/","title":{"rendered":"Kaufland ogradom visokom dva metra odvojio cijepljene od necijepljenih, oni bez COVID putovnice mogu kupiti samo osnovne potrep\u0161tine!"},"content":{"rendered":"\n<p>Trgova\u010dki lanac Kaufland je izazvao skandal nakon \u0161to je u svojoj rumunjskoj podru\u017enici u gradu R\u00e2mnicu S\u0103rat postavio ogradu u visini od dva metra kako bi odvojio necijepljene od cijepljenih protiv koronavirusa.<\/p>\n\n\n\n<p>Na ulazu u trgovinu Kaufland postavljena je oznaka sa strelicom prema jednoj strani ograde i natpisom \u201cPristup Kauflandu\u201d. Druga strelica pokazuje na drugu stranu s napomenom: \u201cPristup trgovinama samo na osnovi zelene propusnice\u201d, odnosno COVID potvrde.<\/p>\n\n\n\n<p>Necijepljene osobe smiju i\u0107i u dio s prehranom kako bi kupili namirnice, sve ostalo ne smiju. Ljudi su \u0161okirani i zbunjeni mjerama.<\/p>\n\n\n\n<p>Tu vijest prvi je objavio rumunjski portal Digi24, a prenosi je&nbsp;<a href=\"https:\/\/fenix-magazin.de\/skandal-u-kauflandu-ogradom-u-visini-od-dva-metra-odvojili-cijepljene-od-necijepljenih\/?fbclid=IwAR3diUGciK1Jga6lYjmBjy48H0e_ABcF5ET3HZkbcpV3dqYQLTAjon67t38\" target=\"_blank\" rel=\"noreferrer noopener\">Feniks magazin<\/a>. O skandalu je progovorio i rumunjski zastupnik u Europskom parlamentu&nbsp;<strong>Cristian Terhe\u015f<\/strong>&nbsp;koji se upitao u kakvoj to Europi \u017eivi i \u017eeli li uop\u0107e takvu Europu.<\/p>\n\n\n\n<p>Terhe\u015f je u upozorio na dramati\u010dan razvoj situacije koja se trenuta\u010dno doga\u0111a u EU.<\/p>\n\n\n\n<h2 class=\"wp-block-heading\">NI U EUROPSKI PARLAMENT BEZ ZELENOGA CERTIFIKATA?!<\/h2>\n\n\n\n<p>\u2013 EU je na dobrom putu ka tiraniji, rekao je europarlamentarac i donio najnovije slike supermarketa Kaufland u Rumunjskoj za ilustraciju.<\/p>\n\n\n\n<p>\u2013 Tamo su kupci podijeljeni na \u201ccijepljene\u201d i \u201cnecijepljene\u201d i moraju kupovati u odvojenim podru\u010djima. Jedan od najva\u017enijih instrumenata na tom putu prema tiraniji je takozvani zeleni certifikat. Taj certifikat je, kada je uveden, \u201cgovorio\u201d da se ne smije koristiti za diskriminaciju ili kao sredstvo obveznog cijepljenja, \u0161to on danas i radi, ka\u017ee Terhesh.<\/p>\n\n\n\n<iframe loading=\"lazy\" src=\"https:\/\/www.facebook.com\/plugins\/post.php?href=https%3A%2F%2Fwww.facebook.com%2Flulu.suliman.3%2Fposts%2F4462457360512942&#038;show_text=true&#038;width=500\" width=\"500\" height=\"645\" style=\"border:none;overflow:hidden\" scrolling=\"no\" frameborder=\"0\" allowfullscreen=\"true\" allow=\"autoplay; clipboard-write; encrypted-media; picture-in-picture; web-share\"><\/iframe>\n\n\n\n<p>Krajem studenog Cristian Terhe\u015f je cijelu situaciju ilustrirao rije\u010dima: \u2013 Pogledajte gdje smo sada u studenom 2021.: ljudi u Europi ne mogu i\u0107i na posao bez zelenog certifikata, a u nekim zemljama ljudi koji nisu cijepljeni vi\u0161e ne smiju raditi ako nemaju zeleni certifikat, ljudi ne samo da vi\u0161e ne mogu putovati iz jedne zemlje u drugu, nego ne smiju ni koristiti lokalni prijevoz ako nemaju zeleni certifikat. U na\u0161em slu\u010daju nismo smjeli u\u0107i u Europski parlament, jer nismo imali zeleni certifikat.<\/p>\n\n\n\n<p>Za razliku od ve\u0107ine drugih europskih zemalja, cijepljeno stanovni\u0161tvo u Rumunjskoj je jo\u0161 uvijek u manjini. U zemlji koju je \u010detvrti val pogodio vi\u0161e nego bilo koju drugu, procijepljenost je samo 37,6 posto (podatak od 23. studenog).<\/p>\n\n\n\n<p>Slike iz rumunjske podru\u017enice Kauflanda su se brzo pro\u0161irile dru\u0161tvenim mre\u017eama.<\/p>\n\n\n\n<p>Kako javlja Digi24, djelatnici Ureda inspekcije rada proglasili su tu mjeru nezakonitom i zatra\u017eili uklanjanje ograda. Istovremeno su, me\u0111utim, naredili da se kupci razvrstavaju na ulazu u trgova\u010dki centar, pi\u0161e&nbsp;<a href=\"https:\/\/fenix-magazin.de\/skandal-u-kauflandu-ogradom-u-visini-od-dva-metra-odvojili-cijepljene-od-necijepljenih\/?fbclid=IwAR3diUGciK1Jga6lYjmBjy48H0e_ABcF5ET3HZkbcpV3dqYQLTAjon67t38\" target=\"_blank\" rel=\"noreferrer noopener\">Feniks magazin<\/a>.<\/p>\n\n\n\n<p><strong>PI\u0160E&nbsp;<\/strong>PSD<\/p>\n","protected":false},"excerpt":{"rendered":"<p>Trgova\u010dki lanac Kaufland je izazvao skandal nakon \u0161to je u svojoj rumunjskoj podru\u017enici u gradu R\u00e2mnicu S\u0103rat postavio ogradu u visini od dva metra kako bi odvojio necijepljene od cijepljenih protiv koronavirusa. Na ulazu u trgovinu Kaufland postavljena je oznaka sa strelicom prema jednoj strani ograde i natpisom \u201cPristup Kauflandu\u201d. Druga strelica pokazuje na drugu [&hellip;]<\/p>\n","protected":false},"author":2,"featured_media":96308,"comment_status":"closed","ping_status":"closed","sticky":false,"template":"","format":"standard","meta":{"h5ap_radio_sources":[],"footnotes":""},"categories":[1],"tags":[],"class_list":["post-96307","post","type-post","status-publish","format-standard","has-post-thumbnail","hentry","category-bihiregija"],"yoast_head":"<!-- This site is optimized with the Yoast SEO plugin v27.4 - https:\/\/yoast.com\/product\/yoast-seo-wordpress\/ -->\n<title>Kaufland ogradom visokom dva metra odvojio cijepljene od necijepljenih, oni bez COVID putovnice mogu kupiti samo osnovne potrep\u0161tine! - RADIO LJUBU\u0160KI<\/title>\n<meta name=\"robots\" content=\"index, follow, max-snippet:-1, max-image-preview:large, max-video-preview:-1\" \/>\n<link rel=\"canonical\" href=\"https:\/\/radioljubuski.ba\/index.php\/2021\/12\/06\/kaufland-ogradom-visokom-dva-metra-odvojio-cijepljene-od-necijepljenih-oni-bez-covid-putovnice-mogu-kupiti-samo-osnovne-potrepstine\/\" \/>\n<meta property=\"og:locale\" content=\"hr_HR\" \/>\n<meta property=\"og:type\" content=\"article\" \/>\n<meta property=\"og:title\" content=\"Kaufland ogradom visokom dva metra odvojio cijepljene od necijepljenih, oni bez COVID putovnice mogu kupiti samo osnovne potrep\u0161tine! - RADIO LJUBU\u0160KI\" \/>\n<meta property=\"og:description\" content=\"Trgova\u010dki lanac Kaufland je izazvao skandal nakon \u0161to je u svojoj rumunjskoj podru\u017enici u gradu R\u00e2mnicu S\u0103rat postavio ogradu u visini od dva metra kako bi odvojio necijepljene od cijepljenih protiv koronavirusa. Na ulazu u trgovinu Kaufland postavljena je oznaka sa strelicom prema jednoj strani ograde i natpisom \u201cPristup Kauflandu\u201d. Druga strelica pokazuje na drugu [&hellip;]\" \/>\n<meta property=\"og:url\" content=\"https:\/\/radioljubuski.ba\/index.php\/2021\/12\/06\/kaufland-ogradom-visokom-dva-metra-odvojio-cijepljene-od-necijepljenih-oni-bez-covid-putovnice-mogu-kupiti-samo-osnovne-potrepstine\/\" \/>\n<meta property=\"og:site_name\" content=\"RADIO LJUBU\u0160KI\" \/>\n<meta property=\"article:publisher\" content=\"https:\/\/www.facebook.com\/Radiio-Ljubuski-1490835324566332\" \/>\n<meta property=\"article:published_time\" content=\"2021-12-05T23:07:02+00:00\" \/>\n<meta property=\"article:modified_time\" content=\"2021-12-05T23:07:03+00:00\" \/>\n<meta property=\"og:image\" content=\"https:\/\/radioljubuski.ba\/wp-content\/uploads\/2021\/12\/o_20231552_1024.png\" \/>\n\t<meta property=\"og:image:width\" content=\"1024\" \/>\n\t<meta property=\"og:image:height\" content=\"516\" \/>\n\t<meta property=\"og:image:type\" content=\"image\/png\" \/>\n<meta name=\"author\" content=\"Radio Ljubu\u0161ki\" \/>\n<meta name=\"twitter:card\" content=\"summary_large_image\" \/>\n<meta name=\"twitter:creator\" content=\"@radioljubuski\" \/>\n<meta name=\"twitter:site\" content=\"@radioljubuski\" \/>\n<meta name=\"twitter:label1\" content=\"Napisao\/la\" \/>\n\t<meta name=\"twitter:data1\" content=\"Radio Ljubu\u0161ki\" \/>\n\t<meta name=\"twitter:label2\" content=\"Procijenjeno vrijeme \u010ditanja\" \/>\n\t<meta name=\"twitter:data2\" content=\"2 minute\" \/>\n<script type=\"application\/ld+json\" class=\"yoast-schema-graph\">{\"@context\":\"https:\\\/\\\/schema.org\",\"@graph\":[{\"@type\":\"Article\",\"@id\":\"https:\\\/\\\/radioljubuski.ba\\\/index.php\\\/2021\\\/12\\\/06\\\/kaufland-ogradom-visokom-dva-metra-odvojio-cijepljene-od-necijepljenih-oni-bez-covid-putovnice-mogu-kupiti-samo-osnovne-potrepstine\\\/#article\",\"isPartOf\":{\"@id\":\"https:\\\/\\\/radioljubuski.ba\\\/index.php\\\/2021\\\/12\\\/06\\\/kaufland-ogradom-visokom-dva-metra-odvojio-cijepljene-od-necijepljenih-oni-bez-covid-putovnice-mogu-kupiti-samo-osnovne-potrepstine\\\/\"},\"author\":{\"name\":\"Radio Ljubu\u0161ki\",\"@id\":\"https:\\\/\\\/radioljubuski.ba\\\/#\\\/schema\\\/person\\\/19fc700381a780f69665d7956c469e3b\"},\"headline\":\"Kaufland ogradom visokom dva metra odvojio cijepljene od necijepljenih, oni bez COVID putovnice mogu kupiti samo osnovne potrep\u0161tine!\",\"datePublished\":\"2021-12-05T23:07:02+00:00\",\"dateModified\":\"2021-12-05T23:07:03+00:00\",\"mainEntityOfPage\":{\"@id\":\"https:\\\/\\\/radioljubuski.ba\\\/index.php\\\/2021\\\/12\\\/06\\\/kaufland-ogradom-visokom-dva-metra-odvojio-cijepljene-od-necijepljenih-oni-bez-covid-putovnice-mogu-kupiti-samo-osnovne-potrepstine\\\/\"},\"wordCount\":438,\"publisher\":{\"@id\":\"https:\\\/\\\/radioljubuski.ba\\\/#organization\"},\"image\":{\"@id\":\"https:\\\/\\\/radioljubuski.ba\\\/index.php\\\/2021\\\/12\\\/06\\\/kaufland-ogradom-visokom-dva-metra-odvojio-cijepljene-od-necijepljenih-oni-bez-covid-putovnice-mogu-kupiti-samo-osnovne-potrepstine\\\/#primaryimage\"},\"thumbnailUrl\":\"https:\\\/\\\/radioljubuski.ba\\\/wp-content\\\/uploads\\\/2021\\\/12\\\/o_20231552_1024.png\",\"articleSection\":[\"BIH i regija\"],\"inLanguage\":\"hr\"},{\"@type\":\"WebPage\",\"@id\":\"https:\\\/\\\/radioljubuski.ba\\\/index.php\\\/2021\\\/12\\\/06\\\/kaufland-ogradom-visokom-dva-metra-odvojio-cijepljene-od-necijepljenih-oni-bez-covid-putovnice-mogu-kupiti-samo-osnovne-potrepstine\\\/\",\"url\":\"https:\\\/\\\/radioljubuski.ba\\\/index.php\\\/2021\\\/12\\\/06\\\/kaufland-ogradom-visokom-dva-metra-odvojio-cijepljene-od-necijepljenih-oni-bez-covid-putovnice-mogu-kupiti-samo-osnovne-potrepstine\\\/\",\"name\":\"Kaufland ogradom visokom dva metra odvojio cijepljene od necijepljenih, oni bez COVID putovnice mogu kupiti samo osnovne potrep\u0161tine! - RADIO LJUBU\u0160KI\",\"isPartOf\":{\"@id\":\"https:\\\/\\\/radioljubuski.ba\\\/#website\"},\"primaryImageOfPage\":{\"@id\":\"https:\\\/\\\/radioljubuski.ba\\\/index.php\\\/2021\\\/12\\\/06\\\/kaufland-ogradom-visokom-dva-metra-odvojio-cijepljene-od-necijepljenih-oni-bez-covid-putovnice-mogu-kupiti-samo-osnovne-potrepstine\\\/#primaryimage\"},\"image\":{\"@id\":\"https:\\\/\\\/radioljubuski.ba\\\/index.php\\\/2021\\\/12\\\/06\\\/kaufland-ogradom-visokom-dva-metra-odvojio-cijepljene-od-necijepljenih-oni-bez-covid-putovnice-mogu-kupiti-samo-osnovne-potrepstine\\\/#primaryimage\"},\"thumbnailUrl\":\"https:\\\/\\\/radioljubuski.ba\\\/wp-content\\\/uploads\\\/2021\\\/12\\\/o_20231552_1024.png\",\"datePublished\":\"2021-12-05T23:07:02+00:00\",\"dateModified\":\"2021-12-05T23:07:03+00:00\",\"breadcrumb\":{\"@id\":\"https:\\\/\\\/radioljubuski.ba\\\/index.php\\\/2021\\\/12\\\/06\\\/kaufland-ogradom-visokom-dva-metra-odvojio-cijepljene-od-necijepljenih-oni-bez-covid-putovnice-mogu-kupiti-samo-osnovne-potrepstine\\\/#breadcrumb\"},\"inLanguage\":\"hr\",\"potentialAction\":[{\"@type\":\"ReadAction\",\"target\":[\"https:\\\/\\\/radioljubuski.ba\\\/index.php\\\/2021\\\/12\\\/06\\\/kaufland-ogradom-visokom-dva-metra-odvojio-cijepljene-od-necijepljenih-oni-bez-covid-putovnice-mogu-kupiti-samo-osnovne-potrepstine\\\/\"]}]},{\"@type\":\"ImageObject\",\"inLanguage\":\"hr\",\"@id\":\"https:\\\/\\\/radioljubuski.ba\\\/index.php\\\/2021\\\/12\\\/06\\\/kaufland-ogradom-visokom-dva-metra-odvojio-cijepljene-od-necijepljenih-oni-bez-covid-putovnice-mogu-kupiti-samo-osnovne-potrepstine\\\/#primaryimage\",\"url\":\"https:\\\/\\\/radioljubuski.ba\\\/wp-content\\\/uploads\\\/2021\\\/12\\\/o_20231552_1024.png\",\"contentUrl\":\"https:\\\/\\\/radioljubuski.ba\\\/wp-content\\\/uploads\\\/2021\\\/12\\\/o_20231552_1024.png\",\"width\":1024,\"height\":516},{\"@type\":\"BreadcrumbList\",\"@id\":\"https:\\\/\\\/radioljubuski.ba\\\/index.php\\\/2021\\\/12\\\/06\\\/kaufland-ogradom-visokom-dva-metra-odvojio-cijepljene-od-necijepljenih-oni-bez-covid-putovnice-mogu-kupiti-samo-osnovne-potrepstine\\\/#breadcrumb\",\"itemListElement\":[{\"@type\":\"ListItem\",\"position\":1,\"name\":\"Po\u010detna stranica\",\"item\":\"https:\\\/\\\/radioljubuski.ba\\\/\"},{\"@type\":\"ListItem\",\"position\":2,\"name\":\"Kaufland ogradom visokom dva metra odvojio cijepljene od necijepljenih, oni bez COVID putovnice mogu kupiti samo osnovne potrep\u0161tine!\"}]},{\"@type\":\"WebSite\",\"@id\":\"https:\\\/\\\/radioljubuski.ba\\\/#website\",\"url\":\"https:\\\/\\\/radioljubuski.ba\\\/\",\"name\":\"Radio Ljubu\u0161ki\",\"description\":\"Sun\u010dana frekvencija Hercegovine\",\"publisher\":{\"@id\":\"https:\\\/\\\/radioljubuski.ba\\\/#organization\"},\"potentialAction\":[{\"@type\":\"SearchAction\",\"target\":{\"@type\":\"EntryPoint\",\"urlTemplate\":\"https:\\\/\\\/radioljubuski.ba\\\/?s={search_term_string}\"},\"query-input\":{\"@type\":\"PropertyValueSpecification\",\"valueRequired\":true,\"valueName\":\"search_term_string\"}}],\"inLanguage\":\"hr\"},{\"@type\":\"Organization\",\"@id\":\"https:\\\/\\\/radioljubuski.ba\\\/#organization\",\"name\":\"Radio Ljubu\u0161ki\",\"url\":\"https:\\\/\\\/radioljubuski.ba\\\/\",\"logo\":{\"@type\":\"ImageObject\",\"inLanguage\":\"hr\",\"@id\":\"https:\\\/\\\/radioljubuski.ba\\\/#\\\/schema\\\/logo\\\/image\\\/\",\"url\":\"https:\\\/\\\/radioljubuski.ba\\\/wp-content\\\/uploads\\\/2021\\\/02\\\/cropped-Radio_Ljubuski_logo1.jpg\",\"contentUrl\":\"https:\\\/\\\/radioljubuski.ba\\\/wp-content\\\/uploads\\\/2021\\\/02\\\/cropped-Radio_Ljubuski_logo1.jpg\",\"width\":512,\"height\":512,\"caption\":\"Radio Ljubu\u0161ki\"},\"image\":{\"@id\":\"https:\\\/\\\/radioljubuski.ba\\\/#\\\/schema\\\/logo\\\/image\\\/\"},\"sameAs\":[\"https:\\\/\\\/www.facebook.com\\\/Radiio-Ljubuski-1490835324566332\",\"https:\\\/\\\/x.com\\\/radioljubuski\",\"https:\\\/\\\/hr.linkedin.com\\\/company\\\/radio-ljubuski\",\"https:\\\/\\\/www.youtube.com\\\/channel\\\/UCHYaeO_n0Db3tjNGudGpXyw\"]},{\"@type\":\"Person\",\"@id\":\"https:\\\/\\\/radioljubuski.ba\\\/#\\\/schema\\\/person\\\/19fc700381a780f69665d7956c469e3b\",\"name\":\"Radio Ljubu\u0161ki\"}]}<\/script>\n<!-- \/ Yoast SEO plugin. -->","yoast_head_json":{"title":"Kaufland ogradom visokom dva metra odvojio cijepljene od necijepljenih, oni bez COVID putovnice mogu kupiti samo osnovne potrep\u0161tine! - RADIO LJUBU\u0160KI","robots":{"index":"index","follow":"follow","max-snippet":"max-snippet:-1","max-image-preview":"max-image-preview:large","max-video-preview":"max-video-preview:-1"},"canonical":"https:\/\/radioljubuski.ba\/index.php\/2021\/12\/06\/kaufland-ogradom-visokom-dva-metra-odvojio-cijepljene-od-necijepljenih-oni-bez-covid-putovnice-mogu-kupiti-samo-osnovne-potrepstine\/","og_locale":"hr_HR","og_type":"article","og_title":"Kaufland ogradom visokom dva metra odvojio cijepljene od necijepljenih, oni bez COVID putovnice mogu kupiti samo osnovne potrep\u0161tine! - RADIO LJUBU\u0160KI","og_description":"Trgova\u010dki lanac Kaufland je izazvao skandal nakon \u0161to je u svojoj rumunjskoj podru\u017enici u gradu R\u00e2mnicu S\u0103rat postavio ogradu u visini od dva metra kako bi odvojio necijepljene od cijepljenih protiv koronavirusa. Na ulazu u trgovinu Kaufland postavljena je oznaka sa strelicom prema jednoj strani ograde i natpisom \u201cPristup Kauflandu\u201d. Druga strelica pokazuje na drugu [&hellip;]","og_url":"https:\/\/radioljubuski.ba\/index.php\/2021\/12\/06\/kaufland-ogradom-visokom-dva-metra-odvojio-cijepljene-od-necijepljenih-oni-bez-covid-putovnice-mogu-kupiti-samo-osnovne-potrepstine\/","og_site_name":"RADIO LJUBU\u0160KI","article_publisher":"https:\/\/www.facebook.com\/Radiio-Ljubuski-1490835324566332","article_published_time":"2021-12-05T23:07:02+00:00","article_modified_time":"2021-12-05T23:07:03+00:00","og_image":[{"width":1024,"height":516,"url":"https:\/\/radioljubuski.ba\/wp-content\/uploads\/2021\/12\/o_20231552_1024.png","type":"image\/png"}],"author":"Radio Ljubu\u0161ki","twitter_card":"summary_large_image","twitter_creator":"@radioljubuski","twitter_site":"@radioljubuski","twitter_misc":{"Napisao\/la":"Radio Ljubu\u0161ki","Procijenjeno vrijeme \u010ditanja":"2 minute"},"schema":{"@context":"https:\/\/schema.org","@graph":[{"@type":"Article","@id":"https:\/\/radioljubuski.ba\/index.php\/2021\/12\/06\/kaufland-ogradom-visokom-dva-metra-odvojio-cijepljene-od-necijepljenih-oni-bez-covid-putovnice-mogu-kupiti-samo-osnovne-potrepstine\/#article","isPartOf":{"@id":"https:\/\/radioljubuski.ba\/index.php\/2021\/12\/06\/kaufland-ogradom-visokom-dva-metra-odvojio-cijepljene-od-necijepljenih-oni-bez-covid-putovnice-mogu-kupiti-samo-osnovne-potrepstine\/"},"author":{"name":"Radio Ljubu\u0161ki","@id":"https:\/\/radioljubuski.ba\/#\/schema\/person\/19fc700381a780f69665d7956c469e3b"},"headline":"Kaufland ogradom visokom dva metra odvojio cijepljene od necijepljenih, oni bez COVID putovnice mogu kupiti samo osnovne potrep\u0161tine!","datePublished":"2021-12-05T23:07:02+00:00","dateModified":"2021-12-05T23:07:03+00:00","mainEntityOfPage":{"@id":"https:\/\/radioljubuski.ba\/index.php\/2021\/12\/06\/kaufland-ogradom-visokom-dva-metra-odvojio-cijepljene-od-necijepljenih-oni-bez-covid-putovnice-mogu-kupiti-samo-osnovne-potrepstine\/"},"wordCount":438,"publisher":{"@id":"https:\/\/radioljubuski.ba\/#organization"},"image":{"@id":"https:\/\/radioljubuski.ba\/index.php\/2021\/12\/06\/kaufland-ogradom-visokom-dva-metra-odvojio-cijepljene-od-necijepljenih-oni-bez-covid-putovnice-mogu-kupiti-samo-osnovne-potrepstine\/#primaryimage"},"thumbnailUrl":"https:\/\/radioljubuski.ba\/wp-content\/uploads\/2021\/12\/o_20231552_1024.png","articleSection":["BIH i regija"],"inLanguage":"hr"},{"@type":"WebPage","@id":"https:\/\/radioljubuski.ba\/index.php\/2021\/12\/06\/kaufland-ogradom-visokom-dva-metra-odvojio-cijepljene-od-necijepljenih-oni-bez-covid-putovnice-mogu-kupiti-samo-osnovne-potrepstine\/","url":"https:\/\/radioljubuski.ba\/index.php\/2021\/12\/06\/kaufland-ogradom-visokom-dva-metra-odvojio-cijepljene-od-necijepljenih-oni-bez-covid-putovnice-mogu-kupiti-samo-osnovne-potrepstine\/","name":"Kaufland ogradom visokom dva metra odvojio cijepljene od necijepljenih, oni bez COVID putovnice mogu kupiti samo osnovne potrep\u0161tine! - RADIO LJUBU\u0160KI","isPartOf":{"@id":"https:\/\/radioljubuski.ba\/#website"},"primaryImageOfPage":{"@id":"https:\/\/radioljubuski.ba\/index.php\/2021\/12\/06\/kaufland-ogradom-visokom-dva-metra-odvojio-cijepljene-od-necijepljenih-oni-bez-covid-putovnice-mogu-kupiti-samo-osnovne-potrepstine\/#primaryimage"},"image":{"@id":"https:\/\/radioljubuski.ba\/index.php\/2021\/12\/06\/kaufland-ogradom-visokom-dva-metra-odvojio-cijepljene-od-necijepljenih-oni-bez-covid-putovnice-mogu-kupiti-samo-osnovne-potrepstine\/#primaryimage"},"thumbnailUrl":"https:\/\/radioljubuski.ba\/wp-content\/uploads\/2021\/12\/o_20231552_1024.png","datePublished":"2021-12-05T23:07:02+00:00","dateModified":"2021-12-05T23:07:03+00:00","breadcrumb":{"@id":"https:\/\/radioljubuski.ba\/index.php\/2021\/12\/06\/kaufland-ogradom-visokom-dva-metra-odvojio-cijepljene-od-necijepljenih-oni-bez-covid-putovnice-mogu-kupiti-samo-osnovne-potrepstine\/#breadcrumb"},"inLanguage":"hr","potentialAction":[{"@type":"ReadAction","target":["https:\/\/radioljubuski.ba\/index.php\/2021\/12\/06\/kaufland-ogradom-visokom-dva-metra-odvojio-cijepljene-od-necijepljenih-oni-bez-covid-putovnice-mogu-kupiti-samo-osnovne-potrepstine\/"]}]},{"@type":"ImageObject","inLanguage":"hr","@id":"https:\/\/radioljubuski.ba\/index.php\/2021\/12\/06\/kaufland-ogradom-visokom-dva-metra-odvojio-cijepljene-od-necijepljenih-oni-bez-covid-putovnice-mogu-kupiti-samo-osnovne-potrepstine\/#primaryimage","url":"https:\/\/radioljubuski.ba\/wp-content\/uploads\/2021\/12\/o_20231552_1024.png","contentUrl":"https:\/\/radioljubuski.ba\/wp-content\/uploads\/2021\/12\/o_20231552_1024.png","width":1024,"height":516},{"@type":"BreadcrumbList","@id":"https:\/\/radioljubuski.ba\/index.php\/2021\/12\/06\/kaufland-ogradom-visokom-dva-metra-odvojio-cijepljene-od-necijepljenih-oni-bez-covid-putovnice-mogu-kupiti-samo-osnovne-potrepstine\/#breadcrumb","itemListElement":[{"@type":"ListItem","position":1,"name":"Po\u010detna stranica","item":"https:\/\/radioljubuski.ba\/"},{"@type":"ListItem","position":2,"name":"Kaufland ogradom visokom dva metra odvojio cijepljene od necijepljenih, oni bez COVID putovnice mogu kupiti samo osnovne potrep\u0161tine!"}]},{"@type":"WebSite","@id":"https:\/\/radioljubuski.ba\/#website","url":"https:\/\/radioljubuski.ba\/","name":"Radio Ljubu\u0161ki","description":"Sun\u010dana frekvencija Hercegovine","publisher":{"@id":"https:\/\/radioljubuski.ba\/#organization"},"potentialAction":[{"@type":"SearchAction","target":{"@type":"EntryPoint","urlTemplate":"https:\/\/radioljubuski.ba\/?s={search_term_string}"},"query-input":{"@type":"PropertyValueSpecification","valueRequired":true,"valueName":"search_term_string"}}],"inLanguage":"hr"},{"@type":"Organization","@id":"https:\/\/radioljubuski.ba\/#organization","name":"Radio Ljubu\u0161ki","url":"https:\/\/radioljubuski.ba\/","logo":{"@type":"ImageObject","inLanguage":"hr","@id":"https:\/\/radioljubuski.ba\/#\/schema\/logo\/image\/","url":"https:\/\/radioljubuski.ba\/wp-content\/uploads\/2021\/02\/cropped-Radio_Ljubuski_logo1.jpg","contentUrl":"https:\/\/radioljubuski.ba\/wp-content\/uploads\/2021\/02\/cropped-Radio_Ljubuski_logo1.jpg","width":512,"height":512,"caption":"Radio Ljubu\u0161ki"},"image":{"@id":"https:\/\/radioljubuski.ba\/#\/schema\/logo\/image\/"},"sameAs":["https:\/\/www.facebook.com\/Radiio-Ljubuski-1490835324566332","https:\/\/x.com\/radioljubuski","https:\/\/hr.linkedin.com\/company\/radio-ljubuski","https:\/\/www.youtube.com\/channel\/UCHYaeO_n0Db3tjNGudGpXyw"]},{"@type":"Person","@id":"https:\/\/radioljubuski.ba\/#\/schema\/person\/19fc700381a780f69665d7956c469e3b","name":"Radio Ljubu\u0161ki"}]}},"_links":{"self":[{"href":"https:\/\/radioljubuski.ba\/index.php\/wp-json\/wp\/v2\/posts\/96307","targetHints":{"allow":["GET"]}}],"collection":[{"href":"https:\/\/radioljubuski.ba\/index.php\/wp-json\/wp\/v2\/posts"}],"about":[{"href":"https:\/\/radioljubuski.ba\/index.php\/wp-json\/wp\/v2\/types\/post"}],"author":[{"embeddable":true,"href":"https:\/\/radioljubuski.ba\/index.php\/wp-json\/wp\/v2\/users\/2"}],"replies":[{"embeddable":true,"href":"https:\/\/radioljubuski.ba\/index.php\/wp-json\/wp\/v2\/comments?post=96307"}],"version-history":[{"count":1,"href":"https:\/\/radioljubuski.ba\/index.php\/wp-json\/wp\/v2\/posts\/96307\/revisions"}],"predecessor-version":[{"id":96309,"href":"https:\/\/radioljubuski.ba\/index.php\/wp-json\/wp\/v2\/posts\/96307\/revisions\/96309"}],"wp:featuredmedia":[{"embeddable":true,"href":"https:\/\/radioljubuski.ba\/index.php\/wp-json\/wp\/v2\/media\/96308"}],"wp:attachment":[{"href":"https:\/\/radioljubuski.ba\/index.php\/wp-json\/wp\/v2\/media?parent=96307"}],"wp:term":[{"taxonomy":"category","embeddable":true,"href":"https:\/\/radioljubuski.ba\/index.php\/wp-json\/wp\/v2\/categories?post=96307"},{"taxonomy":"post_tag","embeddable":true,"href":"https:\/\/radioljubuski.ba\/index.php\/wp-json\/wp\/v2\/tags?post=96307"}],"curies":[{"name":"wp","href":"https:\/\/api.w.org\/{rel}","templated":true}]}}