{"id":96366,"date":"2021-12-06T00:47:45","date_gmt":"2021-12-05T23:47:45","guid":{"rendered":"https:\/\/radioljubuski.ba\/?p=96366"},"modified":"2021-12-06T00:47:47","modified_gmt":"2021-12-05T23:47:47","slug":"papa-franjo-posjetio-izbjeglice-i-sluzio-misu-u-ateni","status":"publish","type":"post","link":"https:\/\/radioljubuski.ba\/index.php\/2021\/12\/06\/papa-franjo-posjetio-izbjeglice-i-sluzio-misu-u-ateni\/","title":{"rendered":"Papa Franjo posjetio izbjeglice i slu\u017eio misu u Ateni"},"content":{"rendered":"\n<p><strong>Papa Franjo posjetio je gr\u010dki otok Lezbos, kako bi pru\u017eio utjehu tisu\u0107ama ljudi u tamo\u0161njem migrantskom kampu. Rekao je kako se ne smije dopustiti da Mediteran postane more smrti te je osudio politi\u010dare koji se izbjeglicama i migrantima koriste u svrhu politi\u010dke propagande. Potom je u Ateni odr\u017eao misu u koncertnoj dvorani Megaron.&nbsp;<\/strong><\/p>\n\n\n\n<p>Na misi je istaknuo da Bog voli ono \u0161to je &#8220;maleno i ponizno&#8221;, izvijestila je francuska novinska agencija.\u00a0Oko velike koncertne dvorane Megaron, koju je nadlijetao helikopter, na snazi su bile drakonske sigurnosne mjere. \u010cetiri policijska vozila zaprije\u010dila su promet, najbli\u017ea stanica podzemne \u017eeljeznice je bila zatvorena, a policajci su na ulazu pregledavali pozivnice i covid propusnice.<br><br>U homiliji koja se prevodila na gr\u010dki na panou iznad velikih orgulja, Papa je istaknuo da &#8220;Gospodin voli ono \u0161to je maleno i ponizno&#8221;.<br><br>&#8211; Nije rije\u010d o tome da budemo maleni i malobrojni, ve\u0107 da se otvorimo Bogu i drugim ljudima, dodao je Sveti Otac obra\u0107aju\u0107i se 2000 vjernika, kojih je 900 bilo u najve\u0107oj dvorani zbog epidemiolo\u0161kih mjera.<br><br>Papa se nave\u010der, drugi put tijekom boravka u Gr\u010dkoj, sastao s poglavarom Gr\u010dke pravoslavne crkve, atenskim arhiepiskopom Jeronimom II.\u00a0U ponedjeljak oko podneva, nakon posljednjeg susreta s mladima u katoli\u010dkoj \u0161koli, papa Franjo \u0107e se iz Atene vratiti u Rim.<\/p>\n\n\n\n<div style=\"width: 640px;\" class=\"wp-video\"><video class=\"wp-video-shortcode\" id=\"video-96366-1\" width=\"640\" height=\"360\" preload=\"metadata\" controls=\"controls\"><source type=\"video\/mp4\" src=\"https:\/\/api.hrt.hr\/media\/35\/83\/tvd2-papa01-20211205232307.mp4?_=1\" \/><a href=\"https:\/\/api.hrt.hr\/media\/35\/83\/tvd2-papa01-20211205232307.mp4\">https:\/\/api.hrt.hr\/media\/35\/83\/tvd2-papa01-20211205232307.mp4<\/a><\/video><\/div>\n\n\n\n<p>Izvor:hrt.hr<\/p>\n","protected":false},"excerpt":{"rendered":"<p>Papa Franjo posjetio je gr\u010dki otok Lezbos, kako bi pru\u017eio utjehu tisu\u0107ama ljudi u tamo\u0161njem migrantskom kampu. Rekao je kako se ne smije dopustiti da Mediteran postane more smrti te je osudio politi\u010dare koji se izbjeglicama i migrantima koriste u svrhu politi\u010dke propagande. Potom je u Ateni odr\u017eao misu u koncertnoj dvorani Megaron.&nbsp; Na misi [&hellip;]<\/p>\n","protected":false},"author":2,"featured_media":96367,"comment_status":"closed","ping_status":"closed","sticky":false,"template":"","format":"standard","meta":{"h5ap_radio_sources":[],"footnotes":""},"categories":[1],"tags":[],"class_list":["post-96366","post","type-post","status-publish","format-standard","has-post-thumbnail","hentry","category-bihiregija"],"yoast_head":"<!-- This site is optimized with the Yoast SEO plugin v27.4 - https:\/\/yoast.com\/product\/yoast-seo-wordpress\/ -->\n<title>Papa Franjo posjetio izbjeglice i slu\u017eio misu u Ateni - RADIO LJUBU\u0160KI<\/title>\n<meta name=\"robots\" content=\"index, follow, max-snippet:-1, max-image-preview:large, max-video-preview:-1\" \/>\n<link rel=\"canonical\" href=\"https:\/\/radioljubuski.ba\/index.php\/2021\/12\/06\/papa-franjo-posjetio-izbjeglice-i-sluzio-misu-u-ateni\/\" \/>\n<meta property=\"og:locale\" content=\"hr_HR\" \/>\n<meta property=\"og:type\" content=\"article\" \/>\n<meta property=\"og:title\" content=\"Papa Franjo posjetio izbjeglice i slu\u017eio misu u Ateni - RADIO LJUBU\u0160KI\" \/>\n<meta property=\"og:description\" content=\"Papa Franjo posjetio je gr\u010dki otok Lezbos, kako bi pru\u017eio utjehu tisu\u0107ama ljudi u tamo\u0161njem migrantskom kampu. Rekao je kako se ne smije dopustiti da Mediteran postane more smrti te je osudio politi\u010dare koji se izbjeglicama i migrantima koriste u svrhu politi\u010dke propagande. Potom je u Ateni odr\u017eao misu u koncertnoj dvorani Megaron.&nbsp; Na misi [&hellip;]\" \/>\n<meta property=\"og:url\" content=\"https:\/\/radioljubuski.ba\/index.php\/2021\/12\/06\/papa-franjo-posjetio-izbjeglice-i-sluzio-misu-u-ateni\/\" \/>\n<meta property=\"og:site_name\" content=\"RADIO LJUBU\u0160KI\" \/>\n<meta property=\"article:publisher\" content=\"https:\/\/www.facebook.com\/Radiio-Ljubuski-1490835324566332\" \/>\n<meta property=\"article:published_time\" content=\"2021-12-05T23:47:45+00:00\" \/>\n<meta property=\"article:modified_time\" content=\"2021-12-05T23:47:47+00:00\" \/>\n<meta property=\"og:image\" content=\"https:\/\/radioljubuski.ba\/wp-content\/uploads\/2021\/12\/papagrcka51221w-20211205232120.jpg\" \/>\n\t<meta property=\"og:image:width\" content=\"1349\" \/>\n\t<meta property=\"og:image:height\" content=\"859\" \/>\n\t<meta property=\"og:image:type\" content=\"image\/jpeg\" \/>\n<meta name=\"author\" content=\"Radio Ljubu\u0161ki\" \/>\n<meta name=\"twitter:card\" content=\"summary_large_image\" \/>\n<meta name=\"twitter:creator\" content=\"@radioljubuski\" \/>\n<meta name=\"twitter:site\" content=\"@radioljubuski\" \/>\n<meta name=\"twitter:label1\" content=\"Napisao\/la\" \/>\n\t<meta name=\"twitter:data1\" content=\"Radio Ljubu\u0161ki\" \/>\n\t<meta name=\"twitter:label2\" content=\"Procijenjeno vrijeme \u010ditanja\" \/>\n\t<meta name=\"twitter:data2\" content=\"1 minuta\" \/>\n<script type=\"application\/ld+json\" class=\"yoast-schema-graph\">{\"@context\":\"https:\\\/\\\/schema.org\",\"@graph\":[{\"@type\":\"Article\",\"@id\":\"https:\\\/\\\/radioljubuski.ba\\\/index.php\\\/2021\\\/12\\\/06\\\/papa-franjo-posjetio-izbjeglice-i-sluzio-misu-u-ateni\\\/#article\",\"isPartOf\":{\"@id\":\"https:\\\/\\\/radioljubuski.ba\\\/index.php\\\/2021\\\/12\\\/06\\\/papa-franjo-posjetio-izbjeglice-i-sluzio-misu-u-ateni\\\/\"},\"author\":{\"name\":\"Radio Ljubu\u0161ki\",\"@id\":\"https:\\\/\\\/radioljubuski.ba\\\/#\\\/schema\\\/person\\\/19fc700381a780f69665d7956c469e3b\"},\"headline\":\"Papa Franjo posjetio izbjeglice i slu\u017eio misu u Ateni\",\"datePublished\":\"2021-12-05T23:47:45+00:00\",\"dateModified\":\"2021-12-05T23:47:47+00:00\",\"mainEntityOfPage\":{\"@id\":\"https:\\\/\\\/radioljubuski.ba\\\/index.php\\\/2021\\\/12\\\/06\\\/papa-franjo-posjetio-izbjeglice-i-sluzio-misu-u-ateni\\\/\"},\"wordCount\":249,\"publisher\":{\"@id\":\"https:\\\/\\\/radioljubuski.ba\\\/#organization\"},\"image\":{\"@id\":\"https:\\\/\\\/radioljubuski.ba\\\/index.php\\\/2021\\\/12\\\/06\\\/papa-franjo-posjetio-izbjeglice-i-sluzio-misu-u-ateni\\\/#primaryimage\"},\"thumbnailUrl\":\"https:\\\/\\\/radioljubuski.ba\\\/wp-content\\\/uploads\\\/2021\\\/12\\\/papagrcka51221w-20211205232120.jpg\",\"articleSection\":[\"BIH i regija\"],\"inLanguage\":\"hr\"},{\"@type\":\"WebPage\",\"@id\":\"https:\\\/\\\/radioljubuski.ba\\\/index.php\\\/2021\\\/12\\\/06\\\/papa-franjo-posjetio-izbjeglice-i-sluzio-misu-u-ateni\\\/\",\"url\":\"https:\\\/\\\/radioljubuski.ba\\\/index.php\\\/2021\\\/12\\\/06\\\/papa-franjo-posjetio-izbjeglice-i-sluzio-misu-u-ateni\\\/\",\"name\":\"Papa Franjo posjetio izbjeglice i slu\u017eio misu u Ateni - RADIO LJUBU\u0160KI\",\"isPartOf\":{\"@id\":\"https:\\\/\\\/radioljubuski.ba\\\/#website\"},\"primaryImageOfPage\":{\"@id\":\"https:\\\/\\\/radioljubuski.ba\\\/index.php\\\/2021\\\/12\\\/06\\\/papa-franjo-posjetio-izbjeglice-i-sluzio-misu-u-ateni\\\/#primaryimage\"},\"image\":{\"@id\":\"https:\\\/\\\/radioljubuski.ba\\\/index.php\\\/2021\\\/12\\\/06\\\/papa-franjo-posjetio-izbjeglice-i-sluzio-misu-u-ateni\\\/#primaryimage\"},\"thumbnailUrl\":\"https:\\\/\\\/radioljubuski.ba\\\/wp-content\\\/uploads\\\/2021\\\/12\\\/papagrcka51221w-20211205232120.jpg\",\"datePublished\":\"2021-12-05T23:47:45+00:00\",\"dateModified\":\"2021-12-05T23:47:47+00:00\",\"breadcrumb\":{\"@id\":\"https:\\\/\\\/radioljubuski.ba\\\/index.php\\\/2021\\\/12\\\/06\\\/papa-franjo-posjetio-izbjeglice-i-sluzio-misu-u-ateni\\\/#breadcrumb\"},\"inLanguage\":\"hr\",\"potentialAction\":[{\"@type\":\"ReadAction\",\"target\":[\"https:\\\/\\\/radioljubuski.ba\\\/index.php\\\/2021\\\/12\\\/06\\\/papa-franjo-posjetio-izbjeglice-i-sluzio-misu-u-ateni\\\/\"]}]},{\"@type\":\"ImageObject\",\"inLanguage\":\"hr\",\"@id\":\"https:\\\/\\\/radioljubuski.ba\\\/index.php\\\/2021\\\/12\\\/06\\\/papa-franjo-posjetio-izbjeglice-i-sluzio-misu-u-ateni\\\/#primaryimage\",\"url\":\"https:\\\/\\\/radioljubuski.ba\\\/wp-content\\\/uploads\\\/2021\\\/12\\\/papagrcka51221w-20211205232120.jpg\",\"contentUrl\":\"https:\\\/\\\/radioljubuski.ba\\\/wp-content\\\/uploads\\\/2021\\\/12\\\/papagrcka51221w-20211205232120.jpg\",\"width\":1349,\"height\":859},{\"@type\":\"BreadcrumbList\",\"@id\":\"https:\\\/\\\/radioljubuski.ba\\\/index.php\\\/2021\\\/12\\\/06\\\/papa-franjo-posjetio-izbjeglice-i-sluzio-misu-u-ateni\\\/#breadcrumb\",\"itemListElement\":[{\"@type\":\"ListItem\",\"position\":1,\"name\":\"Po\u010detna stranica\",\"item\":\"https:\\\/\\\/radioljubuski.ba\\\/\"},{\"@type\":\"ListItem\",\"position\":2,\"name\":\"Papa Franjo posjetio izbjeglice i slu\u017eio misu u Ateni\"}]},{\"@type\":\"WebSite\",\"@id\":\"https:\\\/\\\/radioljubuski.ba\\\/#website\",\"url\":\"https:\\\/\\\/radioljubuski.ba\\\/\",\"name\":\"Radio Ljubu\u0161ki\",\"description\":\"Sun\u010dana frekvencija Hercegovine\",\"publisher\":{\"@id\":\"https:\\\/\\\/radioljubuski.ba\\\/#organization\"},\"potentialAction\":[{\"@type\":\"SearchAction\",\"target\":{\"@type\":\"EntryPoint\",\"urlTemplate\":\"https:\\\/\\\/radioljubuski.ba\\\/?s={search_term_string}\"},\"query-input\":{\"@type\":\"PropertyValueSpecification\",\"valueRequired\":true,\"valueName\":\"search_term_string\"}}],\"inLanguage\":\"hr\"},{\"@type\":\"Organization\",\"@id\":\"https:\\\/\\\/radioljubuski.ba\\\/#organization\",\"name\":\"Radio Ljubu\u0161ki\",\"url\":\"https:\\\/\\\/radioljubuski.ba\\\/\",\"logo\":{\"@type\":\"ImageObject\",\"inLanguage\":\"hr\",\"@id\":\"https:\\\/\\\/radioljubuski.ba\\\/#\\\/schema\\\/logo\\\/image\\\/\",\"url\":\"https:\\\/\\\/radioljubuski.ba\\\/wp-content\\\/uploads\\\/2021\\\/02\\\/cropped-Radio_Ljubuski_logo1.jpg\",\"contentUrl\":\"https:\\\/\\\/radioljubuski.ba\\\/wp-content\\\/uploads\\\/2021\\\/02\\\/cropped-Radio_Ljubuski_logo1.jpg\",\"width\":512,\"height\":512,\"caption\":\"Radio Ljubu\u0161ki\"},\"image\":{\"@id\":\"https:\\\/\\\/radioljubuski.ba\\\/#\\\/schema\\\/logo\\\/image\\\/\"},\"sameAs\":[\"https:\\\/\\\/www.facebook.com\\\/Radiio-Ljubuski-1490835324566332\",\"https:\\\/\\\/x.com\\\/radioljubuski\",\"https:\\\/\\\/hr.linkedin.com\\\/company\\\/radio-ljubuski\",\"https:\\\/\\\/www.youtube.com\\\/channel\\\/UCHYaeO_n0Db3tjNGudGpXyw\"]},{\"@type\":\"Person\",\"@id\":\"https:\\\/\\\/radioljubuski.ba\\\/#\\\/schema\\\/person\\\/19fc700381a780f69665d7956c469e3b\",\"name\":\"Radio Ljubu\u0161ki\"}]}<\/script>\n<!-- \/ Yoast SEO plugin. -->","yoast_head_json":{"title":"Papa Franjo posjetio izbjeglice i slu\u017eio misu u Ateni - RADIO LJUBU\u0160KI","robots":{"index":"index","follow":"follow","max-snippet":"max-snippet:-1","max-image-preview":"max-image-preview:large","max-video-preview":"max-video-preview:-1"},"canonical":"https:\/\/radioljubuski.ba\/index.php\/2021\/12\/06\/papa-franjo-posjetio-izbjeglice-i-sluzio-misu-u-ateni\/","og_locale":"hr_HR","og_type":"article","og_title":"Papa Franjo posjetio izbjeglice i slu\u017eio misu u Ateni - RADIO LJUBU\u0160KI","og_description":"Papa Franjo posjetio je gr\u010dki otok Lezbos, kako bi pru\u017eio utjehu tisu\u0107ama ljudi u tamo\u0161njem migrantskom kampu. Rekao je kako se ne smije dopustiti da Mediteran postane more smrti te je osudio politi\u010dare koji se izbjeglicama i migrantima koriste u svrhu politi\u010dke propagande. Potom je u Ateni odr\u017eao misu u koncertnoj dvorani Megaron.&nbsp; Na misi [&hellip;]","og_url":"https:\/\/radioljubuski.ba\/index.php\/2021\/12\/06\/papa-franjo-posjetio-izbjeglice-i-sluzio-misu-u-ateni\/","og_site_name":"RADIO LJUBU\u0160KI","article_publisher":"https:\/\/www.facebook.com\/Radiio-Ljubuski-1490835324566332","article_published_time":"2021-12-05T23:47:45+00:00","article_modified_time":"2021-12-05T23:47:47+00:00","og_image":[{"width":1349,"height":859,"url":"https:\/\/radioljubuski.ba\/wp-content\/uploads\/2021\/12\/papagrcka51221w-20211205232120.jpg","type":"image\/jpeg"}],"author":"Radio Ljubu\u0161ki","twitter_card":"summary_large_image","twitter_creator":"@radioljubuski","twitter_site":"@radioljubuski","twitter_misc":{"Napisao\/la":"Radio Ljubu\u0161ki","Procijenjeno vrijeme \u010ditanja":"1 minuta"},"schema":{"@context":"https:\/\/schema.org","@graph":[{"@type":"Article","@id":"https:\/\/radioljubuski.ba\/index.php\/2021\/12\/06\/papa-franjo-posjetio-izbjeglice-i-sluzio-misu-u-ateni\/#article","isPartOf":{"@id":"https:\/\/radioljubuski.ba\/index.php\/2021\/12\/06\/papa-franjo-posjetio-izbjeglice-i-sluzio-misu-u-ateni\/"},"author":{"name":"Radio Ljubu\u0161ki","@id":"https:\/\/radioljubuski.ba\/#\/schema\/person\/19fc700381a780f69665d7956c469e3b"},"headline":"Papa Franjo posjetio izbjeglice i slu\u017eio misu u Ateni","datePublished":"2021-12-05T23:47:45+00:00","dateModified":"2021-12-05T23:47:47+00:00","mainEntityOfPage":{"@id":"https:\/\/radioljubuski.ba\/index.php\/2021\/12\/06\/papa-franjo-posjetio-izbjeglice-i-sluzio-misu-u-ateni\/"},"wordCount":249,"publisher":{"@id":"https:\/\/radioljubuski.ba\/#organization"},"image":{"@id":"https:\/\/radioljubuski.ba\/index.php\/2021\/12\/06\/papa-franjo-posjetio-izbjeglice-i-sluzio-misu-u-ateni\/#primaryimage"},"thumbnailUrl":"https:\/\/radioljubuski.ba\/wp-content\/uploads\/2021\/12\/papagrcka51221w-20211205232120.jpg","articleSection":["BIH i regija"],"inLanguage":"hr"},{"@type":"WebPage","@id":"https:\/\/radioljubuski.ba\/index.php\/2021\/12\/06\/papa-franjo-posjetio-izbjeglice-i-sluzio-misu-u-ateni\/","url":"https:\/\/radioljubuski.ba\/index.php\/2021\/12\/06\/papa-franjo-posjetio-izbjeglice-i-sluzio-misu-u-ateni\/","name":"Papa Franjo posjetio izbjeglice i slu\u017eio misu u Ateni - RADIO LJUBU\u0160KI","isPartOf":{"@id":"https:\/\/radioljubuski.ba\/#website"},"primaryImageOfPage":{"@id":"https:\/\/radioljubuski.ba\/index.php\/2021\/12\/06\/papa-franjo-posjetio-izbjeglice-i-sluzio-misu-u-ateni\/#primaryimage"},"image":{"@id":"https:\/\/radioljubuski.ba\/index.php\/2021\/12\/06\/papa-franjo-posjetio-izbjeglice-i-sluzio-misu-u-ateni\/#primaryimage"},"thumbnailUrl":"https:\/\/radioljubuski.ba\/wp-content\/uploads\/2021\/12\/papagrcka51221w-20211205232120.jpg","datePublished":"2021-12-05T23:47:45+00:00","dateModified":"2021-12-05T23:47:47+00:00","breadcrumb":{"@id":"https:\/\/radioljubuski.ba\/index.php\/2021\/12\/06\/papa-franjo-posjetio-izbjeglice-i-sluzio-misu-u-ateni\/#breadcrumb"},"inLanguage":"hr","potentialAction":[{"@type":"ReadAction","target":["https:\/\/radioljubuski.ba\/index.php\/2021\/12\/06\/papa-franjo-posjetio-izbjeglice-i-sluzio-misu-u-ateni\/"]}]},{"@type":"ImageObject","inLanguage":"hr","@id":"https:\/\/radioljubuski.ba\/index.php\/2021\/12\/06\/papa-franjo-posjetio-izbjeglice-i-sluzio-misu-u-ateni\/#primaryimage","url":"https:\/\/radioljubuski.ba\/wp-content\/uploads\/2021\/12\/papagrcka51221w-20211205232120.jpg","contentUrl":"https:\/\/radioljubuski.ba\/wp-content\/uploads\/2021\/12\/papagrcka51221w-20211205232120.jpg","width":1349,"height":859},{"@type":"BreadcrumbList","@id":"https:\/\/radioljubuski.ba\/index.php\/2021\/12\/06\/papa-franjo-posjetio-izbjeglice-i-sluzio-misu-u-ateni\/#breadcrumb","itemListElement":[{"@type":"ListItem","position":1,"name":"Po\u010detna stranica","item":"https:\/\/radioljubuski.ba\/"},{"@type":"ListItem","position":2,"name":"Papa Franjo posjetio izbjeglice i slu\u017eio misu u Ateni"}]},{"@type":"WebSite","@id":"https:\/\/radioljubuski.ba\/#website","url":"https:\/\/radioljubuski.ba\/","name":"Radio Ljubu\u0161ki","description":"Sun\u010dana frekvencija Hercegovine","publisher":{"@id":"https:\/\/radioljubuski.ba\/#organization"},"potentialAction":[{"@type":"SearchAction","target":{"@type":"EntryPoint","urlTemplate":"https:\/\/radioljubuski.ba\/?s={search_term_string}"},"query-input":{"@type":"PropertyValueSpecification","valueRequired":true,"valueName":"search_term_string"}}],"inLanguage":"hr"},{"@type":"Organization","@id":"https:\/\/radioljubuski.ba\/#organization","name":"Radio Ljubu\u0161ki","url":"https:\/\/radioljubuski.ba\/","logo":{"@type":"ImageObject","inLanguage":"hr","@id":"https:\/\/radioljubuski.ba\/#\/schema\/logo\/image\/","url":"https:\/\/radioljubuski.ba\/wp-content\/uploads\/2021\/02\/cropped-Radio_Ljubuski_logo1.jpg","contentUrl":"https:\/\/radioljubuski.ba\/wp-content\/uploads\/2021\/02\/cropped-Radio_Ljubuski_logo1.jpg","width":512,"height":512,"caption":"Radio Ljubu\u0161ki"},"image":{"@id":"https:\/\/radioljubuski.ba\/#\/schema\/logo\/image\/"},"sameAs":["https:\/\/www.facebook.com\/Radiio-Ljubuski-1490835324566332","https:\/\/x.com\/radioljubuski","https:\/\/hr.linkedin.com\/company\/radio-ljubuski","https:\/\/www.youtube.com\/channel\/UCHYaeO_n0Db3tjNGudGpXyw"]},{"@type":"Person","@id":"https:\/\/radioljubuski.ba\/#\/schema\/person\/19fc700381a780f69665d7956c469e3b","name":"Radio Ljubu\u0161ki"}]}},"_links":{"self":[{"href":"https:\/\/radioljubuski.ba\/index.php\/wp-json\/wp\/v2\/posts\/96366","targetHints":{"allow":["GET"]}}],"collection":[{"href":"https:\/\/radioljubuski.ba\/index.php\/wp-json\/wp\/v2\/posts"}],"about":[{"href":"https:\/\/radioljubuski.ba\/index.php\/wp-json\/wp\/v2\/types\/post"}],"author":[{"embeddable":true,"href":"https:\/\/radioljubuski.ba\/index.php\/wp-json\/wp\/v2\/users\/2"}],"replies":[{"embeddable":true,"href":"https:\/\/radioljubuski.ba\/index.php\/wp-json\/wp\/v2\/comments?post=96366"}],"version-history":[{"count":1,"href":"https:\/\/radioljubuski.ba\/index.php\/wp-json\/wp\/v2\/posts\/96366\/revisions"}],"predecessor-version":[{"id":96368,"href":"https:\/\/radioljubuski.ba\/index.php\/wp-json\/wp\/v2\/posts\/96366\/revisions\/96368"}],"wp:featuredmedia":[{"embeddable":true,"href":"https:\/\/radioljubuski.ba\/index.php\/wp-json\/wp\/v2\/media\/96367"}],"wp:attachment":[{"href":"https:\/\/radioljubuski.ba\/index.php\/wp-json\/wp\/v2\/media?parent=96366"}],"wp:term":[{"taxonomy":"category","embeddable":true,"href":"https:\/\/radioljubuski.ba\/index.php\/wp-json\/wp\/v2\/categories?post=96366"},{"taxonomy":"post_tag","embeddable":true,"href":"https:\/\/radioljubuski.ba\/index.php\/wp-json\/wp\/v2\/tags?post=96366"}],"curies":[{"name":"wp","href":"https:\/\/api.w.org\/{rel}","templated":true}]}}