{"id":96369,"date":"2021-12-06T00:49:53","date_gmt":"2021-12-05T23:49:53","guid":{"rendered":"https:\/\/radioljubuski.ba\/?p=96369"},"modified":"2021-12-06T00:49:54","modified_gmt":"2021-12-05T23:49:54","slug":"kako-prepoznati-svjeze-jabuke-od-onih-iz-lanjske-berbe","status":"publish","type":"post","link":"https:\/\/radioljubuski.ba\/index.php\/2021\/12\/06\/kako-prepoznati-svjeze-jabuke-od-onih-iz-lanjske-berbe\/","title":{"rendered":"Kako prepoznati svje\u017ee jabuke od onih iz lanjske berbe?"},"content":{"rendered":"\n<p><strong>Zavr\u0161ila je berba jabuka u godini koja je za vo\u0107are bila iznimno lo\u0161a, od proljetnih mrazova do vru\u0107eg ljeta. Urod razli\u010dit &#8211; ovisno koliko su gdje u Hrvatskoj kumovale elementarne nepogode. Ubrali smo oko \u0161ezdeset tisu\u0107a tona jabuka \u0161to je otprilike, ka\u017eu, dovoljno za podmirenje doma\u0107ih potreba. A cijene i tr\u017ei\u0161te? Pa kao i uvijek dosta turbulentno. Dok bismo trebali jesti doma\u0107e jabuke, iz Hrvatske vo\u0107arske zajednice upozoravaju na golemi uvoz. I to jabuka iz pro\u0161le sezone.&nbsp;<\/strong><\/p>\n\n\n\n<p>Beru se posljednji redovi na planta\u017ei od petnaest hektara obitelji Rukavina u Svetom Petru \u010cvrstecu. Kako je lo\u0161e izgledalo u prolje\u0107e, Antun isti\u010de da je sada, na kraju berbe uglavnom zadovoljan.<br><br>&#8211; U po\u010detku je jako lo\u0161e krenulo, ali kasnije je sve to sve bolje izgledalo i na kraju je bila zadovoljavaju\u0107a berba, rekao je\u00a0<strong>Antun Rukavina<\/strong>\u00a0iz Bjelovara.<br><br>&#8211; Kako ste se spasili od mraza jabuke?<br><br>&#8211; Pa ni na kakav poseban na\u010din, jednostavno smo probali s nekim stvarima to odraditi. Najvi\u0161e je utjecalo \u0161to su bili manji minusi, ali ih je bilo jako puno. Pet puta smo imali mraz ove godine, dodao je Antun.<br><br>Na planta\u017ei sve lokalni bera\u010di iz Svetog Petra \u010cvrsteca.<br><br>&#8211; Ovo je jabuka Pink Lady, nju upravo zavr\u0161avamo. Berba nam je ove godine bila dobra, vrijeme nas je poslu\u017eilo i evo zadovoljni smo. Sve vi\u0161e je uvozne radne snage, kazala je\u00a0<strong>Andrijana Ko\u0161\u0107ak<\/strong>, Sveti Petar \u010cvrstec.<br><br>&#8211; Imamo zna\u010di petnaest hektara i urod je nama prosje\u010dan, oko osamsto tona godi\u0161nje. Ove godine \u0107e urod biti mo\u017eda ne\u0161to manji zbog mraza. Mislim da \u0107e biti oko sedamsto tona ove godine, poru\u010dio je Rukavina.<br><br>Nada se velikom udjelu prve klase, a sve je prodano poznatom kupcu putem proizvo\u0111a\u010dke organizacije.<br><br>&#8211; Zasad radimo stalno za Jabuka.hr. Mi tek na\u0161u cijenu znamo, zato \u0161to smo proizvo\u0111a\u010dka organizacija i zna\u010di kad se sva jabuka proda onda se odre\u0111uje prosje\u010dna cijena, dodao je.<br><br>&#8211; Zna\u010di, pokazala se dobrom u ovom slu\u010daju proizvo\u0111a\u010dka organizacija ?<br><br>&#8211; Jako dobra, istaknuo je Antun.<br><br>Berba je zavr\u0161ila u vo\u0107njacima u \u017ddralovima nadomak Bjelovara i sada je u tijeku pakiranje. U ovoj su tvrtki tako\u0111er zadovoljni urodom nakon svih nepogoda, iako je on manji od uobi\u010dajenih 65 do 70 tona po hektaru.<br><br>&#8211; Rezultati su zadovoljavaju\u0107i s obzirom na to da smo u prolje\u0107e imali mraz koji nas je dosta pogodio i dosta smo se financijski istro\u0161ili s obzirom na to da smo zapalili drva preko sto metara, preko tristo bala smo upalili da za\u0161titimo vo\u0107njak i kroz sezonu je bilo puno izazova u \u010duvanju od bolesti i \u0161tetnika, ali rezultati su dobri. Sad smo trenutno zavr\u0161ili berbu i ra\u010dunamo oko 55 tona po hektaru, rekao je\u00a0<strong>Domagoj Belo\u0161evi\u0107<\/strong>, &#8220;VRT&#8221; Bjelovar.\u00a0<\/p>\n\n\n\n<div style=\"width: 640px;\" class=\"wp-video\"><video class=\"wp-video-shortcode\" id=\"video-96369-1\" width=\"640\" height=\"360\" preload=\"metadata\" controls=\"controls\"><source type=\"video\/mp4\" src=\"https:\/\/api.hrt.hr\/media\/15\/1a\/mali-rezime-berbe-jabuka-20211205094028.mp4?_=1\" \/><a href=\"https:\/\/api.hrt.hr\/media\/15\/1a\/mali-rezime-berbe-jabuka-20211205094028.mp4\">https:\/\/api.hrt.hr\/media\/15\/1a\/mali-rezime-berbe-jabuka-20211205094028.mp4<\/a><\/video><\/div>\n\n\n\n<p>I onda je po\u010dela potraga za kupcima. Uspje\u0161na &#8211; tako da ove jabuke zavr\u0161avaju u trgovinama jednog stranog lanca. Klju\u010dan je bio dogovor o cijeni pa poja\u0161njava ra\u010dunicu.<br><br>&#8211; Nismo iz \u017eelje nego iz sile to po\u010deli raditi. Borimo se, izazovi su svakodnevni, vi\u0161e se tro\u0161imo na ambala\u017ee, pakiranja na na\u010din kako tu robu dopremiti na police. U svakom trgova\u010dkom lancu se cijena jabuke vrti oko 6,99 kuna, a ako znate da je trinaest posto PDV, ako uzmete da je dvadeset posto mar\u017ea nekakvog trgovca i ovaj cijeli posao vrijedi kunu, kunu i pol do dvije do\u0111ete do na\u0161e cijene od te na\u0161e jabuke koja je u kutiji. Zna\u010di nisu to nekakve velike zarade, ali mora se, jer drugog na\u010dina nema, a tro\u0161kovi su tu, naglasio je Domagoj.<br><br>Sretni su i \u0161to se njihova jabuka u trgova\u010dkim lancima odnedavno mo\u017ee prepoznati jer ima deklaraciju.<br><br>&#8211; Pozdravljamo ovu akciju koje je Ministarstvo pokrenulo u suradnji s vo\u0107arskom zajednicom pod nazivom &#8220;Dokazana kvaliteta&#8221;, gdje smo mi morali pro\u0107i odre\u0111ene audite da nas ku\u0107e nadziru da zadovoljavamo odre\u0111ene parametre, dodao je.<br><br>Spasio je \u017deljko Ledinski na Bilogori ve\u0107i dio svojega uroda od mraza mukotrpnom i skupom za\u0161titom, no sada se pita kako spasiti doma\u0107e tr\u017ei\u0161te od poplave uvoznih jabuka.<br><br>&#8211; Zadnjih \u010dak mjesec dana je vidljivo da se prazne skladi\u0161ta po Europi, posebno u Poljskoj i da ve\u0107i dio te robe zavr\u0161ava kod nas gdje je ta roba stara vi\u0161e od godinu dana. Ona po svojoj cijeni daje konkurenciju doma\u0107oj svje\u017eoj robi i tako se sni\u017eava i na\u0161a cijena, poru\u010dio je predsjednik Kriznog sto\u017eera Hrvatske vo\u0107arske zajednice&nbsp;<strong>\u017deljko Ledinski<\/strong>.<br><br>Proizvo\u0111a\u010di se \u017eale na prekomjerni uvoz, a prema podacima, u osam mjeseci ve\u0107 smo uvezli gotovo 13 585 tona jabuka, \u0161to je vi\u0161e nego cijele pro\u0161le godine. Neki kupci ne prepoznaju razliku, zato proizvo\u0111a\u010di ka\u017eu da treba pripaziti gdje se i \u0161to kupuje.<br><br>&#8211; Moja sugestija je da na\u0161i gra\u0111ani kupuju svakako kod provjerenih proizvo\u0111a\u010da iz svog okru\u017eenja, za koje znaju da imaju proizvodnju jabuka, za koje mogu sutra do\u0107i i reklamirati ako ne\u0161to nije s jabukom u redu, a u lancima ako kupuju svakako bih sugerirao da kupuju robu koja ima certifikat &#8211; dokazana kvaliteta Hrvatska, a koja ima markicu, rekao je \u017deljko.<br><br>Stoga pri kupnji treba provjeriti svje\u017einu. Na svje\u017eem vo\u0107u peteljku je te\u0161ko otrgnuti, a na odstajalom je ona suha i sme\u0111a. \u010cesto je presudna i svijest kupaca koji, primjerice u nekim zemljama, ne\u0107e posegnuti za uvoznim proizvodima sve dok ima doma\u0107ih.<\/p>\n\n\n\n<p>Izvor:hrt.hr<\/p>\n","protected":false},"excerpt":{"rendered":"<p>Zavr\u0161ila je berba jabuka u godini koja je za vo\u0107are bila iznimno lo\u0161a, od proljetnih mrazova do vru\u0107eg ljeta. Urod razli\u010dit &#8211; ovisno koliko su gdje u Hrvatskoj kumovale elementarne nepogode. Ubrali smo oko \u0161ezdeset tisu\u0107a tona jabuka \u0161to je otprilike, ka\u017eu, dovoljno za podmirenje doma\u0107ih potreba. A cijene i tr\u017ei\u0161te? Pa kao i uvijek [&hellip;]<\/p>\n","protected":false},"author":2,"featured_media":96370,"comment_status":"closed","ping_status":"closed","sticky":false,"template":"","format":"standard","meta":{"h5ap_radio_sources":[],"footnotes":""},"categories":[1],"tags":[],"class_list":["post-96369","post","type-post","status-publish","format-standard","has-post-thumbnail","hentry","category-bihiregija"],"yoast_head":"<!-- This site is optimized with the Yoast SEO plugin v27.4 - https:\/\/yoast.com\/product\/yoast-seo-wordpress\/ -->\n<title>Kako prepoznati svje\u017ee jabuke od onih iz lanjske berbe? - RADIO LJUBU\u0160KI<\/title>\n<meta name=\"robots\" content=\"index, follow, max-snippet:-1, max-image-preview:large, max-video-preview:-1\" \/>\n<link rel=\"canonical\" href=\"https:\/\/radioljubuski.ba\/index.php\/2021\/12\/06\/kako-prepoznati-svjeze-jabuke-od-onih-iz-lanjske-berbe\/\" \/>\n<meta property=\"og:locale\" content=\"hr_HR\" \/>\n<meta property=\"og:type\" content=\"article\" \/>\n<meta property=\"og:title\" content=\"Kako prepoznati svje\u017ee jabuke od onih iz lanjske berbe? - RADIO LJUBU\u0160KI\" \/>\n<meta property=\"og:description\" content=\"Zavr\u0161ila je berba jabuka u godini koja je za vo\u0107are bila iznimno lo\u0161a, od proljetnih mrazova do vru\u0107eg ljeta. Urod razli\u010dit &#8211; ovisno koliko su gdje u Hrvatskoj kumovale elementarne nepogode. Ubrali smo oko \u0161ezdeset tisu\u0107a tona jabuka \u0161to je otprilike, ka\u017eu, dovoljno za podmirenje doma\u0107ih potreba. A cijene i tr\u017ei\u0161te? Pa kao i uvijek [&hellip;]\" \/>\n<meta property=\"og:url\" content=\"https:\/\/radioljubuski.ba\/index.php\/2021\/12\/06\/kako-prepoznati-svjeze-jabuke-od-onih-iz-lanjske-berbe\/\" \/>\n<meta property=\"og:site_name\" content=\"RADIO LJUBU\u0160KI\" \/>\n<meta property=\"article:publisher\" content=\"https:\/\/www.facebook.com\/Radiio-Ljubuski-1490835324566332\" \/>\n<meta property=\"article:published_time\" content=\"2021-12-05T23:49:53+00:00\" \/>\n<meta property=\"article:modified_time\" content=\"2021-12-05T23:49:54+00:00\" \/>\n<meta property=\"og:image\" content=\"https:\/\/radioljubuski.ba\/wp-content\/uploads\/2021\/12\/vlcsnap-2021-12-05-10h37m55s786-20211205093900.jpg\" \/>\n\t<meta property=\"og:image:width\" content=\"1920\" \/>\n\t<meta property=\"og:image:height\" content=\"1080\" \/>\n\t<meta property=\"og:image:type\" content=\"image\/jpeg\" \/>\n<meta name=\"author\" content=\"Radio Ljubu\u0161ki\" \/>\n<meta name=\"twitter:card\" content=\"summary_large_image\" \/>\n<meta name=\"twitter:creator\" content=\"@radioljubuski\" \/>\n<meta name=\"twitter:site\" content=\"@radioljubuski\" \/>\n<meta name=\"twitter:label1\" content=\"Napisao\/la\" \/>\n\t<meta name=\"twitter:data1\" content=\"Radio Ljubu\u0161ki\" \/>\n\t<meta name=\"twitter:label2\" content=\"Procijenjeno vrijeme \u010ditanja\" \/>\n\t<meta name=\"twitter:data2\" content=\"4 minute\" \/>\n<script type=\"application\/ld+json\" class=\"yoast-schema-graph\">{\"@context\":\"https:\\\/\\\/schema.org\",\"@graph\":[{\"@type\":\"Article\",\"@id\":\"https:\\\/\\\/radioljubuski.ba\\\/index.php\\\/2021\\\/12\\\/06\\\/kako-prepoznati-svjeze-jabuke-od-onih-iz-lanjske-berbe\\\/#article\",\"isPartOf\":{\"@id\":\"https:\\\/\\\/radioljubuski.ba\\\/index.php\\\/2021\\\/12\\\/06\\\/kako-prepoznati-svjeze-jabuke-od-onih-iz-lanjske-berbe\\\/\"},\"author\":{\"name\":\"Radio Ljubu\u0161ki\",\"@id\":\"https:\\\/\\\/radioljubuski.ba\\\/#\\\/schema\\\/person\\\/19fc700381a780f69665d7956c469e3b\"},\"headline\":\"Kako prepoznati svje\u017ee jabuke od onih iz lanjske berbe?\",\"datePublished\":\"2021-12-05T23:49:53+00:00\",\"dateModified\":\"2021-12-05T23:49:54+00:00\",\"mainEntityOfPage\":{\"@id\":\"https:\\\/\\\/radioljubuski.ba\\\/index.php\\\/2021\\\/12\\\/06\\\/kako-prepoznati-svjeze-jabuke-od-onih-iz-lanjske-berbe\\\/\"},\"wordCount\":992,\"publisher\":{\"@id\":\"https:\\\/\\\/radioljubuski.ba\\\/#organization\"},\"image\":{\"@id\":\"https:\\\/\\\/radioljubuski.ba\\\/index.php\\\/2021\\\/12\\\/06\\\/kako-prepoznati-svjeze-jabuke-od-onih-iz-lanjske-berbe\\\/#primaryimage\"},\"thumbnailUrl\":\"https:\\\/\\\/radioljubuski.ba\\\/wp-content\\\/uploads\\\/2021\\\/12\\\/vlcsnap-2021-12-05-10h37m55s786-20211205093900.jpg\",\"articleSection\":[\"BIH i regija\"],\"inLanguage\":\"hr\"},{\"@type\":\"WebPage\",\"@id\":\"https:\\\/\\\/radioljubuski.ba\\\/index.php\\\/2021\\\/12\\\/06\\\/kako-prepoznati-svjeze-jabuke-od-onih-iz-lanjske-berbe\\\/\",\"url\":\"https:\\\/\\\/radioljubuski.ba\\\/index.php\\\/2021\\\/12\\\/06\\\/kako-prepoznati-svjeze-jabuke-od-onih-iz-lanjske-berbe\\\/\",\"name\":\"Kako prepoznati svje\u017ee jabuke od onih iz lanjske berbe? - RADIO LJUBU\u0160KI\",\"isPartOf\":{\"@id\":\"https:\\\/\\\/radioljubuski.ba\\\/#website\"},\"primaryImageOfPage\":{\"@id\":\"https:\\\/\\\/radioljubuski.ba\\\/index.php\\\/2021\\\/12\\\/06\\\/kako-prepoznati-svjeze-jabuke-od-onih-iz-lanjske-berbe\\\/#primaryimage\"},\"image\":{\"@id\":\"https:\\\/\\\/radioljubuski.ba\\\/index.php\\\/2021\\\/12\\\/06\\\/kako-prepoznati-svjeze-jabuke-od-onih-iz-lanjske-berbe\\\/#primaryimage\"},\"thumbnailUrl\":\"https:\\\/\\\/radioljubuski.ba\\\/wp-content\\\/uploads\\\/2021\\\/12\\\/vlcsnap-2021-12-05-10h37m55s786-20211205093900.jpg\",\"datePublished\":\"2021-12-05T23:49:53+00:00\",\"dateModified\":\"2021-12-05T23:49:54+00:00\",\"breadcrumb\":{\"@id\":\"https:\\\/\\\/radioljubuski.ba\\\/index.php\\\/2021\\\/12\\\/06\\\/kako-prepoznati-svjeze-jabuke-od-onih-iz-lanjske-berbe\\\/#breadcrumb\"},\"inLanguage\":\"hr\",\"potentialAction\":[{\"@type\":\"ReadAction\",\"target\":[\"https:\\\/\\\/radioljubuski.ba\\\/index.php\\\/2021\\\/12\\\/06\\\/kako-prepoznati-svjeze-jabuke-od-onih-iz-lanjske-berbe\\\/\"]}]},{\"@type\":\"ImageObject\",\"inLanguage\":\"hr\",\"@id\":\"https:\\\/\\\/radioljubuski.ba\\\/index.php\\\/2021\\\/12\\\/06\\\/kako-prepoznati-svjeze-jabuke-od-onih-iz-lanjske-berbe\\\/#primaryimage\",\"url\":\"https:\\\/\\\/radioljubuski.ba\\\/wp-content\\\/uploads\\\/2021\\\/12\\\/vlcsnap-2021-12-05-10h37m55s786-20211205093900.jpg\",\"contentUrl\":\"https:\\\/\\\/radioljubuski.ba\\\/wp-content\\\/uploads\\\/2021\\\/12\\\/vlcsnap-2021-12-05-10h37m55s786-20211205093900.jpg\",\"width\":1920,\"height\":1080},{\"@type\":\"BreadcrumbList\",\"@id\":\"https:\\\/\\\/radioljubuski.ba\\\/index.php\\\/2021\\\/12\\\/06\\\/kako-prepoznati-svjeze-jabuke-od-onih-iz-lanjske-berbe\\\/#breadcrumb\",\"itemListElement\":[{\"@type\":\"ListItem\",\"position\":1,\"name\":\"Po\u010detna stranica\",\"item\":\"https:\\\/\\\/radioljubuski.ba\\\/\"},{\"@type\":\"ListItem\",\"position\":2,\"name\":\"Kako prepoznati svje\u017ee jabuke od onih iz lanjske berbe?\"}]},{\"@type\":\"WebSite\",\"@id\":\"https:\\\/\\\/radioljubuski.ba\\\/#website\",\"url\":\"https:\\\/\\\/radioljubuski.ba\\\/\",\"name\":\"Radio Ljubu\u0161ki\",\"description\":\"Sun\u010dana frekvencija Hercegovine\",\"publisher\":{\"@id\":\"https:\\\/\\\/radioljubuski.ba\\\/#organization\"},\"potentialAction\":[{\"@type\":\"SearchAction\",\"target\":{\"@type\":\"EntryPoint\",\"urlTemplate\":\"https:\\\/\\\/radioljubuski.ba\\\/?s={search_term_string}\"},\"query-input\":{\"@type\":\"PropertyValueSpecification\",\"valueRequired\":true,\"valueName\":\"search_term_string\"}}],\"inLanguage\":\"hr\"},{\"@type\":\"Organization\",\"@id\":\"https:\\\/\\\/radioljubuski.ba\\\/#organization\",\"name\":\"Radio Ljubu\u0161ki\",\"url\":\"https:\\\/\\\/radioljubuski.ba\\\/\",\"logo\":{\"@type\":\"ImageObject\",\"inLanguage\":\"hr\",\"@id\":\"https:\\\/\\\/radioljubuski.ba\\\/#\\\/schema\\\/logo\\\/image\\\/\",\"url\":\"https:\\\/\\\/radioljubuski.ba\\\/wp-content\\\/uploads\\\/2021\\\/02\\\/cropped-Radio_Ljubuski_logo1.jpg\",\"contentUrl\":\"https:\\\/\\\/radioljubuski.ba\\\/wp-content\\\/uploads\\\/2021\\\/02\\\/cropped-Radio_Ljubuski_logo1.jpg\",\"width\":512,\"height\":512,\"caption\":\"Radio Ljubu\u0161ki\"},\"image\":{\"@id\":\"https:\\\/\\\/radioljubuski.ba\\\/#\\\/schema\\\/logo\\\/image\\\/\"},\"sameAs\":[\"https:\\\/\\\/www.facebook.com\\\/Radiio-Ljubuski-1490835324566332\",\"https:\\\/\\\/x.com\\\/radioljubuski\",\"https:\\\/\\\/hr.linkedin.com\\\/company\\\/radio-ljubuski\",\"https:\\\/\\\/www.youtube.com\\\/channel\\\/UCHYaeO_n0Db3tjNGudGpXyw\"]},{\"@type\":\"Person\",\"@id\":\"https:\\\/\\\/radioljubuski.ba\\\/#\\\/schema\\\/person\\\/19fc700381a780f69665d7956c469e3b\",\"name\":\"Radio Ljubu\u0161ki\"}]}<\/script>\n<!-- \/ Yoast SEO plugin. -->","yoast_head_json":{"title":"Kako prepoznati svje\u017ee jabuke od onih iz lanjske berbe? - RADIO LJUBU\u0160KI","robots":{"index":"index","follow":"follow","max-snippet":"max-snippet:-1","max-image-preview":"max-image-preview:large","max-video-preview":"max-video-preview:-1"},"canonical":"https:\/\/radioljubuski.ba\/index.php\/2021\/12\/06\/kako-prepoznati-svjeze-jabuke-od-onih-iz-lanjske-berbe\/","og_locale":"hr_HR","og_type":"article","og_title":"Kako prepoznati svje\u017ee jabuke od onih iz lanjske berbe? - RADIO LJUBU\u0160KI","og_description":"Zavr\u0161ila je berba jabuka u godini koja je za vo\u0107are bila iznimno lo\u0161a, od proljetnih mrazova do vru\u0107eg ljeta. Urod razli\u010dit &#8211; ovisno koliko su gdje u Hrvatskoj kumovale elementarne nepogode. Ubrali smo oko \u0161ezdeset tisu\u0107a tona jabuka \u0161to je otprilike, ka\u017eu, dovoljno za podmirenje doma\u0107ih potreba. A cijene i tr\u017ei\u0161te? Pa kao i uvijek [&hellip;]","og_url":"https:\/\/radioljubuski.ba\/index.php\/2021\/12\/06\/kako-prepoznati-svjeze-jabuke-od-onih-iz-lanjske-berbe\/","og_site_name":"RADIO LJUBU\u0160KI","article_publisher":"https:\/\/www.facebook.com\/Radiio-Ljubuski-1490835324566332","article_published_time":"2021-12-05T23:49:53+00:00","article_modified_time":"2021-12-05T23:49:54+00:00","og_image":[{"width":1920,"height":1080,"url":"https:\/\/radioljubuski.ba\/wp-content\/uploads\/2021\/12\/vlcsnap-2021-12-05-10h37m55s786-20211205093900.jpg","type":"image\/jpeg"}],"author":"Radio Ljubu\u0161ki","twitter_card":"summary_large_image","twitter_creator":"@radioljubuski","twitter_site":"@radioljubuski","twitter_misc":{"Napisao\/la":"Radio Ljubu\u0161ki","Procijenjeno vrijeme \u010ditanja":"4 minute"},"schema":{"@context":"https:\/\/schema.org","@graph":[{"@type":"Article","@id":"https:\/\/radioljubuski.ba\/index.php\/2021\/12\/06\/kako-prepoznati-svjeze-jabuke-od-onih-iz-lanjske-berbe\/#article","isPartOf":{"@id":"https:\/\/radioljubuski.ba\/index.php\/2021\/12\/06\/kako-prepoznati-svjeze-jabuke-od-onih-iz-lanjske-berbe\/"},"author":{"name":"Radio Ljubu\u0161ki","@id":"https:\/\/radioljubuski.ba\/#\/schema\/person\/19fc700381a780f69665d7956c469e3b"},"headline":"Kako prepoznati svje\u017ee jabuke od onih iz lanjske berbe?","datePublished":"2021-12-05T23:49:53+00:00","dateModified":"2021-12-05T23:49:54+00:00","mainEntityOfPage":{"@id":"https:\/\/radioljubuski.ba\/index.php\/2021\/12\/06\/kako-prepoznati-svjeze-jabuke-od-onih-iz-lanjske-berbe\/"},"wordCount":992,"publisher":{"@id":"https:\/\/radioljubuski.ba\/#organization"},"image":{"@id":"https:\/\/radioljubuski.ba\/index.php\/2021\/12\/06\/kako-prepoznati-svjeze-jabuke-od-onih-iz-lanjske-berbe\/#primaryimage"},"thumbnailUrl":"https:\/\/radioljubuski.ba\/wp-content\/uploads\/2021\/12\/vlcsnap-2021-12-05-10h37m55s786-20211205093900.jpg","articleSection":["BIH i regija"],"inLanguage":"hr"},{"@type":"WebPage","@id":"https:\/\/radioljubuski.ba\/index.php\/2021\/12\/06\/kako-prepoznati-svjeze-jabuke-od-onih-iz-lanjske-berbe\/","url":"https:\/\/radioljubuski.ba\/index.php\/2021\/12\/06\/kako-prepoznati-svjeze-jabuke-od-onih-iz-lanjske-berbe\/","name":"Kako prepoznati svje\u017ee jabuke od onih iz lanjske berbe? - RADIO LJUBU\u0160KI","isPartOf":{"@id":"https:\/\/radioljubuski.ba\/#website"},"primaryImageOfPage":{"@id":"https:\/\/radioljubuski.ba\/index.php\/2021\/12\/06\/kako-prepoznati-svjeze-jabuke-od-onih-iz-lanjske-berbe\/#primaryimage"},"image":{"@id":"https:\/\/radioljubuski.ba\/index.php\/2021\/12\/06\/kako-prepoznati-svjeze-jabuke-od-onih-iz-lanjske-berbe\/#primaryimage"},"thumbnailUrl":"https:\/\/radioljubuski.ba\/wp-content\/uploads\/2021\/12\/vlcsnap-2021-12-05-10h37m55s786-20211205093900.jpg","datePublished":"2021-12-05T23:49:53+00:00","dateModified":"2021-12-05T23:49:54+00:00","breadcrumb":{"@id":"https:\/\/radioljubuski.ba\/index.php\/2021\/12\/06\/kako-prepoznati-svjeze-jabuke-od-onih-iz-lanjske-berbe\/#breadcrumb"},"inLanguage":"hr","potentialAction":[{"@type":"ReadAction","target":["https:\/\/radioljubuski.ba\/index.php\/2021\/12\/06\/kako-prepoznati-svjeze-jabuke-od-onih-iz-lanjske-berbe\/"]}]},{"@type":"ImageObject","inLanguage":"hr","@id":"https:\/\/radioljubuski.ba\/index.php\/2021\/12\/06\/kako-prepoznati-svjeze-jabuke-od-onih-iz-lanjske-berbe\/#primaryimage","url":"https:\/\/radioljubuski.ba\/wp-content\/uploads\/2021\/12\/vlcsnap-2021-12-05-10h37m55s786-20211205093900.jpg","contentUrl":"https:\/\/radioljubuski.ba\/wp-content\/uploads\/2021\/12\/vlcsnap-2021-12-05-10h37m55s786-20211205093900.jpg","width":1920,"height":1080},{"@type":"BreadcrumbList","@id":"https:\/\/radioljubuski.ba\/index.php\/2021\/12\/06\/kako-prepoznati-svjeze-jabuke-od-onih-iz-lanjske-berbe\/#breadcrumb","itemListElement":[{"@type":"ListItem","position":1,"name":"Po\u010detna stranica","item":"https:\/\/radioljubuski.ba\/"},{"@type":"ListItem","position":2,"name":"Kako prepoznati svje\u017ee jabuke od onih iz lanjske berbe?"}]},{"@type":"WebSite","@id":"https:\/\/radioljubuski.ba\/#website","url":"https:\/\/radioljubuski.ba\/","name":"Radio Ljubu\u0161ki","description":"Sun\u010dana frekvencija Hercegovine","publisher":{"@id":"https:\/\/radioljubuski.ba\/#organization"},"potentialAction":[{"@type":"SearchAction","target":{"@type":"EntryPoint","urlTemplate":"https:\/\/radioljubuski.ba\/?s={search_term_string}"},"query-input":{"@type":"PropertyValueSpecification","valueRequired":true,"valueName":"search_term_string"}}],"inLanguage":"hr"},{"@type":"Organization","@id":"https:\/\/radioljubuski.ba\/#organization","name":"Radio Ljubu\u0161ki","url":"https:\/\/radioljubuski.ba\/","logo":{"@type":"ImageObject","inLanguage":"hr","@id":"https:\/\/radioljubuski.ba\/#\/schema\/logo\/image\/","url":"https:\/\/radioljubuski.ba\/wp-content\/uploads\/2021\/02\/cropped-Radio_Ljubuski_logo1.jpg","contentUrl":"https:\/\/radioljubuski.ba\/wp-content\/uploads\/2021\/02\/cropped-Radio_Ljubuski_logo1.jpg","width":512,"height":512,"caption":"Radio Ljubu\u0161ki"},"image":{"@id":"https:\/\/radioljubuski.ba\/#\/schema\/logo\/image\/"},"sameAs":["https:\/\/www.facebook.com\/Radiio-Ljubuski-1490835324566332","https:\/\/x.com\/radioljubuski","https:\/\/hr.linkedin.com\/company\/radio-ljubuski","https:\/\/www.youtube.com\/channel\/UCHYaeO_n0Db3tjNGudGpXyw"]},{"@type":"Person","@id":"https:\/\/radioljubuski.ba\/#\/schema\/person\/19fc700381a780f69665d7956c469e3b","name":"Radio Ljubu\u0161ki"}]}},"_links":{"self":[{"href":"https:\/\/radioljubuski.ba\/index.php\/wp-json\/wp\/v2\/posts\/96369","targetHints":{"allow":["GET"]}}],"collection":[{"href":"https:\/\/radioljubuski.ba\/index.php\/wp-json\/wp\/v2\/posts"}],"about":[{"href":"https:\/\/radioljubuski.ba\/index.php\/wp-json\/wp\/v2\/types\/post"}],"author":[{"embeddable":true,"href":"https:\/\/radioljubuski.ba\/index.php\/wp-json\/wp\/v2\/users\/2"}],"replies":[{"embeddable":true,"href":"https:\/\/radioljubuski.ba\/index.php\/wp-json\/wp\/v2\/comments?post=96369"}],"version-history":[{"count":1,"href":"https:\/\/radioljubuski.ba\/index.php\/wp-json\/wp\/v2\/posts\/96369\/revisions"}],"predecessor-version":[{"id":96371,"href":"https:\/\/radioljubuski.ba\/index.php\/wp-json\/wp\/v2\/posts\/96369\/revisions\/96371"}],"wp:featuredmedia":[{"embeddable":true,"href":"https:\/\/radioljubuski.ba\/index.php\/wp-json\/wp\/v2\/media\/96370"}],"wp:attachment":[{"href":"https:\/\/radioljubuski.ba\/index.php\/wp-json\/wp\/v2\/media?parent=96369"}],"wp:term":[{"taxonomy":"category","embeddable":true,"href":"https:\/\/radioljubuski.ba\/index.php\/wp-json\/wp\/v2\/categories?post=96369"},{"taxonomy":"post_tag","embeddable":true,"href":"https:\/\/radioljubuski.ba\/index.php\/wp-json\/wp\/v2\/tags?post=96369"}],"curies":[{"name":"wp","href":"https:\/\/api.w.org\/{rel}","templated":true}]}}