{"id":96375,"date":"2021-12-06T00:53:30","date_gmt":"2021-12-05T23:53:30","guid":{"rendered":"https:\/\/radioljubuski.ba\/?p=96375"},"modified":"2021-12-06T00:53:31","modified_gmt":"2021-12-05T23:53:31","slug":"slijedi-li-poslije-omikrona-novi-jaci-soj","status":"publish","type":"post","link":"https:\/\/radioljubuski.ba\/index.php\/2021\/12\/06\/slijedi-li-poslije-omikrona-novi-jaci-soj\/","title":{"rendered":"Slijedi li poslije omikrona novi, ja\u010di soj?"},"content":{"rendered":"\n<p><strong>U svijetu se omikron-varijanta koronavirusa sve br\u017ee \u0161iri. U Ju\u017enoafri\u010dkoj Republici, gdje je i zabilje\u017een prvi slu\u010daj zaraze najnovijim sojem, broj novozara\u017eenih se u samo \u010detiri dana u\u010detverostru\u010dio. I dok se jo\u0161 uvijek naga\u0111a da bi se omikron mogao br\u017ee \u0161iriti, ali uzrokovati blagi ili asimptomatski oblik bolesti, javljaju se i druk\u010dija, mnogo pesimisti\u010dnija predvi\u0111anja.<\/strong><\/p>\n\n\n\n<p>Pojava omikron-varijante pokazuje da je svijet bli\u017ee po\u010detku pandemije, nego njezinu kraju, upozorava jedan od najzna\u010dajnijih britanskih znanstvenika, sir\u00a0<strong>Jeremy Farrar<\/strong>, koji je pro\u0161log mjeseca odstupio s mjesta vladinog savjetnika za borbu protiv COVID-19. Uvjeren je &#8211; \u0161to se du\u017ee ovaj virus nastavi \u0161iriti u uglavnom necijepljenim populacijama diljem svijeta, to je vjerojatnije da \u0107e se pojaviti soj koji mo\u017ee nadvladati cjepiva i lije\u010denje.<br><br>&#8211; Ono \u0161to jo\u0161 ne znamo o omikron-varijanti jest koliko \u0107e se prenositi, koliko \u0107e dobro djelovati na\u0161a cjepiva, ho\u0107e li to dovesti do te\u017ee bolesti, isti\u010de\u00a0<strong>Rochelle Walensky<\/strong>, direktorica Centra za nadzor bolesti SAD-a.<br><br>Downing Street uvodi obavezu PCR testiranja za sve putnike 48 sati prije njihova ulaska u Ujedinjenu Kraljevinu. Nigerija je dodana na crvenu listu zemalja \u010diji putnici moraju u karantenu u hotelima.<br><br>&#8211; Proteklih smo dana saznali za rastu\u0107i broj slu\u010dajeva povezanih s putovanjima iz Nigerije. U Engleskoj je ve\u0107 zabilje\u017eeno 27 slu\u010dajeva i taj broj raste, pa je po broju zaraza omikronom Nigerija sada druga dr\u017eava nakon Ju\u017ene Afrike, izjavio je\u00a0<strong>Sajid Javid<\/strong>, ministar zdravstva Ujedinjene Kraljevine.<br><br>Italija se priprema za stro\u017ea pravila koja od sutra necijepljenim osobama znatno ograni\u010davaju pristup nizu usluga &#8211; ne\u0107e mo\u0107i ulaziti u prostore poput kina, restorana te sportskih doga\u0111anja.<br><br>&#8211; U ovom trenutku imamo porast novih slu\u010dajeva i \u010detvrti val pandemije. Iz svog iskustva znam \u0161to smo mi, radnici javnog zdravstvenog sustava, pretrpjeli, ali i \u0161to su sami gra\u0111ani pretrpjeli. Svakodnevno smo se i telefonski susretali s anksioznima, zabrinutima, tjeskobnima. Sada je svaka mjera neophodna i korisna, nagla\u0161ava\u00a0<strong>Annamaria di Capua<\/strong>, zdravstvena djelatnica iz Genove.<br><br>Rim je ve\u0107 poo\u0161trio mjere &#8211; obavezno je kori\u0161tenje maski za lice i na otvorenome gdje se skuplja puno ljudi. Lokalni policajci provjeravaju po\u0161tivanje tih mjera.<br><br>Vodenim topovima i suzavcem zaustavljale su snage sigurnosti Belgijce koji su prosvjedovali u sredi\u0161tu Bruxellesa, nezadovoljni poo\u0161trenim ograni\u010denjima kojima se vlada suprotstavlja posljednjem porastu broja slu\u010dajeva zaraze koronavirusom.\u00a0<br><br>U preoptere\u0107enim bolnicama uskra\u0107uje se lije\u010denje pacijentima s drugim po \u017eivot opasnim bolestima poput karcinoma.<\/p>\n\n\n\n<div style=\"width: 640px;\" class=\"wp-video\"><video class=\"wp-video-shortcode\" id=\"video-96375-1\" width=\"640\" height=\"360\" preload=\"metadata\" controls=\"controls\"><source type=\"video\/mp4\" src=\"https:\/\/api.hrt.hr\/media\/97\/15\/tvd2-omikron-svijet-20211205191936.mp4?_=1\" \/><a href=\"https:\/\/api.hrt.hr\/media\/97\/15\/tvd2-omikron-svijet-20211205191936.mp4\">https:\/\/api.hrt.hr\/media\/97\/15\/tvd2-omikron-svijet-20211205191936.mp4<\/a><\/video><\/div>\n\n\n\n<p>Izvor:hrt.hr<\/p>\n","protected":false},"excerpt":{"rendered":"<p>U svijetu se omikron-varijanta koronavirusa sve br\u017ee \u0161iri. U Ju\u017enoafri\u010dkoj Republici, gdje je i zabilje\u017een prvi slu\u010daj zaraze najnovijim sojem, broj novozara\u017eenih se u samo \u010detiri dana u\u010detverostru\u010dio. I dok se jo\u0161 uvijek naga\u0111a da bi se omikron mogao br\u017ee \u0161iriti, ali uzrokovati blagi ili asimptomatski oblik bolesti, javljaju se i druk\u010dija, mnogo pesimisti\u010dnija predvi\u0111anja. [&hellip;]<\/p>\n","protected":false},"author":2,"featured_media":96376,"comment_status":"closed","ping_status":"closed","sticky":false,"template":"","format":"standard","meta":{"h5ap_radio_sources":[],"footnotes":""},"categories":[1],"tags":[],"class_list":["post-96375","post","type-post","status-publish","format-standard","has-post-thumbnail","hentry","category-bihiregija"],"yoast_head":"<!-- This site is optimized with the Yoast SEO plugin v27.4 - https:\/\/yoast.com\/product\/yoast-seo-wordpress\/ -->\n<title>Slijedi li poslije omikrona novi, ja\u010di soj? - RADIO LJUBU\u0160KI<\/title>\n<meta name=\"robots\" content=\"index, follow, max-snippet:-1, max-image-preview:large, max-video-preview:-1\" \/>\n<link rel=\"canonical\" href=\"https:\/\/radioljubuski.ba\/index.php\/2021\/12\/06\/slijedi-li-poslije-omikrona-novi-jaci-soj\/\" \/>\n<meta property=\"og:locale\" content=\"hr_HR\" \/>\n<meta property=\"og:type\" content=\"article\" \/>\n<meta property=\"og:title\" content=\"Slijedi li poslije omikrona novi, ja\u010di soj? - RADIO LJUBU\u0160KI\" \/>\n<meta property=\"og:description\" content=\"U svijetu se omikron-varijanta koronavirusa sve br\u017ee \u0161iri. U Ju\u017enoafri\u010dkoj Republici, gdje je i zabilje\u017een prvi slu\u010daj zaraze najnovijim sojem, broj novozara\u017eenih se u samo \u010detiri dana u\u010detverostru\u010dio. I dok se jo\u0161 uvijek naga\u0111a da bi se omikron mogao br\u017ee \u0161iriti, ali uzrokovati blagi ili asimptomatski oblik bolesti, javljaju se i druk\u010dija, mnogo pesimisti\u010dnija predvi\u0111anja. [&hellip;]\" \/>\n<meta property=\"og:url\" content=\"https:\/\/radioljubuski.ba\/index.php\/2021\/12\/06\/slijedi-li-poslije-omikrona-novi-jaci-soj\/\" \/>\n<meta property=\"og:site_name\" content=\"RADIO LJUBU\u0160KI\" \/>\n<meta property=\"article:publisher\" content=\"https:\/\/www.facebook.com\/Radiio-Ljubuski-1490835324566332\" \/>\n<meta property=\"article:published_time\" content=\"2021-12-05T23:53:30+00:00\" \/>\n<meta property=\"article:modified_time\" content=\"2021-12-05T23:53:31+00:00\" \/>\n<meta property=\"og:image\" content=\"https:\/\/radioljubuski.ba\/wp-content\/uploads\/2021\/12\/shutterstock-2081926735-20211205161039.jpg\" \/>\n\t<meta property=\"og:image:width\" content=\"1000\" \/>\n\t<meta property=\"og:image:height\" content=\"716\" \/>\n\t<meta property=\"og:image:type\" content=\"image\/jpeg\" \/>\n<meta name=\"author\" content=\"Radio Ljubu\u0161ki\" \/>\n<meta name=\"twitter:card\" content=\"summary_large_image\" \/>\n<meta name=\"twitter:creator\" content=\"@radioljubuski\" \/>\n<meta name=\"twitter:site\" content=\"@radioljubuski\" \/>\n<meta name=\"twitter:label1\" content=\"Napisao\/la\" \/>\n\t<meta name=\"twitter:data1\" content=\"Radio Ljubu\u0161ki\" \/>\n\t<meta name=\"twitter:label2\" content=\"Procijenjeno vrijeme \u010ditanja\" \/>\n\t<meta name=\"twitter:data2\" content=\"2 minute\" \/>\n<script type=\"application\/ld+json\" class=\"yoast-schema-graph\">{\"@context\":\"https:\\\/\\\/schema.org\",\"@graph\":[{\"@type\":\"Article\",\"@id\":\"https:\\\/\\\/radioljubuski.ba\\\/index.php\\\/2021\\\/12\\\/06\\\/slijedi-li-poslije-omikrona-novi-jaci-soj\\\/#article\",\"isPartOf\":{\"@id\":\"https:\\\/\\\/radioljubuski.ba\\\/index.php\\\/2021\\\/12\\\/06\\\/slijedi-li-poslije-omikrona-novi-jaci-soj\\\/\"},\"author\":{\"name\":\"Radio Ljubu\u0161ki\",\"@id\":\"https:\\\/\\\/radioljubuski.ba\\\/#\\\/schema\\\/person\\\/19fc700381a780f69665d7956c469e3b\"},\"headline\":\"Slijedi li poslije omikrona novi, ja\u010di soj?\",\"datePublished\":\"2021-12-05T23:53:30+00:00\",\"dateModified\":\"2021-12-05T23:53:31+00:00\",\"mainEntityOfPage\":{\"@id\":\"https:\\\/\\\/radioljubuski.ba\\\/index.php\\\/2021\\\/12\\\/06\\\/slijedi-li-poslije-omikrona-novi-jaci-soj\\\/\"},\"wordCount\":449,\"publisher\":{\"@id\":\"https:\\\/\\\/radioljubuski.ba\\\/#organization\"},\"image\":{\"@id\":\"https:\\\/\\\/radioljubuski.ba\\\/index.php\\\/2021\\\/12\\\/06\\\/slijedi-li-poslije-omikrona-novi-jaci-soj\\\/#primaryimage\"},\"thumbnailUrl\":\"https:\\\/\\\/radioljubuski.ba\\\/wp-content\\\/uploads\\\/2021\\\/12\\\/shutterstock-2081926735-20211205161039.jpg\",\"articleSection\":[\"BIH i regija\"],\"inLanguage\":\"hr\"},{\"@type\":\"WebPage\",\"@id\":\"https:\\\/\\\/radioljubuski.ba\\\/index.php\\\/2021\\\/12\\\/06\\\/slijedi-li-poslije-omikrona-novi-jaci-soj\\\/\",\"url\":\"https:\\\/\\\/radioljubuski.ba\\\/index.php\\\/2021\\\/12\\\/06\\\/slijedi-li-poslije-omikrona-novi-jaci-soj\\\/\",\"name\":\"Slijedi li poslije omikrona novi, ja\u010di soj? - RADIO LJUBU\u0160KI\",\"isPartOf\":{\"@id\":\"https:\\\/\\\/radioljubuski.ba\\\/#website\"},\"primaryImageOfPage\":{\"@id\":\"https:\\\/\\\/radioljubuski.ba\\\/index.php\\\/2021\\\/12\\\/06\\\/slijedi-li-poslije-omikrona-novi-jaci-soj\\\/#primaryimage\"},\"image\":{\"@id\":\"https:\\\/\\\/radioljubuski.ba\\\/index.php\\\/2021\\\/12\\\/06\\\/slijedi-li-poslije-omikrona-novi-jaci-soj\\\/#primaryimage\"},\"thumbnailUrl\":\"https:\\\/\\\/radioljubuski.ba\\\/wp-content\\\/uploads\\\/2021\\\/12\\\/shutterstock-2081926735-20211205161039.jpg\",\"datePublished\":\"2021-12-05T23:53:30+00:00\",\"dateModified\":\"2021-12-05T23:53:31+00:00\",\"breadcrumb\":{\"@id\":\"https:\\\/\\\/radioljubuski.ba\\\/index.php\\\/2021\\\/12\\\/06\\\/slijedi-li-poslije-omikrona-novi-jaci-soj\\\/#breadcrumb\"},\"inLanguage\":\"hr\",\"potentialAction\":[{\"@type\":\"ReadAction\",\"target\":[\"https:\\\/\\\/radioljubuski.ba\\\/index.php\\\/2021\\\/12\\\/06\\\/slijedi-li-poslije-omikrona-novi-jaci-soj\\\/\"]}]},{\"@type\":\"ImageObject\",\"inLanguage\":\"hr\",\"@id\":\"https:\\\/\\\/radioljubuski.ba\\\/index.php\\\/2021\\\/12\\\/06\\\/slijedi-li-poslije-omikrona-novi-jaci-soj\\\/#primaryimage\",\"url\":\"https:\\\/\\\/radioljubuski.ba\\\/wp-content\\\/uploads\\\/2021\\\/12\\\/shutterstock-2081926735-20211205161039.jpg\",\"contentUrl\":\"https:\\\/\\\/radioljubuski.ba\\\/wp-content\\\/uploads\\\/2021\\\/12\\\/shutterstock-2081926735-20211205161039.jpg\",\"width\":1000,\"height\":716},{\"@type\":\"BreadcrumbList\",\"@id\":\"https:\\\/\\\/radioljubuski.ba\\\/index.php\\\/2021\\\/12\\\/06\\\/slijedi-li-poslije-omikrona-novi-jaci-soj\\\/#breadcrumb\",\"itemListElement\":[{\"@type\":\"ListItem\",\"position\":1,\"name\":\"Po\u010detna stranica\",\"item\":\"https:\\\/\\\/radioljubuski.ba\\\/\"},{\"@type\":\"ListItem\",\"position\":2,\"name\":\"Slijedi li poslije omikrona novi, ja\u010di soj?\"}]},{\"@type\":\"WebSite\",\"@id\":\"https:\\\/\\\/radioljubuski.ba\\\/#website\",\"url\":\"https:\\\/\\\/radioljubuski.ba\\\/\",\"name\":\"Radio Ljubu\u0161ki\",\"description\":\"Sun\u010dana frekvencija Hercegovine\",\"publisher\":{\"@id\":\"https:\\\/\\\/radioljubuski.ba\\\/#organization\"},\"potentialAction\":[{\"@type\":\"SearchAction\",\"target\":{\"@type\":\"EntryPoint\",\"urlTemplate\":\"https:\\\/\\\/radioljubuski.ba\\\/?s={search_term_string}\"},\"query-input\":{\"@type\":\"PropertyValueSpecification\",\"valueRequired\":true,\"valueName\":\"search_term_string\"}}],\"inLanguage\":\"hr\"},{\"@type\":\"Organization\",\"@id\":\"https:\\\/\\\/radioljubuski.ba\\\/#organization\",\"name\":\"Radio Ljubu\u0161ki\",\"url\":\"https:\\\/\\\/radioljubuski.ba\\\/\",\"logo\":{\"@type\":\"ImageObject\",\"inLanguage\":\"hr\",\"@id\":\"https:\\\/\\\/radioljubuski.ba\\\/#\\\/schema\\\/logo\\\/image\\\/\",\"url\":\"https:\\\/\\\/radioljubuski.ba\\\/wp-content\\\/uploads\\\/2021\\\/02\\\/cropped-Radio_Ljubuski_logo1.jpg\",\"contentUrl\":\"https:\\\/\\\/radioljubuski.ba\\\/wp-content\\\/uploads\\\/2021\\\/02\\\/cropped-Radio_Ljubuski_logo1.jpg\",\"width\":512,\"height\":512,\"caption\":\"Radio Ljubu\u0161ki\"},\"image\":{\"@id\":\"https:\\\/\\\/radioljubuski.ba\\\/#\\\/schema\\\/logo\\\/image\\\/\"},\"sameAs\":[\"https:\\\/\\\/www.facebook.com\\\/Radiio-Ljubuski-1490835324566332\",\"https:\\\/\\\/x.com\\\/radioljubuski\",\"https:\\\/\\\/hr.linkedin.com\\\/company\\\/radio-ljubuski\",\"https:\\\/\\\/www.youtube.com\\\/channel\\\/UCHYaeO_n0Db3tjNGudGpXyw\"]},{\"@type\":\"Person\",\"@id\":\"https:\\\/\\\/radioljubuski.ba\\\/#\\\/schema\\\/person\\\/19fc700381a780f69665d7956c469e3b\",\"name\":\"Radio Ljubu\u0161ki\"}]}<\/script>\n<!-- \/ Yoast SEO plugin. -->","yoast_head_json":{"title":"Slijedi li poslije omikrona novi, ja\u010di soj? - RADIO LJUBU\u0160KI","robots":{"index":"index","follow":"follow","max-snippet":"max-snippet:-1","max-image-preview":"max-image-preview:large","max-video-preview":"max-video-preview:-1"},"canonical":"https:\/\/radioljubuski.ba\/index.php\/2021\/12\/06\/slijedi-li-poslije-omikrona-novi-jaci-soj\/","og_locale":"hr_HR","og_type":"article","og_title":"Slijedi li poslije omikrona novi, ja\u010di soj? - RADIO LJUBU\u0160KI","og_description":"U svijetu se omikron-varijanta koronavirusa sve br\u017ee \u0161iri. U Ju\u017enoafri\u010dkoj Republici, gdje je i zabilje\u017een prvi slu\u010daj zaraze najnovijim sojem, broj novozara\u017eenih se u samo \u010detiri dana u\u010detverostru\u010dio. I dok se jo\u0161 uvijek naga\u0111a da bi se omikron mogao br\u017ee \u0161iriti, ali uzrokovati blagi ili asimptomatski oblik bolesti, javljaju se i druk\u010dija, mnogo pesimisti\u010dnija predvi\u0111anja. [&hellip;]","og_url":"https:\/\/radioljubuski.ba\/index.php\/2021\/12\/06\/slijedi-li-poslije-omikrona-novi-jaci-soj\/","og_site_name":"RADIO LJUBU\u0160KI","article_publisher":"https:\/\/www.facebook.com\/Radiio-Ljubuski-1490835324566332","article_published_time":"2021-12-05T23:53:30+00:00","article_modified_time":"2021-12-05T23:53:31+00:00","og_image":[{"width":1000,"height":716,"url":"https:\/\/radioljubuski.ba\/wp-content\/uploads\/2021\/12\/shutterstock-2081926735-20211205161039.jpg","type":"image\/jpeg"}],"author":"Radio Ljubu\u0161ki","twitter_card":"summary_large_image","twitter_creator":"@radioljubuski","twitter_site":"@radioljubuski","twitter_misc":{"Napisao\/la":"Radio Ljubu\u0161ki","Procijenjeno vrijeme \u010ditanja":"2 minute"},"schema":{"@context":"https:\/\/schema.org","@graph":[{"@type":"Article","@id":"https:\/\/radioljubuski.ba\/index.php\/2021\/12\/06\/slijedi-li-poslije-omikrona-novi-jaci-soj\/#article","isPartOf":{"@id":"https:\/\/radioljubuski.ba\/index.php\/2021\/12\/06\/slijedi-li-poslije-omikrona-novi-jaci-soj\/"},"author":{"name":"Radio Ljubu\u0161ki","@id":"https:\/\/radioljubuski.ba\/#\/schema\/person\/19fc700381a780f69665d7956c469e3b"},"headline":"Slijedi li poslije omikrona novi, ja\u010di soj?","datePublished":"2021-12-05T23:53:30+00:00","dateModified":"2021-12-05T23:53:31+00:00","mainEntityOfPage":{"@id":"https:\/\/radioljubuski.ba\/index.php\/2021\/12\/06\/slijedi-li-poslije-omikrona-novi-jaci-soj\/"},"wordCount":449,"publisher":{"@id":"https:\/\/radioljubuski.ba\/#organization"},"image":{"@id":"https:\/\/radioljubuski.ba\/index.php\/2021\/12\/06\/slijedi-li-poslije-omikrona-novi-jaci-soj\/#primaryimage"},"thumbnailUrl":"https:\/\/radioljubuski.ba\/wp-content\/uploads\/2021\/12\/shutterstock-2081926735-20211205161039.jpg","articleSection":["BIH i regija"],"inLanguage":"hr"},{"@type":"WebPage","@id":"https:\/\/radioljubuski.ba\/index.php\/2021\/12\/06\/slijedi-li-poslije-omikrona-novi-jaci-soj\/","url":"https:\/\/radioljubuski.ba\/index.php\/2021\/12\/06\/slijedi-li-poslije-omikrona-novi-jaci-soj\/","name":"Slijedi li poslije omikrona novi, ja\u010di soj? - RADIO LJUBU\u0160KI","isPartOf":{"@id":"https:\/\/radioljubuski.ba\/#website"},"primaryImageOfPage":{"@id":"https:\/\/radioljubuski.ba\/index.php\/2021\/12\/06\/slijedi-li-poslije-omikrona-novi-jaci-soj\/#primaryimage"},"image":{"@id":"https:\/\/radioljubuski.ba\/index.php\/2021\/12\/06\/slijedi-li-poslije-omikrona-novi-jaci-soj\/#primaryimage"},"thumbnailUrl":"https:\/\/radioljubuski.ba\/wp-content\/uploads\/2021\/12\/shutterstock-2081926735-20211205161039.jpg","datePublished":"2021-12-05T23:53:30+00:00","dateModified":"2021-12-05T23:53:31+00:00","breadcrumb":{"@id":"https:\/\/radioljubuski.ba\/index.php\/2021\/12\/06\/slijedi-li-poslije-omikrona-novi-jaci-soj\/#breadcrumb"},"inLanguage":"hr","potentialAction":[{"@type":"ReadAction","target":["https:\/\/radioljubuski.ba\/index.php\/2021\/12\/06\/slijedi-li-poslije-omikrona-novi-jaci-soj\/"]}]},{"@type":"ImageObject","inLanguage":"hr","@id":"https:\/\/radioljubuski.ba\/index.php\/2021\/12\/06\/slijedi-li-poslije-omikrona-novi-jaci-soj\/#primaryimage","url":"https:\/\/radioljubuski.ba\/wp-content\/uploads\/2021\/12\/shutterstock-2081926735-20211205161039.jpg","contentUrl":"https:\/\/radioljubuski.ba\/wp-content\/uploads\/2021\/12\/shutterstock-2081926735-20211205161039.jpg","width":1000,"height":716},{"@type":"BreadcrumbList","@id":"https:\/\/radioljubuski.ba\/index.php\/2021\/12\/06\/slijedi-li-poslije-omikrona-novi-jaci-soj\/#breadcrumb","itemListElement":[{"@type":"ListItem","position":1,"name":"Po\u010detna stranica","item":"https:\/\/radioljubuski.ba\/"},{"@type":"ListItem","position":2,"name":"Slijedi li poslije omikrona novi, ja\u010di soj?"}]},{"@type":"WebSite","@id":"https:\/\/radioljubuski.ba\/#website","url":"https:\/\/radioljubuski.ba\/","name":"Radio Ljubu\u0161ki","description":"Sun\u010dana frekvencija Hercegovine","publisher":{"@id":"https:\/\/radioljubuski.ba\/#organization"},"potentialAction":[{"@type":"SearchAction","target":{"@type":"EntryPoint","urlTemplate":"https:\/\/radioljubuski.ba\/?s={search_term_string}"},"query-input":{"@type":"PropertyValueSpecification","valueRequired":true,"valueName":"search_term_string"}}],"inLanguage":"hr"},{"@type":"Organization","@id":"https:\/\/radioljubuski.ba\/#organization","name":"Radio Ljubu\u0161ki","url":"https:\/\/radioljubuski.ba\/","logo":{"@type":"ImageObject","inLanguage":"hr","@id":"https:\/\/radioljubuski.ba\/#\/schema\/logo\/image\/","url":"https:\/\/radioljubuski.ba\/wp-content\/uploads\/2021\/02\/cropped-Radio_Ljubuski_logo1.jpg","contentUrl":"https:\/\/radioljubuski.ba\/wp-content\/uploads\/2021\/02\/cropped-Radio_Ljubuski_logo1.jpg","width":512,"height":512,"caption":"Radio Ljubu\u0161ki"},"image":{"@id":"https:\/\/radioljubuski.ba\/#\/schema\/logo\/image\/"},"sameAs":["https:\/\/www.facebook.com\/Radiio-Ljubuski-1490835324566332","https:\/\/x.com\/radioljubuski","https:\/\/hr.linkedin.com\/company\/radio-ljubuski","https:\/\/www.youtube.com\/channel\/UCHYaeO_n0Db3tjNGudGpXyw"]},{"@type":"Person","@id":"https:\/\/radioljubuski.ba\/#\/schema\/person\/19fc700381a780f69665d7956c469e3b","name":"Radio Ljubu\u0161ki"}]}},"_links":{"self":[{"href":"https:\/\/radioljubuski.ba\/index.php\/wp-json\/wp\/v2\/posts\/96375","targetHints":{"allow":["GET"]}}],"collection":[{"href":"https:\/\/radioljubuski.ba\/index.php\/wp-json\/wp\/v2\/posts"}],"about":[{"href":"https:\/\/radioljubuski.ba\/index.php\/wp-json\/wp\/v2\/types\/post"}],"author":[{"embeddable":true,"href":"https:\/\/radioljubuski.ba\/index.php\/wp-json\/wp\/v2\/users\/2"}],"replies":[{"embeddable":true,"href":"https:\/\/radioljubuski.ba\/index.php\/wp-json\/wp\/v2\/comments?post=96375"}],"version-history":[{"count":1,"href":"https:\/\/radioljubuski.ba\/index.php\/wp-json\/wp\/v2\/posts\/96375\/revisions"}],"predecessor-version":[{"id":96377,"href":"https:\/\/radioljubuski.ba\/index.php\/wp-json\/wp\/v2\/posts\/96375\/revisions\/96377"}],"wp:featuredmedia":[{"embeddable":true,"href":"https:\/\/radioljubuski.ba\/index.php\/wp-json\/wp\/v2\/media\/96376"}],"wp:attachment":[{"href":"https:\/\/radioljubuski.ba\/index.php\/wp-json\/wp\/v2\/media?parent=96375"}],"wp:term":[{"taxonomy":"category","embeddable":true,"href":"https:\/\/radioljubuski.ba\/index.php\/wp-json\/wp\/v2\/categories?post=96375"},{"taxonomy":"post_tag","embeddable":true,"href":"https:\/\/radioljubuski.ba\/index.php\/wp-json\/wp\/v2\/tags?post=96375"}],"curies":[{"name":"wp","href":"https:\/\/api.w.org\/{rel}","templated":true}]}}