{"id":96378,"date":"2021-12-06T00:54:41","date_gmt":"2021-12-05T23:54:41","guid":{"rendered":"https:\/\/radioljubuski.ba\/?p=96378"},"modified":"2021-12-06T00:54:42","modified_gmt":"2021-12-05T23:54:42","slug":"brnabic-prosvjedi-nemaju-veze-s-ekologijom","status":"publish","type":"post","link":"https:\/\/radioljubuski.ba\/index.php\/2021\/12\/06\/brnabic-prosvjedi-nemaju-veze-s-ekologijom\/","title":{"rendered":"Brnabi\u0107: Prosvjedi nemaju veze s ekologijom"},"content":{"rendered":"\n<p><strong>Srbijanska premijerka Ana Brnabi\u0107 rekla je da subotnji prosvjedi tisu\u0107a ljudi koji su u Beogradu i jo\u0161 pedesetak gradova u Srbiji blokirali glavne prometnice i mostove protive\u0107i se planiranom rudarenju litija, nemaju veze s ekologijom, nego su politi\u010dke prirode.<\/strong><\/p>\n\n\n\n<p>Dok organizatori i sudionici prosvjeda tvrde da je na ulice izi\u0161lo stotinjak tisu\u0107a gra\u0111ana, me\u0111u kojima su i ekolo\u0161kih aktivisti i prista\u0161e oporbenih stranaka, premijerka&nbsp;<strong>Ana Brnabi\u0107<\/strong>&nbsp;rekla je kako su prosvjedi politi\u010dki i da nemaju nikakve veze sa za\u0161titom okoli\u0161a i zelenom agendom jer su se na njima pojavili i \u010delnici pojedinih oporbenih stranaka.<\/p>\n\n\n\n<p>Brnabi\u0107 je novinarima na predstavljanju novog internetskog portala green.gov.rs. rekla kako oporbu i sudionike prosvjeda &#8220;okoli\u0161 zanima koliko boja zelenih dolara&#8221;.&nbsp;<\/p>\n\n\n\n<p>&#8211; Nisu oni tamo zbog okoli\u0161a, nego da bi prosvjedovali protiv<strong>&nbsp;Aleksandra Vu\u010di\u0107a<\/strong>, rekla je Brnabi\u0107, a zahtjeve sudionika prosvjeda ocijenila protuustavnim.<\/p>\n\n\n\n<p>Prosvjednici i organizacije oko kojih su okupljeni zahtijevaju povla\u010denje zakona o eksproprijaciji imovine i o referendumu, a Brnabi\u0107 tvrdi kako je zahtjev da se povu\u010de Zakon o referendumu protuustavan.<\/p>\n\n\n\n<p>Prosvjedi su organizirani drugi vikend zaredom zbog namjera me\u0111unarodne korporacije&nbsp;<strong>Rio Tinto<\/strong>&nbsp;da eksploatira rudu jadarit iz koje se dobiva litij, te zbog spornih zakona usvojenih u Skup\u0161tini Srbije: o referendumu, koji je predsjednik Vu\u010di\u0107 potpisao, i zakona o eksproprijaciji koji \u010deka Vu\u010di\u0107ev potpis, a za koje se tvrdi da su preduvjeti koji \u0107e omogu\u0107iti taj ekolo\u0161ki sporan projekt rudarenja litija.<\/p>\n\n\n\n<p>Brnabi\u0107 je najavila da \u0107e izmjene i dopune Zakona o eksproprijaciji, koje je Vu\u010di\u0107 u subotu obe\u0107ao skupini mje\u0161tana podru\u010dja ugro\u017eenog potencijalnim eksploatiranjem litija, biti spremne za sjednicu vlade 9. prosinca jer je Vu\u010di\u0107 dao nalog, s obzirom na to da je 10. prosinac rok da se \u0161ef dr\u017eave izjasni o zakonu usvojenom u parlamentu koncem studenog.<\/p>\n\n\n\n<p><strong>Prosvjede podr\u017eava i Novak \u0110okovi\u0107<\/strong><\/p>\n\n\n\n<p>Prosvjede su u me\u0111uvremenu podr\u017eali deseci javnih osoba, redatelja, glumaca, neovisnih intelektualaca i sporta\u0161a, a me\u0111u njima je svakako najpoznatiji najbolji tenisa\u010d svijeta Novak \u0110okovi\u0107 koji je stao uz prosvjednike i njihove zahtjeve.<\/p>\n\n\n\n<p>&#8211; \u010cisti zrak, voda i hrana su klju\u010devi zdravlja. Bez toga, svaka rije\u010d o zdravlju je suvi\u0161na, objavio je \u0110okovi\u0107 na Instagramu, uz fotografiju tisu\u0107a gra\u0111ana koji su blokirali most na autocesti kroz Beograd.<\/p>\n\n\n\n<p>Dok organizatori prosvjeda najavljuju sljede\u0107e okupljanje i blokade za 11. prosinca, iz oporbenog korpusa u nedjelju su upu\u0107ene poruke da posljednje doga\u0111anje naroda na ulicama Beograda i Srbije predstavlja prekretnicu na srpskoj politi\u010dkoj sceni.<\/p>\n\n\n\n<p>&#8211; Prosvjedi najavljuju odlazak s vlasti sada\u0161njeg vodstva Srbije, ocijenio je vo\u0111a konzervativnog pokreta &#8220;Dveri&#8221;&nbsp;<strong>Bo\u0161ko Obradovi\u0107<\/strong>, ustvrdiv\u0161i da se bli\u017ei politi\u010dki kraj i predsjednika Srbije Aleksandra Vu\u010di\u0107a i njegovih suradnika, prije svega Ane Brnabi\u0107 i ministrice energetike i rudarstva&nbsp;<strong>Zorane Mihajlovi\u0107<\/strong>.<\/p>\n\n\n\n<p>Potpredsjednica Narodne stranke<strong>&nbsp;Sanda Ra\u0161kovi\u0107 Ivi\u0107<\/strong>&nbsp;smatra da je Vu\u010di\u0107 vrlo nervozan i upla\u0161en jer su prosvjedi pokazali da su se gra\u0111ani i oporba ujedinili i da mu ne\u0107e pro\u0107i zakoni o eksproprijaciji i referendumu \u010diji je cilj da konzorcij Rio Tinto pretvori zemlju u trova\u010dnicu.<\/p>\n\n\n\n<p>&#8211; Vu\u010di\u0107 je nakon ju\u010dera\u0161njih fantasti\u010dnih prosvjeda shvatio kako ne\u0107e mo\u0107i raditi \u0161to ho\u0107e i od Srbije napraviti ludnicu, rekla je Ra\u0161kovi\u0107 Ivi\u0107 u Zrenjaninu na tribini organizacije Novi optimizam.<\/p>\n\n\n\n<p>O masovnim prosvjedima u subotu izvijestili su brojni regionalni i svjetski mediji, a&nbsp;<strong>Washington Post<\/strong>&nbsp;je, me\u0111u ostalim, konstatirao da su skupovi protekli bez vidljive uniformirane policije, te da je rije\u010d o najmasovnijim demonstracijama protiv populisti\u010dke vlasti u Srbiji u posljednjih nekoliko godina.<\/p>\n\n\n\n<p>Izvor:hrt.hr<\/p>\n","protected":false},"excerpt":{"rendered":"<p>Srbijanska premijerka Ana Brnabi\u0107 rekla je da subotnji prosvjedi tisu\u0107a ljudi koji su u Beogradu i jo\u0161 pedesetak gradova u Srbiji blokirali glavne prometnice i mostove protive\u0107i se planiranom rudarenju litija, nemaju veze s ekologijom, nego su politi\u010dke prirode. Dok organizatori i sudionici prosvjeda tvrde da je na ulice izi\u0161lo stotinjak tisu\u0107a gra\u0111ana, me\u0111u kojima [&hellip;]<\/p>\n","protected":false},"author":2,"featured_media":17393,"comment_status":"closed","ping_status":"closed","sticky":false,"template":"","format":"standard","meta":{"h5ap_radio_sources":[],"footnotes":""},"categories":[1],"tags":[],"class_list":["post-96378","post","type-post","status-publish","format-standard","has-post-thumbnail","hentry","category-bihiregija"],"yoast_head":"<!-- This site is optimized with the Yoast SEO plugin v27.4 - https:\/\/yoast.com\/product\/yoast-seo-wordpress\/ -->\n<title>Brnabi\u0107: Prosvjedi nemaju veze s ekologijom - RADIO LJUBU\u0160KI<\/title>\n<meta name=\"robots\" content=\"index, follow, max-snippet:-1, max-image-preview:large, max-video-preview:-1\" \/>\n<link rel=\"canonical\" href=\"https:\/\/radioljubuski.ba\/index.php\/2021\/12\/06\/brnabic-prosvjedi-nemaju-veze-s-ekologijom\/\" \/>\n<meta property=\"og:locale\" content=\"hr_HR\" \/>\n<meta property=\"og:type\" content=\"article\" \/>\n<meta property=\"og:title\" content=\"Brnabi\u0107: Prosvjedi nemaju veze s ekologijom - RADIO LJUBU\u0160KI\" \/>\n<meta property=\"og:description\" content=\"Srbijanska premijerka Ana Brnabi\u0107 rekla je da subotnji prosvjedi tisu\u0107a ljudi koji su u Beogradu i jo\u0161 pedesetak gradova u Srbiji blokirali glavne prometnice i mostove protive\u0107i se planiranom rudarenju litija, nemaju veze s ekologijom, nego su politi\u010dke prirode. Dok organizatori i sudionici prosvjeda tvrde da je na ulice izi\u0161lo stotinjak tisu\u0107a gra\u0111ana, me\u0111u kojima [&hellip;]\" \/>\n<meta property=\"og:url\" content=\"https:\/\/radioljubuski.ba\/index.php\/2021\/12\/06\/brnabic-prosvjedi-nemaju-veze-s-ekologijom\/\" \/>\n<meta property=\"og:site_name\" content=\"RADIO LJUBU\u0160KI\" \/>\n<meta property=\"article:publisher\" content=\"https:\/\/www.facebook.com\/Radiio-Ljubuski-1490835324566332\" \/>\n<meta property=\"article:published_time\" content=\"2021-12-05T23:54:41+00:00\" \/>\n<meta property=\"article:modified_time\" content=\"2021-12-05T23:54:42+00:00\" \/>\n<meta property=\"og:image\" content=\"https:\/\/radioljubuski.ba\/wp-content\/uploads\/2021\/04\/4uR0hAQe_brnabic.jpg\" \/>\n\t<meta property=\"og:image:width\" content=\"1000\" \/>\n\t<meta property=\"og:image:height\" content=\"625\" \/>\n\t<meta property=\"og:image:type\" content=\"image\/jpeg\" \/>\n<meta name=\"author\" content=\"Radio Ljubu\u0161ki\" \/>\n<meta name=\"twitter:card\" content=\"summary_large_image\" \/>\n<meta name=\"twitter:creator\" content=\"@radioljubuski\" \/>\n<meta name=\"twitter:site\" content=\"@radioljubuski\" \/>\n<meta name=\"twitter:label1\" content=\"Napisao\/la\" \/>\n\t<meta name=\"twitter:data1\" content=\"Radio Ljubu\u0161ki\" \/>\n\t<meta name=\"twitter:label2\" content=\"Procijenjeno vrijeme \u010ditanja\" \/>\n\t<meta name=\"twitter:data2\" content=\"3 minute\" \/>\n<script type=\"application\/ld+json\" class=\"yoast-schema-graph\">{\"@context\":\"https:\\\/\\\/schema.org\",\"@graph\":[{\"@type\":\"Article\",\"@id\":\"https:\\\/\\\/radioljubuski.ba\\\/index.php\\\/2021\\\/12\\\/06\\\/brnabic-prosvjedi-nemaju-veze-s-ekologijom\\\/#article\",\"isPartOf\":{\"@id\":\"https:\\\/\\\/radioljubuski.ba\\\/index.php\\\/2021\\\/12\\\/06\\\/brnabic-prosvjedi-nemaju-veze-s-ekologijom\\\/\"},\"author\":{\"name\":\"Radio Ljubu\u0161ki\",\"@id\":\"https:\\\/\\\/radioljubuski.ba\\\/#\\\/schema\\\/person\\\/19fc700381a780f69665d7956c469e3b\"},\"headline\":\"Brnabi\u0107: Prosvjedi nemaju veze s ekologijom\",\"datePublished\":\"2021-12-05T23:54:41+00:00\",\"dateModified\":\"2021-12-05T23:54:42+00:00\",\"mainEntityOfPage\":{\"@id\":\"https:\\\/\\\/radioljubuski.ba\\\/index.php\\\/2021\\\/12\\\/06\\\/brnabic-prosvjedi-nemaju-veze-s-ekologijom\\\/\"},\"wordCount\":640,\"publisher\":{\"@id\":\"https:\\\/\\\/radioljubuski.ba\\\/#organization\"},\"image\":{\"@id\":\"https:\\\/\\\/radioljubuski.ba\\\/index.php\\\/2021\\\/12\\\/06\\\/brnabic-prosvjedi-nemaju-veze-s-ekologijom\\\/#primaryimage\"},\"thumbnailUrl\":\"https:\\\/\\\/radioljubuski.ba\\\/wp-content\\\/uploads\\\/2021\\\/04\\\/4uR0hAQe_brnabic.jpg\",\"articleSection\":[\"BIH i regija\"],\"inLanguage\":\"hr\"},{\"@type\":\"WebPage\",\"@id\":\"https:\\\/\\\/radioljubuski.ba\\\/index.php\\\/2021\\\/12\\\/06\\\/brnabic-prosvjedi-nemaju-veze-s-ekologijom\\\/\",\"url\":\"https:\\\/\\\/radioljubuski.ba\\\/index.php\\\/2021\\\/12\\\/06\\\/brnabic-prosvjedi-nemaju-veze-s-ekologijom\\\/\",\"name\":\"Brnabi\u0107: Prosvjedi nemaju veze s ekologijom - RADIO LJUBU\u0160KI\",\"isPartOf\":{\"@id\":\"https:\\\/\\\/radioljubuski.ba\\\/#website\"},\"primaryImageOfPage\":{\"@id\":\"https:\\\/\\\/radioljubuski.ba\\\/index.php\\\/2021\\\/12\\\/06\\\/brnabic-prosvjedi-nemaju-veze-s-ekologijom\\\/#primaryimage\"},\"image\":{\"@id\":\"https:\\\/\\\/radioljubuski.ba\\\/index.php\\\/2021\\\/12\\\/06\\\/brnabic-prosvjedi-nemaju-veze-s-ekologijom\\\/#primaryimage\"},\"thumbnailUrl\":\"https:\\\/\\\/radioljubuski.ba\\\/wp-content\\\/uploads\\\/2021\\\/04\\\/4uR0hAQe_brnabic.jpg\",\"datePublished\":\"2021-12-05T23:54:41+00:00\",\"dateModified\":\"2021-12-05T23:54:42+00:00\",\"breadcrumb\":{\"@id\":\"https:\\\/\\\/radioljubuski.ba\\\/index.php\\\/2021\\\/12\\\/06\\\/brnabic-prosvjedi-nemaju-veze-s-ekologijom\\\/#breadcrumb\"},\"inLanguage\":\"hr\",\"potentialAction\":[{\"@type\":\"ReadAction\",\"target\":[\"https:\\\/\\\/radioljubuski.ba\\\/index.php\\\/2021\\\/12\\\/06\\\/brnabic-prosvjedi-nemaju-veze-s-ekologijom\\\/\"]}]},{\"@type\":\"ImageObject\",\"inLanguage\":\"hr\",\"@id\":\"https:\\\/\\\/radioljubuski.ba\\\/index.php\\\/2021\\\/12\\\/06\\\/brnabic-prosvjedi-nemaju-veze-s-ekologijom\\\/#primaryimage\",\"url\":\"https:\\\/\\\/radioljubuski.ba\\\/wp-content\\\/uploads\\\/2021\\\/04\\\/4uR0hAQe_brnabic.jpg\",\"contentUrl\":\"https:\\\/\\\/radioljubuski.ba\\\/wp-content\\\/uploads\\\/2021\\\/04\\\/4uR0hAQe_brnabic.jpg\",\"width\":1000,\"height\":625},{\"@type\":\"BreadcrumbList\",\"@id\":\"https:\\\/\\\/radioljubuski.ba\\\/index.php\\\/2021\\\/12\\\/06\\\/brnabic-prosvjedi-nemaju-veze-s-ekologijom\\\/#breadcrumb\",\"itemListElement\":[{\"@type\":\"ListItem\",\"position\":1,\"name\":\"Po\u010detna stranica\",\"item\":\"https:\\\/\\\/radioljubuski.ba\\\/\"},{\"@type\":\"ListItem\",\"position\":2,\"name\":\"Brnabi\u0107: Prosvjedi nemaju veze s ekologijom\"}]},{\"@type\":\"WebSite\",\"@id\":\"https:\\\/\\\/radioljubuski.ba\\\/#website\",\"url\":\"https:\\\/\\\/radioljubuski.ba\\\/\",\"name\":\"Radio Ljubu\u0161ki\",\"description\":\"Sun\u010dana frekvencija Hercegovine\",\"publisher\":{\"@id\":\"https:\\\/\\\/radioljubuski.ba\\\/#organization\"},\"potentialAction\":[{\"@type\":\"SearchAction\",\"target\":{\"@type\":\"EntryPoint\",\"urlTemplate\":\"https:\\\/\\\/radioljubuski.ba\\\/?s={search_term_string}\"},\"query-input\":{\"@type\":\"PropertyValueSpecification\",\"valueRequired\":true,\"valueName\":\"search_term_string\"}}],\"inLanguage\":\"hr\"},{\"@type\":\"Organization\",\"@id\":\"https:\\\/\\\/radioljubuski.ba\\\/#organization\",\"name\":\"Radio Ljubu\u0161ki\",\"url\":\"https:\\\/\\\/radioljubuski.ba\\\/\",\"logo\":{\"@type\":\"ImageObject\",\"inLanguage\":\"hr\",\"@id\":\"https:\\\/\\\/radioljubuski.ba\\\/#\\\/schema\\\/logo\\\/image\\\/\",\"url\":\"https:\\\/\\\/radioljubuski.ba\\\/wp-content\\\/uploads\\\/2021\\\/02\\\/cropped-Radio_Ljubuski_logo1.jpg\",\"contentUrl\":\"https:\\\/\\\/radioljubuski.ba\\\/wp-content\\\/uploads\\\/2021\\\/02\\\/cropped-Radio_Ljubuski_logo1.jpg\",\"width\":512,\"height\":512,\"caption\":\"Radio Ljubu\u0161ki\"},\"image\":{\"@id\":\"https:\\\/\\\/radioljubuski.ba\\\/#\\\/schema\\\/logo\\\/image\\\/\"},\"sameAs\":[\"https:\\\/\\\/www.facebook.com\\\/Radiio-Ljubuski-1490835324566332\",\"https:\\\/\\\/x.com\\\/radioljubuski\",\"https:\\\/\\\/hr.linkedin.com\\\/company\\\/radio-ljubuski\",\"https:\\\/\\\/www.youtube.com\\\/channel\\\/UCHYaeO_n0Db3tjNGudGpXyw\"]},{\"@type\":\"Person\",\"@id\":\"https:\\\/\\\/radioljubuski.ba\\\/#\\\/schema\\\/person\\\/19fc700381a780f69665d7956c469e3b\",\"name\":\"Radio Ljubu\u0161ki\"}]}<\/script>\n<!-- \/ Yoast SEO plugin. -->","yoast_head_json":{"title":"Brnabi\u0107: Prosvjedi nemaju veze s ekologijom - RADIO LJUBU\u0160KI","robots":{"index":"index","follow":"follow","max-snippet":"max-snippet:-1","max-image-preview":"max-image-preview:large","max-video-preview":"max-video-preview:-1"},"canonical":"https:\/\/radioljubuski.ba\/index.php\/2021\/12\/06\/brnabic-prosvjedi-nemaju-veze-s-ekologijom\/","og_locale":"hr_HR","og_type":"article","og_title":"Brnabi\u0107: Prosvjedi nemaju veze s ekologijom - RADIO LJUBU\u0160KI","og_description":"Srbijanska premijerka Ana Brnabi\u0107 rekla je da subotnji prosvjedi tisu\u0107a ljudi koji su u Beogradu i jo\u0161 pedesetak gradova u Srbiji blokirali glavne prometnice i mostove protive\u0107i se planiranom rudarenju litija, nemaju veze s ekologijom, nego su politi\u010dke prirode. Dok organizatori i sudionici prosvjeda tvrde da je na ulice izi\u0161lo stotinjak tisu\u0107a gra\u0111ana, me\u0111u kojima [&hellip;]","og_url":"https:\/\/radioljubuski.ba\/index.php\/2021\/12\/06\/brnabic-prosvjedi-nemaju-veze-s-ekologijom\/","og_site_name":"RADIO LJUBU\u0160KI","article_publisher":"https:\/\/www.facebook.com\/Radiio-Ljubuski-1490835324566332","article_published_time":"2021-12-05T23:54:41+00:00","article_modified_time":"2021-12-05T23:54:42+00:00","og_image":[{"width":1000,"height":625,"url":"https:\/\/radioljubuski.ba\/wp-content\/uploads\/2021\/04\/4uR0hAQe_brnabic.jpg","type":"image\/jpeg"}],"author":"Radio Ljubu\u0161ki","twitter_card":"summary_large_image","twitter_creator":"@radioljubuski","twitter_site":"@radioljubuski","twitter_misc":{"Napisao\/la":"Radio Ljubu\u0161ki","Procijenjeno vrijeme \u010ditanja":"3 minute"},"schema":{"@context":"https:\/\/schema.org","@graph":[{"@type":"Article","@id":"https:\/\/radioljubuski.ba\/index.php\/2021\/12\/06\/brnabic-prosvjedi-nemaju-veze-s-ekologijom\/#article","isPartOf":{"@id":"https:\/\/radioljubuski.ba\/index.php\/2021\/12\/06\/brnabic-prosvjedi-nemaju-veze-s-ekologijom\/"},"author":{"name":"Radio Ljubu\u0161ki","@id":"https:\/\/radioljubuski.ba\/#\/schema\/person\/19fc700381a780f69665d7956c469e3b"},"headline":"Brnabi\u0107: Prosvjedi nemaju veze s ekologijom","datePublished":"2021-12-05T23:54:41+00:00","dateModified":"2021-12-05T23:54:42+00:00","mainEntityOfPage":{"@id":"https:\/\/radioljubuski.ba\/index.php\/2021\/12\/06\/brnabic-prosvjedi-nemaju-veze-s-ekologijom\/"},"wordCount":640,"publisher":{"@id":"https:\/\/radioljubuski.ba\/#organization"},"image":{"@id":"https:\/\/radioljubuski.ba\/index.php\/2021\/12\/06\/brnabic-prosvjedi-nemaju-veze-s-ekologijom\/#primaryimage"},"thumbnailUrl":"https:\/\/radioljubuski.ba\/wp-content\/uploads\/2021\/04\/4uR0hAQe_brnabic.jpg","articleSection":["BIH i regija"],"inLanguage":"hr"},{"@type":"WebPage","@id":"https:\/\/radioljubuski.ba\/index.php\/2021\/12\/06\/brnabic-prosvjedi-nemaju-veze-s-ekologijom\/","url":"https:\/\/radioljubuski.ba\/index.php\/2021\/12\/06\/brnabic-prosvjedi-nemaju-veze-s-ekologijom\/","name":"Brnabi\u0107: Prosvjedi nemaju veze s ekologijom - RADIO LJUBU\u0160KI","isPartOf":{"@id":"https:\/\/radioljubuski.ba\/#website"},"primaryImageOfPage":{"@id":"https:\/\/radioljubuski.ba\/index.php\/2021\/12\/06\/brnabic-prosvjedi-nemaju-veze-s-ekologijom\/#primaryimage"},"image":{"@id":"https:\/\/radioljubuski.ba\/index.php\/2021\/12\/06\/brnabic-prosvjedi-nemaju-veze-s-ekologijom\/#primaryimage"},"thumbnailUrl":"https:\/\/radioljubuski.ba\/wp-content\/uploads\/2021\/04\/4uR0hAQe_brnabic.jpg","datePublished":"2021-12-05T23:54:41+00:00","dateModified":"2021-12-05T23:54:42+00:00","breadcrumb":{"@id":"https:\/\/radioljubuski.ba\/index.php\/2021\/12\/06\/brnabic-prosvjedi-nemaju-veze-s-ekologijom\/#breadcrumb"},"inLanguage":"hr","potentialAction":[{"@type":"ReadAction","target":["https:\/\/radioljubuski.ba\/index.php\/2021\/12\/06\/brnabic-prosvjedi-nemaju-veze-s-ekologijom\/"]}]},{"@type":"ImageObject","inLanguage":"hr","@id":"https:\/\/radioljubuski.ba\/index.php\/2021\/12\/06\/brnabic-prosvjedi-nemaju-veze-s-ekologijom\/#primaryimage","url":"https:\/\/radioljubuski.ba\/wp-content\/uploads\/2021\/04\/4uR0hAQe_brnabic.jpg","contentUrl":"https:\/\/radioljubuski.ba\/wp-content\/uploads\/2021\/04\/4uR0hAQe_brnabic.jpg","width":1000,"height":625},{"@type":"BreadcrumbList","@id":"https:\/\/radioljubuski.ba\/index.php\/2021\/12\/06\/brnabic-prosvjedi-nemaju-veze-s-ekologijom\/#breadcrumb","itemListElement":[{"@type":"ListItem","position":1,"name":"Po\u010detna stranica","item":"https:\/\/radioljubuski.ba\/"},{"@type":"ListItem","position":2,"name":"Brnabi\u0107: Prosvjedi nemaju veze s ekologijom"}]},{"@type":"WebSite","@id":"https:\/\/radioljubuski.ba\/#website","url":"https:\/\/radioljubuski.ba\/","name":"Radio Ljubu\u0161ki","description":"Sun\u010dana frekvencija Hercegovine","publisher":{"@id":"https:\/\/radioljubuski.ba\/#organization"},"potentialAction":[{"@type":"SearchAction","target":{"@type":"EntryPoint","urlTemplate":"https:\/\/radioljubuski.ba\/?s={search_term_string}"},"query-input":{"@type":"PropertyValueSpecification","valueRequired":true,"valueName":"search_term_string"}}],"inLanguage":"hr"},{"@type":"Organization","@id":"https:\/\/radioljubuski.ba\/#organization","name":"Radio Ljubu\u0161ki","url":"https:\/\/radioljubuski.ba\/","logo":{"@type":"ImageObject","inLanguage":"hr","@id":"https:\/\/radioljubuski.ba\/#\/schema\/logo\/image\/","url":"https:\/\/radioljubuski.ba\/wp-content\/uploads\/2021\/02\/cropped-Radio_Ljubuski_logo1.jpg","contentUrl":"https:\/\/radioljubuski.ba\/wp-content\/uploads\/2021\/02\/cropped-Radio_Ljubuski_logo1.jpg","width":512,"height":512,"caption":"Radio Ljubu\u0161ki"},"image":{"@id":"https:\/\/radioljubuski.ba\/#\/schema\/logo\/image\/"},"sameAs":["https:\/\/www.facebook.com\/Radiio-Ljubuski-1490835324566332","https:\/\/x.com\/radioljubuski","https:\/\/hr.linkedin.com\/company\/radio-ljubuski","https:\/\/www.youtube.com\/channel\/UCHYaeO_n0Db3tjNGudGpXyw"]},{"@type":"Person","@id":"https:\/\/radioljubuski.ba\/#\/schema\/person\/19fc700381a780f69665d7956c469e3b","name":"Radio Ljubu\u0161ki"}]}},"_links":{"self":[{"href":"https:\/\/radioljubuski.ba\/index.php\/wp-json\/wp\/v2\/posts\/96378","targetHints":{"allow":["GET"]}}],"collection":[{"href":"https:\/\/radioljubuski.ba\/index.php\/wp-json\/wp\/v2\/posts"}],"about":[{"href":"https:\/\/radioljubuski.ba\/index.php\/wp-json\/wp\/v2\/types\/post"}],"author":[{"embeddable":true,"href":"https:\/\/radioljubuski.ba\/index.php\/wp-json\/wp\/v2\/users\/2"}],"replies":[{"embeddable":true,"href":"https:\/\/radioljubuski.ba\/index.php\/wp-json\/wp\/v2\/comments?post=96378"}],"version-history":[{"count":1,"href":"https:\/\/radioljubuski.ba\/index.php\/wp-json\/wp\/v2\/posts\/96378\/revisions"}],"predecessor-version":[{"id":96379,"href":"https:\/\/radioljubuski.ba\/index.php\/wp-json\/wp\/v2\/posts\/96378\/revisions\/96379"}],"wp:featuredmedia":[{"embeddable":true,"href":"https:\/\/radioljubuski.ba\/index.php\/wp-json\/wp\/v2\/media\/17393"}],"wp:attachment":[{"href":"https:\/\/radioljubuski.ba\/index.php\/wp-json\/wp\/v2\/media?parent=96378"}],"wp:term":[{"taxonomy":"category","embeddable":true,"href":"https:\/\/radioljubuski.ba\/index.php\/wp-json\/wp\/v2\/categories?post=96378"},{"taxonomy":"post_tag","embeddable":true,"href":"https:\/\/radioljubuski.ba\/index.php\/wp-json\/wp\/v2\/tags?post=96378"}],"curies":[{"name":"wp","href":"https:\/\/api.w.org\/{rel}","templated":true}]}}