{"id":96383,"date":"2021-12-06T00:59:09","date_gmt":"2021-12-05T23:59:09","guid":{"rendered":"https:\/\/radioljubuski.ba\/?p=96383"},"modified":"2021-12-06T00:59:10","modified_gmt":"2021-12-05T23:59:10","slug":"gotovac-ideologija-je-silno-vazna","status":"publish","type":"post","link":"https:\/\/radioljubuski.ba\/index.php\/2021\/12\/06\/gotovac-ideologija-je-silno-vazna\/","title":{"rendered":"Gotovac: Ideologija je silno va\u017ena"},"content":{"rendered":"\n<p><strong>Viktor Gotovac, pobjednik SDP-ovih unutarstrana\u010dkih izbora u Zagrebu, rekao je u &#8220;Nedjeljom u dva&#8221; da je izjavom da Zagrebu \u017eeli vratiti Trg mar\u0161ala Tita dobio pozornost, objasnio je izjavu da &#8220;SDP treba biti seksi&#8221;, istaknuo va\u017enost obrazovanja i motiviranja mladih te naglasio da se prijatelja ne odri\u010de, bez obzira na stavove.<\/strong><\/p>\n\n\n\n<div style=\"width: 640px;\" class=\"wp-video\"><video class=\"wp-video-shortcode\" id=\"video-96383-1\" width=\"640\" height=\"360\" preload=\"metadata\" controls=\"controls\"><source type=\"video\/mp4\" src=\"https:\/\/api.hrt.hr\/media\/a9\/48\/nu2-prilog1-20211205134331.mp4?_=1\" \/><a href=\"https:\/\/api.hrt.hr\/media\/a9\/48\/nu2-prilog1-20211205134331.mp4\">https:\/\/api.hrt.hr\/media\/a9\/48\/nu2-prilog1-20211205134331.mp4<\/a><\/video><\/div>\n\n\n\n<p><strong>Viktor Gotovac<\/strong>&nbsp;rekao je da je njegovom izjavom da \u0107e mu jedna od prvih zada\u0107a biti povratak Trga mar\u0161ala Tita u Zagrebu privukao pozornost. Misli da se SDP treba baviti socijalnim i egzistencijalnim pitanjima, komunalnim pitanjima i od Zagreba u\u010diniti sredi\u0161te ovog dijela Europe. Smatra da je ideologija silno va\u017ena, va\u017eno je da ljudi znaju koja je njegova ideja.<br><br>&#8211; Moramo se sje\u0107ati svih koji su stradali, moramo komemorirati i smrt&nbsp;<strong>Aleksandre Zec<\/strong>, rekao je.<br><br>Na izjavu&nbsp;<strong>Aleksandra Stankovi\u0107a<\/strong>&nbsp;da je&nbsp;<strong>Josip Broz Tito<\/strong>&nbsp;bio diktator, rekao je da imamo razli\u010dite slojeve povijesti i da se o tome treba razgovarati. Ka\u017ee da se ljudi trebaju vrednovati u okviru povijesnih uloga, a Tito ima ulogu u 2. svjetskom ratu.&nbsp;<br><br>&#8211; U dru\u0161tvu treba imati raspravu. Naziv Trga mar\u0161ala Tita nije promijenjen dobrom voljom tada\u0161njeg gradona\u010delnika&nbsp;<strong>Milana Bandi\u0107a<\/strong>, to je u\u010dinjeno na nasilni\u010dki na\u010din. Da je Bandi\u0107 to doista \u017eelio napraviti, on bi to napravio na po\u010detku svoje politi\u010dke karijere. Kriva je poruka kada netko ne\u0161to mijenja zbog oportunizma, rekao je i naglasio da bi o tome gra\u0111ani trebali odlu\u010diti referendumom.&nbsp;<br><br><strong>Radni\u010dka prava<\/strong><strong><br><br><\/strong>Uvijek se bavio strukom i znanjem. Postoji, ka\u017ee, radno pravo u kojem jeste ili niste stru\u010dnjak. U nekim stvarima sudska praksa me je opovrgnula, rekao je i naglasio da nikada nije ideologizirao unutar radnog prava.&nbsp;<br><br>Za&nbsp;<strong>Zdravka Mami\u0107a<\/strong>&nbsp;je s nekoliko kolega napisao mi\u0161ljenje u kojem je rekao da neki tu\u017eitelji ne ispunjavaju uvjete da budu na toj poziciji jer nemaju odgovaraju\u0107i radni sta\u017e. Napisao je to za Zdravka Mami\u0107a, ka\u017ee, ali i za svakog bi drugog. Rekao je da za to pravno mi\u0161ljenje nije pla\u0107en.<br><br>Me\u0111u Gotov\u010devim prijateljima su i&nbsp;<strong>Zlatko Hasanbegovi\u0107<\/strong>,&nbsp;<strong>Ivan Penava<\/strong>. S Penavom je prijatelj ve\u0107 30 godina, a s Hasanbegovi\u0107em dobar poznanik, ali ne dijele stavove. Svojih se prijatelja ne odri\u010de, a nalazi se sa \u0161irokim krugom ljudi.<br><br><strong>O SDP-u<\/strong><strong><br><\/strong><br>Nije odlu\u010divao o izbacivanju ljudi iz SDP-a. Iz djelovanja tih ljudi ne vidi njihovu \u017eelju da budu \u010dlanovi SDP-a i da se vrate u SDP.<br><br>&#8211; Svatko od nas \u0107e odgovarati za ono \u0161to je \u010dinio, kazao je.&nbsp;<br><br>\u010clan je eti\u010dkog povjerenstva Grada Zagreba, koje se bavi stvarima koje su vezane uz radne odnose lokalnih slu\u017ebenika i namje\u0161tenika, nisu se bavili nijednim pro\u010delnikom, jer za njih nije bilo prijava, objasnio je.&nbsp;<br><br>&#8211; Hrvatska je postala zemlja&nbsp;<em>spinova&nbsp;<\/em>i politi\u010dke lukav\u0161tine, umjesto da se sadr\u017eajno ne\u0161to doprinosi, isti\u010de.<br><br>Objasnio je izjavu da &#8220;SDP treba biti seksi&#8221;, kazav\u0161i da treba pokazati da postoji strast da se bori za ljude, ideje moraju biti prikazane na na\u010din koji \u0107e ljudima biti privla\u010dan.<br><br>&#8211; U Zagrebu je 1719, 1720 \u010dlanova SDP-a, a po\u010detkom 2000. je imao oko 1000, no dobna struktura je problemati\u010dna, vi\u0161e od 52% \u010dlanova starije je od 60 godina. Da biste privukli mla\u0111e \u010dlanove, morate im ponuditi ideje. To su vidjeli u Mo\u017eemo!, kod nas nisu, rekao je.<br><br>Isti\u010de da je jedan od najva\u017enijih proizvoda kraja 19. i po\u010detka 20. stolje\u0107a socijalna dr\u017eava, mirovinska, zdravstvena osiguranja.&nbsp;<br><br>&#8211; Iznimno je va\u017eno obrazovanje koje mo\u017ee u\u010diniti da doista imate bolju dr\u017eavu, da imate obrazovanije dru\u0161tvo u kojem se ne\u0107e osporavati cijepljenje, da ljudi ne znaju tko je to Tito. SDP zadnjih godinu dana nije izbacio jednu ideju, rekao je.&nbsp;<br><strong><br>Mijenjanje percepcije<br><\/strong><br>&#8211; Obrazovanje mora korespondirati vremenu u kojem \u017eivimo, a sada djelujemo po obrascima iz 19. stolje\u0107a, treba biti puno vi\u0161e prakse, trebaju se selekcionirati oni koji ulaze na fakultet i onda ih &#8220;odnjegovati&#8221;, rekao je.<br><br>\u017delio bi da SDP bude tvornica talenata, da im se otvore o\u010di da se trebaju anga\u017eirati i aktivirati jer o tome ovisi njihova budu\u0107nost i da se&nbsp;oni koji su oti\u0161li vrate u Hrvatsku jer \u0107e tu imati perspektivu, ne zbog radne snage.<br><br>Povod za njegov ulazak u politiku bilo je tada\u0161nje politi\u010dko okru\u017eenje.&nbsp;<br><br>&#8211; O\u017eivljavanje mra\u010dnog poglavlja 2. svjetskog rata, duh koji je tada pu\u0161ten iz boce, ne\u0161to je najmra\u010dnije \u0161to se Hrvatskoj dogodilo &#8211; kori\u0161tenje najni\u017eih emocija prema onima koji su drugi i druga\u010diji. \u010covjek je tada trebao zauzeti stranu, kazao je.<br><br>Prisjetio se da je poslao pristupnicu za SDP putem interneta, ali nitko mu nije odgovorio, nego je sreo&nbsp;<strong>Davorka Vidovi\u0107a<\/strong>&nbsp;i rekao da \u010deka na odgovor.&nbsp;<\/p>\n\n\n\n<p><strong>Cijepljenje ne bi trebalo biti problem, a neka pitanja nisu podobna za demokratsku raspravu<br><\/strong><br>Cijepljenje je dru\u0161tveno i individualno odgovorno, a za svi prijepori oko COVID potvrda, ka\u017ee, potenciraju se iz politi\u010dkih razloga, na tome se afirmiraju radikalnije politike koje se ne bave cijepljenjem nego tra\u017ee svoje prista\u0161e. Ne smatra da pitanje cijepljenja u suvremenom dru\u0161tvu treba biti problem.<br><br>Komentirao je referendum protiv COVID potvrda i rekao da bi mogli skupiti potpise jer je javnost ve\u0107 polarizirana.\u00a0<br><br>&#8211; Neka pitanja nisu podobna za demokratsku raspravu, iako je referendum demokratski mehanizam, rekao je.<br><br>&#8211; Mislim da bi bilo ispravno da se odluke donose dvotre\u0107inskom ve\u0107inom, ali danas to koristiti kao ne\u0161to \u0161to \u0107e dodatno podijeliti dru\u0161tvo, to nije pravi put, rekao je i naglasio da on ne\u0107e potpisati referendum.<\/p>\n\n\n\n<iframe loading=\"lazy\" src=\"https:\/\/www.facebook.com\/plugins\/video.php?height=476&#038;href=https%3A%2F%2Fwww.facebook.com%2FHRTvijesti%2Fvideos%2F4573214529410237%2F&#038;show_text=false&#038;width=476&#038;t=0\" width=\"476\" height=\"476\" style=\"border:none;overflow:hidden\" scrolling=\"no\" frameborder=\"0\" allowfullscreen=\"true\" allow=\"autoplay; clipboard-write; encrypted-media; picture-in-picture; web-share\" allowFullScreen=\"true\"><\/iframe>\n\n\n\n<p>Ne sla\u017ee se sa stavovima<strong>&nbsp;Zorana Milanovi\u0107a&nbsp;<\/strong>oko COVID potvrda. Ka\u017ee da se ljudima ne mo\u017ee re\u0107i da odlu\u010duju sami za sebe jer svaki je \u017eivot va\u017ean.<br><br>&#8211; U Hrvatskoj postoji jedna stranka koja se izjedna\u010dava s pojmom Hrvatska, i Zoran Milanovi\u0107 dobro udara po tom znaku jednakosti, izjavio je. Ne bi se slo\u017eio s time da se vrati odlikovanje jednom \u010dovjeku iz Osijeka, ali misli da je to bio problem komunikacije, pogre\u0161no je iskomunicirao odluku Ustavnog suda.<br><br>Nije \u017eelio odgovoriti na pitanje ima li ambicije biti \u010delnik SDP-a, kazav\u0161i samo &#8220;nikad ne reci nikad&#8221;. \u017deli pridonijeti da u Zagrebu SDP postane va\u017eniji. Misli da se putem dobrog djelovanja u Zagrebu ostvaruje i namjera osvajanja vlasti u RH.<br><br>&#8211; SDP je dosad na nacionaloj razini dobio vlast, kao da mu je pala u ruke, a sada se trebamo kvalitetom izboriti za vlast, kazao je.<\/p>\n\n\n\n<p><strong>Sporazum s Mo\u017eemo!<\/strong><strong><br><\/strong><br>&#8211; SDP je najve\u0107e probleme Zagreba upisao u sporazum s Mo\u017eemo! &#8211; obrazovanje, infrastruktura, kadrovsko oboga\u0107ivanje. Zagreb je u pitanju infrastrukture potpuno zapu\u0161ten, a klju\u010dna je paradigma vlasti u Zagrebu kao netransparentna, koruptivna, i obveza je i Mo\u017eemo! i SDP-a da se to primijeni, da se vlast u\u010dini po\u0161tenom i gra\u0111anima Zagreba daje dobra usluga za to \u0161to pla\u0107aju i da ne \u017eive u gardu korupcije. Ljudi preziru Zagreba\u010dki holding, a stranka koja bi obe\u0107ala da \u0107e ga ukinuti odmah bi dobila, jer ljudi nisu zadovoljni uslugom, a skupo ih pla\u0107aju. Sve \u0161to se name\u0107e kao tema mora biti stru\u010dno, stru\u010dnjaci moraju re\u0107i \u0161to s cestom, \u0161to s vodovodom, a tek onda dolazi politika. U Zagrebu je bilo mnogo politi\u010dkih projekata koji nisu imali veze sa strukom, naglasio je Gotovac.<br><br>Zagreba\u010dki SDP mora i mo\u017ee biti bolji, a susreo je mnogo stru\u010dnih ljudi koji imaju ideje \u0161to napraviti.&nbsp;<br><br>Gradona\u010delnik Zagreba&nbsp;<strong>Tomislav Toma\u0161evi\u0107<\/strong>&nbsp;ima njegovu podr\u0161ku.<br><strong><br>Proma\u0161ena i lo\u0161e zami\u0161ljena mjera<br><\/strong><br>Mjeru roditelj odgojitelj nazvao je proma\u0161enom i lo\u0161e zami\u0161ljenom. Mjeru je trebalo zaustaviti i nikome ne ukidati prava, a nada se da ne\u0107e biti pravnih posljedica. Ti ljudi koji ostaju bez pomo\u0107i, ne\u0107e mo\u0107i upisati djecu u vrti\u0107e, mjesta nema, a majke i o\u010devi bit \u0107e nezaposleni i ne\u0107e mo\u0107i upisati djecu u vrti\u0107.<br><br><strong>Franjo Tu\u0111man, Andrej Plenkovi\u0107<\/strong><strong><br><\/strong><br>&#8211;&nbsp;<strong>Franjo Tu\u0111man<\/strong>&nbsp;dio je povijesti Hrvatske, zaslu\u017ean za Hrvatsku, kazao je i naglasio da bismo se s pozicije Grada Zagreba trebali sjetiti i pro\u0161lih zagreba\u010dkih gradona\u010delnika.&nbsp;<br><br>Za&nbsp;<strong>Andreja Plenkovi\u0107a<\/strong>&nbsp;ka\u017ee da je osoba koja unosi da\u0161ak europskih vrijednosti, a za HDZ bi bilo najbolje da mu se dogodi sna\u017ean SDP.<br><br>&#8211; Plenkovi\u0107 evidentno usmjerava Hrvatsku u boljem smjeru, rekao je.<br><strong><br>Posljedice lo\u0161eg obrazovanja<br><\/strong><br>Nagla\u0161ava da Hrvatska mora bolje, ali i dodaje da se mi kao nacija previ\u0161e ne preispitujemo pa zato stagniramo.&nbsp;<br><br>&#8211; Vidimo posljedice lo\u0161eg obrazovanja, pa znamo da nam ni perspektiva nije odve\u0107 dobra. Hrvatska treba u\u010diti od malih nacija koje su napravile promjene i skokove, poput Irske i Danske.&nbsp;<br><br><strong>Situacija u okru\u017eenju<\/strong><br><br>&#8211;&nbsp;<strong>Milorad Dodik<\/strong>&nbsp;je remetila\u010dki faktor, njegove su izjave neprihvatljive. On nije rje\u0161enje, nego problem, kazao je.<br><br>Komentirao je i predsjednika Srbije&nbsp;<strong>Aleksandra Vu\u010di\u0107a<\/strong>, kazav\u0161i da ima \u0161ovinisti\u010dke ispade i nacionalisti\u010dke poruke, a na jeftinim temama skuplja politi\u010dke poene.&nbsp;<br><br>&#8211; Mi smo europski narodi, cilj nam je Europa, moramo gledati kako da budemo bolji, a ne natjecati se u trci prema dolje, zaklju\u010dio je.<\/p>\n\n\n\n<p>Izvor:hrt.hr<\/p>\n","protected":false},"excerpt":{"rendered":"<p>Viktor Gotovac, pobjednik SDP-ovih unutarstrana\u010dkih izbora u Zagrebu, rekao je u &#8220;Nedjeljom u dva&#8221; da je izjavom da Zagrebu \u017eeli vratiti Trg mar\u0161ala Tita dobio pozornost, objasnio je izjavu da &#8220;SDP treba biti seksi&#8221;, istaknuo va\u017enost obrazovanja i motiviranja mladih te naglasio da se prijatelja ne odri\u010de, bez obzira na stavove. https:\/\/api.hrt.hr\/media\/a9\/48\/nu2-prilog1-20211205134331.mp4 Viktor Gotovac&nbsp;rekao je [&hellip;]<\/p>\n","protected":false},"author":2,"featured_media":96384,"comment_status":"closed","ping_status":"closed","sticky":false,"template":"","format":"standard","meta":{"h5ap_radio_sources":[],"footnotes":""},"categories":[1],"tags":[],"class_list":["post-96383","post","type-post","status-publish","format-standard","has-post-thumbnail","hentry","category-bihiregija"],"yoast_head":"<!-- This site is optimized with the Yoast SEO plugin v27.4 - https:\/\/yoast.com\/product\/yoast-seo-wordpress\/ -->\n<title>Gotovac: Ideologija je silno va\u017ena - RADIO LJUBU\u0160KI<\/title>\n<meta name=\"robots\" content=\"index, follow, max-snippet:-1, max-image-preview:large, max-video-preview:-1\" \/>\n<link rel=\"canonical\" href=\"https:\/\/radioljubuski.ba\/index.php\/2021\/12\/06\/gotovac-ideologija-je-silno-vazna\/\" \/>\n<meta property=\"og:locale\" content=\"hr_HR\" \/>\n<meta property=\"og:type\" content=\"article\" \/>\n<meta property=\"og:title\" content=\"Gotovac: Ideologija je silno va\u017ena - RADIO LJUBU\u0160KI\" \/>\n<meta property=\"og:description\" content=\"Viktor Gotovac, pobjednik SDP-ovih unutarstrana\u010dkih izbora u Zagrebu, rekao je u &#8220;Nedjeljom u dva&#8221; da je izjavom da Zagrebu \u017eeli vratiti Trg mar\u0161ala Tita dobio pozornost, objasnio je izjavu da &#8220;SDP treba biti seksi&#8221;, istaknuo va\u017enost obrazovanja i motiviranja mladih te naglasio da se prijatelja ne odri\u010de, bez obzira na stavove. https:\/\/api.hrt.hr\/media\/a9\/48\/nu2-prilog1-20211205134331.mp4 Viktor Gotovac&nbsp;rekao je [&hellip;]\" \/>\n<meta property=\"og:url\" content=\"https:\/\/radioljubuski.ba\/index.php\/2021\/12\/06\/gotovac-ideologija-je-silno-vazna\/\" \/>\n<meta property=\"og:site_name\" content=\"RADIO LJUBU\u0160KI\" \/>\n<meta property=\"article:publisher\" content=\"https:\/\/www.facebook.com\/Radiio-Ljubuski-1490835324566332\" \/>\n<meta property=\"article:published_time\" content=\"2021-12-05T23:59:09+00:00\" \/>\n<meta property=\"article:modified_time\" content=\"2021-12-05T23:59:10+00:00\" \/>\n<meta property=\"og:image\" content=\"https:\/\/radioljubuski.ba\/wp-content\/uploads\/2021\/12\/nu2-frame-10557-20211205130726.jpg\" \/>\n\t<meta property=\"og:image:width\" content=\"1920\" \/>\n\t<meta property=\"og:image:height\" content=\"1080\" \/>\n\t<meta property=\"og:image:type\" content=\"image\/jpeg\" \/>\n<meta name=\"author\" content=\"Radio Ljubu\u0161ki\" \/>\n<meta name=\"twitter:card\" content=\"summary_large_image\" \/>\n<meta name=\"twitter:creator\" content=\"@radioljubuski\" \/>\n<meta name=\"twitter:site\" content=\"@radioljubuski\" \/>\n<meta name=\"twitter:label1\" content=\"Napisao\/la\" \/>\n\t<meta name=\"twitter:data1\" content=\"Radio Ljubu\u0161ki\" \/>\n\t<meta name=\"twitter:label2\" content=\"Procijenjeno vrijeme \u010ditanja\" \/>\n\t<meta name=\"twitter:data2\" content=\"7 minuta\" \/>\n<script type=\"application\/ld+json\" class=\"yoast-schema-graph\">{\"@context\":\"https:\\\/\\\/schema.org\",\"@graph\":[{\"@type\":\"Article\",\"@id\":\"https:\\\/\\\/radioljubuski.ba\\\/index.php\\\/2021\\\/12\\\/06\\\/gotovac-ideologija-je-silno-vazna\\\/#article\",\"isPartOf\":{\"@id\":\"https:\\\/\\\/radioljubuski.ba\\\/index.php\\\/2021\\\/12\\\/06\\\/gotovac-ideologija-je-silno-vazna\\\/\"},\"author\":{\"name\":\"Radio Ljubu\u0161ki\",\"@id\":\"https:\\\/\\\/radioljubuski.ba\\\/#\\\/schema\\\/person\\\/19fc700381a780f69665d7956c469e3b\"},\"headline\":\"Gotovac: Ideologija je silno va\u017ena\",\"datePublished\":\"2021-12-05T23:59:09+00:00\",\"dateModified\":\"2021-12-05T23:59:10+00:00\",\"mainEntityOfPage\":{\"@id\":\"https:\\\/\\\/radioljubuski.ba\\\/index.php\\\/2021\\\/12\\\/06\\\/gotovac-ideologija-je-silno-vazna\\\/\"},\"wordCount\":1636,\"publisher\":{\"@id\":\"https:\\\/\\\/radioljubuski.ba\\\/#organization\"},\"image\":{\"@id\":\"https:\\\/\\\/radioljubuski.ba\\\/index.php\\\/2021\\\/12\\\/06\\\/gotovac-ideologija-je-silno-vazna\\\/#primaryimage\"},\"thumbnailUrl\":\"https:\\\/\\\/radioljubuski.ba\\\/wp-content\\\/uploads\\\/2021\\\/12\\\/nu2-frame-10557-20211205130726.jpg\",\"articleSection\":[\"BIH i regija\"],\"inLanguage\":\"hr\"},{\"@type\":\"WebPage\",\"@id\":\"https:\\\/\\\/radioljubuski.ba\\\/index.php\\\/2021\\\/12\\\/06\\\/gotovac-ideologija-je-silno-vazna\\\/\",\"url\":\"https:\\\/\\\/radioljubuski.ba\\\/index.php\\\/2021\\\/12\\\/06\\\/gotovac-ideologija-je-silno-vazna\\\/\",\"name\":\"Gotovac: Ideologija je silno va\u017ena - RADIO LJUBU\u0160KI\",\"isPartOf\":{\"@id\":\"https:\\\/\\\/radioljubuski.ba\\\/#website\"},\"primaryImageOfPage\":{\"@id\":\"https:\\\/\\\/radioljubuski.ba\\\/index.php\\\/2021\\\/12\\\/06\\\/gotovac-ideologija-je-silno-vazna\\\/#primaryimage\"},\"image\":{\"@id\":\"https:\\\/\\\/radioljubuski.ba\\\/index.php\\\/2021\\\/12\\\/06\\\/gotovac-ideologija-je-silno-vazna\\\/#primaryimage\"},\"thumbnailUrl\":\"https:\\\/\\\/radioljubuski.ba\\\/wp-content\\\/uploads\\\/2021\\\/12\\\/nu2-frame-10557-20211205130726.jpg\",\"datePublished\":\"2021-12-05T23:59:09+00:00\",\"dateModified\":\"2021-12-05T23:59:10+00:00\",\"breadcrumb\":{\"@id\":\"https:\\\/\\\/radioljubuski.ba\\\/index.php\\\/2021\\\/12\\\/06\\\/gotovac-ideologija-je-silno-vazna\\\/#breadcrumb\"},\"inLanguage\":\"hr\",\"potentialAction\":[{\"@type\":\"ReadAction\",\"target\":[\"https:\\\/\\\/radioljubuski.ba\\\/index.php\\\/2021\\\/12\\\/06\\\/gotovac-ideologija-je-silno-vazna\\\/\"]}]},{\"@type\":\"ImageObject\",\"inLanguage\":\"hr\",\"@id\":\"https:\\\/\\\/radioljubuski.ba\\\/index.php\\\/2021\\\/12\\\/06\\\/gotovac-ideologija-je-silno-vazna\\\/#primaryimage\",\"url\":\"https:\\\/\\\/radioljubuski.ba\\\/wp-content\\\/uploads\\\/2021\\\/12\\\/nu2-frame-10557-20211205130726.jpg\",\"contentUrl\":\"https:\\\/\\\/radioljubuski.ba\\\/wp-content\\\/uploads\\\/2021\\\/12\\\/nu2-frame-10557-20211205130726.jpg\",\"width\":1920,\"height\":1080},{\"@type\":\"BreadcrumbList\",\"@id\":\"https:\\\/\\\/radioljubuski.ba\\\/index.php\\\/2021\\\/12\\\/06\\\/gotovac-ideologija-je-silno-vazna\\\/#breadcrumb\",\"itemListElement\":[{\"@type\":\"ListItem\",\"position\":1,\"name\":\"Po\u010detna stranica\",\"item\":\"https:\\\/\\\/radioljubuski.ba\\\/\"},{\"@type\":\"ListItem\",\"position\":2,\"name\":\"Gotovac: Ideologija je silno va\u017ena\"}]},{\"@type\":\"WebSite\",\"@id\":\"https:\\\/\\\/radioljubuski.ba\\\/#website\",\"url\":\"https:\\\/\\\/radioljubuski.ba\\\/\",\"name\":\"Radio Ljubu\u0161ki\",\"description\":\"Sun\u010dana frekvencija Hercegovine\",\"publisher\":{\"@id\":\"https:\\\/\\\/radioljubuski.ba\\\/#organization\"},\"potentialAction\":[{\"@type\":\"SearchAction\",\"target\":{\"@type\":\"EntryPoint\",\"urlTemplate\":\"https:\\\/\\\/radioljubuski.ba\\\/?s={search_term_string}\"},\"query-input\":{\"@type\":\"PropertyValueSpecification\",\"valueRequired\":true,\"valueName\":\"search_term_string\"}}],\"inLanguage\":\"hr\"},{\"@type\":\"Organization\",\"@id\":\"https:\\\/\\\/radioljubuski.ba\\\/#organization\",\"name\":\"Radio Ljubu\u0161ki\",\"url\":\"https:\\\/\\\/radioljubuski.ba\\\/\",\"logo\":{\"@type\":\"ImageObject\",\"inLanguage\":\"hr\",\"@id\":\"https:\\\/\\\/radioljubuski.ba\\\/#\\\/schema\\\/logo\\\/image\\\/\",\"url\":\"https:\\\/\\\/radioljubuski.ba\\\/wp-content\\\/uploads\\\/2021\\\/02\\\/cropped-Radio_Ljubuski_logo1.jpg\",\"contentUrl\":\"https:\\\/\\\/radioljubuski.ba\\\/wp-content\\\/uploads\\\/2021\\\/02\\\/cropped-Radio_Ljubuski_logo1.jpg\",\"width\":512,\"height\":512,\"caption\":\"Radio Ljubu\u0161ki\"},\"image\":{\"@id\":\"https:\\\/\\\/radioljubuski.ba\\\/#\\\/schema\\\/logo\\\/image\\\/\"},\"sameAs\":[\"https:\\\/\\\/www.facebook.com\\\/Radiio-Ljubuski-1490835324566332\",\"https:\\\/\\\/x.com\\\/radioljubuski\",\"https:\\\/\\\/hr.linkedin.com\\\/company\\\/radio-ljubuski\",\"https:\\\/\\\/www.youtube.com\\\/channel\\\/UCHYaeO_n0Db3tjNGudGpXyw\"]},{\"@type\":\"Person\",\"@id\":\"https:\\\/\\\/radioljubuski.ba\\\/#\\\/schema\\\/person\\\/19fc700381a780f69665d7956c469e3b\",\"name\":\"Radio Ljubu\u0161ki\"}]}<\/script>\n<!-- \/ Yoast SEO plugin. -->","yoast_head_json":{"title":"Gotovac: Ideologija je silno va\u017ena - RADIO LJUBU\u0160KI","robots":{"index":"index","follow":"follow","max-snippet":"max-snippet:-1","max-image-preview":"max-image-preview:large","max-video-preview":"max-video-preview:-1"},"canonical":"https:\/\/radioljubuski.ba\/index.php\/2021\/12\/06\/gotovac-ideologija-je-silno-vazna\/","og_locale":"hr_HR","og_type":"article","og_title":"Gotovac: Ideologija je silno va\u017ena - RADIO LJUBU\u0160KI","og_description":"Viktor Gotovac, pobjednik SDP-ovih unutarstrana\u010dkih izbora u Zagrebu, rekao je u &#8220;Nedjeljom u dva&#8221; da je izjavom da Zagrebu \u017eeli vratiti Trg mar\u0161ala Tita dobio pozornost, objasnio je izjavu da &#8220;SDP treba biti seksi&#8221;, istaknuo va\u017enost obrazovanja i motiviranja mladih te naglasio da se prijatelja ne odri\u010de, bez obzira na stavove. https:\/\/api.hrt.hr\/media\/a9\/48\/nu2-prilog1-20211205134331.mp4 Viktor Gotovac&nbsp;rekao je [&hellip;]","og_url":"https:\/\/radioljubuski.ba\/index.php\/2021\/12\/06\/gotovac-ideologija-je-silno-vazna\/","og_site_name":"RADIO LJUBU\u0160KI","article_publisher":"https:\/\/www.facebook.com\/Radiio-Ljubuski-1490835324566332","article_published_time":"2021-12-05T23:59:09+00:00","article_modified_time":"2021-12-05T23:59:10+00:00","og_image":[{"width":1920,"height":1080,"url":"https:\/\/radioljubuski.ba\/wp-content\/uploads\/2021\/12\/nu2-frame-10557-20211205130726.jpg","type":"image\/jpeg"}],"author":"Radio Ljubu\u0161ki","twitter_card":"summary_large_image","twitter_creator":"@radioljubuski","twitter_site":"@radioljubuski","twitter_misc":{"Napisao\/la":"Radio Ljubu\u0161ki","Procijenjeno vrijeme \u010ditanja":"7 minuta"},"schema":{"@context":"https:\/\/schema.org","@graph":[{"@type":"Article","@id":"https:\/\/radioljubuski.ba\/index.php\/2021\/12\/06\/gotovac-ideologija-je-silno-vazna\/#article","isPartOf":{"@id":"https:\/\/radioljubuski.ba\/index.php\/2021\/12\/06\/gotovac-ideologija-je-silno-vazna\/"},"author":{"name":"Radio Ljubu\u0161ki","@id":"https:\/\/radioljubuski.ba\/#\/schema\/person\/19fc700381a780f69665d7956c469e3b"},"headline":"Gotovac: Ideologija je silno va\u017ena","datePublished":"2021-12-05T23:59:09+00:00","dateModified":"2021-12-05T23:59:10+00:00","mainEntityOfPage":{"@id":"https:\/\/radioljubuski.ba\/index.php\/2021\/12\/06\/gotovac-ideologija-je-silno-vazna\/"},"wordCount":1636,"publisher":{"@id":"https:\/\/radioljubuski.ba\/#organization"},"image":{"@id":"https:\/\/radioljubuski.ba\/index.php\/2021\/12\/06\/gotovac-ideologija-je-silno-vazna\/#primaryimage"},"thumbnailUrl":"https:\/\/radioljubuski.ba\/wp-content\/uploads\/2021\/12\/nu2-frame-10557-20211205130726.jpg","articleSection":["BIH i regija"],"inLanguage":"hr"},{"@type":"WebPage","@id":"https:\/\/radioljubuski.ba\/index.php\/2021\/12\/06\/gotovac-ideologija-je-silno-vazna\/","url":"https:\/\/radioljubuski.ba\/index.php\/2021\/12\/06\/gotovac-ideologija-je-silno-vazna\/","name":"Gotovac: Ideologija je silno va\u017ena - RADIO LJUBU\u0160KI","isPartOf":{"@id":"https:\/\/radioljubuski.ba\/#website"},"primaryImageOfPage":{"@id":"https:\/\/radioljubuski.ba\/index.php\/2021\/12\/06\/gotovac-ideologija-je-silno-vazna\/#primaryimage"},"image":{"@id":"https:\/\/radioljubuski.ba\/index.php\/2021\/12\/06\/gotovac-ideologija-je-silno-vazna\/#primaryimage"},"thumbnailUrl":"https:\/\/radioljubuski.ba\/wp-content\/uploads\/2021\/12\/nu2-frame-10557-20211205130726.jpg","datePublished":"2021-12-05T23:59:09+00:00","dateModified":"2021-12-05T23:59:10+00:00","breadcrumb":{"@id":"https:\/\/radioljubuski.ba\/index.php\/2021\/12\/06\/gotovac-ideologija-je-silno-vazna\/#breadcrumb"},"inLanguage":"hr","potentialAction":[{"@type":"ReadAction","target":["https:\/\/radioljubuski.ba\/index.php\/2021\/12\/06\/gotovac-ideologija-je-silno-vazna\/"]}]},{"@type":"ImageObject","inLanguage":"hr","@id":"https:\/\/radioljubuski.ba\/index.php\/2021\/12\/06\/gotovac-ideologija-je-silno-vazna\/#primaryimage","url":"https:\/\/radioljubuski.ba\/wp-content\/uploads\/2021\/12\/nu2-frame-10557-20211205130726.jpg","contentUrl":"https:\/\/radioljubuski.ba\/wp-content\/uploads\/2021\/12\/nu2-frame-10557-20211205130726.jpg","width":1920,"height":1080},{"@type":"BreadcrumbList","@id":"https:\/\/radioljubuski.ba\/index.php\/2021\/12\/06\/gotovac-ideologija-je-silno-vazna\/#breadcrumb","itemListElement":[{"@type":"ListItem","position":1,"name":"Po\u010detna stranica","item":"https:\/\/radioljubuski.ba\/"},{"@type":"ListItem","position":2,"name":"Gotovac: Ideologija je silno va\u017ena"}]},{"@type":"WebSite","@id":"https:\/\/radioljubuski.ba\/#website","url":"https:\/\/radioljubuski.ba\/","name":"Radio Ljubu\u0161ki","description":"Sun\u010dana frekvencija Hercegovine","publisher":{"@id":"https:\/\/radioljubuski.ba\/#organization"},"potentialAction":[{"@type":"SearchAction","target":{"@type":"EntryPoint","urlTemplate":"https:\/\/radioljubuski.ba\/?s={search_term_string}"},"query-input":{"@type":"PropertyValueSpecification","valueRequired":true,"valueName":"search_term_string"}}],"inLanguage":"hr"},{"@type":"Organization","@id":"https:\/\/radioljubuski.ba\/#organization","name":"Radio Ljubu\u0161ki","url":"https:\/\/radioljubuski.ba\/","logo":{"@type":"ImageObject","inLanguage":"hr","@id":"https:\/\/radioljubuski.ba\/#\/schema\/logo\/image\/","url":"https:\/\/radioljubuski.ba\/wp-content\/uploads\/2021\/02\/cropped-Radio_Ljubuski_logo1.jpg","contentUrl":"https:\/\/radioljubuski.ba\/wp-content\/uploads\/2021\/02\/cropped-Radio_Ljubuski_logo1.jpg","width":512,"height":512,"caption":"Radio Ljubu\u0161ki"},"image":{"@id":"https:\/\/radioljubuski.ba\/#\/schema\/logo\/image\/"},"sameAs":["https:\/\/www.facebook.com\/Radiio-Ljubuski-1490835324566332","https:\/\/x.com\/radioljubuski","https:\/\/hr.linkedin.com\/company\/radio-ljubuski","https:\/\/www.youtube.com\/channel\/UCHYaeO_n0Db3tjNGudGpXyw"]},{"@type":"Person","@id":"https:\/\/radioljubuski.ba\/#\/schema\/person\/19fc700381a780f69665d7956c469e3b","name":"Radio Ljubu\u0161ki"}]}},"_links":{"self":[{"href":"https:\/\/radioljubuski.ba\/index.php\/wp-json\/wp\/v2\/posts\/96383","targetHints":{"allow":["GET"]}}],"collection":[{"href":"https:\/\/radioljubuski.ba\/index.php\/wp-json\/wp\/v2\/posts"}],"about":[{"href":"https:\/\/radioljubuski.ba\/index.php\/wp-json\/wp\/v2\/types\/post"}],"author":[{"embeddable":true,"href":"https:\/\/radioljubuski.ba\/index.php\/wp-json\/wp\/v2\/users\/2"}],"replies":[{"embeddable":true,"href":"https:\/\/radioljubuski.ba\/index.php\/wp-json\/wp\/v2\/comments?post=96383"}],"version-history":[{"count":1,"href":"https:\/\/radioljubuski.ba\/index.php\/wp-json\/wp\/v2\/posts\/96383\/revisions"}],"predecessor-version":[{"id":96385,"href":"https:\/\/radioljubuski.ba\/index.php\/wp-json\/wp\/v2\/posts\/96383\/revisions\/96385"}],"wp:featuredmedia":[{"embeddable":true,"href":"https:\/\/radioljubuski.ba\/index.php\/wp-json\/wp\/v2\/media\/96384"}],"wp:attachment":[{"href":"https:\/\/radioljubuski.ba\/index.php\/wp-json\/wp\/v2\/media?parent=96383"}],"wp:term":[{"taxonomy":"category","embeddable":true,"href":"https:\/\/radioljubuski.ba\/index.php\/wp-json\/wp\/v2\/categories?post=96383"},{"taxonomy":"post_tag","embeddable":true,"href":"https:\/\/radioljubuski.ba\/index.php\/wp-json\/wp\/v2\/tags?post=96383"}],"curies":[{"name":"wp","href":"https:\/\/api.w.org\/{rel}","templated":true}]}}