{"id":96386,"date":"2021-12-06T01:02:19","date_gmt":"2021-12-06T00:02:19","guid":{"rendered":"https:\/\/radioljubuski.ba\/?p=96386"},"modified":"2021-12-06T01:02:21","modified_gmt":"2021-12-06T00:02:21","slug":"krsteno-8-i-9-dijete-obitelji-marije-i-kristijana-lukacin-te-5-dijete-obitelji-marije-i-denisa-lukacin","status":"publish","type":"post","link":"https:\/\/radioljubuski.ba\/index.php\/2021\/12\/06\/krsteno-8-i-9-dijete-obitelji-marije-i-kristijana-lukacin-te-5-dijete-obitelji-marije-i-denisa-lukacin\/","title":{"rendered":"Kr\u0161teno 8. i 9. dijete obitelji Marije i Kristijana Luka\u010din te 5. dijete obitelji Marije i Denisa Luka\u010din"},"content":{"rendered":"\n<p>Danas, na drugu adventsku nedjelju, u Marku\u0161evcu, u \u017eupi sv. \u0160imuna i Jude Tadeja, pomo\u0107ni zagreba\u010dki biskup Ivan \u0160a\u0161ko krstio je Ivana i Martina, 8. i 9. dijete u obitelji Luka\u010din i Abigail, 5. dijete u drugoj obitelji Luka\u010din. Rije\u010d je o obiteljima dvojice bra\u0107e.<\/p>\n\n\n\n<p>Ovaj sve\u010dani i radosni doga\u0111aj odvio se na sv. misi u 11 sati, a zanimljivo je da je su te dvije obitelji, zajedno s kumovima, oko sebe imale 27-ero djece.<\/p>\n\n\n\n<figure class=\"wp-block-image\"><img decoding=\"async\" src=\"https:\/\/narod.hr\/wp-content\/uploads\/2021\/12\/WhatsApp-Image-2021-12-05-at-21.20.45-560x420.jpg\" alt=\"\"\/><\/figure>\n\n\n\n<figure class=\"wp-block-image\"><img decoding=\"async\" src=\"https:\/\/narod.hr\/wp-content\/uploads\/2021\/12\/WhatsApp-Image-2021-12-05-at-21.24.47-560x420.jpg\" alt=\"\"\/><\/figure>\n\n\n\n<figure class=\"wp-block-image\"><img decoding=\"async\" src=\"https:\/\/narod.hr\/wp-content\/uploads\/2021\/12\/WhatsApp-Image-2021-12-05-at-21.25.06-560x420.jpg\" alt=\"\"\/><\/figure>\n\n\n\n<figure class=\"wp-block-image\"><img decoding=\"async\" src=\"https:\/\/narod.hr\/wp-content\/uploads\/2021\/12\/WhatsApp-Image-2021-12-05-at-21.27.29-560x420.jpg\" alt=\"\"\/><\/figure>\n\n\n\n<p><em>Izvor: narod.hr<\/em><\/p>\n","protected":false},"excerpt":{"rendered":"<p>Danas, na drugu adventsku nedjelju, u Marku\u0161evcu, u \u017eupi sv. \u0160imuna i Jude Tadeja, pomo\u0107ni zagreba\u010dki biskup Ivan \u0160a\u0161ko krstio je Ivana i Martina, 8. i 9. dijete u obitelji Luka\u010din i Abigail, 5. dijete u drugoj obitelji Luka\u010din. Rije\u010d je o obiteljima dvojice bra\u0107e. Ovaj sve\u010dani i radosni doga\u0111aj odvio se na sv. misi [&hellip;]<\/p>\n","protected":false},"author":2,"featured_media":96387,"comment_status":"closed","ping_status":"closed","sticky":false,"template":"","format":"standard","meta":{"h5ap_radio_sources":[],"footnotes":""},"categories":[1],"tags":[],"class_list":["post-96386","post","type-post","status-publish","format-standard","has-post-thumbnail","hentry","category-bihiregija"],"yoast_head":"<!-- This site is optimized with the Yoast SEO plugin v27.4 - https:\/\/yoast.com\/product\/yoast-seo-wordpress\/ -->\n<title>Kr\u0161teno 8. i 9. dijete obitelji Marije i Kristijana Luka\u010din te 5. dijete obitelji Marije i Denisa Luka\u010din - RADIO LJUBU\u0160KI<\/title>\n<meta name=\"robots\" content=\"index, follow, max-snippet:-1, max-image-preview:large, max-video-preview:-1\" \/>\n<link rel=\"canonical\" href=\"https:\/\/radioljubuski.ba\/index.php\/2021\/12\/06\/krsteno-8-i-9-dijete-obitelji-marije-i-kristijana-lukacin-te-5-dijete-obitelji-marije-i-denisa-lukacin\/\" \/>\n<meta property=\"og:locale\" content=\"hr_HR\" \/>\n<meta property=\"og:type\" content=\"article\" \/>\n<meta property=\"og:title\" content=\"Kr\u0161teno 8. i 9. dijete obitelji Marije i Kristijana Luka\u010din te 5. dijete obitelji Marije i Denisa Luka\u010din - RADIO LJUBU\u0160KI\" \/>\n<meta property=\"og:description\" content=\"Danas, na drugu adventsku nedjelju, u Marku\u0161evcu, u \u017eupi sv. \u0160imuna i Jude Tadeja, pomo\u0107ni zagreba\u010dki biskup Ivan \u0160a\u0161ko krstio je Ivana i Martina, 8. i 9. dijete u obitelji Luka\u010din i Abigail, 5. dijete u drugoj obitelji Luka\u010din. Rije\u010d je o obiteljima dvojice bra\u0107e. Ovaj sve\u010dani i radosni doga\u0111aj odvio se na sv. misi [&hellip;]\" \/>\n<meta property=\"og:url\" content=\"https:\/\/radioljubuski.ba\/index.php\/2021\/12\/06\/krsteno-8-i-9-dijete-obitelji-marije-i-kristijana-lukacin-te-5-dijete-obitelji-marije-i-denisa-lukacin\/\" \/>\n<meta property=\"og:site_name\" content=\"RADIO LJUBU\u0160KI\" \/>\n<meta property=\"article:publisher\" content=\"https:\/\/www.facebook.com\/Radiio-Ljubuski-1490835324566332\" \/>\n<meta property=\"article:published_time\" content=\"2021-12-06T00:02:19+00:00\" \/>\n<meta property=\"article:modified_time\" content=\"2021-12-06T00:02:21+00:00\" \/>\n<meta property=\"og:image\" content=\"https:\/\/radioljubuski.ba\/wp-content\/uploads\/2021\/12\/WhatsApp-Image-2021-12-05-at-21.21.05-696x522-1.jpg\" \/>\n\t<meta property=\"og:image:width\" content=\"696\" \/>\n\t<meta property=\"og:image:height\" content=\"522\" \/>\n\t<meta property=\"og:image:type\" content=\"image\/jpeg\" \/>\n<meta name=\"author\" content=\"Radio Ljubu\u0161ki\" \/>\n<meta name=\"twitter:card\" content=\"summary_large_image\" \/>\n<meta name=\"twitter:creator\" content=\"@radioljubuski\" \/>\n<meta name=\"twitter:site\" content=\"@radioljubuski\" \/>\n<meta name=\"twitter:label1\" content=\"Napisao\/la\" \/>\n\t<meta name=\"twitter:data1\" content=\"Radio Ljubu\u0161ki\" \/>\n\t<meta name=\"twitter:label2\" content=\"Procijenjeno vrijeme \u010ditanja\" \/>\n\t<meta name=\"twitter:data2\" content=\"2 minute\" \/>\n<script type=\"application\/ld+json\" class=\"yoast-schema-graph\">{\"@context\":\"https:\\\/\\\/schema.org\",\"@graph\":[{\"@type\":\"Article\",\"@id\":\"https:\\\/\\\/radioljubuski.ba\\\/index.php\\\/2021\\\/12\\\/06\\\/krsteno-8-i-9-dijete-obitelji-marije-i-kristijana-lukacin-te-5-dijete-obitelji-marije-i-denisa-lukacin\\\/#article\",\"isPartOf\":{\"@id\":\"https:\\\/\\\/radioljubuski.ba\\\/index.php\\\/2021\\\/12\\\/06\\\/krsteno-8-i-9-dijete-obitelji-marije-i-kristijana-lukacin-te-5-dijete-obitelji-marije-i-denisa-lukacin\\\/\"},\"author\":{\"name\":\"Radio Ljubu\u0161ki\",\"@id\":\"https:\\\/\\\/radioljubuski.ba\\\/#\\\/schema\\\/person\\\/19fc700381a780f69665d7956c469e3b\"},\"headline\":\"Kr\u0161teno 8. i 9. dijete obitelji Marije i Kristijana Luka\u010din te 5. dijete obitelji Marije i Denisa Luka\u010din\",\"datePublished\":\"2021-12-06T00:02:19+00:00\",\"dateModified\":\"2021-12-06T00:02:21+00:00\",\"mainEntityOfPage\":{\"@id\":\"https:\\\/\\\/radioljubuski.ba\\\/index.php\\\/2021\\\/12\\\/06\\\/krsteno-8-i-9-dijete-obitelji-marije-i-kristijana-lukacin-te-5-dijete-obitelji-marije-i-denisa-lukacin\\\/\"},\"wordCount\":101,\"publisher\":{\"@id\":\"https:\\\/\\\/radioljubuski.ba\\\/#organization\"},\"image\":{\"@id\":\"https:\\\/\\\/radioljubuski.ba\\\/index.php\\\/2021\\\/12\\\/06\\\/krsteno-8-i-9-dijete-obitelji-marije-i-kristijana-lukacin-te-5-dijete-obitelji-marije-i-denisa-lukacin\\\/#primaryimage\"},\"thumbnailUrl\":\"https:\\\/\\\/radioljubuski.ba\\\/wp-content\\\/uploads\\\/2021\\\/12\\\/WhatsApp-Image-2021-12-05-at-21.21.05-696x522-1.jpg\",\"articleSection\":[\"BIH i regija\"],\"inLanguage\":\"hr\"},{\"@type\":\"WebPage\",\"@id\":\"https:\\\/\\\/radioljubuski.ba\\\/index.php\\\/2021\\\/12\\\/06\\\/krsteno-8-i-9-dijete-obitelji-marije-i-kristijana-lukacin-te-5-dijete-obitelji-marije-i-denisa-lukacin\\\/\",\"url\":\"https:\\\/\\\/radioljubuski.ba\\\/index.php\\\/2021\\\/12\\\/06\\\/krsteno-8-i-9-dijete-obitelji-marije-i-kristijana-lukacin-te-5-dijete-obitelji-marije-i-denisa-lukacin\\\/\",\"name\":\"Kr\u0161teno 8. i 9. dijete obitelji Marije i Kristijana Luka\u010din te 5. dijete obitelji Marije i Denisa Luka\u010din - RADIO LJUBU\u0160KI\",\"isPartOf\":{\"@id\":\"https:\\\/\\\/radioljubuski.ba\\\/#website\"},\"primaryImageOfPage\":{\"@id\":\"https:\\\/\\\/radioljubuski.ba\\\/index.php\\\/2021\\\/12\\\/06\\\/krsteno-8-i-9-dijete-obitelji-marije-i-kristijana-lukacin-te-5-dijete-obitelji-marije-i-denisa-lukacin\\\/#primaryimage\"},\"image\":{\"@id\":\"https:\\\/\\\/radioljubuski.ba\\\/index.php\\\/2021\\\/12\\\/06\\\/krsteno-8-i-9-dijete-obitelji-marije-i-kristijana-lukacin-te-5-dijete-obitelji-marije-i-denisa-lukacin\\\/#primaryimage\"},\"thumbnailUrl\":\"https:\\\/\\\/radioljubuski.ba\\\/wp-content\\\/uploads\\\/2021\\\/12\\\/WhatsApp-Image-2021-12-05-at-21.21.05-696x522-1.jpg\",\"datePublished\":\"2021-12-06T00:02:19+00:00\",\"dateModified\":\"2021-12-06T00:02:21+00:00\",\"breadcrumb\":{\"@id\":\"https:\\\/\\\/radioljubuski.ba\\\/index.php\\\/2021\\\/12\\\/06\\\/krsteno-8-i-9-dijete-obitelji-marije-i-kristijana-lukacin-te-5-dijete-obitelji-marije-i-denisa-lukacin\\\/#breadcrumb\"},\"inLanguage\":\"hr\",\"potentialAction\":[{\"@type\":\"ReadAction\",\"target\":[\"https:\\\/\\\/radioljubuski.ba\\\/index.php\\\/2021\\\/12\\\/06\\\/krsteno-8-i-9-dijete-obitelji-marije-i-kristijana-lukacin-te-5-dijete-obitelji-marije-i-denisa-lukacin\\\/\"]}]},{\"@type\":\"ImageObject\",\"inLanguage\":\"hr\",\"@id\":\"https:\\\/\\\/radioljubuski.ba\\\/index.php\\\/2021\\\/12\\\/06\\\/krsteno-8-i-9-dijete-obitelji-marije-i-kristijana-lukacin-te-5-dijete-obitelji-marije-i-denisa-lukacin\\\/#primaryimage\",\"url\":\"https:\\\/\\\/radioljubuski.ba\\\/wp-content\\\/uploads\\\/2021\\\/12\\\/WhatsApp-Image-2021-12-05-at-21.21.05-696x522-1.jpg\",\"contentUrl\":\"https:\\\/\\\/radioljubuski.ba\\\/wp-content\\\/uploads\\\/2021\\\/12\\\/WhatsApp-Image-2021-12-05-at-21.21.05-696x522-1.jpg\",\"width\":696,\"height\":522},{\"@type\":\"BreadcrumbList\",\"@id\":\"https:\\\/\\\/radioljubuski.ba\\\/index.php\\\/2021\\\/12\\\/06\\\/krsteno-8-i-9-dijete-obitelji-marije-i-kristijana-lukacin-te-5-dijete-obitelji-marije-i-denisa-lukacin\\\/#breadcrumb\",\"itemListElement\":[{\"@type\":\"ListItem\",\"position\":1,\"name\":\"Po\u010detna stranica\",\"item\":\"https:\\\/\\\/radioljubuski.ba\\\/\"},{\"@type\":\"ListItem\",\"position\":2,\"name\":\"Kr\u0161teno 8. i 9. dijete obitelji Marije i Kristijana Luka\u010din te 5. dijete obitelji Marije i Denisa Luka\u010din\"}]},{\"@type\":\"WebSite\",\"@id\":\"https:\\\/\\\/radioljubuski.ba\\\/#website\",\"url\":\"https:\\\/\\\/radioljubuski.ba\\\/\",\"name\":\"Radio Ljubu\u0161ki\",\"description\":\"Sun\u010dana frekvencija Hercegovine\",\"publisher\":{\"@id\":\"https:\\\/\\\/radioljubuski.ba\\\/#organization\"},\"potentialAction\":[{\"@type\":\"SearchAction\",\"target\":{\"@type\":\"EntryPoint\",\"urlTemplate\":\"https:\\\/\\\/radioljubuski.ba\\\/?s={search_term_string}\"},\"query-input\":{\"@type\":\"PropertyValueSpecification\",\"valueRequired\":true,\"valueName\":\"search_term_string\"}}],\"inLanguage\":\"hr\"},{\"@type\":\"Organization\",\"@id\":\"https:\\\/\\\/radioljubuski.ba\\\/#organization\",\"name\":\"Radio Ljubu\u0161ki\",\"url\":\"https:\\\/\\\/radioljubuski.ba\\\/\",\"logo\":{\"@type\":\"ImageObject\",\"inLanguage\":\"hr\",\"@id\":\"https:\\\/\\\/radioljubuski.ba\\\/#\\\/schema\\\/logo\\\/image\\\/\",\"url\":\"https:\\\/\\\/radioljubuski.ba\\\/wp-content\\\/uploads\\\/2021\\\/02\\\/cropped-Radio_Ljubuski_logo1.jpg\",\"contentUrl\":\"https:\\\/\\\/radioljubuski.ba\\\/wp-content\\\/uploads\\\/2021\\\/02\\\/cropped-Radio_Ljubuski_logo1.jpg\",\"width\":512,\"height\":512,\"caption\":\"Radio Ljubu\u0161ki\"},\"image\":{\"@id\":\"https:\\\/\\\/radioljubuski.ba\\\/#\\\/schema\\\/logo\\\/image\\\/\"},\"sameAs\":[\"https:\\\/\\\/www.facebook.com\\\/Radiio-Ljubuski-1490835324566332\",\"https:\\\/\\\/x.com\\\/radioljubuski\",\"https:\\\/\\\/hr.linkedin.com\\\/company\\\/radio-ljubuski\",\"https:\\\/\\\/www.youtube.com\\\/channel\\\/UCHYaeO_n0Db3tjNGudGpXyw\"]},{\"@type\":\"Person\",\"@id\":\"https:\\\/\\\/radioljubuski.ba\\\/#\\\/schema\\\/person\\\/19fc700381a780f69665d7956c469e3b\",\"name\":\"Radio Ljubu\u0161ki\"}]}<\/script>\n<!-- \/ Yoast SEO plugin. -->","yoast_head_json":{"title":"Kr\u0161teno 8. i 9. dijete obitelji Marije i Kristijana Luka\u010din te 5. dijete obitelji Marije i Denisa Luka\u010din - RADIO LJUBU\u0160KI","robots":{"index":"index","follow":"follow","max-snippet":"max-snippet:-1","max-image-preview":"max-image-preview:large","max-video-preview":"max-video-preview:-1"},"canonical":"https:\/\/radioljubuski.ba\/index.php\/2021\/12\/06\/krsteno-8-i-9-dijete-obitelji-marije-i-kristijana-lukacin-te-5-dijete-obitelji-marije-i-denisa-lukacin\/","og_locale":"hr_HR","og_type":"article","og_title":"Kr\u0161teno 8. i 9. dijete obitelji Marije i Kristijana Luka\u010din te 5. dijete obitelji Marije i Denisa Luka\u010din - RADIO LJUBU\u0160KI","og_description":"Danas, na drugu adventsku nedjelju, u Marku\u0161evcu, u \u017eupi sv. \u0160imuna i Jude Tadeja, pomo\u0107ni zagreba\u010dki biskup Ivan \u0160a\u0161ko krstio je Ivana i Martina, 8. i 9. dijete u obitelji Luka\u010din i Abigail, 5. dijete u drugoj obitelji Luka\u010din. Rije\u010d je o obiteljima dvojice bra\u0107e. Ovaj sve\u010dani i radosni doga\u0111aj odvio se na sv. misi [&hellip;]","og_url":"https:\/\/radioljubuski.ba\/index.php\/2021\/12\/06\/krsteno-8-i-9-dijete-obitelji-marije-i-kristijana-lukacin-te-5-dijete-obitelji-marije-i-denisa-lukacin\/","og_site_name":"RADIO LJUBU\u0160KI","article_publisher":"https:\/\/www.facebook.com\/Radiio-Ljubuski-1490835324566332","article_published_time":"2021-12-06T00:02:19+00:00","article_modified_time":"2021-12-06T00:02:21+00:00","og_image":[{"width":696,"height":522,"url":"https:\/\/radioljubuski.ba\/wp-content\/uploads\/2021\/12\/WhatsApp-Image-2021-12-05-at-21.21.05-696x522-1.jpg","type":"image\/jpeg"}],"author":"Radio Ljubu\u0161ki","twitter_card":"summary_large_image","twitter_creator":"@radioljubuski","twitter_site":"@radioljubuski","twitter_misc":{"Napisao\/la":"Radio Ljubu\u0161ki","Procijenjeno vrijeme \u010ditanja":"2 minute"},"schema":{"@context":"https:\/\/schema.org","@graph":[{"@type":"Article","@id":"https:\/\/radioljubuski.ba\/index.php\/2021\/12\/06\/krsteno-8-i-9-dijete-obitelji-marije-i-kristijana-lukacin-te-5-dijete-obitelji-marije-i-denisa-lukacin\/#article","isPartOf":{"@id":"https:\/\/radioljubuski.ba\/index.php\/2021\/12\/06\/krsteno-8-i-9-dijete-obitelji-marije-i-kristijana-lukacin-te-5-dijete-obitelji-marije-i-denisa-lukacin\/"},"author":{"name":"Radio Ljubu\u0161ki","@id":"https:\/\/radioljubuski.ba\/#\/schema\/person\/19fc700381a780f69665d7956c469e3b"},"headline":"Kr\u0161teno 8. i 9. dijete obitelji Marije i Kristijana Luka\u010din te 5. dijete obitelji Marije i Denisa Luka\u010din","datePublished":"2021-12-06T00:02:19+00:00","dateModified":"2021-12-06T00:02:21+00:00","mainEntityOfPage":{"@id":"https:\/\/radioljubuski.ba\/index.php\/2021\/12\/06\/krsteno-8-i-9-dijete-obitelji-marije-i-kristijana-lukacin-te-5-dijete-obitelji-marije-i-denisa-lukacin\/"},"wordCount":101,"publisher":{"@id":"https:\/\/radioljubuski.ba\/#organization"},"image":{"@id":"https:\/\/radioljubuski.ba\/index.php\/2021\/12\/06\/krsteno-8-i-9-dijete-obitelji-marije-i-kristijana-lukacin-te-5-dijete-obitelji-marije-i-denisa-lukacin\/#primaryimage"},"thumbnailUrl":"https:\/\/radioljubuski.ba\/wp-content\/uploads\/2021\/12\/WhatsApp-Image-2021-12-05-at-21.21.05-696x522-1.jpg","articleSection":["BIH i regija"],"inLanguage":"hr"},{"@type":"WebPage","@id":"https:\/\/radioljubuski.ba\/index.php\/2021\/12\/06\/krsteno-8-i-9-dijete-obitelji-marije-i-kristijana-lukacin-te-5-dijete-obitelji-marije-i-denisa-lukacin\/","url":"https:\/\/radioljubuski.ba\/index.php\/2021\/12\/06\/krsteno-8-i-9-dijete-obitelji-marije-i-kristijana-lukacin-te-5-dijete-obitelji-marije-i-denisa-lukacin\/","name":"Kr\u0161teno 8. i 9. dijete obitelji Marije i Kristijana Luka\u010din te 5. dijete obitelji Marije i Denisa Luka\u010din - RADIO LJUBU\u0160KI","isPartOf":{"@id":"https:\/\/radioljubuski.ba\/#website"},"primaryImageOfPage":{"@id":"https:\/\/radioljubuski.ba\/index.php\/2021\/12\/06\/krsteno-8-i-9-dijete-obitelji-marije-i-kristijana-lukacin-te-5-dijete-obitelji-marije-i-denisa-lukacin\/#primaryimage"},"image":{"@id":"https:\/\/radioljubuski.ba\/index.php\/2021\/12\/06\/krsteno-8-i-9-dijete-obitelji-marije-i-kristijana-lukacin-te-5-dijete-obitelji-marije-i-denisa-lukacin\/#primaryimage"},"thumbnailUrl":"https:\/\/radioljubuski.ba\/wp-content\/uploads\/2021\/12\/WhatsApp-Image-2021-12-05-at-21.21.05-696x522-1.jpg","datePublished":"2021-12-06T00:02:19+00:00","dateModified":"2021-12-06T00:02:21+00:00","breadcrumb":{"@id":"https:\/\/radioljubuski.ba\/index.php\/2021\/12\/06\/krsteno-8-i-9-dijete-obitelji-marije-i-kristijana-lukacin-te-5-dijete-obitelji-marije-i-denisa-lukacin\/#breadcrumb"},"inLanguage":"hr","potentialAction":[{"@type":"ReadAction","target":["https:\/\/radioljubuski.ba\/index.php\/2021\/12\/06\/krsteno-8-i-9-dijete-obitelji-marije-i-kristijana-lukacin-te-5-dijete-obitelji-marije-i-denisa-lukacin\/"]}]},{"@type":"ImageObject","inLanguage":"hr","@id":"https:\/\/radioljubuski.ba\/index.php\/2021\/12\/06\/krsteno-8-i-9-dijete-obitelji-marije-i-kristijana-lukacin-te-5-dijete-obitelji-marije-i-denisa-lukacin\/#primaryimage","url":"https:\/\/radioljubuski.ba\/wp-content\/uploads\/2021\/12\/WhatsApp-Image-2021-12-05-at-21.21.05-696x522-1.jpg","contentUrl":"https:\/\/radioljubuski.ba\/wp-content\/uploads\/2021\/12\/WhatsApp-Image-2021-12-05-at-21.21.05-696x522-1.jpg","width":696,"height":522},{"@type":"BreadcrumbList","@id":"https:\/\/radioljubuski.ba\/index.php\/2021\/12\/06\/krsteno-8-i-9-dijete-obitelji-marije-i-kristijana-lukacin-te-5-dijete-obitelji-marije-i-denisa-lukacin\/#breadcrumb","itemListElement":[{"@type":"ListItem","position":1,"name":"Po\u010detna stranica","item":"https:\/\/radioljubuski.ba\/"},{"@type":"ListItem","position":2,"name":"Kr\u0161teno 8. i 9. dijete obitelji Marije i Kristijana Luka\u010din te 5. dijete obitelji Marije i Denisa Luka\u010din"}]},{"@type":"WebSite","@id":"https:\/\/radioljubuski.ba\/#website","url":"https:\/\/radioljubuski.ba\/","name":"Radio Ljubu\u0161ki","description":"Sun\u010dana frekvencija Hercegovine","publisher":{"@id":"https:\/\/radioljubuski.ba\/#organization"},"potentialAction":[{"@type":"SearchAction","target":{"@type":"EntryPoint","urlTemplate":"https:\/\/radioljubuski.ba\/?s={search_term_string}"},"query-input":{"@type":"PropertyValueSpecification","valueRequired":true,"valueName":"search_term_string"}}],"inLanguage":"hr"},{"@type":"Organization","@id":"https:\/\/radioljubuski.ba\/#organization","name":"Radio Ljubu\u0161ki","url":"https:\/\/radioljubuski.ba\/","logo":{"@type":"ImageObject","inLanguage":"hr","@id":"https:\/\/radioljubuski.ba\/#\/schema\/logo\/image\/","url":"https:\/\/radioljubuski.ba\/wp-content\/uploads\/2021\/02\/cropped-Radio_Ljubuski_logo1.jpg","contentUrl":"https:\/\/radioljubuski.ba\/wp-content\/uploads\/2021\/02\/cropped-Radio_Ljubuski_logo1.jpg","width":512,"height":512,"caption":"Radio Ljubu\u0161ki"},"image":{"@id":"https:\/\/radioljubuski.ba\/#\/schema\/logo\/image\/"},"sameAs":["https:\/\/www.facebook.com\/Radiio-Ljubuski-1490835324566332","https:\/\/x.com\/radioljubuski","https:\/\/hr.linkedin.com\/company\/radio-ljubuski","https:\/\/www.youtube.com\/channel\/UCHYaeO_n0Db3tjNGudGpXyw"]},{"@type":"Person","@id":"https:\/\/radioljubuski.ba\/#\/schema\/person\/19fc700381a780f69665d7956c469e3b","name":"Radio Ljubu\u0161ki"}]}},"_links":{"self":[{"href":"https:\/\/radioljubuski.ba\/index.php\/wp-json\/wp\/v2\/posts\/96386","targetHints":{"allow":["GET"]}}],"collection":[{"href":"https:\/\/radioljubuski.ba\/index.php\/wp-json\/wp\/v2\/posts"}],"about":[{"href":"https:\/\/radioljubuski.ba\/index.php\/wp-json\/wp\/v2\/types\/post"}],"author":[{"embeddable":true,"href":"https:\/\/radioljubuski.ba\/index.php\/wp-json\/wp\/v2\/users\/2"}],"replies":[{"embeddable":true,"href":"https:\/\/radioljubuski.ba\/index.php\/wp-json\/wp\/v2\/comments?post=96386"}],"version-history":[{"count":1,"href":"https:\/\/radioljubuski.ba\/index.php\/wp-json\/wp\/v2\/posts\/96386\/revisions"}],"predecessor-version":[{"id":96388,"href":"https:\/\/radioljubuski.ba\/index.php\/wp-json\/wp\/v2\/posts\/96386\/revisions\/96388"}],"wp:featuredmedia":[{"embeddable":true,"href":"https:\/\/radioljubuski.ba\/index.php\/wp-json\/wp\/v2\/media\/96387"}],"wp:attachment":[{"href":"https:\/\/radioljubuski.ba\/index.php\/wp-json\/wp\/v2\/media?parent=96386"}],"wp:term":[{"taxonomy":"category","embeddable":true,"href":"https:\/\/radioljubuski.ba\/index.php\/wp-json\/wp\/v2\/categories?post=96386"},{"taxonomy":"post_tag","embeddable":true,"href":"https:\/\/radioljubuski.ba\/index.php\/wp-json\/wp\/v2\/tags?post=96386"}],"curies":[{"name":"wp","href":"https:\/\/api.w.org\/{rel}","templated":true}]}}