{"id":96389,"date":"2021-12-06T01:04:31","date_gmt":"2021-12-06T00:04:31","guid":{"rendered":"https:\/\/radioljubuski.ba\/?p=96389"},"modified":"2021-12-06T01:04:32","modified_gmt":"2021-12-06T00:04:32","slug":"majke-odgajateljice-mozemo-udara-direktno-na-djecu-a-izjava-kekin-je-poziv-na-linc","status":"publish","type":"post","link":"https:\/\/radioljubuski.ba\/index.php\/2021\/12\/06\/majke-odgajateljice-mozemo-udara-direktno-na-djecu-a-izjava-kekin-je-poziv-na-linc\/","title":{"rendered":"Majke odgajateljice: \u2018Mo\u017eemo udara direktno na djecu, a izjava Kekin je poziv na lin\u010d\u2019"},"content":{"rendered":"\n<p>Prozvale Tomislava Toma\u0161evi\u0107a, Ivanu Kekin i Danijelu Dolenec: \u201cLa\u017eu, ne poznaju tematiku, ne znaju ra\u010dunati i smatraju da Zagrebu ne treba vi\u0161e djece!\u201c<\/p>\n\n\n\n<iframe loading=\"lazy\" title=\"BUJICA 01.12.2021. MAJKE ODGOJITELJICE: TOMA\u0160EVI\u0106U, SRAMI SE! Berbi\u0107 Lacko, Jele\u010d, Cecelja Martinkec\" width=\"640\" height=\"360\" src=\"https:\/\/www.youtube.com\/embed\/c00Cq7ary0U?feature=oembed\" frameborder=\"0\" allow=\"accelerometer; autoplay; clipboard-write; encrypted-media; gyroscope; picture-in-picture; web-share\" referrerpolicy=\"strict-origin-when-cross-origin\" allowfullscreen><\/iframe>\n\n\n\n<p>U Bujici, na Z1 televiziji, gostovale su tri dame \u2013&nbsp;<strong>Ana Marija Berbi\u0107 Lacko, Dunja Jele\u010d i Davorka Cecelja Martinkec<\/strong>. One su majke odgojiteljice i ogor\u010dene su odlukom nove zagreba\u010dke radikalno lijeve vlasti da se ukine demografska mjera roditelj odgojitelj\u2026<\/p>\n\n\n\n<p><strong>Ana Marija Berbi\u0107 Lacko o Toma\u0161evi\u0107u: \u201cLagao je, nije vjerodostojan!\u201d<\/strong><\/p>\n\n\n\n<p>Ana Marija Berbi\u0107 Lacko, majka troje djece, ekonomistica i predsjednica Hrvatske udruge roditelja odgojitelja, optu\u017eila je Toma\u0161evi\u0107a da je \u201clagao i prevario bira\u010de\u201d: \u2013 Nije vjerodostojan! Tijekom predizborne kampanje je govorio da ne\u0107e dirati u ste\u010dena prava, a prvo \u0161to je napravio \u2013 krenuo je dirati ta na\u0161a, ste\u010dena prava! Ovo nije samo demografsko i politi\u010dko pitanje, ovo je i pravno pitanje. Zato smo potra\u017eili pravnu za\u0161titu i namjeravamo i\u0107i do kraja!<\/p>\n\n\n\n<h3 class=\"wp-block-heading\"><strong>Danijela Dolenec ne zna razliku izme\u0111u bruto i neto?!<\/strong><\/h3>\n\n\n\n<p>Pozivaju\u0107i se na Statut Grada Zagreba, Berbi\u0107 Lacko, optu\u017euje Toma\u0161evi\u0107a da ga negira i upozorava da se \u201cigra sa sudbinom 5.793 roditelja, koji skrbe za vi\u0161e od 20 tisua\u0107a zagreba\u010dke djece\u201d: \u2013 Od toga je \u0161est tisu\u0107a djece vrti\u0107ke dobi. Samim time \u0161to su roditelji iskoristili ponu\u0111eno pravo, omogu\u0107ili su djeci zaposlenih roditelja da dobiju svoje mjesto u gradskim vrti\u0107ima. Kada bi do\u0161lo do izmjena, a zapravo ukidanja na\u0161ih prava, s obzirom da su vrti\u0107ki kapaciteti popunjeni kadrovski i prostorno, ne bi bilo mjesta za smje\u0161taj djece roditelja odgojitelja. Kompenzacijske mjere o kojima govore, uop\u0107e nisu pripremili! Oni uop\u0107e ne poznaju tematiku! Toma\u0161evi\u0107eve zamjenica Danijela Dolenec ne zna o kojim se iznosima radi, ne poznaje razliku izme\u0111u neto i bruto iznosa! Suhoparno izbacuju brojke kojima obmanjuju javnost.<\/p>\n\n\n\n<p>Ana Marija Berbi\u0107 Lacko Toma\u0161evi\u0107evu odluku smatra&nbsp;<strong>\u201cizravnim udarom na djecu\u201d<\/strong>: \u2013 To je nedopustivo i zato pru\u017eamo otpor! Pozivamo Toma\u0161evi\u0107a da stane na loptu.<\/p>\n\n\n\n<h3 class=\"wp-block-heading\"><strong>Dunja Jele\u010d optu\u017eila Toma\u0161evi\u0107evu zamjenicu za sukob interesa i mogu\u0107u korupciju<\/strong><\/h3>\n\n\n\n<p>Dunja Jele\u010d je majka troje djece i prije nego \u0161to je po\u010dela koristiti mjeru roditelj odgojitelj, imala je siguran posao u odvjetni\u010dkom uredu: \u2013 Trinaest godina radila sam u odvjetni\u010dkom uredu. Prvo dijete samo rodila 2013. godine, drugo 2017. godine, a mjera je uvedena 2016. godine. Tada sam odlu\u010dila roditi i tre\u0107e dijete i koristiti mjeru, jer sam mislila da \u0107u biti financijski neovisna, imati nekakvo primanje sve dok moje najmla\u0111e dijete ne krene u osnovnu \u0161kolu.<\/p>\n\n\n\n<p>\u201cZbog mjere koja nam je bila ponu\u0111ena napustila sam siguran posao, a sada imam problema zbog toga,\u201d isti\u010de gospo\u0111a Jele\u010d: \u201cImam kredit kojeg moram pla\u0107ati, a rata mi je \u010dak i ve\u0107a nego ovih tisu\u0107u kuna, koju Mo\u017eemo nudi kao nekakvu kompenzacijsku mjeru. Osje\u0107am se jadno, jer je Toma\u0161evi\u0107 lagao u predizbornoj kampanji, a neki su mu \u010dak i dali glas radi toga jer je rekao da u ste\u010dena prava ne\u0107e dirati!\u201d<\/p>\n\n\n\n<p>Dunja Jele\u010d u Bujici je Toma\u0161evi\u0107evu zamjenicu Danijelu Dolenec otvoreno optu\u017eila za sukob interesa i mogu\u0107u korupciju: \u2013 Suprug gospo\u0111e Dolenec menad\u017eer je u firmi koja je od grada dobila posao prijevoza djece u \u0161kole!<\/p>\n\n\n\n<h3 class=\"wp-block-heading\"><strong>Davorka Cecelja Martinkec: \u201cIspadamo naivni i prevareni!\u201d<\/strong><\/h3>\n\n\n\n<p>Davorka Cecelja Martinkec je majka \u010detvero djece, visoko je obrazovana i radila je u Hrvatskoj po\u0161ti punih 25 godina, prije nego \u0161to se odlu\u010dila prihvatiti mjeru roditelj odgojitelj: \u2013 Na ku\u0107ne adrese dobili smo pisma od gradona\u010delnika Bandi\u0107a, u devetom mjesecu 2016. godine. Tada je do\u0161lo do previranja u Hrvatskoj po\u0161ti i reorganizacija tvrtke. S \u010detvero djece, a radno vrijeme od osam sati, a na poslu ste vi\u0161e od deset, te\u0161ko je organizirati \u017eivot. Majke najbolje znaju kako nam je\u2026 \u0160est mjeseci sam vagala \u0161to \u0107u, istra\u017eivala sam, informirala se\u2026 Zvala sam gradski ured u Vodnikovoj, bila u Hrvatskom zavodu za zapo\u0161ljavanje, i\u0161la u mirovinsko\u2026 Posebno sam se informirala o mojoj dugoro\u010dnoj sigurnosti. U Uredu za odgoj i obrazovanje uvjeravali su me da je mjera sigurna i dugoro\u010dna. Zaklju\u010dila sam da je to to i nakon \u0161est mjeseci razmi\u0161ljanja, prihvatila mjeru. Dala sam otkaz i preporodili smo se svi u obitelji. Do tada smo non stop bili pod stresom, a mama je sada napokon bila tu, 24 sata za djecu. Me\u0111utim, Toma\u0161evi\u0107 je u dva mjeseca sve srezao! spadamo naivni i prevareni, jer ja tu mjeru nikada nisam smatrala Bandi\u0107evom, ve\u0107 mjerom Grada Zagreba. Done\u0161ena je na Skup\u0161tini i ima svoje zakonske osnove\u2026<\/p>\n\n\n\n<h3 class=\"wp-block-heading\"><strong>Majke odgojiteljice o uvredama Ivane Kekin: \u2018To je poziv na lin\u010d!\u2019<\/strong><\/h3>\n\n\n\n<p>Majke odgojiteljice u Bujici su odgovorile i na brojne uvrede, kojima su bile izlo\u017eene proteklih tjedana \u2013 od postova Matije Babi\u0107a, koji djecu naziva \u201cokotom\u201c pa sve do sramotnih izjava Ivane Kekin o \u201c40 tisu\u0107a ucviljenih du\u0161a\u201c\u2026<\/p>\n\n\n\n<p>\u201cTo je otvoreni poziv na lin\u010d,\u201d rezolutna je Ana Marija Berbi\u0107 Lacko, dok Dunja Jele\u010d poru\u010duje Ivani Kekin: \u201cNe osje\u0107am se \u2018ucviljenom\u2019, iako nam je Kekin rekla na sastanku da Zagrebu ne treba vi\u0161e djece! Za svoju djecu uvijek \u0107u se znati brinuti i prehraniti ih.\u201d<\/p>\n\n\n\n<p>Zbog te\u0161kih uvreda i nazivanja njihove djece \u201cokotom\u201d, majke se osje\u0107aju \u201ctu\u017eno i ru\u017eno\u201d i \u017eao im je \u0161to uop\u0107e takvi ljudi mogu djelovati u javnom prostoru, a jo\u0161 je gore, kako ka\u017eu, \u0161to su njihovi portali financirani javnim novcem, dok za djecu novaca nema.<\/p>\n\n\n\n<h3 class=\"wp-block-heading\"><strong>Urbani rasizam usmjeren protiv Hrvata iz Bosne<\/strong><\/h3>\n\n\n\n<p>Dunja Jele\u010d smatra urbanim rasizmom napade u kojima se govori protiv Hrvata koji su u Zagreb doselili iz Bosne zbog rata, a sada neki od njih koriste mjeru roditelj odgojitelj: \u2013 Znam dobro tko sam i \u0161ta sam. Onaj tko tako govori, po meni govori vi\u0161e o sebi nego o nama. Dobila sam pravo da budem majka odgojitelj i da \u017eivim \u017eivot sa svojom djecom. To sam prihvatila. A onaj kojemu je karijera, drvo, pas ili ne\u0161to drugo va\u017enije od djece, nema pravo govoriti meni \u0161to i kako da ja radim. Samo \u017eelim odgojiti svoju djecu u po\u0161tene i dobre ljude.<\/p>\n\n\n\n<p>Predsjednica Hrvatske udruge roditelja odgojitelja, Ana Marija Berbi\u0107 Lacko, ima o\u0161tre zamjerke na sredi\u0161nju, dr\u017eavnu vlast, koja ih je, kako ka\u017ee, ostavila na cjedilu i na milost i nemilost samovolji Tomislava Toma\u0161evi\u0107a: \u2013 Loptica se prebacuje s dr\u017eavne na lokalnu vlast, a onda oni ka\u017eu \u2013 za\u0161to dr\u017eava ne poduzme ne\u0161to u situaciji demografskog sloma? Kao da se loptaju s nama i na\u0161im sudbinama, a usta su im puna demografije i brige za natalitet.<\/p>\n\n\n\n<h3 class=\"wp-block-heading\"><strong>Ukidanje mjere roditelj odgojitelj dovest \u0107e do pove\u0107anja nasilja nad \u017eenama: \u2018Gdje su sada BaBe? Skrivaju se!\u2019<\/strong><\/h3>\n\n\n\n<p>Gospo\u0111a Berbi\u0107 Lacko u Bujici je upozorila da bi ukidanje mjere roditelj odgojitelj, moglo utjecati i na porast obiteljskog nasilja, posebno nad \u017eenama: \u2013 To je istina i to je prestra\u0161no! Ova je mjera omogu\u0107ila mnogim, prvenstveno \u017eenama, da se oslobode obiteljskog nasilnika. Financijska sigurnost koju su prepoznale u njoj, odvojile su i njih i njihovu djecu od nasilja i napokon su do\u010dekale mir. Ukoliko ukinu mjeru, Toma\u0161evi\u0107, Dolenec i Kekin moraju znati da mnoge \u017eene na taj na\u010din guraju natrag prema nasilniku! A tu su i ucjene kroz alimentacije, kao i mnogi drugi problem\u2026<\/p>\n\n\n\n<p>Dunja Jele\u010d se nadovezala i ustvrdila da je vi\u0161e od 15 posto korisnica mjere oti\u0161lo s djecom od nasilnika, a sada \u0107e mnoge biti primorane ponovo riskirati ili \u0107e naprosto biti egzistencijalno ugro\u017eene.<\/p>\n\n\n\n<p>Rada Bori\u0107 iz Mo\u017eemo, kao ni predstavnici brojnih udruga za \u017eenska prava, poput udruge BaBe, nisu se javile tim \u017eenama niti su iskazale zabrinutost mogu\u0107im porastom nasilja nad korisnicama mjere roditelj odgojitelj, nakon ukidanja \u2013 isti\u010de gospo\u0111a Berbi\u0107 Lacko: \u2013 Skrivaju se! I BaBe i srodne udruge \u0161ute, pomalo licemjerno\u2026<\/p>\n\n\n\n<p><strong>Cecelja Martinkec: \u201cToma\u0161evi\u0107u, srami se!\u201c BERBI\u0106 LACKO: \u201cNisi vjerodostojan, odstupi!\u201c JELE\u010c: \u201cNe mo\u017eete!\u201c<\/strong><\/p>\n\n\n\n<p>\u201cRekla bih gradona\u010delniku Tomislavu Toma\u0161evi\u0107u i njegovoj ekipi da ih mo\u017ee biti sram,\u201d poru\u010dila je Davorka Cecelja Martinkec: \u201cSramota je da majke i djeca moraju dolaziti na prosvjed tra\u017eiti svoja prava! Toma\u0161evi\u0107u, srami se!\u201d<\/p>\n\n\n\n<p>Nevjerodostojan i neka odstupi \u2013 poru\u010dila je gradona\u010delniku Ana Marija Berbi\u0107 Lacko, a Dunja Jele\u010d je zaklju\u010dila: \u2013 Ne damo svoja ste\u010dena prava! Mi mo\u017eemo, a oni ne mogu!<\/p>\n\n\n\n<h3 class=\"wp-block-heading\"><strong>Dr. \u017deljka Marki\u0107: \u201cMo\u017eemo je amaterska skupina, ne znaju ni zbrajati!\u201d<\/strong><\/h3>\n\n\n\n<p>U\u017eivo iz Livna, u Bujicu se javila dr. \u017deljka Marki\u0107, izvr\u0161na direktorica Udruge \u2018U ime obitelji\u2019 i podr\u017eala zahtjeve majki odgojiteljica: \u2013 Postoje snimke iz kojih je potpuno jasno da je gradona\u010delnik Toma\u0161evi\u0107 prije drugog kruga izbora u Zagrebu, izri\u010dito obe\u0107ao da ovu mjeru ne\u0107e ukidati ili mijenjati za one koji ju ve\u0107 koriste. To je bilo u skladu sa svim razumnim o\u010dekivanjima, budu\u0107i da je 5.800 obitelji, \u017eena ili mu\u0161karaca koji su prihvatili ponudu da postanu roditelji odgojitelji, s gradom sklopilo dogovor ili ugovor, potpuno svejedno i bez obzira na to kako sad gradona\u010delnik poku\u0161ava nazvati odluku. Ugovor je sklopljen. Postavljeni su uvjeti za taj ugovor i svi roditelji odgojitelji i vi\u0161e od 20 tisu\u0107a djece o kojima se oni brinu, dio su tog ugovora. Potpuno je neprihvatljivo da danas gradona\u010delnik jednostrano, la\u017eu\u0107i o tome da on tako nije rekao iako postoji snimka, mijenja propozicije ugovora s ljudima koji su oko toga organizirali svoj \u017eivot i svoje obitelji.<\/p>\n\n\n\n<p>Dr. Marki\u0107 je Mo\u017eemo nazvala \u201camaterskom skupinom\u201d: \u2013 Gradska zastupnica Mo\u017eemo, je napravila kalkulacije i izra\u010dune potpuno pogre\u0161no, matemati\u010dki pogre\u0161no i na temelju pogre\u0161nih kalkulacija, objavili su podatak da ta mjera nije u\u010dinkovita. Pokazalo se da oni ne znaju zbrajati niti oduzimati i da su krivo zbrojili koliko je tre\u0107e ro\u0111ene djece i sve druge djece ro\u0111eno u Grada Zagrebu. Na temelju svojih pogre\u0161nih izra\u010duna mjeru su proglasili neu\u010dinkovitom!<\/p>\n\n\n\n<p>\u201cTa populacijska mjera dala je oko 30 postotno pove\u0107anje tre\u0107ero\u0111ene i druge djece,\u201d nastalja gopo\u0111a Marki\u0107: \u201cPostupci gradona\u010delnika nisu u redu ni s pozicije u\u010dinkovitosti mjere, ni spozicije prava, kao ni s pozicije predizbornih obe\u0107anja.\u201d<\/p>\n\n\n\n<p><strong>\u201cPozadina je ideolo\u0161ka, Toma\u0161evi\u0107 ne \u017eeli djecu!\u201d<\/strong><\/p>\n\n\n\n<p>Dr. \u017deljka Marki\u0107 otvoreno je ukazala na pozadinu ukidanja mjere roditelj odgojitelj: \u2013 Radi se o ideolo\u0161koj pozadini, gdje jedan dio \u017eena koje su u Mo\u017eemo, a sebe predstavljaju kao \u017eene koje se bore za \u017eene, ve\u0107 u mnogim prilikama pokazuju da su one \u017eene koje se bore samo za one \u017eene, za koje se one \u017eele boriti. Za sve druge \u017eene, za koje misle da nije dobro ono \u0161to su one odabrale u \u017eivotu, one se uop\u0107e ne bore i ne smatraju da su te \u017eene razumne i ravnopravne.<\/p>\n\n\n\n<p>\u201cZastupnice koje sebe prikazuju kao feministkinje prave se kao da ne \u010duju i ne vide,\u201d nastavila je: \u201cKr\u0161e prava onih \u017eena koje su isto tako samostalne, isto tako moderne, isto tako neovisne i ravnopravne, ali \u017eele imati djecu i \u017eele se brinuti o svojoj djeci, u skladu s ugovorom koji je s njima sklopio Grad Zagreb.\u201d<\/p>\n\n\n\n<p>Prokomentirala je i javne uvrede iznijete na ra\u010dun majki odgojiteljica: \u2013 Ivana Kekin je svojom komunikacijom i govorom o obiteljima s vi\u0161e djece, prva u javnom prostoru izvrije\u0111ala i omalova\u017eila obitelji koje imaju vi\u0161e djece. Na\u010din na koji se onda nastavilo govoriti, samo je dio kampanje kojom se htjelo nahu\u0161kati na\u0161e sugra\u0111ane i sugra\u0111anke na skupinu roditelja odgojitelja.<\/p>\n\n\n\n<p>Na pitanje voditelja je su li Toma\u0161evi\u0107u va\u017enija djeca ili sadnja drve\u0107a po Zagrebu i gradnja azila za \u017eivotinje, umjesto gradnje vrti\u0107a, dr. Marki\u0107 je odgovorila: \u2013 Toma\u0161evi\u0107u uop\u0107e nisu bitna djeca! Oni su bez kvalitetne analize, isklju\u010divo na temelju svoje procjene, koja nije utemeljena u \u010dinjenicama, donijeli odluku da mjeru nezakonito ukinu. Istodobno, ukidanje ili smanjivanje te mjere, dovesti \u0107e do toga da \u0107e na\u0161koditi i drugoj djeci u Zagrebu, zbog toga \u0161to \u0107e za \u0161est tisu\u0107a djece vrti\u0107ke dobi o kojima se sada brinu o\u010devi i majke, roditelji odgojitelji, trebati osigurati smje\u0161taj u vrti\u0107ima. Tko razuman mo\u017ee vjerovati da ova vlast, koja nije bila u stanju rije\u0161iti sme\u0107e kojim se jedino bavila u \u017eivotu i na kojem je temeljila kampanju, u roku od slijede\u0107ih pet mjeseci rije\u0161iti pitanje manjka vrti\u0107a u Gradu Zagrebu?<\/p>\n\n\n\n<h3 class=\"wp-block-heading\"><strong>Vode\u0107i hrvatski demografi protiv Mo\u017eemo \u2013 Dr. Stjepan \u0160terc: \u201cToma\u0161evi\u0107 nije u pravu! Koliko \u0107e ljudi zbog njegove odluke iseliti iz Hrvatske?\u201d<\/strong><\/h3>\n\n\n\n<p>Vode\u0107i hrvatski demograf, dr. Stjepan \u0160terc u izjavi za Bujicu demantirao je navode gradona\u010delnika Toma\u0161evi\u0107a o tome da mjera roditelj odgojitelj nije bila demografski u\u010dinkovita: \u2013 Toma\u0161evi\u0107 se opravdava pokazateljima koji ne stoje! Zaboravljaju se neke stvari koje su se dogodile u razdoblju izme\u0111u 2016. i danas\u2026 U me\u0111uvremenu nas je zahvatila pandemijska kriza i da toga nije bilo, trend bi bio uzlazan. Osim toga, ne govore o izravnoj korelaciji mjere s tre\u0107im djetetom, s obzirom da je ro\u0111eno oko 30 posto vi\u0161e tre\u0107e djece u obiteljima koje koriste mjeru. Kad se Zagreb usporedi s ostalim velikim gradovima u Hrvatskoj, onda se vidi da je jedino Zagreb od 2016. godine ima porast broja ro\u0111enih. Sve to ukazuje na \u010dinjenicu da Toma\u0161evi\u0107 naprosto nije u pravu.<\/p>\n\n\n\n<p>\u201cBilo bi po\u0161tenije i korektnije zagreba\u010dkoj i hrvatskoj javnosti re\u0107i OK, na\u0161 politi\u010dki pristup je takav da nas ne zanima demografska obnova Hrvatske, a na\u0161a ideologija ne stavlja u prvi plan obitelj i djecu,\u201d poru\u010dio je profesor \u0160terc i javno se zapitao: \u201c\u0160to \u0107e se dogoditi kad se mjera, sukladno njihovoj odluci, ukine? Koliko \u0107e ljudi iseliti iz Hrvatske i koliko \u0107emo dobiti socijalnih slu\u010dajeva u Zagrebu?!\u201d<\/p>\n\n\n\n<p><em>Izvor: narod.hr<\/em><\/p>\n","protected":false},"excerpt":{"rendered":"<p>Prozvale Tomislava Toma\u0161evi\u0107a, Ivanu Kekin i Danijelu Dolenec: \u201cLa\u017eu, ne poznaju tematiku, ne znaju ra\u010dunati i smatraju da Zagrebu ne treba vi\u0161e djece!\u201c U Bujici, na Z1 televiziji, gostovale su tri dame \u2013&nbsp;Ana Marija Berbi\u0107 Lacko, Dunja Jele\u010d i Davorka Cecelja Martinkec. One su majke odgojiteljice i ogor\u010dene su odlukom nove zagreba\u010dke radikalno lijeve vlasti [&hellip;]<\/p>\n","protected":false},"author":2,"featured_media":96390,"comment_status":"closed","ping_status":"closed","sticky":false,"template":"","format":"standard","meta":{"h5ap_radio_sources":[],"footnotes":""},"categories":[1],"tags":[],"class_list":["post-96389","post","type-post","status-publish","format-standard","has-post-thumbnail","hentry","category-bihiregija"],"yoast_head":"<!-- This site is optimized with the Yoast SEO plugin v27.4 - https:\/\/yoast.com\/product\/yoast-seo-wordpress\/ -->\n<title>Majke odgajateljice: \u2018Mo\u017eemo udara direktno na djecu, a izjava Kekin je poziv na lin\u010d\u2019 - RADIO LJUBU\u0160KI<\/title>\n<meta name=\"robots\" content=\"index, follow, max-snippet:-1, max-image-preview:large, max-video-preview:-1\" \/>\n<link rel=\"canonical\" href=\"https:\/\/radioljubuski.ba\/index.php\/2021\/12\/06\/majke-odgajateljice-mozemo-udara-direktno-na-djecu-a-izjava-kekin-je-poziv-na-linc\/\" \/>\n<meta property=\"og:locale\" content=\"hr_HR\" \/>\n<meta property=\"og:type\" content=\"article\" \/>\n<meta property=\"og:title\" content=\"Majke odgajateljice: \u2018Mo\u017eemo udara direktno na djecu, a izjava Kekin je poziv na lin\u010d\u2019 - RADIO LJUBU\u0160KI\" \/>\n<meta property=\"og:description\" content=\"Prozvale Tomislava Toma\u0161evi\u0107a, Ivanu Kekin i Danijelu Dolenec: \u201cLa\u017eu, ne poznaju tematiku, ne znaju ra\u010dunati i smatraju da Zagrebu ne treba vi\u0161e djece!\u201c U Bujici, na Z1 televiziji, gostovale su tri dame \u2013&nbsp;Ana Marija Berbi\u0107 Lacko, Dunja Jele\u010d i Davorka Cecelja Martinkec. One su majke odgojiteljice i ogor\u010dene su odlukom nove zagreba\u010dke radikalno lijeve vlasti [&hellip;]\" \/>\n<meta property=\"og:url\" content=\"https:\/\/radioljubuski.ba\/index.php\/2021\/12\/06\/majke-odgajateljice-mozemo-udara-direktno-na-djecu-a-izjava-kekin-je-poziv-na-linc\/\" \/>\n<meta property=\"og:site_name\" content=\"RADIO LJUBU\u0160KI\" \/>\n<meta property=\"article:publisher\" content=\"https:\/\/www.facebook.com\/Radiio-Ljubuski-1490835324566332\" \/>\n<meta property=\"article:published_time\" content=\"2021-12-06T00:04:31+00:00\" \/>\n<meta property=\"article:modified_time\" content=\"2021-12-06T00:04:32+00:00\" \/>\n<meta property=\"og:image\" content=\"https:\/\/radioljubuski.ba\/wp-content\/uploads\/2021\/12\/bujica-696x391-1.jpg\" \/>\n\t<meta property=\"og:image:width\" content=\"696\" \/>\n\t<meta property=\"og:image:height\" content=\"391\" \/>\n\t<meta property=\"og:image:type\" content=\"image\/jpeg\" \/>\n<meta name=\"author\" content=\"Radio Ljubu\u0161ki\" \/>\n<meta name=\"twitter:card\" content=\"summary_large_image\" \/>\n<meta name=\"twitter:creator\" content=\"@radioljubuski\" \/>\n<meta name=\"twitter:site\" content=\"@radioljubuski\" \/>\n<meta name=\"twitter:label1\" content=\"Napisao\/la\" \/>\n\t<meta name=\"twitter:data1\" content=\"Radio Ljubu\u0161ki\" \/>\n\t<meta name=\"twitter:label2\" content=\"Procijenjeno vrijeme \u010ditanja\" \/>\n\t<meta name=\"twitter:data2\" content=\"10 minuta\" \/>\n<script type=\"application\/ld+json\" class=\"yoast-schema-graph\">{\"@context\":\"https:\\\/\\\/schema.org\",\"@graph\":[{\"@type\":\"Article\",\"@id\":\"https:\\\/\\\/radioljubuski.ba\\\/index.php\\\/2021\\\/12\\\/06\\\/majke-odgajateljice-mozemo-udara-direktno-na-djecu-a-izjava-kekin-je-poziv-na-linc\\\/#article\",\"isPartOf\":{\"@id\":\"https:\\\/\\\/radioljubuski.ba\\\/index.php\\\/2021\\\/12\\\/06\\\/majke-odgajateljice-mozemo-udara-direktno-na-djecu-a-izjava-kekin-je-poziv-na-linc\\\/\"},\"author\":{\"name\":\"Radio Ljubu\u0161ki\",\"@id\":\"https:\\\/\\\/radioljubuski.ba\\\/#\\\/schema\\\/person\\\/19fc700381a780f69665d7956c469e3b\"},\"headline\":\"Majke odgajateljice: \u2018Mo\u017eemo udara direktno na djecu, a izjava Kekin je poziv na lin\u010d\u2019\",\"datePublished\":\"2021-12-06T00:04:31+00:00\",\"dateModified\":\"2021-12-06T00:04:32+00:00\",\"mainEntityOfPage\":{\"@id\":\"https:\\\/\\\/radioljubuski.ba\\\/index.php\\\/2021\\\/12\\\/06\\\/majke-odgajateljice-mozemo-udara-direktno-na-djecu-a-izjava-kekin-je-poziv-na-linc\\\/\"},\"wordCount\":2383,\"publisher\":{\"@id\":\"https:\\\/\\\/radioljubuski.ba\\\/#organization\"},\"image\":{\"@id\":\"https:\\\/\\\/radioljubuski.ba\\\/index.php\\\/2021\\\/12\\\/06\\\/majke-odgajateljice-mozemo-udara-direktno-na-djecu-a-izjava-kekin-je-poziv-na-linc\\\/#primaryimage\"},\"thumbnailUrl\":\"https:\\\/\\\/radioljubuski.ba\\\/wp-content\\\/uploads\\\/2021\\\/12\\\/bujica-696x391-1.jpg\",\"articleSection\":[\"BIH i regija\"],\"inLanguage\":\"hr\"},{\"@type\":\"WebPage\",\"@id\":\"https:\\\/\\\/radioljubuski.ba\\\/index.php\\\/2021\\\/12\\\/06\\\/majke-odgajateljice-mozemo-udara-direktno-na-djecu-a-izjava-kekin-je-poziv-na-linc\\\/\",\"url\":\"https:\\\/\\\/radioljubuski.ba\\\/index.php\\\/2021\\\/12\\\/06\\\/majke-odgajateljice-mozemo-udara-direktno-na-djecu-a-izjava-kekin-je-poziv-na-linc\\\/\",\"name\":\"Majke odgajateljice: \u2018Mo\u017eemo udara direktno na djecu, a izjava Kekin je poziv na lin\u010d\u2019 - RADIO LJUBU\u0160KI\",\"isPartOf\":{\"@id\":\"https:\\\/\\\/radioljubuski.ba\\\/#website\"},\"primaryImageOfPage\":{\"@id\":\"https:\\\/\\\/radioljubuski.ba\\\/index.php\\\/2021\\\/12\\\/06\\\/majke-odgajateljice-mozemo-udara-direktno-na-djecu-a-izjava-kekin-je-poziv-na-linc\\\/#primaryimage\"},\"image\":{\"@id\":\"https:\\\/\\\/radioljubuski.ba\\\/index.php\\\/2021\\\/12\\\/06\\\/majke-odgajateljice-mozemo-udara-direktno-na-djecu-a-izjava-kekin-je-poziv-na-linc\\\/#primaryimage\"},\"thumbnailUrl\":\"https:\\\/\\\/radioljubuski.ba\\\/wp-content\\\/uploads\\\/2021\\\/12\\\/bujica-696x391-1.jpg\",\"datePublished\":\"2021-12-06T00:04:31+00:00\",\"dateModified\":\"2021-12-06T00:04:32+00:00\",\"breadcrumb\":{\"@id\":\"https:\\\/\\\/radioljubuski.ba\\\/index.php\\\/2021\\\/12\\\/06\\\/majke-odgajateljice-mozemo-udara-direktno-na-djecu-a-izjava-kekin-je-poziv-na-linc\\\/#breadcrumb\"},\"inLanguage\":\"hr\",\"potentialAction\":[{\"@type\":\"ReadAction\",\"target\":[\"https:\\\/\\\/radioljubuski.ba\\\/index.php\\\/2021\\\/12\\\/06\\\/majke-odgajateljice-mozemo-udara-direktno-na-djecu-a-izjava-kekin-je-poziv-na-linc\\\/\"]}]},{\"@type\":\"ImageObject\",\"inLanguage\":\"hr\",\"@id\":\"https:\\\/\\\/radioljubuski.ba\\\/index.php\\\/2021\\\/12\\\/06\\\/majke-odgajateljice-mozemo-udara-direktno-na-djecu-a-izjava-kekin-je-poziv-na-linc\\\/#primaryimage\",\"url\":\"https:\\\/\\\/radioljubuski.ba\\\/wp-content\\\/uploads\\\/2021\\\/12\\\/bujica-696x391-1.jpg\",\"contentUrl\":\"https:\\\/\\\/radioljubuski.ba\\\/wp-content\\\/uploads\\\/2021\\\/12\\\/bujica-696x391-1.jpg\",\"width\":696,\"height\":391},{\"@type\":\"BreadcrumbList\",\"@id\":\"https:\\\/\\\/radioljubuski.ba\\\/index.php\\\/2021\\\/12\\\/06\\\/majke-odgajateljice-mozemo-udara-direktno-na-djecu-a-izjava-kekin-je-poziv-na-linc\\\/#breadcrumb\",\"itemListElement\":[{\"@type\":\"ListItem\",\"position\":1,\"name\":\"Po\u010detna stranica\",\"item\":\"https:\\\/\\\/radioljubuski.ba\\\/\"},{\"@type\":\"ListItem\",\"position\":2,\"name\":\"Majke odgajateljice: \u2018Mo\u017eemo udara direktno na djecu, a izjava Kekin je poziv na lin\u010d\u2019\"}]},{\"@type\":\"WebSite\",\"@id\":\"https:\\\/\\\/radioljubuski.ba\\\/#website\",\"url\":\"https:\\\/\\\/radioljubuski.ba\\\/\",\"name\":\"Radio Ljubu\u0161ki\",\"description\":\"Sun\u010dana frekvencija Hercegovine\",\"publisher\":{\"@id\":\"https:\\\/\\\/radioljubuski.ba\\\/#organization\"},\"potentialAction\":[{\"@type\":\"SearchAction\",\"target\":{\"@type\":\"EntryPoint\",\"urlTemplate\":\"https:\\\/\\\/radioljubuski.ba\\\/?s={search_term_string}\"},\"query-input\":{\"@type\":\"PropertyValueSpecification\",\"valueRequired\":true,\"valueName\":\"search_term_string\"}}],\"inLanguage\":\"hr\"},{\"@type\":\"Organization\",\"@id\":\"https:\\\/\\\/radioljubuski.ba\\\/#organization\",\"name\":\"Radio Ljubu\u0161ki\",\"url\":\"https:\\\/\\\/radioljubuski.ba\\\/\",\"logo\":{\"@type\":\"ImageObject\",\"inLanguage\":\"hr\",\"@id\":\"https:\\\/\\\/radioljubuski.ba\\\/#\\\/schema\\\/logo\\\/image\\\/\",\"url\":\"https:\\\/\\\/radioljubuski.ba\\\/wp-content\\\/uploads\\\/2021\\\/02\\\/cropped-Radio_Ljubuski_logo1.jpg\",\"contentUrl\":\"https:\\\/\\\/radioljubuski.ba\\\/wp-content\\\/uploads\\\/2021\\\/02\\\/cropped-Radio_Ljubuski_logo1.jpg\",\"width\":512,\"height\":512,\"caption\":\"Radio Ljubu\u0161ki\"},\"image\":{\"@id\":\"https:\\\/\\\/radioljubuski.ba\\\/#\\\/schema\\\/logo\\\/image\\\/\"},\"sameAs\":[\"https:\\\/\\\/www.facebook.com\\\/Radiio-Ljubuski-1490835324566332\",\"https:\\\/\\\/x.com\\\/radioljubuski\",\"https:\\\/\\\/hr.linkedin.com\\\/company\\\/radio-ljubuski\",\"https:\\\/\\\/www.youtube.com\\\/channel\\\/UCHYaeO_n0Db3tjNGudGpXyw\"]},{\"@type\":\"Person\",\"@id\":\"https:\\\/\\\/radioljubuski.ba\\\/#\\\/schema\\\/person\\\/19fc700381a780f69665d7956c469e3b\",\"name\":\"Radio Ljubu\u0161ki\"}]}<\/script>\n<!-- \/ Yoast SEO plugin. -->","yoast_head_json":{"title":"Majke odgajateljice: \u2018Mo\u017eemo udara direktno na djecu, a izjava Kekin je poziv na lin\u010d\u2019 - RADIO LJUBU\u0160KI","robots":{"index":"index","follow":"follow","max-snippet":"max-snippet:-1","max-image-preview":"max-image-preview:large","max-video-preview":"max-video-preview:-1"},"canonical":"https:\/\/radioljubuski.ba\/index.php\/2021\/12\/06\/majke-odgajateljice-mozemo-udara-direktno-na-djecu-a-izjava-kekin-je-poziv-na-linc\/","og_locale":"hr_HR","og_type":"article","og_title":"Majke odgajateljice: \u2018Mo\u017eemo udara direktno na djecu, a izjava Kekin je poziv na lin\u010d\u2019 - RADIO LJUBU\u0160KI","og_description":"Prozvale Tomislava Toma\u0161evi\u0107a, Ivanu Kekin i Danijelu Dolenec: \u201cLa\u017eu, ne poznaju tematiku, ne znaju ra\u010dunati i smatraju da Zagrebu ne treba vi\u0161e djece!\u201c U Bujici, na Z1 televiziji, gostovale su tri dame \u2013&nbsp;Ana Marija Berbi\u0107 Lacko, Dunja Jele\u010d i Davorka Cecelja Martinkec. One su majke odgojiteljice i ogor\u010dene su odlukom nove zagreba\u010dke radikalno lijeve vlasti [&hellip;]","og_url":"https:\/\/radioljubuski.ba\/index.php\/2021\/12\/06\/majke-odgajateljice-mozemo-udara-direktno-na-djecu-a-izjava-kekin-je-poziv-na-linc\/","og_site_name":"RADIO LJUBU\u0160KI","article_publisher":"https:\/\/www.facebook.com\/Radiio-Ljubuski-1490835324566332","article_published_time":"2021-12-06T00:04:31+00:00","article_modified_time":"2021-12-06T00:04:32+00:00","og_image":[{"width":696,"height":391,"url":"https:\/\/radioljubuski.ba\/wp-content\/uploads\/2021\/12\/bujica-696x391-1.jpg","type":"image\/jpeg"}],"author":"Radio Ljubu\u0161ki","twitter_card":"summary_large_image","twitter_creator":"@radioljubuski","twitter_site":"@radioljubuski","twitter_misc":{"Napisao\/la":"Radio Ljubu\u0161ki","Procijenjeno vrijeme \u010ditanja":"10 minuta"},"schema":{"@context":"https:\/\/schema.org","@graph":[{"@type":"Article","@id":"https:\/\/radioljubuski.ba\/index.php\/2021\/12\/06\/majke-odgajateljice-mozemo-udara-direktno-na-djecu-a-izjava-kekin-je-poziv-na-linc\/#article","isPartOf":{"@id":"https:\/\/radioljubuski.ba\/index.php\/2021\/12\/06\/majke-odgajateljice-mozemo-udara-direktno-na-djecu-a-izjava-kekin-je-poziv-na-linc\/"},"author":{"name":"Radio Ljubu\u0161ki","@id":"https:\/\/radioljubuski.ba\/#\/schema\/person\/19fc700381a780f69665d7956c469e3b"},"headline":"Majke odgajateljice: \u2018Mo\u017eemo udara direktno na djecu, a izjava Kekin je poziv na lin\u010d\u2019","datePublished":"2021-12-06T00:04:31+00:00","dateModified":"2021-12-06T00:04:32+00:00","mainEntityOfPage":{"@id":"https:\/\/radioljubuski.ba\/index.php\/2021\/12\/06\/majke-odgajateljice-mozemo-udara-direktno-na-djecu-a-izjava-kekin-je-poziv-na-linc\/"},"wordCount":2383,"publisher":{"@id":"https:\/\/radioljubuski.ba\/#organization"},"image":{"@id":"https:\/\/radioljubuski.ba\/index.php\/2021\/12\/06\/majke-odgajateljice-mozemo-udara-direktno-na-djecu-a-izjava-kekin-je-poziv-na-linc\/#primaryimage"},"thumbnailUrl":"https:\/\/radioljubuski.ba\/wp-content\/uploads\/2021\/12\/bujica-696x391-1.jpg","articleSection":["BIH i regija"],"inLanguage":"hr"},{"@type":"WebPage","@id":"https:\/\/radioljubuski.ba\/index.php\/2021\/12\/06\/majke-odgajateljice-mozemo-udara-direktno-na-djecu-a-izjava-kekin-je-poziv-na-linc\/","url":"https:\/\/radioljubuski.ba\/index.php\/2021\/12\/06\/majke-odgajateljice-mozemo-udara-direktno-na-djecu-a-izjava-kekin-je-poziv-na-linc\/","name":"Majke odgajateljice: \u2018Mo\u017eemo udara direktno na djecu, a izjava Kekin je poziv na lin\u010d\u2019 - RADIO LJUBU\u0160KI","isPartOf":{"@id":"https:\/\/radioljubuski.ba\/#website"},"primaryImageOfPage":{"@id":"https:\/\/radioljubuski.ba\/index.php\/2021\/12\/06\/majke-odgajateljice-mozemo-udara-direktno-na-djecu-a-izjava-kekin-je-poziv-na-linc\/#primaryimage"},"image":{"@id":"https:\/\/radioljubuski.ba\/index.php\/2021\/12\/06\/majke-odgajateljice-mozemo-udara-direktno-na-djecu-a-izjava-kekin-je-poziv-na-linc\/#primaryimage"},"thumbnailUrl":"https:\/\/radioljubuski.ba\/wp-content\/uploads\/2021\/12\/bujica-696x391-1.jpg","datePublished":"2021-12-06T00:04:31+00:00","dateModified":"2021-12-06T00:04:32+00:00","breadcrumb":{"@id":"https:\/\/radioljubuski.ba\/index.php\/2021\/12\/06\/majke-odgajateljice-mozemo-udara-direktno-na-djecu-a-izjava-kekin-je-poziv-na-linc\/#breadcrumb"},"inLanguage":"hr","potentialAction":[{"@type":"ReadAction","target":["https:\/\/radioljubuski.ba\/index.php\/2021\/12\/06\/majke-odgajateljice-mozemo-udara-direktno-na-djecu-a-izjava-kekin-je-poziv-na-linc\/"]}]},{"@type":"ImageObject","inLanguage":"hr","@id":"https:\/\/radioljubuski.ba\/index.php\/2021\/12\/06\/majke-odgajateljice-mozemo-udara-direktno-na-djecu-a-izjava-kekin-je-poziv-na-linc\/#primaryimage","url":"https:\/\/radioljubuski.ba\/wp-content\/uploads\/2021\/12\/bujica-696x391-1.jpg","contentUrl":"https:\/\/radioljubuski.ba\/wp-content\/uploads\/2021\/12\/bujica-696x391-1.jpg","width":696,"height":391},{"@type":"BreadcrumbList","@id":"https:\/\/radioljubuski.ba\/index.php\/2021\/12\/06\/majke-odgajateljice-mozemo-udara-direktno-na-djecu-a-izjava-kekin-je-poziv-na-linc\/#breadcrumb","itemListElement":[{"@type":"ListItem","position":1,"name":"Po\u010detna stranica","item":"https:\/\/radioljubuski.ba\/"},{"@type":"ListItem","position":2,"name":"Majke odgajateljice: \u2018Mo\u017eemo udara direktno na djecu, a izjava Kekin je poziv na lin\u010d\u2019"}]},{"@type":"WebSite","@id":"https:\/\/radioljubuski.ba\/#website","url":"https:\/\/radioljubuski.ba\/","name":"Radio Ljubu\u0161ki","description":"Sun\u010dana frekvencija Hercegovine","publisher":{"@id":"https:\/\/radioljubuski.ba\/#organization"},"potentialAction":[{"@type":"SearchAction","target":{"@type":"EntryPoint","urlTemplate":"https:\/\/radioljubuski.ba\/?s={search_term_string}"},"query-input":{"@type":"PropertyValueSpecification","valueRequired":true,"valueName":"search_term_string"}}],"inLanguage":"hr"},{"@type":"Organization","@id":"https:\/\/radioljubuski.ba\/#organization","name":"Radio Ljubu\u0161ki","url":"https:\/\/radioljubuski.ba\/","logo":{"@type":"ImageObject","inLanguage":"hr","@id":"https:\/\/radioljubuski.ba\/#\/schema\/logo\/image\/","url":"https:\/\/radioljubuski.ba\/wp-content\/uploads\/2021\/02\/cropped-Radio_Ljubuski_logo1.jpg","contentUrl":"https:\/\/radioljubuski.ba\/wp-content\/uploads\/2021\/02\/cropped-Radio_Ljubuski_logo1.jpg","width":512,"height":512,"caption":"Radio Ljubu\u0161ki"},"image":{"@id":"https:\/\/radioljubuski.ba\/#\/schema\/logo\/image\/"},"sameAs":["https:\/\/www.facebook.com\/Radiio-Ljubuski-1490835324566332","https:\/\/x.com\/radioljubuski","https:\/\/hr.linkedin.com\/company\/radio-ljubuski","https:\/\/www.youtube.com\/channel\/UCHYaeO_n0Db3tjNGudGpXyw"]},{"@type":"Person","@id":"https:\/\/radioljubuski.ba\/#\/schema\/person\/19fc700381a780f69665d7956c469e3b","name":"Radio Ljubu\u0161ki"}]}},"_links":{"self":[{"href":"https:\/\/radioljubuski.ba\/index.php\/wp-json\/wp\/v2\/posts\/96389","targetHints":{"allow":["GET"]}}],"collection":[{"href":"https:\/\/radioljubuski.ba\/index.php\/wp-json\/wp\/v2\/posts"}],"about":[{"href":"https:\/\/radioljubuski.ba\/index.php\/wp-json\/wp\/v2\/types\/post"}],"author":[{"embeddable":true,"href":"https:\/\/radioljubuski.ba\/index.php\/wp-json\/wp\/v2\/users\/2"}],"replies":[{"embeddable":true,"href":"https:\/\/radioljubuski.ba\/index.php\/wp-json\/wp\/v2\/comments?post=96389"}],"version-history":[{"count":1,"href":"https:\/\/radioljubuski.ba\/index.php\/wp-json\/wp\/v2\/posts\/96389\/revisions"}],"predecessor-version":[{"id":96391,"href":"https:\/\/radioljubuski.ba\/index.php\/wp-json\/wp\/v2\/posts\/96389\/revisions\/96391"}],"wp:featuredmedia":[{"embeddable":true,"href":"https:\/\/radioljubuski.ba\/index.php\/wp-json\/wp\/v2\/media\/96390"}],"wp:attachment":[{"href":"https:\/\/radioljubuski.ba\/index.php\/wp-json\/wp\/v2\/media?parent=96389"}],"wp:term":[{"taxonomy":"category","embeddable":true,"href":"https:\/\/radioljubuski.ba\/index.php\/wp-json\/wp\/v2\/categories?post=96389"},{"taxonomy":"post_tag","embeddable":true,"href":"https:\/\/radioljubuski.ba\/index.php\/wp-json\/wp\/v2\/tags?post=96389"}],"curies":[{"name":"wp","href":"https:\/\/api.w.org\/{rel}","templated":true}]}}