{"id":96392,"date":"2021-12-06T01:06:54","date_gmt":"2021-12-06T00:06:54","guid":{"rendered":"https:\/\/radioljubuski.ba\/?p=96392"},"modified":"2021-12-06T01:06:54","modified_gmt":"2021-12-06T00:06:54","slug":"mons-kosic-o-odlasku-iz-domovine-zar-je-to-buducnost-ako-svi-odemo-s-bojnog-polja","status":"publish","type":"post","link":"https:\/\/radioljubuski.ba\/index.php\/2021\/12\/06\/mons-kosic-o-odlasku-iz-domovine-zar-je-to-buducnost-ako-svi-odemo-s-bojnog-polja\/","title":{"rendered":"Mons. Ko\u0161i\u0107 o odlasku iz domovine: Zar je to budu\u0107nost, ako svi odemo s bojnog polja?"},"content":{"rendered":"\n<p>Sisa\u010dki biskup Vlado Ko\u0161i\u0107 predvodio je, u subotu 4. prosinca u Pastoralnom centru katedralne \u017eupe u Sisku, misu zahvalnicu povodom 12. obljetnice ponovne uspostave Sisa\u010dke biskupije. U koncelebraciji bili su generalni vikar mons. Marko Cvitku\u0161i\u0107, ekonom mons. Zdravko Novak i dvadesetak sve\u0107enika.<\/p>\n\n\n\n<h3 class=\"wp-block-heading\"><strong>\u201cMolite za radnike\u201d<\/strong><\/h3>\n\n\n\n<p>Na po\u010detku homilije pozdravljaju\u0107i sve okupljene biskup je istaknuo kako je ovo prilika za zahvaliti Bogu na godinama iza nas, ali i moliti za godine pred nama.<\/p>\n\n\n\n<p>\u201e\u017delimo i jedni drugima re\u0107i rije\u010d hvale, potpore i utjehe. Znamo, nije nam bilo uvijek lako, nije to ni sada, ali Gospodin je bio s nama, on nas je krijepio i darovao nam da iz njegove ruke primamo mnoge milosti te da izdr\u017eimo i te\u0161ke nevolje i nadvladamo sve ku\u0161nje. On \u0107e dati da i sada\u0161nje te\u0161ko\u0107e pobijedimo i u njemu se trajno radujemo\u201c.<\/p>\n\n\n\n<p>Govore\u0107i o pro\u010ditanom Evan\u0111elju po Mateju u kojem Isus ka\u017ee \u201e\u017detve je mnogo, a radnika malo\u2026. bolesne lije\u010dite, mrtve uskrisujte, gubave \u010distite, zloduhe izgonite! Besplatno primiste, besplatno dajte\u201c, biskup je rekao da ako vjerujemo, Gospodin mo\u017ee i ho\u0107e izlije\u010diti svako srce. \u201eNa\u0161e je da mu to omogu\u0107imo, navje\u0161\u0107uju\u0107i Radosnu svijest svakom stvorenju. To je na\u0161e poslanje, poslanje Crkve, poslanje i ove Sisa\u010dke biskupije, i biskupa i svakog sve\u0107enika, svakog \u0111akona, svakog redovnika i redovnice, svakog vjerou\u010ditelja, svakog vjernika! Kada Gospodin ka\u017ee da je \u017eetva velika a radnika malo, prvo pomislimo da je time htio re\u0107i kako nema dovoljno navjestitelja koji bi htjeli po\u0107i navije\u0161tati evan\u0111elje, no zapravo njemu je stalo da se molimo za njih, da ih izmolimo od Boga. Jer tako je i on, prije negoli je izabrao od svojih u\u010denika dvanestoricu, bio na osami i molio se Ocu, a onda ih je izabrao.<\/p>\n\n\n\n<h3 class=\"wp-block-heading\"><strong>\u201cBolesno ozdravlja, zlodusi odlaze\u201d<\/strong><\/h3>\n\n\n\n<p>Zapravo Bog uvijek poziva, on zove, ali treba se moliti da se oni koji su pozvani i<br>odazovu, da smognu snage i hrabrosti i da po\u0111u u nepoznato. Avantura je to velika, biti Kristov navjestitelj radosne vijesti. A sadr\u017eaj tog rada u \u017eetvi Gospodnjoj je propovijedanje kako se Kraljevstvo nebesko pribli\u017eilo. To je velika radost za svakog \u010dovjeka i za cijeli svijet: Bog koji je jedini pravi kralj do\u0161ao je u na\u0161 ljudski svijet, te se njegovo kraljevstvo spustilo me\u0111u nas ljude. On nam dakle nije vi\u0161e daleko, nego blizu, me\u0111u nama. I zato se sve mijenja: \u0161to je bilo bolesno ozdravlja, \u0161to je mrtvo uskrisuje, gubavo se \u010disti, zlodusi odlaze. Posebno Isus nagla\u0161ava kako njegov radnik to treba davati besplatno, bez \u017eelje za vlastitim probitkom\u201c, poru\u010dio je biskup te dodao kako je u ovih 12 godina zare\u0111en 21 sve\u0107enik.<\/p>\n\n\n\n<p>Uskoro \u0107e biskupija imati i \u010detvoricu \u0111akona na tom putu, a tu je i 8 dijecezanskih bogoslova i 3 sjemeni\u0161tarca. Prisjetio se i onih koji su preminuli, 10 dijecezanskih i 8 redovni\u010dkih sve\u0107enika i jednog \u0111akona, te pozvao na molitvu za sve sve\u0107enike i sve\u0107eni\u010dke pripravnike, redovni\u010dke kandidate i kandidatice, da ustraju na svom putu.<\/p>\n\n\n\n<h3 class=\"wp-block-heading\"><strong>\u201cTe\u0161ko je i djeci i mladima\u201d<\/strong><\/h3>\n\n\n\n<p>U nastavku biskup je pozvao okupljene da mole i jedni za druge. \u201eOremus pro invicem \u2013 govorili su stari, tj. molimo se jedni za druge! I za na\u0161e obitelji, i za na\u0161e mlade, za na\u0161u djecu, za na\u0161e starije i za bolesne i umiru\u0107e. Bez uzajamne duhovne pomo\u0107i nitko sam ne mo\u017ee ustrajati i\u0107i putem Bo\u017ejim. A te\u0161ko je i na\u0161im obiteljima, i mladima, i djeci, te\u0161ko je i starijima i bolesnima. Ovo vrijeme ima puno ku\u0161nji i puno zla koje se nadvija nad sve koji vjeruju. Ako se ne budemo molili jedni za druge ne\u0107emo izdr\u017eati te ku\u0161nje. Vidimo i sami koliko se mladih odvra\u0107a od Crkve, koliko supru\u017enika i o\u010deva i majki odlaze jedni od drugih i od svoje djece, koliko se sve manje prihva\u0107a potomstvo, koliko se malo brinemo za starije i nemo\u0107ne. Ne mogu to \u010diniti samo specijalizirane ustanove, svi smo mi pozvani pru\u017eati nesebi\u010dnu ljubav jedni drugima, osobito onima koji su slabiji i potrebni. A koliko je mladih, pa i \u010ditavih obitelji, oti\u0161lo iz domovine posljednjih godina, a mo\u017eda i poslije ovog potresa! Zar nam je to budu\u0107nost, ako svi odemo s bojnog polja. Pa tko \u0107e ostati i izgra\u0111ivati ovu zemlju i ovaj narod? Ako ode iz domovine mnogo ljudi, tko \u0107e ostati i voditi ovu Crkvu, brinuti se i moliti za narod? Nije samo pitanje kako obnoviti i sagraditi poru\u0161ene crkve i kapele, samostane i \u017eupne ku\u0107e, nego kako obnoviti \u017eivu Crkvu, na\u0161e zajednice i na\u0161e jedinstvo u Kristu. Na\u0161a vjera, bra\u0107o i sestre, ne smije nikada do\u0107i u pitanje. Jedina koheziona sila koja nas sve dr\u017ei na okupu kao ljude, kao narod, je na\u0161a vjera. Ona je bila kadra na\u0161 narod, kako pojedince tako i obitelji i cijelu zajednicu, sa\u010duvati u te\u0161kim vremenima kada su na nas juri\u0161ali neprijatelji i pusto\u0161ili sve oko sebe. Kako bi bilo druk\u010dije uop\u0107e mogu\u0107e opstati bez vjere, bez pouzdanja u Boga i njegovu pomo\u0107? Jer kad se sve \u010dini da je propalo, samo Bog mo\u017ee<br>dati snagu da se sve ponovno podigne i da \u017eivot procvjeta jo\u0161 ljep\u0161e i radosnije. Zato uzdignimo svoja srca Bogu! Sursum corda \u2013 gore srca\u201c, zaklju\u010dio je biskup.<\/p>\n\n\n\n<h3 class=\"wp-block-heading\"><strong>Dobrota u sve vrijeme, a osobito nakon potresa<\/strong><\/h3>\n\n\n\n<p>U nstavku se prisjetio brojne dobrote koje je sve to vrijeme, a osobito nakon potresa \u010dinio Caritas. Na kraju homiliju je zaklju\u010dio molitvom: \u201eGospodine, nitko ne mo\u017ee kora\u010dati sam. Zato si Ti do\u0161ao k nama da hodi\u0161 s nama kroz \u017eivot i da nam poka\u017ee\u0161 put. Molimo Te da imamo hrabrosti slijediti Te i odazvati se na Tvoj poziv, bilo u sve\u0107eni\u010dki, redovni\u010dki, obiteljski poziv, bili mladi ili stariji, bili u obiteljskom \u017eivotu ili u \u017eivotu zajednica koje si Ti ustanovio. Neka nam pomogne zagovor Bla\u017eene Djevice Bogorodice Marije, svetog Josipa te na\u0161ih za\u0161titnika sv. Kvirina i bl. Alojzija\u201c.<\/p>\n\n\n\n<p>Misno slavlje animirao je biskupijski zbor pod ravnanjem prof. Jelene Bla\u0161kovi\u0107 i orgulja\u0161ku pratnju vl\u010d. Roberta Jakice, a misi je prethodila molitva Ve\u010dernje koju su predvodili kanonici Stolnog Kaptola sv. Kri\u017ea.<\/p>\n\n\n\n<p><em>Izvor: narod.hr<\/em><\/p>\n","protected":false},"excerpt":{"rendered":"<p>Sisa\u010dki biskup Vlado Ko\u0161i\u0107 predvodio je, u subotu 4. prosinca u Pastoralnom centru katedralne \u017eupe u Sisku, misu zahvalnicu povodom 12. obljetnice ponovne uspostave Sisa\u010dke biskupije. U koncelebraciji bili su generalni vikar mons. Marko Cvitku\u0161i\u0107, ekonom mons. Zdravko Novak i dvadesetak sve\u0107enika. \u201cMolite za radnike\u201d Na po\u010detku homilije pozdravljaju\u0107i sve okupljene biskup je istaknuo kako [&hellip;]<\/p>\n","protected":false},"author":2,"featured_media":96393,"comment_status":"closed","ping_status":"closed","sticky":false,"template":"","format":"standard","meta":{"h5ap_radio_sources":[],"footnotes":""},"categories":[1],"tags":[],"class_list":["post-96392","post","type-post","status-publish","format-standard","has-post-thumbnail","hentry","category-bihiregija"],"yoast_head":"<!-- This site is optimized with the Yoast SEO plugin v27.4 - https:\/\/yoast.com\/product\/yoast-seo-wordpress\/ -->\n<title>Mons. Ko\u0161i\u0107 o odlasku iz domovine: Zar je to budu\u0107nost, ako svi odemo s bojnog polja? - RADIO LJUBU\u0160KI<\/title>\n<meta name=\"robots\" content=\"index, follow, max-snippet:-1, max-image-preview:large, max-video-preview:-1\" \/>\n<link rel=\"canonical\" href=\"https:\/\/radioljubuski.ba\/index.php\/2021\/12\/06\/mons-kosic-o-odlasku-iz-domovine-zar-je-to-buducnost-ako-svi-odemo-s-bojnog-polja\/\" \/>\n<meta property=\"og:locale\" content=\"hr_HR\" \/>\n<meta property=\"og:type\" content=\"article\" \/>\n<meta property=\"og:title\" content=\"Mons. Ko\u0161i\u0107 o odlasku iz domovine: Zar je to budu\u0107nost, ako svi odemo s bojnog polja? - RADIO LJUBU\u0160KI\" \/>\n<meta property=\"og:description\" content=\"Sisa\u010dki biskup Vlado Ko\u0161i\u0107 predvodio je, u subotu 4. prosinca u Pastoralnom centru katedralne \u017eupe u Sisku, misu zahvalnicu povodom 12. obljetnice ponovne uspostave Sisa\u010dke biskupije. U koncelebraciji bili su generalni vikar mons. Marko Cvitku\u0161i\u0107, ekonom mons. Zdravko Novak i dvadesetak sve\u0107enika. \u201cMolite za radnike\u201d Na po\u010detku homilije pozdravljaju\u0107i sve okupljene biskup je istaknuo kako [&hellip;]\" \/>\n<meta property=\"og:url\" content=\"https:\/\/radioljubuski.ba\/index.php\/2021\/12\/06\/mons-kosic-o-odlasku-iz-domovine-zar-je-to-buducnost-ako-svi-odemo-s-bojnog-polja\/\" \/>\n<meta property=\"og:site_name\" content=\"RADIO LJUBU\u0160KI\" \/>\n<meta property=\"article:publisher\" content=\"https:\/\/www.facebook.com\/Radiio-Ljubuski-1490835324566332\" \/>\n<meta property=\"article:published_time\" content=\"2021-12-06T00:06:54+00:00\" \/>\n<meta property=\"og:image\" content=\"https:\/\/radioljubuski.ba\/wp-content\/uploads\/2021\/12\/MG_1636-696x464-1.jpg\" \/>\n\t<meta property=\"og:image:width\" content=\"696\" \/>\n\t<meta property=\"og:image:height\" content=\"464\" \/>\n\t<meta property=\"og:image:type\" content=\"image\/jpeg\" \/>\n<meta name=\"author\" content=\"Radio Ljubu\u0161ki\" \/>\n<meta name=\"twitter:card\" content=\"summary_large_image\" \/>\n<meta name=\"twitter:creator\" content=\"@radioljubuski\" \/>\n<meta name=\"twitter:site\" content=\"@radioljubuski\" \/>\n<meta name=\"twitter:label1\" content=\"Napisao\/la\" \/>\n\t<meta name=\"twitter:data1\" content=\"Radio Ljubu\u0161ki\" \/>\n\t<meta name=\"twitter:label2\" content=\"Procijenjeno vrijeme \u010ditanja\" \/>\n\t<meta name=\"twitter:data2\" content=\"5 minuta\" \/>\n<script type=\"application\/ld+json\" class=\"yoast-schema-graph\">{\"@context\":\"https:\\\/\\\/schema.org\",\"@graph\":[{\"@type\":\"Article\",\"@id\":\"https:\\\/\\\/radioljubuski.ba\\\/index.php\\\/2021\\\/12\\\/06\\\/mons-kosic-o-odlasku-iz-domovine-zar-je-to-buducnost-ako-svi-odemo-s-bojnog-polja\\\/#article\",\"isPartOf\":{\"@id\":\"https:\\\/\\\/radioljubuski.ba\\\/index.php\\\/2021\\\/12\\\/06\\\/mons-kosic-o-odlasku-iz-domovine-zar-je-to-buducnost-ako-svi-odemo-s-bojnog-polja\\\/\"},\"author\":{\"name\":\"Radio Ljubu\u0161ki\",\"@id\":\"https:\\\/\\\/radioljubuski.ba\\\/#\\\/schema\\\/person\\\/19fc700381a780f69665d7956c469e3b\"},\"headline\":\"Mons. Ko\u0161i\u0107 o odlasku iz domovine: Zar je to budu\u0107nost, ako svi odemo s bojnog polja?\",\"datePublished\":\"2021-12-06T00:06:54+00:00\",\"mainEntityOfPage\":{\"@id\":\"https:\\\/\\\/radioljubuski.ba\\\/index.php\\\/2021\\\/12\\\/06\\\/mons-kosic-o-odlasku-iz-domovine-zar-je-to-buducnost-ako-svi-odemo-s-bojnog-polja\\\/\"},\"wordCount\":1106,\"publisher\":{\"@id\":\"https:\\\/\\\/radioljubuski.ba\\\/#organization\"},\"image\":{\"@id\":\"https:\\\/\\\/radioljubuski.ba\\\/index.php\\\/2021\\\/12\\\/06\\\/mons-kosic-o-odlasku-iz-domovine-zar-je-to-buducnost-ako-svi-odemo-s-bojnog-polja\\\/#primaryimage\"},\"thumbnailUrl\":\"https:\\\/\\\/radioljubuski.ba\\\/wp-content\\\/uploads\\\/2021\\\/12\\\/MG_1636-696x464-1.jpg\",\"articleSection\":[\"BIH i regija\"],\"inLanguage\":\"hr\"},{\"@type\":\"WebPage\",\"@id\":\"https:\\\/\\\/radioljubuski.ba\\\/index.php\\\/2021\\\/12\\\/06\\\/mons-kosic-o-odlasku-iz-domovine-zar-je-to-buducnost-ako-svi-odemo-s-bojnog-polja\\\/\",\"url\":\"https:\\\/\\\/radioljubuski.ba\\\/index.php\\\/2021\\\/12\\\/06\\\/mons-kosic-o-odlasku-iz-domovine-zar-je-to-buducnost-ako-svi-odemo-s-bojnog-polja\\\/\",\"name\":\"Mons. Ko\u0161i\u0107 o odlasku iz domovine: Zar je to budu\u0107nost, ako svi odemo s bojnog polja? - RADIO LJUBU\u0160KI\",\"isPartOf\":{\"@id\":\"https:\\\/\\\/radioljubuski.ba\\\/#website\"},\"primaryImageOfPage\":{\"@id\":\"https:\\\/\\\/radioljubuski.ba\\\/index.php\\\/2021\\\/12\\\/06\\\/mons-kosic-o-odlasku-iz-domovine-zar-je-to-buducnost-ako-svi-odemo-s-bojnog-polja\\\/#primaryimage\"},\"image\":{\"@id\":\"https:\\\/\\\/radioljubuski.ba\\\/index.php\\\/2021\\\/12\\\/06\\\/mons-kosic-o-odlasku-iz-domovine-zar-je-to-buducnost-ako-svi-odemo-s-bojnog-polja\\\/#primaryimage\"},\"thumbnailUrl\":\"https:\\\/\\\/radioljubuski.ba\\\/wp-content\\\/uploads\\\/2021\\\/12\\\/MG_1636-696x464-1.jpg\",\"datePublished\":\"2021-12-06T00:06:54+00:00\",\"breadcrumb\":{\"@id\":\"https:\\\/\\\/radioljubuski.ba\\\/index.php\\\/2021\\\/12\\\/06\\\/mons-kosic-o-odlasku-iz-domovine-zar-je-to-buducnost-ako-svi-odemo-s-bojnog-polja\\\/#breadcrumb\"},\"inLanguage\":\"hr\",\"potentialAction\":[{\"@type\":\"ReadAction\",\"target\":[\"https:\\\/\\\/radioljubuski.ba\\\/index.php\\\/2021\\\/12\\\/06\\\/mons-kosic-o-odlasku-iz-domovine-zar-je-to-buducnost-ako-svi-odemo-s-bojnog-polja\\\/\"]}]},{\"@type\":\"ImageObject\",\"inLanguage\":\"hr\",\"@id\":\"https:\\\/\\\/radioljubuski.ba\\\/index.php\\\/2021\\\/12\\\/06\\\/mons-kosic-o-odlasku-iz-domovine-zar-je-to-buducnost-ako-svi-odemo-s-bojnog-polja\\\/#primaryimage\",\"url\":\"https:\\\/\\\/radioljubuski.ba\\\/wp-content\\\/uploads\\\/2021\\\/12\\\/MG_1636-696x464-1.jpg\",\"contentUrl\":\"https:\\\/\\\/radioljubuski.ba\\\/wp-content\\\/uploads\\\/2021\\\/12\\\/MG_1636-696x464-1.jpg\",\"width\":696,\"height\":464},{\"@type\":\"BreadcrumbList\",\"@id\":\"https:\\\/\\\/radioljubuski.ba\\\/index.php\\\/2021\\\/12\\\/06\\\/mons-kosic-o-odlasku-iz-domovine-zar-je-to-buducnost-ako-svi-odemo-s-bojnog-polja\\\/#breadcrumb\",\"itemListElement\":[{\"@type\":\"ListItem\",\"position\":1,\"name\":\"Po\u010detna stranica\",\"item\":\"https:\\\/\\\/radioljubuski.ba\\\/\"},{\"@type\":\"ListItem\",\"position\":2,\"name\":\"Mons. Ko\u0161i\u0107 o odlasku iz domovine: Zar je to budu\u0107nost, ako svi odemo s bojnog polja?\"}]},{\"@type\":\"WebSite\",\"@id\":\"https:\\\/\\\/radioljubuski.ba\\\/#website\",\"url\":\"https:\\\/\\\/radioljubuski.ba\\\/\",\"name\":\"Radio Ljubu\u0161ki\",\"description\":\"Sun\u010dana frekvencija Hercegovine\",\"publisher\":{\"@id\":\"https:\\\/\\\/radioljubuski.ba\\\/#organization\"},\"potentialAction\":[{\"@type\":\"SearchAction\",\"target\":{\"@type\":\"EntryPoint\",\"urlTemplate\":\"https:\\\/\\\/radioljubuski.ba\\\/?s={search_term_string}\"},\"query-input\":{\"@type\":\"PropertyValueSpecification\",\"valueRequired\":true,\"valueName\":\"search_term_string\"}}],\"inLanguage\":\"hr\"},{\"@type\":\"Organization\",\"@id\":\"https:\\\/\\\/radioljubuski.ba\\\/#organization\",\"name\":\"Radio Ljubu\u0161ki\",\"url\":\"https:\\\/\\\/radioljubuski.ba\\\/\",\"logo\":{\"@type\":\"ImageObject\",\"inLanguage\":\"hr\",\"@id\":\"https:\\\/\\\/radioljubuski.ba\\\/#\\\/schema\\\/logo\\\/image\\\/\",\"url\":\"https:\\\/\\\/radioljubuski.ba\\\/wp-content\\\/uploads\\\/2021\\\/02\\\/cropped-Radio_Ljubuski_logo1.jpg\",\"contentUrl\":\"https:\\\/\\\/radioljubuski.ba\\\/wp-content\\\/uploads\\\/2021\\\/02\\\/cropped-Radio_Ljubuski_logo1.jpg\",\"width\":512,\"height\":512,\"caption\":\"Radio Ljubu\u0161ki\"},\"image\":{\"@id\":\"https:\\\/\\\/radioljubuski.ba\\\/#\\\/schema\\\/logo\\\/image\\\/\"},\"sameAs\":[\"https:\\\/\\\/www.facebook.com\\\/Radiio-Ljubuski-1490835324566332\",\"https:\\\/\\\/x.com\\\/radioljubuski\",\"https:\\\/\\\/hr.linkedin.com\\\/company\\\/radio-ljubuski\",\"https:\\\/\\\/www.youtube.com\\\/channel\\\/UCHYaeO_n0Db3tjNGudGpXyw\"]},{\"@type\":\"Person\",\"@id\":\"https:\\\/\\\/radioljubuski.ba\\\/#\\\/schema\\\/person\\\/19fc700381a780f69665d7956c469e3b\",\"name\":\"Radio Ljubu\u0161ki\"}]}<\/script>\n<!-- \/ Yoast SEO plugin. -->","yoast_head_json":{"title":"Mons. Ko\u0161i\u0107 o odlasku iz domovine: Zar je to budu\u0107nost, ako svi odemo s bojnog polja? - RADIO LJUBU\u0160KI","robots":{"index":"index","follow":"follow","max-snippet":"max-snippet:-1","max-image-preview":"max-image-preview:large","max-video-preview":"max-video-preview:-1"},"canonical":"https:\/\/radioljubuski.ba\/index.php\/2021\/12\/06\/mons-kosic-o-odlasku-iz-domovine-zar-je-to-buducnost-ako-svi-odemo-s-bojnog-polja\/","og_locale":"hr_HR","og_type":"article","og_title":"Mons. Ko\u0161i\u0107 o odlasku iz domovine: Zar je to budu\u0107nost, ako svi odemo s bojnog polja? - RADIO LJUBU\u0160KI","og_description":"Sisa\u010dki biskup Vlado Ko\u0161i\u0107 predvodio je, u subotu 4. prosinca u Pastoralnom centru katedralne \u017eupe u Sisku, misu zahvalnicu povodom 12. obljetnice ponovne uspostave Sisa\u010dke biskupije. U koncelebraciji bili su generalni vikar mons. Marko Cvitku\u0161i\u0107, ekonom mons. Zdravko Novak i dvadesetak sve\u0107enika. \u201cMolite za radnike\u201d Na po\u010detku homilije pozdravljaju\u0107i sve okupljene biskup je istaknuo kako [&hellip;]","og_url":"https:\/\/radioljubuski.ba\/index.php\/2021\/12\/06\/mons-kosic-o-odlasku-iz-domovine-zar-je-to-buducnost-ako-svi-odemo-s-bojnog-polja\/","og_site_name":"RADIO LJUBU\u0160KI","article_publisher":"https:\/\/www.facebook.com\/Radiio-Ljubuski-1490835324566332","article_published_time":"2021-12-06T00:06:54+00:00","og_image":[{"width":696,"height":464,"url":"https:\/\/radioljubuski.ba\/wp-content\/uploads\/2021\/12\/MG_1636-696x464-1.jpg","type":"image\/jpeg"}],"author":"Radio Ljubu\u0161ki","twitter_card":"summary_large_image","twitter_creator":"@radioljubuski","twitter_site":"@radioljubuski","twitter_misc":{"Napisao\/la":"Radio Ljubu\u0161ki","Procijenjeno vrijeme \u010ditanja":"5 minuta"},"schema":{"@context":"https:\/\/schema.org","@graph":[{"@type":"Article","@id":"https:\/\/radioljubuski.ba\/index.php\/2021\/12\/06\/mons-kosic-o-odlasku-iz-domovine-zar-je-to-buducnost-ako-svi-odemo-s-bojnog-polja\/#article","isPartOf":{"@id":"https:\/\/radioljubuski.ba\/index.php\/2021\/12\/06\/mons-kosic-o-odlasku-iz-domovine-zar-je-to-buducnost-ako-svi-odemo-s-bojnog-polja\/"},"author":{"name":"Radio Ljubu\u0161ki","@id":"https:\/\/radioljubuski.ba\/#\/schema\/person\/19fc700381a780f69665d7956c469e3b"},"headline":"Mons. Ko\u0161i\u0107 o odlasku iz domovine: Zar je to budu\u0107nost, ako svi odemo s bojnog polja?","datePublished":"2021-12-06T00:06:54+00:00","mainEntityOfPage":{"@id":"https:\/\/radioljubuski.ba\/index.php\/2021\/12\/06\/mons-kosic-o-odlasku-iz-domovine-zar-je-to-buducnost-ako-svi-odemo-s-bojnog-polja\/"},"wordCount":1106,"publisher":{"@id":"https:\/\/radioljubuski.ba\/#organization"},"image":{"@id":"https:\/\/radioljubuski.ba\/index.php\/2021\/12\/06\/mons-kosic-o-odlasku-iz-domovine-zar-je-to-buducnost-ako-svi-odemo-s-bojnog-polja\/#primaryimage"},"thumbnailUrl":"https:\/\/radioljubuski.ba\/wp-content\/uploads\/2021\/12\/MG_1636-696x464-1.jpg","articleSection":["BIH i regija"],"inLanguage":"hr"},{"@type":"WebPage","@id":"https:\/\/radioljubuski.ba\/index.php\/2021\/12\/06\/mons-kosic-o-odlasku-iz-domovine-zar-je-to-buducnost-ako-svi-odemo-s-bojnog-polja\/","url":"https:\/\/radioljubuski.ba\/index.php\/2021\/12\/06\/mons-kosic-o-odlasku-iz-domovine-zar-je-to-buducnost-ako-svi-odemo-s-bojnog-polja\/","name":"Mons. Ko\u0161i\u0107 o odlasku iz domovine: Zar je to budu\u0107nost, ako svi odemo s bojnog polja? - RADIO LJUBU\u0160KI","isPartOf":{"@id":"https:\/\/radioljubuski.ba\/#website"},"primaryImageOfPage":{"@id":"https:\/\/radioljubuski.ba\/index.php\/2021\/12\/06\/mons-kosic-o-odlasku-iz-domovine-zar-je-to-buducnost-ako-svi-odemo-s-bojnog-polja\/#primaryimage"},"image":{"@id":"https:\/\/radioljubuski.ba\/index.php\/2021\/12\/06\/mons-kosic-o-odlasku-iz-domovine-zar-je-to-buducnost-ako-svi-odemo-s-bojnog-polja\/#primaryimage"},"thumbnailUrl":"https:\/\/radioljubuski.ba\/wp-content\/uploads\/2021\/12\/MG_1636-696x464-1.jpg","datePublished":"2021-12-06T00:06:54+00:00","breadcrumb":{"@id":"https:\/\/radioljubuski.ba\/index.php\/2021\/12\/06\/mons-kosic-o-odlasku-iz-domovine-zar-je-to-buducnost-ako-svi-odemo-s-bojnog-polja\/#breadcrumb"},"inLanguage":"hr","potentialAction":[{"@type":"ReadAction","target":["https:\/\/radioljubuski.ba\/index.php\/2021\/12\/06\/mons-kosic-o-odlasku-iz-domovine-zar-je-to-buducnost-ako-svi-odemo-s-bojnog-polja\/"]}]},{"@type":"ImageObject","inLanguage":"hr","@id":"https:\/\/radioljubuski.ba\/index.php\/2021\/12\/06\/mons-kosic-o-odlasku-iz-domovine-zar-je-to-buducnost-ako-svi-odemo-s-bojnog-polja\/#primaryimage","url":"https:\/\/radioljubuski.ba\/wp-content\/uploads\/2021\/12\/MG_1636-696x464-1.jpg","contentUrl":"https:\/\/radioljubuski.ba\/wp-content\/uploads\/2021\/12\/MG_1636-696x464-1.jpg","width":696,"height":464},{"@type":"BreadcrumbList","@id":"https:\/\/radioljubuski.ba\/index.php\/2021\/12\/06\/mons-kosic-o-odlasku-iz-domovine-zar-je-to-buducnost-ako-svi-odemo-s-bojnog-polja\/#breadcrumb","itemListElement":[{"@type":"ListItem","position":1,"name":"Po\u010detna stranica","item":"https:\/\/radioljubuski.ba\/"},{"@type":"ListItem","position":2,"name":"Mons. Ko\u0161i\u0107 o odlasku iz domovine: Zar je to budu\u0107nost, ako svi odemo s bojnog polja?"}]},{"@type":"WebSite","@id":"https:\/\/radioljubuski.ba\/#website","url":"https:\/\/radioljubuski.ba\/","name":"Radio Ljubu\u0161ki","description":"Sun\u010dana frekvencija Hercegovine","publisher":{"@id":"https:\/\/radioljubuski.ba\/#organization"},"potentialAction":[{"@type":"SearchAction","target":{"@type":"EntryPoint","urlTemplate":"https:\/\/radioljubuski.ba\/?s={search_term_string}"},"query-input":{"@type":"PropertyValueSpecification","valueRequired":true,"valueName":"search_term_string"}}],"inLanguage":"hr"},{"@type":"Organization","@id":"https:\/\/radioljubuski.ba\/#organization","name":"Radio Ljubu\u0161ki","url":"https:\/\/radioljubuski.ba\/","logo":{"@type":"ImageObject","inLanguage":"hr","@id":"https:\/\/radioljubuski.ba\/#\/schema\/logo\/image\/","url":"https:\/\/radioljubuski.ba\/wp-content\/uploads\/2021\/02\/cropped-Radio_Ljubuski_logo1.jpg","contentUrl":"https:\/\/radioljubuski.ba\/wp-content\/uploads\/2021\/02\/cropped-Radio_Ljubuski_logo1.jpg","width":512,"height":512,"caption":"Radio Ljubu\u0161ki"},"image":{"@id":"https:\/\/radioljubuski.ba\/#\/schema\/logo\/image\/"},"sameAs":["https:\/\/www.facebook.com\/Radiio-Ljubuski-1490835324566332","https:\/\/x.com\/radioljubuski","https:\/\/hr.linkedin.com\/company\/radio-ljubuski","https:\/\/www.youtube.com\/channel\/UCHYaeO_n0Db3tjNGudGpXyw"]},{"@type":"Person","@id":"https:\/\/radioljubuski.ba\/#\/schema\/person\/19fc700381a780f69665d7956c469e3b","name":"Radio Ljubu\u0161ki"}]}},"_links":{"self":[{"href":"https:\/\/radioljubuski.ba\/index.php\/wp-json\/wp\/v2\/posts\/96392","targetHints":{"allow":["GET"]}}],"collection":[{"href":"https:\/\/radioljubuski.ba\/index.php\/wp-json\/wp\/v2\/posts"}],"about":[{"href":"https:\/\/radioljubuski.ba\/index.php\/wp-json\/wp\/v2\/types\/post"}],"author":[{"embeddable":true,"href":"https:\/\/radioljubuski.ba\/index.php\/wp-json\/wp\/v2\/users\/2"}],"replies":[{"embeddable":true,"href":"https:\/\/radioljubuski.ba\/index.php\/wp-json\/wp\/v2\/comments?post=96392"}],"version-history":[{"count":1,"href":"https:\/\/radioljubuski.ba\/index.php\/wp-json\/wp\/v2\/posts\/96392\/revisions"}],"predecessor-version":[{"id":96394,"href":"https:\/\/radioljubuski.ba\/index.php\/wp-json\/wp\/v2\/posts\/96392\/revisions\/96394"}],"wp:featuredmedia":[{"embeddable":true,"href":"https:\/\/radioljubuski.ba\/index.php\/wp-json\/wp\/v2\/media\/96393"}],"wp:attachment":[{"href":"https:\/\/radioljubuski.ba\/index.php\/wp-json\/wp\/v2\/media?parent=96392"}],"wp:term":[{"taxonomy":"category","embeddable":true,"href":"https:\/\/radioljubuski.ba\/index.php\/wp-json\/wp\/v2\/categories?post=96392"},{"taxonomy":"post_tag","embeddable":true,"href":"https:\/\/radioljubuski.ba\/index.php\/wp-json\/wp\/v2\/tags?post=96392"}],"curies":[{"name":"wp","href":"https:\/\/api.w.org\/{rel}","templated":true}]}}