{"id":96399,"date":"2021-12-06T09:11:54","date_gmt":"2021-12-06T08:11:54","guid":{"rendered":"https:\/\/radioljubuski.ba\/?p=96399"},"modified":"2021-12-06T09:11:54","modified_gmt":"2021-12-06T08:11:54","slug":"monika-planinic-je-najbolja-volonterka-u-bih","status":"publish","type":"post","link":"https:\/\/radioljubuski.ba\/index.php\/2021\/12\/06\/monika-planinic-je-najbolja-volonterka-u-bih\/","title":{"rendered":"Monika Planini\u0107 je najbolja volonterka u BiH"},"content":{"rendered":"\n<p>Humanitarna udruga &#8221;Fra Mladen Hrka\u0107&#8221; je tradicionalno objavila imena dobitnika nagrade &#8221;Gordana Jeli\u0107&#8221; za najbolje volontere u Republici Hrvatskoj i Bosni i Hercegovini za 2021. godinu. <\/p>\n\n\n\n<p>Najbolja volonterka u Republici Hrvatskoj je \u017deljka Vu\u010dko, a u Bosni i Hercegovini Monika Planini\u0107. To je objavljeno u okviru obilje\u017eavanja Me\u0111unarodnog dana volontera, priop\u0107eno je iz te udruge. <\/p>\n\n\n\n<p>\u017deljka Vu\u010dko je vi\u0161e od 30 godina oslonac, uto\u010di\u0161ta i podr\u0161ka majkama i obiteljima prijevremeno ro\u0111ene djece, a njena osobna borba je bila samo dodatna motivacija i razlog za misiju pomaganja Pal\u010di\u0107ima. <\/p>\n\n\n\n<p>Ova laboratorijska tehni\u010darka iz Klinike za \u017eenske bolesti i porode KBC-a Zagreb i majka \u010detvero djece od kojih je troje ro\u0111eno prije termina, vi\u0161e od 12 godina je predsjednica Kluba roditelja nedono\u0161\u010dadi &#8220;PAL\u010cI\u0106I&#8221;. <\/p>\n\n\n\n<p>Slobodno vrijeme je posvetila senzibiliziranju i upoznavanju javnosti s problemima i izazovima s kojima se suo\u010davaju maleni hrabri borci Pal\u010di\u0107i. <\/p>\n\n\n\n<p>Upravo zahvaljuju\u0107i njenoj ustrajnosti, ta djeca imaju zavidan tretman za vrijeme intenzivnog lije\u010denja. <\/p>\n\n\n\n<p>Iza nje su brojne uspje\u0161ne humanitarne akcije zahvaljuju\u0107i kojima su sva rodili\u0161ta diljem Hrvatske, uklju\u010duju\u0107i i najmanja, dobila adekvatnu i neophodnu opremu za skrb i lije\u010denje nedono\u0161\u010dadi. <\/p>\n\n\n\n<p>Akcija u kojoj je ostavila neizbrisiv trag kao voditelj a na koju nitko nije bio imun, bila je takore\u0107i povijesna akcija koja se izrodila nakon razornog potresa u martu 2020. godine \u2013 &#8221;Vratimo Pal\u010di\u0107e u Petrovu&#8221;.U rekordnom roku su prikupljena financijska sredstva dostatna za najsuvremeniju opremu kojom su omogu\u0107eni daleko bolji uvjeti rada i funkcioniranja nego prije, a \u0161to je u kona\u010dnici u zavidno kratkom roku vratilo Pal\u010di\u0107e u Petrovu.<\/p>\n\n\n\n<p> Monika Planini\u0107 vi\u0161e od deset godina redovno i kontinuirano sudjeluje u organizaciji i provedbi volonterskih aktivnosti u udruzi &#8221;Susret&#8221; iz \u010citluka u kojoj je svojoj vedrinom, toplinom i marljivo\u0161\u0107u osvojila srca djece s te\u0161ko\u0107ama u razvoju kao i \u010dlanova njihovih obitelji. <\/p>\n\n\n\n<p>Sve te godine je istovremeno posve\u0107ena i brizi za najranjivije i najmanje u Domu za djecu bez roditeljskog staranja &#8220;Ivan Pavao II&#8221; u \u010citluku koja za njih redovno organizira odlaske u radionicu i dru\u017eenja s drugom djecom s ciljem spre\u010davanja socijalne isklju\u010denosti. <\/p>\n\n\n\n<p>Odluku o progla\u0161enju najboljih volonterki je donijelo peto\u010dlano Povjerenstvo za dodjelu nagrade. <\/p>\n\n\n\n<p>\u010clanovi Povjerenstva su istaknuli da su imali te\u017eak posao jer su sve prijave bile iznimno kvalitetne, a svaki predlo\u017eeni kandidat dokaz da su volja i \u017eelja za \u010dinjenjem dobrih djela sna\u017enija od bilo kakvog ograni\u010denja s kojima se suo\u010davamo nepune dvije godine. <\/p>\n\n\n\n<p>&#8221;Ovogodi\u0161nje dobitnice svojim svakodnevnim djelovanjem i stilom \u017eivota dokazuju da put koji su odabrale nije lagan, ali da nisu mogle ostati slijepe i nijeme na probleme s kojima se suo\u010davaju najranjiviji \u010dlanovi na\u0161eg dru\u0161tva. One su shvatile koliko malo treba da bi nekome \u017eivot usmjerili nabolje, pa se iskreno nadam da \u0107e njihove pri\u010de potaknuti i neke od vas da dio svog slobodnog vremena odvojite kako bi osobama u potrebi pru\u017eili ruku i podarili osmijeh&#8221; &#8211; izjavio je Ivan Soldo, predsjednik humanitarne udruge \u201eFra Mladen Hrka\u0107\u201c. <\/p>\n\n\n\n<p>Javnost \u0107e biti pravovremeno obavije\u0161tena o datumu i mjestu odr\u017eavanja dodjele nagrade &#8221;Gordana Jeli\u0107&#8221; dobitnicama ovog vrijednog volonterskog priznanja za 2021. godinu, sukladno epidemiolo\u0161kim mjerama i preporukama. <\/p>\n\n\n\n<p>Za izgled statue nagrade &#8221;Gordana Jeli\u0107&#8221; zaslu\u017ena je akademska grafi\u010darka i profesorica likovne kulture Iva Zeljko Pe\u0161orda.<\/p>\n\n\n\n<p><strong>Izvor: Bljesak.info<\/strong><\/p>\n","protected":false},"excerpt":{"rendered":"<p>Humanitarna udruga &#8221;Fra Mladen Hrka\u0107&#8221; je tradicionalno objavila imena dobitnika nagrade &#8221;Gordana Jeli\u0107&#8221; za najbolje volontere u Republici Hrvatskoj i Bosni i Hercegovini za 2021. godinu. Najbolja volonterka u Republici Hrvatskoj je \u017deljka Vu\u010dko, a u Bosni i Hercegovini Monika Planini\u0107. To je objavljeno u okviru obilje\u017eavanja Me\u0111unarodnog dana volontera, priop\u0107eno je iz te udruge. [&hellip;]<\/p>\n","protected":false},"author":2,"featured_media":96400,"comment_status":"closed","ping_status":"closed","sticky":false,"template":"","format":"standard","meta":{"h5ap_radio_sources":[],"footnotes":""},"categories":[1],"tags":[],"class_list":["post-96399","post","type-post","status-publish","format-standard","has-post-thumbnail","hentry","category-bihiregija"],"yoast_head":"<!-- This site is optimized with the Yoast SEO plugin v27.4 - https:\/\/yoast.com\/product\/yoast-seo-wordpress\/ -->\n<title>Monika Planini\u0107 je najbolja volonterka u BiH - RADIO LJUBU\u0160KI<\/title>\n<meta name=\"robots\" content=\"index, follow, max-snippet:-1, max-image-preview:large, max-video-preview:-1\" \/>\n<link rel=\"canonical\" href=\"https:\/\/radioljubuski.ba\/index.php\/2021\/12\/06\/monika-planinic-je-najbolja-volonterka-u-bih\/\" \/>\n<meta property=\"og:locale\" content=\"hr_HR\" \/>\n<meta property=\"og:type\" content=\"article\" \/>\n<meta property=\"og:title\" content=\"Monika Planini\u0107 je najbolja volonterka u BiH - RADIO LJUBU\u0160KI\" \/>\n<meta property=\"og:description\" content=\"Humanitarna udruga &#8221;Fra Mladen Hrka\u0107&#8221; je tradicionalno objavila imena dobitnika nagrade &#8221;Gordana Jeli\u0107&#8221; za najbolje volontere u Republici Hrvatskoj i Bosni i Hercegovini za 2021. godinu. Najbolja volonterka u Republici Hrvatskoj je \u017deljka Vu\u010dko, a u Bosni i Hercegovini Monika Planini\u0107. To je objavljeno u okviru obilje\u017eavanja Me\u0111unarodnog dana volontera, priop\u0107eno je iz te udruge. [&hellip;]\" \/>\n<meta property=\"og:url\" content=\"https:\/\/radioljubuski.ba\/index.php\/2021\/12\/06\/monika-planinic-je-najbolja-volonterka-u-bih\/\" \/>\n<meta property=\"og:site_name\" content=\"RADIO LJUBU\u0160KI\" \/>\n<meta property=\"article:publisher\" content=\"https:\/\/www.facebook.com\/Radiio-Ljubuski-1490835324566332\" \/>\n<meta property=\"article:published_time\" content=\"2021-12-06T08:11:54+00:00\" \/>\n<meta property=\"og:image\" content=\"https:\/\/radioljubuski.ba\/wp-content\/uploads\/2021\/12\/Monika-Planinic.jpg\" \/>\n\t<meta property=\"og:image:width\" content=\"800\" \/>\n\t<meta property=\"og:image:height\" content=\"550\" \/>\n\t<meta property=\"og:image:type\" content=\"image\/jpeg\" \/>\n<meta name=\"author\" content=\"Radio Ljubu\u0161ki\" \/>\n<meta name=\"twitter:card\" content=\"summary_large_image\" \/>\n<meta name=\"twitter:creator\" content=\"@radioljubuski\" \/>\n<meta name=\"twitter:site\" content=\"@radioljubuski\" \/>\n<meta name=\"twitter:label1\" content=\"Napisao\/la\" \/>\n\t<meta name=\"twitter:data1\" content=\"Radio Ljubu\u0161ki\" \/>\n\t<meta name=\"twitter:label2\" content=\"Procijenjeno vrijeme \u010ditanja\" \/>\n\t<meta name=\"twitter:data2\" content=\"3 minute\" \/>\n<script type=\"application\/ld+json\" class=\"yoast-schema-graph\">{\"@context\":\"https:\\\/\\\/schema.org\",\"@graph\":[{\"@type\":\"Article\",\"@id\":\"https:\\\/\\\/radioljubuski.ba\\\/index.php\\\/2021\\\/12\\\/06\\\/monika-planinic-je-najbolja-volonterka-u-bih\\\/#article\",\"isPartOf\":{\"@id\":\"https:\\\/\\\/radioljubuski.ba\\\/index.php\\\/2021\\\/12\\\/06\\\/monika-planinic-je-najbolja-volonterka-u-bih\\\/\"},\"author\":{\"name\":\"Radio Ljubu\u0161ki\",\"@id\":\"https:\\\/\\\/radioljubuski.ba\\\/#\\\/schema\\\/person\\\/19fc700381a780f69665d7956c469e3b\"},\"headline\":\"Monika Planini\u0107 je najbolja volonterka u BiH\",\"datePublished\":\"2021-12-06T08:11:54+00:00\",\"mainEntityOfPage\":{\"@id\":\"https:\\\/\\\/radioljubuski.ba\\\/index.php\\\/2021\\\/12\\\/06\\\/monika-planinic-je-najbolja-volonterka-u-bih\\\/\"},\"wordCount\":586,\"publisher\":{\"@id\":\"https:\\\/\\\/radioljubuski.ba\\\/#organization\"},\"image\":{\"@id\":\"https:\\\/\\\/radioljubuski.ba\\\/index.php\\\/2021\\\/12\\\/06\\\/monika-planinic-je-najbolja-volonterka-u-bih\\\/#primaryimage\"},\"thumbnailUrl\":\"https:\\\/\\\/radioljubuski.ba\\\/wp-content\\\/uploads\\\/2021\\\/12\\\/Monika-Planinic.jpg\",\"articleSection\":[\"BIH i regija\"],\"inLanguage\":\"hr\"},{\"@type\":\"WebPage\",\"@id\":\"https:\\\/\\\/radioljubuski.ba\\\/index.php\\\/2021\\\/12\\\/06\\\/monika-planinic-je-najbolja-volonterka-u-bih\\\/\",\"url\":\"https:\\\/\\\/radioljubuski.ba\\\/index.php\\\/2021\\\/12\\\/06\\\/monika-planinic-je-najbolja-volonterka-u-bih\\\/\",\"name\":\"Monika Planini\u0107 je najbolja volonterka u BiH - RADIO LJUBU\u0160KI\",\"isPartOf\":{\"@id\":\"https:\\\/\\\/radioljubuski.ba\\\/#website\"},\"primaryImageOfPage\":{\"@id\":\"https:\\\/\\\/radioljubuski.ba\\\/index.php\\\/2021\\\/12\\\/06\\\/monika-planinic-je-najbolja-volonterka-u-bih\\\/#primaryimage\"},\"image\":{\"@id\":\"https:\\\/\\\/radioljubuski.ba\\\/index.php\\\/2021\\\/12\\\/06\\\/monika-planinic-je-najbolja-volonterka-u-bih\\\/#primaryimage\"},\"thumbnailUrl\":\"https:\\\/\\\/radioljubuski.ba\\\/wp-content\\\/uploads\\\/2021\\\/12\\\/Monika-Planinic.jpg\",\"datePublished\":\"2021-12-06T08:11:54+00:00\",\"breadcrumb\":{\"@id\":\"https:\\\/\\\/radioljubuski.ba\\\/index.php\\\/2021\\\/12\\\/06\\\/monika-planinic-je-najbolja-volonterka-u-bih\\\/#breadcrumb\"},\"inLanguage\":\"hr\",\"potentialAction\":[{\"@type\":\"ReadAction\",\"target\":[\"https:\\\/\\\/radioljubuski.ba\\\/index.php\\\/2021\\\/12\\\/06\\\/monika-planinic-je-najbolja-volonterka-u-bih\\\/\"]}]},{\"@type\":\"ImageObject\",\"inLanguage\":\"hr\",\"@id\":\"https:\\\/\\\/radioljubuski.ba\\\/index.php\\\/2021\\\/12\\\/06\\\/monika-planinic-je-najbolja-volonterka-u-bih\\\/#primaryimage\",\"url\":\"https:\\\/\\\/radioljubuski.ba\\\/wp-content\\\/uploads\\\/2021\\\/12\\\/Monika-Planinic.jpg\",\"contentUrl\":\"https:\\\/\\\/radioljubuski.ba\\\/wp-content\\\/uploads\\\/2021\\\/12\\\/Monika-Planinic.jpg\",\"width\":800,\"height\":550},{\"@type\":\"BreadcrumbList\",\"@id\":\"https:\\\/\\\/radioljubuski.ba\\\/index.php\\\/2021\\\/12\\\/06\\\/monika-planinic-je-najbolja-volonterka-u-bih\\\/#breadcrumb\",\"itemListElement\":[{\"@type\":\"ListItem\",\"position\":1,\"name\":\"Po\u010detna stranica\",\"item\":\"https:\\\/\\\/radioljubuski.ba\\\/\"},{\"@type\":\"ListItem\",\"position\":2,\"name\":\"Monika Planini\u0107 je najbolja volonterka u BiH\"}]},{\"@type\":\"WebSite\",\"@id\":\"https:\\\/\\\/radioljubuski.ba\\\/#website\",\"url\":\"https:\\\/\\\/radioljubuski.ba\\\/\",\"name\":\"Radio Ljubu\u0161ki\",\"description\":\"Sun\u010dana frekvencija Hercegovine\",\"publisher\":{\"@id\":\"https:\\\/\\\/radioljubuski.ba\\\/#organization\"},\"potentialAction\":[{\"@type\":\"SearchAction\",\"target\":{\"@type\":\"EntryPoint\",\"urlTemplate\":\"https:\\\/\\\/radioljubuski.ba\\\/?s={search_term_string}\"},\"query-input\":{\"@type\":\"PropertyValueSpecification\",\"valueRequired\":true,\"valueName\":\"search_term_string\"}}],\"inLanguage\":\"hr\"},{\"@type\":\"Organization\",\"@id\":\"https:\\\/\\\/radioljubuski.ba\\\/#organization\",\"name\":\"Radio Ljubu\u0161ki\",\"url\":\"https:\\\/\\\/radioljubuski.ba\\\/\",\"logo\":{\"@type\":\"ImageObject\",\"inLanguage\":\"hr\",\"@id\":\"https:\\\/\\\/radioljubuski.ba\\\/#\\\/schema\\\/logo\\\/image\\\/\",\"url\":\"https:\\\/\\\/radioljubuski.ba\\\/wp-content\\\/uploads\\\/2021\\\/02\\\/cropped-Radio_Ljubuski_logo1.jpg\",\"contentUrl\":\"https:\\\/\\\/radioljubuski.ba\\\/wp-content\\\/uploads\\\/2021\\\/02\\\/cropped-Radio_Ljubuski_logo1.jpg\",\"width\":512,\"height\":512,\"caption\":\"Radio Ljubu\u0161ki\"},\"image\":{\"@id\":\"https:\\\/\\\/radioljubuski.ba\\\/#\\\/schema\\\/logo\\\/image\\\/\"},\"sameAs\":[\"https:\\\/\\\/www.facebook.com\\\/Radiio-Ljubuski-1490835324566332\",\"https:\\\/\\\/x.com\\\/radioljubuski\",\"https:\\\/\\\/hr.linkedin.com\\\/company\\\/radio-ljubuski\",\"https:\\\/\\\/www.youtube.com\\\/channel\\\/UCHYaeO_n0Db3tjNGudGpXyw\"]},{\"@type\":\"Person\",\"@id\":\"https:\\\/\\\/radioljubuski.ba\\\/#\\\/schema\\\/person\\\/19fc700381a780f69665d7956c469e3b\",\"name\":\"Radio Ljubu\u0161ki\"}]}<\/script>\n<!-- \/ Yoast SEO plugin. -->","yoast_head_json":{"title":"Monika Planini\u0107 je najbolja volonterka u BiH - RADIO LJUBU\u0160KI","robots":{"index":"index","follow":"follow","max-snippet":"max-snippet:-1","max-image-preview":"max-image-preview:large","max-video-preview":"max-video-preview:-1"},"canonical":"https:\/\/radioljubuski.ba\/index.php\/2021\/12\/06\/monika-planinic-je-najbolja-volonterka-u-bih\/","og_locale":"hr_HR","og_type":"article","og_title":"Monika Planini\u0107 je najbolja volonterka u BiH - RADIO LJUBU\u0160KI","og_description":"Humanitarna udruga &#8221;Fra Mladen Hrka\u0107&#8221; je tradicionalno objavila imena dobitnika nagrade &#8221;Gordana Jeli\u0107&#8221; za najbolje volontere u Republici Hrvatskoj i Bosni i Hercegovini za 2021. godinu. Najbolja volonterka u Republici Hrvatskoj je \u017deljka Vu\u010dko, a u Bosni i Hercegovini Monika Planini\u0107. To je objavljeno u okviru obilje\u017eavanja Me\u0111unarodnog dana volontera, priop\u0107eno je iz te udruge. [&hellip;]","og_url":"https:\/\/radioljubuski.ba\/index.php\/2021\/12\/06\/monika-planinic-je-najbolja-volonterka-u-bih\/","og_site_name":"RADIO LJUBU\u0160KI","article_publisher":"https:\/\/www.facebook.com\/Radiio-Ljubuski-1490835324566332","article_published_time":"2021-12-06T08:11:54+00:00","og_image":[{"width":800,"height":550,"url":"https:\/\/radioljubuski.ba\/wp-content\/uploads\/2021\/12\/Monika-Planinic.jpg","type":"image\/jpeg"}],"author":"Radio Ljubu\u0161ki","twitter_card":"summary_large_image","twitter_creator":"@radioljubuski","twitter_site":"@radioljubuski","twitter_misc":{"Napisao\/la":"Radio Ljubu\u0161ki","Procijenjeno vrijeme \u010ditanja":"3 minute"},"schema":{"@context":"https:\/\/schema.org","@graph":[{"@type":"Article","@id":"https:\/\/radioljubuski.ba\/index.php\/2021\/12\/06\/monika-planinic-je-najbolja-volonterka-u-bih\/#article","isPartOf":{"@id":"https:\/\/radioljubuski.ba\/index.php\/2021\/12\/06\/monika-planinic-je-najbolja-volonterka-u-bih\/"},"author":{"name":"Radio Ljubu\u0161ki","@id":"https:\/\/radioljubuski.ba\/#\/schema\/person\/19fc700381a780f69665d7956c469e3b"},"headline":"Monika Planini\u0107 je najbolja volonterka u BiH","datePublished":"2021-12-06T08:11:54+00:00","mainEntityOfPage":{"@id":"https:\/\/radioljubuski.ba\/index.php\/2021\/12\/06\/monika-planinic-je-najbolja-volonterka-u-bih\/"},"wordCount":586,"publisher":{"@id":"https:\/\/radioljubuski.ba\/#organization"},"image":{"@id":"https:\/\/radioljubuski.ba\/index.php\/2021\/12\/06\/monika-planinic-je-najbolja-volonterka-u-bih\/#primaryimage"},"thumbnailUrl":"https:\/\/radioljubuski.ba\/wp-content\/uploads\/2021\/12\/Monika-Planinic.jpg","articleSection":["BIH i regija"],"inLanguage":"hr"},{"@type":"WebPage","@id":"https:\/\/radioljubuski.ba\/index.php\/2021\/12\/06\/monika-planinic-je-najbolja-volonterka-u-bih\/","url":"https:\/\/radioljubuski.ba\/index.php\/2021\/12\/06\/monika-planinic-je-najbolja-volonterka-u-bih\/","name":"Monika Planini\u0107 je najbolja volonterka u BiH - RADIO LJUBU\u0160KI","isPartOf":{"@id":"https:\/\/radioljubuski.ba\/#website"},"primaryImageOfPage":{"@id":"https:\/\/radioljubuski.ba\/index.php\/2021\/12\/06\/monika-planinic-je-najbolja-volonterka-u-bih\/#primaryimage"},"image":{"@id":"https:\/\/radioljubuski.ba\/index.php\/2021\/12\/06\/monika-planinic-je-najbolja-volonterka-u-bih\/#primaryimage"},"thumbnailUrl":"https:\/\/radioljubuski.ba\/wp-content\/uploads\/2021\/12\/Monika-Planinic.jpg","datePublished":"2021-12-06T08:11:54+00:00","breadcrumb":{"@id":"https:\/\/radioljubuski.ba\/index.php\/2021\/12\/06\/monika-planinic-je-najbolja-volonterka-u-bih\/#breadcrumb"},"inLanguage":"hr","potentialAction":[{"@type":"ReadAction","target":["https:\/\/radioljubuski.ba\/index.php\/2021\/12\/06\/monika-planinic-je-najbolja-volonterka-u-bih\/"]}]},{"@type":"ImageObject","inLanguage":"hr","@id":"https:\/\/radioljubuski.ba\/index.php\/2021\/12\/06\/monika-planinic-je-najbolja-volonterka-u-bih\/#primaryimage","url":"https:\/\/radioljubuski.ba\/wp-content\/uploads\/2021\/12\/Monika-Planinic.jpg","contentUrl":"https:\/\/radioljubuski.ba\/wp-content\/uploads\/2021\/12\/Monika-Planinic.jpg","width":800,"height":550},{"@type":"BreadcrumbList","@id":"https:\/\/radioljubuski.ba\/index.php\/2021\/12\/06\/monika-planinic-je-najbolja-volonterka-u-bih\/#breadcrumb","itemListElement":[{"@type":"ListItem","position":1,"name":"Po\u010detna stranica","item":"https:\/\/radioljubuski.ba\/"},{"@type":"ListItem","position":2,"name":"Monika Planini\u0107 je najbolja volonterka u BiH"}]},{"@type":"WebSite","@id":"https:\/\/radioljubuski.ba\/#website","url":"https:\/\/radioljubuski.ba\/","name":"Radio Ljubu\u0161ki","description":"Sun\u010dana frekvencija Hercegovine","publisher":{"@id":"https:\/\/radioljubuski.ba\/#organization"},"potentialAction":[{"@type":"SearchAction","target":{"@type":"EntryPoint","urlTemplate":"https:\/\/radioljubuski.ba\/?s={search_term_string}"},"query-input":{"@type":"PropertyValueSpecification","valueRequired":true,"valueName":"search_term_string"}}],"inLanguage":"hr"},{"@type":"Organization","@id":"https:\/\/radioljubuski.ba\/#organization","name":"Radio Ljubu\u0161ki","url":"https:\/\/radioljubuski.ba\/","logo":{"@type":"ImageObject","inLanguage":"hr","@id":"https:\/\/radioljubuski.ba\/#\/schema\/logo\/image\/","url":"https:\/\/radioljubuski.ba\/wp-content\/uploads\/2021\/02\/cropped-Radio_Ljubuski_logo1.jpg","contentUrl":"https:\/\/radioljubuski.ba\/wp-content\/uploads\/2021\/02\/cropped-Radio_Ljubuski_logo1.jpg","width":512,"height":512,"caption":"Radio Ljubu\u0161ki"},"image":{"@id":"https:\/\/radioljubuski.ba\/#\/schema\/logo\/image\/"},"sameAs":["https:\/\/www.facebook.com\/Radiio-Ljubuski-1490835324566332","https:\/\/x.com\/radioljubuski","https:\/\/hr.linkedin.com\/company\/radio-ljubuski","https:\/\/www.youtube.com\/channel\/UCHYaeO_n0Db3tjNGudGpXyw"]},{"@type":"Person","@id":"https:\/\/radioljubuski.ba\/#\/schema\/person\/19fc700381a780f69665d7956c469e3b","name":"Radio Ljubu\u0161ki"}]}},"_links":{"self":[{"href":"https:\/\/radioljubuski.ba\/index.php\/wp-json\/wp\/v2\/posts\/96399","targetHints":{"allow":["GET"]}}],"collection":[{"href":"https:\/\/radioljubuski.ba\/index.php\/wp-json\/wp\/v2\/posts"}],"about":[{"href":"https:\/\/radioljubuski.ba\/index.php\/wp-json\/wp\/v2\/types\/post"}],"author":[{"embeddable":true,"href":"https:\/\/radioljubuski.ba\/index.php\/wp-json\/wp\/v2\/users\/2"}],"replies":[{"embeddable":true,"href":"https:\/\/radioljubuski.ba\/index.php\/wp-json\/wp\/v2\/comments?post=96399"}],"version-history":[{"count":1,"href":"https:\/\/radioljubuski.ba\/index.php\/wp-json\/wp\/v2\/posts\/96399\/revisions"}],"predecessor-version":[{"id":96401,"href":"https:\/\/radioljubuski.ba\/index.php\/wp-json\/wp\/v2\/posts\/96399\/revisions\/96401"}],"wp:featuredmedia":[{"embeddable":true,"href":"https:\/\/radioljubuski.ba\/index.php\/wp-json\/wp\/v2\/media\/96400"}],"wp:attachment":[{"href":"https:\/\/radioljubuski.ba\/index.php\/wp-json\/wp\/v2\/media?parent=96399"}],"wp:term":[{"taxonomy":"category","embeddable":true,"href":"https:\/\/radioljubuski.ba\/index.php\/wp-json\/wp\/v2\/categories?post=96399"},{"taxonomy":"post_tag","embeddable":true,"href":"https:\/\/radioljubuski.ba\/index.php\/wp-json\/wp\/v2\/tags?post=96399"}],"curies":[{"name":"wp","href":"https:\/\/api.w.org\/{rel}","templated":true}]}}