{"id":96402,"date":"2021-12-06T09:13:12","date_gmt":"2021-12-06T08:13:12","guid":{"rendered":"https:\/\/radioljubuski.ba\/?p=96402"},"modified":"2021-12-06T09:13:13","modified_gmt":"2021-12-06T08:13:13","slug":"djevojcicu-napio-i-obljubio-za-sutnju-nudio-posao-njenoj-majci","status":"publish","type":"post","link":"https:\/\/radioljubuski.ba\/index.php\/2021\/12\/06\/djevojcicu-napio-i-obljubio-za-sutnju-nudio-posao-njenoj-majci\/","title":{"rendered":"Djevoj\u010dicu napio i obljubio, za \u0161utnju nudio posao njenoj majci"},"content":{"rendered":"\n<p>Milenko Tomi\u0107 (59), trener boksa iz Bijeljine, ostat \u0107e jo\u0161 dva mjeseca iza brave, a osumnji\u010den je da je napio pa obljubio \u010detrnaestogodi\u0161njakinju koju je trenirao, da bi nakon toga obe\u0107ao da \u0107e na\u0107i posao za njenu majku ukoliko ga roditelji djevoj\u010dice ne prijave.<\/p>\n\n\n\n<p>Uz navo\u0111enje inicijala, priop\u0107io je to Okru\u017eni sud u Bijeljini, koji je objavio detalje ovog stravi\u010dnog slu\u010daja, o kojem su &#8220;Nezavisne novine&#8221; pisale kada je Tomi\u0107 uhi\u0107en, a iza brave, po novom rje\u0161enju, mo\u017ee ostati do 4. velja\u010de 2022.<\/p>\n\n\n\n<p>Prethodno je tu\u017eitelj ovom sudu dostavio prijedlog za produ\u017eenje pritvora Tomi\u0107u, navode\u0107i kako je on dosad nekoliko puta poku\u0161ao kontaktirati oca djevoj\u010dice, a posljednji put je to u\u010dinjeno 24. studenog.<\/p>\n\n\n\n<p>Obrazla\u017eu\u0107i svoj prijedlog na ro\u010di\u0161tu, tu\u017eitelj je istaknuo kako istraga jo\u0161 nije zavr\u0161ena jer nisu saslu\u0161ani svi svjedoci, niti izvr\u0161ena sva potrebna vje\u0161ta\u010denja. Tu\u017eitelj o\u010dekuje da bi se istraga u idu\u0107a dva mjeseca mogla nesmetano okon\u010dati.<\/p>\n\n\n\n<p>S druge strane, obrana je tvrdila da nema potrebe za produ\u017eenjem pritvora, a i Tomi\u0107 se potpuno pridru\u017eio tvrdnji svog odvjetnika. Sud je, me\u0111utim, utvrdio kako postoji sumnja da je Tomi\u0107 obljubio djevoj\u010dicu koju je trenirao boks.<\/p>\n\n\n\n<p>&#8220;Ovakav zaklju\u010dak proizilazi prije svega iz iskaza \u017ertve datog u Policijskoj postaji Bijeljina u prisustvu tu\u017eitelja i psihologa, u kome je ona detaljno opisala sve okolnosti koje se odnose na pona\u0161anje osumnji\u010denog prema njoj, ali isto tako i iz iskaza djevoj\u010dicine majke i njenog oca&#8221;, isti\u010de Sud.<\/p>\n\n\n\n<p>Sud isti\u010de da postoji sumnja da je Tomi\u0107 od kolovoza do rujna, kao trener Boksa\u010dkog kluba Radnik Bijeljina, u kojem je djevoj\u010dica trenirala boks, vi\u0161e puta nagovarao maloljetnicu da pristane na spolne radnje s njim.<\/p>\n\n\n\n<p>&#8220;Prema navodima datim u prijedlogu za produ\u017eenje pritvora, sumnja se da je 20. kolovoza, kao trener, poveo tu djevoj\u010dicu u Isto\u010dno Sarajevo, rekav\u0161i joj da iz kasete automobila, kojeg je vozio, a ona bila suvoza\u010d, izvadi novac, \u0161to je i u\u010dinila, te kada je izvadila novac i podigla glavu, poljubio ju je u usta&#8221;, isti\u010de Sud.<\/p>\n\n\n\n<p>I to nije sve &#8211; terete ga i da je 29. rujna djevoj\u010dicu pozvao da do\u0111e kod njega u ured Boksa\u010dkog kluba Radnik Bijeljina, a kada je ona do\u0161la sa prijateljicom i htjela iza\u0107i pomilovao ju je po zadnjici.<\/p>\n\n\n\n<p>&#8220;Onda je, kako se sumnja, 30. rujna, kao trener, poveo djevoj\u010dicu u Sokolac, nagovoriv\u0161i je da konzumira alkohol, koji je nabavio i donio u hotelsku sobu, \u0161to je ona i pila. Kada je usljed djelovanja alkohola zaspala, ljubio ju je po ustima, dodirivao zadnjicu, grudi, a potom i zavukao svoju ruku u njen donji ve\u0161&#8221;, navodi Sud, s tim \u0161to detalje ovog uznemiruju\u0107eg \u010dina ne\u0107emo objavljivati.<\/p>\n\n\n\n<p>Sve vrijeme joj je, dodaje se, putem Vibera sa svog telefona upu\u0107ivao poruke seksualne konotacije opisuju\u0107i \u0161to joj je radio, te \u0161to bi joj radio i predla\u017eu\u0107i joj na\u010din i mjesto da vode ljubav.<\/p>\n\n\n\n<p>Roditelji maloljetice su, isti\u010de Sud, detaljno opisali njeno pona\u0161anje nakon spornog doga\u0111aja te svjedo\u010dili o tome \u0161to im je k\u0107erkica ispri\u010dala. Pritom, svjedoci, jedna maloljetnica, te trener G.B. su tako\u0111er imali saznanja o ovom slu\u010daju.<\/p>\n\n\n\n<p>&#8220;U tom smislu maloljetnica je ispri\u010dala okolnosti pod kojima su osumnji\u010deni i o\u0161te\u0107ena spavali u istom krevetu kriti\u010dne ve\u010deri, a svjedok G.B., kao jedan od trenera \u017ertve, u svom svjedo\u010denju je potvrdio da je do\u0161ao do saznanja da je osumnji\u010deni donosio alkohol u sobu gdje su se nalazili natjecatelji&#8221;, isti\u010de Sud.<\/p>\n\n\n\n<p>Ono \u0161to je posebno zna\u010dajno u njegovom svjedo\u010denju je \u010dinjenica da je zamoljen da sa dr\u017eavnog prvenstva, odr\u017eanog u Sokocu, poveze djevoj\u010dicu s obzirom na to da je ona imala problema s Tomi\u0107em i da se ne osje\u0107a ugodno u dru\u0161tvu s Tomi\u0107em.<\/p>\n\n\n\n<p>&#8220;O neprimjerenom pona\u0161anju osumnji\u010denog na dr\u017eavnom prvenstvu u Sokocu je svjedo\u010dila jo\u0161 jedna svjedokinja. Navela je kako je Tomi\u0107 na recepciji hotela &nbsp;insistirao da zakupi bazen u kome bi bili sami Tomi\u0107, ona i \u017ertva, da ih je nagovarao da piju alkohol, \u0161to su i u\u010dinili, da je potom \u017ertva bila vidno pijana, u polusvjesnom stanju, da je u takvom stanju legla da spava, a da je Tomi\u0107 legao pored nje i u krevetu s njom proveo no\u0107&#8221;, isti\u010de sud.<\/p>\n\n\n\n<p>Svjedo\u010denja ovih osoba, dodaje Sud, potvr\u0111ena su i pisanim dokazima koji se odnose na medicinsku dokumentaciju maloljetne \u017ertve kao i porukama koje su me\u0111usobno telefonom razmjenjivali ona i osumnji\u010deni. Dokazi su, smatra Sud, vjerodostojni.<\/p>\n\n\n\n<p>Osim toga, isti\u010de Sud, iz iskaza roditelja \u017ertve mo\u017ee se zaklju\u010diti da je Tomi\u0107, nakon \u0161to je saznao da su oni upoznati s prepiskom izme\u0111u njega i djevoj\u010dice putem dru\u0161venih mre\u017ea, poku\u0161ao uticati na njih da ga ne prijavljuju, a zauzvrat, kako to tvrdi otac djevoj\u010dice, obe\u0107ao je da \u0107e u Beogradu razgovarati s ministrima da bi prona\u0161ao zaposlenje za njegovu suprugu.<\/p>\n\n\n\n<p>Roditelji su, ocjenjuje Sud, suglasno izjavili da im je stavio do znanja da bi njihova k\u0107erka mogla biti izlo\u017eena sramu i osudi javnosti, a da on ima brojne veze i da je vrlo uticajan i da ne\u0107e odgovarati.<\/p>\n\n\n\n<p>Osim toga, prema svjedo\u010denju oca djevoj\u010dice, Tomi\u0107 je preko svog sina poku\u0161ao uticati na njega prijete\u0107i kompromituju\u0107im snimcima njegove k\u0107erke sa drugim osobama.<\/p>\n\n\n\n<p>&#8220;Pona\u0161anje osumnji\u010denog je, prema izjavama roditelja maloljetnice, na nju ostavilo posljedice &#8211; ona je po\u010dela izbjegavati kontakt s njima, \u017ealila se na glavobolju, po\u010dela nekontrolirano jesti slatki\u0161e i udebljala se 15 kilograma&#8221;, isti\u010de Sud.<\/p>\n\n\n\n<p>Sud dodaje da posebno treba napomenuti \u010dinjenicu da je osumnji\u010deni, pored toga \u0161to je bio trener djevoj\u010dice, prema vlastitoj tvrdnji, u kriti\u010dnom vremenu bio i sportski direktor BK Radnik Bijeljina, predsjednik Boksa\u010dkog saveza Republike Srpske i glavni tajnik Boksa\u010dkog saveza BiH.<\/p>\n\n\n\n<p>Dakle, dodaje se, nesumnjivo se radi o \u010dovjeku koji je visokopozicioniran u organizacijskoj strukturi boksa u Srpskoj i BiH, pa je i njegova uloga u odgoju mladih \u0161porta\u0161a posebno nagla\u0161ena.<\/p>\n\n\n\n<p>Kako je potvr\u0111eno &#8220;Nezavisnim novinama&#8221;, za krivi\u010dno djelo za koje Tomi\u0107a terete propisan je zatvor od najmanje osam godina.<\/p>\n\n\n\n<p><strong>Izvor: Pogled.ba<\/strong><\/p>\n","protected":false},"excerpt":{"rendered":"<p>Milenko Tomi\u0107 (59), trener boksa iz Bijeljine, ostat \u0107e jo\u0161 dva mjeseca iza brave, a osumnji\u010den je da je napio pa obljubio \u010detrnaestogodi\u0161njakinju koju je trenirao, da bi nakon toga obe\u0107ao da \u0107e na\u0107i posao za njenu majku ukoliko ga roditelji djevoj\u010dice ne prijave. Uz navo\u0111enje inicijala, priop\u0107io je to Okru\u017eni sud u Bijeljini, koji [&hellip;]<\/p>\n","protected":false},"author":2,"featured_media":96403,"comment_status":"closed","ping_status":"closed","sticky":false,"template":"","format":"standard","meta":{"h5ap_radio_sources":[],"footnotes":""},"categories":[1],"tags":[],"class_list":["post-96402","post","type-post","status-publish","format-standard","has-post-thumbnail","hentry","category-bihiregija"],"yoast_head":"<!-- This site is optimized with the Yoast SEO plugin v27.4 - https:\/\/yoast.com\/product\/yoast-seo-wordpress\/ -->\n<title>Djevoj\u010dicu napio i obljubio, za \u0161utnju nudio posao njenoj majci - RADIO LJUBU\u0160KI<\/title>\n<meta name=\"robots\" content=\"index, follow, max-snippet:-1, max-image-preview:large, max-video-preview:-1\" \/>\n<link rel=\"canonical\" href=\"https:\/\/radioljubuski.ba\/index.php\/2021\/12\/06\/djevojcicu-napio-i-obljubio-za-sutnju-nudio-posao-njenoj-majci\/\" \/>\n<meta property=\"og:locale\" content=\"hr_HR\" \/>\n<meta property=\"og:type\" content=\"article\" \/>\n<meta property=\"og:title\" content=\"Djevoj\u010dicu napio i obljubio, za \u0161utnju nudio posao njenoj majci - RADIO LJUBU\u0160KI\" \/>\n<meta property=\"og:description\" content=\"Milenko Tomi\u0107 (59), trener boksa iz Bijeljine, ostat \u0107e jo\u0161 dva mjeseca iza brave, a osumnji\u010den je da je napio pa obljubio \u010detrnaestogodi\u0161njakinju koju je trenirao, da bi nakon toga obe\u0107ao da \u0107e na\u0107i posao za njenu majku ukoliko ga roditelji djevoj\u010dice ne prijave. Uz navo\u0111enje inicijala, priop\u0107io je to Okru\u017eni sud u Bijeljini, koji [&hellip;]\" \/>\n<meta property=\"og:url\" content=\"https:\/\/radioljubuski.ba\/index.php\/2021\/12\/06\/djevojcicu-napio-i-obljubio-za-sutnju-nudio-posao-njenoj-majci\/\" \/>\n<meta property=\"og:site_name\" content=\"RADIO LJUBU\u0160KI\" \/>\n<meta property=\"article:publisher\" content=\"https:\/\/www.facebook.com\/Radiio-Ljubuski-1490835324566332\" \/>\n<meta property=\"article:published_time\" content=\"2021-12-06T08:13:12+00:00\" \/>\n<meta property=\"article:modified_time\" content=\"2021-12-06T08:13:13+00:00\" \/>\n<meta property=\"og:image\" content=\"https:\/\/radioljubuski.ba\/wp-content\/uploads\/2021\/12\/uhicenje-bn.jpg\" \/>\n\t<meta property=\"og:image:width\" content=\"1000\" \/>\n\t<meta property=\"og:image:height\" content=\"625\" \/>\n\t<meta property=\"og:image:type\" content=\"image\/jpeg\" \/>\n<meta name=\"author\" content=\"Radio Ljubu\u0161ki\" \/>\n<meta name=\"twitter:card\" content=\"summary_large_image\" \/>\n<meta name=\"twitter:creator\" content=\"@radioljubuski\" \/>\n<meta name=\"twitter:site\" content=\"@radioljubuski\" \/>\n<meta name=\"twitter:label1\" content=\"Napisao\/la\" \/>\n\t<meta name=\"twitter:data1\" content=\"Radio Ljubu\u0161ki\" \/>\n\t<meta name=\"twitter:label2\" content=\"Procijenjeno vrijeme \u010ditanja\" \/>\n\t<meta name=\"twitter:data2\" content=\"5 minuta\" \/>\n<script type=\"application\/ld+json\" class=\"yoast-schema-graph\">{\"@context\":\"https:\\\/\\\/schema.org\",\"@graph\":[{\"@type\":\"Article\",\"@id\":\"https:\\\/\\\/radioljubuski.ba\\\/index.php\\\/2021\\\/12\\\/06\\\/djevojcicu-napio-i-obljubio-za-sutnju-nudio-posao-njenoj-majci\\\/#article\",\"isPartOf\":{\"@id\":\"https:\\\/\\\/radioljubuski.ba\\\/index.php\\\/2021\\\/12\\\/06\\\/djevojcicu-napio-i-obljubio-za-sutnju-nudio-posao-njenoj-majci\\\/\"},\"author\":{\"name\":\"Radio Ljubu\u0161ki\",\"@id\":\"https:\\\/\\\/radioljubuski.ba\\\/#\\\/schema\\\/person\\\/19fc700381a780f69665d7956c469e3b\"},\"headline\":\"Djevoj\u010dicu napio i obljubio, za \u0161utnju nudio posao njenoj majci\",\"datePublished\":\"2021-12-06T08:13:12+00:00\",\"dateModified\":\"2021-12-06T08:13:13+00:00\",\"mainEntityOfPage\":{\"@id\":\"https:\\\/\\\/radioljubuski.ba\\\/index.php\\\/2021\\\/12\\\/06\\\/djevojcicu-napio-i-obljubio-za-sutnju-nudio-posao-njenoj-majci\\\/\"},\"wordCount\":1104,\"publisher\":{\"@id\":\"https:\\\/\\\/radioljubuski.ba\\\/#organization\"},\"image\":{\"@id\":\"https:\\\/\\\/radioljubuski.ba\\\/index.php\\\/2021\\\/12\\\/06\\\/djevojcicu-napio-i-obljubio-za-sutnju-nudio-posao-njenoj-majci\\\/#primaryimage\"},\"thumbnailUrl\":\"https:\\\/\\\/radioljubuski.ba\\\/wp-content\\\/uploads\\\/2021\\\/12\\\/uhicenje-bn.jpg\",\"articleSection\":[\"BIH i regija\"],\"inLanguage\":\"hr\"},{\"@type\":\"WebPage\",\"@id\":\"https:\\\/\\\/radioljubuski.ba\\\/index.php\\\/2021\\\/12\\\/06\\\/djevojcicu-napio-i-obljubio-za-sutnju-nudio-posao-njenoj-majci\\\/\",\"url\":\"https:\\\/\\\/radioljubuski.ba\\\/index.php\\\/2021\\\/12\\\/06\\\/djevojcicu-napio-i-obljubio-za-sutnju-nudio-posao-njenoj-majci\\\/\",\"name\":\"Djevoj\u010dicu napio i obljubio, za \u0161utnju nudio posao njenoj majci - RADIO LJUBU\u0160KI\",\"isPartOf\":{\"@id\":\"https:\\\/\\\/radioljubuski.ba\\\/#website\"},\"primaryImageOfPage\":{\"@id\":\"https:\\\/\\\/radioljubuski.ba\\\/index.php\\\/2021\\\/12\\\/06\\\/djevojcicu-napio-i-obljubio-za-sutnju-nudio-posao-njenoj-majci\\\/#primaryimage\"},\"image\":{\"@id\":\"https:\\\/\\\/radioljubuski.ba\\\/index.php\\\/2021\\\/12\\\/06\\\/djevojcicu-napio-i-obljubio-za-sutnju-nudio-posao-njenoj-majci\\\/#primaryimage\"},\"thumbnailUrl\":\"https:\\\/\\\/radioljubuski.ba\\\/wp-content\\\/uploads\\\/2021\\\/12\\\/uhicenje-bn.jpg\",\"datePublished\":\"2021-12-06T08:13:12+00:00\",\"dateModified\":\"2021-12-06T08:13:13+00:00\",\"breadcrumb\":{\"@id\":\"https:\\\/\\\/radioljubuski.ba\\\/index.php\\\/2021\\\/12\\\/06\\\/djevojcicu-napio-i-obljubio-za-sutnju-nudio-posao-njenoj-majci\\\/#breadcrumb\"},\"inLanguage\":\"hr\",\"potentialAction\":[{\"@type\":\"ReadAction\",\"target\":[\"https:\\\/\\\/radioljubuski.ba\\\/index.php\\\/2021\\\/12\\\/06\\\/djevojcicu-napio-i-obljubio-za-sutnju-nudio-posao-njenoj-majci\\\/\"]}]},{\"@type\":\"ImageObject\",\"inLanguage\":\"hr\",\"@id\":\"https:\\\/\\\/radioljubuski.ba\\\/index.php\\\/2021\\\/12\\\/06\\\/djevojcicu-napio-i-obljubio-za-sutnju-nudio-posao-njenoj-majci\\\/#primaryimage\",\"url\":\"https:\\\/\\\/radioljubuski.ba\\\/wp-content\\\/uploads\\\/2021\\\/12\\\/uhicenje-bn.jpg\",\"contentUrl\":\"https:\\\/\\\/radioljubuski.ba\\\/wp-content\\\/uploads\\\/2021\\\/12\\\/uhicenje-bn.jpg\",\"width\":1000,\"height\":625},{\"@type\":\"BreadcrumbList\",\"@id\":\"https:\\\/\\\/radioljubuski.ba\\\/index.php\\\/2021\\\/12\\\/06\\\/djevojcicu-napio-i-obljubio-za-sutnju-nudio-posao-njenoj-majci\\\/#breadcrumb\",\"itemListElement\":[{\"@type\":\"ListItem\",\"position\":1,\"name\":\"Po\u010detna stranica\",\"item\":\"https:\\\/\\\/radioljubuski.ba\\\/\"},{\"@type\":\"ListItem\",\"position\":2,\"name\":\"Djevoj\u010dicu napio i obljubio, za \u0161utnju nudio posao njenoj majci\"}]},{\"@type\":\"WebSite\",\"@id\":\"https:\\\/\\\/radioljubuski.ba\\\/#website\",\"url\":\"https:\\\/\\\/radioljubuski.ba\\\/\",\"name\":\"Radio Ljubu\u0161ki\",\"description\":\"Sun\u010dana frekvencija Hercegovine\",\"publisher\":{\"@id\":\"https:\\\/\\\/radioljubuski.ba\\\/#organization\"},\"potentialAction\":[{\"@type\":\"SearchAction\",\"target\":{\"@type\":\"EntryPoint\",\"urlTemplate\":\"https:\\\/\\\/radioljubuski.ba\\\/?s={search_term_string}\"},\"query-input\":{\"@type\":\"PropertyValueSpecification\",\"valueRequired\":true,\"valueName\":\"search_term_string\"}}],\"inLanguage\":\"hr\"},{\"@type\":\"Organization\",\"@id\":\"https:\\\/\\\/radioljubuski.ba\\\/#organization\",\"name\":\"Radio Ljubu\u0161ki\",\"url\":\"https:\\\/\\\/radioljubuski.ba\\\/\",\"logo\":{\"@type\":\"ImageObject\",\"inLanguage\":\"hr\",\"@id\":\"https:\\\/\\\/radioljubuski.ba\\\/#\\\/schema\\\/logo\\\/image\\\/\",\"url\":\"https:\\\/\\\/radioljubuski.ba\\\/wp-content\\\/uploads\\\/2021\\\/02\\\/cropped-Radio_Ljubuski_logo1.jpg\",\"contentUrl\":\"https:\\\/\\\/radioljubuski.ba\\\/wp-content\\\/uploads\\\/2021\\\/02\\\/cropped-Radio_Ljubuski_logo1.jpg\",\"width\":512,\"height\":512,\"caption\":\"Radio Ljubu\u0161ki\"},\"image\":{\"@id\":\"https:\\\/\\\/radioljubuski.ba\\\/#\\\/schema\\\/logo\\\/image\\\/\"},\"sameAs\":[\"https:\\\/\\\/www.facebook.com\\\/Radiio-Ljubuski-1490835324566332\",\"https:\\\/\\\/x.com\\\/radioljubuski\",\"https:\\\/\\\/hr.linkedin.com\\\/company\\\/radio-ljubuski\",\"https:\\\/\\\/www.youtube.com\\\/channel\\\/UCHYaeO_n0Db3tjNGudGpXyw\"]},{\"@type\":\"Person\",\"@id\":\"https:\\\/\\\/radioljubuski.ba\\\/#\\\/schema\\\/person\\\/19fc700381a780f69665d7956c469e3b\",\"name\":\"Radio Ljubu\u0161ki\"}]}<\/script>\n<!-- \/ Yoast SEO plugin. -->","yoast_head_json":{"title":"Djevoj\u010dicu napio i obljubio, za \u0161utnju nudio posao njenoj majci - RADIO LJUBU\u0160KI","robots":{"index":"index","follow":"follow","max-snippet":"max-snippet:-1","max-image-preview":"max-image-preview:large","max-video-preview":"max-video-preview:-1"},"canonical":"https:\/\/radioljubuski.ba\/index.php\/2021\/12\/06\/djevojcicu-napio-i-obljubio-za-sutnju-nudio-posao-njenoj-majci\/","og_locale":"hr_HR","og_type":"article","og_title":"Djevoj\u010dicu napio i obljubio, za \u0161utnju nudio posao njenoj majci - RADIO LJUBU\u0160KI","og_description":"Milenko Tomi\u0107 (59), trener boksa iz Bijeljine, ostat \u0107e jo\u0161 dva mjeseca iza brave, a osumnji\u010den je da je napio pa obljubio \u010detrnaestogodi\u0161njakinju koju je trenirao, da bi nakon toga obe\u0107ao da \u0107e na\u0107i posao za njenu majku ukoliko ga roditelji djevoj\u010dice ne prijave. Uz navo\u0111enje inicijala, priop\u0107io je to Okru\u017eni sud u Bijeljini, koji [&hellip;]","og_url":"https:\/\/radioljubuski.ba\/index.php\/2021\/12\/06\/djevojcicu-napio-i-obljubio-za-sutnju-nudio-posao-njenoj-majci\/","og_site_name":"RADIO LJUBU\u0160KI","article_publisher":"https:\/\/www.facebook.com\/Radiio-Ljubuski-1490835324566332","article_published_time":"2021-12-06T08:13:12+00:00","article_modified_time":"2021-12-06T08:13:13+00:00","og_image":[{"width":1000,"height":625,"url":"https:\/\/radioljubuski.ba\/wp-content\/uploads\/2021\/12\/uhicenje-bn.jpg","type":"image\/jpeg"}],"author":"Radio Ljubu\u0161ki","twitter_card":"summary_large_image","twitter_creator":"@radioljubuski","twitter_site":"@radioljubuski","twitter_misc":{"Napisao\/la":"Radio Ljubu\u0161ki","Procijenjeno vrijeme \u010ditanja":"5 minuta"},"schema":{"@context":"https:\/\/schema.org","@graph":[{"@type":"Article","@id":"https:\/\/radioljubuski.ba\/index.php\/2021\/12\/06\/djevojcicu-napio-i-obljubio-za-sutnju-nudio-posao-njenoj-majci\/#article","isPartOf":{"@id":"https:\/\/radioljubuski.ba\/index.php\/2021\/12\/06\/djevojcicu-napio-i-obljubio-za-sutnju-nudio-posao-njenoj-majci\/"},"author":{"name":"Radio Ljubu\u0161ki","@id":"https:\/\/radioljubuski.ba\/#\/schema\/person\/19fc700381a780f69665d7956c469e3b"},"headline":"Djevoj\u010dicu napio i obljubio, za \u0161utnju nudio posao njenoj majci","datePublished":"2021-12-06T08:13:12+00:00","dateModified":"2021-12-06T08:13:13+00:00","mainEntityOfPage":{"@id":"https:\/\/radioljubuski.ba\/index.php\/2021\/12\/06\/djevojcicu-napio-i-obljubio-za-sutnju-nudio-posao-njenoj-majci\/"},"wordCount":1104,"publisher":{"@id":"https:\/\/radioljubuski.ba\/#organization"},"image":{"@id":"https:\/\/radioljubuski.ba\/index.php\/2021\/12\/06\/djevojcicu-napio-i-obljubio-za-sutnju-nudio-posao-njenoj-majci\/#primaryimage"},"thumbnailUrl":"https:\/\/radioljubuski.ba\/wp-content\/uploads\/2021\/12\/uhicenje-bn.jpg","articleSection":["BIH i regija"],"inLanguage":"hr"},{"@type":"WebPage","@id":"https:\/\/radioljubuski.ba\/index.php\/2021\/12\/06\/djevojcicu-napio-i-obljubio-za-sutnju-nudio-posao-njenoj-majci\/","url":"https:\/\/radioljubuski.ba\/index.php\/2021\/12\/06\/djevojcicu-napio-i-obljubio-za-sutnju-nudio-posao-njenoj-majci\/","name":"Djevoj\u010dicu napio i obljubio, za \u0161utnju nudio posao njenoj majci - RADIO LJUBU\u0160KI","isPartOf":{"@id":"https:\/\/radioljubuski.ba\/#website"},"primaryImageOfPage":{"@id":"https:\/\/radioljubuski.ba\/index.php\/2021\/12\/06\/djevojcicu-napio-i-obljubio-za-sutnju-nudio-posao-njenoj-majci\/#primaryimage"},"image":{"@id":"https:\/\/radioljubuski.ba\/index.php\/2021\/12\/06\/djevojcicu-napio-i-obljubio-za-sutnju-nudio-posao-njenoj-majci\/#primaryimage"},"thumbnailUrl":"https:\/\/radioljubuski.ba\/wp-content\/uploads\/2021\/12\/uhicenje-bn.jpg","datePublished":"2021-12-06T08:13:12+00:00","dateModified":"2021-12-06T08:13:13+00:00","breadcrumb":{"@id":"https:\/\/radioljubuski.ba\/index.php\/2021\/12\/06\/djevojcicu-napio-i-obljubio-za-sutnju-nudio-posao-njenoj-majci\/#breadcrumb"},"inLanguage":"hr","potentialAction":[{"@type":"ReadAction","target":["https:\/\/radioljubuski.ba\/index.php\/2021\/12\/06\/djevojcicu-napio-i-obljubio-za-sutnju-nudio-posao-njenoj-majci\/"]}]},{"@type":"ImageObject","inLanguage":"hr","@id":"https:\/\/radioljubuski.ba\/index.php\/2021\/12\/06\/djevojcicu-napio-i-obljubio-za-sutnju-nudio-posao-njenoj-majci\/#primaryimage","url":"https:\/\/radioljubuski.ba\/wp-content\/uploads\/2021\/12\/uhicenje-bn.jpg","contentUrl":"https:\/\/radioljubuski.ba\/wp-content\/uploads\/2021\/12\/uhicenje-bn.jpg","width":1000,"height":625},{"@type":"BreadcrumbList","@id":"https:\/\/radioljubuski.ba\/index.php\/2021\/12\/06\/djevojcicu-napio-i-obljubio-za-sutnju-nudio-posao-njenoj-majci\/#breadcrumb","itemListElement":[{"@type":"ListItem","position":1,"name":"Po\u010detna stranica","item":"https:\/\/radioljubuski.ba\/"},{"@type":"ListItem","position":2,"name":"Djevoj\u010dicu napio i obljubio, za \u0161utnju nudio posao njenoj majci"}]},{"@type":"WebSite","@id":"https:\/\/radioljubuski.ba\/#website","url":"https:\/\/radioljubuski.ba\/","name":"Radio Ljubu\u0161ki","description":"Sun\u010dana frekvencija Hercegovine","publisher":{"@id":"https:\/\/radioljubuski.ba\/#organization"},"potentialAction":[{"@type":"SearchAction","target":{"@type":"EntryPoint","urlTemplate":"https:\/\/radioljubuski.ba\/?s={search_term_string}"},"query-input":{"@type":"PropertyValueSpecification","valueRequired":true,"valueName":"search_term_string"}}],"inLanguage":"hr"},{"@type":"Organization","@id":"https:\/\/radioljubuski.ba\/#organization","name":"Radio Ljubu\u0161ki","url":"https:\/\/radioljubuski.ba\/","logo":{"@type":"ImageObject","inLanguage":"hr","@id":"https:\/\/radioljubuski.ba\/#\/schema\/logo\/image\/","url":"https:\/\/radioljubuski.ba\/wp-content\/uploads\/2021\/02\/cropped-Radio_Ljubuski_logo1.jpg","contentUrl":"https:\/\/radioljubuski.ba\/wp-content\/uploads\/2021\/02\/cropped-Radio_Ljubuski_logo1.jpg","width":512,"height":512,"caption":"Radio Ljubu\u0161ki"},"image":{"@id":"https:\/\/radioljubuski.ba\/#\/schema\/logo\/image\/"},"sameAs":["https:\/\/www.facebook.com\/Radiio-Ljubuski-1490835324566332","https:\/\/x.com\/radioljubuski","https:\/\/hr.linkedin.com\/company\/radio-ljubuski","https:\/\/www.youtube.com\/channel\/UCHYaeO_n0Db3tjNGudGpXyw"]},{"@type":"Person","@id":"https:\/\/radioljubuski.ba\/#\/schema\/person\/19fc700381a780f69665d7956c469e3b","name":"Radio Ljubu\u0161ki"}]}},"_links":{"self":[{"href":"https:\/\/radioljubuski.ba\/index.php\/wp-json\/wp\/v2\/posts\/96402","targetHints":{"allow":["GET"]}}],"collection":[{"href":"https:\/\/radioljubuski.ba\/index.php\/wp-json\/wp\/v2\/posts"}],"about":[{"href":"https:\/\/radioljubuski.ba\/index.php\/wp-json\/wp\/v2\/types\/post"}],"author":[{"embeddable":true,"href":"https:\/\/radioljubuski.ba\/index.php\/wp-json\/wp\/v2\/users\/2"}],"replies":[{"embeddable":true,"href":"https:\/\/radioljubuski.ba\/index.php\/wp-json\/wp\/v2\/comments?post=96402"}],"version-history":[{"count":1,"href":"https:\/\/radioljubuski.ba\/index.php\/wp-json\/wp\/v2\/posts\/96402\/revisions"}],"predecessor-version":[{"id":96404,"href":"https:\/\/radioljubuski.ba\/index.php\/wp-json\/wp\/v2\/posts\/96402\/revisions\/96404"}],"wp:featuredmedia":[{"embeddable":true,"href":"https:\/\/radioljubuski.ba\/index.php\/wp-json\/wp\/v2\/media\/96403"}],"wp:attachment":[{"href":"https:\/\/radioljubuski.ba\/index.php\/wp-json\/wp\/v2\/media?parent=96402"}],"wp:term":[{"taxonomy":"category","embeddable":true,"href":"https:\/\/radioljubuski.ba\/index.php\/wp-json\/wp\/v2\/categories?post=96402"},{"taxonomy":"post_tag","embeddable":true,"href":"https:\/\/radioljubuski.ba\/index.php\/wp-json\/wp\/v2\/tags?post=96402"}],"curies":[{"name":"wp","href":"https:\/\/api.w.org\/{rel}","templated":true}]}}