{"id":96405,"date":"2021-12-06T09:18:30","date_gmt":"2021-12-06T08:18:30","guid":{"rendered":"https:\/\/radioljubuski.ba\/?p=96405"},"modified":"2021-12-06T09:18:31","modified_gmt":"2021-12-06T08:18:31","slug":"odrzana-manifestacija-dani-meda","status":"publish","type":"post","link":"https:\/\/radioljubuski.ba\/index.php\/2021\/12\/06\/odrzana-manifestacija-dani-meda\/","title":{"rendered":"Odr\u017eana manifestacija Dani meda"},"content":{"rendered":"\n<p>Manifestacija Dani meda Federacije Bosne i Hercegovine u organizaciji Federalnog agromediteranskog zavoda Mostar ove godine se odr\u017eala u izmijenjenom programu \u0161to je bilo sukladno sa epidemiolo\u0161kim mjerama. <\/p>\n\n\n\n<p>Dodjela nagrada kao i uru\u010denje izvje\u0161\u0107a o obavljenim analizama biti \u0107e dostavljeni putem po\u0161te, priop\u0107ili su organizatori.  <\/p>\n\n\n\n<p>U daljnjem tekstu je popis p\u010delara koji su sa svojim medom ove godine osvojili priznanja u navedenim kategorijama meda, te im \u010destitamo ovim putem.<\/p>\n\n\n\n<p>Kategorija PLANINSKI MED:<\/p>\n\n\n\n<ol class=\"wp-block-list\"><li>Dalibor Primorac &#8211; &#8220;Zlatna p\u010dela&#8221;, Tihaljina<\/li><li>Kahriman Suad &#8211; Udru\u017eenje &#8220;Facelija&#8221; Gora\u017ede<\/li><\/ol>\n\n\n\n<p>Kategorija MED &#8211; KESTEN.<\/p>\n\n\n\n<ol class=\"wp-block-list\"><li>Halilovi\u0107 Kasim &#8211; P\u010delarsko dru\u0161tvo &#8220;Roj&#8221; Konjic<\/li><li>Fi\u0161i\u0107 Mirsad &#8211; P\u010delarsko dru\u0161tvo &#8220;Roj&#8221; Konjic<\/li><li>Pripo Muharem &#8211; P\u010delarsko dru\u0161tvo &#8220;Roj&#8221; Konjic<\/li><\/ol>\n\n\n\n<p>Kategorija CVJETNI MED:<\/p>\n\n\n\n<ol class=\"wp-block-list\"><li>Kurtovi\u0107 Halil &#8211; Novi Travnik<\/li><li>Mihael Kova\u010d &#8211; Posu\u0161je<\/li><li>OPG Barbir &#8211; Ljubu\u0161ki<\/li><\/ol>\n\n\n\n<p>Kategorija MIJE\u0160ANI HERCEGOVA\u010cKI MED:<\/p>\n\n\n\n<ol class=\"wp-block-list\"><li>Ahmed Gusi\u0107 &#8211; Jablanica<\/li><\/ol>\n\n\n\n<p>Kategorija MED LIVADA:<\/p>\n\n\n\n<ol class=\"wp-block-list\"><li>Fejzi\u0107 Kemal &#8211; Udru\u017eenje &#8220;Facelija&#8221; Gora\u017ede<\/li><\/ol>\n\n\n\n<p>Kategorija MED MEDLJIKA:<\/p>\n\n\n\n<ol class=\"wp-block-list\"><li>Porodi\u010dno p\u010delarstvo Kazi\u0107 &#8211; Had\u017ei\u0107i<\/li><li>Asmir Durakovi\u0107 &#8211; Grada\u010dac<\/li><li>Hod\u017ei\u0107 Senad &#8211; Udru\u017eenje &#8220;Facelija&#8221; Gora\u017ede<\/li><\/ol>\n\n\n\n<p>Kategorija BAGREM:<\/p>\n\n\n\n<ol class=\"wp-block-list\"><li>Slobodanka Prusina &#8211; Mostar<\/li><\/ol>\n\n\n\n<p><\/p>\n","protected":false},"excerpt":{"rendered":"<p>Manifestacija Dani meda Federacije Bosne i Hercegovine u organizaciji Federalnog agromediteranskog zavoda Mostar ove godine se odr\u017eala u izmijenjenom programu \u0161to je bilo sukladno sa epidemiolo\u0161kim mjerama. Dodjela nagrada kao i uru\u010denje izvje\u0161\u0107a o obavljenim analizama biti \u0107e dostavljeni putem po\u0161te, priop\u0107ili su organizatori. U daljnjem tekstu je popis p\u010delara koji su sa svojim medom [&hellip;]<\/p>\n","protected":false},"author":2,"featured_media":63351,"comment_status":"closed","ping_status":"closed","sticky":false,"template":"","format":"standard","meta":{"h5ap_radio_sources":[],"footnotes":""},"categories":[1],"tags":[],"class_list":["post-96405","post","type-post","status-publish","format-standard","has-post-thumbnail","hentry","category-bihiregija"],"yoast_head":"<!-- This site is optimized with the Yoast SEO plugin v27.4 - https:\/\/yoast.com\/product\/yoast-seo-wordpress\/ -->\n<title>Odr\u017eana manifestacija Dani meda - RADIO LJUBU\u0160KI<\/title>\n<meta name=\"robots\" content=\"index, follow, max-snippet:-1, max-image-preview:large, max-video-preview:-1\" \/>\n<link rel=\"canonical\" href=\"https:\/\/radioljubuski.ba\/index.php\/2021\/12\/06\/odrzana-manifestacija-dani-meda\/\" \/>\n<meta property=\"og:locale\" content=\"hr_HR\" \/>\n<meta property=\"og:type\" content=\"article\" \/>\n<meta property=\"og:title\" content=\"Odr\u017eana manifestacija Dani meda - RADIO LJUBU\u0160KI\" \/>\n<meta property=\"og:description\" content=\"Manifestacija Dani meda Federacije Bosne i Hercegovine u organizaciji Federalnog agromediteranskog zavoda Mostar ove godine se odr\u017eala u izmijenjenom programu \u0161to je bilo sukladno sa epidemiolo\u0161kim mjerama. Dodjela nagrada kao i uru\u010denje izvje\u0161\u0107a o obavljenim analizama biti \u0107e dostavljeni putem po\u0161te, priop\u0107ili su organizatori. U daljnjem tekstu je popis p\u010delara koji su sa svojim medom [&hellip;]\" \/>\n<meta property=\"og:url\" content=\"https:\/\/radioljubuski.ba\/index.php\/2021\/12\/06\/odrzana-manifestacija-dani-meda\/\" \/>\n<meta property=\"og:site_name\" content=\"RADIO LJUBU\u0160KI\" \/>\n<meta property=\"article:publisher\" content=\"https:\/\/www.facebook.com\/Radiio-Ljubuski-1490835324566332\" \/>\n<meta property=\"article:published_time\" content=\"2021-12-06T08:18:30+00:00\" \/>\n<meta property=\"article:modified_time\" content=\"2021-12-06T08:18:31+00:00\" \/>\n<meta property=\"og:image\" content=\"https:\/\/radioljubuski.ba\/wp-content\/uploads\/2021\/09\/tCgWaQbr_pcele.jpg\" \/>\n\t<meta property=\"og:image:width\" content=\"1000\" \/>\n\t<meta property=\"og:image:height\" content=\"625\" \/>\n\t<meta property=\"og:image:type\" content=\"image\/jpeg\" \/>\n<meta name=\"author\" content=\"Radio Ljubu\u0161ki\" \/>\n<meta name=\"twitter:card\" content=\"summary_large_image\" \/>\n<meta name=\"twitter:creator\" content=\"@radioljubuski\" \/>\n<meta name=\"twitter:site\" content=\"@radioljubuski\" \/>\n<meta name=\"twitter:label1\" content=\"Napisao\/la\" \/>\n\t<meta name=\"twitter:data1\" content=\"Radio Ljubu\u0161ki\" \/>\n\t<meta name=\"twitter:label2\" content=\"Procijenjeno vrijeme \u010ditanja\" \/>\n\t<meta name=\"twitter:data2\" content=\"1 minuta\" \/>\n<script type=\"application\/ld+json\" class=\"yoast-schema-graph\">{\"@context\":\"https:\\\/\\\/schema.org\",\"@graph\":[{\"@type\":\"Article\",\"@id\":\"https:\\\/\\\/radioljubuski.ba\\\/index.php\\\/2021\\\/12\\\/06\\\/odrzana-manifestacija-dani-meda\\\/#article\",\"isPartOf\":{\"@id\":\"https:\\\/\\\/radioljubuski.ba\\\/index.php\\\/2021\\\/12\\\/06\\\/odrzana-manifestacija-dani-meda\\\/\"},\"author\":{\"name\":\"Radio Ljubu\u0161ki\",\"@id\":\"https:\\\/\\\/radioljubuski.ba\\\/#\\\/schema\\\/person\\\/19fc700381a780f69665d7956c469e3b\"},\"headline\":\"Odr\u017eana manifestacija Dani meda\",\"datePublished\":\"2021-12-06T08:18:30+00:00\",\"dateModified\":\"2021-12-06T08:18:31+00:00\",\"mainEntityOfPage\":{\"@id\":\"https:\\\/\\\/radioljubuski.ba\\\/index.php\\\/2021\\\/12\\\/06\\\/odrzana-manifestacija-dani-meda\\\/\"},\"wordCount\":201,\"publisher\":{\"@id\":\"https:\\\/\\\/radioljubuski.ba\\\/#organization\"},\"image\":{\"@id\":\"https:\\\/\\\/radioljubuski.ba\\\/index.php\\\/2021\\\/12\\\/06\\\/odrzana-manifestacija-dani-meda\\\/#primaryimage\"},\"thumbnailUrl\":\"https:\\\/\\\/radioljubuski.ba\\\/wp-content\\\/uploads\\\/2021\\\/09\\\/tCgWaQbr_pcele.jpg\",\"articleSection\":[\"BIH i regija\"],\"inLanguage\":\"hr\"},{\"@type\":\"WebPage\",\"@id\":\"https:\\\/\\\/radioljubuski.ba\\\/index.php\\\/2021\\\/12\\\/06\\\/odrzana-manifestacija-dani-meda\\\/\",\"url\":\"https:\\\/\\\/radioljubuski.ba\\\/index.php\\\/2021\\\/12\\\/06\\\/odrzana-manifestacija-dani-meda\\\/\",\"name\":\"Odr\u017eana manifestacija Dani meda - RADIO LJUBU\u0160KI\",\"isPartOf\":{\"@id\":\"https:\\\/\\\/radioljubuski.ba\\\/#website\"},\"primaryImageOfPage\":{\"@id\":\"https:\\\/\\\/radioljubuski.ba\\\/index.php\\\/2021\\\/12\\\/06\\\/odrzana-manifestacija-dani-meda\\\/#primaryimage\"},\"image\":{\"@id\":\"https:\\\/\\\/radioljubuski.ba\\\/index.php\\\/2021\\\/12\\\/06\\\/odrzana-manifestacija-dani-meda\\\/#primaryimage\"},\"thumbnailUrl\":\"https:\\\/\\\/radioljubuski.ba\\\/wp-content\\\/uploads\\\/2021\\\/09\\\/tCgWaQbr_pcele.jpg\",\"datePublished\":\"2021-12-06T08:18:30+00:00\",\"dateModified\":\"2021-12-06T08:18:31+00:00\",\"breadcrumb\":{\"@id\":\"https:\\\/\\\/radioljubuski.ba\\\/index.php\\\/2021\\\/12\\\/06\\\/odrzana-manifestacija-dani-meda\\\/#breadcrumb\"},\"inLanguage\":\"hr\",\"potentialAction\":[{\"@type\":\"ReadAction\",\"target\":[\"https:\\\/\\\/radioljubuski.ba\\\/index.php\\\/2021\\\/12\\\/06\\\/odrzana-manifestacija-dani-meda\\\/\"]}]},{\"@type\":\"ImageObject\",\"inLanguage\":\"hr\",\"@id\":\"https:\\\/\\\/radioljubuski.ba\\\/index.php\\\/2021\\\/12\\\/06\\\/odrzana-manifestacija-dani-meda\\\/#primaryimage\",\"url\":\"https:\\\/\\\/radioljubuski.ba\\\/wp-content\\\/uploads\\\/2021\\\/09\\\/tCgWaQbr_pcele.jpg\",\"contentUrl\":\"https:\\\/\\\/radioljubuski.ba\\\/wp-content\\\/uploads\\\/2021\\\/09\\\/tCgWaQbr_pcele.jpg\",\"width\":1000,\"height\":625},{\"@type\":\"BreadcrumbList\",\"@id\":\"https:\\\/\\\/radioljubuski.ba\\\/index.php\\\/2021\\\/12\\\/06\\\/odrzana-manifestacija-dani-meda\\\/#breadcrumb\",\"itemListElement\":[{\"@type\":\"ListItem\",\"position\":1,\"name\":\"Po\u010detna stranica\",\"item\":\"https:\\\/\\\/radioljubuski.ba\\\/\"},{\"@type\":\"ListItem\",\"position\":2,\"name\":\"Odr\u017eana manifestacija Dani meda\"}]},{\"@type\":\"WebSite\",\"@id\":\"https:\\\/\\\/radioljubuski.ba\\\/#website\",\"url\":\"https:\\\/\\\/radioljubuski.ba\\\/\",\"name\":\"Radio Ljubu\u0161ki\",\"description\":\"Sun\u010dana frekvencija Hercegovine\",\"publisher\":{\"@id\":\"https:\\\/\\\/radioljubuski.ba\\\/#organization\"},\"potentialAction\":[{\"@type\":\"SearchAction\",\"target\":{\"@type\":\"EntryPoint\",\"urlTemplate\":\"https:\\\/\\\/radioljubuski.ba\\\/?s={search_term_string}\"},\"query-input\":{\"@type\":\"PropertyValueSpecification\",\"valueRequired\":true,\"valueName\":\"search_term_string\"}}],\"inLanguage\":\"hr\"},{\"@type\":\"Organization\",\"@id\":\"https:\\\/\\\/radioljubuski.ba\\\/#organization\",\"name\":\"Radio Ljubu\u0161ki\",\"url\":\"https:\\\/\\\/radioljubuski.ba\\\/\",\"logo\":{\"@type\":\"ImageObject\",\"inLanguage\":\"hr\",\"@id\":\"https:\\\/\\\/radioljubuski.ba\\\/#\\\/schema\\\/logo\\\/image\\\/\",\"url\":\"https:\\\/\\\/radioljubuski.ba\\\/wp-content\\\/uploads\\\/2021\\\/02\\\/cropped-Radio_Ljubuski_logo1.jpg\",\"contentUrl\":\"https:\\\/\\\/radioljubuski.ba\\\/wp-content\\\/uploads\\\/2021\\\/02\\\/cropped-Radio_Ljubuski_logo1.jpg\",\"width\":512,\"height\":512,\"caption\":\"Radio Ljubu\u0161ki\"},\"image\":{\"@id\":\"https:\\\/\\\/radioljubuski.ba\\\/#\\\/schema\\\/logo\\\/image\\\/\"},\"sameAs\":[\"https:\\\/\\\/www.facebook.com\\\/Radiio-Ljubuski-1490835324566332\",\"https:\\\/\\\/x.com\\\/radioljubuski\",\"https:\\\/\\\/hr.linkedin.com\\\/company\\\/radio-ljubuski\",\"https:\\\/\\\/www.youtube.com\\\/channel\\\/UCHYaeO_n0Db3tjNGudGpXyw\"]},{\"@type\":\"Person\",\"@id\":\"https:\\\/\\\/radioljubuski.ba\\\/#\\\/schema\\\/person\\\/19fc700381a780f69665d7956c469e3b\",\"name\":\"Radio Ljubu\u0161ki\"}]}<\/script>\n<!-- \/ Yoast SEO plugin. -->","yoast_head_json":{"title":"Odr\u017eana manifestacija Dani meda - RADIO LJUBU\u0160KI","robots":{"index":"index","follow":"follow","max-snippet":"max-snippet:-1","max-image-preview":"max-image-preview:large","max-video-preview":"max-video-preview:-1"},"canonical":"https:\/\/radioljubuski.ba\/index.php\/2021\/12\/06\/odrzana-manifestacija-dani-meda\/","og_locale":"hr_HR","og_type":"article","og_title":"Odr\u017eana manifestacija Dani meda - RADIO LJUBU\u0160KI","og_description":"Manifestacija Dani meda Federacije Bosne i Hercegovine u organizaciji Federalnog agromediteranskog zavoda Mostar ove godine se odr\u017eala u izmijenjenom programu \u0161to je bilo sukladno sa epidemiolo\u0161kim mjerama. Dodjela nagrada kao i uru\u010denje izvje\u0161\u0107a o obavljenim analizama biti \u0107e dostavljeni putem po\u0161te, priop\u0107ili su organizatori. U daljnjem tekstu je popis p\u010delara koji su sa svojim medom [&hellip;]","og_url":"https:\/\/radioljubuski.ba\/index.php\/2021\/12\/06\/odrzana-manifestacija-dani-meda\/","og_site_name":"RADIO LJUBU\u0160KI","article_publisher":"https:\/\/www.facebook.com\/Radiio-Ljubuski-1490835324566332","article_published_time":"2021-12-06T08:18:30+00:00","article_modified_time":"2021-12-06T08:18:31+00:00","og_image":[{"width":1000,"height":625,"url":"https:\/\/radioljubuski.ba\/wp-content\/uploads\/2021\/09\/tCgWaQbr_pcele.jpg","type":"image\/jpeg"}],"author":"Radio Ljubu\u0161ki","twitter_card":"summary_large_image","twitter_creator":"@radioljubuski","twitter_site":"@radioljubuski","twitter_misc":{"Napisao\/la":"Radio Ljubu\u0161ki","Procijenjeno vrijeme \u010ditanja":"1 minuta"},"schema":{"@context":"https:\/\/schema.org","@graph":[{"@type":"Article","@id":"https:\/\/radioljubuski.ba\/index.php\/2021\/12\/06\/odrzana-manifestacija-dani-meda\/#article","isPartOf":{"@id":"https:\/\/radioljubuski.ba\/index.php\/2021\/12\/06\/odrzana-manifestacija-dani-meda\/"},"author":{"name":"Radio Ljubu\u0161ki","@id":"https:\/\/radioljubuski.ba\/#\/schema\/person\/19fc700381a780f69665d7956c469e3b"},"headline":"Odr\u017eana manifestacija Dani meda","datePublished":"2021-12-06T08:18:30+00:00","dateModified":"2021-12-06T08:18:31+00:00","mainEntityOfPage":{"@id":"https:\/\/radioljubuski.ba\/index.php\/2021\/12\/06\/odrzana-manifestacija-dani-meda\/"},"wordCount":201,"publisher":{"@id":"https:\/\/radioljubuski.ba\/#organization"},"image":{"@id":"https:\/\/radioljubuski.ba\/index.php\/2021\/12\/06\/odrzana-manifestacija-dani-meda\/#primaryimage"},"thumbnailUrl":"https:\/\/radioljubuski.ba\/wp-content\/uploads\/2021\/09\/tCgWaQbr_pcele.jpg","articleSection":["BIH i regija"],"inLanguage":"hr"},{"@type":"WebPage","@id":"https:\/\/radioljubuski.ba\/index.php\/2021\/12\/06\/odrzana-manifestacija-dani-meda\/","url":"https:\/\/radioljubuski.ba\/index.php\/2021\/12\/06\/odrzana-manifestacija-dani-meda\/","name":"Odr\u017eana manifestacija Dani meda - RADIO LJUBU\u0160KI","isPartOf":{"@id":"https:\/\/radioljubuski.ba\/#website"},"primaryImageOfPage":{"@id":"https:\/\/radioljubuski.ba\/index.php\/2021\/12\/06\/odrzana-manifestacija-dani-meda\/#primaryimage"},"image":{"@id":"https:\/\/radioljubuski.ba\/index.php\/2021\/12\/06\/odrzana-manifestacija-dani-meda\/#primaryimage"},"thumbnailUrl":"https:\/\/radioljubuski.ba\/wp-content\/uploads\/2021\/09\/tCgWaQbr_pcele.jpg","datePublished":"2021-12-06T08:18:30+00:00","dateModified":"2021-12-06T08:18:31+00:00","breadcrumb":{"@id":"https:\/\/radioljubuski.ba\/index.php\/2021\/12\/06\/odrzana-manifestacija-dani-meda\/#breadcrumb"},"inLanguage":"hr","potentialAction":[{"@type":"ReadAction","target":["https:\/\/radioljubuski.ba\/index.php\/2021\/12\/06\/odrzana-manifestacija-dani-meda\/"]}]},{"@type":"ImageObject","inLanguage":"hr","@id":"https:\/\/radioljubuski.ba\/index.php\/2021\/12\/06\/odrzana-manifestacija-dani-meda\/#primaryimage","url":"https:\/\/radioljubuski.ba\/wp-content\/uploads\/2021\/09\/tCgWaQbr_pcele.jpg","contentUrl":"https:\/\/radioljubuski.ba\/wp-content\/uploads\/2021\/09\/tCgWaQbr_pcele.jpg","width":1000,"height":625},{"@type":"BreadcrumbList","@id":"https:\/\/radioljubuski.ba\/index.php\/2021\/12\/06\/odrzana-manifestacija-dani-meda\/#breadcrumb","itemListElement":[{"@type":"ListItem","position":1,"name":"Po\u010detna stranica","item":"https:\/\/radioljubuski.ba\/"},{"@type":"ListItem","position":2,"name":"Odr\u017eana manifestacija Dani meda"}]},{"@type":"WebSite","@id":"https:\/\/radioljubuski.ba\/#website","url":"https:\/\/radioljubuski.ba\/","name":"Radio Ljubu\u0161ki","description":"Sun\u010dana frekvencija Hercegovine","publisher":{"@id":"https:\/\/radioljubuski.ba\/#organization"},"potentialAction":[{"@type":"SearchAction","target":{"@type":"EntryPoint","urlTemplate":"https:\/\/radioljubuski.ba\/?s={search_term_string}"},"query-input":{"@type":"PropertyValueSpecification","valueRequired":true,"valueName":"search_term_string"}}],"inLanguage":"hr"},{"@type":"Organization","@id":"https:\/\/radioljubuski.ba\/#organization","name":"Radio Ljubu\u0161ki","url":"https:\/\/radioljubuski.ba\/","logo":{"@type":"ImageObject","inLanguage":"hr","@id":"https:\/\/radioljubuski.ba\/#\/schema\/logo\/image\/","url":"https:\/\/radioljubuski.ba\/wp-content\/uploads\/2021\/02\/cropped-Radio_Ljubuski_logo1.jpg","contentUrl":"https:\/\/radioljubuski.ba\/wp-content\/uploads\/2021\/02\/cropped-Radio_Ljubuski_logo1.jpg","width":512,"height":512,"caption":"Radio Ljubu\u0161ki"},"image":{"@id":"https:\/\/radioljubuski.ba\/#\/schema\/logo\/image\/"},"sameAs":["https:\/\/www.facebook.com\/Radiio-Ljubuski-1490835324566332","https:\/\/x.com\/radioljubuski","https:\/\/hr.linkedin.com\/company\/radio-ljubuski","https:\/\/www.youtube.com\/channel\/UCHYaeO_n0Db3tjNGudGpXyw"]},{"@type":"Person","@id":"https:\/\/radioljubuski.ba\/#\/schema\/person\/19fc700381a780f69665d7956c469e3b","name":"Radio Ljubu\u0161ki"}]}},"_links":{"self":[{"href":"https:\/\/radioljubuski.ba\/index.php\/wp-json\/wp\/v2\/posts\/96405","targetHints":{"allow":["GET"]}}],"collection":[{"href":"https:\/\/radioljubuski.ba\/index.php\/wp-json\/wp\/v2\/posts"}],"about":[{"href":"https:\/\/radioljubuski.ba\/index.php\/wp-json\/wp\/v2\/types\/post"}],"author":[{"embeddable":true,"href":"https:\/\/radioljubuski.ba\/index.php\/wp-json\/wp\/v2\/users\/2"}],"replies":[{"embeddable":true,"href":"https:\/\/radioljubuski.ba\/index.php\/wp-json\/wp\/v2\/comments?post=96405"}],"version-history":[{"count":1,"href":"https:\/\/radioljubuski.ba\/index.php\/wp-json\/wp\/v2\/posts\/96405\/revisions"}],"predecessor-version":[{"id":96406,"href":"https:\/\/radioljubuski.ba\/index.php\/wp-json\/wp\/v2\/posts\/96405\/revisions\/96406"}],"wp:featuredmedia":[{"embeddable":true,"href":"https:\/\/radioljubuski.ba\/index.php\/wp-json\/wp\/v2\/media\/63351"}],"wp:attachment":[{"href":"https:\/\/radioljubuski.ba\/index.php\/wp-json\/wp\/v2\/media?parent=96405"}],"wp:term":[{"taxonomy":"category","embeddable":true,"href":"https:\/\/radioljubuski.ba\/index.php\/wp-json\/wp\/v2\/categories?post=96405"},{"taxonomy":"post_tag","embeddable":true,"href":"https:\/\/radioljubuski.ba\/index.php\/wp-json\/wp\/v2\/tags?post=96405"}],"curies":[{"name":"wp","href":"https:\/\/api.w.org\/{rel}","templated":true}]}}