{"id":9641,"date":"2021-04-05T11:37:00","date_gmt":"2021-04-05T10:37:00","guid":{"rendered":"https:\/\/radioljubuski.ba\/?p=9641"},"modified":"2021-04-05T11:37:01","modified_gmt":"2021-04-05T10:37:01","slug":"zdz-broj-umrlih-za-tri-mjeseca-2021-priblizan-brojci-umrlih-tijekom-2020","status":"publish","type":"post","link":"https:\/\/radioljubuski.ba\/index.php\/2021\/04\/05\/zdz-broj-umrlih-za-tri-mjeseca-2021-priblizan-brojci-umrlih-tijekom-2020\/","title":{"rendered":"ZD\u017d: Broj umrlih za tri mjeseca 2021. pribli\u017ean brojci umrlih tijekom 2020."},"content":{"rendered":"\n<p>Zdravstvene ustanove na podru\u010dju Zeni\u010dko-dobojske \u017eupanije (ZD\u017d) u prva tri mjeseca 2021. godine (sije\u010danj-o\u017eujak) registrirale 398 slu\u010daja umrlih osoba \u010dija je smrt registrirana kao posljedica oboljenja COVID-19, \u0161to je gotovo jednako broju preminulih u pro\u0161loj 2020. godini.<\/p>\n\n\n\n<p>Naime, lani je zabilje\u017eena smrt 424 osobe, podaci su Instituta za zdravlje i sigurnost hrane Zenica (INZ). To zna\u010di da su, od po\u010detka pandemije, u ovoj \u017eupaniji preminule 822 osobe. Vi\u0161e od 8.800 \u201cpozitivnih\u201d Podsje\u0107amo, prvi registriran slu\u010daj Covid-19 u Federaciji BiH (FBiH) registriran je 9. o\u017eujka pro\u0161le godine u ZD\u017d, odnosno Zenici, kod \u017eenske osobe koja se u rodni grad vratila nakon posjete italijanskoj regiji Lombardija. Dan poslije, dva srodnika zara\u017eene, registrirani su kao novi zara\u017eeni.<\/p>\n\n\n\n<p>Tri mjeseca kasnije, po\u010detkom lipnja, u Te\u0161nju je registriran prvi smrtni slu\u010daj od ovog oboljenja u ZD\u017d. U INZ-u da je, prema podacima o broju prijavljenih smrtnih ishoda od COVID-19 u ZD\u017d u 2020. i tri mjeseca 2021, najvi\u0161e preminulih u Zenici \u2013 ne\u0161to vi\u0161e od tre\u0107ine ukupno 285. U 2020. je umrlo 147, a u tri mjeseca ove godine \u2013 138 osoba. U prva tri mjeseca ove godine umrli su i iz Visokog \u2013 69 (u 2020. godini \u2013 55), Te\u0161nja \u2013 34 (lani 54), Zavidovi\u0107a 32 (37), Kaknja 30 (32), Breze 27 (20), Vare\u0161a 25 (11), \u017dep\u010da 22 (26), te Maglaja 11 (21). Jednocifrene brojke umrlih u ZD\u017d u 2021. imaju samo Doboj Jug 6 (lani 6), Usora 3 (8) i Olovo 1 (7). Do sada je u ovoj \u017eupaniji zabilje\u017eeno vi\u0161e od 8.800 potvr\u0111enih \u201epozitivnih\u201c slu\u010dajeva Covid-19, a zdravstvene ustanove na evidenciji imaju 1.305 aktivnih oboljelih, te 6.753 oporavljene osobe.<\/p>\n\n\n\n<p>U dvije bolnice, \u017dupanijskoj u Zenici i Op\u0107oj u Te\u0161nju, uo\u010di vikenda je bilo 273 hospitalizirane osobe, od \u010dega su \u010detiri bile na respiratornoj podr\u0161ci. Prema dijagramu broja obolijevanja i smrti, te podacima o kontaktima, koji su ukazivali na veliki i kontinuirani rast, bilo je neophodno cjelokupan obrazovni sistem prebaciti na \u201eonline\u201c na\u010din, te privremeno zaustaviti rad vrti\u0107a, jer se pokazalo da su najmla\u0111i sugra\u0111ani naj\u010de\u0161\u0107i asimptomatski (bez simptoma) prenosioci virusa kriti\u010dnoj populaciji.<\/p>\n\n\n\n<p>Podaci nakon zatvaranja vrti\u0107a i \u0161kola, te smanjenje broja zara\u017eenih, to potvr\u0111uju. Tako\u0111er, broj utvr\u0111eno zara\u017eene djece je postao zabrinjavaju\u0107i faktor, uzev\u0161i u obzir da se djeca uglavnom gotovo nikako ne testiraju. Iz Instituta za zdravlje i sigurnost hrane Zenica jo\u0161 jednom apeluju na sve gra\u0111ane, upozoravaju\u0107i da podaci potvr\u0111uju ozbiljnost potrebe za dodatnim oprezom i po\u0161tovanjem svih propisanih epidemiolo\u0161kih mjera.<\/p>\n\n\n\n<p>Masovna imunizacija jedino rje\u0161enje Prezentirani podaci potvr\u0111uju da je nivo \u0161irenja, ali prije svega posljedice koje COVID-19 ostavlja, te smrtnost ovog oboljenja zna\u010dajno i vi\u0161estruko ve\u0107a, kako po intenzitetu, tako i lo\u0161im posljedicama, od dosada\u0161njih sli\u010dnih oboljenja. Svi dosada\u0161nji podaci, ali prije svega iskustvo sa terena, potvrdili da je odnos gra\u0111ana i pridr\u017eavanje mjera direktno povezani sa trenutnom epidemiolo\u0161kom situacijom, kao i brojem oboljelih i preminulih.<\/p>\n\n\n\n<p>Iz Instituta pozivaju punoljetne gra\u0111ane oba pola i svih dobnih grupa da se prijave ljekarima u ambulantama porodi\u010dne medicine ili na drugi organiziran na\u010din, te sudjeluju\u0107i u procesu imunizacije \u2013 cijepljenjem zajedno \u0161to prije normalizira stanje, osiguramo normalizaciju rada gospodarstva, dru\u0161tva, putovanja i nastavak \u017eivota u okolnostima koje su koliko \u2013 toliko sli\u010dne onim prije pandemije.<\/p>\n\n\n\n<p>Primjeri dr\u017eava koje imaju zna\u010dajan broj cijepljenja i analogno tome, smanjen broj zara\u017eenih i umrlih, najbolje to dokazuju. Cijepljenje je jedino svijetlo na kraju ovog tunela, a \u010covje\u010danstvo je vi\u0161e puta procesima masovnih imunizacija spasila stotine milijuna ljudi kroz povijest, te je to jedini na\u010din da se uradi i ovaj put, poru\u010duju iz INZ-a.<\/p>\n\n\n\n<p>Izvor:pogled.ba<\/p>\n","protected":false},"excerpt":{"rendered":"<p>Zdravstvene ustanove na podru\u010dju Zeni\u010dko-dobojske \u017eupanije (ZD\u017d) u prva tri mjeseca 2021. godine (sije\u010danj-o\u017eujak) registrirale 398 slu\u010daja umrlih osoba \u010dija je smrt registrirana kao posljedica oboljenja COVID-19, \u0161to je gotovo jednako broju preminulih u pro\u0161loj 2020. godini. Naime, lani je zabilje\u017eena smrt 424 osobe, podaci su Instituta za zdravlje i sigurnost hrane Zenica (INZ). To [&hellip;]<\/p>\n","protected":false},"author":2,"featured_media":9642,"comment_status":"closed","ping_status":"closed","sticky":false,"template":"","format":"standard","meta":{"h5ap_radio_sources":[],"footnotes":""},"categories":[1],"tags":[],"class_list":["post-9641","post","type-post","status-publish","format-standard","has-post-thumbnail","hentry","category-bihiregija"],"yoast_head":"<!-- This site is optimized with the Yoast SEO plugin v27.5 - https:\/\/yoast.com\/product\/yoast-seo-wordpress\/ -->\n<title>ZD\u017d: Broj umrlih za tri mjeseca 2021. pribli\u017ean brojci umrlih tijekom 2020. - RADIO LJUBU\u0160KI<\/title>\n<meta name=\"robots\" content=\"index, follow, max-snippet:-1, max-image-preview:large, max-video-preview:-1\" \/>\n<link rel=\"canonical\" href=\"https:\/\/radioljubuski.ba\/index.php\/2021\/04\/05\/zdz-broj-umrlih-za-tri-mjeseca-2021-priblizan-brojci-umrlih-tijekom-2020\/\" \/>\n<meta property=\"og:locale\" content=\"hr_HR\" \/>\n<meta property=\"og:type\" content=\"article\" \/>\n<meta property=\"og:title\" content=\"ZD\u017d: Broj umrlih za tri mjeseca 2021. pribli\u017ean brojci umrlih tijekom 2020. - RADIO LJUBU\u0160KI\" \/>\n<meta property=\"og:description\" content=\"Zdravstvene ustanove na podru\u010dju Zeni\u010dko-dobojske \u017eupanije (ZD\u017d) u prva tri mjeseca 2021. godine (sije\u010danj-o\u017eujak) registrirale 398 slu\u010daja umrlih osoba \u010dija je smrt registrirana kao posljedica oboljenja COVID-19, \u0161to je gotovo jednako broju preminulih u pro\u0161loj 2020. godini. Naime, lani je zabilje\u017eena smrt 424 osobe, podaci su Instituta za zdravlje i sigurnost hrane Zenica (INZ). To [&hellip;]\" \/>\n<meta property=\"og:url\" content=\"https:\/\/radioljubuski.ba\/index.php\/2021\/04\/05\/zdz-broj-umrlih-za-tri-mjeseca-2021-priblizan-brojci-umrlih-tijekom-2020\/\" \/>\n<meta property=\"og:site_name\" content=\"RADIO LJUBU\u0160KI\" \/>\n<meta property=\"article:publisher\" content=\"https:\/\/www.facebook.com\/Radiio-Ljubuski-1490835324566332\" \/>\n<meta property=\"article:published_time\" content=\"2021-04-05T10:37:00+00:00\" \/>\n<meta property=\"article:modified_time\" content=\"2021-04-05T10:37:01+00:00\" \/>\n<meta property=\"og:image\" content=\"https:\/\/radioljubuski.ba\/wp-content\/uploads\/2021\/04\/2-2021-03-08-21-17-17-korona-1.jpeg\" \/>\n\t<meta property=\"og:image:width\" content=\"1000\" \/>\n\t<meta property=\"og:image:height\" content=\"625\" \/>\n\t<meta property=\"og:image:type\" content=\"image\/jpeg\" \/>\n<meta name=\"author\" content=\"Radio Ljubu\u0161ki\" \/>\n<meta name=\"twitter:card\" content=\"summary_large_image\" \/>\n<meta name=\"twitter:creator\" content=\"@radioljubuski\" \/>\n<meta name=\"twitter:site\" content=\"@radioljubuski\" \/>\n<meta name=\"twitter:label1\" content=\"Napisao\/la\" \/>\n\t<meta name=\"twitter:data1\" content=\"Radio Ljubu\u0161ki\" \/>\n\t<meta name=\"twitter:label2\" content=\"Procijenjeno vrijeme \u010ditanja\" \/>\n\t<meta name=\"twitter:data2\" content=\"3 minute\" \/>\n<script type=\"application\/ld+json\" class=\"yoast-schema-graph\">{\"@context\":\"https:\\\/\\\/schema.org\",\"@graph\":[{\"@type\":\"Article\",\"@id\":\"https:\\\/\\\/radioljubuski.ba\\\/index.php\\\/2021\\\/04\\\/05\\\/zdz-broj-umrlih-za-tri-mjeseca-2021-priblizan-brojci-umrlih-tijekom-2020\\\/#article\",\"isPartOf\":{\"@id\":\"https:\\\/\\\/radioljubuski.ba\\\/index.php\\\/2021\\\/04\\\/05\\\/zdz-broj-umrlih-za-tri-mjeseca-2021-priblizan-brojci-umrlih-tijekom-2020\\\/\"},\"author\":{\"name\":\"Radio Ljubu\u0161ki\",\"@id\":\"https:\\\/\\\/radioljubuski.ba\\\/#\\\/schema\\\/person\\\/19fc700381a780f69665d7956c469e3b\"},\"headline\":\"ZD\u017d: Broj umrlih za tri mjeseca 2021. pribli\u017ean brojci umrlih tijekom 2020.\",\"datePublished\":\"2021-04-05T10:37:00+00:00\",\"dateModified\":\"2021-04-05T10:37:01+00:00\",\"mainEntityOfPage\":{\"@id\":\"https:\\\/\\\/radioljubuski.ba\\\/index.php\\\/2021\\\/04\\\/05\\\/zdz-broj-umrlih-za-tri-mjeseca-2021-priblizan-brojci-umrlih-tijekom-2020\\\/\"},\"wordCount\":623,\"publisher\":{\"@id\":\"https:\\\/\\\/radioljubuski.ba\\\/#organization\"},\"image\":{\"@id\":\"https:\\\/\\\/radioljubuski.ba\\\/index.php\\\/2021\\\/04\\\/05\\\/zdz-broj-umrlih-za-tri-mjeseca-2021-priblizan-brojci-umrlih-tijekom-2020\\\/#primaryimage\"},\"thumbnailUrl\":\"https:\\\/\\\/radioljubuski.ba\\\/wp-content\\\/uploads\\\/2021\\\/04\\\/2-2021-03-08-21-17-17-korona-1.jpeg\",\"articleSection\":[\"BIH i regija\"],\"inLanguage\":\"hr\"},{\"@type\":\"WebPage\",\"@id\":\"https:\\\/\\\/radioljubuski.ba\\\/index.php\\\/2021\\\/04\\\/05\\\/zdz-broj-umrlih-za-tri-mjeseca-2021-priblizan-brojci-umrlih-tijekom-2020\\\/\",\"url\":\"https:\\\/\\\/radioljubuski.ba\\\/index.php\\\/2021\\\/04\\\/05\\\/zdz-broj-umrlih-za-tri-mjeseca-2021-priblizan-brojci-umrlih-tijekom-2020\\\/\",\"name\":\"ZD\u017d: Broj umrlih za tri mjeseca 2021. pribli\u017ean brojci umrlih tijekom 2020. - RADIO LJUBU\u0160KI\",\"isPartOf\":{\"@id\":\"https:\\\/\\\/radioljubuski.ba\\\/#website\"},\"primaryImageOfPage\":{\"@id\":\"https:\\\/\\\/radioljubuski.ba\\\/index.php\\\/2021\\\/04\\\/05\\\/zdz-broj-umrlih-za-tri-mjeseca-2021-priblizan-brojci-umrlih-tijekom-2020\\\/#primaryimage\"},\"image\":{\"@id\":\"https:\\\/\\\/radioljubuski.ba\\\/index.php\\\/2021\\\/04\\\/05\\\/zdz-broj-umrlih-za-tri-mjeseca-2021-priblizan-brojci-umrlih-tijekom-2020\\\/#primaryimage\"},\"thumbnailUrl\":\"https:\\\/\\\/radioljubuski.ba\\\/wp-content\\\/uploads\\\/2021\\\/04\\\/2-2021-03-08-21-17-17-korona-1.jpeg\",\"datePublished\":\"2021-04-05T10:37:00+00:00\",\"dateModified\":\"2021-04-05T10:37:01+00:00\",\"breadcrumb\":{\"@id\":\"https:\\\/\\\/radioljubuski.ba\\\/index.php\\\/2021\\\/04\\\/05\\\/zdz-broj-umrlih-za-tri-mjeseca-2021-priblizan-brojci-umrlih-tijekom-2020\\\/#breadcrumb\"},\"inLanguage\":\"hr\",\"potentialAction\":[{\"@type\":\"ReadAction\",\"target\":[\"https:\\\/\\\/radioljubuski.ba\\\/index.php\\\/2021\\\/04\\\/05\\\/zdz-broj-umrlih-za-tri-mjeseca-2021-priblizan-brojci-umrlih-tijekom-2020\\\/\"]}]},{\"@type\":\"ImageObject\",\"inLanguage\":\"hr\",\"@id\":\"https:\\\/\\\/radioljubuski.ba\\\/index.php\\\/2021\\\/04\\\/05\\\/zdz-broj-umrlih-za-tri-mjeseca-2021-priblizan-brojci-umrlih-tijekom-2020\\\/#primaryimage\",\"url\":\"https:\\\/\\\/radioljubuski.ba\\\/wp-content\\\/uploads\\\/2021\\\/04\\\/2-2021-03-08-21-17-17-korona-1.jpeg\",\"contentUrl\":\"https:\\\/\\\/radioljubuski.ba\\\/wp-content\\\/uploads\\\/2021\\\/04\\\/2-2021-03-08-21-17-17-korona-1.jpeg\",\"width\":1000,\"height\":625},{\"@type\":\"BreadcrumbList\",\"@id\":\"https:\\\/\\\/radioljubuski.ba\\\/index.php\\\/2021\\\/04\\\/05\\\/zdz-broj-umrlih-za-tri-mjeseca-2021-priblizan-brojci-umrlih-tijekom-2020\\\/#breadcrumb\",\"itemListElement\":[{\"@type\":\"ListItem\",\"position\":1,\"name\":\"Po\u010detna stranica\",\"item\":\"https:\\\/\\\/radioljubuski.ba\\\/\"},{\"@type\":\"ListItem\",\"position\":2,\"name\":\"ZD\u017d: Broj umrlih za tri mjeseca 2021. pribli\u017ean brojci umrlih tijekom 2020.\"}]},{\"@type\":\"WebSite\",\"@id\":\"https:\\\/\\\/radioljubuski.ba\\\/#website\",\"url\":\"https:\\\/\\\/radioljubuski.ba\\\/\",\"name\":\"Radio Ljubu\u0161ki\",\"description\":\"Sun\u010dana frekvencija Hercegovine\",\"publisher\":{\"@id\":\"https:\\\/\\\/radioljubuski.ba\\\/#organization\"},\"potentialAction\":[{\"@type\":\"SearchAction\",\"target\":{\"@type\":\"EntryPoint\",\"urlTemplate\":\"https:\\\/\\\/radioljubuski.ba\\\/?s={search_term_string}\"},\"query-input\":{\"@type\":\"PropertyValueSpecification\",\"valueRequired\":true,\"valueName\":\"search_term_string\"}}],\"inLanguage\":\"hr\"},{\"@type\":\"Organization\",\"@id\":\"https:\\\/\\\/radioljubuski.ba\\\/#organization\",\"name\":\"Radio Ljubu\u0161ki\",\"url\":\"https:\\\/\\\/radioljubuski.ba\\\/\",\"logo\":{\"@type\":\"ImageObject\",\"inLanguage\":\"hr\",\"@id\":\"https:\\\/\\\/radioljubuski.ba\\\/#\\\/schema\\\/logo\\\/image\\\/\",\"url\":\"https:\\\/\\\/radioljubuski.ba\\\/wp-content\\\/uploads\\\/2021\\\/02\\\/cropped-Radio_Ljubuski_logo1.jpg\",\"contentUrl\":\"https:\\\/\\\/radioljubuski.ba\\\/wp-content\\\/uploads\\\/2021\\\/02\\\/cropped-Radio_Ljubuski_logo1.jpg\",\"width\":512,\"height\":512,\"caption\":\"Radio Ljubu\u0161ki\"},\"image\":{\"@id\":\"https:\\\/\\\/radioljubuski.ba\\\/#\\\/schema\\\/logo\\\/image\\\/\"},\"sameAs\":[\"https:\\\/\\\/www.facebook.com\\\/Radiio-Ljubuski-1490835324566332\",\"https:\\\/\\\/x.com\\\/radioljubuski\",\"https:\\\/\\\/hr.linkedin.com\\\/company\\\/radio-ljubuski\",\"https:\\\/\\\/www.youtube.com\\\/channel\\\/UCHYaeO_n0Db3tjNGudGpXyw\"]},{\"@type\":\"Person\",\"@id\":\"https:\\\/\\\/radioljubuski.ba\\\/#\\\/schema\\\/person\\\/19fc700381a780f69665d7956c469e3b\",\"name\":\"Radio Ljubu\u0161ki\"}]}<\/script>\n<!-- \/ Yoast SEO plugin. -->","yoast_head_json":{"title":"ZD\u017d: Broj umrlih za tri mjeseca 2021. pribli\u017ean brojci umrlih tijekom 2020. - RADIO LJUBU\u0160KI","robots":{"index":"index","follow":"follow","max-snippet":"max-snippet:-1","max-image-preview":"max-image-preview:large","max-video-preview":"max-video-preview:-1"},"canonical":"https:\/\/radioljubuski.ba\/index.php\/2021\/04\/05\/zdz-broj-umrlih-za-tri-mjeseca-2021-priblizan-brojci-umrlih-tijekom-2020\/","og_locale":"hr_HR","og_type":"article","og_title":"ZD\u017d: Broj umrlih za tri mjeseca 2021. pribli\u017ean brojci umrlih tijekom 2020. - RADIO LJUBU\u0160KI","og_description":"Zdravstvene ustanove na podru\u010dju Zeni\u010dko-dobojske \u017eupanije (ZD\u017d) u prva tri mjeseca 2021. godine (sije\u010danj-o\u017eujak) registrirale 398 slu\u010daja umrlih osoba \u010dija je smrt registrirana kao posljedica oboljenja COVID-19, \u0161to je gotovo jednako broju preminulih u pro\u0161loj 2020. godini. Naime, lani je zabilje\u017eena smrt 424 osobe, podaci su Instituta za zdravlje i sigurnost hrane Zenica (INZ). To [&hellip;]","og_url":"https:\/\/radioljubuski.ba\/index.php\/2021\/04\/05\/zdz-broj-umrlih-za-tri-mjeseca-2021-priblizan-brojci-umrlih-tijekom-2020\/","og_site_name":"RADIO LJUBU\u0160KI","article_publisher":"https:\/\/www.facebook.com\/Radiio-Ljubuski-1490835324566332","article_published_time":"2021-04-05T10:37:00+00:00","article_modified_time":"2021-04-05T10:37:01+00:00","og_image":[{"width":1000,"height":625,"url":"https:\/\/radioljubuski.ba\/wp-content\/uploads\/2021\/04\/2-2021-03-08-21-17-17-korona-1.jpeg","type":"image\/jpeg"}],"author":"Radio Ljubu\u0161ki","twitter_card":"summary_large_image","twitter_creator":"@radioljubuski","twitter_site":"@radioljubuski","twitter_misc":{"Napisao\/la":"Radio Ljubu\u0161ki","Procijenjeno vrijeme \u010ditanja":"3 minute"},"schema":{"@context":"https:\/\/schema.org","@graph":[{"@type":"Article","@id":"https:\/\/radioljubuski.ba\/index.php\/2021\/04\/05\/zdz-broj-umrlih-za-tri-mjeseca-2021-priblizan-brojci-umrlih-tijekom-2020\/#article","isPartOf":{"@id":"https:\/\/radioljubuski.ba\/index.php\/2021\/04\/05\/zdz-broj-umrlih-za-tri-mjeseca-2021-priblizan-brojci-umrlih-tijekom-2020\/"},"author":{"name":"Radio Ljubu\u0161ki","@id":"https:\/\/radioljubuski.ba\/#\/schema\/person\/19fc700381a780f69665d7956c469e3b"},"headline":"ZD\u017d: Broj umrlih za tri mjeseca 2021. pribli\u017ean brojci umrlih tijekom 2020.","datePublished":"2021-04-05T10:37:00+00:00","dateModified":"2021-04-05T10:37:01+00:00","mainEntityOfPage":{"@id":"https:\/\/radioljubuski.ba\/index.php\/2021\/04\/05\/zdz-broj-umrlih-za-tri-mjeseca-2021-priblizan-brojci-umrlih-tijekom-2020\/"},"wordCount":623,"publisher":{"@id":"https:\/\/radioljubuski.ba\/#organization"},"image":{"@id":"https:\/\/radioljubuski.ba\/index.php\/2021\/04\/05\/zdz-broj-umrlih-za-tri-mjeseca-2021-priblizan-brojci-umrlih-tijekom-2020\/#primaryimage"},"thumbnailUrl":"https:\/\/radioljubuski.ba\/wp-content\/uploads\/2021\/04\/2-2021-03-08-21-17-17-korona-1.jpeg","articleSection":["BIH i regija"],"inLanguage":"hr"},{"@type":"WebPage","@id":"https:\/\/radioljubuski.ba\/index.php\/2021\/04\/05\/zdz-broj-umrlih-za-tri-mjeseca-2021-priblizan-brojci-umrlih-tijekom-2020\/","url":"https:\/\/radioljubuski.ba\/index.php\/2021\/04\/05\/zdz-broj-umrlih-za-tri-mjeseca-2021-priblizan-brojci-umrlih-tijekom-2020\/","name":"ZD\u017d: Broj umrlih za tri mjeseca 2021. pribli\u017ean brojci umrlih tijekom 2020. - RADIO LJUBU\u0160KI","isPartOf":{"@id":"https:\/\/radioljubuski.ba\/#website"},"primaryImageOfPage":{"@id":"https:\/\/radioljubuski.ba\/index.php\/2021\/04\/05\/zdz-broj-umrlih-za-tri-mjeseca-2021-priblizan-brojci-umrlih-tijekom-2020\/#primaryimage"},"image":{"@id":"https:\/\/radioljubuski.ba\/index.php\/2021\/04\/05\/zdz-broj-umrlih-za-tri-mjeseca-2021-priblizan-brojci-umrlih-tijekom-2020\/#primaryimage"},"thumbnailUrl":"https:\/\/radioljubuski.ba\/wp-content\/uploads\/2021\/04\/2-2021-03-08-21-17-17-korona-1.jpeg","datePublished":"2021-04-05T10:37:00+00:00","dateModified":"2021-04-05T10:37:01+00:00","breadcrumb":{"@id":"https:\/\/radioljubuski.ba\/index.php\/2021\/04\/05\/zdz-broj-umrlih-za-tri-mjeseca-2021-priblizan-brojci-umrlih-tijekom-2020\/#breadcrumb"},"inLanguage":"hr","potentialAction":[{"@type":"ReadAction","target":["https:\/\/radioljubuski.ba\/index.php\/2021\/04\/05\/zdz-broj-umrlih-za-tri-mjeseca-2021-priblizan-brojci-umrlih-tijekom-2020\/"]}]},{"@type":"ImageObject","inLanguage":"hr","@id":"https:\/\/radioljubuski.ba\/index.php\/2021\/04\/05\/zdz-broj-umrlih-za-tri-mjeseca-2021-priblizan-brojci-umrlih-tijekom-2020\/#primaryimage","url":"https:\/\/radioljubuski.ba\/wp-content\/uploads\/2021\/04\/2-2021-03-08-21-17-17-korona-1.jpeg","contentUrl":"https:\/\/radioljubuski.ba\/wp-content\/uploads\/2021\/04\/2-2021-03-08-21-17-17-korona-1.jpeg","width":1000,"height":625},{"@type":"BreadcrumbList","@id":"https:\/\/radioljubuski.ba\/index.php\/2021\/04\/05\/zdz-broj-umrlih-za-tri-mjeseca-2021-priblizan-brojci-umrlih-tijekom-2020\/#breadcrumb","itemListElement":[{"@type":"ListItem","position":1,"name":"Po\u010detna stranica","item":"https:\/\/radioljubuski.ba\/"},{"@type":"ListItem","position":2,"name":"ZD\u017d: Broj umrlih za tri mjeseca 2021. pribli\u017ean brojci umrlih tijekom 2020."}]},{"@type":"WebSite","@id":"https:\/\/radioljubuski.ba\/#website","url":"https:\/\/radioljubuski.ba\/","name":"Radio Ljubu\u0161ki","description":"Sun\u010dana frekvencija Hercegovine","publisher":{"@id":"https:\/\/radioljubuski.ba\/#organization"},"potentialAction":[{"@type":"SearchAction","target":{"@type":"EntryPoint","urlTemplate":"https:\/\/radioljubuski.ba\/?s={search_term_string}"},"query-input":{"@type":"PropertyValueSpecification","valueRequired":true,"valueName":"search_term_string"}}],"inLanguage":"hr"},{"@type":"Organization","@id":"https:\/\/radioljubuski.ba\/#organization","name":"Radio Ljubu\u0161ki","url":"https:\/\/radioljubuski.ba\/","logo":{"@type":"ImageObject","inLanguage":"hr","@id":"https:\/\/radioljubuski.ba\/#\/schema\/logo\/image\/","url":"https:\/\/radioljubuski.ba\/wp-content\/uploads\/2021\/02\/cropped-Radio_Ljubuski_logo1.jpg","contentUrl":"https:\/\/radioljubuski.ba\/wp-content\/uploads\/2021\/02\/cropped-Radio_Ljubuski_logo1.jpg","width":512,"height":512,"caption":"Radio Ljubu\u0161ki"},"image":{"@id":"https:\/\/radioljubuski.ba\/#\/schema\/logo\/image\/"},"sameAs":["https:\/\/www.facebook.com\/Radiio-Ljubuski-1490835324566332","https:\/\/x.com\/radioljubuski","https:\/\/hr.linkedin.com\/company\/radio-ljubuski","https:\/\/www.youtube.com\/channel\/UCHYaeO_n0Db3tjNGudGpXyw"]},{"@type":"Person","@id":"https:\/\/radioljubuski.ba\/#\/schema\/person\/19fc700381a780f69665d7956c469e3b","name":"Radio Ljubu\u0161ki"}]}},"_links":{"self":[{"href":"https:\/\/radioljubuski.ba\/index.php\/wp-json\/wp\/v2\/posts\/9641","targetHints":{"allow":["GET"]}}],"collection":[{"href":"https:\/\/radioljubuski.ba\/index.php\/wp-json\/wp\/v2\/posts"}],"about":[{"href":"https:\/\/radioljubuski.ba\/index.php\/wp-json\/wp\/v2\/types\/post"}],"author":[{"embeddable":true,"href":"https:\/\/radioljubuski.ba\/index.php\/wp-json\/wp\/v2\/users\/2"}],"replies":[{"embeddable":true,"href":"https:\/\/radioljubuski.ba\/index.php\/wp-json\/wp\/v2\/comments?post=9641"}],"version-history":[{"count":1,"href":"https:\/\/radioljubuski.ba\/index.php\/wp-json\/wp\/v2\/posts\/9641\/revisions"}],"predecessor-version":[{"id":9643,"href":"https:\/\/radioljubuski.ba\/index.php\/wp-json\/wp\/v2\/posts\/9641\/revisions\/9643"}],"wp:featuredmedia":[{"embeddable":true,"href":"https:\/\/radioljubuski.ba\/index.php\/wp-json\/wp\/v2\/media\/9642"}],"wp:attachment":[{"href":"https:\/\/radioljubuski.ba\/index.php\/wp-json\/wp\/v2\/media?parent=9641"}],"wp:term":[{"taxonomy":"category","embeddable":true,"href":"https:\/\/radioljubuski.ba\/index.php\/wp-json\/wp\/v2\/categories?post=9641"},{"taxonomy":"post_tag","embeddable":true,"href":"https:\/\/radioljubuski.ba\/index.php\/wp-json\/wp\/v2\/tags?post=9641"}],"curies":[{"name":"wp","href":"https:\/\/api.w.org\/{rel}","templated":true}]}}