{"id":96415,"date":"2021-12-06T11:12:23","date_gmt":"2021-12-06T10:12:23","guid":{"rendered":"https:\/\/radioljubuski.ba\/?p=96415"},"modified":"2021-12-06T11:12:24","modified_gmt":"2021-12-06T10:12:24","slug":"upozorenje-moguce-aktiviranje-klizista-i-bujica-u-konjicu","status":"publish","type":"post","link":"https:\/\/radioljubuski.ba\/index.php\/2021\/12\/06\/upozorenje-moguce-aktiviranje-klizista-i-bujica-u-konjicu\/","title":{"rendered":"Upozorenje: Mogu\u0107e aktiviranje klizi\u0161ta i bujica u Konjicu"},"content":{"rendered":"\n<p>Na temelju dostupnih meteorolo\u0161kih, hidrolo\u0161kih prognoza i raspolo\u017eivih platformi uklju\u010duju\u0107i EFAS, obavje\u0161tava se stanovni\u0161tvo op\u0107ine Konjic da usljed padalina koje se o\u010dekuju na podru\u010dju sliva rijeke Neretve postoji mogu\u0107nost izlijevanja manjih vodoka iz korita, priop\u0107ila je Slu\u017eba za civilnu za\u0161titu i vatrogastvo Op\u0107ine Konjic. <\/p>\n\n\n\n<p>Hidrolo\u0161ka prognoza se odnosi na podru\u010dje sliva rijeke Neretve, a posebno su ugro\u017eene manje pritoke na srednjem i donjem toku. <\/p>\n\n\n\n<p>Napominju i da za vodostaje koji su pod vje\u0161ta\u010dkim utjecajima nije mogu\u0107e dati pouzdanu prognozu. <\/p>\n\n\n\n<p>Podsje\u0107amo, danas se u Bosni i Hercegovini o\u010dekuje obla\u010dno vrijeme, prema najavama Federalnog hidrometeorolo\u0161kog zavoda. Ve\u0107inom \u0107e padati susnje\u017eica ili snijeg, a u nizinama mo\u017ee padati i ki\u0161a. U vi\u0161im podru\u010djima \u0107e padati samo snijeg, a na jugu zemlje ki\u0161a. Vjetar slab do umjerene ja\u010dine sjevernog i sjeverozapadnog smjera. Temperatura zraka ve\u0107inom izme\u0111u 0 i 5 stepeni, na jugu zemlje od 6 do 10 stupnjeva. <\/p>\n\n\n\n<p><strong>Izvor: Bljesak.info<\/strong><\/p>\n","protected":false},"excerpt":{"rendered":"<p>Na temelju dostupnih meteorolo\u0161kih, hidrolo\u0161kih prognoza i raspolo\u017eivih platformi uklju\u010duju\u0107i EFAS, obavje\u0161tava se stanovni\u0161tvo op\u0107ine Konjic da usljed padalina koje se o\u010dekuju na podru\u010dju sliva rijeke Neretve postoji mogu\u0107nost izlijevanja manjih vodoka iz korita, priop\u0107ila je Slu\u017eba za civilnu za\u0161titu i vatrogastvo Op\u0107ine Konjic. Hidrolo\u0161ka prognoza se odnosi na podru\u010dje sliva rijeke Neretve, a posebno [&hellip;]<\/p>\n","protected":false},"author":2,"featured_media":96416,"comment_status":"closed","ping_status":"closed","sticky":false,"template":"","format":"standard","meta":{"h5ap_radio_sources":[],"footnotes":""},"categories":[1],"tags":[],"class_list":["post-96415","post","type-post","status-publish","format-standard","has-post-thumbnail","hentry","category-bihiregija"],"yoast_head":"<!-- This site is optimized with the Yoast SEO plugin v27.5 - https:\/\/yoast.com\/product\/yoast-seo-wordpress\/ -->\n<title>Upozorenje: Mogu\u0107e aktiviranje klizi\u0161ta i bujica u Konjicu - RADIO LJUBU\u0160KI<\/title>\n<meta name=\"robots\" content=\"index, follow, max-snippet:-1, max-image-preview:large, max-video-preview:-1\" \/>\n<link rel=\"canonical\" href=\"https:\/\/radioljubuski.ba\/index.php\/2021\/12\/06\/upozorenje-moguce-aktiviranje-klizista-i-bujica-u-konjicu\/\" \/>\n<meta property=\"og:locale\" content=\"hr_HR\" \/>\n<meta property=\"og:type\" content=\"article\" \/>\n<meta property=\"og:title\" content=\"Upozorenje: Mogu\u0107e aktiviranje klizi\u0161ta i bujica u Konjicu - RADIO LJUBU\u0160KI\" \/>\n<meta property=\"og:description\" content=\"Na temelju dostupnih meteorolo\u0161kih, hidrolo\u0161kih prognoza i raspolo\u017eivih platformi uklju\u010duju\u0107i EFAS, obavje\u0161tava se stanovni\u0161tvo op\u0107ine Konjic da usljed padalina koje se o\u010dekuju na podru\u010dju sliva rijeke Neretve postoji mogu\u0107nost izlijevanja manjih vodoka iz korita, priop\u0107ila je Slu\u017eba za civilnu za\u0161titu i vatrogastvo Op\u0107ine Konjic. Hidrolo\u0161ka prognoza se odnosi na podru\u010dje sliva rijeke Neretve, a posebno [&hellip;]\" \/>\n<meta property=\"og:url\" content=\"https:\/\/radioljubuski.ba\/index.php\/2021\/12\/06\/upozorenje-moguce-aktiviranje-klizista-i-bujica-u-konjicu\/\" \/>\n<meta property=\"og:site_name\" content=\"RADIO LJUBU\u0160KI\" \/>\n<meta property=\"article:publisher\" content=\"https:\/\/www.facebook.com\/Radiio-Ljubuski-1490835324566332\" \/>\n<meta property=\"article:published_time\" content=\"2021-12-06T10:12:23+00:00\" \/>\n<meta property=\"article:modified_time\" content=\"2021-12-06T10:12:24+00:00\" \/>\n<meta property=\"og:image\" content=\"https:\/\/radioljubuski.ba\/wp-content\/uploads\/2021\/12\/konjic.jpg\" \/>\n\t<meta property=\"og:image:width\" content=\"800\" \/>\n\t<meta property=\"og:image:height\" content=\"550\" \/>\n\t<meta property=\"og:image:type\" content=\"image\/jpeg\" \/>\n<meta name=\"author\" content=\"Radio Ljubu\u0161ki\" \/>\n<meta name=\"twitter:card\" content=\"summary_large_image\" \/>\n<meta name=\"twitter:creator\" content=\"@radioljubuski\" \/>\n<meta name=\"twitter:site\" content=\"@radioljubuski\" \/>\n<meta name=\"twitter:label1\" content=\"Napisao\/la\" \/>\n\t<meta name=\"twitter:data1\" content=\"Radio Ljubu\u0161ki\" \/>\n\t<meta name=\"twitter:label2\" content=\"Procijenjeno vrijeme \u010ditanja\" \/>\n\t<meta name=\"twitter:data2\" content=\"1 minuta\" \/>\n<script type=\"application\/ld+json\" class=\"yoast-schema-graph\">{\"@context\":\"https:\\\/\\\/schema.org\",\"@graph\":[{\"@type\":\"Article\",\"@id\":\"https:\\\/\\\/radioljubuski.ba\\\/index.php\\\/2021\\\/12\\\/06\\\/upozorenje-moguce-aktiviranje-klizista-i-bujica-u-konjicu\\\/#article\",\"isPartOf\":{\"@id\":\"https:\\\/\\\/radioljubuski.ba\\\/index.php\\\/2021\\\/12\\\/06\\\/upozorenje-moguce-aktiviranje-klizista-i-bujica-u-konjicu\\\/\"},\"author\":{\"name\":\"Radio Ljubu\u0161ki\",\"@id\":\"https:\\\/\\\/radioljubuski.ba\\\/#\\\/schema\\\/person\\\/19fc700381a780f69665d7956c469e3b\"},\"headline\":\"Upozorenje: Mogu\u0107e aktiviranje klizi\u0161ta i bujica u Konjicu\",\"datePublished\":\"2021-12-06T10:12:23+00:00\",\"dateModified\":\"2021-12-06T10:12:24+00:00\",\"mainEntityOfPage\":{\"@id\":\"https:\\\/\\\/radioljubuski.ba\\\/index.php\\\/2021\\\/12\\\/06\\\/upozorenje-moguce-aktiviranje-klizista-i-bujica-u-konjicu\\\/\"},\"wordCount\":188,\"publisher\":{\"@id\":\"https:\\\/\\\/radioljubuski.ba\\\/#organization\"},\"image\":{\"@id\":\"https:\\\/\\\/radioljubuski.ba\\\/index.php\\\/2021\\\/12\\\/06\\\/upozorenje-moguce-aktiviranje-klizista-i-bujica-u-konjicu\\\/#primaryimage\"},\"thumbnailUrl\":\"https:\\\/\\\/radioljubuski.ba\\\/wp-content\\\/uploads\\\/2021\\\/12\\\/konjic.jpg\",\"articleSection\":[\"BIH i regija\"],\"inLanguage\":\"hr\"},{\"@type\":\"WebPage\",\"@id\":\"https:\\\/\\\/radioljubuski.ba\\\/index.php\\\/2021\\\/12\\\/06\\\/upozorenje-moguce-aktiviranje-klizista-i-bujica-u-konjicu\\\/\",\"url\":\"https:\\\/\\\/radioljubuski.ba\\\/index.php\\\/2021\\\/12\\\/06\\\/upozorenje-moguce-aktiviranje-klizista-i-bujica-u-konjicu\\\/\",\"name\":\"Upozorenje: Mogu\u0107e aktiviranje klizi\u0161ta i bujica u Konjicu - RADIO LJUBU\u0160KI\",\"isPartOf\":{\"@id\":\"https:\\\/\\\/radioljubuski.ba\\\/#website\"},\"primaryImageOfPage\":{\"@id\":\"https:\\\/\\\/radioljubuski.ba\\\/index.php\\\/2021\\\/12\\\/06\\\/upozorenje-moguce-aktiviranje-klizista-i-bujica-u-konjicu\\\/#primaryimage\"},\"image\":{\"@id\":\"https:\\\/\\\/radioljubuski.ba\\\/index.php\\\/2021\\\/12\\\/06\\\/upozorenje-moguce-aktiviranje-klizista-i-bujica-u-konjicu\\\/#primaryimage\"},\"thumbnailUrl\":\"https:\\\/\\\/radioljubuski.ba\\\/wp-content\\\/uploads\\\/2021\\\/12\\\/konjic.jpg\",\"datePublished\":\"2021-12-06T10:12:23+00:00\",\"dateModified\":\"2021-12-06T10:12:24+00:00\",\"breadcrumb\":{\"@id\":\"https:\\\/\\\/radioljubuski.ba\\\/index.php\\\/2021\\\/12\\\/06\\\/upozorenje-moguce-aktiviranje-klizista-i-bujica-u-konjicu\\\/#breadcrumb\"},\"inLanguage\":\"hr\",\"potentialAction\":[{\"@type\":\"ReadAction\",\"target\":[\"https:\\\/\\\/radioljubuski.ba\\\/index.php\\\/2021\\\/12\\\/06\\\/upozorenje-moguce-aktiviranje-klizista-i-bujica-u-konjicu\\\/\"]}]},{\"@type\":\"ImageObject\",\"inLanguage\":\"hr\",\"@id\":\"https:\\\/\\\/radioljubuski.ba\\\/index.php\\\/2021\\\/12\\\/06\\\/upozorenje-moguce-aktiviranje-klizista-i-bujica-u-konjicu\\\/#primaryimage\",\"url\":\"https:\\\/\\\/radioljubuski.ba\\\/wp-content\\\/uploads\\\/2021\\\/12\\\/konjic.jpg\",\"contentUrl\":\"https:\\\/\\\/radioljubuski.ba\\\/wp-content\\\/uploads\\\/2021\\\/12\\\/konjic.jpg\",\"width\":800,\"height\":550},{\"@type\":\"BreadcrumbList\",\"@id\":\"https:\\\/\\\/radioljubuski.ba\\\/index.php\\\/2021\\\/12\\\/06\\\/upozorenje-moguce-aktiviranje-klizista-i-bujica-u-konjicu\\\/#breadcrumb\",\"itemListElement\":[{\"@type\":\"ListItem\",\"position\":1,\"name\":\"Po\u010detna stranica\",\"item\":\"https:\\\/\\\/radioljubuski.ba\\\/\"},{\"@type\":\"ListItem\",\"position\":2,\"name\":\"Upozorenje: Mogu\u0107e aktiviranje klizi\u0161ta i bujica u Konjicu\"}]},{\"@type\":\"WebSite\",\"@id\":\"https:\\\/\\\/radioljubuski.ba\\\/#website\",\"url\":\"https:\\\/\\\/radioljubuski.ba\\\/\",\"name\":\"Radio Ljubu\u0161ki\",\"description\":\"Sun\u010dana frekvencija Hercegovine\",\"publisher\":{\"@id\":\"https:\\\/\\\/radioljubuski.ba\\\/#organization\"},\"potentialAction\":[{\"@type\":\"SearchAction\",\"target\":{\"@type\":\"EntryPoint\",\"urlTemplate\":\"https:\\\/\\\/radioljubuski.ba\\\/?s={search_term_string}\"},\"query-input\":{\"@type\":\"PropertyValueSpecification\",\"valueRequired\":true,\"valueName\":\"search_term_string\"}}],\"inLanguage\":\"hr\"},{\"@type\":\"Organization\",\"@id\":\"https:\\\/\\\/radioljubuski.ba\\\/#organization\",\"name\":\"Radio Ljubu\u0161ki\",\"url\":\"https:\\\/\\\/radioljubuski.ba\\\/\",\"logo\":{\"@type\":\"ImageObject\",\"inLanguage\":\"hr\",\"@id\":\"https:\\\/\\\/radioljubuski.ba\\\/#\\\/schema\\\/logo\\\/image\\\/\",\"url\":\"https:\\\/\\\/radioljubuski.ba\\\/wp-content\\\/uploads\\\/2021\\\/02\\\/cropped-Radio_Ljubuski_logo1.jpg\",\"contentUrl\":\"https:\\\/\\\/radioljubuski.ba\\\/wp-content\\\/uploads\\\/2021\\\/02\\\/cropped-Radio_Ljubuski_logo1.jpg\",\"width\":512,\"height\":512,\"caption\":\"Radio Ljubu\u0161ki\"},\"image\":{\"@id\":\"https:\\\/\\\/radioljubuski.ba\\\/#\\\/schema\\\/logo\\\/image\\\/\"},\"sameAs\":[\"https:\\\/\\\/www.facebook.com\\\/Radiio-Ljubuski-1490835324566332\",\"https:\\\/\\\/x.com\\\/radioljubuski\",\"https:\\\/\\\/hr.linkedin.com\\\/company\\\/radio-ljubuski\",\"https:\\\/\\\/www.youtube.com\\\/channel\\\/UCHYaeO_n0Db3tjNGudGpXyw\"]},{\"@type\":\"Person\",\"@id\":\"https:\\\/\\\/radioljubuski.ba\\\/#\\\/schema\\\/person\\\/19fc700381a780f69665d7956c469e3b\",\"name\":\"Radio Ljubu\u0161ki\"}]}<\/script>\n<!-- \/ Yoast SEO plugin. -->","yoast_head_json":{"title":"Upozorenje: Mogu\u0107e aktiviranje klizi\u0161ta i bujica u Konjicu - RADIO LJUBU\u0160KI","robots":{"index":"index","follow":"follow","max-snippet":"max-snippet:-1","max-image-preview":"max-image-preview:large","max-video-preview":"max-video-preview:-1"},"canonical":"https:\/\/radioljubuski.ba\/index.php\/2021\/12\/06\/upozorenje-moguce-aktiviranje-klizista-i-bujica-u-konjicu\/","og_locale":"hr_HR","og_type":"article","og_title":"Upozorenje: Mogu\u0107e aktiviranje klizi\u0161ta i bujica u Konjicu - RADIO LJUBU\u0160KI","og_description":"Na temelju dostupnih meteorolo\u0161kih, hidrolo\u0161kih prognoza i raspolo\u017eivih platformi uklju\u010duju\u0107i EFAS, obavje\u0161tava se stanovni\u0161tvo op\u0107ine Konjic da usljed padalina koje se o\u010dekuju na podru\u010dju sliva rijeke Neretve postoji mogu\u0107nost izlijevanja manjih vodoka iz korita, priop\u0107ila je Slu\u017eba za civilnu za\u0161titu i vatrogastvo Op\u0107ine Konjic. Hidrolo\u0161ka prognoza se odnosi na podru\u010dje sliva rijeke Neretve, a posebno [&hellip;]","og_url":"https:\/\/radioljubuski.ba\/index.php\/2021\/12\/06\/upozorenje-moguce-aktiviranje-klizista-i-bujica-u-konjicu\/","og_site_name":"RADIO LJUBU\u0160KI","article_publisher":"https:\/\/www.facebook.com\/Radiio-Ljubuski-1490835324566332","article_published_time":"2021-12-06T10:12:23+00:00","article_modified_time":"2021-12-06T10:12:24+00:00","og_image":[{"width":800,"height":550,"url":"https:\/\/radioljubuski.ba\/wp-content\/uploads\/2021\/12\/konjic.jpg","type":"image\/jpeg"}],"author":"Radio Ljubu\u0161ki","twitter_card":"summary_large_image","twitter_creator":"@radioljubuski","twitter_site":"@radioljubuski","twitter_misc":{"Napisao\/la":"Radio Ljubu\u0161ki","Procijenjeno vrijeme \u010ditanja":"1 minuta"},"schema":{"@context":"https:\/\/schema.org","@graph":[{"@type":"Article","@id":"https:\/\/radioljubuski.ba\/index.php\/2021\/12\/06\/upozorenje-moguce-aktiviranje-klizista-i-bujica-u-konjicu\/#article","isPartOf":{"@id":"https:\/\/radioljubuski.ba\/index.php\/2021\/12\/06\/upozorenje-moguce-aktiviranje-klizista-i-bujica-u-konjicu\/"},"author":{"name":"Radio Ljubu\u0161ki","@id":"https:\/\/radioljubuski.ba\/#\/schema\/person\/19fc700381a780f69665d7956c469e3b"},"headline":"Upozorenje: Mogu\u0107e aktiviranje klizi\u0161ta i bujica u Konjicu","datePublished":"2021-12-06T10:12:23+00:00","dateModified":"2021-12-06T10:12:24+00:00","mainEntityOfPage":{"@id":"https:\/\/radioljubuski.ba\/index.php\/2021\/12\/06\/upozorenje-moguce-aktiviranje-klizista-i-bujica-u-konjicu\/"},"wordCount":188,"publisher":{"@id":"https:\/\/radioljubuski.ba\/#organization"},"image":{"@id":"https:\/\/radioljubuski.ba\/index.php\/2021\/12\/06\/upozorenje-moguce-aktiviranje-klizista-i-bujica-u-konjicu\/#primaryimage"},"thumbnailUrl":"https:\/\/radioljubuski.ba\/wp-content\/uploads\/2021\/12\/konjic.jpg","articleSection":["BIH i regija"],"inLanguage":"hr"},{"@type":"WebPage","@id":"https:\/\/radioljubuski.ba\/index.php\/2021\/12\/06\/upozorenje-moguce-aktiviranje-klizista-i-bujica-u-konjicu\/","url":"https:\/\/radioljubuski.ba\/index.php\/2021\/12\/06\/upozorenje-moguce-aktiviranje-klizista-i-bujica-u-konjicu\/","name":"Upozorenje: Mogu\u0107e aktiviranje klizi\u0161ta i bujica u Konjicu - RADIO LJUBU\u0160KI","isPartOf":{"@id":"https:\/\/radioljubuski.ba\/#website"},"primaryImageOfPage":{"@id":"https:\/\/radioljubuski.ba\/index.php\/2021\/12\/06\/upozorenje-moguce-aktiviranje-klizista-i-bujica-u-konjicu\/#primaryimage"},"image":{"@id":"https:\/\/radioljubuski.ba\/index.php\/2021\/12\/06\/upozorenje-moguce-aktiviranje-klizista-i-bujica-u-konjicu\/#primaryimage"},"thumbnailUrl":"https:\/\/radioljubuski.ba\/wp-content\/uploads\/2021\/12\/konjic.jpg","datePublished":"2021-12-06T10:12:23+00:00","dateModified":"2021-12-06T10:12:24+00:00","breadcrumb":{"@id":"https:\/\/radioljubuski.ba\/index.php\/2021\/12\/06\/upozorenje-moguce-aktiviranje-klizista-i-bujica-u-konjicu\/#breadcrumb"},"inLanguage":"hr","potentialAction":[{"@type":"ReadAction","target":["https:\/\/radioljubuski.ba\/index.php\/2021\/12\/06\/upozorenje-moguce-aktiviranje-klizista-i-bujica-u-konjicu\/"]}]},{"@type":"ImageObject","inLanguage":"hr","@id":"https:\/\/radioljubuski.ba\/index.php\/2021\/12\/06\/upozorenje-moguce-aktiviranje-klizista-i-bujica-u-konjicu\/#primaryimage","url":"https:\/\/radioljubuski.ba\/wp-content\/uploads\/2021\/12\/konjic.jpg","contentUrl":"https:\/\/radioljubuski.ba\/wp-content\/uploads\/2021\/12\/konjic.jpg","width":800,"height":550},{"@type":"BreadcrumbList","@id":"https:\/\/radioljubuski.ba\/index.php\/2021\/12\/06\/upozorenje-moguce-aktiviranje-klizista-i-bujica-u-konjicu\/#breadcrumb","itemListElement":[{"@type":"ListItem","position":1,"name":"Po\u010detna stranica","item":"https:\/\/radioljubuski.ba\/"},{"@type":"ListItem","position":2,"name":"Upozorenje: Mogu\u0107e aktiviranje klizi\u0161ta i bujica u Konjicu"}]},{"@type":"WebSite","@id":"https:\/\/radioljubuski.ba\/#website","url":"https:\/\/radioljubuski.ba\/","name":"Radio Ljubu\u0161ki","description":"Sun\u010dana frekvencija Hercegovine","publisher":{"@id":"https:\/\/radioljubuski.ba\/#organization"},"potentialAction":[{"@type":"SearchAction","target":{"@type":"EntryPoint","urlTemplate":"https:\/\/radioljubuski.ba\/?s={search_term_string}"},"query-input":{"@type":"PropertyValueSpecification","valueRequired":true,"valueName":"search_term_string"}}],"inLanguage":"hr"},{"@type":"Organization","@id":"https:\/\/radioljubuski.ba\/#organization","name":"Radio Ljubu\u0161ki","url":"https:\/\/radioljubuski.ba\/","logo":{"@type":"ImageObject","inLanguage":"hr","@id":"https:\/\/radioljubuski.ba\/#\/schema\/logo\/image\/","url":"https:\/\/radioljubuski.ba\/wp-content\/uploads\/2021\/02\/cropped-Radio_Ljubuski_logo1.jpg","contentUrl":"https:\/\/radioljubuski.ba\/wp-content\/uploads\/2021\/02\/cropped-Radio_Ljubuski_logo1.jpg","width":512,"height":512,"caption":"Radio Ljubu\u0161ki"},"image":{"@id":"https:\/\/radioljubuski.ba\/#\/schema\/logo\/image\/"},"sameAs":["https:\/\/www.facebook.com\/Radiio-Ljubuski-1490835324566332","https:\/\/x.com\/radioljubuski","https:\/\/hr.linkedin.com\/company\/radio-ljubuski","https:\/\/www.youtube.com\/channel\/UCHYaeO_n0Db3tjNGudGpXyw"]},{"@type":"Person","@id":"https:\/\/radioljubuski.ba\/#\/schema\/person\/19fc700381a780f69665d7956c469e3b","name":"Radio Ljubu\u0161ki"}]}},"_links":{"self":[{"href":"https:\/\/radioljubuski.ba\/index.php\/wp-json\/wp\/v2\/posts\/96415","targetHints":{"allow":["GET"]}}],"collection":[{"href":"https:\/\/radioljubuski.ba\/index.php\/wp-json\/wp\/v2\/posts"}],"about":[{"href":"https:\/\/radioljubuski.ba\/index.php\/wp-json\/wp\/v2\/types\/post"}],"author":[{"embeddable":true,"href":"https:\/\/radioljubuski.ba\/index.php\/wp-json\/wp\/v2\/users\/2"}],"replies":[{"embeddable":true,"href":"https:\/\/radioljubuski.ba\/index.php\/wp-json\/wp\/v2\/comments?post=96415"}],"version-history":[{"count":1,"href":"https:\/\/radioljubuski.ba\/index.php\/wp-json\/wp\/v2\/posts\/96415\/revisions"}],"predecessor-version":[{"id":96417,"href":"https:\/\/radioljubuski.ba\/index.php\/wp-json\/wp\/v2\/posts\/96415\/revisions\/96417"}],"wp:featuredmedia":[{"embeddable":true,"href":"https:\/\/radioljubuski.ba\/index.php\/wp-json\/wp\/v2\/media\/96416"}],"wp:attachment":[{"href":"https:\/\/radioljubuski.ba\/index.php\/wp-json\/wp\/v2\/media?parent=96415"}],"wp:term":[{"taxonomy":"category","embeddable":true,"href":"https:\/\/radioljubuski.ba\/index.php\/wp-json\/wp\/v2\/categories?post=96415"},{"taxonomy":"post_tag","embeddable":true,"href":"https:\/\/radioljubuski.ba\/index.php\/wp-json\/wp\/v2\/tags?post=96415"}],"curies":[{"name":"wp","href":"https:\/\/api.w.org\/{rel}","templated":true}]}}