{"id":96440,"date":"2021-12-06T11:33:22","date_gmt":"2021-12-06T10:33:22","guid":{"rendered":"https:\/\/radioljubuski.ba\/?p=96440"},"modified":"2021-12-06T11:33:22","modified_gmt":"2021-12-06T10:33:22","slug":"zasto-veleposlanicima-placamo-kolace-u-kajmaku-po-sarajevu","status":"publish","type":"post","link":"https:\/\/radioljubuski.ba\/index.php\/2021\/12\/06\/zasto-veleposlanicima-placamo-kolace-u-kajmaku-po-sarajevu\/","title":{"rendered":"Za\u0161to veleposlanicima pla\u0107amo &#8216;kola\u010de u kajmaku&#8217; po Sarajevu?"},"content":{"rendered":"\n<p>Nakon \u0161to od ministrice vanjskih poslova BiH Bisere Turkovi\u0107 nije dobio odgovore na 40 pitanja u zadnje dvije godine o radu i doga\u0111anjima u diplomatsko-konzularnim predstavni\u0161tvima (DKP) i sjedi\u0161tu u Sarajevu, zastupnik Na\u0161e stranke &#8211; Nezavisni blok Damir Arnaut je okrenuo plo\u010du te pomo\u0107 zbog njenog nerada zatra\u017eio od zamjenika Josipa Brki\u0107a.<\/p>\n\n\n\n<p>Turkovi\u0107 je od po\u010detka mandata na meti kritika zbog neodgovornosti koju pokazuje prema zastupnicima i izaslanicima na dr\u017eavnoj razini, a podu\u017ei je i niz o\u0161trih reagiranja na njene postupke u diplomaciji iz RS-a.<\/p>\n\n\n\n<p>Arnaut, koji je prije nekoliko godina bio i veleposlanik BiH u Australiji i Novom Zelandu, uputio je u parlamentarnu proceduru novi dokument, gdje je pobrojao dobar dio pitanja na koja mjesecima nema odgovora. To mu daje za pravo, kako je naveo, zbog nesumnjive \u201codsutnosti ministrice ili njene sprije\u010denosti da obavlja du\u017enost, da odgovore na sva ta pitanja zatra\u017ei od zamjenika ministra u skladu sa Zakonom o Vije\u0107u ministara, dodaju\u0107i da Turkovi\u0107 svojim pona\u0161anjem ozbiljno kr\u0161i Zakon o parlamentarnom nadzoru.<\/p>\n\n\n\n<p>Arnaut je, naime, ponovio dopunsko pitanje iz srpnja 2020. godine, odnosno tre\u0107u po redu urgenciju za dostavljanje dodatnih informacija nakon \u0161to je odre\u0111ene podatke dobio godinu ranije. Rije\u010d o zahtjevu za podacima koji se odnose na izvje\u0161taje o ra\u010dunima po osnovu hrane i pi\u0107a u veleposlanstvima u Be\u010du, Berlinu i Bernu. Pitao je zbog \u010dega u ta tri slu\u010daja, a posebno za Be\u010d i Berlin, uz ra\u010dune nikada nisu dostavljena akta u vezi sa opravdano\u0161\u0107u tro\u0161kova, uzimaju\u0107i u obzir instrukciju MVP-a da za svaki ra\u010dun treba opravdanje poslovnog doga\u0111aja, potpis ovla\u0161tene osobe i spisak gostiju, a kod organiziranja prijema detaljan izvje\u0161taj.<\/p>\n\n\n\n<p>-Zbog \u010dega MVP tolerira praksu navedena dva veleposlanstva po kojoj ra\u010duni za reprezentaciju &#8211; i pored enormnih iznosa, samo sadr\u017ee potpis veleposlanika &#8211; upitao je Arnaut, dodav\u0161i kako nema odgovora po kojem osnovu je MVP odobrio ra\u010dun veleposlanika Kemala Kozari\u0107a i u Sarajevu iz velja\u010de 2019. \u201cte\u017eak\u201d 370 KM na kojem su \u201ckola\u010di\u0107i u kajmaku\u201d i druge delicije, bez elemenata opravdanosti i spiska gostiju.<\/p>\n\n\n\n<p>Arnaut je naveo i pitanja postavljena u rujnu 2020. godine kroz koja je tragao za odgovorima o mjese\u010dnim financijskim izvje\u0161tajima za Veleposlanstvo u Be\u010du od travnja 2019. do kolovoza pro\u0161le godine. Ponovio je i pitanja koja je tako\u0111er uputio Turkovi\u0107 o novcu koje je MVP potro\u0161io za kori\u0161tenje VIP salona na aerodromima u BiH i stranim zemljama od sije\u010dnja 2015. do kraja rujna 2020. Tra\u017eio je i odgovor zbog \u010dega Me\u0111unarodna komisija za vrijednosne papire od 2017. u jednoj rubrici pi\u0161e i entitet Republika Srpska, umjesto BiH te da li je MVP na to reagirao, zatra\u017eio i dopis koji je od visokog predstavnika, odnosno OHR-a u rujnu do\u0161ao i Turkovi\u0107 kao zamjenici predsjedavaju\u0107eg Vije\u0107a ministara u vezi sa zakazivanjem sjednice Vije\u0107a. Urgentno je ponovo zatra\u017eio odgovore i na pitanja zbog \u010dega u mandatu Turkovi\u0107 na \u010delu MVP-a nijedna zemlja u svijetu nije ukinula vize za dr\u017eavljane BiH. Kao primjer je naveo jo\u0161 jedno pitanje.<\/p>\n\n\n\n<p>-Zbog \u010dega BiH pristaje na poni\u017eavaju\u0107i i diskriminaciju tretman odre\u0111enih bliskoisto\u010dnih i ju\u017enoafri\u010dkih zemalja koje tra\u017ee vize gra\u0111anima BiH, ali ne tra\u017ee za druge europske dr\u017eave, uklju\u010duju\u0107i i one koje nisu \u010dlanice EU &#8211; pitao je Arnaut, koji je tra\u017eio i detalje o granici izme\u0111u BiH i Hrvatske na podru\u010dju Biha\u0107a.<\/p>\n\n\n\n<p>Sugovornik \u201cGlasa Srpske\u201d upu\u0107en u rad MVP-a i Turkovi\u0107 nagla\u0161ava da ni ne \u010dudi potez Arnauta te nagla\u0161ava da se i u samom Parlamentu mo\u017ee \u010desto \u010duti da Turkovi\u0107 radi samo ono \u0161to do\u0111e kao nare\u0111enje od lidera SDA Bakira Izetbegovi\u0107a. Za teku\u0107e izdatke u MVP-u samo lani je potro\u0161eno vi\u0161e od 48 milijuna KM.<\/p>\n\n\n\n<p>Izvor:glas srpske<\/p>\n","protected":false},"excerpt":{"rendered":"<p>Nakon \u0161to od ministrice vanjskih poslova BiH Bisere Turkovi\u0107 nije dobio odgovore na 40 pitanja u zadnje dvije godine o radu i doga\u0111anjima u diplomatsko-konzularnim predstavni\u0161tvima (DKP) i sjedi\u0161tu u Sarajevu, zastupnik Na\u0161e stranke &#8211; Nezavisni blok Damir Arnaut je okrenuo plo\u010du te pomo\u0107 zbog njenog nerada zatra\u017eio od zamjenika Josipa Brki\u0107a. Turkovi\u0107 je od [&hellip;]<\/p>\n","protected":false},"author":2,"featured_media":6853,"comment_status":"closed","ping_status":"closed","sticky":false,"template":"","format":"standard","meta":{"h5ap_radio_sources":[],"footnotes":""},"categories":[1],"tags":[],"class_list":["post-96440","post","type-post","status-publish","format-standard","has-post-thumbnail","hentry","category-bihiregija"],"yoast_head":"<!-- This site is optimized with the Yoast SEO plugin v27.5 - https:\/\/yoast.com\/product\/yoast-seo-wordpress\/ -->\n<title>Za\u0161to veleposlanicima pla\u0107amo &#039;kola\u010de u kajmaku&#039; po Sarajevu? - RADIO LJUBU\u0160KI<\/title>\n<meta name=\"robots\" content=\"index, follow, max-snippet:-1, max-image-preview:large, max-video-preview:-1\" \/>\n<link rel=\"canonical\" href=\"https:\/\/radioljubuski.ba\/index.php\/2021\/12\/06\/zasto-veleposlanicima-placamo-kolace-u-kajmaku-po-sarajevu\/\" \/>\n<meta property=\"og:locale\" content=\"hr_HR\" \/>\n<meta property=\"og:type\" content=\"article\" \/>\n<meta property=\"og:title\" content=\"Za\u0161to veleposlanicima pla\u0107amo &#039;kola\u010de u kajmaku&#039; po Sarajevu? - RADIO LJUBU\u0160KI\" \/>\n<meta property=\"og:description\" content=\"Nakon \u0161to od ministrice vanjskih poslova BiH Bisere Turkovi\u0107 nije dobio odgovore na 40 pitanja u zadnje dvije godine o radu i doga\u0111anjima u diplomatsko-konzularnim predstavni\u0161tvima (DKP) i sjedi\u0161tu u Sarajevu, zastupnik Na\u0161e stranke &#8211; Nezavisni blok Damir Arnaut je okrenuo plo\u010du te pomo\u0107 zbog njenog nerada zatra\u017eio od zamjenika Josipa Brki\u0107a. Turkovi\u0107 je od [&hellip;]\" \/>\n<meta property=\"og:url\" content=\"https:\/\/radioljubuski.ba\/index.php\/2021\/12\/06\/zasto-veleposlanicima-placamo-kolace-u-kajmaku-po-sarajevu\/\" \/>\n<meta property=\"og:site_name\" content=\"RADIO LJUBU\u0160KI\" \/>\n<meta property=\"article:publisher\" content=\"https:\/\/www.facebook.com\/Radiio-Ljubuski-1490835324566332\" \/>\n<meta property=\"article:published_time\" content=\"2021-12-06T10:33:22+00:00\" \/>\n<meta property=\"og:image\" content=\"https:\/\/radioljubuski.ba\/wp-content\/uploads\/2021\/03\/DMIlqdiE_turkovic-1.png\" \/>\n\t<meta property=\"og:image:width\" content=\"1000\" \/>\n\t<meta property=\"og:image:height\" content=\"625\" \/>\n\t<meta property=\"og:image:type\" content=\"image\/png\" \/>\n<meta name=\"author\" content=\"Radio Ljubu\u0161ki\" \/>\n<meta name=\"twitter:card\" content=\"summary_large_image\" \/>\n<meta name=\"twitter:creator\" content=\"@radioljubuski\" \/>\n<meta name=\"twitter:site\" content=\"@radioljubuski\" \/>\n<meta name=\"twitter:label1\" content=\"Napisao\/la\" \/>\n\t<meta name=\"twitter:data1\" content=\"Radio Ljubu\u0161ki\" \/>\n\t<meta name=\"twitter:label2\" content=\"Procijenjeno vrijeme \u010ditanja\" \/>\n\t<meta name=\"twitter:data2\" content=\"3 minute\" \/>\n<script type=\"application\/ld+json\" class=\"yoast-schema-graph\">{\"@context\":\"https:\\\/\\\/schema.org\",\"@graph\":[{\"@type\":\"Article\",\"@id\":\"https:\\\/\\\/radioljubuski.ba\\\/index.php\\\/2021\\\/12\\\/06\\\/zasto-veleposlanicima-placamo-kolace-u-kajmaku-po-sarajevu\\\/#article\",\"isPartOf\":{\"@id\":\"https:\\\/\\\/radioljubuski.ba\\\/index.php\\\/2021\\\/12\\\/06\\\/zasto-veleposlanicima-placamo-kolace-u-kajmaku-po-sarajevu\\\/\"},\"author\":{\"name\":\"Radio Ljubu\u0161ki\",\"@id\":\"https:\\\/\\\/radioljubuski.ba\\\/#\\\/schema\\\/person\\\/19fc700381a780f69665d7956c469e3b\"},\"headline\":\"Za\u0161to veleposlanicima pla\u0107amo &#8216;kola\u010de u kajmaku&#8217; po Sarajevu?\",\"datePublished\":\"2021-12-06T10:33:22+00:00\",\"mainEntityOfPage\":{\"@id\":\"https:\\\/\\\/radioljubuski.ba\\\/index.php\\\/2021\\\/12\\\/06\\\/zasto-veleposlanicima-placamo-kolace-u-kajmaku-po-sarajevu\\\/\"},\"wordCount\":679,\"publisher\":{\"@id\":\"https:\\\/\\\/radioljubuski.ba\\\/#organization\"},\"image\":{\"@id\":\"https:\\\/\\\/radioljubuski.ba\\\/index.php\\\/2021\\\/12\\\/06\\\/zasto-veleposlanicima-placamo-kolace-u-kajmaku-po-sarajevu\\\/#primaryimage\"},\"thumbnailUrl\":\"https:\\\/\\\/radioljubuski.ba\\\/wp-content\\\/uploads\\\/2021\\\/03\\\/DMIlqdiE_turkovic-1.png\",\"articleSection\":[\"BIH i regija\"],\"inLanguage\":\"hr\"},{\"@type\":\"WebPage\",\"@id\":\"https:\\\/\\\/radioljubuski.ba\\\/index.php\\\/2021\\\/12\\\/06\\\/zasto-veleposlanicima-placamo-kolace-u-kajmaku-po-sarajevu\\\/\",\"url\":\"https:\\\/\\\/radioljubuski.ba\\\/index.php\\\/2021\\\/12\\\/06\\\/zasto-veleposlanicima-placamo-kolace-u-kajmaku-po-sarajevu\\\/\",\"name\":\"Za\u0161to veleposlanicima pla\u0107amo 'kola\u010de u kajmaku' po Sarajevu? - RADIO LJUBU\u0160KI\",\"isPartOf\":{\"@id\":\"https:\\\/\\\/radioljubuski.ba\\\/#website\"},\"primaryImageOfPage\":{\"@id\":\"https:\\\/\\\/radioljubuski.ba\\\/index.php\\\/2021\\\/12\\\/06\\\/zasto-veleposlanicima-placamo-kolace-u-kajmaku-po-sarajevu\\\/#primaryimage\"},\"image\":{\"@id\":\"https:\\\/\\\/radioljubuski.ba\\\/index.php\\\/2021\\\/12\\\/06\\\/zasto-veleposlanicima-placamo-kolace-u-kajmaku-po-sarajevu\\\/#primaryimage\"},\"thumbnailUrl\":\"https:\\\/\\\/radioljubuski.ba\\\/wp-content\\\/uploads\\\/2021\\\/03\\\/DMIlqdiE_turkovic-1.png\",\"datePublished\":\"2021-12-06T10:33:22+00:00\",\"breadcrumb\":{\"@id\":\"https:\\\/\\\/radioljubuski.ba\\\/index.php\\\/2021\\\/12\\\/06\\\/zasto-veleposlanicima-placamo-kolace-u-kajmaku-po-sarajevu\\\/#breadcrumb\"},\"inLanguage\":\"hr\",\"potentialAction\":[{\"@type\":\"ReadAction\",\"target\":[\"https:\\\/\\\/radioljubuski.ba\\\/index.php\\\/2021\\\/12\\\/06\\\/zasto-veleposlanicima-placamo-kolace-u-kajmaku-po-sarajevu\\\/\"]}]},{\"@type\":\"ImageObject\",\"inLanguage\":\"hr\",\"@id\":\"https:\\\/\\\/radioljubuski.ba\\\/index.php\\\/2021\\\/12\\\/06\\\/zasto-veleposlanicima-placamo-kolace-u-kajmaku-po-sarajevu\\\/#primaryimage\",\"url\":\"https:\\\/\\\/radioljubuski.ba\\\/wp-content\\\/uploads\\\/2021\\\/03\\\/DMIlqdiE_turkovic-1.png\",\"contentUrl\":\"https:\\\/\\\/radioljubuski.ba\\\/wp-content\\\/uploads\\\/2021\\\/03\\\/DMIlqdiE_turkovic-1.png\",\"width\":1000,\"height\":625},{\"@type\":\"BreadcrumbList\",\"@id\":\"https:\\\/\\\/radioljubuski.ba\\\/index.php\\\/2021\\\/12\\\/06\\\/zasto-veleposlanicima-placamo-kolace-u-kajmaku-po-sarajevu\\\/#breadcrumb\",\"itemListElement\":[{\"@type\":\"ListItem\",\"position\":1,\"name\":\"Po\u010detna stranica\",\"item\":\"https:\\\/\\\/radioljubuski.ba\\\/\"},{\"@type\":\"ListItem\",\"position\":2,\"name\":\"Za\u0161to veleposlanicima pla\u0107amo &#8216;kola\u010de u kajmaku&#8217; po Sarajevu?\"}]},{\"@type\":\"WebSite\",\"@id\":\"https:\\\/\\\/radioljubuski.ba\\\/#website\",\"url\":\"https:\\\/\\\/radioljubuski.ba\\\/\",\"name\":\"Radio Ljubu\u0161ki\",\"description\":\"Sun\u010dana frekvencija Hercegovine\",\"publisher\":{\"@id\":\"https:\\\/\\\/radioljubuski.ba\\\/#organization\"},\"potentialAction\":[{\"@type\":\"SearchAction\",\"target\":{\"@type\":\"EntryPoint\",\"urlTemplate\":\"https:\\\/\\\/radioljubuski.ba\\\/?s={search_term_string}\"},\"query-input\":{\"@type\":\"PropertyValueSpecification\",\"valueRequired\":true,\"valueName\":\"search_term_string\"}}],\"inLanguage\":\"hr\"},{\"@type\":\"Organization\",\"@id\":\"https:\\\/\\\/radioljubuski.ba\\\/#organization\",\"name\":\"Radio Ljubu\u0161ki\",\"url\":\"https:\\\/\\\/radioljubuski.ba\\\/\",\"logo\":{\"@type\":\"ImageObject\",\"inLanguage\":\"hr\",\"@id\":\"https:\\\/\\\/radioljubuski.ba\\\/#\\\/schema\\\/logo\\\/image\\\/\",\"url\":\"https:\\\/\\\/radioljubuski.ba\\\/wp-content\\\/uploads\\\/2021\\\/02\\\/cropped-Radio_Ljubuski_logo1.jpg\",\"contentUrl\":\"https:\\\/\\\/radioljubuski.ba\\\/wp-content\\\/uploads\\\/2021\\\/02\\\/cropped-Radio_Ljubuski_logo1.jpg\",\"width\":512,\"height\":512,\"caption\":\"Radio Ljubu\u0161ki\"},\"image\":{\"@id\":\"https:\\\/\\\/radioljubuski.ba\\\/#\\\/schema\\\/logo\\\/image\\\/\"},\"sameAs\":[\"https:\\\/\\\/www.facebook.com\\\/Radiio-Ljubuski-1490835324566332\",\"https:\\\/\\\/x.com\\\/radioljubuski\",\"https:\\\/\\\/hr.linkedin.com\\\/company\\\/radio-ljubuski\",\"https:\\\/\\\/www.youtube.com\\\/channel\\\/UCHYaeO_n0Db3tjNGudGpXyw\"]},{\"@type\":\"Person\",\"@id\":\"https:\\\/\\\/radioljubuski.ba\\\/#\\\/schema\\\/person\\\/19fc700381a780f69665d7956c469e3b\",\"name\":\"Radio Ljubu\u0161ki\"}]}<\/script>\n<!-- \/ Yoast SEO plugin. -->","yoast_head_json":{"title":"Za\u0161to veleposlanicima pla\u0107amo 'kola\u010de u kajmaku' po Sarajevu? - RADIO LJUBU\u0160KI","robots":{"index":"index","follow":"follow","max-snippet":"max-snippet:-1","max-image-preview":"max-image-preview:large","max-video-preview":"max-video-preview:-1"},"canonical":"https:\/\/radioljubuski.ba\/index.php\/2021\/12\/06\/zasto-veleposlanicima-placamo-kolace-u-kajmaku-po-sarajevu\/","og_locale":"hr_HR","og_type":"article","og_title":"Za\u0161to veleposlanicima pla\u0107amo 'kola\u010de u kajmaku' po Sarajevu? - RADIO LJUBU\u0160KI","og_description":"Nakon \u0161to od ministrice vanjskih poslova BiH Bisere Turkovi\u0107 nije dobio odgovore na 40 pitanja u zadnje dvije godine o radu i doga\u0111anjima u diplomatsko-konzularnim predstavni\u0161tvima (DKP) i sjedi\u0161tu u Sarajevu, zastupnik Na\u0161e stranke &#8211; Nezavisni blok Damir Arnaut je okrenuo plo\u010du te pomo\u0107 zbog njenog nerada zatra\u017eio od zamjenika Josipa Brki\u0107a. Turkovi\u0107 je od [&hellip;]","og_url":"https:\/\/radioljubuski.ba\/index.php\/2021\/12\/06\/zasto-veleposlanicima-placamo-kolace-u-kajmaku-po-sarajevu\/","og_site_name":"RADIO LJUBU\u0160KI","article_publisher":"https:\/\/www.facebook.com\/Radiio-Ljubuski-1490835324566332","article_published_time":"2021-12-06T10:33:22+00:00","og_image":[{"width":1000,"height":625,"url":"https:\/\/radioljubuski.ba\/wp-content\/uploads\/2021\/03\/DMIlqdiE_turkovic-1.png","type":"image\/png"}],"author":"Radio Ljubu\u0161ki","twitter_card":"summary_large_image","twitter_creator":"@radioljubuski","twitter_site":"@radioljubuski","twitter_misc":{"Napisao\/la":"Radio Ljubu\u0161ki","Procijenjeno vrijeme \u010ditanja":"3 minute"},"schema":{"@context":"https:\/\/schema.org","@graph":[{"@type":"Article","@id":"https:\/\/radioljubuski.ba\/index.php\/2021\/12\/06\/zasto-veleposlanicima-placamo-kolace-u-kajmaku-po-sarajevu\/#article","isPartOf":{"@id":"https:\/\/radioljubuski.ba\/index.php\/2021\/12\/06\/zasto-veleposlanicima-placamo-kolace-u-kajmaku-po-sarajevu\/"},"author":{"name":"Radio Ljubu\u0161ki","@id":"https:\/\/radioljubuski.ba\/#\/schema\/person\/19fc700381a780f69665d7956c469e3b"},"headline":"Za\u0161to veleposlanicima pla\u0107amo &#8216;kola\u010de u kajmaku&#8217; po Sarajevu?","datePublished":"2021-12-06T10:33:22+00:00","mainEntityOfPage":{"@id":"https:\/\/radioljubuski.ba\/index.php\/2021\/12\/06\/zasto-veleposlanicima-placamo-kolace-u-kajmaku-po-sarajevu\/"},"wordCount":679,"publisher":{"@id":"https:\/\/radioljubuski.ba\/#organization"},"image":{"@id":"https:\/\/radioljubuski.ba\/index.php\/2021\/12\/06\/zasto-veleposlanicima-placamo-kolace-u-kajmaku-po-sarajevu\/#primaryimage"},"thumbnailUrl":"https:\/\/radioljubuski.ba\/wp-content\/uploads\/2021\/03\/DMIlqdiE_turkovic-1.png","articleSection":["BIH i regija"],"inLanguage":"hr"},{"@type":"WebPage","@id":"https:\/\/radioljubuski.ba\/index.php\/2021\/12\/06\/zasto-veleposlanicima-placamo-kolace-u-kajmaku-po-sarajevu\/","url":"https:\/\/radioljubuski.ba\/index.php\/2021\/12\/06\/zasto-veleposlanicima-placamo-kolace-u-kajmaku-po-sarajevu\/","name":"Za\u0161to veleposlanicima pla\u0107amo 'kola\u010de u kajmaku' po Sarajevu? - RADIO LJUBU\u0160KI","isPartOf":{"@id":"https:\/\/radioljubuski.ba\/#website"},"primaryImageOfPage":{"@id":"https:\/\/radioljubuski.ba\/index.php\/2021\/12\/06\/zasto-veleposlanicima-placamo-kolace-u-kajmaku-po-sarajevu\/#primaryimage"},"image":{"@id":"https:\/\/radioljubuski.ba\/index.php\/2021\/12\/06\/zasto-veleposlanicima-placamo-kolace-u-kajmaku-po-sarajevu\/#primaryimage"},"thumbnailUrl":"https:\/\/radioljubuski.ba\/wp-content\/uploads\/2021\/03\/DMIlqdiE_turkovic-1.png","datePublished":"2021-12-06T10:33:22+00:00","breadcrumb":{"@id":"https:\/\/radioljubuski.ba\/index.php\/2021\/12\/06\/zasto-veleposlanicima-placamo-kolace-u-kajmaku-po-sarajevu\/#breadcrumb"},"inLanguage":"hr","potentialAction":[{"@type":"ReadAction","target":["https:\/\/radioljubuski.ba\/index.php\/2021\/12\/06\/zasto-veleposlanicima-placamo-kolace-u-kajmaku-po-sarajevu\/"]}]},{"@type":"ImageObject","inLanguage":"hr","@id":"https:\/\/radioljubuski.ba\/index.php\/2021\/12\/06\/zasto-veleposlanicima-placamo-kolace-u-kajmaku-po-sarajevu\/#primaryimage","url":"https:\/\/radioljubuski.ba\/wp-content\/uploads\/2021\/03\/DMIlqdiE_turkovic-1.png","contentUrl":"https:\/\/radioljubuski.ba\/wp-content\/uploads\/2021\/03\/DMIlqdiE_turkovic-1.png","width":1000,"height":625},{"@type":"BreadcrumbList","@id":"https:\/\/radioljubuski.ba\/index.php\/2021\/12\/06\/zasto-veleposlanicima-placamo-kolace-u-kajmaku-po-sarajevu\/#breadcrumb","itemListElement":[{"@type":"ListItem","position":1,"name":"Po\u010detna stranica","item":"https:\/\/radioljubuski.ba\/"},{"@type":"ListItem","position":2,"name":"Za\u0161to veleposlanicima pla\u0107amo &#8216;kola\u010de u kajmaku&#8217; po Sarajevu?"}]},{"@type":"WebSite","@id":"https:\/\/radioljubuski.ba\/#website","url":"https:\/\/radioljubuski.ba\/","name":"Radio Ljubu\u0161ki","description":"Sun\u010dana frekvencija Hercegovine","publisher":{"@id":"https:\/\/radioljubuski.ba\/#organization"},"potentialAction":[{"@type":"SearchAction","target":{"@type":"EntryPoint","urlTemplate":"https:\/\/radioljubuski.ba\/?s={search_term_string}"},"query-input":{"@type":"PropertyValueSpecification","valueRequired":true,"valueName":"search_term_string"}}],"inLanguage":"hr"},{"@type":"Organization","@id":"https:\/\/radioljubuski.ba\/#organization","name":"Radio Ljubu\u0161ki","url":"https:\/\/radioljubuski.ba\/","logo":{"@type":"ImageObject","inLanguage":"hr","@id":"https:\/\/radioljubuski.ba\/#\/schema\/logo\/image\/","url":"https:\/\/radioljubuski.ba\/wp-content\/uploads\/2021\/02\/cropped-Radio_Ljubuski_logo1.jpg","contentUrl":"https:\/\/radioljubuski.ba\/wp-content\/uploads\/2021\/02\/cropped-Radio_Ljubuski_logo1.jpg","width":512,"height":512,"caption":"Radio Ljubu\u0161ki"},"image":{"@id":"https:\/\/radioljubuski.ba\/#\/schema\/logo\/image\/"},"sameAs":["https:\/\/www.facebook.com\/Radiio-Ljubuski-1490835324566332","https:\/\/x.com\/radioljubuski","https:\/\/hr.linkedin.com\/company\/radio-ljubuski","https:\/\/www.youtube.com\/channel\/UCHYaeO_n0Db3tjNGudGpXyw"]},{"@type":"Person","@id":"https:\/\/radioljubuski.ba\/#\/schema\/person\/19fc700381a780f69665d7956c469e3b","name":"Radio Ljubu\u0161ki"}]}},"_links":{"self":[{"href":"https:\/\/radioljubuski.ba\/index.php\/wp-json\/wp\/v2\/posts\/96440","targetHints":{"allow":["GET"]}}],"collection":[{"href":"https:\/\/radioljubuski.ba\/index.php\/wp-json\/wp\/v2\/posts"}],"about":[{"href":"https:\/\/radioljubuski.ba\/index.php\/wp-json\/wp\/v2\/types\/post"}],"author":[{"embeddable":true,"href":"https:\/\/radioljubuski.ba\/index.php\/wp-json\/wp\/v2\/users\/2"}],"replies":[{"embeddable":true,"href":"https:\/\/radioljubuski.ba\/index.php\/wp-json\/wp\/v2\/comments?post=96440"}],"version-history":[{"count":1,"href":"https:\/\/radioljubuski.ba\/index.php\/wp-json\/wp\/v2\/posts\/96440\/revisions"}],"predecessor-version":[{"id":96441,"href":"https:\/\/radioljubuski.ba\/index.php\/wp-json\/wp\/v2\/posts\/96440\/revisions\/96441"}],"wp:featuredmedia":[{"embeddable":true,"href":"https:\/\/radioljubuski.ba\/index.php\/wp-json\/wp\/v2\/media\/6853"}],"wp:attachment":[{"href":"https:\/\/radioljubuski.ba\/index.php\/wp-json\/wp\/v2\/media?parent=96440"}],"wp:term":[{"taxonomy":"category","embeddable":true,"href":"https:\/\/radioljubuski.ba\/index.php\/wp-json\/wp\/v2\/categories?post=96440"},{"taxonomy":"post_tag","embeddable":true,"href":"https:\/\/radioljubuski.ba\/index.php\/wp-json\/wp\/v2\/tags?post=96440"}],"curies":[{"name":"wp","href":"https:\/\/api.w.org\/{rel}","templated":true}]}}