{"id":96447,"date":"2021-12-06T11:38:02","date_gmt":"2021-12-06T10:38:02","guid":{"rendered":"https:\/\/radioljubuski.ba\/?p=96447"},"modified":"2021-12-06T11:38:03","modified_gmt":"2021-12-06T10:38:03","slug":"nevidena-drama-u-formuli-1-presao-je-granicu-sigurno","status":"publish","type":"post","link":"https:\/\/radioljubuski.ba\/index.php\/2021\/12\/06\/nevidena-drama-u-formuli-1-presao-je-granicu-sigurno\/","title":{"rendered":"Nevi\u0111ena drama u Formuli 1: Pre\u0161ao je granicu, sigurno"},"content":{"rendered":"\n<p>Nizozemac Max Verstappen ka\u017enjen je sa 10 sekundi zbog izazivanja sudara s Lewisom Hamiltonom na Velikoj nagradi Saudijske Arabije, ali \u0107e ipak ostati na drugom mjestu jer je utrku zavr\u0161io sa 15.3 sekunde ispred Valtterija Bottasa na tre\u0107em mjestu.<\/p>\n\n\n\n<p>Nije do\u0161lo niti do promjene u ukupnom poretku, uo\u010di zadnje utrke sezone Verstappen i Hamilton vode sa po 369.5 bodova.<\/p>\n\n\n\n<p>Kaoti\u010dna VN Saudijske Aravije na stazi u Jeddahu dobila je svoj nastavak. \u010celnici formule 1 kaznili su Verstappena (Red Bull) jer je izazvao nesre\u0107u s Britancem Lewisom Hamiltonom (Mercedes). No, unato\u010d kazni od deset sekundi, Nizozemac je zadr\u017eao drugu poziciju. Red Bullov pilot je zbog opasne vo\u017enje ka\u017enjen i za vrijeme utrke i to s pet sekundi.<\/p>\n\n\n\n<p>Do njihovog incidenta je do\u0161lo u 37 krugu kada je Verstappen trebao prepustiti poziciju Hamiltonu, ali je iznenada priko\u010dio i Britanac je udario u njega o\u0161tetiv\u0161i prednje krilo.<\/p>\n\n\n\n<p>&#8211; Usporio sam, \u017eelio sam propustiti Hamiltona, bio sam na desnoj strani, ali on me nije \u017eelio pro\u0107i i do\u0161lo je do kontakta. Ne razumijem \u0161to se dogodilo, branio se nakon utrke Nizozemac.<\/p>\n\n\n\n<p>No, Hamilton je poru\u010dio kako Verstappen smatra da za njega pravila na vrijede.<\/p>\n\n\n\n<p>-U svom \u017eivotu sam se utrkivao s puno voza\u010da, u ovih 28 godina nai\u0161ao sam na puno razli\u010ditih karaktera. Postoji nekoliko na vrhu koji su&#8230; da, preko granice. Pravila se nekako ne primjenjuju, ili ne razmi\u0161ljaju o pravilima.<\/p>\n\n\n\n<p>Na pitanje da pojasni spada li Verstappen u tu kategoriju, Hamilton se slo\u017eio, rekav\u0161i: &#8211; Pre\u0161ao je granicu, sigurno. Izbjegao sam sudar u toliko navrata s tim tipom i ne smeta mi uvijek biti taj koji to \u010dini, jer \u017eivi\u0161 kako bi se borio jo\u0161 jedan dan. \u0160to sam o\u010dito i u\u010dinio, rekao je Hamilton za Sky Sports.<\/p>\n\n\n\n<p>Gotovo je nemogu\u0107e sve opisati \u0161to se doga\u0111alo na premijernoj utrci u Saudijskoj Arabiji. Bila je to turbulentna i luda utrka s tri starta i dva prekida, a borbu za prvo mjesto obilje\u017eili su i nesportski potezi. Hamilton je na kraju slavio sa slomljenim prednjim krilom.<\/p>\n\n\n\n<p>Uo\u010di posljednje utrke sezone VN Abu Dhabija koja je na rasporedu idu\u0107eg vikenda Verstappen i Hamilton vode sa po 369.5 bodova.<\/p>\n\n\n\n<p>Me\u0111utim, Verstappen i dalje vodi u prvenstvu zbog toga \u0161to ima vi\u0161e pobjeda od Hamiltona ove godine, \u0161to zna\u010di da \u0107e uzeti naslov ako i dalje budu izjedna\u010deni po broju bodova nakon Abu Dhabija.<\/p>\n\n\n\n<p>Izvor:pogled.ba<\/p>\n","protected":false},"excerpt":{"rendered":"<p>Nizozemac Max Verstappen ka\u017enjen je sa 10 sekundi zbog izazivanja sudara s Lewisom Hamiltonom na Velikoj nagradi Saudijske Arabije, ali \u0107e ipak ostati na drugom mjestu jer je utrku zavr\u0161io sa 15.3 sekunde ispred Valtterija Bottasa na tre\u0107em mjestu. Nije do\u0161lo niti do promjene u ukupnom poretku, uo\u010di zadnje utrke sezone Verstappen i Hamilton vode [&hellip;]<\/p>\n","protected":false},"author":2,"featured_media":96448,"comment_status":"closed","ping_status":"closed","sticky":false,"template":"","format":"standard","meta":{"h5ap_radio_sources":[],"footnotes":""},"categories":[7],"tags":[],"class_list":["post-96447","post","type-post","status-publish","format-standard","has-post-thumbnail","hentry","category-sport"],"yoast_head":"<!-- This site is optimized with the Yoast SEO plugin v27.5 - https:\/\/yoast.com\/product\/yoast-seo-wordpress\/ -->\n<title>Nevi\u0111ena drama u Formuli 1: Pre\u0161ao je granicu, sigurno - RADIO LJUBU\u0160KI<\/title>\n<meta name=\"robots\" content=\"index, follow, max-snippet:-1, max-image-preview:large, max-video-preview:-1\" \/>\n<link rel=\"canonical\" href=\"https:\/\/radioljubuski.ba\/index.php\/2021\/12\/06\/nevidena-drama-u-formuli-1-presao-je-granicu-sigurno\/\" \/>\n<meta property=\"og:locale\" content=\"hr_HR\" \/>\n<meta property=\"og:type\" content=\"article\" \/>\n<meta property=\"og:title\" content=\"Nevi\u0111ena drama u Formuli 1: Pre\u0161ao je granicu, sigurno - RADIO LJUBU\u0160KI\" \/>\n<meta property=\"og:description\" content=\"Nizozemac Max Verstappen ka\u017enjen je sa 10 sekundi zbog izazivanja sudara s Lewisom Hamiltonom na Velikoj nagradi Saudijske Arabije, ali \u0107e ipak ostati na drugom mjestu jer je utrku zavr\u0161io sa 15.3 sekunde ispred Valtterija Bottasa na tre\u0107em mjestu. Nije do\u0161lo niti do promjene u ukupnom poretku, uo\u010di zadnje utrke sezone Verstappen i Hamilton vode [&hellip;]\" \/>\n<meta property=\"og:url\" content=\"https:\/\/radioljubuski.ba\/index.php\/2021\/12\/06\/nevidena-drama-u-formuli-1-presao-je-granicu-sigurno\/\" \/>\n<meta property=\"og:site_name\" content=\"RADIO LJUBU\u0160KI\" \/>\n<meta property=\"article:publisher\" content=\"https:\/\/www.facebook.com\/Radiio-Ljubuski-1490835324566332\" \/>\n<meta property=\"article:published_time\" content=\"2021-12-06T10:38:02+00:00\" \/>\n<meta property=\"article:modified_time\" content=\"2021-12-06T10:38:03+00:00\" \/>\n<meta property=\"og:image\" content=\"https:\/\/radioljubuski.ba\/wp-content\/uploads\/2021\/12\/2-2021-12-06-09-27-33-f1.jpg\" \/>\n\t<meta property=\"og:image:width\" content=\"1000\" \/>\n\t<meta property=\"og:image:height\" content=\"625\" \/>\n\t<meta property=\"og:image:type\" content=\"image\/jpeg\" \/>\n<meta name=\"author\" content=\"Radio Ljubu\u0161ki\" \/>\n<meta name=\"twitter:card\" content=\"summary_large_image\" \/>\n<meta name=\"twitter:creator\" content=\"@radioljubuski\" \/>\n<meta name=\"twitter:site\" content=\"@radioljubuski\" \/>\n<meta name=\"twitter:label1\" content=\"Napisao\/la\" \/>\n\t<meta name=\"twitter:data1\" content=\"Radio Ljubu\u0161ki\" \/>\n\t<meta name=\"twitter:label2\" content=\"Procijenjeno vrijeme \u010ditanja\" \/>\n\t<meta name=\"twitter:data2\" content=\"2 minute\" \/>\n<script type=\"application\/ld+json\" class=\"yoast-schema-graph\">{\"@context\":\"https:\\\/\\\/schema.org\",\"@graph\":[{\"@type\":\"Article\",\"@id\":\"https:\\\/\\\/radioljubuski.ba\\\/index.php\\\/2021\\\/12\\\/06\\\/nevidena-drama-u-formuli-1-presao-je-granicu-sigurno\\\/#article\",\"isPartOf\":{\"@id\":\"https:\\\/\\\/radioljubuski.ba\\\/index.php\\\/2021\\\/12\\\/06\\\/nevidena-drama-u-formuli-1-presao-je-granicu-sigurno\\\/\"},\"author\":{\"name\":\"Radio Ljubu\u0161ki\",\"@id\":\"https:\\\/\\\/radioljubuski.ba\\\/#\\\/schema\\\/person\\\/19fc700381a780f69665d7956c469e3b\"},\"headline\":\"Nevi\u0111ena drama u Formuli 1: Pre\u0161ao je granicu, sigurno\",\"datePublished\":\"2021-12-06T10:38:02+00:00\",\"dateModified\":\"2021-12-06T10:38:03+00:00\",\"mainEntityOfPage\":{\"@id\":\"https:\\\/\\\/radioljubuski.ba\\\/index.php\\\/2021\\\/12\\\/06\\\/nevidena-drama-u-formuli-1-presao-je-granicu-sigurno\\\/\"},\"wordCount\":428,\"publisher\":{\"@id\":\"https:\\\/\\\/radioljubuski.ba\\\/#organization\"},\"image\":{\"@id\":\"https:\\\/\\\/radioljubuski.ba\\\/index.php\\\/2021\\\/12\\\/06\\\/nevidena-drama-u-formuli-1-presao-je-granicu-sigurno\\\/#primaryimage\"},\"thumbnailUrl\":\"https:\\\/\\\/radioljubuski.ba\\\/wp-content\\\/uploads\\\/2021\\\/12\\\/2-2021-12-06-09-27-33-f1.jpg\",\"articleSection\":[\"\u0160port\"],\"inLanguage\":\"hr\"},{\"@type\":\"WebPage\",\"@id\":\"https:\\\/\\\/radioljubuski.ba\\\/index.php\\\/2021\\\/12\\\/06\\\/nevidena-drama-u-formuli-1-presao-je-granicu-sigurno\\\/\",\"url\":\"https:\\\/\\\/radioljubuski.ba\\\/index.php\\\/2021\\\/12\\\/06\\\/nevidena-drama-u-formuli-1-presao-je-granicu-sigurno\\\/\",\"name\":\"Nevi\u0111ena drama u Formuli 1: Pre\u0161ao je granicu, sigurno - RADIO LJUBU\u0160KI\",\"isPartOf\":{\"@id\":\"https:\\\/\\\/radioljubuski.ba\\\/#website\"},\"primaryImageOfPage\":{\"@id\":\"https:\\\/\\\/radioljubuski.ba\\\/index.php\\\/2021\\\/12\\\/06\\\/nevidena-drama-u-formuli-1-presao-je-granicu-sigurno\\\/#primaryimage\"},\"image\":{\"@id\":\"https:\\\/\\\/radioljubuski.ba\\\/index.php\\\/2021\\\/12\\\/06\\\/nevidena-drama-u-formuli-1-presao-je-granicu-sigurno\\\/#primaryimage\"},\"thumbnailUrl\":\"https:\\\/\\\/radioljubuski.ba\\\/wp-content\\\/uploads\\\/2021\\\/12\\\/2-2021-12-06-09-27-33-f1.jpg\",\"datePublished\":\"2021-12-06T10:38:02+00:00\",\"dateModified\":\"2021-12-06T10:38:03+00:00\",\"breadcrumb\":{\"@id\":\"https:\\\/\\\/radioljubuski.ba\\\/index.php\\\/2021\\\/12\\\/06\\\/nevidena-drama-u-formuli-1-presao-je-granicu-sigurno\\\/#breadcrumb\"},\"inLanguage\":\"hr\",\"potentialAction\":[{\"@type\":\"ReadAction\",\"target\":[\"https:\\\/\\\/radioljubuski.ba\\\/index.php\\\/2021\\\/12\\\/06\\\/nevidena-drama-u-formuli-1-presao-je-granicu-sigurno\\\/\"]}]},{\"@type\":\"ImageObject\",\"inLanguage\":\"hr\",\"@id\":\"https:\\\/\\\/radioljubuski.ba\\\/index.php\\\/2021\\\/12\\\/06\\\/nevidena-drama-u-formuli-1-presao-je-granicu-sigurno\\\/#primaryimage\",\"url\":\"https:\\\/\\\/radioljubuski.ba\\\/wp-content\\\/uploads\\\/2021\\\/12\\\/2-2021-12-06-09-27-33-f1.jpg\",\"contentUrl\":\"https:\\\/\\\/radioljubuski.ba\\\/wp-content\\\/uploads\\\/2021\\\/12\\\/2-2021-12-06-09-27-33-f1.jpg\",\"width\":1000,\"height\":625},{\"@type\":\"BreadcrumbList\",\"@id\":\"https:\\\/\\\/radioljubuski.ba\\\/index.php\\\/2021\\\/12\\\/06\\\/nevidena-drama-u-formuli-1-presao-je-granicu-sigurno\\\/#breadcrumb\",\"itemListElement\":[{\"@type\":\"ListItem\",\"position\":1,\"name\":\"Po\u010detna stranica\",\"item\":\"https:\\\/\\\/radioljubuski.ba\\\/\"},{\"@type\":\"ListItem\",\"position\":2,\"name\":\"Nevi\u0111ena drama u Formuli 1: Pre\u0161ao je granicu, sigurno\"}]},{\"@type\":\"WebSite\",\"@id\":\"https:\\\/\\\/radioljubuski.ba\\\/#website\",\"url\":\"https:\\\/\\\/radioljubuski.ba\\\/\",\"name\":\"Radio Ljubu\u0161ki\",\"description\":\"Sun\u010dana frekvencija Hercegovine\",\"publisher\":{\"@id\":\"https:\\\/\\\/radioljubuski.ba\\\/#organization\"},\"potentialAction\":[{\"@type\":\"SearchAction\",\"target\":{\"@type\":\"EntryPoint\",\"urlTemplate\":\"https:\\\/\\\/radioljubuski.ba\\\/?s={search_term_string}\"},\"query-input\":{\"@type\":\"PropertyValueSpecification\",\"valueRequired\":true,\"valueName\":\"search_term_string\"}}],\"inLanguage\":\"hr\"},{\"@type\":\"Organization\",\"@id\":\"https:\\\/\\\/radioljubuski.ba\\\/#organization\",\"name\":\"Radio Ljubu\u0161ki\",\"url\":\"https:\\\/\\\/radioljubuski.ba\\\/\",\"logo\":{\"@type\":\"ImageObject\",\"inLanguage\":\"hr\",\"@id\":\"https:\\\/\\\/radioljubuski.ba\\\/#\\\/schema\\\/logo\\\/image\\\/\",\"url\":\"https:\\\/\\\/radioljubuski.ba\\\/wp-content\\\/uploads\\\/2021\\\/02\\\/cropped-Radio_Ljubuski_logo1.jpg\",\"contentUrl\":\"https:\\\/\\\/radioljubuski.ba\\\/wp-content\\\/uploads\\\/2021\\\/02\\\/cropped-Radio_Ljubuski_logo1.jpg\",\"width\":512,\"height\":512,\"caption\":\"Radio Ljubu\u0161ki\"},\"image\":{\"@id\":\"https:\\\/\\\/radioljubuski.ba\\\/#\\\/schema\\\/logo\\\/image\\\/\"},\"sameAs\":[\"https:\\\/\\\/www.facebook.com\\\/Radiio-Ljubuski-1490835324566332\",\"https:\\\/\\\/x.com\\\/radioljubuski\",\"https:\\\/\\\/hr.linkedin.com\\\/company\\\/radio-ljubuski\",\"https:\\\/\\\/www.youtube.com\\\/channel\\\/UCHYaeO_n0Db3tjNGudGpXyw\"]},{\"@type\":\"Person\",\"@id\":\"https:\\\/\\\/radioljubuski.ba\\\/#\\\/schema\\\/person\\\/19fc700381a780f69665d7956c469e3b\",\"name\":\"Radio Ljubu\u0161ki\"}]}<\/script>\n<!-- \/ Yoast SEO plugin. -->","yoast_head_json":{"title":"Nevi\u0111ena drama u Formuli 1: Pre\u0161ao je granicu, sigurno - RADIO LJUBU\u0160KI","robots":{"index":"index","follow":"follow","max-snippet":"max-snippet:-1","max-image-preview":"max-image-preview:large","max-video-preview":"max-video-preview:-1"},"canonical":"https:\/\/radioljubuski.ba\/index.php\/2021\/12\/06\/nevidena-drama-u-formuli-1-presao-je-granicu-sigurno\/","og_locale":"hr_HR","og_type":"article","og_title":"Nevi\u0111ena drama u Formuli 1: Pre\u0161ao je granicu, sigurno - RADIO LJUBU\u0160KI","og_description":"Nizozemac Max Verstappen ka\u017enjen je sa 10 sekundi zbog izazivanja sudara s Lewisom Hamiltonom na Velikoj nagradi Saudijske Arabije, ali \u0107e ipak ostati na drugom mjestu jer je utrku zavr\u0161io sa 15.3 sekunde ispred Valtterija Bottasa na tre\u0107em mjestu. Nije do\u0161lo niti do promjene u ukupnom poretku, uo\u010di zadnje utrke sezone Verstappen i Hamilton vode [&hellip;]","og_url":"https:\/\/radioljubuski.ba\/index.php\/2021\/12\/06\/nevidena-drama-u-formuli-1-presao-je-granicu-sigurno\/","og_site_name":"RADIO LJUBU\u0160KI","article_publisher":"https:\/\/www.facebook.com\/Radiio-Ljubuski-1490835324566332","article_published_time":"2021-12-06T10:38:02+00:00","article_modified_time":"2021-12-06T10:38:03+00:00","og_image":[{"width":1000,"height":625,"url":"https:\/\/radioljubuski.ba\/wp-content\/uploads\/2021\/12\/2-2021-12-06-09-27-33-f1.jpg","type":"image\/jpeg"}],"author":"Radio Ljubu\u0161ki","twitter_card":"summary_large_image","twitter_creator":"@radioljubuski","twitter_site":"@radioljubuski","twitter_misc":{"Napisao\/la":"Radio Ljubu\u0161ki","Procijenjeno vrijeme \u010ditanja":"2 minute"},"schema":{"@context":"https:\/\/schema.org","@graph":[{"@type":"Article","@id":"https:\/\/radioljubuski.ba\/index.php\/2021\/12\/06\/nevidena-drama-u-formuli-1-presao-je-granicu-sigurno\/#article","isPartOf":{"@id":"https:\/\/radioljubuski.ba\/index.php\/2021\/12\/06\/nevidena-drama-u-formuli-1-presao-je-granicu-sigurno\/"},"author":{"name":"Radio Ljubu\u0161ki","@id":"https:\/\/radioljubuski.ba\/#\/schema\/person\/19fc700381a780f69665d7956c469e3b"},"headline":"Nevi\u0111ena drama u Formuli 1: Pre\u0161ao je granicu, sigurno","datePublished":"2021-12-06T10:38:02+00:00","dateModified":"2021-12-06T10:38:03+00:00","mainEntityOfPage":{"@id":"https:\/\/radioljubuski.ba\/index.php\/2021\/12\/06\/nevidena-drama-u-formuli-1-presao-je-granicu-sigurno\/"},"wordCount":428,"publisher":{"@id":"https:\/\/radioljubuski.ba\/#organization"},"image":{"@id":"https:\/\/radioljubuski.ba\/index.php\/2021\/12\/06\/nevidena-drama-u-formuli-1-presao-je-granicu-sigurno\/#primaryimage"},"thumbnailUrl":"https:\/\/radioljubuski.ba\/wp-content\/uploads\/2021\/12\/2-2021-12-06-09-27-33-f1.jpg","articleSection":["\u0160port"],"inLanguage":"hr"},{"@type":"WebPage","@id":"https:\/\/radioljubuski.ba\/index.php\/2021\/12\/06\/nevidena-drama-u-formuli-1-presao-je-granicu-sigurno\/","url":"https:\/\/radioljubuski.ba\/index.php\/2021\/12\/06\/nevidena-drama-u-formuli-1-presao-je-granicu-sigurno\/","name":"Nevi\u0111ena drama u Formuli 1: Pre\u0161ao je granicu, sigurno - RADIO LJUBU\u0160KI","isPartOf":{"@id":"https:\/\/radioljubuski.ba\/#website"},"primaryImageOfPage":{"@id":"https:\/\/radioljubuski.ba\/index.php\/2021\/12\/06\/nevidena-drama-u-formuli-1-presao-je-granicu-sigurno\/#primaryimage"},"image":{"@id":"https:\/\/radioljubuski.ba\/index.php\/2021\/12\/06\/nevidena-drama-u-formuli-1-presao-je-granicu-sigurno\/#primaryimage"},"thumbnailUrl":"https:\/\/radioljubuski.ba\/wp-content\/uploads\/2021\/12\/2-2021-12-06-09-27-33-f1.jpg","datePublished":"2021-12-06T10:38:02+00:00","dateModified":"2021-12-06T10:38:03+00:00","breadcrumb":{"@id":"https:\/\/radioljubuski.ba\/index.php\/2021\/12\/06\/nevidena-drama-u-formuli-1-presao-je-granicu-sigurno\/#breadcrumb"},"inLanguage":"hr","potentialAction":[{"@type":"ReadAction","target":["https:\/\/radioljubuski.ba\/index.php\/2021\/12\/06\/nevidena-drama-u-formuli-1-presao-je-granicu-sigurno\/"]}]},{"@type":"ImageObject","inLanguage":"hr","@id":"https:\/\/radioljubuski.ba\/index.php\/2021\/12\/06\/nevidena-drama-u-formuli-1-presao-je-granicu-sigurno\/#primaryimage","url":"https:\/\/radioljubuski.ba\/wp-content\/uploads\/2021\/12\/2-2021-12-06-09-27-33-f1.jpg","contentUrl":"https:\/\/radioljubuski.ba\/wp-content\/uploads\/2021\/12\/2-2021-12-06-09-27-33-f1.jpg","width":1000,"height":625},{"@type":"BreadcrumbList","@id":"https:\/\/radioljubuski.ba\/index.php\/2021\/12\/06\/nevidena-drama-u-formuli-1-presao-je-granicu-sigurno\/#breadcrumb","itemListElement":[{"@type":"ListItem","position":1,"name":"Po\u010detna stranica","item":"https:\/\/radioljubuski.ba\/"},{"@type":"ListItem","position":2,"name":"Nevi\u0111ena drama u Formuli 1: Pre\u0161ao je granicu, sigurno"}]},{"@type":"WebSite","@id":"https:\/\/radioljubuski.ba\/#website","url":"https:\/\/radioljubuski.ba\/","name":"Radio Ljubu\u0161ki","description":"Sun\u010dana frekvencija Hercegovine","publisher":{"@id":"https:\/\/radioljubuski.ba\/#organization"},"potentialAction":[{"@type":"SearchAction","target":{"@type":"EntryPoint","urlTemplate":"https:\/\/radioljubuski.ba\/?s={search_term_string}"},"query-input":{"@type":"PropertyValueSpecification","valueRequired":true,"valueName":"search_term_string"}}],"inLanguage":"hr"},{"@type":"Organization","@id":"https:\/\/radioljubuski.ba\/#organization","name":"Radio Ljubu\u0161ki","url":"https:\/\/radioljubuski.ba\/","logo":{"@type":"ImageObject","inLanguage":"hr","@id":"https:\/\/radioljubuski.ba\/#\/schema\/logo\/image\/","url":"https:\/\/radioljubuski.ba\/wp-content\/uploads\/2021\/02\/cropped-Radio_Ljubuski_logo1.jpg","contentUrl":"https:\/\/radioljubuski.ba\/wp-content\/uploads\/2021\/02\/cropped-Radio_Ljubuski_logo1.jpg","width":512,"height":512,"caption":"Radio Ljubu\u0161ki"},"image":{"@id":"https:\/\/radioljubuski.ba\/#\/schema\/logo\/image\/"},"sameAs":["https:\/\/www.facebook.com\/Radiio-Ljubuski-1490835324566332","https:\/\/x.com\/radioljubuski","https:\/\/hr.linkedin.com\/company\/radio-ljubuski","https:\/\/www.youtube.com\/channel\/UCHYaeO_n0Db3tjNGudGpXyw"]},{"@type":"Person","@id":"https:\/\/radioljubuski.ba\/#\/schema\/person\/19fc700381a780f69665d7956c469e3b","name":"Radio Ljubu\u0161ki"}]}},"_links":{"self":[{"href":"https:\/\/radioljubuski.ba\/index.php\/wp-json\/wp\/v2\/posts\/96447","targetHints":{"allow":["GET"]}}],"collection":[{"href":"https:\/\/radioljubuski.ba\/index.php\/wp-json\/wp\/v2\/posts"}],"about":[{"href":"https:\/\/radioljubuski.ba\/index.php\/wp-json\/wp\/v2\/types\/post"}],"author":[{"embeddable":true,"href":"https:\/\/radioljubuski.ba\/index.php\/wp-json\/wp\/v2\/users\/2"}],"replies":[{"embeddable":true,"href":"https:\/\/radioljubuski.ba\/index.php\/wp-json\/wp\/v2\/comments?post=96447"}],"version-history":[{"count":1,"href":"https:\/\/radioljubuski.ba\/index.php\/wp-json\/wp\/v2\/posts\/96447\/revisions"}],"predecessor-version":[{"id":96449,"href":"https:\/\/radioljubuski.ba\/index.php\/wp-json\/wp\/v2\/posts\/96447\/revisions\/96449"}],"wp:featuredmedia":[{"embeddable":true,"href":"https:\/\/radioljubuski.ba\/index.php\/wp-json\/wp\/v2\/media\/96448"}],"wp:attachment":[{"href":"https:\/\/radioljubuski.ba\/index.php\/wp-json\/wp\/v2\/media?parent=96447"}],"wp:term":[{"taxonomy":"category","embeddable":true,"href":"https:\/\/radioljubuski.ba\/index.php\/wp-json\/wp\/v2\/categories?post=96447"},{"taxonomy":"post_tag","embeddable":true,"href":"https:\/\/radioljubuski.ba\/index.php\/wp-json\/wp\/v2\/tags?post=96447"}],"curies":[{"name":"wp","href":"https:\/\/api.w.org\/{rel}","templated":true}]}}