{"id":96463,"date":"2021-12-06T11:42:28","date_gmt":"2021-12-06T10:42:28","guid":{"rendered":"https:\/\/radioljubuski.ba\/?p=96463"},"modified":"2021-12-06T11:42:29","modified_gmt":"2021-12-06T10:42:29","slug":"sveti-nikola-zastitnik-djece-biskup-koji-je-uzor-vjere","status":"publish","type":"post","link":"https:\/\/radioljubuski.ba\/index.php\/2021\/12\/06\/sveti-nikola-zastitnik-djece-biskup-koji-je-uzor-vjere\/","title":{"rendered":"Sveti Nikola \u2013 za\u0161titnik djece, biskup koji je uzor vjere"},"content":{"rendered":"\n<p><strong>Danas Crkva liturgijski \u010dasti svetoga Nikolu, biskupa iz Mire, za\u0161titnika putnika, djece, pomoraca, djevojaka, siromaha i studenata, uzora milosr\u0111a i dare\u017eljivosti.<\/strong><\/p>\n\n\n\n<p>Iako je pravi razlog bo\u017ei\u0107nog slavlja sadr\u017ean u samom nazivu blagdana, ljudi Bo\u017ei\u0107 sve vi\u0161e do\u017eivljavaju kao vrijeme razonode i darivanja. I nije to lo\u0161e, ali samo ako pritom ne zaboravimo bit: malog Isusa, Boga koji nam se da(ru)je nama ljudima. Upravo na njega je svojim \u017eivotom ukazao sv. Nikola biskup koji je, i \u010diji je spomendan svake godine sve vi\u0161e zasjenjen likom Djeda Bo\u017ei\u0107njaka iliti Djeda Mraza.<\/p>\n\n\n\n<p>Sigurno nema osobe koja nije barem jednom \u010dula za svetog Nikolu, tog za\u0161titnika djece koji na po\u010detku svakog prosinca ostavlja darove u \u010dizmicama i \u010darapicama. Tako\u0111er, svi znamo za \u201dSanta Clausa\u201d, \u201dDjeda Bo\u017ei\u0107njaka\u201d odnosno \u201dDjeda Mraza\u201d \u2013 u bo\u017ei\u0107no vrijeme ne mo\u017eemo pro\u0107i gradom a da ne vidimo barem desetina razli\u010ditih njegovih izdanja: \u010dovjeka preru\u0161ena u njegov lik, lutku u izlogu, \u010dokoladnog Djeda\u2026<\/p>\n\n\n\n<h3 class=\"wp-block-heading\"><strong>Ideja spajanja atributa svetog Nikole i atributa poganskih bogova<\/strong><\/h3>\n\n\n\n<p>Me\u0111utim, unato\u010d toj sveprisutnosti u (pred)bo\u017ei\u0107no vrijeme, malo tko zna da je sama ideja o njemu nastala spajanjem atributa svetog Nikole te atributa poganskih bogova koji, prema narodnim vjerovanjima, daruju djecu.&nbsp; U \u2018razvijenijim\u2019 zemljama poput Amerike i Kanade, gdje je i nastao sam lik Djeda Mraza spajaju\u0107i mnoge kulture svijeta u jedan lik. Tako je lik Djeda Mraza upao u sredi\u0161nji plan predbo\u017ei\u0107nog vremena.<\/p>\n\n\n\n<p>Tako je predbo\u017ei\u0107no vrijeme postupno li\u0161eno vjerske komponente i kr\u0161\u0107anskih simbola, s naglaskom na obiteljsku komponentu, sve s ciljem da blagdansko vrijeme rese obi\u010daji prihvatljivi svima. Bo\u017ei\u0107 je postao ugodan obiteljski blagdan u kojem se umjesto ro\u0111enja malog Isusa, Spasitelja svijeta, na Badnju ve\u010der i\u0161\u010dekuje debelju\u0161kasti bradati starac koji donosi darove pod bor.<\/p>\n\n\n\n<p>Onda, pa i danas, darovi sve vi\u0161e obilje\u017eavaju cijelo predbo\u017ei\u0107no i bo\u017ei\u0107no vrijeme, \u0161to nije lo\u0161e, ali ljudi tada \u010desto padaju u takozvanu \u201dpotro\u0161a\u010dku groznicu\u201d u kojoj \u010din darivanja gubi kr\u0161\u0107anski smisao \u2013 u njemu je bitan sam \u010din darivanja \u2013 a dobiva novi, onaj potro\u0161a\u010dki \u2013 u njemu je najva\u017enija cijena, vrijednost i koli\u010dina dara.<\/p>\n\n\n\n<h3 class=\"wp-block-heading\"><strong>Kako je nastao Djed Bo\u017ei\u0107njak?<\/strong><\/h3>\n\n\n\n<p>Na nastajanje te nove tradicije najve\u0107i utjecaj imali su ,dakako, Amerikanci i&nbsp; Nizozemci. Mnogi knji\u017eevnici, ilustratori i umjetnici po\u010deli su prikazivati sv. Nikolu, umjesto kao svetog biskupa koji daruje djecu, kao veselog, starog Nizozemca koji pu\u0161i lulu, vozi kola koja kad donosi \u201dgodi\u0161nje darove djeci\u201d mogu letjeti iznad kro\u0161nji stabala. Nadahnuti tim opisima, nastaju crte\u017ei okruglog Djeda sa dugom sijedom bradom.<\/p>\n\n\n\n<h3 class=\"wp-block-heading\"><strong>Pravi razlozi bo\u017ei\u0107nog slavlja<\/strong><\/h3>\n\n\n\n<p>U nas se jo\u0161 uvijek na dan svetog Nikole djeci donose darovi i pri\u010da im se o svetom biskupu, na\u017ealost prisutan je i Djed Mraz. Kad se djecu pita koji im je od ove dvojice dra\u017ei, sv. Nikola ili Djed bo\u017ei\u0107njak, ve\u0107ina \u0107e ih odgovoriti obojica jer i jedan i drugi \u2018donose\u2019 darove, ali vi, roditelji biste trebali prenijeti vrijednosti koje donose ti blagdani. Djeca sigurno ne\u0107e biti razo\u010darana ako im ispri\u010date istinu o sv. Nikoli i Djedu bo\u017ei\u0107njaku. Osim toga, sveti je Nikola mnogo zanimljiviji jer je bio stvaran i njegova su se djela temeljila na dobroti, a ne na pohlepi i stjecanju.<\/p>\n\n\n\n<p>Smatramo kako nema ni\u0161ta lo\u0161e u tome da djeca u bo\u017ei\u0107no jutro na\u0111u pod borom darove, sve dok je naglasak na samom \u010dinu darivanja i na pravom razlogu bo\u017ei\u0107nog slavlja \u2013 na darivanju malog Isusa nama ljudima.<\/p>\n\n\n\n<h3 class=\"wp-block-heading\"><strong>6. prosinca \u2013 dan \u010duda!<\/strong><\/h3>\n\n\n\n<p>Sv. Nikola nam je uzor vjere. Sjetimo se na njegov blagdan, 6. prosinca, njegova \u017eivota (kako je pomagao drugima iz ljubavi, darivao ih\u2026) i nastojimo mu biti \u0161to sli\u010dniji. Svakoga dana u godini!<\/p>\n\n\n\n<p>Vjerujem u svetog biskupa Nikolu. Ne u Nikolu iz robnih ku\u0107a i prodavaonica, u Djeda bo\u017ei\u0107njaka koji slu\u017ei isklju\u010divo za pove\u0107anje prometa. Pravi Nikola nalazi se u velikoj opasnosti sve dok gledamo na svijet o\u010dima koje su prekrivene materijalnom vagom.<\/p>\n\n\n\n<p>Vjerujem u svetog Nikolu koji ve\u0107 stolje\u0107ima \u0161iri me\u0111u ljudima duha radosti, dobrote i ljubavi. \u0160esti prosinca je dan \u010duda. Maleni klik\u0107u od sre\u0107e, stariji u\u017eivaju u dje\u010djoj radosti. To \u010dudo moglo bi se doga\u0111ati svaki dan, ne samo za djecu.<\/p>\n\n\n\n<p>Stoga molimo svetog biskupa Nikolu da velikim ljudima donese nao\u010dale, posebne nao\u010dale pomo\u0107u kojih bi manje gledali na sebe, a vi\u0161e na druge: kod ku\u0107e, na radnom mjestu, u javnosti, posvuda.<\/p>\n\n\n\n<p>I prije svega, molimo ga da nam podari dobro srce!<\/p>\n\n\n\n<p><em>Izvor: narod.hr<\/em><\/p>\n","protected":false},"excerpt":{"rendered":"<p>Danas Crkva liturgijski \u010dasti svetoga Nikolu, biskupa iz Mire, za\u0161titnika putnika, djece, pomoraca, djevojaka, siromaha i studenata, uzora milosr\u0111a i dare\u017eljivosti. Iako je pravi razlog bo\u017ei\u0107nog slavlja sadr\u017ean u samom nazivu blagdana, ljudi Bo\u017ei\u0107 sve vi\u0161e do\u017eivljavaju kao vrijeme razonode i darivanja. I nije to lo\u0161e, ali samo ako pritom ne zaboravimo bit: malog Isusa, [&hellip;]<\/p>\n","protected":false},"author":2,"featured_media":96464,"comment_status":"closed","ping_status":"closed","sticky":false,"template":"","format":"standard","meta":{"h5ap_radio_sources":[],"footnotes":""},"categories":[1],"tags":[],"class_list":["post-96463","post","type-post","status-publish","format-standard","has-post-thumbnail","hentry","category-bihiregija"],"yoast_head":"<!-- This site is optimized with the Yoast SEO plugin v27.5 - https:\/\/yoast.com\/product\/yoast-seo-wordpress\/ -->\n<title>Sveti Nikola \u2013 za\u0161titnik djece, biskup koji je uzor vjere - RADIO LJUBU\u0160KI<\/title>\n<meta name=\"robots\" content=\"index, follow, max-snippet:-1, max-image-preview:large, max-video-preview:-1\" \/>\n<link rel=\"canonical\" href=\"https:\/\/radioljubuski.ba\/index.php\/2021\/12\/06\/sveti-nikola-zastitnik-djece-biskup-koji-je-uzor-vjere\/\" \/>\n<meta property=\"og:locale\" content=\"hr_HR\" \/>\n<meta property=\"og:type\" content=\"article\" \/>\n<meta property=\"og:title\" content=\"Sveti Nikola \u2013 za\u0161titnik djece, biskup koji je uzor vjere - RADIO LJUBU\u0160KI\" \/>\n<meta property=\"og:description\" content=\"Danas Crkva liturgijski \u010dasti svetoga Nikolu, biskupa iz Mire, za\u0161titnika putnika, djece, pomoraca, djevojaka, siromaha i studenata, uzora milosr\u0111a i dare\u017eljivosti. Iako je pravi razlog bo\u017ei\u0107nog slavlja sadr\u017ean u samom nazivu blagdana, ljudi Bo\u017ei\u0107 sve vi\u0161e do\u017eivljavaju kao vrijeme razonode i darivanja. I nije to lo\u0161e, ali samo ako pritom ne zaboravimo bit: malog Isusa, [&hellip;]\" \/>\n<meta property=\"og:url\" content=\"https:\/\/radioljubuski.ba\/index.php\/2021\/12\/06\/sveti-nikola-zastitnik-djece-biskup-koji-je-uzor-vjere\/\" \/>\n<meta property=\"og:site_name\" content=\"RADIO LJUBU\u0160KI\" \/>\n<meta property=\"article:publisher\" content=\"https:\/\/www.facebook.com\/Radiio-Ljubuski-1490835324566332\" \/>\n<meta property=\"article:published_time\" content=\"2021-12-06T10:42:28+00:00\" \/>\n<meta property=\"article:modified_time\" content=\"2021-12-06T10:42:29+00:00\" \/>\n<meta property=\"og:image\" content=\"https:\/\/radioljubuski.ba\/wp-content\/uploads\/2021\/12\/Wingersheim_StNicolas_51-696x522-1.jpg\" \/>\n\t<meta property=\"og:image:width\" content=\"696\" \/>\n\t<meta property=\"og:image:height\" content=\"522\" \/>\n\t<meta property=\"og:image:type\" content=\"image\/jpeg\" \/>\n<meta name=\"author\" content=\"Radio Ljubu\u0161ki\" \/>\n<meta name=\"twitter:card\" content=\"summary_large_image\" \/>\n<meta name=\"twitter:creator\" content=\"@radioljubuski\" \/>\n<meta name=\"twitter:site\" content=\"@radioljubuski\" \/>\n<meta name=\"twitter:label1\" content=\"Napisao\/la\" \/>\n\t<meta name=\"twitter:data1\" content=\"Radio Ljubu\u0161ki\" \/>\n\t<meta name=\"twitter:label2\" content=\"Procijenjeno vrijeme \u010ditanja\" \/>\n\t<meta name=\"twitter:data2\" content=\"4 minute\" \/>\n<script type=\"application\/ld+json\" class=\"yoast-schema-graph\">{\"@context\":\"https:\\\/\\\/schema.org\",\"@graph\":[{\"@type\":\"Article\",\"@id\":\"https:\\\/\\\/radioljubuski.ba\\\/index.php\\\/2021\\\/12\\\/06\\\/sveti-nikola-zastitnik-djece-biskup-koji-je-uzor-vjere\\\/#article\",\"isPartOf\":{\"@id\":\"https:\\\/\\\/radioljubuski.ba\\\/index.php\\\/2021\\\/12\\\/06\\\/sveti-nikola-zastitnik-djece-biskup-koji-je-uzor-vjere\\\/\"},\"author\":{\"name\":\"Radio Ljubu\u0161ki\",\"@id\":\"https:\\\/\\\/radioljubuski.ba\\\/#\\\/schema\\\/person\\\/19fc700381a780f69665d7956c469e3b\"},\"headline\":\"Sveti Nikola \u2013 za\u0161titnik djece, biskup koji je uzor vjere\",\"datePublished\":\"2021-12-06T10:42:28+00:00\",\"dateModified\":\"2021-12-06T10:42:29+00:00\",\"mainEntityOfPage\":{\"@id\":\"https:\\\/\\\/radioljubuski.ba\\\/index.php\\\/2021\\\/12\\\/06\\\/sveti-nikola-zastitnik-djece-biskup-koji-je-uzor-vjere\\\/\"},\"wordCount\":819,\"publisher\":{\"@id\":\"https:\\\/\\\/radioljubuski.ba\\\/#organization\"},\"image\":{\"@id\":\"https:\\\/\\\/radioljubuski.ba\\\/index.php\\\/2021\\\/12\\\/06\\\/sveti-nikola-zastitnik-djece-biskup-koji-je-uzor-vjere\\\/#primaryimage\"},\"thumbnailUrl\":\"https:\\\/\\\/radioljubuski.ba\\\/wp-content\\\/uploads\\\/2021\\\/12\\\/Wingersheim_StNicolas_51-696x522-1.jpg\",\"articleSection\":[\"BIH i regija\"],\"inLanguage\":\"hr\"},{\"@type\":\"WebPage\",\"@id\":\"https:\\\/\\\/radioljubuski.ba\\\/index.php\\\/2021\\\/12\\\/06\\\/sveti-nikola-zastitnik-djece-biskup-koji-je-uzor-vjere\\\/\",\"url\":\"https:\\\/\\\/radioljubuski.ba\\\/index.php\\\/2021\\\/12\\\/06\\\/sveti-nikola-zastitnik-djece-biskup-koji-je-uzor-vjere\\\/\",\"name\":\"Sveti Nikola \u2013 za\u0161titnik djece, biskup koji je uzor vjere - RADIO LJUBU\u0160KI\",\"isPartOf\":{\"@id\":\"https:\\\/\\\/radioljubuski.ba\\\/#website\"},\"primaryImageOfPage\":{\"@id\":\"https:\\\/\\\/radioljubuski.ba\\\/index.php\\\/2021\\\/12\\\/06\\\/sveti-nikola-zastitnik-djece-biskup-koji-je-uzor-vjere\\\/#primaryimage\"},\"image\":{\"@id\":\"https:\\\/\\\/radioljubuski.ba\\\/index.php\\\/2021\\\/12\\\/06\\\/sveti-nikola-zastitnik-djece-biskup-koji-je-uzor-vjere\\\/#primaryimage\"},\"thumbnailUrl\":\"https:\\\/\\\/radioljubuski.ba\\\/wp-content\\\/uploads\\\/2021\\\/12\\\/Wingersheim_StNicolas_51-696x522-1.jpg\",\"datePublished\":\"2021-12-06T10:42:28+00:00\",\"dateModified\":\"2021-12-06T10:42:29+00:00\",\"breadcrumb\":{\"@id\":\"https:\\\/\\\/radioljubuski.ba\\\/index.php\\\/2021\\\/12\\\/06\\\/sveti-nikola-zastitnik-djece-biskup-koji-je-uzor-vjere\\\/#breadcrumb\"},\"inLanguage\":\"hr\",\"potentialAction\":[{\"@type\":\"ReadAction\",\"target\":[\"https:\\\/\\\/radioljubuski.ba\\\/index.php\\\/2021\\\/12\\\/06\\\/sveti-nikola-zastitnik-djece-biskup-koji-je-uzor-vjere\\\/\"]}]},{\"@type\":\"ImageObject\",\"inLanguage\":\"hr\",\"@id\":\"https:\\\/\\\/radioljubuski.ba\\\/index.php\\\/2021\\\/12\\\/06\\\/sveti-nikola-zastitnik-djece-biskup-koji-je-uzor-vjere\\\/#primaryimage\",\"url\":\"https:\\\/\\\/radioljubuski.ba\\\/wp-content\\\/uploads\\\/2021\\\/12\\\/Wingersheim_StNicolas_51-696x522-1.jpg\",\"contentUrl\":\"https:\\\/\\\/radioljubuski.ba\\\/wp-content\\\/uploads\\\/2021\\\/12\\\/Wingersheim_StNicolas_51-696x522-1.jpg\",\"width\":696,\"height\":522},{\"@type\":\"BreadcrumbList\",\"@id\":\"https:\\\/\\\/radioljubuski.ba\\\/index.php\\\/2021\\\/12\\\/06\\\/sveti-nikola-zastitnik-djece-biskup-koji-je-uzor-vjere\\\/#breadcrumb\",\"itemListElement\":[{\"@type\":\"ListItem\",\"position\":1,\"name\":\"Po\u010detna stranica\",\"item\":\"https:\\\/\\\/radioljubuski.ba\\\/\"},{\"@type\":\"ListItem\",\"position\":2,\"name\":\"Sveti Nikola \u2013 za\u0161titnik djece, biskup koji je uzor vjere\"}]},{\"@type\":\"WebSite\",\"@id\":\"https:\\\/\\\/radioljubuski.ba\\\/#website\",\"url\":\"https:\\\/\\\/radioljubuski.ba\\\/\",\"name\":\"Radio Ljubu\u0161ki\",\"description\":\"Sun\u010dana frekvencija Hercegovine\",\"publisher\":{\"@id\":\"https:\\\/\\\/radioljubuski.ba\\\/#organization\"},\"potentialAction\":[{\"@type\":\"SearchAction\",\"target\":{\"@type\":\"EntryPoint\",\"urlTemplate\":\"https:\\\/\\\/radioljubuski.ba\\\/?s={search_term_string}\"},\"query-input\":{\"@type\":\"PropertyValueSpecification\",\"valueRequired\":true,\"valueName\":\"search_term_string\"}}],\"inLanguage\":\"hr\"},{\"@type\":\"Organization\",\"@id\":\"https:\\\/\\\/radioljubuski.ba\\\/#organization\",\"name\":\"Radio Ljubu\u0161ki\",\"url\":\"https:\\\/\\\/radioljubuski.ba\\\/\",\"logo\":{\"@type\":\"ImageObject\",\"inLanguage\":\"hr\",\"@id\":\"https:\\\/\\\/radioljubuski.ba\\\/#\\\/schema\\\/logo\\\/image\\\/\",\"url\":\"https:\\\/\\\/radioljubuski.ba\\\/wp-content\\\/uploads\\\/2021\\\/02\\\/cropped-Radio_Ljubuski_logo1.jpg\",\"contentUrl\":\"https:\\\/\\\/radioljubuski.ba\\\/wp-content\\\/uploads\\\/2021\\\/02\\\/cropped-Radio_Ljubuski_logo1.jpg\",\"width\":512,\"height\":512,\"caption\":\"Radio Ljubu\u0161ki\"},\"image\":{\"@id\":\"https:\\\/\\\/radioljubuski.ba\\\/#\\\/schema\\\/logo\\\/image\\\/\"},\"sameAs\":[\"https:\\\/\\\/www.facebook.com\\\/Radiio-Ljubuski-1490835324566332\",\"https:\\\/\\\/x.com\\\/radioljubuski\",\"https:\\\/\\\/hr.linkedin.com\\\/company\\\/radio-ljubuski\",\"https:\\\/\\\/www.youtube.com\\\/channel\\\/UCHYaeO_n0Db3tjNGudGpXyw\"]},{\"@type\":\"Person\",\"@id\":\"https:\\\/\\\/radioljubuski.ba\\\/#\\\/schema\\\/person\\\/19fc700381a780f69665d7956c469e3b\",\"name\":\"Radio Ljubu\u0161ki\"}]}<\/script>\n<!-- \/ Yoast SEO plugin. -->","yoast_head_json":{"title":"Sveti Nikola \u2013 za\u0161titnik djece, biskup koji je uzor vjere - RADIO LJUBU\u0160KI","robots":{"index":"index","follow":"follow","max-snippet":"max-snippet:-1","max-image-preview":"max-image-preview:large","max-video-preview":"max-video-preview:-1"},"canonical":"https:\/\/radioljubuski.ba\/index.php\/2021\/12\/06\/sveti-nikola-zastitnik-djece-biskup-koji-je-uzor-vjere\/","og_locale":"hr_HR","og_type":"article","og_title":"Sveti Nikola \u2013 za\u0161titnik djece, biskup koji je uzor vjere - RADIO LJUBU\u0160KI","og_description":"Danas Crkva liturgijski \u010dasti svetoga Nikolu, biskupa iz Mire, za\u0161titnika putnika, djece, pomoraca, djevojaka, siromaha i studenata, uzora milosr\u0111a i dare\u017eljivosti. Iako je pravi razlog bo\u017ei\u0107nog slavlja sadr\u017ean u samom nazivu blagdana, ljudi Bo\u017ei\u0107 sve vi\u0161e do\u017eivljavaju kao vrijeme razonode i darivanja. I nije to lo\u0161e, ali samo ako pritom ne zaboravimo bit: malog Isusa, [&hellip;]","og_url":"https:\/\/radioljubuski.ba\/index.php\/2021\/12\/06\/sveti-nikola-zastitnik-djece-biskup-koji-je-uzor-vjere\/","og_site_name":"RADIO LJUBU\u0160KI","article_publisher":"https:\/\/www.facebook.com\/Radiio-Ljubuski-1490835324566332","article_published_time":"2021-12-06T10:42:28+00:00","article_modified_time":"2021-12-06T10:42:29+00:00","og_image":[{"width":696,"height":522,"url":"https:\/\/radioljubuski.ba\/wp-content\/uploads\/2021\/12\/Wingersheim_StNicolas_51-696x522-1.jpg","type":"image\/jpeg"}],"author":"Radio Ljubu\u0161ki","twitter_card":"summary_large_image","twitter_creator":"@radioljubuski","twitter_site":"@radioljubuski","twitter_misc":{"Napisao\/la":"Radio Ljubu\u0161ki","Procijenjeno vrijeme \u010ditanja":"4 minute"},"schema":{"@context":"https:\/\/schema.org","@graph":[{"@type":"Article","@id":"https:\/\/radioljubuski.ba\/index.php\/2021\/12\/06\/sveti-nikola-zastitnik-djece-biskup-koji-je-uzor-vjere\/#article","isPartOf":{"@id":"https:\/\/radioljubuski.ba\/index.php\/2021\/12\/06\/sveti-nikola-zastitnik-djece-biskup-koji-je-uzor-vjere\/"},"author":{"name":"Radio Ljubu\u0161ki","@id":"https:\/\/radioljubuski.ba\/#\/schema\/person\/19fc700381a780f69665d7956c469e3b"},"headline":"Sveti Nikola \u2013 za\u0161titnik djece, biskup koji je uzor vjere","datePublished":"2021-12-06T10:42:28+00:00","dateModified":"2021-12-06T10:42:29+00:00","mainEntityOfPage":{"@id":"https:\/\/radioljubuski.ba\/index.php\/2021\/12\/06\/sveti-nikola-zastitnik-djece-biskup-koji-je-uzor-vjere\/"},"wordCount":819,"publisher":{"@id":"https:\/\/radioljubuski.ba\/#organization"},"image":{"@id":"https:\/\/radioljubuski.ba\/index.php\/2021\/12\/06\/sveti-nikola-zastitnik-djece-biskup-koji-je-uzor-vjere\/#primaryimage"},"thumbnailUrl":"https:\/\/radioljubuski.ba\/wp-content\/uploads\/2021\/12\/Wingersheim_StNicolas_51-696x522-1.jpg","articleSection":["BIH i regija"],"inLanguage":"hr"},{"@type":"WebPage","@id":"https:\/\/radioljubuski.ba\/index.php\/2021\/12\/06\/sveti-nikola-zastitnik-djece-biskup-koji-je-uzor-vjere\/","url":"https:\/\/radioljubuski.ba\/index.php\/2021\/12\/06\/sveti-nikola-zastitnik-djece-biskup-koji-je-uzor-vjere\/","name":"Sveti Nikola \u2013 za\u0161titnik djece, biskup koji je uzor vjere - RADIO LJUBU\u0160KI","isPartOf":{"@id":"https:\/\/radioljubuski.ba\/#website"},"primaryImageOfPage":{"@id":"https:\/\/radioljubuski.ba\/index.php\/2021\/12\/06\/sveti-nikola-zastitnik-djece-biskup-koji-je-uzor-vjere\/#primaryimage"},"image":{"@id":"https:\/\/radioljubuski.ba\/index.php\/2021\/12\/06\/sveti-nikola-zastitnik-djece-biskup-koji-je-uzor-vjere\/#primaryimage"},"thumbnailUrl":"https:\/\/radioljubuski.ba\/wp-content\/uploads\/2021\/12\/Wingersheim_StNicolas_51-696x522-1.jpg","datePublished":"2021-12-06T10:42:28+00:00","dateModified":"2021-12-06T10:42:29+00:00","breadcrumb":{"@id":"https:\/\/radioljubuski.ba\/index.php\/2021\/12\/06\/sveti-nikola-zastitnik-djece-biskup-koji-je-uzor-vjere\/#breadcrumb"},"inLanguage":"hr","potentialAction":[{"@type":"ReadAction","target":["https:\/\/radioljubuski.ba\/index.php\/2021\/12\/06\/sveti-nikola-zastitnik-djece-biskup-koji-je-uzor-vjere\/"]}]},{"@type":"ImageObject","inLanguage":"hr","@id":"https:\/\/radioljubuski.ba\/index.php\/2021\/12\/06\/sveti-nikola-zastitnik-djece-biskup-koji-je-uzor-vjere\/#primaryimage","url":"https:\/\/radioljubuski.ba\/wp-content\/uploads\/2021\/12\/Wingersheim_StNicolas_51-696x522-1.jpg","contentUrl":"https:\/\/radioljubuski.ba\/wp-content\/uploads\/2021\/12\/Wingersheim_StNicolas_51-696x522-1.jpg","width":696,"height":522},{"@type":"BreadcrumbList","@id":"https:\/\/radioljubuski.ba\/index.php\/2021\/12\/06\/sveti-nikola-zastitnik-djece-biskup-koji-je-uzor-vjere\/#breadcrumb","itemListElement":[{"@type":"ListItem","position":1,"name":"Po\u010detna stranica","item":"https:\/\/radioljubuski.ba\/"},{"@type":"ListItem","position":2,"name":"Sveti Nikola \u2013 za\u0161titnik djece, biskup koji je uzor vjere"}]},{"@type":"WebSite","@id":"https:\/\/radioljubuski.ba\/#website","url":"https:\/\/radioljubuski.ba\/","name":"Radio Ljubu\u0161ki","description":"Sun\u010dana frekvencija Hercegovine","publisher":{"@id":"https:\/\/radioljubuski.ba\/#organization"},"potentialAction":[{"@type":"SearchAction","target":{"@type":"EntryPoint","urlTemplate":"https:\/\/radioljubuski.ba\/?s={search_term_string}"},"query-input":{"@type":"PropertyValueSpecification","valueRequired":true,"valueName":"search_term_string"}}],"inLanguage":"hr"},{"@type":"Organization","@id":"https:\/\/radioljubuski.ba\/#organization","name":"Radio Ljubu\u0161ki","url":"https:\/\/radioljubuski.ba\/","logo":{"@type":"ImageObject","inLanguage":"hr","@id":"https:\/\/radioljubuski.ba\/#\/schema\/logo\/image\/","url":"https:\/\/radioljubuski.ba\/wp-content\/uploads\/2021\/02\/cropped-Radio_Ljubuski_logo1.jpg","contentUrl":"https:\/\/radioljubuski.ba\/wp-content\/uploads\/2021\/02\/cropped-Radio_Ljubuski_logo1.jpg","width":512,"height":512,"caption":"Radio Ljubu\u0161ki"},"image":{"@id":"https:\/\/radioljubuski.ba\/#\/schema\/logo\/image\/"},"sameAs":["https:\/\/www.facebook.com\/Radiio-Ljubuski-1490835324566332","https:\/\/x.com\/radioljubuski","https:\/\/hr.linkedin.com\/company\/radio-ljubuski","https:\/\/www.youtube.com\/channel\/UCHYaeO_n0Db3tjNGudGpXyw"]},{"@type":"Person","@id":"https:\/\/radioljubuski.ba\/#\/schema\/person\/19fc700381a780f69665d7956c469e3b","name":"Radio Ljubu\u0161ki"}]}},"_links":{"self":[{"href":"https:\/\/radioljubuski.ba\/index.php\/wp-json\/wp\/v2\/posts\/96463","targetHints":{"allow":["GET"]}}],"collection":[{"href":"https:\/\/radioljubuski.ba\/index.php\/wp-json\/wp\/v2\/posts"}],"about":[{"href":"https:\/\/radioljubuski.ba\/index.php\/wp-json\/wp\/v2\/types\/post"}],"author":[{"embeddable":true,"href":"https:\/\/radioljubuski.ba\/index.php\/wp-json\/wp\/v2\/users\/2"}],"replies":[{"embeddable":true,"href":"https:\/\/radioljubuski.ba\/index.php\/wp-json\/wp\/v2\/comments?post=96463"}],"version-history":[{"count":1,"href":"https:\/\/radioljubuski.ba\/index.php\/wp-json\/wp\/v2\/posts\/96463\/revisions"}],"predecessor-version":[{"id":96465,"href":"https:\/\/radioljubuski.ba\/index.php\/wp-json\/wp\/v2\/posts\/96463\/revisions\/96465"}],"wp:featuredmedia":[{"embeddable":true,"href":"https:\/\/radioljubuski.ba\/index.php\/wp-json\/wp\/v2\/media\/96464"}],"wp:attachment":[{"href":"https:\/\/radioljubuski.ba\/index.php\/wp-json\/wp\/v2\/media?parent=96463"}],"wp:term":[{"taxonomy":"category","embeddable":true,"href":"https:\/\/radioljubuski.ba\/index.php\/wp-json\/wp\/v2\/categories?post=96463"},{"taxonomy":"post_tag","embeddable":true,"href":"https:\/\/radioljubuski.ba\/index.php\/wp-json\/wp\/v2\/tags?post=96463"}],"curies":[{"name":"wp","href":"https:\/\/api.w.org\/{rel}","templated":true}]}}