{"id":96469,"date":"2021-12-06T11:45:46","date_gmt":"2021-12-06T10:45:46","guid":{"rendered":"https:\/\/radioljubuski.ba\/?p=96469"},"modified":"2021-12-06T11:45:47","modified_gmt":"2021-12-06T10:45:47","slug":"bolesna-sportasica-dobila-spor-lijecnik-njenoj-majci-u-trudnoci-nije-propisao-pravi-lijek","status":"publish","type":"post","link":"https:\/\/radioljubuski.ba\/index.php\/2021\/12\/06\/bolesna-sportasica-dobila-spor-lijecnik-njenoj-majci-u-trudnoci-nije-propisao-pravi-lijek\/","title":{"rendered":"Bolesna sporta\u0161ica dobila spor: Lije\u010dnik njenoj majci u trudno\u0107i nije propisao pravi lijek"},"content":{"rendered":"\n<p>Zvijezda preponskog jahanja koja je tu\u017eila maj\u010dinog lije\u010dnika op\u0107e prakse za \u201cpogre\u0161no za\u010de\u0107e\u201d, dobila je pravo na milijunsku od\u0161tetu u zna\u010dajnoj presudi Visokog suda u Londonu, prenosi <a href=\"https:\/\/www.dailymail.co.uk\/news\/article-10262911\/Para-showjumper-sued-mothers-GP-claiming-never-born-wins-landmark-case.html?ito=social-facebook&amp;fbclid=IwAR1OkRGUfSfEBiOaiAdq0oxwPTyfXrezCNEQ053PEkXfS_JyUPWOF5VdOic\">Daily mail<\/a>.<\/p>\n\n\n\n<p>Evie Toombes, 20, ro\u0111ena je sa spina bifidom. Iako ponekad provede 24 sata dnevno spojena na cijevi, izgradila je karijeru u preponskom jahanju, natje\u010du\u0107i se i protiv invalidnih i sposobnih jaha\u010da.<\/p>\n\n\n\n<p>Pro\u0161log mjeseca, Evie, iz Skegnessa, tu\u017eila je dr. Philipa Mitchella zbog njegovog propusta da savjetuje njezinu majku Caroline Toombes (50) da uzima vitalne suplemente prije nego \u0161to zatrudni. Tvrdila je da bi lije\u010dnik, da je preporu\u010dio njezinoj majci uzimanje suplementa folne kiseline, drasti\u010dno smanjio rizik od spina bifide s kojom je ro\u0111ena. U velikoj presudi u Londonu, sutkinja Rosalind Coe QC uva\u017eila je Evieinu tu\u017ebu za \u201cpogre\u0161no za\u010de\u0107e\u201d te joj dodijelila pravo na veliku od\u0161tetu.<\/p>\n\n\n\n<p>Ova presuda zna\u010di da se zdravstveni djelatnik sada mo\u017ee smatrati odgovornim za nemarne savjete prije za\u010de\u0107a koji rezultiraju te\u0161kim zdravstvenim stanjem djeteta.<\/p>\n\n\n\n<p>Evie, koja je zahvalila svojoj majci i ocu na podr\u0161ci, vodi vlastitu web stranicu pod sloganom: \u201cProna\u0111i na\u010din, a ne izgovor.\u201d<\/p>\n\n\n\n<p>Unato\u010d bolesti, Evie se natje\u010de u preponskom jahanju, na nacionalnoj i me\u0111unarodnoj razini, educira djecu o nevidljivim bolestima te radi na Sveu\u010dili\u0161tu Nottingham.<\/p>\n\n\n\n<p>\u201cRo\u0111ena sam s jednim oblikom spina bifide, koja utje\u010de na \u017eivce u mojim nogama, mjehuru i crijevima, ali strast u \u017eivotu daje mi svrhu i smjer.\u201d<\/p>\n\n\n\n<h3 class=\"wp-block-heading\"><strong>\u201c\u017delite li izbrisati ovu bebu i poku\u0161ati ponovo?\u201d<\/strong><\/h3>\n\n\n\n<p>Cijeli slu\u010daj izazvao je reakcije javnosti. Engleska spisateljica, Meghan Elise Bell, i sama majka djevoj\u010dice s dijagnosticiranom spina bifidom, \u0161to je opisala u svojoj knjizi \u201c\u017deljeno dijete\u201d ispri\u010dala je svoje iskustvo kada su joj doktori ponudili da donese \u201codluku\u201d.<br>\u201cOdluka o \u010demu? Vrtjelo mi se u glavi dok je medicinsko osoblje uvodilo ideju o prekidu trudno\u0107e. Rekli su da se mo\u017eemo predomisliti do ro\u0111enja. Naime, trenutna dobna granica za prekid trudno\u0107e koja pokazuje bilo kakav znak fetalne anomalije je puni termin. Dakle, nema je. Za trudno\u0107e bez ove anomalije, granica je 24 tjedna.\u201d<\/p>\n\n\n\n<p>Bellsovi su 2019. godine postali roditelji predivne k\u0107eri ro\u0111ene u 26. tjednu nakon operacije fetalne spine bifide.<\/p>\n\n\n\n<p>\u201c\u017delite li izbrisati ovu bebu i poku\u0161ati ponovo? Kakva je to poruka u ovom dru\u0161tvu, u kojem nastojimo stvoriti jednake mogu\u0107nosti, bez obzira na sposobnosti? Gdje bi ta jednakost trebala po\u010deti: prije ili nakon ro\u0111enja? Uspje\u0161na skaka\u010dica sa spinom bifidom tu\u017ei lije\u010dnika op\u0107e prakse svoje majke za \u201cpogre\u0161no za\u010de\u0107e\u201d. U biti govori da njezin \u017eivot sa spinom bifidom nikada nije trebao postojati. Kakvo smo dru\u0161tvo postali kada se netko s invaliditetom doista osje\u0107a tako podcijenjenim?\u201d, pita se Meghan.<\/p>\n\n\n\n<h3 class=\"wp-block-heading\"><strong>\u201cSnje\u017ena pahulja\u201d<\/strong><\/h3>\n\n\n\n<p>Spina bifida je vrsta defekta neuralne cijevi (NTD) koja se javlja kada se bebina neuralna cijev ne uspije razviti ili zatvoriti kako treba. Doslovno zna\u010denje za Spina Bifida je \u201crascijepljena kralje\u017enica\u201d. Uobi\u010dajeno nazvana \u201csnje\u017ena pahulja\u201d uro\u0111enih mana jer nema dva ista slu\u010daja, Spina Bifida mo\u017ee varirati od blage do te\u0161ke. Ozbiljnost ovisi o svemu, od veli\u010dine otvora do mjesta na kralje\u017enici. Danas se puno vi\u0161e zna o ovoj bolesti. Postoji sna\u017ena i rastu\u0107a mre\u017ea ljudi sa spinom bifidom, drugim roditeljima i obiteljima, zdravstvenim djelatnicima i klinikama za spinu bifidu. Putem mre\u017ee osiguravaju potporu roditeljima i njihovoj djeci da se nose sa dijagnozom. Spina bifida Association je internacionalna mre\u017ea omogu\u0107uje roditeljima da pomognu svojoj djeci u ostvarenju svojih potencijala, bez obzira na dijagnozu.<\/p>\n\n\n\n<p><em>Izvor: narod.hr\/Daily mail<\/em><\/p>\n","protected":false},"excerpt":{"rendered":"<p>Zvijezda preponskog jahanja koja je tu\u017eila maj\u010dinog lije\u010dnika op\u0107e prakse za \u201cpogre\u0161no za\u010de\u0107e\u201d, dobila je pravo na milijunsku od\u0161tetu u zna\u010dajnoj presudi Visokog suda u Londonu, prenosi Daily mail. Evie Toombes, 20, ro\u0111ena je sa spina bifidom. Iako ponekad provede 24 sata dnevno spojena na cijevi, izgradila je karijeru u preponskom jahanju, natje\u010du\u0107i se i [&hellip;]<\/p>\n","protected":false},"author":2,"featured_media":96471,"comment_status":"closed","ping_status":"closed","sticky":false,"template":"","format":"standard","meta":{"h5ap_radio_sources":[],"footnotes":""},"categories":[1],"tags":[],"class_list":["post-96469","post","type-post","status-publish","format-standard","has-post-thumbnail","hentry","category-bihiregija"],"yoast_head":"<!-- This site is optimized with the Yoast SEO plugin v27.5 - https:\/\/yoast.com\/product\/yoast-seo-wordpress\/ -->\n<title>Bolesna sporta\u0161ica dobila spor: Lije\u010dnik njenoj majci u trudno\u0107i nije propisao pravi lijek - RADIO LJUBU\u0160KI<\/title>\n<meta name=\"robots\" content=\"index, follow, max-snippet:-1, max-image-preview:large, max-video-preview:-1\" \/>\n<link rel=\"canonical\" href=\"https:\/\/radioljubuski.ba\/index.php\/2021\/12\/06\/bolesna-sportasica-dobila-spor-lijecnik-njenoj-majci-u-trudnoci-nije-propisao-pravi-lijek\/\" \/>\n<meta property=\"og:locale\" content=\"hr_HR\" \/>\n<meta property=\"og:type\" content=\"article\" \/>\n<meta property=\"og:title\" content=\"Bolesna sporta\u0161ica dobila spor: Lije\u010dnik njenoj majci u trudno\u0107i nije propisao pravi lijek - RADIO LJUBU\u0160KI\" \/>\n<meta property=\"og:description\" content=\"Zvijezda preponskog jahanja koja je tu\u017eila maj\u010dinog lije\u010dnika op\u0107e prakse za \u201cpogre\u0161no za\u010de\u0107e\u201d, dobila je pravo na milijunsku od\u0161tetu u zna\u010dajnoj presudi Visokog suda u Londonu, prenosi Daily mail. Evie Toombes, 20, ro\u0111ena je sa spina bifidom. Iako ponekad provede 24 sata dnevno spojena na cijevi, izgradila je karijeru u preponskom jahanju, natje\u010du\u0107i se i [&hellip;]\" \/>\n<meta property=\"og:url\" content=\"https:\/\/radioljubuski.ba\/index.php\/2021\/12\/06\/bolesna-sportasica-dobila-spor-lijecnik-njenoj-majci-u-trudnoci-nije-propisao-pravi-lijek\/\" \/>\n<meta property=\"og:site_name\" content=\"RADIO LJUBU\u0160KI\" \/>\n<meta property=\"article:publisher\" content=\"https:\/\/www.facebook.com\/Radiio-Ljubuski-1490835324566332\" \/>\n<meta property=\"article:published_time\" content=\"2021-12-06T10:45:46+00:00\" \/>\n<meta property=\"article:modified_time\" content=\"2021-12-06T10:45:47+00:00\" \/>\n<meta property=\"og:image\" content=\"https:\/\/radioljubuski.ba\/wp-content\/uploads\/2021\/12\/GettyImages-1063148786-696x464-1.jpg\" \/>\n\t<meta property=\"og:image:width\" content=\"696\" \/>\n\t<meta property=\"og:image:height\" content=\"464\" \/>\n\t<meta property=\"og:image:type\" content=\"image\/jpeg\" \/>\n<meta name=\"author\" content=\"Radio Ljubu\u0161ki\" \/>\n<meta name=\"twitter:card\" content=\"summary_large_image\" \/>\n<meta name=\"twitter:creator\" content=\"@radioljubuski\" \/>\n<meta name=\"twitter:site\" content=\"@radioljubuski\" \/>\n<meta name=\"twitter:label1\" content=\"Napisao\/la\" \/>\n\t<meta name=\"twitter:data1\" content=\"Radio Ljubu\u0161ki\" \/>\n\t<meta name=\"twitter:label2\" content=\"Procijenjeno vrijeme \u010ditanja\" \/>\n\t<meta name=\"twitter:data2\" content=\"3 minute\" \/>\n<script type=\"application\/ld+json\" class=\"yoast-schema-graph\">{\"@context\":\"https:\\\/\\\/schema.org\",\"@graph\":[{\"@type\":\"Article\",\"@id\":\"https:\\\/\\\/radioljubuski.ba\\\/index.php\\\/2021\\\/12\\\/06\\\/bolesna-sportasica-dobila-spor-lijecnik-njenoj-majci-u-trudnoci-nije-propisao-pravi-lijek\\\/#article\",\"isPartOf\":{\"@id\":\"https:\\\/\\\/radioljubuski.ba\\\/index.php\\\/2021\\\/12\\\/06\\\/bolesna-sportasica-dobila-spor-lijecnik-njenoj-majci-u-trudnoci-nije-propisao-pravi-lijek\\\/\"},\"author\":{\"name\":\"Radio Ljubu\u0161ki\",\"@id\":\"https:\\\/\\\/radioljubuski.ba\\\/#\\\/schema\\\/person\\\/19fc700381a780f69665d7956c469e3b\"},\"headline\":\"Bolesna sporta\u0161ica dobila spor: Lije\u010dnik njenoj majci u trudno\u0107i nije propisao pravi lijek\",\"datePublished\":\"2021-12-06T10:45:46+00:00\",\"dateModified\":\"2021-12-06T10:45:47+00:00\",\"mainEntityOfPage\":{\"@id\":\"https:\\\/\\\/radioljubuski.ba\\\/index.php\\\/2021\\\/12\\\/06\\\/bolesna-sportasica-dobila-spor-lijecnik-njenoj-majci-u-trudnoci-nije-propisao-pravi-lijek\\\/\"},\"wordCount\":645,\"publisher\":{\"@id\":\"https:\\\/\\\/radioljubuski.ba\\\/#organization\"},\"image\":{\"@id\":\"https:\\\/\\\/radioljubuski.ba\\\/index.php\\\/2021\\\/12\\\/06\\\/bolesna-sportasica-dobila-spor-lijecnik-njenoj-majci-u-trudnoci-nije-propisao-pravi-lijek\\\/#primaryimage\"},\"thumbnailUrl\":\"https:\\\/\\\/radioljubuski.ba\\\/wp-content\\\/uploads\\\/2021\\\/12\\\/GettyImages-1063148786-696x464-1.jpg\",\"articleSection\":[\"BIH i regija\"],\"inLanguage\":\"hr\"},{\"@type\":\"WebPage\",\"@id\":\"https:\\\/\\\/radioljubuski.ba\\\/index.php\\\/2021\\\/12\\\/06\\\/bolesna-sportasica-dobila-spor-lijecnik-njenoj-majci-u-trudnoci-nije-propisao-pravi-lijek\\\/\",\"url\":\"https:\\\/\\\/radioljubuski.ba\\\/index.php\\\/2021\\\/12\\\/06\\\/bolesna-sportasica-dobila-spor-lijecnik-njenoj-majci-u-trudnoci-nije-propisao-pravi-lijek\\\/\",\"name\":\"Bolesna sporta\u0161ica dobila spor: Lije\u010dnik njenoj majci u trudno\u0107i nije propisao pravi lijek - RADIO LJUBU\u0160KI\",\"isPartOf\":{\"@id\":\"https:\\\/\\\/radioljubuski.ba\\\/#website\"},\"primaryImageOfPage\":{\"@id\":\"https:\\\/\\\/radioljubuski.ba\\\/index.php\\\/2021\\\/12\\\/06\\\/bolesna-sportasica-dobila-spor-lijecnik-njenoj-majci-u-trudnoci-nije-propisao-pravi-lijek\\\/#primaryimage\"},\"image\":{\"@id\":\"https:\\\/\\\/radioljubuski.ba\\\/index.php\\\/2021\\\/12\\\/06\\\/bolesna-sportasica-dobila-spor-lijecnik-njenoj-majci-u-trudnoci-nije-propisao-pravi-lijek\\\/#primaryimage\"},\"thumbnailUrl\":\"https:\\\/\\\/radioljubuski.ba\\\/wp-content\\\/uploads\\\/2021\\\/12\\\/GettyImages-1063148786-696x464-1.jpg\",\"datePublished\":\"2021-12-06T10:45:46+00:00\",\"dateModified\":\"2021-12-06T10:45:47+00:00\",\"breadcrumb\":{\"@id\":\"https:\\\/\\\/radioljubuski.ba\\\/index.php\\\/2021\\\/12\\\/06\\\/bolesna-sportasica-dobila-spor-lijecnik-njenoj-majci-u-trudnoci-nije-propisao-pravi-lijek\\\/#breadcrumb\"},\"inLanguage\":\"hr\",\"potentialAction\":[{\"@type\":\"ReadAction\",\"target\":[\"https:\\\/\\\/radioljubuski.ba\\\/index.php\\\/2021\\\/12\\\/06\\\/bolesna-sportasica-dobila-spor-lijecnik-njenoj-majci-u-trudnoci-nije-propisao-pravi-lijek\\\/\"]}]},{\"@type\":\"ImageObject\",\"inLanguage\":\"hr\",\"@id\":\"https:\\\/\\\/radioljubuski.ba\\\/index.php\\\/2021\\\/12\\\/06\\\/bolesna-sportasica-dobila-spor-lijecnik-njenoj-majci-u-trudnoci-nije-propisao-pravi-lijek\\\/#primaryimage\",\"url\":\"https:\\\/\\\/radioljubuski.ba\\\/wp-content\\\/uploads\\\/2021\\\/12\\\/GettyImages-1063148786-696x464-1.jpg\",\"contentUrl\":\"https:\\\/\\\/radioljubuski.ba\\\/wp-content\\\/uploads\\\/2021\\\/12\\\/GettyImages-1063148786-696x464-1.jpg\",\"width\":696,\"height\":464},{\"@type\":\"BreadcrumbList\",\"@id\":\"https:\\\/\\\/radioljubuski.ba\\\/index.php\\\/2021\\\/12\\\/06\\\/bolesna-sportasica-dobila-spor-lijecnik-njenoj-majci-u-trudnoci-nije-propisao-pravi-lijek\\\/#breadcrumb\",\"itemListElement\":[{\"@type\":\"ListItem\",\"position\":1,\"name\":\"Po\u010detna stranica\",\"item\":\"https:\\\/\\\/radioljubuski.ba\\\/\"},{\"@type\":\"ListItem\",\"position\":2,\"name\":\"Bolesna sporta\u0161ica dobila spor: Lije\u010dnik njenoj majci u trudno\u0107i nije propisao pravi lijek\"}]},{\"@type\":\"WebSite\",\"@id\":\"https:\\\/\\\/radioljubuski.ba\\\/#website\",\"url\":\"https:\\\/\\\/radioljubuski.ba\\\/\",\"name\":\"Radio Ljubu\u0161ki\",\"description\":\"Sun\u010dana frekvencija Hercegovine\",\"publisher\":{\"@id\":\"https:\\\/\\\/radioljubuski.ba\\\/#organization\"},\"potentialAction\":[{\"@type\":\"SearchAction\",\"target\":{\"@type\":\"EntryPoint\",\"urlTemplate\":\"https:\\\/\\\/radioljubuski.ba\\\/?s={search_term_string}\"},\"query-input\":{\"@type\":\"PropertyValueSpecification\",\"valueRequired\":true,\"valueName\":\"search_term_string\"}}],\"inLanguage\":\"hr\"},{\"@type\":\"Organization\",\"@id\":\"https:\\\/\\\/radioljubuski.ba\\\/#organization\",\"name\":\"Radio Ljubu\u0161ki\",\"url\":\"https:\\\/\\\/radioljubuski.ba\\\/\",\"logo\":{\"@type\":\"ImageObject\",\"inLanguage\":\"hr\",\"@id\":\"https:\\\/\\\/radioljubuski.ba\\\/#\\\/schema\\\/logo\\\/image\\\/\",\"url\":\"https:\\\/\\\/radioljubuski.ba\\\/wp-content\\\/uploads\\\/2021\\\/02\\\/cropped-Radio_Ljubuski_logo1.jpg\",\"contentUrl\":\"https:\\\/\\\/radioljubuski.ba\\\/wp-content\\\/uploads\\\/2021\\\/02\\\/cropped-Radio_Ljubuski_logo1.jpg\",\"width\":512,\"height\":512,\"caption\":\"Radio Ljubu\u0161ki\"},\"image\":{\"@id\":\"https:\\\/\\\/radioljubuski.ba\\\/#\\\/schema\\\/logo\\\/image\\\/\"},\"sameAs\":[\"https:\\\/\\\/www.facebook.com\\\/Radiio-Ljubuski-1490835324566332\",\"https:\\\/\\\/x.com\\\/radioljubuski\",\"https:\\\/\\\/hr.linkedin.com\\\/company\\\/radio-ljubuski\",\"https:\\\/\\\/www.youtube.com\\\/channel\\\/UCHYaeO_n0Db3tjNGudGpXyw\"]},{\"@type\":\"Person\",\"@id\":\"https:\\\/\\\/radioljubuski.ba\\\/#\\\/schema\\\/person\\\/19fc700381a780f69665d7956c469e3b\",\"name\":\"Radio Ljubu\u0161ki\"}]}<\/script>\n<!-- \/ Yoast SEO plugin. -->","yoast_head_json":{"title":"Bolesna sporta\u0161ica dobila spor: Lije\u010dnik njenoj majci u trudno\u0107i nije propisao pravi lijek - RADIO LJUBU\u0160KI","robots":{"index":"index","follow":"follow","max-snippet":"max-snippet:-1","max-image-preview":"max-image-preview:large","max-video-preview":"max-video-preview:-1"},"canonical":"https:\/\/radioljubuski.ba\/index.php\/2021\/12\/06\/bolesna-sportasica-dobila-spor-lijecnik-njenoj-majci-u-trudnoci-nije-propisao-pravi-lijek\/","og_locale":"hr_HR","og_type":"article","og_title":"Bolesna sporta\u0161ica dobila spor: Lije\u010dnik njenoj majci u trudno\u0107i nije propisao pravi lijek - RADIO LJUBU\u0160KI","og_description":"Zvijezda preponskog jahanja koja je tu\u017eila maj\u010dinog lije\u010dnika op\u0107e prakse za \u201cpogre\u0161no za\u010de\u0107e\u201d, dobila je pravo na milijunsku od\u0161tetu u zna\u010dajnoj presudi Visokog suda u Londonu, prenosi Daily mail. Evie Toombes, 20, ro\u0111ena je sa spina bifidom. Iako ponekad provede 24 sata dnevno spojena na cijevi, izgradila je karijeru u preponskom jahanju, natje\u010du\u0107i se i [&hellip;]","og_url":"https:\/\/radioljubuski.ba\/index.php\/2021\/12\/06\/bolesna-sportasica-dobila-spor-lijecnik-njenoj-majci-u-trudnoci-nije-propisao-pravi-lijek\/","og_site_name":"RADIO LJUBU\u0160KI","article_publisher":"https:\/\/www.facebook.com\/Radiio-Ljubuski-1490835324566332","article_published_time":"2021-12-06T10:45:46+00:00","article_modified_time":"2021-12-06T10:45:47+00:00","og_image":[{"width":696,"height":464,"url":"https:\/\/radioljubuski.ba\/wp-content\/uploads\/2021\/12\/GettyImages-1063148786-696x464-1.jpg","type":"image\/jpeg"}],"author":"Radio Ljubu\u0161ki","twitter_card":"summary_large_image","twitter_creator":"@radioljubuski","twitter_site":"@radioljubuski","twitter_misc":{"Napisao\/la":"Radio Ljubu\u0161ki","Procijenjeno vrijeme \u010ditanja":"3 minute"},"schema":{"@context":"https:\/\/schema.org","@graph":[{"@type":"Article","@id":"https:\/\/radioljubuski.ba\/index.php\/2021\/12\/06\/bolesna-sportasica-dobila-spor-lijecnik-njenoj-majci-u-trudnoci-nije-propisao-pravi-lijek\/#article","isPartOf":{"@id":"https:\/\/radioljubuski.ba\/index.php\/2021\/12\/06\/bolesna-sportasica-dobila-spor-lijecnik-njenoj-majci-u-trudnoci-nije-propisao-pravi-lijek\/"},"author":{"name":"Radio Ljubu\u0161ki","@id":"https:\/\/radioljubuski.ba\/#\/schema\/person\/19fc700381a780f69665d7956c469e3b"},"headline":"Bolesna sporta\u0161ica dobila spor: Lije\u010dnik njenoj majci u trudno\u0107i nije propisao pravi lijek","datePublished":"2021-12-06T10:45:46+00:00","dateModified":"2021-12-06T10:45:47+00:00","mainEntityOfPage":{"@id":"https:\/\/radioljubuski.ba\/index.php\/2021\/12\/06\/bolesna-sportasica-dobila-spor-lijecnik-njenoj-majci-u-trudnoci-nije-propisao-pravi-lijek\/"},"wordCount":645,"publisher":{"@id":"https:\/\/radioljubuski.ba\/#organization"},"image":{"@id":"https:\/\/radioljubuski.ba\/index.php\/2021\/12\/06\/bolesna-sportasica-dobila-spor-lijecnik-njenoj-majci-u-trudnoci-nije-propisao-pravi-lijek\/#primaryimage"},"thumbnailUrl":"https:\/\/radioljubuski.ba\/wp-content\/uploads\/2021\/12\/GettyImages-1063148786-696x464-1.jpg","articleSection":["BIH i regija"],"inLanguage":"hr"},{"@type":"WebPage","@id":"https:\/\/radioljubuski.ba\/index.php\/2021\/12\/06\/bolesna-sportasica-dobila-spor-lijecnik-njenoj-majci-u-trudnoci-nije-propisao-pravi-lijek\/","url":"https:\/\/radioljubuski.ba\/index.php\/2021\/12\/06\/bolesna-sportasica-dobila-spor-lijecnik-njenoj-majci-u-trudnoci-nije-propisao-pravi-lijek\/","name":"Bolesna sporta\u0161ica dobila spor: Lije\u010dnik njenoj majci u trudno\u0107i nije propisao pravi lijek - RADIO LJUBU\u0160KI","isPartOf":{"@id":"https:\/\/radioljubuski.ba\/#website"},"primaryImageOfPage":{"@id":"https:\/\/radioljubuski.ba\/index.php\/2021\/12\/06\/bolesna-sportasica-dobila-spor-lijecnik-njenoj-majci-u-trudnoci-nije-propisao-pravi-lijek\/#primaryimage"},"image":{"@id":"https:\/\/radioljubuski.ba\/index.php\/2021\/12\/06\/bolesna-sportasica-dobila-spor-lijecnik-njenoj-majci-u-trudnoci-nije-propisao-pravi-lijek\/#primaryimage"},"thumbnailUrl":"https:\/\/radioljubuski.ba\/wp-content\/uploads\/2021\/12\/GettyImages-1063148786-696x464-1.jpg","datePublished":"2021-12-06T10:45:46+00:00","dateModified":"2021-12-06T10:45:47+00:00","breadcrumb":{"@id":"https:\/\/radioljubuski.ba\/index.php\/2021\/12\/06\/bolesna-sportasica-dobila-spor-lijecnik-njenoj-majci-u-trudnoci-nije-propisao-pravi-lijek\/#breadcrumb"},"inLanguage":"hr","potentialAction":[{"@type":"ReadAction","target":["https:\/\/radioljubuski.ba\/index.php\/2021\/12\/06\/bolesna-sportasica-dobila-spor-lijecnik-njenoj-majci-u-trudnoci-nije-propisao-pravi-lijek\/"]}]},{"@type":"ImageObject","inLanguage":"hr","@id":"https:\/\/radioljubuski.ba\/index.php\/2021\/12\/06\/bolesna-sportasica-dobila-spor-lijecnik-njenoj-majci-u-trudnoci-nije-propisao-pravi-lijek\/#primaryimage","url":"https:\/\/radioljubuski.ba\/wp-content\/uploads\/2021\/12\/GettyImages-1063148786-696x464-1.jpg","contentUrl":"https:\/\/radioljubuski.ba\/wp-content\/uploads\/2021\/12\/GettyImages-1063148786-696x464-1.jpg","width":696,"height":464},{"@type":"BreadcrumbList","@id":"https:\/\/radioljubuski.ba\/index.php\/2021\/12\/06\/bolesna-sportasica-dobila-spor-lijecnik-njenoj-majci-u-trudnoci-nije-propisao-pravi-lijek\/#breadcrumb","itemListElement":[{"@type":"ListItem","position":1,"name":"Po\u010detna stranica","item":"https:\/\/radioljubuski.ba\/"},{"@type":"ListItem","position":2,"name":"Bolesna sporta\u0161ica dobila spor: Lije\u010dnik njenoj majci u trudno\u0107i nije propisao pravi lijek"}]},{"@type":"WebSite","@id":"https:\/\/radioljubuski.ba\/#website","url":"https:\/\/radioljubuski.ba\/","name":"Radio Ljubu\u0161ki","description":"Sun\u010dana frekvencija Hercegovine","publisher":{"@id":"https:\/\/radioljubuski.ba\/#organization"},"potentialAction":[{"@type":"SearchAction","target":{"@type":"EntryPoint","urlTemplate":"https:\/\/radioljubuski.ba\/?s={search_term_string}"},"query-input":{"@type":"PropertyValueSpecification","valueRequired":true,"valueName":"search_term_string"}}],"inLanguage":"hr"},{"@type":"Organization","@id":"https:\/\/radioljubuski.ba\/#organization","name":"Radio Ljubu\u0161ki","url":"https:\/\/radioljubuski.ba\/","logo":{"@type":"ImageObject","inLanguage":"hr","@id":"https:\/\/radioljubuski.ba\/#\/schema\/logo\/image\/","url":"https:\/\/radioljubuski.ba\/wp-content\/uploads\/2021\/02\/cropped-Radio_Ljubuski_logo1.jpg","contentUrl":"https:\/\/radioljubuski.ba\/wp-content\/uploads\/2021\/02\/cropped-Radio_Ljubuski_logo1.jpg","width":512,"height":512,"caption":"Radio Ljubu\u0161ki"},"image":{"@id":"https:\/\/radioljubuski.ba\/#\/schema\/logo\/image\/"},"sameAs":["https:\/\/www.facebook.com\/Radiio-Ljubuski-1490835324566332","https:\/\/x.com\/radioljubuski","https:\/\/hr.linkedin.com\/company\/radio-ljubuski","https:\/\/www.youtube.com\/channel\/UCHYaeO_n0Db3tjNGudGpXyw"]},{"@type":"Person","@id":"https:\/\/radioljubuski.ba\/#\/schema\/person\/19fc700381a780f69665d7956c469e3b","name":"Radio Ljubu\u0161ki"}]}},"_links":{"self":[{"href":"https:\/\/radioljubuski.ba\/index.php\/wp-json\/wp\/v2\/posts\/96469","targetHints":{"allow":["GET"]}}],"collection":[{"href":"https:\/\/radioljubuski.ba\/index.php\/wp-json\/wp\/v2\/posts"}],"about":[{"href":"https:\/\/radioljubuski.ba\/index.php\/wp-json\/wp\/v2\/types\/post"}],"author":[{"embeddable":true,"href":"https:\/\/radioljubuski.ba\/index.php\/wp-json\/wp\/v2\/users\/2"}],"replies":[{"embeddable":true,"href":"https:\/\/radioljubuski.ba\/index.php\/wp-json\/wp\/v2\/comments?post=96469"}],"version-history":[{"count":1,"href":"https:\/\/radioljubuski.ba\/index.php\/wp-json\/wp\/v2\/posts\/96469\/revisions"}],"predecessor-version":[{"id":96472,"href":"https:\/\/radioljubuski.ba\/index.php\/wp-json\/wp\/v2\/posts\/96469\/revisions\/96472"}],"wp:featuredmedia":[{"embeddable":true,"href":"https:\/\/radioljubuski.ba\/index.php\/wp-json\/wp\/v2\/media\/96471"}],"wp:attachment":[{"href":"https:\/\/radioljubuski.ba\/index.php\/wp-json\/wp\/v2\/media?parent=96469"}],"wp:term":[{"taxonomy":"category","embeddable":true,"href":"https:\/\/radioljubuski.ba\/index.php\/wp-json\/wp\/v2\/categories?post=96469"},{"taxonomy":"post_tag","embeddable":true,"href":"https:\/\/radioljubuski.ba\/index.php\/wp-json\/wp\/v2\/tags?post=96469"}],"curies":[{"name":"wp","href":"https:\/\/api.w.org\/{rel}","templated":true}]}}