{"id":96475,"date":"2021-12-06T11:46:52","date_gmt":"2021-12-06T10:46:52","guid":{"rendered":"https:\/\/radioljubuski.ba\/?p=96475"},"modified":"2021-12-06T12:09:12","modified_gmt":"2021-12-06T11:09:12","slug":"radionica-o-medijskoj-nepismenosti-u-sirokom-brijegu","status":"publish","type":"post","link":"https:\/\/radioljubuski.ba\/index.php\/2021\/12\/06\/radionica-o-medijskoj-nepismenosti-u-sirokom-brijegu\/","title":{"rendered":"Radionica o medijskoj nepismenosti u \u0160irokom Brijegu"},"content":{"rendered":"\n<h5 class=\"wp-block-heading\">Fondacija Infohouse, portal Interview.ba u suradnji sa EU, te u okviru regionalnog programa organizira radionicu Medijska nepismenost \u2013 fake and fact u medijima u Gradskoj knji\u017enici u \u0160irokom Brijegu.<\/h5>\n\n\n\n<p>Nekada smo to zvali&nbsp;<strong>\u201cnovinarska patka\u201d<\/strong>&nbsp;prepoznaju\u0107i la\u017enu vijest.<\/p>\n\n\n\n<p>One oduvijek postoje, a u eri interneta vi\u0161e ih vidimo i<strong>&nbsp;njihova eksplozija postaje nezaustavljiva<\/strong>. Zovemo ih svi na svijetu \u201cfake news\u201d i time ozna\u010davamo svaku vijest koja nije istinita. Bilo da je rije\u010d o dezinformaciji, izmi\u0161ljenom, sadr\u017eaju pod la\u017enim imenom, satiri\u2026<\/p>\n\n\n\n<p>Nije svejedno \u0161to \u010ditate\/gledate\/slu\u0161ate. Va\u017eno je kako se snalazite u medijskoj pra\u0161umi. Va\u017eno je da prepoznate istinite od la\u017enih vijesti.<\/p>\n\n\n\n<p>Nau\u010dite razliku izme\u0111u&nbsp;<strong>fakt and fake.<\/strong>&nbsp;Jer medijska pismenost je klju\u010dna kompetencija stolje\u0107a u kojem \u017eivimo.&nbsp;Zato pozivamo gra\u0111ane\/ke, mlade, u\u010denike\/ce vi\u0161ih razreda osnovih \u0161kola, gimnazijalce, studentice i studente, umirovljenice i umirovljenike, sve koji \u017eele da zajedni\u010dki u\u010dimo i analiziramo prave i \u201cone druge\u201d vijesti,&nbsp;<strong>treniramo kako prepoznati lo\u0161 sadr\u017eaj.<\/strong><\/p>\n\n\n\n<p>Vidimo se u<strong>&nbsp;ponedjeljak, 13. prosinca<\/strong>&nbsp;u \u0160irokom Brijegu u 17 sati u Gradskoj knji\u017enici, navode organizatori.<\/p>\n\n\n\n<p>Radionica se odr\u017eava u okviru<strong>&nbsp;Regionalnog programa \u201cSNA\u017dNI \u2013 Mediji bez mr\u017enje i dezinformacija\u201d<\/strong>, uz podr\u0161ku Europske unije, a implementiraju je partnerske organizacije SENPM, Albanski medijski institut, Mediacentar Sarajevo, Kosovo 2.0, Institut za medije Crne Gore, Makedonski institut za medije, Novosadska novinarska \u0161kola, Mirovni institut Bianet.<\/p>\n\n\n\n<p><strong>Izvor: Jabuka.tv<\/strong><\/p>\n","protected":false},"excerpt":{"rendered":"<p>Fondacija Infohouse, portal Interview.ba u suradnji sa EU, te u okviru regionalnog programa organizira radionicu Medijska nepismenost \u2013 fake and fact u medijima u Gradskoj knji\u017enici u \u0160irokom Brijegu. Nekada smo to zvali&nbsp;\u201cnovinarska patka\u201d&nbsp;prepoznaju\u0107i la\u017enu vijest. One oduvijek postoje, a u eri interneta vi\u0161e ih vidimo i&nbsp;njihova eksplozija postaje nezaustavljiva. Zovemo ih svi na svijetu [&hellip;]<\/p>\n","protected":false},"author":2,"featured_media":96509,"comment_status":"closed","ping_status":"closed","sticky":false,"template":"","format":"standard","meta":{"h5ap_radio_sources":[],"footnotes":""},"categories":[1],"tags":[],"class_list":["post-96475","post","type-post","status-publish","format-standard","has-post-thumbnail","hentry","category-bihiregija"],"yoast_head":"<!-- This site is optimized with the Yoast SEO plugin v27.5 - https:\/\/yoast.com\/product\/yoast-seo-wordpress\/ -->\n<title>Radionica o medijskoj nepismenosti u \u0160irokom Brijegu - RADIO LJUBU\u0160KI<\/title>\n<meta name=\"robots\" content=\"index, follow, max-snippet:-1, max-image-preview:large, max-video-preview:-1\" \/>\n<link rel=\"canonical\" href=\"https:\/\/radioljubuski.ba\/index.php\/2021\/12\/06\/radionica-o-medijskoj-nepismenosti-u-sirokom-brijegu\/\" \/>\n<meta property=\"og:locale\" content=\"hr_HR\" \/>\n<meta property=\"og:type\" content=\"article\" \/>\n<meta property=\"og:title\" content=\"Radionica o medijskoj nepismenosti u \u0160irokom Brijegu - RADIO LJUBU\u0160KI\" \/>\n<meta property=\"og:description\" content=\"Fondacija Infohouse, portal Interview.ba u suradnji sa EU, te u okviru regionalnog programa organizira radionicu Medijska nepismenost \u2013 fake and fact u medijima u Gradskoj knji\u017enici u \u0160irokom Brijegu. Nekada smo to zvali&nbsp;\u201cnovinarska patka\u201d&nbsp;prepoznaju\u0107i la\u017enu vijest. One oduvijek postoje, a u eri interneta vi\u0161e ih vidimo i&nbsp;njihova eksplozija postaje nezaustavljiva. Zovemo ih svi na svijetu [&hellip;]\" \/>\n<meta property=\"og:url\" content=\"https:\/\/radioljubuski.ba\/index.php\/2021\/12\/06\/radionica-o-medijskoj-nepismenosti-u-sirokom-brijegu\/\" \/>\n<meta property=\"og:site_name\" content=\"RADIO LJUBU\u0160KI\" \/>\n<meta property=\"article:publisher\" content=\"https:\/\/www.facebook.com\/Radiio-Ljubuski-1490835324566332\" \/>\n<meta property=\"article:published_time\" content=\"2021-12-06T10:46:52+00:00\" \/>\n<meta property=\"article:modified_time\" content=\"2021-12-06T11:09:12+00:00\" \/>\n<meta property=\"og:image\" content=\"https:\/\/radioljubuski.ba\/wp-content\/uploads\/2021\/12\/osce-medijska-pismenost-7.jpg\" \/>\n\t<meta property=\"og:image:width\" content=\"810\" \/>\n\t<meta property=\"og:image:height\" content=\"540\" \/>\n\t<meta property=\"og:image:type\" content=\"image\/jpeg\" \/>\n<meta name=\"author\" content=\"Radio Ljubu\u0161ki\" \/>\n<meta name=\"twitter:card\" content=\"summary_large_image\" \/>\n<meta name=\"twitter:creator\" content=\"@radioljubuski\" \/>\n<meta name=\"twitter:site\" content=\"@radioljubuski\" \/>\n<meta name=\"twitter:label1\" content=\"Napisao\/la\" \/>\n\t<meta name=\"twitter:data1\" content=\"Radio Ljubu\u0161ki\" \/>\n\t<meta name=\"twitter:label2\" content=\"Procijenjeno vrijeme \u010ditanja\" \/>\n\t<meta name=\"twitter:data2\" content=\"1 minuta\" \/>\n<script type=\"application\/ld+json\" class=\"yoast-schema-graph\">{\"@context\":\"https:\\\/\\\/schema.org\",\"@graph\":[{\"@type\":\"Article\",\"@id\":\"https:\\\/\\\/radioljubuski.ba\\\/index.php\\\/2021\\\/12\\\/06\\\/radionica-o-medijskoj-nepismenosti-u-sirokom-brijegu\\\/#article\",\"isPartOf\":{\"@id\":\"https:\\\/\\\/radioljubuski.ba\\\/index.php\\\/2021\\\/12\\\/06\\\/radionica-o-medijskoj-nepismenosti-u-sirokom-brijegu\\\/\"},\"author\":{\"name\":\"Radio Ljubu\u0161ki\",\"@id\":\"https:\\\/\\\/radioljubuski.ba\\\/#\\\/schema\\\/person\\\/19fc700381a780f69665d7956c469e3b\"},\"headline\":\"Radionica o medijskoj nepismenosti u \u0160irokom Brijegu\",\"datePublished\":\"2021-12-06T10:46:52+00:00\",\"dateModified\":\"2021-12-06T11:09:12+00:00\",\"mainEntityOfPage\":{\"@id\":\"https:\\\/\\\/radioljubuski.ba\\\/index.php\\\/2021\\\/12\\\/06\\\/radionica-o-medijskoj-nepismenosti-u-sirokom-brijegu\\\/\"},\"wordCount\":261,\"publisher\":{\"@id\":\"https:\\\/\\\/radioljubuski.ba\\\/#organization\"},\"image\":{\"@id\":\"https:\\\/\\\/radioljubuski.ba\\\/index.php\\\/2021\\\/12\\\/06\\\/radionica-o-medijskoj-nepismenosti-u-sirokom-brijegu\\\/#primaryimage\"},\"thumbnailUrl\":\"https:\\\/\\\/radioljubuski.ba\\\/wp-content\\\/uploads\\\/2021\\\/12\\\/osce-medijska-pismenost-7.jpg\",\"articleSection\":[\"BIH i regija\"],\"inLanguage\":\"hr\"},{\"@type\":\"WebPage\",\"@id\":\"https:\\\/\\\/radioljubuski.ba\\\/index.php\\\/2021\\\/12\\\/06\\\/radionica-o-medijskoj-nepismenosti-u-sirokom-brijegu\\\/\",\"url\":\"https:\\\/\\\/radioljubuski.ba\\\/index.php\\\/2021\\\/12\\\/06\\\/radionica-o-medijskoj-nepismenosti-u-sirokom-brijegu\\\/\",\"name\":\"Radionica o medijskoj nepismenosti u \u0160irokom Brijegu - RADIO LJUBU\u0160KI\",\"isPartOf\":{\"@id\":\"https:\\\/\\\/radioljubuski.ba\\\/#website\"},\"primaryImageOfPage\":{\"@id\":\"https:\\\/\\\/radioljubuski.ba\\\/index.php\\\/2021\\\/12\\\/06\\\/radionica-o-medijskoj-nepismenosti-u-sirokom-brijegu\\\/#primaryimage\"},\"image\":{\"@id\":\"https:\\\/\\\/radioljubuski.ba\\\/index.php\\\/2021\\\/12\\\/06\\\/radionica-o-medijskoj-nepismenosti-u-sirokom-brijegu\\\/#primaryimage\"},\"thumbnailUrl\":\"https:\\\/\\\/radioljubuski.ba\\\/wp-content\\\/uploads\\\/2021\\\/12\\\/osce-medijska-pismenost-7.jpg\",\"datePublished\":\"2021-12-06T10:46:52+00:00\",\"dateModified\":\"2021-12-06T11:09:12+00:00\",\"breadcrumb\":{\"@id\":\"https:\\\/\\\/radioljubuski.ba\\\/index.php\\\/2021\\\/12\\\/06\\\/radionica-o-medijskoj-nepismenosti-u-sirokom-brijegu\\\/#breadcrumb\"},\"inLanguage\":\"hr\",\"potentialAction\":[{\"@type\":\"ReadAction\",\"target\":[\"https:\\\/\\\/radioljubuski.ba\\\/index.php\\\/2021\\\/12\\\/06\\\/radionica-o-medijskoj-nepismenosti-u-sirokom-brijegu\\\/\"]}]},{\"@type\":\"ImageObject\",\"inLanguage\":\"hr\",\"@id\":\"https:\\\/\\\/radioljubuski.ba\\\/index.php\\\/2021\\\/12\\\/06\\\/radionica-o-medijskoj-nepismenosti-u-sirokom-brijegu\\\/#primaryimage\",\"url\":\"https:\\\/\\\/radioljubuski.ba\\\/wp-content\\\/uploads\\\/2021\\\/12\\\/osce-medijska-pismenost-7.jpg\",\"contentUrl\":\"https:\\\/\\\/radioljubuski.ba\\\/wp-content\\\/uploads\\\/2021\\\/12\\\/osce-medijska-pismenost-7.jpg\",\"width\":810,\"height\":540},{\"@type\":\"BreadcrumbList\",\"@id\":\"https:\\\/\\\/radioljubuski.ba\\\/index.php\\\/2021\\\/12\\\/06\\\/radionica-o-medijskoj-nepismenosti-u-sirokom-brijegu\\\/#breadcrumb\",\"itemListElement\":[{\"@type\":\"ListItem\",\"position\":1,\"name\":\"Po\u010detna stranica\",\"item\":\"https:\\\/\\\/radioljubuski.ba\\\/\"},{\"@type\":\"ListItem\",\"position\":2,\"name\":\"Radionica o medijskoj nepismenosti u \u0160irokom Brijegu\"}]},{\"@type\":\"WebSite\",\"@id\":\"https:\\\/\\\/radioljubuski.ba\\\/#website\",\"url\":\"https:\\\/\\\/radioljubuski.ba\\\/\",\"name\":\"Radio Ljubu\u0161ki\",\"description\":\"Sun\u010dana frekvencija Hercegovine\",\"publisher\":{\"@id\":\"https:\\\/\\\/radioljubuski.ba\\\/#organization\"},\"potentialAction\":[{\"@type\":\"SearchAction\",\"target\":{\"@type\":\"EntryPoint\",\"urlTemplate\":\"https:\\\/\\\/radioljubuski.ba\\\/?s={search_term_string}\"},\"query-input\":{\"@type\":\"PropertyValueSpecification\",\"valueRequired\":true,\"valueName\":\"search_term_string\"}}],\"inLanguage\":\"hr\"},{\"@type\":\"Organization\",\"@id\":\"https:\\\/\\\/radioljubuski.ba\\\/#organization\",\"name\":\"Radio Ljubu\u0161ki\",\"url\":\"https:\\\/\\\/radioljubuski.ba\\\/\",\"logo\":{\"@type\":\"ImageObject\",\"inLanguage\":\"hr\",\"@id\":\"https:\\\/\\\/radioljubuski.ba\\\/#\\\/schema\\\/logo\\\/image\\\/\",\"url\":\"https:\\\/\\\/radioljubuski.ba\\\/wp-content\\\/uploads\\\/2021\\\/02\\\/cropped-Radio_Ljubuski_logo1.jpg\",\"contentUrl\":\"https:\\\/\\\/radioljubuski.ba\\\/wp-content\\\/uploads\\\/2021\\\/02\\\/cropped-Radio_Ljubuski_logo1.jpg\",\"width\":512,\"height\":512,\"caption\":\"Radio Ljubu\u0161ki\"},\"image\":{\"@id\":\"https:\\\/\\\/radioljubuski.ba\\\/#\\\/schema\\\/logo\\\/image\\\/\"},\"sameAs\":[\"https:\\\/\\\/www.facebook.com\\\/Radiio-Ljubuski-1490835324566332\",\"https:\\\/\\\/x.com\\\/radioljubuski\",\"https:\\\/\\\/hr.linkedin.com\\\/company\\\/radio-ljubuski\",\"https:\\\/\\\/www.youtube.com\\\/channel\\\/UCHYaeO_n0Db3tjNGudGpXyw\"]},{\"@type\":\"Person\",\"@id\":\"https:\\\/\\\/radioljubuski.ba\\\/#\\\/schema\\\/person\\\/19fc700381a780f69665d7956c469e3b\",\"name\":\"Radio Ljubu\u0161ki\"}]}<\/script>\n<!-- \/ Yoast SEO plugin. -->","yoast_head_json":{"title":"Radionica o medijskoj nepismenosti u \u0160irokom Brijegu - RADIO LJUBU\u0160KI","robots":{"index":"index","follow":"follow","max-snippet":"max-snippet:-1","max-image-preview":"max-image-preview:large","max-video-preview":"max-video-preview:-1"},"canonical":"https:\/\/radioljubuski.ba\/index.php\/2021\/12\/06\/radionica-o-medijskoj-nepismenosti-u-sirokom-brijegu\/","og_locale":"hr_HR","og_type":"article","og_title":"Radionica o medijskoj nepismenosti u \u0160irokom Brijegu - RADIO LJUBU\u0160KI","og_description":"Fondacija Infohouse, portal Interview.ba u suradnji sa EU, te u okviru regionalnog programa organizira radionicu Medijska nepismenost \u2013 fake and fact u medijima u Gradskoj knji\u017enici u \u0160irokom Brijegu. Nekada smo to zvali&nbsp;\u201cnovinarska patka\u201d&nbsp;prepoznaju\u0107i la\u017enu vijest. One oduvijek postoje, a u eri interneta vi\u0161e ih vidimo i&nbsp;njihova eksplozija postaje nezaustavljiva. Zovemo ih svi na svijetu [&hellip;]","og_url":"https:\/\/radioljubuski.ba\/index.php\/2021\/12\/06\/radionica-o-medijskoj-nepismenosti-u-sirokom-brijegu\/","og_site_name":"RADIO LJUBU\u0160KI","article_publisher":"https:\/\/www.facebook.com\/Radiio-Ljubuski-1490835324566332","article_published_time":"2021-12-06T10:46:52+00:00","article_modified_time":"2021-12-06T11:09:12+00:00","og_image":[{"width":810,"height":540,"url":"https:\/\/radioljubuski.ba\/wp-content\/uploads\/2021\/12\/osce-medijska-pismenost-7.jpg","type":"image\/jpeg"}],"author":"Radio Ljubu\u0161ki","twitter_card":"summary_large_image","twitter_creator":"@radioljubuski","twitter_site":"@radioljubuski","twitter_misc":{"Napisao\/la":"Radio Ljubu\u0161ki","Procijenjeno vrijeme \u010ditanja":"1 minuta"},"schema":{"@context":"https:\/\/schema.org","@graph":[{"@type":"Article","@id":"https:\/\/radioljubuski.ba\/index.php\/2021\/12\/06\/radionica-o-medijskoj-nepismenosti-u-sirokom-brijegu\/#article","isPartOf":{"@id":"https:\/\/radioljubuski.ba\/index.php\/2021\/12\/06\/radionica-o-medijskoj-nepismenosti-u-sirokom-brijegu\/"},"author":{"name":"Radio Ljubu\u0161ki","@id":"https:\/\/radioljubuski.ba\/#\/schema\/person\/19fc700381a780f69665d7956c469e3b"},"headline":"Radionica o medijskoj nepismenosti u \u0160irokom Brijegu","datePublished":"2021-12-06T10:46:52+00:00","dateModified":"2021-12-06T11:09:12+00:00","mainEntityOfPage":{"@id":"https:\/\/radioljubuski.ba\/index.php\/2021\/12\/06\/radionica-o-medijskoj-nepismenosti-u-sirokom-brijegu\/"},"wordCount":261,"publisher":{"@id":"https:\/\/radioljubuski.ba\/#organization"},"image":{"@id":"https:\/\/radioljubuski.ba\/index.php\/2021\/12\/06\/radionica-o-medijskoj-nepismenosti-u-sirokom-brijegu\/#primaryimage"},"thumbnailUrl":"https:\/\/radioljubuski.ba\/wp-content\/uploads\/2021\/12\/osce-medijska-pismenost-7.jpg","articleSection":["BIH i regija"],"inLanguage":"hr"},{"@type":"WebPage","@id":"https:\/\/radioljubuski.ba\/index.php\/2021\/12\/06\/radionica-o-medijskoj-nepismenosti-u-sirokom-brijegu\/","url":"https:\/\/radioljubuski.ba\/index.php\/2021\/12\/06\/radionica-o-medijskoj-nepismenosti-u-sirokom-brijegu\/","name":"Radionica o medijskoj nepismenosti u \u0160irokom Brijegu - RADIO LJUBU\u0160KI","isPartOf":{"@id":"https:\/\/radioljubuski.ba\/#website"},"primaryImageOfPage":{"@id":"https:\/\/radioljubuski.ba\/index.php\/2021\/12\/06\/radionica-o-medijskoj-nepismenosti-u-sirokom-brijegu\/#primaryimage"},"image":{"@id":"https:\/\/radioljubuski.ba\/index.php\/2021\/12\/06\/radionica-o-medijskoj-nepismenosti-u-sirokom-brijegu\/#primaryimage"},"thumbnailUrl":"https:\/\/radioljubuski.ba\/wp-content\/uploads\/2021\/12\/osce-medijska-pismenost-7.jpg","datePublished":"2021-12-06T10:46:52+00:00","dateModified":"2021-12-06T11:09:12+00:00","breadcrumb":{"@id":"https:\/\/radioljubuski.ba\/index.php\/2021\/12\/06\/radionica-o-medijskoj-nepismenosti-u-sirokom-brijegu\/#breadcrumb"},"inLanguage":"hr","potentialAction":[{"@type":"ReadAction","target":["https:\/\/radioljubuski.ba\/index.php\/2021\/12\/06\/radionica-o-medijskoj-nepismenosti-u-sirokom-brijegu\/"]}]},{"@type":"ImageObject","inLanguage":"hr","@id":"https:\/\/radioljubuski.ba\/index.php\/2021\/12\/06\/radionica-o-medijskoj-nepismenosti-u-sirokom-brijegu\/#primaryimage","url":"https:\/\/radioljubuski.ba\/wp-content\/uploads\/2021\/12\/osce-medijska-pismenost-7.jpg","contentUrl":"https:\/\/radioljubuski.ba\/wp-content\/uploads\/2021\/12\/osce-medijska-pismenost-7.jpg","width":810,"height":540},{"@type":"BreadcrumbList","@id":"https:\/\/radioljubuski.ba\/index.php\/2021\/12\/06\/radionica-o-medijskoj-nepismenosti-u-sirokom-brijegu\/#breadcrumb","itemListElement":[{"@type":"ListItem","position":1,"name":"Po\u010detna stranica","item":"https:\/\/radioljubuski.ba\/"},{"@type":"ListItem","position":2,"name":"Radionica o medijskoj nepismenosti u \u0160irokom Brijegu"}]},{"@type":"WebSite","@id":"https:\/\/radioljubuski.ba\/#website","url":"https:\/\/radioljubuski.ba\/","name":"Radio Ljubu\u0161ki","description":"Sun\u010dana frekvencija Hercegovine","publisher":{"@id":"https:\/\/radioljubuski.ba\/#organization"},"potentialAction":[{"@type":"SearchAction","target":{"@type":"EntryPoint","urlTemplate":"https:\/\/radioljubuski.ba\/?s={search_term_string}"},"query-input":{"@type":"PropertyValueSpecification","valueRequired":true,"valueName":"search_term_string"}}],"inLanguage":"hr"},{"@type":"Organization","@id":"https:\/\/radioljubuski.ba\/#organization","name":"Radio Ljubu\u0161ki","url":"https:\/\/radioljubuski.ba\/","logo":{"@type":"ImageObject","inLanguage":"hr","@id":"https:\/\/radioljubuski.ba\/#\/schema\/logo\/image\/","url":"https:\/\/radioljubuski.ba\/wp-content\/uploads\/2021\/02\/cropped-Radio_Ljubuski_logo1.jpg","contentUrl":"https:\/\/radioljubuski.ba\/wp-content\/uploads\/2021\/02\/cropped-Radio_Ljubuski_logo1.jpg","width":512,"height":512,"caption":"Radio Ljubu\u0161ki"},"image":{"@id":"https:\/\/radioljubuski.ba\/#\/schema\/logo\/image\/"},"sameAs":["https:\/\/www.facebook.com\/Radiio-Ljubuski-1490835324566332","https:\/\/x.com\/radioljubuski","https:\/\/hr.linkedin.com\/company\/radio-ljubuski","https:\/\/www.youtube.com\/channel\/UCHYaeO_n0Db3tjNGudGpXyw"]},{"@type":"Person","@id":"https:\/\/radioljubuski.ba\/#\/schema\/person\/19fc700381a780f69665d7956c469e3b","name":"Radio Ljubu\u0161ki"}]}},"_links":{"self":[{"href":"https:\/\/radioljubuski.ba\/index.php\/wp-json\/wp\/v2\/posts\/96475","targetHints":{"allow":["GET"]}}],"collection":[{"href":"https:\/\/radioljubuski.ba\/index.php\/wp-json\/wp\/v2\/posts"}],"about":[{"href":"https:\/\/radioljubuski.ba\/index.php\/wp-json\/wp\/v2\/types\/post"}],"author":[{"embeddable":true,"href":"https:\/\/radioljubuski.ba\/index.php\/wp-json\/wp\/v2\/users\/2"}],"replies":[{"embeddable":true,"href":"https:\/\/radioljubuski.ba\/index.php\/wp-json\/wp\/v2\/comments?post=96475"}],"version-history":[{"count":2,"href":"https:\/\/radioljubuski.ba\/index.php\/wp-json\/wp\/v2\/posts\/96475\/revisions"}],"predecessor-version":[{"id":96508,"href":"https:\/\/radioljubuski.ba\/index.php\/wp-json\/wp\/v2\/posts\/96475\/revisions\/96508"}],"wp:featuredmedia":[{"embeddable":true,"href":"https:\/\/radioljubuski.ba\/index.php\/wp-json\/wp\/v2\/media\/96509"}],"wp:attachment":[{"href":"https:\/\/radioljubuski.ba\/index.php\/wp-json\/wp\/v2\/media?parent=96475"}],"wp:term":[{"taxonomy":"category","embeddable":true,"href":"https:\/\/radioljubuski.ba\/index.php\/wp-json\/wp\/v2\/categories?post=96475"},{"taxonomy":"post_tag","embeddable":true,"href":"https:\/\/radioljubuski.ba\/index.php\/wp-json\/wp\/v2\/tags?post=96475"}],"curies":[{"name":"wp","href":"https:\/\/api.w.org\/{rel}","templated":true}]}}