{"id":96486,"date":"2021-12-06T11:51:56","date_gmt":"2021-12-06T10:51:56","guid":{"rendered":"https:\/\/radioljubuski.ba\/?p=96486"},"modified":"2021-12-06T11:51:57","modified_gmt":"2021-12-06T10:51:57","slug":"ukinuta-uredba-o-najvisoj-cijeni-goriva-vlada-prihvatila-neke-od-oporbenih-amandmana","status":"publish","type":"post","link":"https:\/\/radioljubuski.ba\/index.php\/2021\/12\/06\/ukinuta-uredba-o-najvisoj-cijeni-goriva-vlada-prihvatila-neke-od-oporbenih-amandmana\/","title":{"rendered":"Ukinuta uredba o najvi\u0161oj cijeni goriva; Vlada prihvatila neke od oporbenih amandmana"},"content":{"rendered":"\n<p>Vlada je odr\u017eala sjednicu na kojoj je prihvatila 9 amandmana na prora\u010dun za 2022. godinu. Donesena je i odluka o ukidanju odluke o najvi\u0161oj maloprodajnoj cijeni naftnih derivata, a premijer Andrej Plenkovi\u0107 osvrnuo se i na situaciju s koronavirusom u Hrvatskoj.<\/p>\n\n\n\n<p><strong>Plenkovi\u0107 o pet stabilizatora<\/strong>\u2013 Vezano uz koronavirus, susreli smo se s direktorom za Europu Svjetske zdravstvene organizacije, Klugeom. Oni sada imaju politiku pet stabilizatora. Prvo je cijepljenje, drugo je primjena booster doze. Tre\u0107e je no\u0161enje maski, \u010detvrto je prozra\u010divanje prostorija uz naravno one ostale protuepidemijske mjere, a to su distance i higijene. Peto je i novi medicinski tretmani, izgledno je da \u0107e postojati i lijekovi protiv COVID-a, istaknuo je na po\u010detku premijer&nbsp;<strong>Andrej Plenkovi\u0107, prenosi<a href=\"https:\/\/vijesti.hrt.hr\/hrvatska\/sjednica-vlade-6-12-2021-3811993\"> HRT.<\/a><\/strong><\/p>\n\n\n\n<p>Dodaje da se primje\u0107uje broj novozara\u017eenih, ali da se i dalje radi o vrlo visokim brojevima. Ponovno je pozvao na cijepljenje.<\/p>\n\n\n\n<p>\u2013 Zimska su vremena, bitno je da budemo \u0161to za\u0161ti\u0107eniji. Imamo i novi soj omikron, moramo biti vrlo oprezni, ministar \u0107e izvijestiti imamo ga ili ne u Hrvatskoj.<\/p>\n\n\n\n<p>Osvrnuo se i na dana\u0161nji dan, 6. prosinca.<\/p>\n\n\n\n<p>\u2013 Danas je i blagdan Sv. Nikole, obilje\u017eava se 30 godina od velikog napada na Dubrovnik. Tada je poginulo 19 civila i branitelja, a ranjeno je njih 60.<\/p>\n\n\n\n<p>Hrvatski sabor u ponedjeljak i utorak \u0107e se izja\u0161njavati o 475 amandmana podnijetih na prijedlog dr\u017eavnog prora\u010duna Republike Hrvatske za 2022. godinu i projekcijama za 2023. i 2024. godinu, a sam prora\u010dun zastupnici bi trebali donijeti u srijedu.<\/p>\n\n\n\n<p><strong>Amandmani na prora\u010dun<\/strong><\/p>\n\n\n\n<p>Dr\u017eavni tajnik Ministarstva financija&nbsp;<strong>Zdravko Zrinu\u0161i\u0107<\/strong>&nbsp;rekao je kako se od ukupno 475 amandmana, njih 450 smatra va\u017ee\u0107ima, dok je 25 amandmana neva\u017ee\u0107ih jer nisu u skladu sa \u010dlankom 38. Zakona o prora\u010dunu (za amandmane kojima se predla\u017ee pove\u0107anje rashoda ili izdataka treba istodobno predlo\u017eiti odgovaraju\u0107e smanjenje rashoda ili izdataka).<\/p>\n\n\n\n<p>Zrinu\u0161i\u0107 je najavio da \u0107e Vladini predstavnici tijekom saborskog izja\u0161njavanja o amandmanima prihvatiti ukupno devet amandmana, me\u0111u kojima i onaj zastupnika romske nacionalne manjine&nbsp;<strong>Veljka Kajtazija<\/strong>, koji se odnosi na osiguranje 400 tisu\u0107a kuna u idu\u0107oj godini za Nacionalni plan uklju\u010divanja Roma za razdoblje 2021.-2027.<\/p>\n\n\n\n<p>U izmijenjenom obliku najavljeno je i prihva\u0107anje amandama Kluba zastupnika zeleno-lijevog bloka, kojim bi se iznos za stambeno zbrinjavanje \u017ertava nasilja u obitelji pove\u0107ao za gotovo 4,4 milijuna kuna u 2022. godini.<\/p>\n\n\n\n<p>U idu\u0107oj \u0107e se godini, temeljem prihva\u0107anja amandmana zastupnika&nbsp;<strong>\u017deljka Lenarta<\/strong>&nbsp;(HSS) u izmijenjenom obliku, pove\u0107ati i sredstva za program Hrvatske knji\u017enice za slijepe u iznosu od 100 tisu\u0107a kuna.<\/p>\n\n\n\n<p>Vladini \u0107e predstavnici u izmijenjenom obliku prihvatiti i amandman Kluba zastupnika IDS-a, temeljem kojega \u0107e se pove\u0107ati sredstva na aktivnosti Programi Hrvatskog restauratorskog zavoda, i to za iznos od milijun kuna u idu\u0107oj godini, a za sanaciju Eufrazijeve bazilike u Pore\u010du.<\/p>\n\n\n\n<p>U izmijenjenom \u0107e se obliku prihvatiti i amandman zastupnice&nbsp;<strong>Vesne Vu\u010demilovi\u0107&nbsp;<\/strong>(Hrvatski suverenisti) i tako u 2022. godini za 600 tisu\u0107a kuna pove\u0107ati sredstva za me\u0111unarodnu promociju hrvatske poljoprivrede i drvoprera\u0111iva\u010dke industrije.<\/p>\n\n\n\n<p>Vlada je odlu\u010dila prihvatiti i amandman Kluba zastupnika HNS-a, HSU-a i nezavisnih zastupnika, i to u iznosu od milijun kuna u idu\u0107oj godini za aktivnosti sanacija osje\u010dke Tvr\u0111e.<\/p>\n\n\n\n<p>Temeljem amandmana zastupnice&nbsp;<strong>Bo\u0161ke Ban Vlahek<\/strong>&nbsp;(SDP), i to u izmijenjenom obliku, u 2022. \u0107e se za \u0161est milijuna kuna pove\u0107ati prora\u010dunska sredstva na aktivnosti Centar za odgoj i obrazovanje \u010cakovec.<\/p>\n\n\n\n<p>Zadnja dva amandmana koje \u0107e predstavnici Vlade prihvatiti tijekom saborskog izja\u0161njavanja odnose se na pove\u0107anje sredstava u idu\u0107oj godini za bolni\u010dki sustav.<\/p>\n\n\n\n<p>Tako je najavljeno prihva\u0107anje amandmana Kluba zastupnika HDZ-a u iznosu od milijun kuna za po\u010detak provedbe projekta izgradnje modularne zgrade u Klinici za infektivne bolesti \u201cDr. Fran Mihaljevi\u0107\u201d, a prihva\u0107anjem u izmijenjenom obliku amandmana zastupnika&nbsp;<strong>Mira Totgergelija<\/strong>&nbsp;(HDZ) osigurat \u0107e se 17,7 milijuna kuna za Op\u0107u bolnicu Bjelovar.<\/p>\n\n\n\n<p>Ina\u010de, prijedlogom dr\u017eavnog prora\u010duna u idu\u0107oj se godini predvi\u0111aju prihodi od 164,5 milijardi i rashodi od 173,8 milijardi kuna te deficit prora\u010duna op\u0107e dr\u017eave od 12 milijardi ili 2,6 posto BDP-a. Vlada je prora\u010dun temeljila na projekciji gospodarskog rasta od 4,4 posto u 2022. godini, zatim od 3,7 posto u 2023. te 3,1 posto u 2024. godini.<\/p>\n\n\n\n<p><strong>\u0106ori\u0107 o ukidanju odredbe o najvi\u0161oj cijeni goriva<\/strong>Ministar gospodarstva i odr\u017eivog razvoja&nbsp;<strong>Tomislav \u0106ori\u0107<\/strong>&nbsp;izvijestio je o odluci o ukidanju najvi\u0161ih maloprodajnih cijena naftnih derivata.<\/p>\n\n\n\n<p>\u2013 Do\u0161lo je do pada cijena na svjetskim tr\u017ei\u0161tima, potrebno je donijeti uredbu o prestanku va\u017eenja uredbe o odre\u0111ivanju cijene, kako bi trgovci slobodno mogli formirati cijene. Dono\u0161enjem uredbe smo stabilizirali uvjete na doma\u0107em tr\u017ei\u0161tu, ali i o\u010dekivanje krajnjih kupaca i ukupne javnosti. Dopustit \u0107emo da se maloprodajne cijene formiraju slobodno, nadamo se da do ovakvih situacija vi\u0161e ne\u0107e dolaziti.<\/p>\n\n\n\n<p>\u2013 Neke su zemlje slijedile na\u0161 primjer, a s obzirom na na\u010dela slobode tr\u017ei\u0161ta, ovaj alat stavljamo van snage, dodaje Plenkovi\u0107.<\/p>\n\n\n\n<p><strong>Plenkovi\u0107: Omogu\u0107iti oporavak hrvatskog gospodarstva<\/strong><\/p>\n\n\n\n<p>Premijer je vezano uz prihva\u0107anje amandmana oporbe rekao da su amandman zeleno-lijevog bloka prihvatili zato \u0161to su predlo\u017eili pove\u0107anje, ali da su modificiranom obliku predlo\u017eili i izdvajanje ve\u0107ih sredstava.<\/p>\n\n\n\n<p>\u2013 Poruka da \u017eelimo sprije\u010diti nasilje nad \u017eenama, prije svega nasilje u obitelji, ne\u0161to je \u0161to su vrijednosti za koje se zala\u017eemo tijekom cijelog mandata. S obzirom i na ovo grozno ubojstvo koje se dogodilo prije nekoliko dana u Splitu, kroz ovaj na\u010din za izdvajanje vi\u0161e sredstava za stambeno zbrinjavanje \u017ertava nasilja \u017eelimo poslati jo\u0161 jednu sna\u017enu poruku.<\/p>\n\n\n\n<p>Poru\u010dio je i sljede\u0107e.<\/p>\n\n\n\n<p>\u2013 Smisao ovog prora\u010duna je nastaviti ja\u010dati otpornost hrvatskog gospodarstva, omogu\u0107iti oporavak hrvatskog gospodarstva i, naravno, s faze o\u010duvanja radnih mjesta do\u0107i u novi iskorak, a to je kreiranje radnih mjesta, gdje smo, premostiv\u0161i ovu krizu omogu\u0107ili da se vrlo brzo s rastom BDP-a, koji \u0107e ove godine biti najmanje devet posto, okrenemo prema konkurentnosti i ja\u010danje hrvatske ekonomije i svih sektora, zaklju\u010dio je premijer dodaju\u0107i da \u0107e redovita sjednica Vlade biti u petak jer su u srijedu i \u010detvrtak u posjetu Ukrajini.<\/p>\n\n\n\n<p><em>Izvor: narod.hr\/HRT<\/em><\/p>\n","protected":false},"excerpt":{"rendered":"<p>Vlada je odr\u017eala sjednicu na kojoj je prihvatila 9 amandmana na prora\u010dun za 2022. godinu. Donesena je i odluka o ukidanju odluke o najvi\u0161oj maloprodajnoj cijeni naftnih derivata, a premijer Andrej Plenkovi\u0107 osvrnuo se i na situaciju s koronavirusom u Hrvatskoj. Plenkovi\u0107 o pet stabilizatora\u2013 Vezano uz koronavirus, susreli smo se s direktorom za Europu [&hellip;]<\/p>\n","protected":false},"author":2,"featured_media":96487,"comment_status":"closed","ping_status":"closed","sticky":false,"template":"","format":"standard","meta":{"h5ap_radio_sources":[],"footnotes":""},"categories":[1],"tags":[],"class_list":["post-96486","post","type-post","status-publish","format-standard","has-post-thumbnail","hentry","category-bihiregija"],"yoast_head":"<!-- This site is optimized with the Yoast SEO plugin v27.5 - https:\/\/yoast.com\/product\/yoast-seo-wordpress\/ -->\n<title>Ukinuta uredba o najvi\u0161oj cijeni goriva; Vlada prihvatila neke od oporbenih amandmana - RADIO LJUBU\u0160KI<\/title>\n<meta name=\"robots\" content=\"index, follow, max-snippet:-1, max-image-preview:large, max-video-preview:-1\" \/>\n<link rel=\"canonical\" href=\"https:\/\/radioljubuski.ba\/index.php\/2021\/12\/06\/ukinuta-uredba-o-najvisoj-cijeni-goriva-vlada-prihvatila-neke-od-oporbenih-amandmana\/\" \/>\n<meta property=\"og:locale\" content=\"hr_HR\" \/>\n<meta property=\"og:type\" content=\"article\" \/>\n<meta property=\"og:title\" content=\"Ukinuta uredba o najvi\u0161oj cijeni goriva; Vlada prihvatila neke od oporbenih amandmana - RADIO LJUBU\u0160KI\" \/>\n<meta property=\"og:description\" content=\"Vlada je odr\u017eala sjednicu na kojoj je prihvatila 9 amandmana na prora\u010dun za 2022. godinu. Donesena je i odluka o ukidanju odluke o najvi\u0161oj maloprodajnoj cijeni naftnih derivata, a premijer Andrej Plenkovi\u0107 osvrnuo se i na situaciju s koronavirusom u Hrvatskoj. Plenkovi\u0107 o pet stabilizatora\u2013 Vezano uz koronavirus, susreli smo se s direktorom za Europu [&hellip;]\" \/>\n<meta property=\"og:url\" content=\"https:\/\/radioljubuski.ba\/index.php\/2021\/12\/06\/ukinuta-uredba-o-najvisoj-cijeni-goriva-vlada-prihvatila-neke-od-oporbenih-amandmana\/\" \/>\n<meta property=\"og:site_name\" content=\"RADIO LJUBU\u0160KI\" \/>\n<meta property=\"article:publisher\" content=\"https:\/\/www.facebook.com\/Radiio-Ljubuski-1490835324566332\" \/>\n<meta property=\"article:published_time\" content=\"2021-12-06T10:51:56+00:00\" \/>\n<meta property=\"article:modified_time\" content=\"2021-12-06T10:51:57+00:00\" \/>\n<meta property=\"og:image\" content=\"https:\/\/radioljubuski.ba\/wp-content\/uploads\/2021\/12\/HN20211206299865-696x464-1.jpg\" \/>\n\t<meta property=\"og:image:width\" content=\"696\" \/>\n\t<meta property=\"og:image:height\" content=\"464\" \/>\n\t<meta property=\"og:image:type\" content=\"image\/jpeg\" \/>\n<meta name=\"author\" content=\"Radio Ljubu\u0161ki\" \/>\n<meta name=\"twitter:card\" content=\"summary_large_image\" \/>\n<meta name=\"twitter:creator\" content=\"@radioljubuski\" \/>\n<meta name=\"twitter:site\" content=\"@radioljubuski\" \/>\n<meta name=\"twitter:label1\" content=\"Napisao\/la\" \/>\n\t<meta name=\"twitter:data1\" content=\"Radio Ljubu\u0161ki\" \/>\n\t<meta name=\"twitter:label2\" content=\"Procijenjeno vrijeme \u010ditanja\" \/>\n\t<meta name=\"twitter:data2\" content=\"5 minuta\" \/>\n<script type=\"application\/ld+json\" class=\"yoast-schema-graph\">{\"@context\":\"https:\\\/\\\/schema.org\",\"@graph\":[{\"@type\":\"Article\",\"@id\":\"https:\\\/\\\/radioljubuski.ba\\\/index.php\\\/2021\\\/12\\\/06\\\/ukinuta-uredba-o-najvisoj-cijeni-goriva-vlada-prihvatila-neke-od-oporbenih-amandmana\\\/#article\",\"isPartOf\":{\"@id\":\"https:\\\/\\\/radioljubuski.ba\\\/index.php\\\/2021\\\/12\\\/06\\\/ukinuta-uredba-o-najvisoj-cijeni-goriva-vlada-prihvatila-neke-od-oporbenih-amandmana\\\/\"},\"author\":{\"name\":\"Radio Ljubu\u0161ki\",\"@id\":\"https:\\\/\\\/radioljubuski.ba\\\/#\\\/schema\\\/person\\\/19fc700381a780f69665d7956c469e3b\"},\"headline\":\"Ukinuta uredba o najvi\u0161oj cijeni goriva; Vlada prihvatila neke od oporbenih amandmana\",\"datePublished\":\"2021-12-06T10:51:56+00:00\",\"dateModified\":\"2021-12-06T10:51:57+00:00\",\"mainEntityOfPage\":{\"@id\":\"https:\\\/\\\/radioljubuski.ba\\\/index.php\\\/2021\\\/12\\\/06\\\/ukinuta-uredba-o-najvisoj-cijeni-goriva-vlada-prihvatila-neke-od-oporbenih-amandmana\\\/\"},\"wordCount\":1054,\"publisher\":{\"@id\":\"https:\\\/\\\/radioljubuski.ba\\\/#organization\"},\"image\":{\"@id\":\"https:\\\/\\\/radioljubuski.ba\\\/index.php\\\/2021\\\/12\\\/06\\\/ukinuta-uredba-o-najvisoj-cijeni-goriva-vlada-prihvatila-neke-od-oporbenih-amandmana\\\/#primaryimage\"},\"thumbnailUrl\":\"https:\\\/\\\/radioljubuski.ba\\\/wp-content\\\/uploads\\\/2021\\\/12\\\/HN20211206299865-696x464-1.jpg\",\"articleSection\":[\"BIH i regija\"],\"inLanguage\":\"hr\"},{\"@type\":\"WebPage\",\"@id\":\"https:\\\/\\\/radioljubuski.ba\\\/index.php\\\/2021\\\/12\\\/06\\\/ukinuta-uredba-o-najvisoj-cijeni-goriva-vlada-prihvatila-neke-od-oporbenih-amandmana\\\/\",\"url\":\"https:\\\/\\\/radioljubuski.ba\\\/index.php\\\/2021\\\/12\\\/06\\\/ukinuta-uredba-o-najvisoj-cijeni-goriva-vlada-prihvatila-neke-od-oporbenih-amandmana\\\/\",\"name\":\"Ukinuta uredba o najvi\u0161oj cijeni goriva; Vlada prihvatila neke od oporbenih amandmana - RADIO LJUBU\u0160KI\",\"isPartOf\":{\"@id\":\"https:\\\/\\\/radioljubuski.ba\\\/#website\"},\"primaryImageOfPage\":{\"@id\":\"https:\\\/\\\/radioljubuski.ba\\\/index.php\\\/2021\\\/12\\\/06\\\/ukinuta-uredba-o-najvisoj-cijeni-goriva-vlada-prihvatila-neke-od-oporbenih-amandmana\\\/#primaryimage\"},\"image\":{\"@id\":\"https:\\\/\\\/radioljubuski.ba\\\/index.php\\\/2021\\\/12\\\/06\\\/ukinuta-uredba-o-najvisoj-cijeni-goriva-vlada-prihvatila-neke-od-oporbenih-amandmana\\\/#primaryimage\"},\"thumbnailUrl\":\"https:\\\/\\\/radioljubuski.ba\\\/wp-content\\\/uploads\\\/2021\\\/12\\\/HN20211206299865-696x464-1.jpg\",\"datePublished\":\"2021-12-06T10:51:56+00:00\",\"dateModified\":\"2021-12-06T10:51:57+00:00\",\"breadcrumb\":{\"@id\":\"https:\\\/\\\/radioljubuski.ba\\\/index.php\\\/2021\\\/12\\\/06\\\/ukinuta-uredba-o-najvisoj-cijeni-goriva-vlada-prihvatila-neke-od-oporbenih-amandmana\\\/#breadcrumb\"},\"inLanguage\":\"hr\",\"potentialAction\":[{\"@type\":\"ReadAction\",\"target\":[\"https:\\\/\\\/radioljubuski.ba\\\/index.php\\\/2021\\\/12\\\/06\\\/ukinuta-uredba-o-najvisoj-cijeni-goriva-vlada-prihvatila-neke-od-oporbenih-amandmana\\\/\"]}]},{\"@type\":\"ImageObject\",\"inLanguage\":\"hr\",\"@id\":\"https:\\\/\\\/radioljubuski.ba\\\/index.php\\\/2021\\\/12\\\/06\\\/ukinuta-uredba-o-najvisoj-cijeni-goriva-vlada-prihvatila-neke-od-oporbenih-amandmana\\\/#primaryimage\",\"url\":\"https:\\\/\\\/radioljubuski.ba\\\/wp-content\\\/uploads\\\/2021\\\/12\\\/HN20211206299865-696x464-1.jpg\",\"contentUrl\":\"https:\\\/\\\/radioljubuski.ba\\\/wp-content\\\/uploads\\\/2021\\\/12\\\/HN20211206299865-696x464-1.jpg\",\"width\":696,\"height\":464},{\"@type\":\"BreadcrumbList\",\"@id\":\"https:\\\/\\\/radioljubuski.ba\\\/index.php\\\/2021\\\/12\\\/06\\\/ukinuta-uredba-o-najvisoj-cijeni-goriva-vlada-prihvatila-neke-od-oporbenih-amandmana\\\/#breadcrumb\",\"itemListElement\":[{\"@type\":\"ListItem\",\"position\":1,\"name\":\"Po\u010detna stranica\",\"item\":\"https:\\\/\\\/radioljubuski.ba\\\/\"},{\"@type\":\"ListItem\",\"position\":2,\"name\":\"Ukinuta uredba o najvi\u0161oj cijeni goriva; Vlada prihvatila neke od oporbenih amandmana\"}]},{\"@type\":\"WebSite\",\"@id\":\"https:\\\/\\\/radioljubuski.ba\\\/#website\",\"url\":\"https:\\\/\\\/radioljubuski.ba\\\/\",\"name\":\"Radio Ljubu\u0161ki\",\"description\":\"Sun\u010dana frekvencija Hercegovine\",\"publisher\":{\"@id\":\"https:\\\/\\\/radioljubuski.ba\\\/#organization\"},\"potentialAction\":[{\"@type\":\"SearchAction\",\"target\":{\"@type\":\"EntryPoint\",\"urlTemplate\":\"https:\\\/\\\/radioljubuski.ba\\\/?s={search_term_string}\"},\"query-input\":{\"@type\":\"PropertyValueSpecification\",\"valueRequired\":true,\"valueName\":\"search_term_string\"}}],\"inLanguage\":\"hr\"},{\"@type\":\"Organization\",\"@id\":\"https:\\\/\\\/radioljubuski.ba\\\/#organization\",\"name\":\"Radio Ljubu\u0161ki\",\"url\":\"https:\\\/\\\/radioljubuski.ba\\\/\",\"logo\":{\"@type\":\"ImageObject\",\"inLanguage\":\"hr\",\"@id\":\"https:\\\/\\\/radioljubuski.ba\\\/#\\\/schema\\\/logo\\\/image\\\/\",\"url\":\"https:\\\/\\\/radioljubuski.ba\\\/wp-content\\\/uploads\\\/2021\\\/02\\\/cropped-Radio_Ljubuski_logo1.jpg\",\"contentUrl\":\"https:\\\/\\\/radioljubuski.ba\\\/wp-content\\\/uploads\\\/2021\\\/02\\\/cropped-Radio_Ljubuski_logo1.jpg\",\"width\":512,\"height\":512,\"caption\":\"Radio Ljubu\u0161ki\"},\"image\":{\"@id\":\"https:\\\/\\\/radioljubuski.ba\\\/#\\\/schema\\\/logo\\\/image\\\/\"},\"sameAs\":[\"https:\\\/\\\/www.facebook.com\\\/Radiio-Ljubuski-1490835324566332\",\"https:\\\/\\\/x.com\\\/radioljubuski\",\"https:\\\/\\\/hr.linkedin.com\\\/company\\\/radio-ljubuski\",\"https:\\\/\\\/www.youtube.com\\\/channel\\\/UCHYaeO_n0Db3tjNGudGpXyw\"]},{\"@type\":\"Person\",\"@id\":\"https:\\\/\\\/radioljubuski.ba\\\/#\\\/schema\\\/person\\\/19fc700381a780f69665d7956c469e3b\",\"name\":\"Radio Ljubu\u0161ki\"}]}<\/script>\n<!-- \/ Yoast SEO plugin. -->","yoast_head_json":{"title":"Ukinuta uredba o najvi\u0161oj cijeni goriva; Vlada prihvatila neke od oporbenih amandmana - RADIO LJUBU\u0160KI","robots":{"index":"index","follow":"follow","max-snippet":"max-snippet:-1","max-image-preview":"max-image-preview:large","max-video-preview":"max-video-preview:-1"},"canonical":"https:\/\/radioljubuski.ba\/index.php\/2021\/12\/06\/ukinuta-uredba-o-najvisoj-cijeni-goriva-vlada-prihvatila-neke-od-oporbenih-amandmana\/","og_locale":"hr_HR","og_type":"article","og_title":"Ukinuta uredba o najvi\u0161oj cijeni goriva; Vlada prihvatila neke od oporbenih amandmana - RADIO LJUBU\u0160KI","og_description":"Vlada je odr\u017eala sjednicu na kojoj je prihvatila 9 amandmana na prora\u010dun za 2022. godinu. Donesena je i odluka o ukidanju odluke o najvi\u0161oj maloprodajnoj cijeni naftnih derivata, a premijer Andrej Plenkovi\u0107 osvrnuo se i na situaciju s koronavirusom u Hrvatskoj. Plenkovi\u0107 o pet stabilizatora\u2013 Vezano uz koronavirus, susreli smo se s direktorom za Europu [&hellip;]","og_url":"https:\/\/radioljubuski.ba\/index.php\/2021\/12\/06\/ukinuta-uredba-o-najvisoj-cijeni-goriva-vlada-prihvatila-neke-od-oporbenih-amandmana\/","og_site_name":"RADIO LJUBU\u0160KI","article_publisher":"https:\/\/www.facebook.com\/Radiio-Ljubuski-1490835324566332","article_published_time":"2021-12-06T10:51:56+00:00","article_modified_time":"2021-12-06T10:51:57+00:00","og_image":[{"width":696,"height":464,"url":"https:\/\/radioljubuski.ba\/wp-content\/uploads\/2021\/12\/HN20211206299865-696x464-1.jpg","type":"image\/jpeg"}],"author":"Radio Ljubu\u0161ki","twitter_card":"summary_large_image","twitter_creator":"@radioljubuski","twitter_site":"@radioljubuski","twitter_misc":{"Napisao\/la":"Radio Ljubu\u0161ki","Procijenjeno vrijeme \u010ditanja":"5 minuta"},"schema":{"@context":"https:\/\/schema.org","@graph":[{"@type":"Article","@id":"https:\/\/radioljubuski.ba\/index.php\/2021\/12\/06\/ukinuta-uredba-o-najvisoj-cijeni-goriva-vlada-prihvatila-neke-od-oporbenih-amandmana\/#article","isPartOf":{"@id":"https:\/\/radioljubuski.ba\/index.php\/2021\/12\/06\/ukinuta-uredba-o-najvisoj-cijeni-goriva-vlada-prihvatila-neke-od-oporbenih-amandmana\/"},"author":{"name":"Radio Ljubu\u0161ki","@id":"https:\/\/radioljubuski.ba\/#\/schema\/person\/19fc700381a780f69665d7956c469e3b"},"headline":"Ukinuta uredba o najvi\u0161oj cijeni goriva; Vlada prihvatila neke od oporbenih amandmana","datePublished":"2021-12-06T10:51:56+00:00","dateModified":"2021-12-06T10:51:57+00:00","mainEntityOfPage":{"@id":"https:\/\/radioljubuski.ba\/index.php\/2021\/12\/06\/ukinuta-uredba-o-najvisoj-cijeni-goriva-vlada-prihvatila-neke-od-oporbenih-amandmana\/"},"wordCount":1054,"publisher":{"@id":"https:\/\/radioljubuski.ba\/#organization"},"image":{"@id":"https:\/\/radioljubuski.ba\/index.php\/2021\/12\/06\/ukinuta-uredba-o-najvisoj-cijeni-goriva-vlada-prihvatila-neke-od-oporbenih-amandmana\/#primaryimage"},"thumbnailUrl":"https:\/\/radioljubuski.ba\/wp-content\/uploads\/2021\/12\/HN20211206299865-696x464-1.jpg","articleSection":["BIH i regija"],"inLanguage":"hr"},{"@type":"WebPage","@id":"https:\/\/radioljubuski.ba\/index.php\/2021\/12\/06\/ukinuta-uredba-o-najvisoj-cijeni-goriva-vlada-prihvatila-neke-od-oporbenih-amandmana\/","url":"https:\/\/radioljubuski.ba\/index.php\/2021\/12\/06\/ukinuta-uredba-o-najvisoj-cijeni-goriva-vlada-prihvatila-neke-od-oporbenih-amandmana\/","name":"Ukinuta uredba o najvi\u0161oj cijeni goriva; Vlada prihvatila neke od oporbenih amandmana - RADIO LJUBU\u0160KI","isPartOf":{"@id":"https:\/\/radioljubuski.ba\/#website"},"primaryImageOfPage":{"@id":"https:\/\/radioljubuski.ba\/index.php\/2021\/12\/06\/ukinuta-uredba-o-najvisoj-cijeni-goriva-vlada-prihvatila-neke-od-oporbenih-amandmana\/#primaryimage"},"image":{"@id":"https:\/\/radioljubuski.ba\/index.php\/2021\/12\/06\/ukinuta-uredba-o-najvisoj-cijeni-goriva-vlada-prihvatila-neke-od-oporbenih-amandmana\/#primaryimage"},"thumbnailUrl":"https:\/\/radioljubuski.ba\/wp-content\/uploads\/2021\/12\/HN20211206299865-696x464-1.jpg","datePublished":"2021-12-06T10:51:56+00:00","dateModified":"2021-12-06T10:51:57+00:00","breadcrumb":{"@id":"https:\/\/radioljubuski.ba\/index.php\/2021\/12\/06\/ukinuta-uredba-o-najvisoj-cijeni-goriva-vlada-prihvatila-neke-od-oporbenih-amandmana\/#breadcrumb"},"inLanguage":"hr","potentialAction":[{"@type":"ReadAction","target":["https:\/\/radioljubuski.ba\/index.php\/2021\/12\/06\/ukinuta-uredba-o-najvisoj-cijeni-goriva-vlada-prihvatila-neke-od-oporbenih-amandmana\/"]}]},{"@type":"ImageObject","inLanguage":"hr","@id":"https:\/\/radioljubuski.ba\/index.php\/2021\/12\/06\/ukinuta-uredba-o-najvisoj-cijeni-goriva-vlada-prihvatila-neke-od-oporbenih-amandmana\/#primaryimage","url":"https:\/\/radioljubuski.ba\/wp-content\/uploads\/2021\/12\/HN20211206299865-696x464-1.jpg","contentUrl":"https:\/\/radioljubuski.ba\/wp-content\/uploads\/2021\/12\/HN20211206299865-696x464-1.jpg","width":696,"height":464},{"@type":"BreadcrumbList","@id":"https:\/\/radioljubuski.ba\/index.php\/2021\/12\/06\/ukinuta-uredba-o-najvisoj-cijeni-goriva-vlada-prihvatila-neke-od-oporbenih-amandmana\/#breadcrumb","itemListElement":[{"@type":"ListItem","position":1,"name":"Po\u010detna stranica","item":"https:\/\/radioljubuski.ba\/"},{"@type":"ListItem","position":2,"name":"Ukinuta uredba o najvi\u0161oj cijeni goriva; Vlada prihvatila neke od oporbenih amandmana"}]},{"@type":"WebSite","@id":"https:\/\/radioljubuski.ba\/#website","url":"https:\/\/radioljubuski.ba\/","name":"Radio Ljubu\u0161ki","description":"Sun\u010dana frekvencija Hercegovine","publisher":{"@id":"https:\/\/radioljubuski.ba\/#organization"},"potentialAction":[{"@type":"SearchAction","target":{"@type":"EntryPoint","urlTemplate":"https:\/\/radioljubuski.ba\/?s={search_term_string}"},"query-input":{"@type":"PropertyValueSpecification","valueRequired":true,"valueName":"search_term_string"}}],"inLanguage":"hr"},{"@type":"Organization","@id":"https:\/\/radioljubuski.ba\/#organization","name":"Radio Ljubu\u0161ki","url":"https:\/\/radioljubuski.ba\/","logo":{"@type":"ImageObject","inLanguage":"hr","@id":"https:\/\/radioljubuski.ba\/#\/schema\/logo\/image\/","url":"https:\/\/radioljubuski.ba\/wp-content\/uploads\/2021\/02\/cropped-Radio_Ljubuski_logo1.jpg","contentUrl":"https:\/\/radioljubuski.ba\/wp-content\/uploads\/2021\/02\/cropped-Radio_Ljubuski_logo1.jpg","width":512,"height":512,"caption":"Radio Ljubu\u0161ki"},"image":{"@id":"https:\/\/radioljubuski.ba\/#\/schema\/logo\/image\/"},"sameAs":["https:\/\/www.facebook.com\/Radiio-Ljubuski-1490835324566332","https:\/\/x.com\/radioljubuski","https:\/\/hr.linkedin.com\/company\/radio-ljubuski","https:\/\/www.youtube.com\/channel\/UCHYaeO_n0Db3tjNGudGpXyw"]},{"@type":"Person","@id":"https:\/\/radioljubuski.ba\/#\/schema\/person\/19fc700381a780f69665d7956c469e3b","name":"Radio Ljubu\u0161ki"}]}},"_links":{"self":[{"href":"https:\/\/radioljubuski.ba\/index.php\/wp-json\/wp\/v2\/posts\/96486","targetHints":{"allow":["GET"]}}],"collection":[{"href":"https:\/\/radioljubuski.ba\/index.php\/wp-json\/wp\/v2\/posts"}],"about":[{"href":"https:\/\/radioljubuski.ba\/index.php\/wp-json\/wp\/v2\/types\/post"}],"author":[{"embeddable":true,"href":"https:\/\/radioljubuski.ba\/index.php\/wp-json\/wp\/v2\/users\/2"}],"replies":[{"embeddable":true,"href":"https:\/\/radioljubuski.ba\/index.php\/wp-json\/wp\/v2\/comments?post=96486"}],"version-history":[{"count":1,"href":"https:\/\/radioljubuski.ba\/index.php\/wp-json\/wp\/v2\/posts\/96486\/revisions"}],"predecessor-version":[{"id":96488,"href":"https:\/\/radioljubuski.ba\/index.php\/wp-json\/wp\/v2\/posts\/96486\/revisions\/96488"}],"wp:featuredmedia":[{"embeddable":true,"href":"https:\/\/radioljubuski.ba\/index.php\/wp-json\/wp\/v2\/media\/96487"}],"wp:attachment":[{"href":"https:\/\/radioljubuski.ba\/index.php\/wp-json\/wp\/v2\/media?parent=96486"}],"wp:term":[{"taxonomy":"category","embeddable":true,"href":"https:\/\/radioljubuski.ba\/index.php\/wp-json\/wp\/v2\/categories?post=96486"},{"taxonomy":"post_tag","embeddable":true,"href":"https:\/\/radioljubuski.ba\/index.php\/wp-json\/wp\/v2\/tags?post=96486"}],"curies":[{"name":"wp","href":"https:\/\/api.w.org\/{rel}","templated":true}]}}