{"id":96492,"date":"2021-12-06T11:54:15","date_gmt":"2021-12-06T10:54:15","guid":{"rendered":"https:\/\/radioljubuski.ba\/?p=96492"},"modified":"2021-12-06T11:54:16","modified_gmt":"2021-12-06T10:54:16","slug":"gordan-lauc-uoci-bozica-lockdown-i-zatvaranja-imaju-katastrofalne-posljedice-a-male-koristi","status":"publish","type":"post","link":"https:\/\/radioljubuski.ba\/index.php\/2021\/12\/06\/gordan-lauc-uoci-bozica-lockdown-i-zatvaranja-imaju-katastrofalne-posljedice-a-male-koristi\/","title":{"rendered":"Gordan Lauc uo\u010di Bo\u017ei\u0107a: \u2018Lockdown\u2019 i zatvaranja imaju katastrofalne posljedice, a male koristi"},"content":{"rendered":"\n<p><em>Neke zapadnoeuropske dr\u017eave ponovno spremaju zatvaranja dru\u0161tva uo\u010di Bo\u017ei\u0107a na razli\u010ditm nivoima. Dr. Lauc smatra da je to ima minimalan u\u010dinak na \u0161irenje pandemije. Ali \u010dini katastrofalnu \u0161tetu dru\u0161tvu.<\/em><\/p>\n\n\n\n<p><em>Dr. Lauc smatra da se niti cijepljenje ne smije nametati, ve\u0107 ostati u domeni slobode izbora \u010dovjeka.<\/em><\/p>\n\n\n\n<p>Prenosimo objavu u cijelosti:<\/p>\n\n\n\n<p>\u201cVelika istra\u017eivanja provedena jo\u0161 pro\u0161le godine jasno su pokazala da nametnute \u201estroge mjere\u201c imaju minimalan u\u010dinak na \u0161irenje epidemije, a rade katastrofalnu \u0161tetu dru\u0161tvu. Na ovoj poveznici je navedeno preko 400 razli\u010ditih primjera koji to potvr\u0111uju. Tekst je jako jednostran, niti jedna od tih studija pojedina\u010dno nije dokaz, no sve one zajedno, plus ono \u0161to vidimo u svijetu vrlo jasno dokazuje da su \u201estroge mjere\u201c zapravo samo igrokaz kojim Vlade pokazuju da \u201ene\u0161to rade\u201c\u2026<\/p>\n\n\n\n<p>No pojedine vlade i dalje name\u0107u sve sumanutije i sumanutije \u201emjere\u201c. Sada kada je jasno da time ne posti\u017eu ni\u0161ta, po\u010dinju nametati i cijepljenje. Cijepljenje ne smijemo nametati. Cijepljenje mora biti osobna odluka kojom pojedinac umanjuje vlastiti rizik za te\u0161ki oblik bolesti.<\/p>\n\n\n\n<p>Sve ostalo je put u katastrofu.<\/p>\n\n\n\n<p><strong>Ne zaboravite:<\/strong><\/p>\n\n\n\n<p>\u2013 <strong>cijepljenje ne\u0107e zaustaviti \u0161irenje virusa<\/strong>. To vidimo \u0161irom Europe. Svi \u0107emo se zaraziti, cijepili se, ili ne.<\/p>\n\n\n\n<p>\u2013 <strong>ljudi koji su preboljeli covid-19 su bolje za\u0161ti\u0107eni od cijepljenih<\/strong>. Njih prisiljavati na cijepljenje je besmisleno i krivo<\/p>\n\n\n\n<p>\u2013 <strong>Za djecu i mlade covid-19 nije ni\u0161ta opasniji od gripe.<\/strong> Ho\u0107emo li propisati i obavezu cijepljenja protiv gripe za sve?<\/p>\n\n\n\n<p>\u2013 Iako je cijepljeno nekoliko milijardi ljudi, <strong>sve potencijalne rizike cijepljenja jo\u0161 uvijek ne razumijemo.<\/strong> Iznimno je va\u017eno imati kontrolnu skupinu da se ispitivanja sigurnosti ove nove tehnologije cjepiva mogu provesti do kraja.<\/p>\n\n\n\n<p>Prisila na cijepljenje je duboko pogre\u0161na.<\/p>\n\n\n\n<p>Svima starijima i rizi\u010dnima koji to \u017eele treba omogu\u0107iti da se cijepe. Mi smo tu stra\u0161no zakazali u kategoriji starijih od 80 godina gdje imamo oko 100,000 onih kojima nismo omogu\u0107ili cijepljenje. Ako se 80% onih od 70 do 80 cijepilo (a vjerojatno i vi\u0161e, jer je ovo s pretpostavkom da nas je 4,2 milijuna), a samo 60% starijih od 80 se cijepilo, to nisu krvi niti antivakseri, niti dru\u0161tvene mre\u017ee.<\/p>\n\n\n\n<p>Kriv je na\u0161 zdravstveni sustav koji im nije omogu\u0107io\/olak\u0161ao cijepljenje\u201d, napisao je.<\/p>\n\n\n\n<p><em>Izvor: narod.hr\/Facebook<\/em><\/p>\n","protected":false},"excerpt":{"rendered":"<p>Neke zapadnoeuropske dr\u017eave ponovno spremaju zatvaranja dru\u0161tva uo\u010di Bo\u017ei\u0107a na razli\u010ditm nivoima. Dr. Lauc smatra da je to ima minimalan u\u010dinak na \u0161irenje pandemije. Ali \u010dini katastrofalnu \u0161tetu dru\u0161tvu. Dr. Lauc smatra da se niti cijepljenje ne smije nametati, ve\u0107 ostati u domeni slobode izbora \u010dovjeka. Prenosimo objavu u cijelosti: \u201cVelika istra\u017eivanja provedena jo\u0161 pro\u0161le [&hellip;]<\/p>\n","protected":false},"author":2,"featured_media":51495,"comment_status":"closed","ping_status":"closed","sticky":false,"template":"","format":"standard","meta":{"h5ap_radio_sources":[],"footnotes":""},"categories":[1],"tags":[],"class_list":["post-96492","post","type-post","status-publish","format-standard","has-post-thumbnail","hentry","category-bihiregija"],"yoast_head":"<!-- This site is optimized with the Yoast SEO plugin v27.5 - https:\/\/yoast.com\/product\/yoast-seo-wordpress\/ -->\n<title>Gordan Lauc uo\u010di Bo\u017ei\u0107a: \u2018Lockdown\u2019 i zatvaranja imaju katastrofalne posljedice, a male koristi - RADIO LJUBU\u0160KI<\/title>\n<meta name=\"robots\" content=\"index, follow, max-snippet:-1, max-image-preview:large, max-video-preview:-1\" \/>\n<link rel=\"canonical\" href=\"https:\/\/radioljubuski.ba\/index.php\/2021\/12\/06\/gordan-lauc-uoci-bozica-lockdown-i-zatvaranja-imaju-katastrofalne-posljedice-a-male-koristi\/\" \/>\n<meta property=\"og:locale\" content=\"hr_HR\" \/>\n<meta property=\"og:type\" content=\"article\" \/>\n<meta property=\"og:title\" content=\"Gordan Lauc uo\u010di Bo\u017ei\u0107a: \u2018Lockdown\u2019 i zatvaranja imaju katastrofalne posljedice, a male koristi - RADIO LJUBU\u0160KI\" \/>\n<meta property=\"og:description\" content=\"Neke zapadnoeuropske dr\u017eave ponovno spremaju zatvaranja dru\u0161tva uo\u010di Bo\u017ei\u0107a na razli\u010ditm nivoima. Dr. Lauc smatra da je to ima minimalan u\u010dinak na \u0161irenje pandemije. Ali \u010dini katastrofalnu \u0161tetu dru\u0161tvu. Dr. Lauc smatra da se niti cijepljenje ne smije nametati, ve\u0107 ostati u domeni slobode izbora \u010dovjeka. Prenosimo objavu u cijelosti: \u201cVelika istra\u017eivanja provedena jo\u0161 pro\u0161le [&hellip;]\" \/>\n<meta property=\"og:url\" content=\"https:\/\/radioljubuski.ba\/index.php\/2021\/12\/06\/gordan-lauc-uoci-bozica-lockdown-i-zatvaranja-imaju-katastrofalne-posljedice-a-male-koristi\/\" \/>\n<meta property=\"og:site_name\" content=\"RADIO LJUBU\u0160KI\" \/>\n<meta property=\"article:publisher\" content=\"https:\/\/www.facebook.com\/Radiio-Ljubuski-1490835324566332\" \/>\n<meta property=\"article:published_time\" content=\"2021-12-06T10:54:15+00:00\" \/>\n<meta property=\"article:modified_time\" content=\"2021-12-06T10:54:16+00:00\" \/>\n<meta property=\"og:image\" content=\"https:\/\/radioljubuski.ba\/wp-content\/uploads\/2021\/08\/z9IewEla_61863483_gordan_lauc.jpg\" \/>\n\t<meta property=\"og:image:width\" content=\"1000\" \/>\n\t<meta property=\"og:image:height\" content=\"625\" \/>\n\t<meta property=\"og:image:type\" content=\"image\/jpeg\" \/>\n<meta name=\"author\" content=\"Radio Ljubu\u0161ki\" \/>\n<meta name=\"twitter:card\" content=\"summary_large_image\" \/>\n<meta name=\"twitter:creator\" content=\"@radioljubuski\" \/>\n<meta name=\"twitter:site\" content=\"@radioljubuski\" \/>\n<meta name=\"twitter:label1\" content=\"Napisao\/la\" \/>\n\t<meta name=\"twitter:data1\" content=\"Radio Ljubu\u0161ki\" \/>\n\t<meta name=\"twitter:label2\" content=\"Procijenjeno vrijeme \u010ditanja\" \/>\n\t<meta name=\"twitter:data2\" content=\"2 minute\" \/>\n<script type=\"application\/ld+json\" class=\"yoast-schema-graph\">{\"@context\":\"https:\\\/\\\/schema.org\",\"@graph\":[{\"@type\":\"Article\",\"@id\":\"https:\\\/\\\/radioljubuski.ba\\\/index.php\\\/2021\\\/12\\\/06\\\/gordan-lauc-uoci-bozica-lockdown-i-zatvaranja-imaju-katastrofalne-posljedice-a-male-koristi\\\/#article\",\"isPartOf\":{\"@id\":\"https:\\\/\\\/radioljubuski.ba\\\/index.php\\\/2021\\\/12\\\/06\\\/gordan-lauc-uoci-bozica-lockdown-i-zatvaranja-imaju-katastrofalne-posljedice-a-male-koristi\\\/\"},\"author\":{\"name\":\"Radio Ljubu\u0161ki\",\"@id\":\"https:\\\/\\\/radioljubuski.ba\\\/#\\\/schema\\\/person\\\/19fc700381a780f69665d7956c469e3b\"},\"headline\":\"Gordan Lauc uo\u010di Bo\u017ei\u0107a: \u2018Lockdown\u2019 i zatvaranja imaju katastrofalne posljedice, a male koristi\",\"datePublished\":\"2021-12-06T10:54:15+00:00\",\"dateModified\":\"2021-12-06T10:54:16+00:00\",\"mainEntityOfPage\":{\"@id\":\"https:\\\/\\\/radioljubuski.ba\\\/index.php\\\/2021\\\/12\\\/06\\\/gordan-lauc-uoci-bozica-lockdown-i-zatvaranja-imaju-katastrofalne-posljedice-a-male-koristi\\\/\"},\"wordCount\":399,\"publisher\":{\"@id\":\"https:\\\/\\\/radioljubuski.ba\\\/#organization\"},\"image\":{\"@id\":\"https:\\\/\\\/radioljubuski.ba\\\/index.php\\\/2021\\\/12\\\/06\\\/gordan-lauc-uoci-bozica-lockdown-i-zatvaranja-imaju-katastrofalne-posljedice-a-male-koristi\\\/#primaryimage\"},\"thumbnailUrl\":\"https:\\\/\\\/radioljubuski.ba\\\/wp-content\\\/uploads\\\/2021\\\/08\\\/z9IewEla_61863483_gordan_lauc.jpg\",\"articleSection\":[\"BIH i regija\"],\"inLanguage\":\"hr\"},{\"@type\":\"WebPage\",\"@id\":\"https:\\\/\\\/radioljubuski.ba\\\/index.php\\\/2021\\\/12\\\/06\\\/gordan-lauc-uoci-bozica-lockdown-i-zatvaranja-imaju-katastrofalne-posljedice-a-male-koristi\\\/\",\"url\":\"https:\\\/\\\/radioljubuski.ba\\\/index.php\\\/2021\\\/12\\\/06\\\/gordan-lauc-uoci-bozica-lockdown-i-zatvaranja-imaju-katastrofalne-posljedice-a-male-koristi\\\/\",\"name\":\"Gordan Lauc uo\u010di Bo\u017ei\u0107a: \u2018Lockdown\u2019 i zatvaranja imaju katastrofalne posljedice, a male koristi - RADIO LJUBU\u0160KI\",\"isPartOf\":{\"@id\":\"https:\\\/\\\/radioljubuski.ba\\\/#website\"},\"primaryImageOfPage\":{\"@id\":\"https:\\\/\\\/radioljubuski.ba\\\/index.php\\\/2021\\\/12\\\/06\\\/gordan-lauc-uoci-bozica-lockdown-i-zatvaranja-imaju-katastrofalne-posljedice-a-male-koristi\\\/#primaryimage\"},\"image\":{\"@id\":\"https:\\\/\\\/radioljubuski.ba\\\/index.php\\\/2021\\\/12\\\/06\\\/gordan-lauc-uoci-bozica-lockdown-i-zatvaranja-imaju-katastrofalne-posljedice-a-male-koristi\\\/#primaryimage\"},\"thumbnailUrl\":\"https:\\\/\\\/radioljubuski.ba\\\/wp-content\\\/uploads\\\/2021\\\/08\\\/z9IewEla_61863483_gordan_lauc.jpg\",\"datePublished\":\"2021-12-06T10:54:15+00:00\",\"dateModified\":\"2021-12-06T10:54:16+00:00\",\"breadcrumb\":{\"@id\":\"https:\\\/\\\/radioljubuski.ba\\\/index.php\\\/2021\\\/12\\\/06\\\/gordan-lauc-uoci-bozica-lockdown-i-zatvaranja-imaju-katastrofalne-posljedice-a-male-koristi\\\/#breadcrumb\"},\"inLanguage\":\"hr\",\"potentialAction\":[{\"@type\":\"ReadAction\",\"target\":[\"https:\\\/\\\/radioljubuski.ba\\\/index.php\\\/2021\\\/12\\\/06\\\/gordan-lauc-uoci-bozica-lockdown-i-zatvaranja-imaju-katastrofalne-posljedice-a-male-koristi\\\/\"]}]},{\"@type\":\"ImageObject\",\"inLanguage\":\"hr\",\"@id\":\"https:\\\/\\\/radioljubuski.ba\\\/index.php\\\/2021\\\/12\\\/06\\\/gordan-lauc-uoci-bozica-lockdown-i-zatvaranja-imaju-katastrofalne-posljedice-a-male-koristi\\\/#primaryimage\",\"url\":\"https:\\\/\\\/radioljubuski.ba\\\/wp-content\\\/uploads\\\/2021\\\/08\\\/z9IewEla_61863483_gordan_lauc.jpg\",\"contentUrl\":\"https:\\\/\\\/radioljubuski.ba\\\/wp-content\\\/uploads\\\/2021\\\/08\\\/z9IewEla_61863483_gordan_lauc.jpg\",\"width\":1000,\"height\":625},{\"@type\":\"BreadcrumbList\",\"@id\":\"https:\\\/\\\/radioljubuski.ba\\\/index.php\\\/2021\\\/12\\\/06\\\/gordan-lauc-uoci-bozica-lockdown-i-zatvaranja-imaju-katastrofalne-posljedice-a-male-koristi\\\/#breadcrumb\",\"itemListElement\":[{\"@type\":\"ListItem\",\"position\":1,\"name\":\"Po\u010detna stranica\",\"item\":\"https:\\\/\\\/radioljubuski.ba\\\/\"},{\"@type\":\"ListItem\",\"position\":2,\"name\":\"Gordan Lauc uo\u010di Bo\u017ei\u0107a: \u2018Lockdown\u2019 i zatvaranja imaju katastrofalne posljedice, a male koristi\"}]},{\"@type\":\"WebSite\",\"@id\":\"https:\\\/\\\/radioljubuski.ba\\\/#website\",\"url\":\"https:\\\/\\\/radioljubuski.ba\\\/\",\"name\":\"Radio Ljubu\u0161ki\",\"description\":\"Sun\u010dana frekvencija Hercegovine\",\"publisher\":{\"@id\":\"https:\\\/\\\/radioljubuski.ba\\\/#organization\"},\"potentialAction\":[{\"@type\":\"SearchAction\",\"target\":{\"@type\":\"EntryPoint\",\"urlTemplate\":\"https:\\\/\\\/radioljubuski.ba\\\/?s={search_term_string}\"},\"query-input\":{\"@type\":\"PropertyValueSpecification\",\"valueRequired\":true,\"valueName\":\"search_term_string\"}}],\"inLanguage\":\"hr\"},{\"@type\":\"Organization\",\"@id\":\"https:\\\/\\\/radioljubuski.ba\\\/#organization\",\"name\":\"Radio Ljubu\u0161ki\",\"url\":\"https:\\\/\\\/radioljubuski.ba\\\/\",\"logo\":{\"@type\":\"ImageObject\",\"inLanguage\":\"hr\",\"@id\":\"https:\\\/\\\/radioljubuski.ba\\\/#\\\/schema\\\/logo\\\/image\\\/\",\"url\":\"https:\\\/\\\/radioljubuski.ba\\\/wp-content\\\/uploads\\\/2021\\\/02\\\/cropped-Radio_Ljubuski_logo1.jpg\",\"contentUrl\":\"https:\\\/\\\/radioljubuski.ba\\\/wp-content\\\/uploads\\\/2021\\\/02\\\/cropped-Radio_Ljubuski_logo1.jpg\",\"width\":512,\"height\":512,\"caption\":\"Radio Ljubu\u0161ki\"},\"image\":{\"@id\":\"https:\\\/\\\/radioljubuski.ba\\\/#\\\/schema\\\/logo\\\/image\\\/\"},\"sameAs\":[\"https:\\\/\\\/www.facebook.com\\\/Radiio-Ljubuski-1490835324566332\",\"https:\\\/\\\/x.com\\\/radioljubuski\",\"https:\\\/\\\/hr.linkedin.com\\\/company\\\/radio-ljubuski\",\"https:\\\/\\\/www.youtube.com\\\/channel\\\/UCHYaeO_n0Db3tjNGudGpXyw\"]},{\"@type\":\"Person\",\"@id\":\"https:\\\/\\\/radioljubuski.ba\\\/#\\\/schema\\\/person\\\/19fc700381a780f69665d7956c469e3b\",\"name\":\"Radio Ljubu\u0161ki\"}]}<\/script>\n<!-- \/ Yoast SEO plugin. -->","yoast_head_json":{"title":"Gordan Lauc uo\u010di Bo\u017ei\u0107a: \u2018Lockdown\u2019 i zatvaranja imaju katastrofalne posljedice, a male koristi - RADIO LJUBU\u0160KI","robots":{"index":"index","follow":"follow","max-snippet":"max-snippet:-1","max-image-preview":"max-image-preview:large","max-video-preview":"max-video-preview:-1"},"canonical":"https:\/\/radioljubuski.ba\/index.php\/2021\/12\/06\/gordan-lauc-uoci-bozica-lockdown-i-zatvaranja-imaju-katastrofalne-posljedice-a-male-koristi\/","og_locale":"hr_HR","og_type":"article","og_title":"Gordan Lauc uo\u010di Bo\u017ei\u0107a: \u2018Lockdown\u2019 i zatvaranja imaju katastrofalne posljedice, a male koristi - RADIO LJUBU\u0160KI","og_description":"Neke zapadnoeuropske dr\u017eave ponovno spremaju zatvaranja dru\u0161tva uo\u010di Bo\u017ei\u0107a na razli\u010ditm nivoima. Dr. Lauc smatra da je to ima minimalan u\u010dinak na \u0161irenje pandemije. Ali \u010dini katastrofalnu \u0161tetu dru\u0161tvu. Dr. Lauc smatra da se niti cijepljenje ne smije nametati, ve\u0107 ostati u domeni slobode izbora \u010dovjeka. Prenosimo objavu u cijelosti: \u201cVelika istra\u017eivanja provedena jo\u0161 pro\u0161le [&hellip;]","og_url":"https:\/\/radioljubuski.ba\/index.php\/2021\/12\/06\/gordan-lauc-uoci-bozica-lockdown-i-zatvaranja-imaju-katastrofalne-posljedice-a-male-koristi\/","og_site_name":"RADIO LJUBU\u0160KI","article_publisher":"https:\/\/www.facebook.com\/Radiio-Ljubuski-1490835324566332","article_published_time":"2021-12-06T10:54:15+00:00","article_modified_time":"2021-12-06T10:54:16+00:00","og_image":[{"width":1000,"height":625,"url":"https:\/\/radioljubuski.ba\/wp-content\/uploads\/2021\/08\/z9IewEla_61863483_gordan_lauc.jpg","type":"image\/jpeg"}],"author":"Radio Ljubu\u0161ki","twitter_card":"summary_large_image","twitter_creator":"@radioljubuski","twitter_site":"@radioljubuski","twitter_misc":{"Napisao\/la":"Radio Ljubu\u0161ki","Procijenjeno vrijeme \u010ditanja":"2 minute"},"schema":{"@context":"https:\/\/schema.org","@graph":[{"@type":"Article","@id":"https:\/\/radioljubuski.ba\/index.php\/2021\/12\/06\/gordan-lauc-uoci-bozica-lockdown-i-zatvaranja-imaju-katastrofalne-posljedice-a-male-koristi\/#article","isPartOf":{"@id":"https:\/\/radioljubuski.ba\/index.php\/2021\/12\/06\/gordan-lauc-uoci-bozica-lockdown-i-zatvaranja-imaju-katastrofalne-posljedice-a-male-koristi\/"},"author":{"name":"Radio Ljubu\u0161ki","@id":"https:\/\/radioljubuski.ba\/#\/schema\/person\/19fc700381a780f69665d7956c469e3b"},"headline":"Gordan Lauc uo\u010di Bo\u017ei\u0107a: \u2018Lockdown\u2019 i zatvaranja imaju katastrofalne posljedice, a male koristi","datePublished":"2021-12-06T10:54:15+00:00","dateModified":"2021-12-06T10:54:16+00:00","mainEntityOfPage":{"@id":"https:\/\/radioljubuski.ba\/index.php\/2021\/12\/06\/gordan-lauc-uoci-bozica-lockdown-i-zatvaranja-imaju-katastrofalne-posljedice-a-male-koristi\/"},"wordCount":399,"publisher":{"@id":"https:\/\/radioljubuski.ba\/#organization"},"image":{"@id":"https:\/\/radioljubuski.ba\/index.php\/2021\/12\/06\/gordan-lauc-uoci-bozica-lockdown-i-zatvaranja-imaju-katastrofalne-posljedice-a-male-koristi\/#primaryimage"},"thumbnailUrl":"https:\/\/radioljubuski.ba\/wp-content\/uploads\/2021\/08\/z9IewEla_61863483_gordan_lauc.jpg","articleSection":["BIH i regija"],"inLanguage":"hr"},{"@type":"WebPage","@id":"https:\/\/radioljubuski.ba\/index.php\/2021\/12\/06\/gordan-lauc-uoci-bozica-lockdown-i-zatvaranja-imaju-katastrofalne-posljedice-a-male-koristi\/","url":"https:\/\/radioljubuski.ba\/index.php\/2021\/12\/06\/gordan-lauc-uoci-bozica-lockdown-i-zatvaranja-imaju-katastrofalne-posljedice-a-male-koristi\/","name":"Gordan Lauc uo\u010di Bo\u017ei\u0107a: \u2018Lockdown\u2019 i zatvaranja imaju katastrofalne posljedice, a male koristi - RADIO LJUBU\u0160KI","isPartOf":{"@id":"https:\/\/radioljubuski.ba\/#website"},"primaryImageOfPage":{"@id":"https:\/\/radioljubuski.ba\/index.php\/2021\/12\/06\/gordan-lauc-uoci-bozica-lockdown-i-zatvaranja-imaju-katastrofalne-posljedice-a-male-koristi\/#primaryimage"},"image":{"@id":"https:\/\/radioljubuski.ba\/index.php\/2021\/12\/06\/gordan-lauc-uoci-bozica-lockdown-i-zatvaranja-imaju-katastrofalne-posljedice-a-male-koristi\/#primaryimage"},"thumbnailUrl":"https:\/\/radioljubuski.ba\/wp-content\/uploads\/2021\/08\/z9IewEla_61863483_gordan_lauc.jpg","datePublished":"2021-12-06T10:54:15+00:00","dateModified":"2021-12-06T10:54:16+00:00","breadcrumb":{"@id":"https:\/\/radioljubuski.ba\/index.php\/2021\/12\/06\/gordan-lauc-uoci-bozica-lockdown-i-zatvaranja-imaju-katastrofalne-posljedice-a-male-koristi\/#breadcrumb"},"inLanguage":"hr","potentialAction":[{"@type":"ReadAction","target":["https:\/\/radioljubuski.ba\/index.php\/2021\/12\/06\/gordan-lauc-uoci-bozica-lockdown-i-zatvaranja-imaju-katastrofalne-posljedice-a-male-koristi\/"]}]},{"@type":"ImageObject","inLanguage":"hr","@id":"https:\/\/radioljubuski.ba\/index.php\/2021\/12\/06\/gordan-lauc-uoci-bozica-lockdown-i-zatvaranja-imaju-katastrofalne-posljedice-a-male-koristi\/#primaryimage","url":"https:\/\/radioljubuski.ba\/wp-content\/uploads\/2021\/08\/z9IewEla_61863483_gordan_lauc.jpg","contentUrl":"https:\/\/radioljubuski.ba\/wp-content\/uploads\/2021\/08\/z9IewEla_61863483_gordan_lauc.jpg","width":1000,"height":625},{"@type":"BreadcrumbList","@id":"https:\/\/radioljubuski.ba\/index.php\/2021\/12\/06\/gordan-lauc-uoci-bozica-lockdown-i-zatvaranja-imaju-katastrofalne-posljedice-a-male-koristi\/#breadcrumb","itemListElement":[{"@type":"ListItem","position":1,"name":"Po\u010detna stranica","item":"https:\/\/radioljubuski.ba\/"},{"@type":"ListItem","position":2,"name":"Gordan Lauc uo\u010di Bo\u017ei\u0107a: \u2018Lockdown\u2019 i zatvaranja imaju katastrofalne posljedice, a male koristi"}]},{"@type":"WebSite","@id":"https:\/\/radioljubuski.ba\/#website","url":"https:\/\/radioljubuski.ba\/","name":"Radio Ljubu\u0161ki","description":"Sun\u010dana frekvencija Hercegovine","publisher":{"@id":"https:\/\/radioljubuski.ba\/#organization"},"potentialAction":[{"@type":"SearchAction","target":{"@type":"EntryPoint","urlTemplate":"https:\/\/radioljubuski.ba\/?s={search_term_string}"},"query-input":{"@type":"PropertyValueSpecification","valueRequired":true,"valueName":"search_term_string"}}],"inLanguage":"hr"},{"@type":"Organization","@id":"https:\/\/radioljubuski.ba\/#organization","name":"Radio Ljubu\u0161ki","url":"https:\/\/radioljubuski.ba\/","logo":{"@type":"ImageObject","inLanguage":"hr","@id":"https:\/\/radioljubuski.ba\/#\/schema\/logo\/image\/","url":"https:\/\/radioljubuski.ba\/wp-content\/uploads\/2021\/02\/cropped-Radio_Ljubuski_logo1.jpg","contentUrl":"https:\/\/radioljubuski.ba\/wp-content\/uploads\/2021\/02\/cropped-Radio_Ljubuski_logo1.jpg","width":512,"height":512,"caption":"Radio Ljubu\u0161ki"},"image":{"@id":"https:\/\/radioljubuski.ba\/#\/schema\/logo\/image\/"},"sameAs":["https:\/\/www.facebook.com\/Radiio-Ljubuski-1490835324566332","https:\/\/x.com\/radioljubuski","https:\/\/hr.linkedin.com\/company\/radio-ljubuski","https:\/\/www.youtube.com\/channel\/UCHYaeO_n0Db3tjNGudGpXyw"]},{"@type":"Person","@id":"https:\/\/radioljubuski.ba\/#\/schema\/person\/19fc700381a780f69665d7956c469e3b","name":"Radio Ljubu\u0161ki"}]}},"_links":{"self":[{"href":"https:\/\/radioljubuski.ba\/index.php\/wp-json\/wp\/v2\/posts\/96492","targetHints":{"allow":["GET"]}}],"collection":[{"href":"https:\/\/radioljubuski.ba\/index.php\/wp-json\/wp\/v2\/posts"}],"about":[{"href":"https:\/\/radioljubuski.ba\/index.php\/wp-json\/wp\/v2\/types\/post"}],"author":[{"embeddable":true,"href":"https:\/\/radioljubuski.ba\/index.php\/wp-json\/wp\/v2\/users\/2"}],"replies":[{"embeddable":true,"href":"https:\/\/radioljubuski.ba\/index.php\/wp-json\/wp\/v2\/comments?post=96492"}],"version-history":[{"count":1,"href":"https:\/\/radioljubuski.ba\/index.php\/wp-json\/wp\/v2\/posts\/96492\/revisions"}],"predecessor-version":[{"id":96493,"href":"https:\/\/radioljubuski.ba\/index.php\/wp-json\/wp\/v2\/posts\/96492\/revisions\/96493"}],"wp:featuredmedia":[{"embeddable":true,"href":"https:\/\/radioljubuski.ba\/index.php\/wp-json\/wp\/v2\/media\/51495"}],"wp:attachment":[{"href":"https:\/\/radioljubuski.ba\/index.php\/wp-json\/wp\/v2\/media?parent=96492"}],"wp:term":[{"taxonomy":"category","embeddable":true,"href":"https:\/\/radioljubuski.ba\/index.php\/wp-json\/wp\/v2\/categories?post=96492"},{"taxonomy":"post_tag","embeddable":true,"href":"https:\/\/radioljubuski.ba\/index.php\/wp-json\/wp\/v2\/tags?post=96492"}],"curies":[{"name":"wp","href":"https:\/\/api.w.org\/{rel}","templated":true}]}}