{"id":96499,"date":"2021-12-06T12:03:56","date_gmt":"2021-12-06T11:03:56","guid":{"rendered":"https:\/\/radioljubuski.ba\/?p=96499"},"modified":"2021-12-06T12:03:57","modified_gmt":"2021-12-06T11:03:57","slug":"islamske-ekstremne-skupine-locirane-u-cetiri-krajiska-grada","status":"publish","type":"post","link":"https:\/\/radioljubuski.ba\/index.php\/2021\/12\/06\/islamske-ekstremne-skupine-locirane-u-cetiri-krajiska-grada\/","title":{"rendered":"Islamske ekstremne skupine locirane u \u010detiri kraji\u0161ka grada"},"content":{"rendered":"\n<p><strong>Pored specifi\u010dne i izuzetno nasilne ratne povijesti, Krajina je poznata i po prisutnosti nekoliko radikalnih vjerskih skupina. To uklju\u010duje ekstremne vjerske zajednice u Bu\u017eimu, Velikoj Kladu\u0161i, Cazinu i Biha\u0107u.<\/strong><\/p>\n\n\n\n<p>Doslovno, to je navedeno u Kona\u010dnom izvje\u0161\u0107u o stupnju implementacije Akcijskog plana za provo\u0111enje Strategije BiH za prevenciju i borbu protiv terorizma, a u pitanju je dokument Ministarstva sigurnosti BiH, koji je u procesu konzultacija.<\/p>\n\n\n\n<p>U ovom dokumentu isti\u010de se da je \u010dinjenica da dvojica istaknutih regrutera, Husein Bilal Bosni\u0107 i Husein Erdi\u0107, dolaze upravo iz ovog podru\u010dja.<\/p>\n\n\n\n<p>\u201cZbog svoje bliske povezanosti s ekstremnim vjerskim skupinama i zajednicama u Austriji, vjeruje se da je Krajina ulazna to\u010dka za fondove koji se koriste za podr\u0161ku stvaranju izoliranih ekstremnih sela u BiH (Gornja Mao\u010da, Dubnica i Bosanska Bojna)\u201d, isti\u010de se u izvje\u0161\u0107u.<\/p>\n\n\n\n<p>Kako se dodaje, u ovakvom okru\u017eenju obitelji su \u010desto izlo\u017eene razli\u010ditim porukama i utjecajima razli\u010ditih lokalnih i regionalnih aktera, uklju\u010duju\u0107i radikalne skupine.<\/p>\n\n\n\n<p>Podijeljena su mi\u0161ljenja analiti\u010dara po pitanju ovog sigurnosnog izazova koji je lociran u Krajini. Recimo, stru\u010dnjak za sigurnost Radislav Jovi\u010di\u0107 smatra da je rije\u010d o problemu koji je ispravno targetiran.<\/p>\n\n\n\n<p>\u201cNije to samo slu\u010daj kada je u pitanju Krajina. Rije\u010d je o metodici koja se zasniva na tome da se biraju obitelji koje su slabog materijalnog, socijalnog ili obrazovnog statusa u dru\u0161tvu. Dakle, pripadnicima tih ekstremisti\u010dkih skupina meta je takva populacija, koja nema ili dovoljno obrazovanja, ili dovoljno financija za \u017eivot. Tako ih lak\u0161e privla\u010de u svoje redove\u201d, rekao je Jovi\u010di\u0107 u izjavi za \u201cNezavisne novine\u201d.<\/p>\n\n\n\n<p>Osvr\u0107u\u0107i se na kraji\u0161ke gradove koji se ovdje spominju, on primje\u0107uje da su, uglavnom, u pitanju nerazvijenija mjesta.<\/p>\n\n\n\n<p>\u201cTo su uglavnom neke izolirane sredine, gdje oni nailaze na takvu populaciju koja se lako vrbuje za njihove potrebe. Dakle, sve sigurnosne agencije, prvenstveno Obavje\u0161tajno-sigurnosna agencije (OSA), moraju pratiti situaciju i informacije nesebi\u010dno dijele policiji\u201d, naglasio je Jovi\u010di\u0107.<\/p>\n\n\n\n<p>Osvr\u0107u\u0107i se na dio navoda u vezi sa financiranjem, on isti\u010de da vo\u0111e ekstremisti\u010dkih organizacija vjerojatno mijenjaju to\u010dke preko kojih ulazi novac za njihove potrebe.<\/p>\n\n\n\n<p>\u201cU Sarajevu su postojale nevladine organizacije preko kojih je novac ulazio, a sada vjerojatno zbog manjih kontrola u Cazinskoj Krajini biraju ta podru\u010dja. \u010cim se na nekom podru\u010dju poka\u017eu odre\u0111ena interesiranja sigurnosnih slu\u017ebi, oni mijenjaju lokaciju dok ne bude, da tako ka\u017eemo, naznaka da \u0107e biti otkriveni, nakon \u010dega opet mijenjaju lokaciju\u201d, naveo je Jovi\u010di\u0107.<\/p>\n\n\n\n<p>S druge strane, Armin Kr\u017eali\u0107, profesor na Fakultetu za kriminalistiku, kriminologiju i sigurnosne studije Univerziteta u Sarajevu, ka\u017ee da mu dio izvje\u0161taja koji se odnosi na Krajinu ne izgleda objektivno.<\/p>\n\n\n\n<p>\u201cAko su navedene neke vjerske ekstremne zajednice u Bu\u017eimu, Velikoj Kladu\u0161i, Cazinu i Biha\u0107u, treba navesti koje su to zajednice. Postoje odre\u0111eni pojedinci, ne treba bje\u017eati od toga, ali oni imaju ime i prezime. Kada su u pitanju tijekovi novca, u njih je danas lako u\u0107i. Dakle, nemam ni\u0161ta protiv ovih navoda, ali to su meni sve hipoteze. Recimo, Bu\u017eim i Velika Kladu\u0161a imaju svoje mjesne zajednice, trebalo je navesti o kojima je ovdje rije\u010d\u201d, ka\u017ee Kr\u017eali\u0107 za \u201cNezavisne novine\u201d.<\/p>\n\n\n\n<p>Ina\u010de, u ovom izvje\u0161\u0107u se navodi da Federalna uprava policije, u suradnji sa \u017eupanijskim MUP-ovima kontinuirano radi na identifikaciji objekata koji se koriste za upra\u017enjavanje vjerskih aktivnosti koje po prirodi nisu u okviru vjerskih zajednica (tzv. parad\u017eemati).<\/p>\n\n\n\n<p>\/HMS\/<\/p>\n","protected":false},"excerpt":{"rendered":"<p>Pored specifi\u010dne i izuzetno nasilne ratne povijesti, Krajina je poznata i po prisutnosti nekoliko radikalnih vjerskih skupina. To uklju\u010duje ekstremne vjerske zajednice u Bu\u017eimu, Velikoj Kladu\u0161i, Cazinu i Biha\u0107u. Doslovno, to je navedeno u Kona\u010dnom izvje\u0161\u0107u o stupnju implementacije Akcijskog plana za provo\u0111enje Strategije BiH za prevenciju i borbu protiv terorizma, a u pitanju je [&hellip;]<\/p>\n","protected":false},"author":2,"featured_media":96500,"comment_status":"closed","ping_status":"closed","sticky":false,"template":"","format":"standard","meta":{"h5ap_radio_sources":[],"footnotes":""},"categories":[1],"tags":[],"class_list":["post-96499","post","type-post","status-publish","format-standard","has-post-thumbnail","hentry","category-bihiregija"],"yoast_head":"<!-- This site is optimized with the Yoast SEO plugin v27.5 - https:\/\/yoast.com\/product\/yoast-seo-wordpress\/ -->\n<title>Islamske ekstremne skupine locirane u \u010detiri kraji\u0161ka grada - RADIO LJUBU\u0160KI<\/title>\n<meta name=\"robots\" content=\"index, follow, max-snippet:-1, max-image-preview:large, max-video-preview:-1\" \/>\n<link rel=\"canonical\" href=\"https:\/\/radioljubuski.ba\/index.php\/2021\/12\/06\/islamske-ekstremne-skupine-locirane-u-cetiri-krajiska-grada\/\" \/>\n<meta property=\"og:locale\" content=\"hr_HR\" \/>\n<meta property=\"og:type\" content=\"article\" \/>\n<meta property=\"og:title\" content=\"Islamske ekstremne skupine locirane u \u010detiri kraji\u0161ka grada - RADIO LJUBU\u0160KI\" \/>\n<meta property=\"og:description\" content=\"Pored specifi\u010dne i izuzetno nasilne ratne povijesti, Krajina je poznata i po prisutnosti nekoliko radikalnih vjerskih skupina. To uklju\u010duje ekstremne vjerske zajednice u Bu\u017eimu, Velikoj Kladu\u0161i, Cazinu i Biha\u0107u. Doslovno, to je navedeno u Kona\u010dnom izvje\u0161\u0107u o stupnju implementacije Akcijskog plana za provo\u0111enje Strategije BiH za prevenciju i borbu protiv terorizma, a u pitanju je [&hellip;]\" \/>\n<meta property=\"og:url\" content=\"https:\/\/radioljubuski.ba\/index.php\/2021\/12\/06\/islamske-ekstremne-skupine-locirane-u-cetiri-krajiska-grada\/\" \/>\n<meta property=\"og:site_name\" content=\"RADIO LJUBU\u0160KI\" \/>\n<meta property=\"article:publisher\" content=\"https:\/\/www.facebook.com\/Radiio-Ljubuski-1490835324566332\" \/>\n<meta property=\"article:published_time\" content=\"2021-12-06T11:03:56+00:00\" \/>\n<meta property=\"article:modified_time\" content=\"2021-12-06T11:03:57+00:00\" \/>\n<meta property=\"og:image\" content=\"https:\/\/radioljubuski.ba\/wp-content\/uploads\/2021\/12\/20211205200617_694693.jpg\" \/>\n\t<meta property=\"og:image:width\" content=\"750\" \/>\n\t<meta property=\"og:image:height\" content=\"500\" \/>\n\t<meta property=\"og:image:type\" content=\"image\/jpeg\" \/>\n<meta name=\"author\" content=\"Radio Ljubu\u0161ki\" \/>\n<meta name=\"twitter:card\" content=\"summary_large_image\" \/>\n<meta name=\"twitter:creator\" content=\"@radioljubuski\" \/>\n<meta name=\"twitter:site\" content=\"@radioljubuski\" \/>\n<meta name=\"twitter:label1\" content=\"Napisao\/la\" \/>\n\t<meta name=\"twitter:data1\" content=\"Radio Ljubu\u0161ki\" \/>\n\t<meta name=\"twitter:label2\" content=\"Procijenjeno vrijeme \u010ditanja\" \/>\n\t<meta name=\"twitter:data2\" content=\"3 minute\" \/>\n<script type=\"application\/ld+json\" class=\"yoast-schema-graph\">{\"@context\":\"https:\\\/\\\/schema.org\",\"@graph\":[{\"@type\":\"Article\",\"@id\":\"https:\\\/\\\/radioljubuski.ba\\\/index.php\\\/2021\\\/12\\\/06\\\/islamske-ekstremne-skupine-locirane-u-cetiri-krajiska-grada\\\/#article\",\"isPartOf\":{\"@id\":\"https:\\\/\\\/radioljubuski.ba\\\/index.php\\\/2021\\\/12\\\/06\\\/islamske-ekstremne-skupine-locirane-u-cetiri-krajiska-grada\\\/\"},\"author\":{\"name\":\"Radio Ljubu\u0161ki\",\"@id\":\"https:\\\/\\\/radioljubuski.ba\\\/#\\\/schema\\\/person\\\/19fc700381a780f69665d7956c469e3b\"},\"headline\":\"Islamske ekstremne skupine locirane u \u010detiri kraji\u0161ka grada\",\"datePublished\":\"2021-12-06T11:03:56+00:00\",\"dateModified\":\"2021-12-06T11:03:57+00:00\",\"mainEntityOfPage\":{\"@id\":\"https:\\\/\\\/radioljubuski.ba\\\/index.php\\\/2021\\\/12\\\/06\\\/islamske-ekstremne-skupine-locirane-u-cetiri-krajiska-grada\\\/\"},\"wordCount\":609,\"publisher\":{\"@id\":\"https:\\\/\\\/radioljubuski.ba\\\/#organization\"},\"image\":{\"@id\":\"https:\\\/\\\/radioljubuski.ba\\\/index.php\\\/2021\\\/12\\\/06\\\/islamske-ekstremne-skupine-locirane-u-cetiri-krajiska-grada\\\/#primaryimage\"},\"thumbnailUrl\":\"https:\\\/\\\/radioljubuski.ba\\\/wp-content\\\/uploads\\\/2021\\\/12\\\/20211205200617_694693.jpg\",\"articleSection\":[\"BIH i regija\"],\"inLanguage\":\"hr\"},{\"@type\":\"WebPage\",\"@id\":\"https:\\\/\\\/radioljubuski.ba\\\/index.php\\\/2021\\\/12\\\/06\\\/islamske-ekstremne-skupine-locirane-u-cetiri-krajiska-grada\\\/\",\"url\":\"https:\\\/\\\/radioljubuski.ba\\\/index.php\\\/2021\\\/12\\\/06\\\/islamske-ekstremne-skupine-locirane-u-cetiri-krajiska-grada\\\/\",\"name\":\"Islamske ekstremne skupine locirane u \u010detiri kraji\u0161ka grada - RADIO LJUBU\u0160KI\",\"isPartOf\":{\"@id\":\"https:\\\/\\\/radioljubuski.ba\\\/#website\"},\"primaryImageOfPage\":{\"@id\":\"https:\\\/\\\/radioljubuski.ba\\\/index.php\\\/2021\\\/12\\\/06\\\/islamske-ekstremne-skupine-locirane-u-cetiri-krajiska-grada\\\/#primaryimage\"},\"image\":{\"@id\":\"https:\\\/\\\/radioljubuski.ba\\\/index.php\\\/2021\\\/12\\\/06\\\/islamske-ekstremne-skupine-locirane-u-cetiri-krajiska-grada\\\/#primaryimage\"},\"thumbnailUrl\":\"https:\\\/\\\/radioljubuski.ba\\\/wp-content\\\/uploads\\\/2021\\\/12\\\/20211205200617_694693.jpg\",\"datePublished\":\"2021-12-06T11:03:56+00:00\",\"dateModified\":\"2021-12-06T11:03:57+00:00\",\"breadcrumb\":{\"@id\":\"https:\\\/\\\/radioljubuski.ba\\\/index.php\\\/2021\\\/12\\\/06\\\/islamske-ekstremne-skupine-locirane-u-cetiri-krajiska-grada\\\/#breadcrumb\"},\"inLanguage\":\"hr\",\"potentialAction\":[{\"@type\":\"ReadAction\",\"target\":[\"https:\\\/\\\/radioljubuski.ba\\\/index.php\\\/2021\\\/12\\\/06\\\/islamske-ekstremne-skupine-locirane-u-cetiri-krajiska-grada\\\/\"]}]},{\"@type\":\"ImageObject\",\"inLanguage\":\"hr\",\"@id\":\"https:\\\/\\\/radioljubuski.ba\\\/index.php\\\/2021\\\/12\\\/06\\\/islamske-ekstremne-skupine-locirane-u-cetiri-krajiska-grada\\\/#primaryimage\",\"url\":\"https:\\\/\\\/radioljubuski.ba\\\/wp-content\\\/uploads\\\/2021\\\/12\\\/20211205200617_694693.jpg\",\"contentUrl\":\"https:\\\/\\\/radioljubuski.ba\\\/wp-content\\\/uploads\\\/2021\\\/12\\\/20211205200617_694693.jpg\",\"width\":750,\"height\":500},{\"@type\":\"BreadcrumbList\",\"@id\":\"https:\\\/\\\/radioljubuski.ba\\\/index.php\\\/2021\\\/12\\\/06\\\/islamske-ekstremne-skupine-locirane-u-cetiri-krajiska-grada\\\/#breadcrumb\",\"itemListElement\":[{\"@type\":\"ListItem\",\"position\":1,\"name\":\"Po\u010detna stranica\",\"item\":\"https:\\\/\\\/radioljubuski.ba\\\/\"},{\"@type\":\"ListItem\",\"position\":2,\"name\":\"Islamske ekstremne skupine locirane u \u010detiri kraji\u0161ka grada\"}]},{\"@type\":\"WebSite\",\"@id\":\"https:\\\/\\\/radioljubuski.ba\\\/#website\",\"url\":\"https:\\\/\\\/radioljubuski.ba\\\/\",\"name\":\"Radio Ljubu\u0161ki\",\"description\":\"Sun\u010dana frekvencija Hercegovine\",\"publisher\":{\"@id\":\"https:\\\/\\\/radioljubuski.ba\\\/#organization\"},\"potentialAction\":[{\"@type\":\"SearchAction\",\"target\":{\"@type\":\"EntryPoint\",\"urlTemplate\":\"https:\\\/\\\/radioljubuski.ba\\\/?s={search_term_string}\"},\"query-input\":{\"@type\":\"PropertyValueSpecification\",\"valueRequired\":true,\"valueName\":\"search_term_string\"}}],\"inLanguage\":\"hr\"},{\"@type\":\"Organization\",\"@id\":\"https:\\\/\\\/radioljubuski.ba\\\/#organization\",\"name\":\"Radio Ljubu\u0161ki\",\"url\":\"https:\\\/\\\/radioljubuski.ba\\\/\",\"logo\":{\"@type\":\"ImageObject\",\"inLanguage\":\"hr\",\"@id\":\"https:\\\/\\\/radioljubuski.ba\\\/#\\\/schema\\\/logo\\\/image\\\/\",\"url\":\"https:\\\/\\\/radioljubuski.ba\\\/wp-content\\\/uploads\\\/2021\\\/02\\\/cropped-Radio_Ljubuski_logo1.jpg\",\"contentUrl\":\"https:\\\/\\\/radioljubuski.ba\\\/wp-content\\\/uploads\\\/2021\\\/02\\\/cropped-Radio_Ljubuski_logo1.jpg\",\"width\":512,\"height\":512,\"caption\":\"Radio Ljubu\u0161ki\"},\"image\":{\"@id\":\"https:\\\/\\\/radioljubuski.ba\\\/#\\\/schema\\\/logo\\\/image\\\/\"},\"sameAs\":[\"https:\\\/\\\/www.facebook.com\\\/Radiio-Ljubuski-1490835324566332\",\"https:\\\/\\\/x.com\\\/radioljubuski\",\"https:\\\/\\\/hr.linkedin.com\\\/company\\\/radio-ljubuski\",\"https:\\\/\\\/www.youtube.com\\\/channel\\\/UCHYaeO_n0Db3tjNGudGpXyw\"]},{\"@type\":\"Person\",\"@id\":\"https:\\\/\\\/radioljubuski.ba\\\/#\\\/schema\\\/person\\\/19fc700381a780f69665d7956c469e3b\",\"name\":\"Radio Ljubu\u0161ki\"}]}<\/script>\n<!-- \/ Yoast SEO plugin. -->","yoast_head_json":{"title":"Islamske ekstremne skupine locirane u \u010detiri kraji\u0161ka grada - RADIO LJUBU\u0160KI","robots":{"index":"index","follow":"follow","max-snippet":"max-snippet:-1","max-image-preview":"max-image-preview:large","max-video-preview":"max-video-preview:-1"},"canonical":"https:\/\/radioljubuski.ba\/index.php\/2021\/12\/06\/islamske-ekstremne-skupine-locirane-u-cetiri-krajiska-grada\/","og_locale":"hr_HR","og_type":"article","og_title":"Islamske ekstremne skupine locirane u \u010detiri kraji\u0161ka grada - RADIO LJUBU\u0160KI","og_description":"Pored specifi\u010dne i izuzetno nasilne ratne povijesti, Krajina je poznata i po prisutnosti nekoliko radikalnih vjerskih skupina. To uklju\u010duje ekstremne vjerske zajednice u Bu\u017eimu, Velikoj Kladu\u0161i, Cazinu i Biha\u0107u. Doslovno, to je navedeno u Kona\u010dnom izvje\u0161\u0107u o stupnju implementacije Akcijskog plana za provo\u0111enje Strategije BiH za prevenciju i borbu protiv terorizma, a u pitanju je [&hellip;]","og_url":"https:\/\/radioljubuski.ba\/index.php\/2021\/12\/06\/islamske-ekstremne-skupine-locirane-u-cetiri-krajiska-grada\/","og_site_name":"RADIO LJUBU\u0160KI","article_publisher":"https:\/\/www.facebook.com\/Radiio-Ljubuski-1490835324566332","article_published_time":"2021-12-06T11:03:56+00:00","article_modified_time":"2021-12-06T11:03:57+00:00","og_image":[{"width":750,"height":500,"url":"https:\/\/radioljubuski.ba\/wp-content\/uploads\/2021\/12\/20211205200617_694693.jpg","type":"image\/jpeg"}],"author":"Radio Ljubu\u0161ki","twitter_card":"summary_large_image","twitter_creator":"@radioljubuski","twitter_site":"@radioljubuski","twitter_misc":{"Napisao\/la":"Radio Ljubu\u0161ki","Procijenjeno vrijeme \u010ditanja":"3 minute"},"schema":{"@context":"https:\/\/schema.org","@graph":[{"@type":"Article","@id":"https:\/\/radioljubuski.ba\/index.php\/2021\/12\/06\/islamske-ekstremne-skupine-locirane-u-cetiri-krajiska-grada\/#article","isPartOf":{"@id":"https:\/\/radioljubuski.ba\/index.php\/2021\/12\/06\/islamske-ekstremne-skupine-locirane-u-cetiri-krajiska-grada\/"},"author":{"name":"Radio Ljubu\u0161ki","@id":"https:\/\/radioljubuski.ba\/#\/schema\/person\/19fc700381a780f69665d7956c469e3b"},"headline":"Islamske ekstremne skupine locirane u \u010detiri kraji\u0161ka grada","datePublished":"2021-12-06T11:03:56+00:00","dateModified":"2021-12-06T11:03:57+00:00","mainEntityOfPage":{"@id":"https:\/\/radioljubuski.ba\/index.php\/2021\/12\/06\/islamske-ekstremne-skupine-locirane-u-cetiri-krajiska-grada\/"},"wordCount":609,"publisher":{"@id":"https:\/\/radioljubuski.ba\/#organization"},"image":{"@id":"https:\/\/radioljubuski.ba\/index.php\/2021\/12\/06\/islamske-ekstremne-skupine-locirane-u-cetiri-krajiska-grada\/#primaryimage"},"thumbnailUrl":"https:\/\/radioljubuski.ba\/wp-content\/uploads\/2021\/12\/20211205200617_694693.jpg","articleSection":["BIH i regija"],"inLanguage":"hr"},{"@type":"WebPage","@id":"https:\/\/radioljubuski.ba\/index.php\/2021\/12\/06\/islamske-ekstremne-skupine-locirane-u-cetiri-krajiska-grada\/","url":"https:\/\/radioljubuski.ba\/index.php\/2021\/12\/06\/islamske-ekstremne-skupine-locirane-u-cetiri-krajiska-grada\/","name":"Islamske ekstremne skupine locirane u \u010detiri kraji\u0161ka grada - RADIO LJUBU\u0160KI","isPartOf":{"@id":"https:\/\/radioljubuski.ba\/#website"},"primaryImageOfPage":{"@id":"https:\/\/radioljubuski.ba\/index.php\/2021\/12\/06\/islamske-ekstremne-skupine-locirane-u-cetiri-krajiska-grada\/#primaryimage"},"image":{"@id":"https:\/\/radioljubuski.ba\/index.php\/2021\/12\/06\/islamske-ekstremne-skupine-locirane-u-cetiri-krajiska-grada\/#primaryimage"},"thumbnailUrl":"https:\/\/radioljubuski.ba\/wp-content\/uploads\/2021\/12\/20211205200617_694693.jpg","datePublished":"2021-12-06T11:03:56+00:00","dateModified":"2021-12-06T11:03:57+00:00","breadcrumb":{"@id":"https:\/\/radioljubuski.ba\/index.php\/2021\/12\/06\/islamske-ekstremne-skupine-locirane-u-cetiri-krajiska-grada\/#breadcrumb"},"inLanguage":"hr","potentialAction":[{"@type":"ReadAction","target":["https:\/\/radioljubuski.ba\/index.php\/2021\/12\/06\/islamske-ekstremne-skupine-locirane-u-cetiri-krajiska-grada\/"]}]},{"@type":"ImageObject","inLanguage":"hr","@id":"https:\/\/radioljubuski.ba\/index.php\/2021\/12\/06\/islamske-ekstremne-skupine-locirane-u-cetiri-krajiska-grada\/#primaryimage","url":"https:\/\/radioljubuski.ba\/wp-content\/uploads\/2021\/12\/20211205200617_694693.jpg","contentUrl":"https:\/\/radioljubuski.ba\/wp-content\/uploads\/2021\/12\/20211205200617_694693.jpg","width":750,"height":500},{"@type":"BreadcrumbList","@id":"https:\/\/radioljubuski.ba\/index.php\/2021\/12\/06\/islamske-ekstremne-skupine-locirane-u-cetiri-krajiska-grada\/#breadcrumb","itemListElement":[{"@type":"ListItem","position":1,"name":"Po\u010detna stranica","item":"https:\/\/radioljubuski.ba\/"},{"@type":"ListItem","position":2,"name":"Islamske ekstremne skupine locirane u \u010detiri kraji\u0161ka grada"}]},{"@type":"WebSite","@id":"https:\/\/radioljubuski.ba\/#website","url":"https:\/\/radioljubuski.ba\/","name":"Radio Ljubu\u0161ki","description":"Sun\u010dana frekvencija Hercegovine","publisher":{"@id":"https:\/\/radioljubuski.ba\/#organization"},"potentialAction":[{"@type":"SearchAction","target":{"@type":"EntryPoint","urlTemplate":"https:\/\/radioljubuski.ba\/?s={search_term_string}"},"query-input":{"@type":"PropertyValueSpecification","valueRequired":true,"valueName":"search_term_string"}}],"inLanguage":"hr"},{"@type":"Organization","@id":"https:\/\/radioljubuski.ba\/#organization","name":"Radio Ljubu\u0161ki","url":"https:\/\/radioljubuski.ba\/","logo":{"@type":"ImageObject","inLanguage":"hr","@id":"https:\/\/radioljubuski.ba\/#\/schema\/logo\/image\/","url":"https:\/\/radioljubuski.ba\/wp-content\/uploads\/2021\/02\/cropped-Radio_Ljubuski_logo1.jpg","contentUrl":"https:\/\/radioljubuski.ba\/wp-content\/uploads\/2021\/02\/cropped-Radio_Ljubuski_logo1.jpg","width":512,"height":512,"caption":"Radio Ljubu\u0161ki"},"image":{"@id":"https:\/\/radioljubuski.ba\/#\/schema\/logo\/image\/"},"sameAs":["https:\/\/www.facebook.com\/Radiio-Ljubuski-1490835324566332","https:\/\/x.com\/radioljubuski","https:\/\/hr.linkedin.com\/company\/radio-ljubuski","https:\/\/www.youtube.com\/channel\/UCHYaeO_n0Db3tjNGudGpXyw"]},{"@type":"Person","@id":"https:\/\/radioljubuski.ba\/#\/schema\/person\/19fc700381a780f69665d7956c469e3b","name":"Radio Ljubu\u0161ki"}]}},"_links":{"self":[{"href":"https:\/\/radioljubuski.ba\/index.php\/wp-json\/wp\/v2\/posts\/96499","targetHints":{"allow":["GET"]}}],"collection":[{"href":"https:\/\/radioljubuski.ba\/index.php\/wp-json\/wp\/v2\/posts"}],"about":[{"href":"https:\/\/radioljubuski.ba\/index.php\/wp-json\/wp\/v2\/types\/post"}],"author":[{"embeddable":true,"href":"https:\/\/radioljubuski.ba\/index.php\/wp-json\/wp\/v2\/users\/2"}],"replies":[{"embeddable":true,"href":"https:\/\/radioljubuski.ba\/index.php\/wp-json\/wp\/v2\/comments?post=96499"}],"version-history":[{"count":1,"href":"https:\/\/radioljubuski.ba\/index.php\/wp-json\/wp\/v2\/posts\/96499\/revisions"}],"predecessor-version":[{"id":96501,"href":"https:\/\/radioljubuski.ba\/index.php\/wp-json\/wp\/v2\/posts\/96499\/revisions\/96501"}],"wp:featuredmedia":[{"embeddable":true,"href":"https:\/\/radioljubuski.ba\/index.php\/wp-json\/wp\/v2\/media\/96500"}],"wp:attachment":[{"href":"https:\/\/radioljubuski.ba\/index.php\/wp-json\/wp\/v2\/media?parent=96499"}],"wp:term":[{"taxonomy":"category","embeddable":true,"href":"https:\/\/radioljubuski.ba\/index.php\/wp-json\/wp\/v2\/categories?post=96499"},{"taxonomy":"post_tag","embeddable":true,"href":"https:\/\/radioljubuski.ba\/index.php\/wp-json\/wp\/v2\/tags?post=96499"}],"curies":[{"name":"wp","href":"https:\/\/api.w.org\/{rel}","templated":true}]}}