{"id":96510,"date":"2021-12-06T12:45:54","date_gmt":"2021-12-06T11:45:54","guid":{"rendered":"https:\/\/radioljubuski.ba\/?p=96510"},"modified":"2021-12-06T12:45:54","modified_gmt":"2021-12-06T11:45:54","slug":"proradio-magnet-u-mostarskoj-bolnici","status":"publish","type":"post","link":"https:\/\/radioljubuski.ba\/index.php\/2021\/12\/06\/proradio-magnet-u-mostarskoj-bolnici\/","title":{"rendered":"Proradio magnet u mostarskoj bolnici"},"content":{"rendered":"\n<p>Nakon tromjese\u010dnog kvara, u ponedjeljak 6. prosinca, otpo\u010deo je s radom MR ure\u0111aj 3T na Klini\u010dkom zavodu za radiologiju Sveu\u010dili\u0161ne klini\u010dke bolnice Mostar. <\/p>\n\n\n\n<p>Iz ove zdravstvene ustanove, tim povodom, \u017eele obavijestiti pacijente i javnost o nekoliko bitnih naputaka: <\/p>\n\n\n\n<p>&#8211; &#8221;Svi pacijenti koji su naru\u010deni od datuma po\u010detka rada MR ure\u0111aja biti \u0107e primljeni na zakazane termine (svi pacijenti naru\u010deni 7. prosinca mogu do\u0107i na pretragu po zakazanom terminu te tako redom); <\/p>\n\n\n\n<p>&#8211; Svi pacijenti koji su propustili termine zbog kvara MR ure\u0111aja(od 30.8. do danas), a ostavili su svoj kontakt uz uputnicu na recepciji Klini\u010dkog zavoda za radiologiju biti \u0107e u dogledno vrijeme informirani o novom terminu za termin i realizaciju pretrage; <\/p>\n\n\n\n<p>&#8211; Svi pacijenti koji nisu ostavili kontakt podatke te ih nismo u mogu\u0107nosti kontaktirati, mogu se do\u0107i informirati na recepciji radiologije radnim danom od 13 do 17 sati (ponijeti uputnicu i nalaz specijaliste koji je preporu\u010dio pretragu &#8211; obvezno)&#8221;, navode u svom priop\u0107enju. <\/p>\n\n\n\n<p>Svjesni svojih ograni\u010denih kapaciteta, kako u opremi, tako u broju lije\u010dnika specijalista radiologije, navode kako moraju voditi ozbiljnu analizu i brigu o prioritetnim pacijentima koje naru\u010duju. <\/p>\n\n\n\n<p>&#8221;Prioritetni pacijenti u dobivanju najranijeg mogu\u0107eg izvanrednog termina \u0107e biti svi onkolo\u0161ki pacijenti koji rade prvi ili kontrolni nalaz, djeca kao i pacijenti za koje se u trija\u017ei uputnica i nalaza utvrdi kako je njihovo zdravstveno stanje prioritetno (zahtjeva \u017eurniju dijagnosti\u010dku obradu). Svi ostali pacijenti biti \u0107e raspore\u0111eni u skladu s realnim mogu\u0107nostima Klini\u010dkog zavoda za radiologiju koji \u0107e raditi u obje smjene, uklju\u010duju\u0107i i rad subotom&#8221;, stoji u priop\u0107enju iz SKB Mostar. <\/p>\n\n\n\n<p>Ovim putem molimo sve pacijente kao i kolege lije\u010dnike, koji ih upu\u0107uju, da zadr\u017ee dozu strpljenja i razumijevanja jer svi uposlenici Klini\u010dkog zavoda za radiologiju zaista ula\u017eu maksimalne napore da sustav dijagnosti\u010dke obrade, koji pru\u017eamo velikom broju pacijenata sa \u0161ireg podru\u010dja Hercegovine, funkcionira u najboljem mogu\u0107em redu. Pored navedenog, pozivaju sve pacijente, ukoliko iz nekog razloga ne\u0107e do\u0107i na zakazani termin snimanja, da isti otka\u017eu pozivom na broj recepcije Zavoda na tel.: 036 341- 963. <\/p>\n\n\n\n<p>&#8221;Podsje\u0107amo kako je sasvim vidljiva i o\u010dekivana preoptere\u0107enost radiolo\u0161kih centara u cijelom svijetu te Klini\u010dki zavod za radiologiju SKB Mostar zasigurno nije izuzetak. Shodno tomu, rukovodstvo SKB Mostar ula\u017ee velike napore kako bi u bliskoj budu\u0107nosti nabavili dodatne radiodijagnosti\u010dke aparate, a tako\u0111er i pove\u0107ali broj lije\u010dnika specijalista radiologije koji obavljaju ovaj zahtjevan posao. Jo\u0161 jedanput, iskreno se zahvaljujemo svim pacijentima i njihovim obiteljima za ogromno strpljenje i razumijevanje tijekom proteklih mjeseci&#8221;, naveli su iz mostarske bolnice. <\/p>\n\n\n\n<p><strong>Izvor: Bljesak.info<\/strong><\/p>\n","protected":false},"excerpt":{"rendered":"<p>Nakon tromjese\u010dnog kvara, u ponedjeljak 6. prosinca, otpo\u010deo je s radom MR ure\u0111aj 3T na Klini\u010dkom zavodu za radiologiju Sveu\u010dili\u0161ne klini\u010dke bolnice Mostar. Iz ove zdravstvene ustanove, tim povodom, \u017eele obavijestiti pacijente i javnost o nekoliko bitnih naputaka: &#8211; &#8221;Svi pacijenti koji su naru\u010deni od datuma po\u010detka rada MR ure\u0111aja biti \u0107e primljeni na zakazane [&hellip;]<\/p>\n","protected":false},"author":2,"featured_media":61715,"comment_status":"closed","ping_status":"closed","sticky":false,"template":"","format":"standard","meta":{"h5ap_radio_sources":[],"footnotes":""},"categories":[1],"tags":[],"class_list":["post-96510","post","type-post","status-publish","format-standard","has-post-thumbnail","hentry","category-bihiregija"],"yoast_head":"<!-- This site is optimized with the Yoast SEO plugin v27.5 - https:\/\/yoast.com\/product\/yoast-seo-wordpress\/ -->\n<title>Proradio magnet u mostarskoj bolnici - RADIO LJUBU\u0160KI<\/title>\n<meta name=\"robots\" content=\"index, follow, max-snippet:-1, max-image-preview:large, max-video-preview:-1\" \/>\n<link rel=\"canonical\" href=\"https:\/\/radioljubuski.ba\/index.php\/2021\/12\/06\/proradio-magnet-u-mostarskoj-bolnici\/\" \/>\n<meta property=\"og:locale\" content=\"hr_HR\" \/>\n<meta property=\"og:type\" content=\"article\" \/>\n<meta property=\"og:title\" content=\"Proradio magnet u mostarskoj bolnici - RADIO LJUBU\u0160KI\" \/>\n<meta property=\"og:description\" content=\"Nakon tromjese\u010dnog kvara, u ponedjeljak 6. prosinca, otpo\u010deo je s radom MR ure\u0111aj 3T na Klini\u010dkom zavodu za radiologiju Sveu\u010dili\u0161ne klini\u010dke bolnice Mostar. Iz ove zdravstvene ustanove, tim povodom, \u017eele obavijestiti pacijente i javnost o nekoliko bitnih naputaka: &#8211; &#8221;Svi pacijenti koji su naru\u010deni od datuma po\u010detka rada MR ure\u0111aja biti \u0107e primljeni na zakazane [&hellip;]\" \/>\n<meta property=\"og:url\" content=\"https:\/\/radioljubuski.ba\/index.php\/2021\/12\/06\/proradio-magnet-u-mostarskoj-bolnici\/\" \/>\n<meta property=\"og:site_name\" content=\"RADIO LJUBU\u0160KI\" \/>\n<meta property=\"article:publisher\" content=\"https:\/\/www.facebook.com\/Radiio-Ljubuski-1490835324566332\" \/>\n<meta property=\"article:published_time\" content=\"2021-12-06T11:45:54+00:00\" \/>\n<meta property=\"og:image\" content=\"https:\/\/radioljubuski.ba\/wp-content\/uploads\/2021\/09\/zl8MY7pD_magnetna_rezonanca.jpg\" \/>\n\t<meta property=\"og:image:width\" content=\"1000\" \/>\n\t<meta property=\"og:image:height\" content=\"625\" \/>\n\t<meta property=\"og:image:type\" content=\"image\/jpeg\" \/>\n<meta name=\"author\" content=\"Radio Ljubu\u0161ki\" \/>\n<meta name=\"twitter:card\" content=\"summary_large_image\" \/>\n<meta name=\"twitter:creator\" content=\"@radioljubuski\" \/>\n<meta name=\"twitter:site\" content=\"@radioljubuski\" \/>\n<meta name=\"twitter:label1\" content=\"Napisao\/la\" \/>\n\t<meta name=\"twitter:data1\" content=\"Radio Ljubu\u0161ki\" \/>\n\t<meta name=\"twitter:label2\" content=\"Procijenjeno vrijeme \u010ditanja\" \/>\n\t<meta name=\"twitter:data2\" content=\"2 minute\" \/>\n<script type=\"application\/ld+json\" class=\"yoast-schema-graph\">{\"@context\":\"https:\\\/\\\/schema.org\",\"@graph\":[{\"@type\":\"Article\",\"@id\":\"https:\\\/\\\/radioljubuski.ba\\\/index.php\\\/2021\\\/12\\\/06\\\/proradio-magnet-u-mostarskoj-bolnici\\\/#article\",\"isPartOf\":{\"@id\":\"https:\\\/\\\/radioljubuski.ba\\\/index.php\\\/2021\\\/12\\\/06\\\/proradio-magnet-u-mostarskoj-bolnici\\\/\"},\"author\":{\"name\":\"Radio Ljubu\u0161ki\",\"@id\":\"https:\\\/\\\/radioljubuski.ba\\\/#\\\/schema\\\/person\\\/19fc700381a780f69665d7956c469e3b\"},\"headline\":\"Proradio magnet u mostarskoj bolnici\",\"datePublished\":\"2021-12-06T11:45:54+00:00\",\"mainEntityOfPage\":{\"@id\":\"https:\\\/\\\/radioljubuski.ba\\\/index.php\\\/2021\\\/12\\\/06\\\/proradio-magnet-u-mostarskoj-bolnici\\\/\"},\"wordCount\":461,\"publisher\":{\"@id\":\"https:\\\/\\\/radioljubuski.ba\\\/#organization\"},\"image\":{\"@id\":\"https:\\\/\\\/radioljubuski.ba\\\/index.php\\\/2021\\\/12\\\/06\\\/proradio-magnet-u-mostarskoj-bolnici\\\/#primaryimage\"},\"thumbnailUrl\":\"https:\\\/\\\/radioljubuski.ba\\\/wp-content\\\/uploads\\\/2021\\\/09\\\/zl8MY7pD_magnetna_rezonanca.jpg\",\"articleSection\":[\"BIH i regija\"],\"inLanguage\":\"hr\"},{\"@type\":\"WebPage\",\"@id\":\"https:\\\/\\\/radioljubuski.ba\\\/index.php\\\/2021\\\/12\\\/06\\\/proradio-magnet-u-mostarskoj-bolnici\\\/\",\"url\":\"https:\\\/\\\/radioljubuski.ba\\\/index.php\\\/2021\\\/12\\\/06\\\/proradio-magnet-u-mostarskoj-bolnici\\\/\",\"name\":\"Proradio magnet u mostarskoj bolnici - RADIO LJUBU\u0160KI\",\"isPartOf\":{\"@id\":\"https:\\\/\\\/radioljubuski.ba\\\/#website\"},\"primaryImageOfPage\":{\"@id\":\"https:\\\/\\\/radioljubuski.ba\\\/index.php\\\/2021\\\/12\\\/06\\\/proradio-magnet-u-mostarskoj-bolnici\\\/#primaryimage\"},\"image\":{\"@id\":\"https:\\\/\\\/radioljubuski.ba\\\/index.php\\\/2021\\\/12\\\/06\\\/proradio-magnet-u-mostarskoj-bolnici\\\/#primaryimage\"},\"thumbnailUrl\":\"https:\\\/\\\/radioljubuski.ba\\\/wp-content\\\/uploads\\\/2021\\\/09\\\/zl8MY7pD_magnetna_rezonanca.jpg\",\"datePublished\":\"2021-12-06T11:45:54+00:00\",\"breadcrumb\":{\"@id\":\"https:\\\/\\\/radioljubuski.ba\\\/index.php\\\/2021\\\/12\\\/06\\\/proradio-magnet-u-mostarskoj-bolnici\\\/#breadcrumb\"},\"inLanguage\":\"hr\",\"potentialAction\":[{\"@type\":\"ReadAction\",\"target\":[\"https:\\\/\\\/radioljubuski.ba\\\/index.php\\\/2021\\\/12\\\/06\\\/proradio-magnet-u-mostarskoj-bolnici\\\/\"]}]},{\"@type\":\"ImageObject\",\"inLanguage\":\"hr\",\"@id\":\"https:\\\/\\\/radioljubuski.ba\\\/index.php\\\/2021\\\/12\\\/06\\\/proradio-magnet-u-mostarskoj-bolnici\\\/#primaryimage\",\"url\":\"https:\\\/\\\/radioljubuski.ba\\\/wp-content\\\/uploads\\\/2021\\\/09\\\/zl8MY7pD_magnetna_rezonanca.jpg\",\"contentUrl\":\"https:\\\/\\\/radioljubuski.ba\\\/wp-content\\\/uploads\\\/2021\\\/09\\\/zl8MY7pD_magnetna_rezonanca.jpg\",\"width\":1000,\"height\":625},{\"@type\":\"BreadcrumbList\",\"@id\":\"https:\\\/\\\/radioljubuski.ba\\\/index.php\\\/2021\\\/12\\\/06\\\/proradio-magnet-u-mostarskoj-bolnici\\\/#breadcrumb\",\"itemListElement\":[{\"@type\":\"ListItem\",\"position\":1,\"name\":\"Po\u010detna stranica\",\"item\":\"https:\\\/\\\/radioljubuski.ba\\\/\"},{\"@type\":\"ListItem\",\"position\":2,\"name\":\"Proradio magnet u mostarskoj bolnici\"}]},{\"@type\":\"WebSite\",\"@id\":\"https:\\\/\\\/radioljubuski.ba\\\/#website\",\"url\":\"https:\\\/\\\/radioljubuski.ba\\\/\",\"name\":\"Radio Ljubu\u0161ki\",\"description\":\"Sun\u010dana frekvencija Hercegovine\",\"publisher\":{\"@id\":\"https:\\\/\\\/radioljubuski.ba\\\/#organization\"},\"potentialAction\":[{\"@type\":\"SearchAction\",\"target\":{\"@type\":\"EntryPoint\",\"urlTemplate\":\"https:\\\/\\\/radioljubuski.ba\\\/?s={search_term_string}\"},\"query-input\":{\"@type\":\"PropertyValueSpecification\",\"valueRequired\":true,\"valueName\":\"search_term_string\"}}],\"inLanguage\":\"hr\"},{\"@type\":\"Organization\",\"@id\":\"https:\\\/\\\/radioljubuski.ba\\\/#organization\",\"name\":\"Radio Ljubu\u0161ki\",\"url\":\"https:\\\/\\\/radioljubuski.ba\\\/\",\"logo\":{\"@type\":\"ImageObject\",\"inLanguage\":\"hr\",\"@id\":\"https:\\\/\\\/radioljubuski.ba\\\/#\\\/schema\\\/logo\\\/image\\\/\",\"url\":\"https:\\\/\\\/radioljubuski.ba\\\/wp-content\\\/uploads\\\/2021\\\/02\\\/cropped-Radio_Ljubuski_logo1.jpg\",\"contentUrl\":\"https:\\\/\\\/radioljubuski.ba\\\/wp-content\\\/uploads\\\/2021\\\/02\\\/cropped-Radio_Ljubuski_logo1.jpg\",\"width\":512,\"height\":512,\"caption\":\"Radio Ljubu\u0161ki\"},\"image\":{\"@id\":\"https:\\\/\\\/radioljubuski.ba\\\/#\\\/schema\\\/logo\\\/image\\\/\"},\"sameAs\":[\"https:\\\/\\\/www.facebook.com\\\/Radiio-Ljubuski-1490835324566332\",\"https:\\\/\\\/x.com\\\/radioljubuski\",\"https:\\\/\\\/hr.linkedin.com\\\/company\\\/radio-ljubuski\",\"https:\\\/\\\/www.youtube.com\\\/channel\\\/UCHYaeO_n0Db3tjNGudGpXyw\"]},{\"@type\":\"Person\",\"@id\":\"https:\\\/\\\/radioljubuski.ba\\\/#\\\/schema\\\/person\\\/19fc700381a780f69665d7956c469e3b\",\"name\":\"Radio Ljubu\u0161ki\"}]}<\/script>\n<!-- \/ Yoast SEO plugin. -->","yoast_head_json":{"title":"Proradio magnet u mostarskoj bolnici - RADIO LJUBU\u0160KI","robots":{"index":"index","follow":"follow","max-snippet":"max-snippet:-1","max-image-preview":"max-image-preview:large","max-video-preview":"max-video-preview:-1"},"canonical":"https:\/\/radioljubuski.ba\/index.php\/2021\/12\/06\/proradio-magnet-u-mostarskoj-bolnici\/","og_locale":"hr_HR","og_type":"article","og_title":"Proradio magnet u mostarskoj bolnici - RADIO LJUBU\u0160KI","og_description":"Nakon tromjese\u010dnog kvara, u ponedjeljak 6. prosinca, otpo\u010deo je s radom MR ure\u0111aj 3T na Klini\u010dkom zavodu za radiologiju Sveu\u010dili\u0161ne klini\u010dke bolnice Mostar. Iz ove zdravstvene ustanove, tim povodom, \u017eele obavijestiti pacijente i javnost o nekoliko bitnih naputaka: &#8211; &#8221;Svi pacijenti koji su naru\u010deni od datuma po\u010detka rada MR ure\u0111aja biti \u0107e primljeni na zakazane [&hellip;]","og_url":"https:\/\/radioljubuski.ba\/index.php\/2021\/12\/06\/proradio-magnet-u-mostarskoj-bolnici\/","og_site_name":"RADIO LJUBU\u0160KI","article_publisher":"https:\/\/www.facebook.com\/Radiio-Ljubuski-1490835324566332","article_published_time":"2021-12-06T11:45:54+00:00","og_image":[{"width":1000,"height":625,"url":"https:\/\/radioljubuski.ba\/wp-content\/uploads\/2021\/09\/zl8MY7pD_magnetna_rezonanca.jpg","type":"image\/jpeg"}],"author":"Radio Ljubu\u0161ki","twitter_card":"summary_large_image","twitter_creator":"@radioljubuski","twitter_site":"@radioljubuski","twitter_misc":{"Napisao\/la":"Radio Ljubu\u0161ki","Procijenjeno vrijeme \u010ditanja":"2 minute"},"schema":{"@context":"https:\/\/schema.org","@graph":[{"@type":"Article","@id":"https:\/\/radioljubuski.ba\/index.php\/2021\/12\/06\/proradio-magnet-u-mostarskoj-bolnici\/#article","isPartOf":{"@id":"https:\/\/radioljubuski.ba\/index.php\/2021\/12\/06\/proradio-magnet-u-mostarskoj-bolnici\/"},"author":{"name":"Radio Ljubu\u0161ki","@id":"https:\/\/radioljubuski.ba\/#\/schema\/person\/19fc700381a780f69665d7956c469e3b"},"headline":"Proradio magnet u mostarskoj bolnici","datePublished":"2021-12-06T11:45:54+00:00","mainEntityOfPage":{"@id":"https:\/\/radioljubuski.ba\/index.php\/2021\/12\/06\/proradio-magnet-u-mostarskoj-bolnici\/"},"wordCount":461,"publisher":{"@id":"https:\/\/radioljubuski.ba\/#organization"},"image":{"@id":"https:\/\/radioljubuski.ba\/index.php\/2021\/12\/06\/proradio-magnet-u-mostarskoj-bolnici\/#primaryimage"},"thumbnailUrl":"https:\/\/radioljubuski.ba\/wp-content\/uploads\/2021\/09\/zl8MY7pD_magnetna_rezonanca.jpg","articleSection":["BIH i regija"],"inLanguage":"hr"},{"@type":"WebPage","@id":"https:\/\/radioljubuski.ba\/index.php\/2021\/12\/06\/proradio-magnet-u-mostarskoj-bolnici\/","url":"https:\/\/radioljubuski.ba\/index.php\/2021\/12\/06\/proradio-magnet-u-mostarskoj-bolnici\/","name":"Proradio magnet u mostarskoj bolnici - RADIO LJUBU\u0160KI","isPartOf":{"@id":"https:\/\/radioljubuski.ba\/#website"},"primaryImageOfPage":{"@id":"https:\/\/radioljubuski.ba\/index.php\/2021\/12\/06\/proradio-magnet-u-mostarskoj-bolnici\/#primaryimage"},"image":{"@id":"https:\/\/radioljubuski.ba\/index.php\/2021\/12\/06\/proradio-magnet-u-mostarskoj-bolnici\/#primaryimage"},"thumbnailUrl":"https:\/\/radioljubuski.ba\/wp-content\/uploads\/2021\/09\/zl8MY7pD_magnetna_rezonanca.jpg","datePublished":"2021-12-06T11:45:54+00:00","breadcrumb":{"@id":"https:\/\/radioljubuski.ba\/index.php\/2021\/12\/06\/proradio-magnet-u-mostarskoj-bolnici\/#breadcrumb"},"inLanguage":"hr","potentialAction":[{"@type":"ReadAction","target":["https:\/\/radioljubuski.ba\/index.php\/2021\/12\/06\/proradio-magnet-u-mostarskoj-bolnici\/"]}]},{"@type":"ImageObject","inLanguage":"hr","@id":"https:\/\/radioljubuski.ba\/index.php\/2021\/12\/06\/proradio-magnet-u-mostarskoj-bolnici\/#primaryimage","url":"https:\/\/radioljubuski.ba\/wp-content\/uploads\/2021\/09\/zl8MY7pD_magnetna_rezonanca.jpg","contentUrl":"https:\/\/radioljubuski.ba\/wp-content\/uploads\/2021\/09\/zl8MY7pD_magnetna_rezonanca.jpg","width":1000,"height":625},{"@type":"BreadcrumbList","@id":"https:\/\/radioljubuski.ba\/index.php\/2021\/12\/06\/proradio-magnet-u-mostarskoj-bolnici\/#breadcrumb","itemListElement":[{"@type":"ListItem","position":1,"name":"Po\u010detna stranica","item":"https:\/\/radioljubuski.ba\/"},{"@type":"ListItem","position":2,"name":"Proradio magnet u mostarskoj bolnici"}]},{"@type":"WebSite","@id":"https:\/\/radioljubuski.ba\/#website","url":"https:\/\/radioljubuski.ba\/","name":"Radio Ljubu\u0161ki","description":"Sun\u010dana frekvencija Hercegovine","publisher":{"@id":"https:\/\/radioljubuski.ba\/#organization"},"potentialAction":[{"@type":"SearchAction","target":{"@type":"EntryPoint","urlTemplate":"https:\/\/radioljubuski.ba\/?s={search_term_string}"},"query-input":{"@type":"PropertyValueSpecification","valueRequired":true,"valueName":"search_term_string"}}],"inLanguage":"hr"},{"@type":"Organization","@id":"https:\/\/radioljubuski.ba\/#organization","name":"Radio Ljubu\u0161ki","url":"https:\/\/radioljubuski.ba\/","logo":{"@type":"ImageObject","inLanguage":"hr","@id":"https:\/\/radioljubuski.ba\/#\/schema\/logo\/image\/","url":"https:\/\/radioljubuski.ba\/wp-content\/uploads\/2021\/02\/cropped-Radio_Ljubuski_logo1.jpg","contentUrl":"https:\/\/radioljubuski.ba\/wp-content\/uploads\/2021\/02\/cropped-Radio_Ljubuski_logo1.jpg","width":512,"height":512,"caption":"Radio Ljubu\u0161ki"},"image":{"@id":"https:\/\/radioljubuski.ba\/#\/schema\/logo\/image\/"},"sameAs":["https:\/\/www.facebook.com\/Radiio-Ljubuski-1490835324566332","https:\/\/x.com\/radioljubuski","https:\/\/hr.linkedin.com\/company\/radio-ljubuski","https:\/\/www.youtube.com\/channel\/UCHYaeO_n0Db3tjNGudGpXyw"]},{"@type":"Person","@id":"https:\/\/radioljubuski.ba\/#\/schema\/person\/19fc700381a780f69665d7956c469e3b","name":"Radio Ljubu\u0161ki"}]}},"_links":{"self":[{"href":"https:\/\/radioljubuski.ba\/index.php\/wp-json\/wp\/v2\/posts\/96510","targetHints":{"allow":["GET"]}}],"collection":[{"href":"https:\/\/radioljubuski.ba\/index.php\/wp-json\/wp\/v2\/posts"}],"about":[{"href":"https:\/\/radioljubuski.ba\/index.php\/wp-json\/wp\/v2\/types\/post"}],"author":[{"embeddable":true,"href":"https:\/\/radioljubuski.ba\/index.php\/wp-json\/wp\/v2\/users\/2"}],"replies":[{"embeddable":true,"href":"https:\/\/radioljubuski.ba\/index.php\/wp-json\/wp\/v2\/comments?post=96510"}],"version-history":[{"count":1,"href":"https:\/\/radioljubuski.ba\/index.php\/wp-json\/wp\/v2\/posts\/96510\/revisions"}],"predecessor-version":[{"id":96511,"href":"https:\/\/radioljubuski.ba\/index.php\/wp-json\/wp\/v2\/posts\/96510\/revisions\/96511"}],"wp:featuredmedia":[{"embeddable":true,"href":"https:\/\/radioljubuski.ba\/index.php\/wp-json\/wp\/v2\/media\/61715"}],"wp:attachment":[{"href":"https:\/\/radioljubuski.ba\/index.php\/wp-json\/wp\/v2\/media?parent=96510"}],"wp:term":[{"taxonomy":"category","embeddable":true,"href":"https:\/\/radioljubuski.ba\/index.php\/wp-json\/wp\/v2\/categories?post=96510"},{"taxonomy":"post_tag","embeddable":true,"href":"https:\/\/radioljubuski.ba\/index.php\/wp-json\/wp\/v2\/tags?post=96510"}],"curies":[{"name":"wp","href":"https:\/\/api.w.org\/{rel}","templated":true}]}}