{"id":96537,"date":"2021-12-06T14:02:20","date_gmt":"2021-12-06T13:02:20","guid":{"rendered":"https:\/\/radioljubuski.ba\/?p=96537"},"modified":"2021-12-06T14:02:20","modified_gmt":"2021-12-06T13:02:20","slug":"preminuo-slavko-jelacic-jasar-vlasnik-poznatog-restorana-kod-gojka","status":"publish","type":"post","link":"https:\/\/radioljubuski.ba\/index.php\/2021\/12\/06\/preminuo-slavko-jelacic-jasar-vlasnik-poznatog-restorana-kod-gojka\/","title":{"rendered":"Preminuo Slavko Jela\u010di\u0107 Ja\u0161ar, vlasnik poznatog restorana &#8216;Kod Gojka&#8217;"},"content":{"rendered":"\n<p>Na dru\u0161tvenim mre\u017eama prijatelji se opra\u0161taju od Slavka Jela\u010di\u0107a Ja\u0161ara, vlasnika poznatog restorana &#8220;Kod Gojka&#8221; u Jablanici.<\/p>\n\n\n\n<p>\u201cPo\u010divaj u miru, prijatelju, laka ti zemlja bila. R.I.P. Slavko Jela\u010di\u0107 Ja\u0161ar\u201d, napisao je na svom profilu na Facebooku biv\u0161i nogometni golman Velibor Pudar.<\/p>\n\n\n\n<p>Restoran \u201cLova\u010dki dom\u201d ili kako ga ve\u0107ina naziva \u2013 \u201cKod Gojka\u201d od otvaranja 1970-ih postao je poznat \u0161irom biv\u0161e Jugoslavije po kvalitetnoj janjetini.<\/p>\n\n\n\n<p>Gojko Jela\u010di\u0107 ve\u0107 odavno nije me\u0111u \u017eivima, a obiteljski posao nastavili su sinovi Ma\u0161a i Slavko Jela\u010di\u0107 Ja\u0161ar sa svojim obiteljima.<\/p>\n\n\n\n<p>Ovu informaciju potvrdili su za Faktor i prijatelji obitelji Jela\u010di\u0107 koji su rekli kako su im tu\u017enu vijest priop\u0107ili sino\u0107 u 22 sata, te da je nakon \u0161to je prele\u017eao koronu vlasnik poznatog restorana imao brojne zdravstvene probleme.<\/p>\n\n\n\n<p>Restoran \u201cKod Gojka\u201d, jedan je od simbola Jablanice, sinonim za ukusnu janjetinu i nezaobilazna stanica za dobar ru\u010dak mnogih koji pro\u0111u tim dijelom BiH.<\/p>\n\n\n\n<p>Izvor:faktor.ba<\/p>\n","protected":false},"excerpt":{"rendered":"<p>Na dru\u0161tvenim mre\u017eama prijatelji se opra\u0161taju od Slavka Jela\u010di\u0107a Ja\u0161ara, vlasnika poznatog restorana &#8220;Kod Gojka&#8221; u Jablanici. \u201cPo\u010divaj u miru, prijatelju, laka ti zemlja bila. R.I.P. Slavko Jela\u010di\u0107 Ja\u0161ar\u201d, napisao je na svom profilu na Facebooku biv\u0161i nogometni golman Velibor Pudar. Restoran \u201cLova\u010dki dom\u201d ili kako ga ve\u0107ina naziva \u2013 \u201cKod Gojka\u201d od otvaranja 1970-ih [&hellip;]<\/p>\n","protected":false},"author":2,"featured_media":96538,"comment_status":"closed","ping_status":"closed","sticky":false,"template":"","format":"standard","meta":{"h5ap_radio_sources":[],"footnotes":""},"categories":[1],"tags":[],"class_list":["post-96537","post","type-post","status-publish","format-standard","has-post-thumbnail","hentry","category-bihiregija"],"yoast_head":"<!-- This site is optimized with the Yoast SEO plugin v27.5 - https:\/\/yoast.com\/product\/yoast-seo-wordpress\/ -->\n<title>Preminuo Slavko Jela\u010di\u0107 Ja\u0161ar, vlasnik poznatog restorana &#039;Kod Gojka&#039; - RADIO LJUBU\u0160KI<\/title>\n<meta name=\"robots\" content=\"index, follow, max-snippet:-1, max-image-preview:large, max-video-preview:-1\" \/>\n<link rel=\"canonical\" href=\"https:\/\/radioljubuski.ba\/index.php\/2021\/12\/06\/preminuo-slavko-jelacic-jasar-vlasnik-poznatog-restorana-kod-gojka\/\" \/>\n<meta property=\"og:locale\" content=\"hr_HR\" \/>\n<meta property=\"og:type\" content=\"article\" \/>\n<meta property=\"og:title\" content=\"Preminuo Slavko Jela\u010di\u0107 Ja\u0161ar, vlasnik poznatog restorana &#039;Kod Gojka&#039; - RADIO LJUBU\u0160KI\" \/>\n<meta property=\"og:description\" content=\"Na dru\u0161tvenim mre\u017eama prijatelji se opra\u0161taju od Slavka Jela\u010di\u0107a Ja\u0161ara, vlasnika poznatog restorana &#8220;Kod Gojka&#8221; u Jablanici. \u201cPo\u010divaj u miru, prijatelju, laka ti zemlja bila. R.I.P. Slavko Jela\u010di\u0107 Ja\u0161ar\u201d, napisao je na svom profilu na Facebooku biv\u0161i nogometni golman Velibor Pudar. Restoran \u201cLova\u010dki dom\u201d ili kako ga ve\u0107ina naziva \u2013 \u201cKod Gojka\u201d od otvaranja 1970-ih [&hellip;]\" \/>\n<meta property=\"og:url\" content=\"https:\/\/radioljubuski.ba\/index.php\/2021\/12\/06\/preminuo-slavko-jelacic-jasar-vlasnik-poznatog-restorana-kod-gojka\/\" \/>\n<meta property=\"og:site_name\" content=\"RADIO LJUBU\u0160KI\" \/>\n<meta property=\"article:publisher\" content=\"https:\/\/www.facebook.com\/Radiio-Ljubuski-1490835324566332\" \/>\n<meta property=\"article:published_time\" content=\"2021-12-06T13:02:20+00:00\" \/>\n<meta property=\"og:image\" content=\"https:\/\/radioljubuski.ba\/wp-content\/uploads\/2021\/12\/2-2021-12-06-10-54-45-slavko.jpg\" \/>\n\t<meta property=\"og:image:width\" content=\"1000\" \/>\n\t<meta property=\"og:image:height\" content=\"625\" \/>\n\t<meta property=\"og:image:type\" content=\"image\/jpeg\" \/>\n<meta name=\"author\" content=\"Radio Ljubu\u0161ki\" \/>\n<meta name=\"twitter:card\" content=\"summary_large_image\" \/>\n<meta name=\"twitter:creator\" content=\"@radioljubuski\" \/>\n<meta name=\"twitter:site\" content=\"@radioljubuski\" \/>\n<meta name=\"twitter:label1\" content=\"Napisao\/la\" \/>\n\t<meta name=\"twitter:data1\" content=\"Radio Ljubu\u0161ki\" \/>\n\t<meta name=\"twitter:label2\" content=\"Procijenjeno vrijeme \u010ditanja\" \/>\n\t<meta name=\"twitter:data2\" content=\"1 minuta\" \/>\n<script type=\"application\/ld+json\" class=\"yoast-schema-graph\">{\"@context\":\"https:\\\/\\\/schema.org\",\"@graph\":[{\"@type\":\"Article\",\"@id\":\"https:\\\/\\\/radioljubuski.ba\\\/index.php\\\/2021\\\/12\\\/06\\\/preminuo-slavko-jelacic-jasar-vlasnik-poznatog-restorana-kod-gojka\\\/#article\",\"isPartOf\":{\"@id\":\"https:\\\/\\\/radioljubuski.ba\\\/index.php\\\/2021\\\/12\\\/06\\\/preminuo-slavko-jelacic-jasar-vlasnik-poznatog-restorana-kod-gojka\\\/\"},\"author\":{\"name\":\"Radio Ljubu\u0161ki\",\"@id\":\"https:\\\/\\\/radioljubuski.ba\\\/#\\\/schema\\\/person\\\/19fc700381a780f69665d7956c469e3b\"},\"headline\":\"Preminuo Slavko Jela\u010di\u0107 Ja\u0161ar, vlasnik poznatog restorana &#8216;Kod Gojka&#8217;\",\"datePublished\":\"2021-12-06T13:02:20+00:00\",\"mainEntityOfPage\":{\"@id\":\"https:\\\/\\\/radioljubuski.ba\\\/index.php\\\/2021\\\/12\\\/06\\\/preminuo-slavko-jelacic-jasar-vlasnik-poznatog-restorana-kod-gojka\\\/\"},\"wordCount\":185,\"publisher\":{\"@id\":\"https:\\\/\\\/radioljubuski.ba\\\/#organization\"},\"image\":{\"@id\":\"https:\\\/\\\/radioljubuski.ba\\\/index.php\\\/2021\\\/12\\\/06\\\/preminuo-slavko-jelacic-jasar-vlasnik-poznatog-restorana-kod-gojka\\\/#primaryimage\"},\"thumbnailUrl\":\"https:\\\/\\\/radioljubuski.ba\\\/wp-content\\\/uploads\\\/2021\\\/12\\\/2-2021-12-06-10-54-45-slavko.jpg\",\"articleSection\":[\"BIH i regija\"],\"inLanguage\":\"hr\"},{\"@type\":\"WebPage\",\"@id\":\"https:\\\/\\\/radioljubuski.ba\\\/index.php\\\/2021\\\/12\\\/06\\\/preminuo-slavko-jelacic-jasar-vlasnik-poznatog-restorana-kod-gojka\\\/\",\"url\":\"https:\\\/\\\/radioljubuski.ba\\\/index.php\\\/2021\\\/12\\\/06\\\/preminuo-slavko-jelacic-jasar-vlasnik-poznatog-restorana-kod-gojka\\\/\",\"name\":\"Preminuo Slavko Jela\u010di\u0107 Ja\u0161ar, vlasnik poznatog restorana 'Kod Gojka' - RADIO LJUBU\u0160KI\",\"isPartOf\":{\"@id\":\"https:\\\/\\\/radioljubuski.ba\\\/#website\"},\"primaryImageOfPage\":{\"@id\":\"https:\\\/\\\/radioljubuski.ba\\\/index.php\\\/2021\\\/12\\\/06\\\/preminuo-slavko-jelacic-jasar-vlasnik-poznatog-restorana-kod-gojka\\\/#primaryimage\"},\"image\":{\"@id\":\"https:\\\/\\\/radioljubuski.ba\\\/index.php\\\/2021\\\/12\\\/06\\\/preminuo-slavko-jelacic-jasar-vlasnik-poznatog-restorana-kod-gojka\\\/#primaryimage\"},\"thumbnailUrl\":\"https:\\\/\\\/radioljubuski.ba\\\/wp-content\\\/uploads\\\/2021\\\/12\\\/2-2021-12-06-10-54-45-slavko.jpg\",\"datePublished\":\"2021-12-06T13:02:20+00:00\",\"breadcrumb\":{\"@id\":\"https:\\\/\\\/radioljubuski.ba\\\/index.php\\\/2021\\\/12\\\/06\\\/preminuo-slavko-jelacic-jasar-vlasnik-poznatog-restorana-kod-gojka\\\/#breadcrumb\"},\"inLanguage\":\"hr\",\"potentialAction\":[{\"@type\":\"ReadAction\",\"target\":[\"https:\\\/\\\/radioljubuski.ba\\\/index.php\\\/2021\\\/12\\\/06\\\/preminuo-slavko-jelacic-jasar-vlasnik-poznatog-restorana-kod-gojka\\\/\"]}]},{\"@type\":\"ImageObject\",\"inLanguage\":\"hr\",\"@id\":\"https:\\\/\\\/radioljubuski.ba\\\/index.php\\\/2021\\\/12\\\/06\\\/preminuo-slavko-jelacic-jasar-vlasnik-poznatog-restorana-kod-gojka\\\/#primaryimage\",\"url\":\"https:\\\/\\\/radioljubuski.ba\\\/wp-content\\\/uploads\\\/2021\\\/12\\\/2-2021-12-06-10-54-45-slavko.jpg\",\"contentUrl\":\"https:\\\/\\\/radioljubuski.ba\\\/wp-content\\\/uploads\\\/2021\\\/12\\\/2-2021-12-06-10-54-45-slavko.jpg\",\"width\":1000,\"height\":625},{\"@type\":\"BreadcrumbList\",\"@id\":\"https:\\\/\\\/radioljubuski.ba\\\/index.php\\\/2021\\\/12\\\/06\\\/preminuo-slavko-jelacic-jasar-vlasnik-poznatog-restorana-kod-gojka\\\/#breadcrumb\",\"itemListElement\":[{\"@type\":\"ListItem\",\"position\":1,\"name\":\"Po\u010detna stranica\",\"item\":\"https:\\\/\\\/radioljubuski.ba\\\/\"},{\"@type\":\"ListItem\",\"position\":2,\"name\":\"Preminuo Slavko Jela\u010di\u0107 Ja\u0161ar, vlasnik poznatog restorana &#8216;Kod Gojka&#8217;\"}]},{\"@type\":\"WebSite\",\"@id\":\"https:\\\/\\\/radioljubuski.ba\\\/#website\",\"url\":\"https:\\\/\\\/radioljubuski.ba\\\/\",\"name\":\"Radio Ljubu\u0161ki\",\"description\":\"Sun\u010dana frekvencija Hercegovine\",\"publisher\":{\"@id\":\"https:\\\/\\\/radioljubuski.ba\\\/#organization\"},\"potentialAction\":[{\"@type\":\"SearchAction\",\"target\":{\"@type\":\"EntryPoint\",\"urlTemplate\":\"https:\\\/\\\/radioljubuski.ba\\\/?s={search_term_string}\"},\"query-input\":{\"@type\":\"PropertyValueSpecification\",\"valueRequired\":true,\"valueName\":\"search_term_string\"}}],\"inLanguage\":\"hr\"},{\"@type\":\"Organization\",\"@id\":\"https:\\\/\\\/radioljubuski.ba\\\/#organization\",\"name\":\"Radio Ljubu\u0161ki\",\"url\":\"https:\\\/\\\/radioljubuski.ba\\\/\",\"logo\":{\"@type\":\"ImageObject\",\"inLanguage\":\"hr\",\"@id\":\"https:\\\/\\\/radioljubuski.ba\\\/#\\\/schema\\\/logo\\\/image\\\/\",\"url\":\"https:\\\/\\\/radioljubuski.ba\\\/wp-content\\\/uploads\\\/2021\\\/02\\\/cropped-Radio_Ljubuski_logo1.jpg\",\"contentUrl\":\"https:\\\/\\\/radioljubuski.ba\\\/wp-content\\\/uploads\\\/2021\\\/02\\\/cropped-Radio_Ljubuski_logo1.jpg\",\"width\":512,\"height\":512,\"caption\":\"Radio Ljubu\u0161ki\"},\"image\":{\"@id\":\"https:\\\/\\\/radioljubuski.ba\\\/#\\\/schema\\\/logo\\\/image\\\/\"},\"sameAs\":[\"https:\\\/\\\/www.facebook.com\\\/Radiio-Ljubuski-1490835324566332\",\"https:\\\/\\\/x.com\\\/radioljubuski\",\"https:\\\/\\\/hr.linkedin.com\\\/company\\\/radio-ljubuski\",\"https:\\\/\\\/www.youtube.com\\\/channel\\\/UCHYaeO_n0Db3tjNGudGpXyw\"]},{\"@type\":\"Person\",\"@id\":\"https:\\\/\\\/radioljubuski.ba\\\/#\\\/schema\\\/person\\\/19fc700381a780f69665d7956c469e3b\",\"name\":\"Radio Ljubu\u0161ki\"}]}<\/script>\n<!-- \/ Yoast SEO plugin. -->","yoast_head_json":{"title":"Preminuo Slavko Jela\u010di\u0107 Ja\u0161ar, vlasnik poznatog restorana 'Kod Gojka' - RADIO LJUBU\u0160KI","robots":{"index":"index","follow":"follow","max-snippet":"max-snippet:-1","max-image-preview":"max-image-preview:large","max-video-preview":"max-video-preview:-1"},"canonical":"https:\/\/radioljubuski.ba\/index.php\/2021\/12\/06\/preminuo-slavko-jelacic-jasar-vlasnik-poznatog-restorana-kod-gojka\/","og_locale":"hr_HR","og_type":"article","og_title":"Preminuo Slavko Jela\u010di\u0107 Ja\u0161ar, vlasnik poznatog restorana 'Kod Gojka' - RADIO LJUBU\u0160KI","og_description":"Na dru\u0161tvenim mre\u017eama prijatelji se opra\u0161taju od Slavka Jela\u010di\u0107a Ja\u0161ara, vlasnika poznatog restorana &#8220;Kod Gojka&#8221; u Jablanici. \u201cPo\u010divaj u miru, prijatelju, laka ti zemlja bila. R.I.P. Slavko Jela\u010di\u0107 Ja\u0161ar\u201d, napisao je na svom profilu na Facebooku biv\u0161i nogometni golman Velibor Pudar. Restoran \u201cLova\u010dki dom\u201d ili kako ga ve\u0107ina naziva \u2013 \u201cKod Gojka\u201d od otvaranja 1970-ih [&hellip;]","og_url":"https:\/\/radioljubuski.ba\/index.php\/2021\/12\/06\/preminuo-slavko-jelacic-jasar-vlasnik-poznatog-restorana-kod-gojka\/","og_site_name":"RADIO LJUBU\u0160KI","article_publisher":"https:\/\/www.facebook.com\/Radiio-Ljubuski-1490835324566332","article_published_time":"2021-12-06T13:02:20+00:00","og_image":[{"width":1000,"height":625,"url":"https:\/\/radioljubuski.ba\/wp-content\/uploads\/2021\/12\/2-2021-12-06-10-54-45-slavko.jpg","type":"image\/jpeg"}],"author":"Radio Ljubu\u0161ki","twitter_card":"summary_large_image","twitter_creator":"@radioljubuski","twitter_site":"@radioljubuski","twitter_misc":{"Napisao\/la":"Radio Ljubu\u0161ki","Procijenjeno vrijeme \u010ditanja":"1 minuta"},"schema":{"@context":"https:\/\/schema.org","@graph":[{"@type":"Article","@id":"https:\/\/radioljubuski.ba\/index.php\/2021\/12\/06\/preminuo-slavko-jelacic-jasar-vlasnik-poznatog-restorana-kod-gojka\/#article","isPartOf":{"@id":"https:\/\/radioljubuski.ba\/index.php\/2021\/12\/06\/preminuo-slavko-jelacic-jasar-vlasnik-poznatog-restorana-kod-gojka\/"},"author":{"name":"Radio Ljubu\u0161ki","@id":"https:\/\/radioljubuski.ba\/#\/schema\/person\/19fc700381a780f69665d7956c469e3b"},"headline":"Preminuo Slavko Jela\u010di\u0107 Ja\u0161ar, vlasnik poznatog restorana &#8216;Kod Gojka&#8217;","datePublished":"2021-12-06T13:02:20+00:00","mainEntityOfPage":{"@id":"https:\/\/radioljubuski.ba\/index.php\/2021\/12\/06\/preminuo-slavko-jelacic-jasar-vlasnik-poznatog-restorana-kod-gojka\/"},"wordCount":185,"publisher":{"@id":"https:\/\/radioljubuski.ba\/#organization"},"image":{"@id":"https:\/\/radioljubuski.ba\/index.php\/2021\/12\/06\/preminuo-slavko-jelacic-jasar-vlasnik-poznatog-restorana-kod-gojka\/#primaryimage"},"thumbnailUrl":"https:\/\/radioljubuski.ba\/wp-content\/uploads\/2021\/12\/2-2021-12-06-10-54-45-slavko.jpg","articleSection":["BIH i regija"],"inLanguage":"hr"},{"@type":"WebPage","@id":"https:\/\/radioljubuski.ba\/index.php\/2021\/12\/06\/preminuo-slavko-jelacic-jasar-vlasnik-poznatog-restorana-kod-gojka\/","url":"https:\/\/radioljubuski.ba\/index.php\/2021\/12\/06\/preminuo-slavko-jelacic-jasar-vlasnik-poznatog-restorana-kod-gojka\/","name":"Preminuo Slavko Jela\u010di\u0107 Ja\u0161ar, vlasnik poznatog restorana 'Kod Gojka' - RADIO LJUBU\u0160KI","isPartOf":{"@id":"https:\/\/radioljubuski.ba\/#website"},"primaryImageOfPage":{"@id":"https:\/\/radioljubuski.ba\/index.php\/2021\/12\/06\/preminuo-slavko-jelacic-jasar-vlasnik-poznatog-restorana-kod-gojka\/#primaryimage"},"image":{"@id":"https:\/\/radioljubuski.ba\/index.php\/2021\/12\/06\/preminuo-slavko-jelacic-jasar-vlasnik-poznatog-restorana-kod-gojka\/#primaryimage"},"thumbnailUrl":"https:\/\/radioljubuski.ba\/wp-content\/uploads\/2021\/12\/2-2021-12-06-10-54-45-slavko.jpg","datePublished":"2021-12-06T13:02:20+00:00","breadcrumb":{"@id":"https:\/\/radioljubuski.ba\/index.php\/2021\/12\/06\/preminuo-slavko-jelacic-jasar-vlasnik-poznatog-restorana-kod-gojka\/#breadcrumb"},"inLanguage":"hr","potentialAction":[{"@type":"ReadAction","target":["https:\/\/radioljubuski.ba\/index.php\/2021\/12\/06\/preminuo-slavko-jelacic-jasar-vlasnik-poznatog-restorana-kod-gojka\/"]}]},{"@type":"ImageObject","inLanguage":"hr","@id":"https:\/\/radioljubuski.ba\/index.php\/2021\/12\/06\/preminuo-slavko-jelacic-jasar-vlasnik-poznatog-restorana-kod-gojka\/#primaryimage","url":"https:\/\/radioljubuski.ba\/wp-content\/uploads\/2021\/12\/2-2021-12-06-10-54-45-slavko.jpg","contentUrl":"https:\/\/radioljubuski.ba\/wp-content\/uploads\/2021\/12\/2-2021-12-06-10-54-45-slavko.jpg","width":1000,"height":625},{"@type":"BreadcrumbList","@id":"https:\/\/radioljubuski.ba\/index.php\/2021\/12\/06\/preminuo-slavko-jelacic-jasar-vlasnik-poznatog-restorana-kod-gojka\/#breadcrumb","itemListElement":[{"@type":"ListItem","position":1,"name":"Po\u010detna stranica","item":"https:\/\/radioljubuski.ba\/"},{"@type":"ListItem","position":2,"name":"Preminuo Slavko Jela\u010di\u0107 Ja\u0161ar, vlasnik poznatog restorana &#8216;Kod Gojka&#8217;"}]},{"@type":"WebSite","@id":"https:\/\/radioljubuski.ba\/#website","url":"https:\/\/radioljubuski.ba\/","name":"Radio Ljubu\u0161ki","description":"Sun\u010dana frekvencija Hercegovine","publisher":{"@id":"https:\/\/radioljubuski.ba\/#organization"},"potentialAction":[{"@type":"SearchAction","target":{"@type":"EntryPoint","urlTemplate":"https:\/\/radioljubuski.ba\/?s={search_term_string}"},"query-input":{"@type":"PropertyValueSpecification","valueRequired":true,"valueName":"search_term_string"}}],"inLanguage":"hr"},{"@type":"Organization","@id":"https:\/\/radioljubuski.ba\/#organization","name":"Radio Ljubu\u0161ki","url":"https:\/\/radioljubuski.ba\/","logo":{"@type":"ImageObject","inLanguage":"hr","@id":"https:\/\/radioljubuski.ba\/#\/schema\/logo\/image\/","url":"https:\/\/radioljubuski.ba\/wp-content\/uploads\/2021\/02\/cropped-Radio_Ljubuski_logo1.jpg","contentUrl":"https:\/\/radioljubuski.ba\/wp-content\/uploads\/2021\/02\/cropped-Radio_Ljubuski_logo1.jpg","width":512,"height":512,"caption":"Radio Ljubu\u0161ki"},"image":{"@id":"https:\/\/radioljubuski.ba\/#\/schema\/logo\/image\/"},"sameAs":["https:\/\/www.facebook.com\/Radiio-Ljubuski-1490835324566332","https:\/\/x.com\/radioljubuski","https:\/\/hr.linkedin.com\/company\/radio-ljubuski","https:\/\/www.youtube.com\/channel\/UCHYaeO_n0Db3tjNGudGpXyw"]},{"@type":"Person","@id":"https:\/\/radioljubuski.ba\/#\/schema\/person\/19fc700381a780f69665d7956c469e3b","name":"Radio Ljubu\u0161ki"}]}},"_links":{"self":[{"href":"https:\/\/radioljubuski.ba\/index.php\/wp-json\/wp\/v2\/posts\/96537","targetHints":{"allow":["GET"]}}],"collection":[{"href":"https:\/\/radioljubuski.ba\/index.php\/wp-json\/wp\/v2\/posts"}],"about":[{"href":"https:\/\/radioljubuski.ba\/index.php\/wp-json\/wp\/v2\/types\/post"}],"author":[{"embeddable":true,"href":"https:\/\/radioljubuski.ba\/index.php\/wp-json\/wp\/v2\/users\/2"}],"replies":[{"embeddable":true,"href":"https:\/\/radioljubuski.ba\/index.php\/wp-json\/wp\/v2\/comments?post=96537"}],"version-history":[{"count":1,"href":"https:\/\/radioljubuski.ba\/index.php\/wp-json\/wp\/v2\/posts\/96537\/revisions"}],"predecessor-version":[{"id":96539,"href":"https:\/\/radioljubuski.ba\/index.php\/wp-json\/wp\/v2\/posts\/96537\/revisions\/96539"}],"wp:featuredmedia":[{"embeddable":true,"href":"https:\/\/radioljubuski.ba\/index.php\/wp-json\/wp\/v2\/media\/96538"}],"wp:attachment":[{"href":"https:\/\/radioljubuski.ba\/index.php\/wp-json\/wp\/v2\/media?parent=96537"}],"wp:term":[{"taxonomy":"category","embeddable":true,"href":"https:\/\/radioljubuski.ba\/index.php\/wp-json\/wp\/v2\/categories?post=96537"},{"taxonomy":"post_tag","embeddable":true,"href":"https:\/\/radioljubuski.ba\/index.php\/wp-json\/wp\/v2\/tags?post=96537"}],"curies":[{"name":"wp","href":"https:\/\/api.w.org\/{rel}","templated":true}]}}