{"id":96547,"date":"2021-12-06T14:07:40","date_gmt":"2021-12-06T13:07:40","guid":{"rendered":"https:\/\/radioljubuski.ba\/?p=96547"},"modified":"2021-12-06T14:07:41","modified_gmt":"2021-12-06T13:07:41","slug":"na-popularno-sankanje-na-vlasicu-mogu-samo-cijepljeni-testirani-ili-koji-su-preboljeli-koronu","status":"publish","type":"post","link":"https:\/\/radioljubuski.ba\/index.php\/2021\/12\/06\/na-popularno-sankanje-na-vlasicu-mogu-samo-cijepljeni-testirani-ili-koji-su-preboljeli-koronu\/","title":{"rendered":"Na popularno \u201c\u0160ankanje\u201d na Vla\u0161i\u0107u mogu samo cijepljeni, testirani ili koji su preboljeli koronu"},"content":{"rendered":"\n<p>Zimska turisti\u010dka sezona na podru\u010dju \u017dupanije Sredi\u0161nja Bosna (\u017dSB) bit \u0107e slu\u017ebeno otvorena u petak, 10. prosinca, na Vla\u0161i\u0107u.<\/p>\n\n\n\n<p>Iz Turisti\u010dke zajednice \u017dSB isti\u010du da posjetitelje na Vla\u0161i\u0107u, u razdoblju od 10. do 12. prosinca, uz zabavan dnevni program, dru\u017eenje s Djeda Mrazom i igre bez granica na snijegu te koncerte najpopularnijih glazbenih zvijezda iz regije, o\u010dekuje najve\u0107i ski opening ove zime u BiH.<\/p>\n\n\n\n<p>Deseto jubilarno izdanje najve\u0107eg zimskog festivala u BiH, popularno \u201e\u0160ankanje\u201c, ove godine na Vla\u0161i\u0107 dovodi regionalne glazbene zvijezde Milicu Pavlovi\u0107, Sa\u0161u Mati\u0107a, Nata\u0161u Bekvalac i Amela \u0106uri\u0107a.<\/p>\n\n\n\n<p>&#8211; Ljubitelje zimskih sportova i dobre zabave i ove zimske turisti\u010dke sezone na Vla\u0161i\u0107u o\u010dekuju brojni vrhunski do\u017eivljaji prilago\u0111eni svim generacijama. Zanimljiv sportsko-zabavni program sasvim sigurno osigurat \u0107e nezaboravan provod na planini &#8211; kazao je direktor turisti\u010dke agencije Sol Azur-Buena Vista Armin Alijagi\u0107.<\/p>\n\n\n\n<p>S obzirom na aktualnu epidemiolo\u0161ku situaciju te imaju\u0107i u vidu zanimanje i dolazak brojnih gostiju iz Bosne i Hercegovine, ali i zemalja okru\u017eja, Vla\u0161i\u0107 se prilagodio situaciji koju je nametnula pandemija covid-19, te je nagla\u0161ena va\u017enost po\u0161tivanja protokola vezanih za covid-19 kako bi se svi ljubitelji zimskih sportova osje\u0107ali sigurno.<\/p>\n\n\n\n<p>Alijagi\u0107 je dodao kako \u0107e \u201e\u0160ankanju\u201d mo\u0107i prisustvovati samo osobe koje su preboljele koronavirus, kao i cijepljeni ili testirani posjetitelji.<\/p>\n\n\n\n<p>Kao jo\u0161 jedan vid dodatne za\u0161tite, pored punkta za testiranje na covid-19, na samom ulazu u Solazur arenu, postavljena je termalna kamera koja \u0107e detektirati povi\u0161enu tjelesnu temperaturu u stvarnom vremenu.<\/p>\n\n\n\n<p>&#8211; Pred svim dionicima turisti\u010dke destinacije je na\u017ealost i ove godine bio veliki zadatak i izazov kako bismo svim ljubiteljima zimskog do\u017eivljaja omogu\u0107ili, prije svega, siguran boravak na ovom podru\u010dju. Nadam se da smo svi zajedno, kako turisti\u010dki djelatnici, tako i posjetitelji zapravo mnogo toga nau\u010dili iz prethodnog perioda, te da bismo trebali biti dosta odgovorniji prilikom posjeta planinskim centrima &#8211; kazao je ravnatelj Turisti\u010dkog ureda Turisti\u010dke zajednice \u017dSB Miroslav Mato\u0161evi\u0107.<\/p>\n\n\n\n<p>Mato\u0161evi\u0107 je tako\u0111er istaknuo da su danas skijali\u0161ta u Sredi\u0161njoj Bosni veoma konkurentna zimska odredi\u0161ta i popularne zimske turisti\u010dke destinacije koje zauzimaju va\u017eno mjesto na turisti\u010dkoj mapi Bosne i Hercegovine. Pored Ski centra Vla\u0161i\u0107 na podru\u010dju \u017dupanije Sredi\u0161nja Bosna jo\u0161 je \u0161est skijali\u0161ta manjeg kapaciteta koja nude vrhunske zimske do\u017eivljaje.<\/p>\n\n\n\n<p>Izvor:pogled.ba<\/p>\n","protected":false},"excerpt":{"rendered":"<p>Zimska turisti\u010dka sezona na podru\u010dju \u017dupanije Sredi\u0161nja Bosna (\u017dSB) bit \u0107e slu\u017ebeno otvorena u petak, 10. prosinca, na Vla\u0161i\u0107u. Iz Turisti\u010dke zajednice \u017dSB isti\u010du da posjetitelje na Vla\u0161i\u0107u, u razdoblju od 10. do 12. prosinca, uz zabavan dnevni program, dru\u017eenje s Djeda Mrazom i igre bez granica na snijegu te koncerte najpopularnijih glazbenih zvijezda iz [&hellip;]<\/p>\n","protected":false},"author":2,"featured_media":96548,"comment_status":"closed","ping_status":"closed","sticky":false,"template":"","format":"standard","meta":{"h5ap_radio_sources":[],"footnotes":""},"categories":[1],"tags":[],"class_list":["post-96547","post","type-post","status-publish","format-standard","has-post-thumbnail","hentry","category-bihiregija"],"yoast_head":"<!-- This site is optimized with the Yoast SEO plugin v27.5 - https:\/\/yoast.com\/product\/yoast-seo-wordpress\/ -->\n<title>Na popularno \u201c\u0160ankanje\u201d na Vla\u0161i\u0107u mogu samo cijepljeni, testirani ili koji su preboljeli koronu - RADIO LJUBU\u0160KI<\/title>\n<meta name=\"robots\" content=\"index, follow, max-snippet:-1, max-image-preview:large, max-video-preview:-1\" \/>\n<link rel=\"canonical\" href=\"https:\/\/radioljubuski.ba\/index.php\/2021\/12\/06\/na-popularno-sankanje-na-vlasicu-mogu-samo-cijepljeni-testirani-ili-koji-su-preboljeli-koronu\/\" \/>\n<meta property=\"og:locale\" content=\"hr_HR\" \/>\n<meta property=\"og:type\" content=\"article\" \/>\n<meta property=\"og:title\" content=\"Na popularno \u201c\u0160ankanje\u201d na Vla\u0161i\u0107u mogu samo cijepljeni, testirani ili koji su preboljeli koronu - RADIO LJUBU\u0160KI\" \/>\n<meta property=\"og:description\" content=\"Zimska turisti\u010dka sezona na podru\u010dju \u017dupanije Sredi\u0161nja Bosna (\u017dSB) bit \u0107e slu\u017ebeno otvorena u petak, 10. prosinca, na Vla\u0161i\u0107u. Iz Turisti\u010dke zajednice \u017dSB isti\u010du da posjetitelje na Vla\u0161i\u0107u, u razdoblju od 10. do 12. prosinca, uz zabavan dnevni program, dru\u017eenje s Djeda Mrazom i igre bez granica na snijegu te koncerte najpopularnijih glazbenih zvijezda iz [&hellip;]\" \/>\n<meta property=\"og:url\" content=\"https:\/\/radioljubuski.ba\/index.php\/2021\/12\/06\/na-popularno-sankanje-na-vlasicu-mogu-samo-cijepljeni-testirani-ili-koji-su-preboljeli-koronu\/\" \/>\n<meta property=\"og:site_name\" content=\"RADIO LJUBU\u0160KI\" \/>\n<meta property=\"article:publisher\" content=\"https:\/\/www.facebook.com\/Radiio-Ljubuski-1490835324566332\" \/>\n<meta property=\"article:published_time\" content=\"2021-12-06T13:07:40+00:00\" \/>\n<meta property=\"article:modified_time\" content=\"2021-12-06T13:07:41+00:00\" \/>\n<meta property=\"og:image\" content=\"https:\/\/radioljubuski.ba\/wp-content\/uploads\/2021\/12\/8-2021-12-06-11-55-24-vlasic.jpg\" \/>\n\t<meta property=\"og:image:width\" content=\"1000\" \/>\n\t<meta property=\"og:image:height\" content=\"625\" \/>\n\t<meta property=\"og:image:type\" content=\"image\/jpeg\" \/>\n<meta name=\"author\" content=\"Radio Ljubu\u0161ki\" \/>\n<meta name=\"twitter:card\" content=\"summary_large_image\" \/>\n<meta name=\"twitter:creator\" content=\"@radioljubuski\" \/>\n<meta name=\"twitter:site\" content=\"@radioljubuski\" \/>\n<meta name=\"twitter:label1\" content=\"Napisao\/la\" \/>\n\t<meta name=\"twitter:data1\" content=\"Radio Ljubu\u0161ki\" \/>\n\t<meta name=\"twitter:label2\" content=\"Procijenjeno vrijeme \u010ditanja\" \/>\n\t<meta name=\"twitter:data2\" content=\"2 minute\" \/>\n<script type=\"application\/ld+json\" class=\"yoast-schema-graph\">{\"@context\":\"https:\\\/\\\/schema.org\",\"@graph\":[{\"@type\":\"Article\",\"@id\":\"https:\\\/\\\/radioljubuski.ba\\\/index.php\\\/2021\\\/12\\\/06\\\/na-popularno-sankanje-na-vlasicu-mogu-samo-cijepljeni-testirani-ili-koji-su-preboljeli-koronu\\\/#article\",\"isPartOf\":{\"@id\":\"https:\\\/\\\/radioljubuski.ba\\\/index.php\\\/2021\\\/12\\\/06\\\/na-popularno-sankanje-na-vlasicu-mogu-samo-cijepljeni-testirani-ili-koji-su-preboljeli-koronu\\\/\"},\"author\":{\"name\":\"Radio Ljubu\u0161ki\",\"@id\":\"https:\\\/\\\/radioljubuski.ba\\\/#\\\/schema\\\/person\\\/19fc700381a780f69665d7956c469e3b\"},\"headline\":\"Na popularno \u201c\u0160ankanje\u201d na Vla\u0161i\u0107u mogu samo cijepljeni, testirani ili koji su preboljeli koronu\",\"datePublished\":\"2021-12-06T13:07:40+00:00\",\"dateModified\":\"2021-12-06T13:07:41+00:00\",\"mainEntityOfPage\":{\"@id\":\"https:\\\/\\\/radioljubuski.ba\\\/index.php\\\/2021\\\/12\\\/06\\\/na-popularno-sankanje-na-vlasicu-mogu-samo-cijepljeni-testirani-ili-koji-su-preboljeli-koronu\\\/\"},\"wordCount\":432,\"publisher\":{\"@id\":\"https:\\\/\\\/radioljubuski.ba\\\/#organization\"},\"image\":{\"@id\":\"https:\\\/\\\/radioljubuski.ba\\\/index.php\\\/2021\\\/12\\\/06\\\/na-popularno-sankanje-na-vlasicu-mogu-samo-cijepljeni-testirani-ili-koji-su-preboljeli-koronu\\\/#primaryimage\"},\"thumbnailUrl\":\"https:\\\/\\\/radioljubuski.ba\\\/wp-content\\\/uploads\\\/2021\\\/12\\\/8-2021-12-06-11-55-24-vlasic.jpg\",\"articleSection\":[\"BIH i regija\"],\"inLanguage\":\"hr\"},{\"@type\":\"WebPage\",\"@id\":\"https:\\\/\\\/radioljubuski.ba\\\/index.php\\\/2021\\\/12\\\/06\\\/na-popularno-sankanje-na-vlasicu-mogu-samo-cijepljeni-testirani-ili-koji-su-preboljeli-koronu\\\/\",\"url\":\"https:\\\/\\\/radioljubuski.ba\\\/index.php\\\/2021\\\/12\\\/06\\\/na-popularno-sankanje-na-vlasicu-mogu-samo-cijepljeni-testirani-ili-koji-su-preboljeli-koronu\\\/\",\"name\":\"Na popularno \u201c\u0160ankanje\u201d na Vla\u0161i\u0107u mogu samo cijepljeni, testirani ili koji su preboljeli koronu - RADIO LJUBU\u0160KI\",\"isPartOf\":{\"@id\":\"https:\\\/\\\/radioljubuski.ba\\\/#website\"},\"primaryImageOfPage\":{\"@id\":\"https:\\\/\\\/radioljubuski.ba\\\/index.php\\\/2021\\\/12\\\/06\\\/na-popularno-sankanje-na-vlasicu-mogu-samo-cijepljeni-testirani-ili-koji-su-preboljeli-koronu\\\/#primaryimage\"},\"image\":{\"@id\":\"https:\\\/\\\/radioljubuski.ba\\\/index.php\\\/2021\\\/12\\\/06\\\/na-popularno-sankanje-na-vlasicu-mogu-samo-cijepljeni-testirani-ili-koji-su-preboljeli-koronu\\\/#primaryimage\"},\"thumbnailUrl\":\"https:\\\/\\\/radioljubuski.ba\\\/wp-content\\\/uploads\\\/2021\\\/12\\\/8-2021-12-06-11-55-24-vlasic.jpg\",\"datePublished\":\"2021-12-06T13:07:40+00:00\",\"dateModified\":\"2021-12-06T13:07:41+00:00\",\"breadcrumb\":{\"@id\":\"https:\\\/\\\/radioljubuski.ba\\\/index.php\\\/2021\\\/12\\\/06\\\/na-popularno-sankanje-na-vlasicu-mogu-samo-cijepljeni-testirani-ili-koji-su-preboljeli-koronu\\\/#breadcrumb\"},\"inLanguage\":\"hr\",\"potentialAction\":[{\"@type\":\"ReadAction\",\"target\":[\"https:\\\/\\\/radioljubuski.ba\\\/index.php\\\/2021\\\/12\\\/06\\\/na-popularno-sankanje-na-vlasicu-mogu-samo-cijepljeni-testirani-ili-koji-su-preboljeli-koronu\\\/\"]}]},{\"@type\":\"ImageObject\",\"inLanguage\":\"hr\",\"@id\":\"https:\\\/\\\/radioljubuski.ba\\\/index.php\\\/2021\\\/12\\\/06\\\/na-popularno-sankanje-na-vlasicu-mogu-samo-cijepljeni-testirani-ili-koji-su-preboljeli-koronu\\\/#primaryimage\",\"url\":\"https:\\\/\\\/radioljubuski.ba\\\/wp-content\\\/uploads\\\/2021\\\/12\\\/8-2021-12-06-11-55-24-vlasic.jpg\",\"contentUrl\":\"https:\\\/\\\/radioljubuski.ba\\\/wp-content\\\/uploads\\\/2021\\\/12\\\/8-2021-12-06-11-55-24-vlasic.jpg\",\"width\":1000,\"height\":625},{\"@type\":\"BreadcrumbList\",\"@id\":\"https:\\\/\\\/radioljubuski.ba\\\/index.php\\\/2021\\\/12\\\/06\\\/na-popularno-sankanje-na-vlasicu-mogu-samo-cijepljeni-testirani-ili-koji-su-preboljeli-koronu\\\/#breadcrumb\",\"itemListElement\":[{\"@type\":\"ListItem\",\"position\":1,\"name\":\"Po\u010detna stranica\",\"item\":\"https:\\\/\\\/radioljubuski.ba\\\/\"},{\"@type\":\"ListItem\",\"position\":2,\"name\":\"Na popularno \u201c\u0160ankanje\u201d na Vla\u0161i\u0107u mogu samo cijepljeni, testirani ili koji su preboljeli koronu\"}]},{\"@type\":\"WebSite\",\"@id\":\"https:\\\/\\\/radioljubuski.ba\\\/#website\",\"url\":\"https:\\\/\\\/radioljubuski.ba\\\/\",\"name\":\"Radio Ljubu\u0161ki\",\"description\":\"Sun\u010dana frekvencija Hercegovine\",\"publisher\":{\"@id\":\"https:\\\/\\\/radioljubuski.ba\\\/#organization\"},\"potentialAction\":[{\"@type\":\"SearchAction\",\"target\":{\"@type\":\"EntryPoint\",\"urlTemplate\":\"https:\\\/\\\/radioljubuski.ba\\\/?s={search_term_string}\"},\"query-input\":{\"@type\":\"PropertyValueSpecification\",\"valueRequired\":true,\"valueName\":\"search_term_string\"}}],\"inLanguage\":\"hr\"},{\"@type\":\"Organization\",\"@id\":\"https:\\\/\\\/radioljubuski.ba\\\/#organization\",\"name\":\"Radio Ljubu\u0161ki\",\"url\":\"https:\\\/\\\/radioljubuski.ba\\\/\",\"logo\":{\"@type\":\"ImageObject\",\"inLanguage\":\"hr\",\"@id\":\"https:\\\/\\\/radioljubuski.ba\\\/#\\\/schema\\\/logo\\\/image\\\/\",\"url\":\"https:\\\/\\\/radioljubuski.ba\\\/wp-content\\\/uploads\\\/2021\\\/02\\\/cropped-Radio_Ljubuski_logo1.jpg\",\"contentUrl\":\"https:\\\/\\\/radioljubuski.ba\\\/wp-content\\\/uploads\\\/2021\\\/02\\\/cropped-Radio_Ljubuski_logo1.jpg\",\"width\":512,\"height\":512,\"caption\":\"Radio Ljubu\u0161ki\"},\"image\":{\"@id\":\"https:\\\/\\\/radioljubuski.ba\\\/#\\\/schema\\\/logo\\\/image\\\/\"},\"sameAs\":[\"https:\\\/\\\/www.facebook.com\\\/Radiio-Ljubuski-1490835324566332\",\"https:\\\/\\\/x.com\\\/radioljubuski\",\"https:\\\/\\\/hr.linkedin.com\\\/company\\\/radio-ljubuski\",\"https:\\\/\\\/www.youtube.com\\\/channel\\\/UCHYaeO_n0Db3tjNGudGpXyw\"]},{\"@type\":\"Person\",\"@id\":\"https:\\\/\\\/radioljubuski.ba\\\/#\\\/schema\\\/person\\\/19fc700381a780f69665d7956c469e3b\",\"name\":\"Radio Ljubu\u0161ki\"}]}<\/script>\n<!-- \/ Yoast SEO plugin. -->","yoast_head_json":{"title":"Na popularno \u201c\u0160ankanje\u201d na Vla\u0161i\u0107u mogu samo cijepljeni, testirani ili koji su preboljeli koronu - RADIO LJUBU\u0160KI","robots":{"index":"index","follow":"follow","max-snippet":"max-snippet:-1","max-image-preview":"max-image-preview:large","max-video-preview":"max-video-preview:-1"},"canonical":"https:\/\/radioljubuski.ba\/index.php\/2021\/12\/06\/na-popularno-sankanje-na-vlasicu-mogu-samo-cijepljeni-testirani-ili-koji-su-preboljeli-koronu\/","og_locale":"hr_HR","og_type":"article","og_title":"Na popularno \u201c\u0160ankanje\u201d na Vla\u0161i\u0107u mogu samo cijepljeni, testirani ili koji su preboljeli koronu - RADIO LJUBU\u0160KI","og_description":"Zimska turisti\u010dka sezona na podru\u010dju \u017dupanije Sredi\u0161nja Bosna (\u017dSB) bit \u0107e slu\u017ebeno otvorena u petak, 10. prosinca, na Vla\u0161i\u0107u. Iz Turisti\u010dke zajednice \u017dSB isti\u010du da posjetitelje na Vla\u0161i\u0107u, u razdoblju od 10. do 12. prosinca, uz zabavan dnevni program, dru\u017eenje s Djeda Mrazom i igre bez granica na snijegu te koncerte najpopularnijih glazbenih zvijezda iz [&hellip;]","og_url":"https:\/\/radioljubuski.ba\/index.php\/2021\/12\/06\/na-popularno-sankanje-na-vlasicu-mogu-samo-cijepljeni-testirani-ili-koji-su-preboljeli-koronu\/","og_site_name":"RADIO LJUBU\u0160KI","article_publisher":"https:\/\/www.facebook.com\/Radiio-Ljubuski-1490835324566332","article_published_time":"2021-12-06T13:07:40+00:00","article_modified_time":"2021-12-06T13:07:41+00:00","og_image":[{"width":1000,"height":625,"url":"https:\/\/radioljubuski.ba\/wp-content\/uploads\/2021\/12\/8-2021-12-06-11-55-24-vlasic.jpg","type":"image\/jpeg"}],"author":"Radio Ljubu\u0161ki","twitter_card":"summary_large_image","twitter_creator":"@radioljubuski","twitter_site":"@radioljubuski","twitter_misc":{"Napisao\/la":"Radio Ljubu\u0161ki","Procijenjeno vrijeme \u010ditanja":"2 minute"},"schema":{"@context":"https:\/\/schema.org","@graph":[{"@type":"Article","@id":"https:\/\/radioljubuski.ba\/index.php\/2021\/12\/06\/na-popularno-sankanje-na-vlasicu-mogu-samo-cijepljeni-testirani-ili-koji-su-preboljeli-koronu\/#article","isPartOf":{"@id":"https:\/\/radioljubuski.ba\/index.php\/2021\/12\/06\/na-popularno-sankanje-na-vlasicu-mogu-samo-cijepljeni-testirani-ili-koji-su-preboljeli-koronu\/"},"author":{"name":"Radio Ljubu\u0161ki","@id":"https:\/\/radioljubuski.ba\/#\/schema\/person\/19fc700381a780f69665d7956c469e3b"},"headline":"Na popularno \u201c\u0160ankanje\u201d na Vla\u0161i\u0107u mogu samo cijepljeni, testirani ili koji su preboljeli koronu","datePublished":"2021-12-06T13:07:40+00:00","dateModified":"2021-12-06T13:07:41+00:00","mainEntityOfPage":{"@id":"https:\/\/radioljubuski.ba\/index.php\/2021\/12\/06\/na-popularno-sankanje-na-vlasicu-mogu-samo-cijepljeni-testirani-ili-koji-su-preboljeli-koronu\/"},"wordCount":432,"publisher":{"@id":"https:\/\/radioljubuski.ba\/#organization"},"image":{"@id":"https:\/\/radioljubuski.ba\/index.php\/2021\/12\/06\/na-popularno-sankanje-na-vlasicu-mogu-samo-cijepljeni-testirani-ili-koji-su-preboljeli-koronu\/#primaryimage"},"thumbnailUrl":"https:\/\/radioljubuski.ba\/wp-content\/uploads\/2021\/12\/8-2021-12-06-11-55-24-vlasic.jpg","articleSection":["BIH i regija"],"inLanguage":"hr"},{"@type":"WebPage","@id":"https:\/\/radioljubuski.ba\/index.php\/2021\/12\/06\/na-popularno-sankanje-na-vlasicu-mogu-samo-cijepljeni-testirani-ili-koji-su-preboljeli-koronu\/","url":"https:\/\/radioljubuski.ba\/index.php\/2021\/12\/06\/na-popularno-sankanje-na-vlasicu-mogu-samo-cijepljeni-testirani-ili-koji-su-preboljeli-koronu\/","name":"Na popularno \u201c\u0160ankanje\u201d na Vla\u0161i\u0107u mogu samo cijepljeni, testirani ili koji su preboljeli koronu - RADIO LJUBU\u0160KI","isPartOf":{"@id":"https:\/\/radioljubuski.ba\/#website"},"primaryImageOfPage":{"@id":"https:\/\/radioljubuski.ba\/index.php\/2021\/12\/06\/na-popularno-sankanje-na-vlasicu-mogu-samo-cijepljeni-testirani-ili-koji-su-preboljeli-koronu\/#primaryimage"},"image":{"@id":"https:\/\/radioljubuski.ba\/index.php\/2021\/12\/06\/na-popularno-sankanje-na-vlasicu-mogu-samo-cijepljeni-testirani-ili-koji-su-preboljeli-koronu\/#primaryimage"},"thumbnailUrl":"https:\/\/radioljubuski.ba\/wp-content\/uploads\/2021\/12\/8-2021-12-06-11-55-24-vlasic.jpg","datePublished":"2021-12-06T13:07:40+00:00","dateModified":"2021-12-06T13:07:41+00:00","breadcrumb":{"@id":"https:\/\/radioljubuski.ba\/index.php\/2021\/12\/06\/na-popularno-sankanje-na-vlasicu-mogu-samo-cijepljeni-testirani-ili-koji-su-preboljeli-koronu\/#breadcrumb"},"inLanguage":"hr","potentialAction":[{"@type":"ReadAction","target":["https:\/\/radioljubuski.ba\/index.php\/2021\/12\/06\/na-popularno-sankanje-na-vlasicu-mogu-samo-cijepljeni-testirani-ili-koji-su-preboljeli-koronu\/"]}]},{"@type":"ImageObject","inLanguage":"hr","@id":"https:\/\/radioljubuski.ba\/index.php\/2021\/12\/06\/na-popularno-sankanje-na-vlasicu-mogu-samo-cijepljeni-testirani-ili-koji-su-preboljeli-koronu\/#primaryimage","url":"https:\/\/radioljubuski.ba\/wp-content\/uploads\/2021\/12\/8-2021-12-06-11-55-24-vlasic.jpg","contentUrl":"https:\/\/radioljubuski.ba\/wp-content\/uploads\/2021\/12\/8-2021-12-06-11-55-24-vlasic.jpg","width":1000,"height":625},{"@type":"BreadcrumbList","@id":"https:\/\/radioljubuski.ba\/index.php\/2021\/12\/06\/na-popularno-sankanje-na-vlasicu-mogu-samo-cijepljeni-testirani-ili-koji-su-preboljeli-koronu\/#breadcrumb","itemListElement":[{"@type":"ListItem","position":1,"name":"Po\u010detna stranica","item":"https:\/\/radioljubuski.ba\/"},{"@type":"ListItem","position":2,"name":"Na popularno \u201c\u0160ankanje\u201d na Vla\u0161i\u0107u mogu samo cijepljeni, testirani ili koji su preboljeli koronu"}]},{"@type":"WebSite","@id":"https:\/\/radioljubuski.ba\/#website","url":"https:\/\/radioljubuski.ba\/","name":"Radio Ljubu\u0161ki","description":"Sun\u010dana frekvencija Hercegovine","publisher":{"@id":"https:\/\/radioljubuski.ba\/#organization"},"potentialAction":[{"@type":"SearchAction","target":{"@type":"EntryPoint","urlTemplate":"https:\/\/radioljubuski.ba\/?s={search_term_string}"},"query-input":{"@type":"PropertyValueSpecification","valueRequired":true,"valueName":"search_term_string"}}],"inLanguage":"hr"},{"@type":"Organization","@id":"https:\/\/radioljubuski.ba\/#organization","name":"Radio Ljubu\u0161ki","url":"https:\/\/radioljubuski.ba\/","logo":{"@type":"ImageObject","inLanguage":"hr","@id":"https:\/\/radioljubuski.ba\/#\/schema\/logo\/image\/","url":"https:\/\/radioljubuski.ba\/wp-content\/uploads\/2021\/02\/cropped-Radio_Ljubuski_logo1.jpg","contentUrl":"https:\/\/radioljubuski.ba\/wp-content\/uploads\/2021\/02\/cropped-Radio_Ljubuski_logo1.jpg","width":512,"height":512,"caption":"Radio Ljubu\u0161ki"},"image":{"@id":"https:\/\/radioljubuski.ba\/#\/schema\/logo\/image\/"},"sameAs":["https:\/\/www.facebook.com\/Radiio-Ljubuski-1490835324566332","https:\/\/x.com\/radioljubuski","https:\/\/hr.linkedin.com\/company\/radio-ljubuski","https:\/\/www.youtube.com\/channel\/UCHYaeO_n0Db3tjNGudGpXyw"]},{"@type":"Person","@id":"https:\/\/radioljubuski.ba\/#\/schema\/person\/19fc700381a780f69665d7956c469e3b","name":"Radio Ljubu\u0161ki"}]}},"_links":{"self":[{"href":"https:\/\/radioljubuski.ba\/index.php\/wp-json\/wp\/v2\/posts\/96547","targetHints":{"allow":["GET"]}}],"collection":[{"href":"https:\/\/radioljubuski.ba\/index.php\/wp-json\/wp\/v2\/posts"}],"about":[{"href":"https:\/\/radioljubuski.ba\/index.php\/wp-json\/wp\/v2\/types\/post"}],"author":[{"embeddable":true,"href":"https:\/\/radioljubuski.ba\/index.php\/wp-json\/wp\/v2\/users\/2"}],"replies":[{"embeddable":true,"href":"https:\/\/radioljubuski.ba\/index.php\/wp-json\/wp\/v2\/comments?post=96547"}],"version-history":[{"count":1,"href":"https:\/\/radioljubuski.ba\/index.php\/wp-json\/wp\/v2\/posts\/96547\/revisions"}],"predecessor-version":[{"id":96549,"href":"https:\/\/radioljubuski.ba\/index.php\/wp-json\/wp\/v2\/posts\/96547\/revisions\/96549"}],"wp:featuredmedia":[{"embeddable":true,"href":"https:\/\/radioljubuski.ba\/index.php\/wp-json\/wp\/v2\/media\/96548"}],"wp:attachment":[{"href":"https:\/\/radioljubuski.ba\/index.php\/wp-json\/wp\/v2\/media?parent=96547"}],"wp:term":[{"taxonomy":"category","embeddable":true,"href":"https:\/\/radioljubuski.ba\/index.php\/wp-json\/wp\/v2\/categories?post=96547"},{"taxonomy":"post_tag","embeddable":true,"href":"https:\/\/radioljubuski.ba\/index.php\/wp-json\/wp\/v2\/tags?post=96547"}],"curies":[{"name":"wp","href":"https:\/\/api.w.org\/{rel}","templated":true}]}}